{"id":170187,"date":"2026-05-17T11:34:48","date_gmt":"2026-05-17T09:34:48","guid":{"rendered":"https:\/\/www.bellunopress.it\/?p=170187"},"modified":"2026-05-17T11:34:48","modified_gmt":"2026-05-17T09:34:48","slug":"feltre-la-torre-del-castello-illuminata-di-fucsia-contro-il-body-shaming","status":"publish","type":"post","link":"https:\/\/www.bellunopress.it\/fr\/2026\/05\/17\/feltre-la-torre-del-castello-illuminata-di-fucsia-contro-il-body-shaming\/","title":{"rendered":"Feltre, la Torre del Castello illuminata di fucsia contro il body shaming"},"content":{"rendered":"<p><strong>Feltre aderisce alla Giornata nazionale contro il body shaming (deridere, criticare o discriminare una persona per il suo aspetto fisico)<\/strong><\/p>\n<p>La Torre del Castello si \u00e8 illuminata di fucsia, questa sera, in occasione della Giornata nazionale contro il body shaming, aderendo cos\u00ec alla campagna di sensibilizzazione dedicata al contrasto della denigrazione dell\u2019aspetto fisico<br \/>\ndelle persone. L\u2019iniziativa segue la proposta di legge presentata in Parlamento per istituire ufficialmente il 16 maggio come giornata nazionale dedicata a questo tema, con l\u2019obiettivo di promuovere una maggiore consapevolezza sugli effetti del body shaming, fenomeno sempre pi\u00f9 diffuso soprattutto tra i pi\u00f9 giovani e amplificato dall\u2019utilizzo dei social network.<\/p>\n<p>\u201cDietro a certe parole che vengono liquidate come scherzi o battute leggere possono nascondersi ferite profonde \u2013 dichiara il sindaco Viviana Fusaro \u2013. Il body shaming colpisce in particolare i pi\u00f9 giovani, in una fase delicata della crescita e della costruzione della propria identit\u00e0, e rischia di alimentare insicurezze, isolamento e sofferenza. Come comunit\u00e0 abbiamo il dovere di promuovere una cultura del rispetto e dell\u2019attenzione verso gli altri, anche nel linguaggio quotidiano e nei comportamenti online\u201d.<\/p>\n<p>Attraverso l\u2019illuminazione in fucsia della Torre, simbolo della Citt\u00e0, il Comune di Feltre intende richiamare l\u2019attenzione su una forma di violenza fatta di derisioni, giudizi e commenti sull\u2019aspetto fisico che troppo spesso vengono banalizzati, ma che possono avere conseguenze profonde sulla dignit\u00e0, sull\u2019autostima e sul benessere psicologico delle persone. Il fucsia, colore<br \/>\nsimbolo della campagna #StopBodyShaming, illuminer\u00e0 dunque uno dei luoghi pi\u00f9 rappresentativi della Citt\u00e0 nella notte tra il 16 e il 17 maggio come segno di adesione a un messaggio che invita a superare stereotipi e giudizi legati all\u2019aspetto fisico e a costruire relazioni fondate sul rispetto della persona.<\/p>\n<p>\u201cAnche i gesti simbolici possono contribuire a creare consapevolezza \u2013 afferma l\u2019assessore alla cultura Flavia Colle \u2013. Parlare di body shaming significa interrogarsi sul peso delle parole, sul modo in cui guardiamo gli altri e sul clima culturale che costruiamo ogni giorno, soprattutto nei confronti delle nuove generazioni. Sensibilizzare su questi temi significa promuovere<br \/>\nuna comunit\u00e0 pi\u00f9 attenta, inclusiva e rispettosa\u201d.<\/p>","protected":false},"excerpt":{"rendered":"<p>Feltre aderisce alla Giornata nazionale contro il body shaming (deridere, criticare o discriminare una persona per il suo aspetto fisico) La Torre del Castello si \u00e8 illuminata di fucsia, questa sera, in occasione della Giornata nazionale contro il body shaming, aderendo cos\u00ec alla campagna di sensibilizzazione dedicata al contrasto della denigrazione dell\u2019aspetto fisico delle persone. [&hellip;]<\/p>\n","protected":false},"author":2,"featured_media":170188,"comment_status":"closed","ping_status":"open","sticky":false,"template":"","format":"standard","meta":{"footnotes":""},"categories":[26,8],"tags":[],"class_list":["post-170187","post","type-post","status-publish","format-standard","has-post-thumbnail","category-prima-pagina","category-societa-istituzioni"],"yoast_head":"<!-- This site is optimized with the Yoast SEO plugin v28.4 - https:\/\/yoast.com\/product\/yoast-seo-wordpress\/ -->\n<title>Feltre, la Torre del Castello illuminata di fucsia contro il body shaming - Bellunopress - Dolomiti<\/title>\n<meta name=\"robots\" content=\"index, follow, max-snippet:-1, max-image-preview:large, max-video-preview:-1\" \/>\n<link rel=\"canonical\" href=\"https:\/\/www.bellunopress.it\/fr\/2026\/05\/17\/feltre-la-torre-del-castello-illuminata-di-fucsia-contro-il-body-shaming\/\" \/>\n<meta property=\"og:locale\" content=\"fr_FR\" \/>\n<meta property=\"og:type\" content=\"article\" \/>\n<meta property=\"og:title\" content=\"Feltre, la Torre del Castello illuminata di fucsia contro il body shaming - Bellunopress - Dolomiti\" \/>\n<meta property=\"og:description\" content=\"Feltre aderisce alla Giornata nazionale contro il body shaming (deridere, criticare o discriminare una persona per il suo aspetto fisico) La Torre del Castello si \u00e8 illuminata di fucsia, questa sera, in occasione della Giornata nazionale contro il body shaming, aderendo cos\u00ec alla campagna di sensibilizzazione dedicata al contrasto della denigrazione dell\u2019aspetto fisico delle persone. [&hellip;]\" \/>\n<meta property=\"og:url\" content=\"https:\/\/www.bellunopress.it\/fr\/2026\/05\/17\/feltre-la-torre-del-castello-illuminata-di-fucsia-contro-il-body-shaming\/\" \/>\n<meta property=\"og:site_name\" content=\"Bellunopress - Dolomiti\" \/>\n<meta property=\"article:publisher\" content=\"https:\/\/www.facebook.com\/profile.php?id=100008943462799\" \/>\n<meta property=\"article:published_time\" content=\"2026-05-17T09:34:48+00:00\" \/>\n<meta property=\"og:image\" content=\"https:\/\/www.bellunopress.it\/wp-content\/uploads\/2026\/05\/Feltre-Torre-Castello-Giornata-no-body-shaming.jpeg\" \/>\n\t<meta property=\"og:image:width\" content=\"453\" \/>\n\t<meta property=\"og:image:height\" content=\"500\" \/>\n\t<meta property=\"og:image:type\" content=\"image\/jpeg\" \/>\n<meta name=\"author\" content=\"redazione\" \/>\n<meta name=\"twitter:card\" content=\"summary_large_image\" \/>\n<meta name=\"twitter:creator\" content=\"@bellunopress\" \/>\n<meta name=\"twitter:site\" content=\"@bellunopress\" \/>\n<meta name=\"twitter:label1\" content=\"\u00c9crit par\" \/>\n\t<meta name=\"twitter:data1\" content=\"redazione\" \/>\n\t<meta name=\"twitter:label2\" content=\"Dur\u00e9e de lecture estim\u00e9e\" \/>\n\t<meta name=\"twitter:data2\" content=\"2 minutes\" \/>\n<script type=\"application\/ld+json\" class=\"yoast-schema-graph\">{\"@context\":\"https:\\\/\\\/schema.org\",\"@graph\":[{\"@type\":\"Article\",\"@id\":\"https:\\\/\\\/www.bellunopress.it\\\/2026\\\/05\\\/17\\\/feltre-la-torre-del-castello-illuminata-di-fucsia-contro-il-body-shaming\\\/#article\",\"isPartOf\":{\"@id\":\"https:\\\/\\\/www.bellunopress.it\\\/2026\\\/05\\\/17\\\/feltre-la-torre-del-castello-illuminata-di-fucsia-contro-il-body-shaming\\\/\"},\"author\":{\"name\":\"redazione\",\"@id\":\"https:\\\/\\\/www.bellunopress.it\\\/#\\\/schema\\\/person\\\/79bb06722b37ece1c03d3e94beb30d73\"},\"headline\":\"Feltre, la Torre del Castello illuminata di fucsia contro il body shaming\",\"datePublished\":\"2026-05-17T09:34:48+00:00\",\"mainEntityOfPage\":{\"@id\":\"https:\\\/\\\/www.bellunopress.it\\\/2026\\\/05\\\/17\\\/feltre-la-torre-del-castello-illuminata-di-fucsia-contro-il-body-shaming\\\/\"},\"wordCount\":356,\"publisher\":{\"@id\":\"https:\\\/\\\/www.bellunopress.it\\\/#organization\"},\"image\":{\"@id\":\"https:\\\/\\\/www.bellunopress.it\\\/2026\\\/05\\\/17\\\/feltre-la-torre-del-castello-illuminata-di-fucsia-contro-il-body-shaming\\\/#primaryimage\"},\"thumbnailUrl\":\"https:\\\/\\\/www.bellunopress.it\\\/wp-content\\\/uploads\\\/2026\\\/05\\\/Feltre-Torre-Castello-Giornata-no-body-shaming.jpeg\",\"articleSection\":[\"Prima Pagina\",\"Societ\u00e0, Associazioni, Istituzioni\"],\"inLanguage\":\"fr-FR\"},{\"@type\":\"WebPage\",\"@id\":\"https:\\\/\\\/www.bellunopress.it\\\/2026\\\/05\\\/17\\\/feltre-la-torre-del-castello-illuminata-di-fucsia-contro-il-body-shaming\\\/\",\"url\":\"https:\\\/\\\/www.bellunopress.it\\\/2026\\\/05\\\/17\\\/feltre-la-torre-del-castello-illuminata-di-fucsia-contro-il-body-shaming\\\/\",\"name\":\"Feltre, la Torre del Castello illuminata di fucsia contro il body shaming - Bellunopress - Dolomiti\",\"isPartOf\":{\"@id\":\"https:\\\/\\\/www.bellunopress.it\\\/#website\"},\"primaryImageOfPage\":{\"@id\":\"https:\\\/\\\/www.bellunopress.it\\\/2026\\\/05\\\/17\\\/feltre-la-torre-del-castello-illuminata-di-fucsia-contro-il-body-shaming\\\/#primaryimage\"},\"image\":{\"@id\":\"https:\\\/\\\/www.bellunopress.it\\\/2026\\\/05\\\/17\\\/feltre-la-torre-del-castello-illuminata-di-fucsia-contro-il-body-shaming\\\/#primaryimage\"},\"thumbnailUrl\":\"https:\\\/\\\/www.bellunopress.it\\\/wp-content\\\/uploads\\\/2026\\\/05\\\/Feltre-Torre-Castello-Giornata-no-body-shaming.jpeg\",\"datePublished\":\"2026-05-17T09:34:48+00:00\",\"breadcrumb\":{\"@id\":\"https:\\\/\\\/www.bellunopress.it\\\/2026\\\/05\\\/17\\\/feltre-la-torre-del-castello-illuminata-di-fucsia-contro-il-body-shaming\\\/#breadcrumb\"},\"inLanguage\":\"fr-FR\",\"potentialAction\":[{\"@type\":\"ReadAction\",\"target\":[\"https:\\\/\\\/www.bellunopress.it\\\/2026\\\/05\\\/17\\\/feltre-la-torre-del-castello-illuminata-di-fucsia-contro-il-body-shaming\\\/\"]}]},{\"@type\":\"ImageObject\",\"inLanguage\":\"fr-FR\",\"@id\":\"https:\\\/\\\/www.bellunopress.it\\\/2026\\\/05\\\/17\\\/feltre-la-torre-del-castello-illuminata-di-fucsia-contro-il-body-shaming\\\/#primaryimage\",\"url\":\"https:\\\/\\\/www.bellunopress.it\\\/wp-content\\\/uploads\\\/2026\\\/05\\\/Feltre-Torre-Castello-Giornata-no-body-shaming.jpeg\",\"contentUrl\":\"https:\\\/\\\/www.bellunopress.it\\\/wp-content\\\/uploads\\\/2026\\\/05\\\/Feltre-Torre-Castello-Giornata-no-body-shaming.jpeg\",\"width\":453,\"height\":500,\"caption\":\"Feltre. Torre del Castello fucsia per la Giornata no body shaming\"},{\"@type\":\"BreadcrumbList\",\"@id\":\"https:\\\/\\\/www.bellunopress.it\\\/2026\\\/05\\\/17\\\/feltre-la-torre-del-castello-illuminata-di-fucsia-contro-il-body-shaming\\\/#breadcrumb\",\"itemListElement\":[{\"@type\":\"ListItem\",\"position\":1,\"name\":\"Home\",\"item\":\"https:\\\/\\\/www.bellunopress.it\\\/\"},{\"@type\":\"ListItem\",\"position\":2,\"name\":\"Feltre, la Torre del Castello illuminata di fucsia contro il body shaming\"}]},{\"@type\":\"WebSite\",\"@id\":\"https:\\\/\\\/www.bellunopress.it\\\/#website\",\"url\":\"https:\\\/\\\/www.bellunopress.it\\\/\",\"name\":\"Bellunopress - Dolomiti\",\"description\":\"e-mail: redazione@bellunopress.it\",\"publisher\":{\"@id\":\"https:\\\/\\\/www.bellunopress.it\\\/#organization\"},\"potentialAction\":[{\"@type\":\"SearchAction\",\"target\":{\"@type\":\"EntryPoint\",\"urlTemplate\":\"https:\\\/\\\/www.bellunopress.it\\\/?s={search_term_string}\"},\"query-input\":{\"@type\":\"PropertyValueSpecification\",\"valueRequired\":true,\"valueName\":\"search_term_string\"}}],\"inLanguage\":\"fr-FR\"},{\"@type\":\"Organization\",\"@id\":\"https:\\\/\\\/www.bellunopress.it\\\/#organization\",\"name\":\"Bellunopress\",\"url\":\"https:\\\/\\\/www.bellunopress.it\\\/\",\"logo\":{\"@type\":\"ImageObject\",\"inLanguage\":\"fr-FR\",\"@id\":\"https:\\\/\\\/www.bellunopress.it\\\/#\\\/schema\\\/logo\\\/image\\\/\",\"url\":\"https:\\\/\\\/www.bellunopress.it\\\/wp-content\\\/uploads\\\/2011\\\/05\\\/cropped-logo-bellunopress-.jpg\",\"contentUrl\":\"https:\\\/\\\/www.bellunopress.it\\\/wp-content\\\/uploads\\\/2011\\\/05\\\/cropped-logo-bellunopress-.jpg\",\"width\":512,\"height\":512,\"caption\":\"Bellunopress\"},\"image\":{\"@id\":\"https:\\\/\\\/www.bellunopress.it\\\/#\\\/schema\\\/logo\\\/image\\\/\"},\"sameAs\":[\"https:\\\/\\\/www.facebook.com\\\/profile.php?id=100008943462799\",\"https:\\\/\\\/x.com\\\/bellunopress\",\"https:\\\/\\\/www.linkedin.com\\\/hp\\\/?dnr=JBzUWaJfMUw8vbXJJ2tVW5-I3jZKvC4wsoxE&amp;amp;amp;amp;amp;amp;trk=nav_responsive_tab_home\",\"https:\\\/\\\/www.youtube.com\\\/channel\\\/UCxL0wu1uN0_3_7hGG0306cw\"]},{\"@type\":\"Person\",\"@id\":\"https:\\\/\\\/www.bellunopress.it\\\/#\\\/schema\\\/person\\\/79bb06722b37ece1c03d3e94beb30d73\",\"name\":\"redazione\",\"image\":{\"@type\":\"ImageObject\",\"inLanguage\":\"fr-FR\",\"@id\":\"https:\\\/\\\/secure.gravatar.com\\\/avatar\\\/37d968a2e67a6fd04c169c4bdef102d0bc5d31b2546345219e348575eb80e9a0?s=96&d=mm&r=g\",\"url\":\"https:\\\/\\\/secure.gravatar.com\\\/avatar\\\/37d968a2e67a6fd04c169c4bdef102d0bc5d31b2546345219e348575eb80e9a0?s=96&d=mm&r=g\",\"contentUrl\":\"https:\\\/\\\/secure.gravatar.com\\\/avatar\\\/37d968a2e67a6fd04c169c4bdef102d0bc5d31b2546345219e348575eb80e9a0?s=96&d=mm&r=g\",\"caption\":\"redazione\"},\"sameAs\":[\"http:\\\/\\\/www.bellunopress.it\",\"https:\\\/\\\/x.com\\\/bellunopress\"],\"url\":\"https:\\\/\\\/www.bellunopress.it\\\/fr\\\/author\\\/redazione\\\/\"}]}<\/script>\n<!-- \/ Yoast SEO plugin. -->","yoast_head_json":{"title":"Feltre, la Torre del Castello illuminata di fucsia contro il body shaming - Bellunopress - Dolomiti","robots":{"index":"index","follow":"follow","max-snippet":"max-snippet:-1","max-image-preview":"max-image-preview:large","max-video-preview":"max-video-preview:-1"},"canonical":"https:\/\/www.bellunopress.it\/fr\/2026\/05\/17\/feltre-la-torre-del-castello-illuminata-di-fucsia-contro-il-body-shaming\/","og_locale":"fr_FR","og_type":"article","og_title":"Feltre, la Torre del Castello illuminata di fucsia contro il body shaming - Bellunopress - Dolomiti","og_description":"Feltre aderisce alla Giornata nazionale contro il body shaming (deridere, criticare o discriminare una persona per il suo aspetto fisico) La Torre del Castello si \u00e8 illuminata di fucsia, questa sera, in occasione della Giornata nazionale contro il body shaming, aderendo cos\u00ec alla campagna di sensibilizzazione dedicata al contrasto della denigrazione dell\u2019aspetto fisico delle persone. [&hellip;]","og_url":"https:\/\/www.bellunopress.it\/fr\/2026\/05\/17\/feltre-la-torre-del-castello-illuminata-di-fucsia-contro-il-body-shaming\/","og_site_name":"Bellunopress - Dolomiti","article_publisher":"https:\/\/www.facebook.com\/profile.php?id=100008943462799","article_published_time":"2026-05-17T09:34:48+00:00","og_image":[{"width":453,"height":500,"url":"https:\/\/www.bellunopress.it\/wp-content\/uploads\/2026\/05\/Feltre-Torre-Castello-Giornata-no-body-shaming.jpeg","type":"image\/jpeg"}],"author":"redazione","twitter_card":"summary_large_image","twitter_creator":"@bellunopress","twitter_site":"@bellunopress","twitter_misc":{"\u00c9crit par":"redazione","Dur\u00e9e de lecture estim\u00e9e":"2 minutes"},"schema":{"@context":"https:\/\/schema.org","@graph":[{"@type":"Article","@id":"https:\/\/www.bellunopress.it\/2026\/05\/17\/feltre-la-torre-del-castello-illuminata-di-fucsia-contro-il-body-shaming\/#article","isPartOf":{"@id":"https:\/\/www.bellunopress.it\/2026\/05\/17\/feltre-la-torre-del-castello-illuminata-di-fucsia-contro-il-body-shaming\/"},"author":{"name":"redazione","@id":"https:\/\/www.bellunopress.it\/#\/schema\/person\/79bb06722b37ece1c03d3e94beb30d73"},"headline":"Feltre, la Torre del Castello illuminata di fucsia contro il body shaming","datePublished":"2026-05-17T09:34:48+00:00","mainEntityOfPage":{"@id":"https:\/\/www.bellunopress.it\/2026\/05\/17\/feltre-la-torre-del-castello-illuminata-di-fucsia-contro-il-body-shaming\/"},"wordCount":356,"publisher":{"@id":"https:\/\/www.bellunopress.it\/#organization"},"image":{"@id":"https:\/\/www.bellunopress.it\/2026\/05\/17\/feltre-la-torre-del-castello-illuminata-di-fucsia-contro-il-body-shaming\/#primaryimage"},"thumbnailUrl":"https:\/\/www.bellunopress.it\/wp-content\/uploads\/2026\/05\/Feltre-Torre-Castello-Giornata-no-body-shaming.jpeg","articleSection":["Prima Pagina","Societ\u00e0, Associazioni, Istituzioni"],"inLanguage":"fr-FR"},{"@type":"WebPage","@id":"https:\/\/www.bellunopress.it\/2026\/05\/17\/feltre-la-torre-del-castello-illuminata-di-fucsia-contro-il-body-shaming\/","url":"https:\/\/www.bellunopress.it\/2026\/05\/17\/feltre-la-torre-del-castello-illuminata-di-fucsia-contro-il-body-shaming\/","name":"Feltre, la Torre del Castello illuminata di fucsia contro il body shaming - Bellunopress - Dolomiti","isPartOf":{"@id":"https:\/\/www.bellunopress.it\/#website"},"primaryImageOfPage":{"@id":"https:\/\/www.bellunopress.it\/2026\/05\/17\/feltre-la-torre-del-castello-illuminata-di-fucsia-contro-il-body-shaming\/#primaryimage"},"image":{"@id":"https:\/\/www.bellunopress.it\/2026\/05\/17\/feltre-la-torre-del-castello-illuminata-di-fucsia-contro-il-body-shaming\/#primaryimage"},"thumbnailUrl":"https:\/\/www.bellunopress.it\/wp-content\/uploads\/2026\/05\/Feltre-Torre-Castello-Giornata-no-body-shaming.jpeg","datePublished":"2026-05-17T09:34:48+00:00","breadcrumb":{"@id":"https:\/\/www.bellunopress.it\/2026\/05\/17\/feltre-la-torre-del-castello-illuminata-di-fucsia-contro-il-body-shaming\/#breadcrumb"},"inLanguage":"fr-FR","potentialAction":[{"@type":"ReadAction","target":["https:\/\/www.bellunopress.it\/2026\/05\/17\/feltre-la-torre-del-castello-illuminata-di-fucsia-contro-il-body-shaming\/"]}]},{"@type":"ImageObject","inLanguage":"fr-FR","@id":"https:\/\/www.bellunopress.it\/2026\/05\/17\/feltre-la-torre-del-castello-illuminata-di-fucsia-contro-il-body-shaming\/#primaryimage","url":"https:\/\/www.bellunopress.it\/wp-content\/uploads\/2026\/05\/Feltre-Torre-Castello-Giornata-no-body-shaming.jpeg","contentUrl":"https:\/\/www.bellunopress.it\/wp-content\/uploads\/2026\/05\/Feltre-Torre-Castello-Giornata-no-body-shaming.jpeg","width":453,"height":500,"caption":"Feltre. Torre del Castello fucsia per la Giornata no body shaming"},{"@type":"BreadcrumbList","@id":"https:\/\/www.bellunopress.it\/2026\/05\/17\/feltre-la-torre-del-castello-illuminata-di-fucsia-contro-il-body-shaming\/#breadcrumb","itemListElement":[{"@type":"ListItem","position":1,"name":"Home","item":"https:\/\/www.bellunopress.it\/"},{"@type":"ListItem","position":2,"name":"Feltre, la Torre del Castello illuminata di fucsia contro il body shaming"}]},{"@type":"WebSite","@id":"https:\/\/www.bellunopress.it\/#website","url":"https:\/\/www.bellunopress.it\/","name":"Bellunopress - Dolomiti","description":"e-mail: redazione@bellunopress.it","publisher":{"@id":"https:\/\/www.bellunopress.it\/#organization"},"potentialAction":[{"@type":"SearchAction","target":{"@type":"EntryPoint","urlTemplate":"https:\/\/www.bellunopress.it\/?s={search_term_string}"},"query-input":{"@type":"PropertyValueSpecification","valueRequired":true,"valueName":"search_term_string"}}],"inLanguage":"fr-FR"},{"@type":"Organization","@id":"https:\/\/www.bellunopress.it\/#organization","name":"Bellunopress","url":"https:\/\/www.bellunopress.it\/","logo":{"@type":"ImageObject","inLanguage":"fr-FR","@id":"https:\/\/www.bellunopress.it\/#\/schema\/logo\/image\/","url":"https:\/\/www.bellunopress.it\/wp-content\/uploads\/2011\/05\/cropped-logo-bellunopress-.jpg","contentUrl":"https:\/\/www.bellunopress.it\/wp-content\/uploads\/2011\/05\/cropped-logo-bellunopress-.jpg","width":512,"height":512,"caption":"Bellunopress"},"image":{"@id":"https:\/\/www.bellunopress.it\/#\/schema\/logo\/image\/"},"sameAs":["https:\/\/www.facebook.com\/profile.php?id=100008943462799","https:\/\/x.com\/bellunopress","https:\/\/www.linkedin.com\/hp\/?dnr=JBzUWaJfMUw8vbXJJ2tVW5-I3jZKvC4wsoxE&amp;amp;amp;amp;amp;amp;trk=nav_responsive_tab_home","https:\/\/www.youtube.com\/channel\/UCxL0wu1uN0_3_7hGG0306cw"]},{"@type":"Person","@id":"https:\/\/www.bellunopress.it\/#\/schema\/person\/79bb06722b37ece1c03d3e94beb30d73","name":"r\u00e9daction","image":{"@type":"ImageObject","inLanguage":"fr-FR","@id":"https:\/\/secure.gravatar.com\/avatar\/37d968a2e67a6fd04c169c4bdef102d0bc5d31b2546345219e348575eb80e9a0?s=96&d=mm&r=g","url":"https:\/\/secure.gravatar.com\/avatar\/37d968a2e67a6fd04c169c4bdef102d0bc5d31b2546345219e348575eb80e9a0?s=96&d=mm&r=g","contentUrl":"https:\/\/secure.gravatar.com\/avatar\/37d968a2e67a6fd04c169c4bdef102d0bc5d31b2546345219e348575eb80e9a0?s=96&d=mm&r=g","caption":"redazione"},"sameAs":["http:\/\/www.bellunopress.it","https:\/\/x.com\/bellunopress"],"url":"https:\/\/www.bellunopress.it\/fr\/author\/redazione\/"}]}},"_links":{"self":[{"href":"https:\/\/www.bellunopress.it\/fr\/wp-json\/wp\/v2\/posts\/170187","targetHints":{"allow":["GET"]}}],"collection":[{"href":"https:\/\/www.bellunopress.it\/fr\/wp-json\/wp\/v2\/posts"}],"about":[{"href":"https:\/\/www.bellunopress.it\/fr\/wp-json\/wp\/v2\/types\/post"}],"author":[{"embeddable":true,"href":"https:\/\/www.bellunopress.it\/fr\/wp-json\/wp\/v2\/users\/2"}],"replies":[{"embeddable":true,"href":"https:\/\/www.bellunopress.it\/fr\/wp-json\/wp\/v2\/comments?post=170187"}],"version-history":[{"count":1,"href":"https:\/\/www.bellunopress.it\/fr\/wp-json\/wp\/v2\/posts\/170187\/revisions"}],"predecessor-version":[{"id":170189,"href":"https:\/\/www.bellunopress.it\/fr\/wp-json\/wp\/v2\/posts\/170187\/revisions\/170189"}],"wp:featuredmedia":[{"embeddable":true,"href":"https:\/\/www.bellunopress.it\/fr\/wp-json\/wp\/v2\/media\/170188"}],"wp:attachment":[{"href":"https:\/\/www.bellunopress.it\/fr\/wp-json\/wp\/v2\/media?parent=170187"}],"wp:term":[{"taxonomy":"category","embeddable":true,"href":"https:\/\/www.bellunopress.it\/fr\/wp-json\/wp\/v2\/categories?post=170187"},{"taxonomy":"post_tag","embeddable":true,"href":"https:\/\/www.bellunopress.it\/fr\/wp-json\/wp\/v2\/tags?post=170187"}],"curies":[{"name":"wp","href":"https:\/\/api.w.org\/{rel}","templated":true}]}}