{"id":170184,"date":"2026-05-17T11:24:23","date_gmt":"2026-05-17T09:24:23","guid":{"rendered":"https:\/\/www.bellunopress.it\/?p=170184"},"modified":"2026-05-17T11:24:23","modified_gmt":"2026-05-17T09:24:23","slug":"flora-e-fauna-del-piave-le-fontane-di-nogare-venerdi-alle-18-al-don-bosco","status":"publish","type":"post","link":"https:\/\/www.bellunopress.it\/fr\/2026\/05\/17\/flora-e-fauna-del-piave-le-fontane-di-nogare-venerdi-alle-18-al-don-bosco\/","title":{"rendered":"Flora e fauna del Piave, le Fontane di Nogar\u00e8. Venerd\u00ec alle 18 al Don Bosco"},"content":{"rendered":"<p>Prosegue il percorso di partecipazione civica promosso dal Comitato di Quartiere Baldenich24. Venerd\u00ec 22 maggio alle ore 18, nella Sala Rossa della Parrocchia Don Bosco di Belluno, si terr\u00e0 il sesto appuntamento del ciclo &#8220;Spazi di incontro e dialogo, luoghi di partecipazione&#8221;, dedicato questa volta alla scoperta della flora e della fauna del Piave e del biotopo delle Fontane di Nogar\u00e8.<\/p>\n<p>Ospite dell&#8217;incontro sar\u00e0 il dottore forestale Michele Cassol del Gruppo Naturalistico del Piave, che accompagner\u00e0 il pubblico in un approfondimento sul valore ambientale, storico e naturalistico di una delle aree pi\u00f9 significative per il quartiere di Baldenich e per molti cittadini bellunesi.<\/p>\n<p>Le Fontane di Nogar\u00e8 rappresentano infatti un luogo particolarmente caro ai residenti, sia dal punto di vista paesaggistico che affettivo. L&#8217;iniziativa punta a ripercorrerne la storia, l&#8217;evoluzione dell&#8217;ecosistema e le caratteristiche della vegetazione e della fauna che popolano il tratto del Piave e il percorso naturalistico circostante.<\/p>\n<p>&#8220;Le Fontane di Nogar\u00e8 sono un luogo molto amato dalla comunit\u00e0 \u2013 spiega Luigi Filippo Daniele, capo frazione di Baldenich e promotore del Comitato di Quartiere Baldenich24 \u2013. Con questo incontro vogliamo valorizzarne la storia e l&#8217;importanza naturalistica insieme a un vero esperto come Michele Cassol. Molti abitanti del quartiere sono legati a questo sentiero, cos\u00ec come tante persone anche di altre zone della citt\u00e0. Come Comitato vogliamo continuare a migliorarlo, rendendolo sempre pi\u00f9 accessibile, ad esempio inserendo una segnaletica in legno, ma allo stesso tempo preservandone il valore ed il vincolo ambientale-paesaggistico&#8221;.<\/p>\n<p>L&#8217;area delle Fontane di Nogar\u00e8 \u00e8 stata recentemente interessata da un intervento di riqualificazione sostenuto dalla Regione Veneto, volto a valorizzare il percorso e il biotopo che caratterizzano questa porzione del territorio bellunese.<\/p>\n<p>L&#8217;incontro \u00e8 aperto alla cittadinanza e si inserisce nel programma di iniziative con cui il Comitato di Quartiere Baldenich24 intende promuovere momenti di confronto, conoscenza del territorio e partecipazione attiva della comunit\u00e0.<\/p>\n<p>&nbsp;<\/p>","protected":false},"excerpt":{"rendered":"<p>Prosegue il percorso di partecipazione civica promosso dal Comitato di Quartiere Baldenich24. Venerd\u00ec 22 maggio alle ore 18, nella Sala Rossa della Parrocchia Don Bosco di Belluno, si terr\u00e0 il sesto appuntamento del ciclo &#8220;Spazi di incontro e dialogo, luoghi di partecipazione&#8221;, dedicato questa volta alla scoperta della flora e della fauna del Piave e [&hellip;]<\/p>\n","protected":false},"author":2,"featured_media":170185,"comment_status":"closed","ping_status":"open","sticky":false,"template":"","format":"standard","meta":{"footnotes":""},"categories":[38,25,8],"tags":[],"class_list":["post-170184","post","type-post","status-publish","format-standard","has-post-thumbnail","category-natura-ambiente","category-pausa-caffe","category-societa-istituzioni"],"yoast_head":"<!-- This site is optimized with the Yoast SEO plugin v28.4 - https:\/\/yoast.com\/product\/yoast-seo-wordpress\/ -->\n<title>Flora e fauna del Piave, le Fontane di Nogar\u00e8. Venerd\u00ec alle 18 al Don Bosco - Bellunopress - Dolomiti<\/title>\n<meta name=\"robots\" content=\"index, follow, max-snippet:-1, max-image-preview:large, max-video-preview:-1\" \/>\n<link rel=\"canonical\" href=\"https:\/\/www.bellunopress.it\/fr\/2026\/05\/17\/flora-e-fauna-del-piave-le-fontane-di-nogare-venerdi-alle-18-al-don-bosco\/\" \/>\n<meta property=\"og:locale\" content=\"fr_FR\" \/>\n<meta property=\"og:type\" content=\"article\" \/>\n<meta property=\"og:title\" content=\"Flora e fauna del Piave, le Fontane di Nogar\u00e8. Venerd\u00ec alle 18 al Don Bosco - Bellunopress - Dolomiti\" \/>\n<meta property=\"og:description\" content=\"Prosegue il percorso di partecipazione civica promosso dal Comitato di Quartiere Baldenich24. Venerd\u00ec 22 maggio alle ore 18, nella Sala Rossa della Parrocchia Don Bosco di Belluno, si terr\u00e0 il sesto appuntamento del ciclo &#8220;Spazi di incontro e dialogo, luoghi di partecipazione&#8221;, dedicato questa volta alla scoperta della flora e della fauna del Piave e [&hellip;]\" \/>\n<meta property=\"og:url\" content=\"https:\/\/www.bellunopress.it\/fr\/2026\/05\/17\/flora-e-fauna-del-piave-le-fontane-di-nogare-venerdi-alle-18-al-don-bosco\/\" \/>\n<meta property=\"og:site_name\" content=\"Bellunopress - Dolomiti\" \/>\n<meta property=\"article:publisher\" content=\"https:\/\/www.facebook.com\/profile.php?id=100008943462799\" \/>\n<meta property=\"article:published_time\" content=\"2026-05-17T09:24:23+00:00\" \/>\n<meta property=\"og:image\" content=\"https:\/\/www.bellunopress.it\/wp-content\/uploads\/2026\/05\/Le-Fontane-di-Nogare-22-maggio.jpg\" \/>\n\t<meta property=\"og:image:width\" content=\"472\" \/>\n\t<meta property=\"og:image:height\" content=\"490\" \/>\n\t<meta property=\"og:image:type\" content=\"image\/jpeg\" \/>\n<meta name=\"author\" content=\"redazione\" \/>\n<meta name=\"twitter:card\" content=\"summary_large_image\" \/>\n<meta name=\"twitter:creator\" content=\"@bellunopress\" \/>\n<meta name=\"twitter:site\" content=\"@bellunopress\" \/>\n<meta name=\"twitter:label1\" content=\"Written by\" \/>\n\t<meta name=\"twitter:data1\" content=\"redazione\" \/>\n\t<meta name=\"twitter:label2\" content=\"Est. reading time\" \/>\n\t<meta name=\"twitter:data2\" content=\"2 minutes\" \/>\n<script type=\"application\/ld+json\" class=\"yoast-schema-graph\">{\"@context\":\"https:\\\/\\\/schema.org\",\"@graph\":[{\"@type\":\"Article\",\"@id\":\"https:\\\/\\\/www.bellunopress.it\\\/2026\\\/05\\\/17\\\/flora-e-fauna-del-piave-le-fontane-di-nogare-venerdi-alle-18-al-don-bosco\\\/#article\",\"isPartOf\":{\"@id\":\"https:\\\/\\\/www.bellunopress.it\\\/2026\\\/05\\\/17\\\/flora-e-fauna-del-piave-le-fontane-di-nogare-venerdi-alle-18-al-don-bosco\\\/\"},\"author\":{\"name\":\"redazione\",\"@id\":\"https:\\\/\\\/www.bellunopress.it\\\/#\\\/schema\\\/person\\\/79bb06722b37ece1c03d3e94beb30d73\"},\"headline\":\"Flora e fauna del Piave, le Fontane di Nogar\u00e8. Venerd\u00ec alle 18 al Don Bosco\",\"datePublished\":\"2026-05-17T09:24:23+00:00\",\"mainEntityOfPage\":{\"@id\":\"https:\\\/\\\/www.bellunopress.it\\\/2026\\\/05\\\/17\\\/flora-e-fauna-del-piave-le-fontane-di-nogare-venerdi-alle-18-al-don-bosco\\\/\"},\"wordCount\":324,\"publisher\":{\"@id\":\"https:\\\/\\\/www.bellunopress.it\\\/#organization\"},\"image\":{\"@id\":\"https:\\\/\\\/www.bellunopress.it\\\/2026\\\/05\\\/17\\\/flora-e-fauna-del-piave-le-fontane-di-nogare-venerdi-alle-18-al-don-bosco\\\/#primaryimage\"},\"thumbnailUrl\":\"https:\\\/\\\/www.bellunopress.it\\\/wp-content\\\/uploads\\\/2026\\\/05\\\/Le-Fontane-di-Nogare-22-maggio.jpg\",\"articleSection\":[\"Meteo, natura, ambiente, animali\",\"Pausa Caff\u00e8\",\"Societ\u00e0, Associazioni, Istituzioni\"],\"inLanguage\":\"fr-FR\"},{\"@type\":\"WebPage\",\"@id\":\"https:\\\/\\\/www.bellunopress.it\\\/2026\\\/05\\\/17\\\/flora-e-fauna-del-piave-le-fontane-di-nogare-venerdi-alle-18-al-don-bosco\\\/\",\"url\":\"https:\\\/\\\/www.bellunopress.it\\\/2026\\\/05\\\/17\\\/flora-e-fauna-del-piave-le-fontane-di-nogare-venerdi-alle-18-al-don-bosco\\\/\",\"name\":\"Flora e fauna del Piave, le Fontane di Nogar\u00e8. Venerd\u00ec alle 18 al Don Bosco - Bellunopress - Dolomiti\",\"isPartOf\":{\"@id\":\"https:\\\/\\\/www.bellunopress.it\\\/#website\"},\"primaryImageOfPage\":{\"@id\":\"https:\\\/\\\/www.bellunopress.it\\\/2026\\\/05\\\/17\\\/flora-e-fauna-del-piave-le-fontane-di-nogare-venerdi-alle-18-al-don-bosco\\\/#primaryimage\"},\"image\":{\"@id\":\"https:\\\/\\\/www.bellunopress.it\\\/2026\\\/05\\\/17\\\/flora-e-fauna-del-piave-le-fontane-di-nogare-venerdi-alle-18-al-don-bosco\\\/#primaryimage\"},\"thumbnailUrl\":\"https:\\\/\\\/www.bellunopress.it\\\/wp-content\\\/uploads\\\/2026\\\/05\\\/Le-Fontane-di-Nogare-22-maggio.jpg\",\"datePublished\":\"2026-05-17T09:24:23+00:00\",\"breadcrumb\":{\"@id\":\"https:\\\/\\\/www.bellunopress.it\\\/2026\\\/05\\\/17\\\/flora-e-fauna-del-piave-le-fontane-di-nogare-venerdi-alle-18-al-don-bosco\\\/#breadcrumb\"},\"inLanguage\":\"fr-FR\",\"potentialAction\":[{\"@type\":\"ReadAction\",\"target\":[\"https:\\\/\\\/www.bellunopress.it\\\/2026\\\/05\\\/17\\\/flora-e-fauna-del-piave-le-fontane-di-nogare-venerdi-alle-18-al-don-bosco\\\/\"]}]},{\"@type\":\"ImageObject\",\"inLanguage\":\"fr-FR\",\"@id\":\"https:\\\/\\\/www.bellunopress.it\\\/2026\\\/05\\\/17\\\/flora-e-fauna-del-piave-le-fontane-di-nogare-venerdi-alle-18-al-don-bosco\\\/#primaryimage\",\"url\":\"https:\\\/\\\/www.bellunopress.it\\\/wp-content\\\/uploads\\\/2026\\\/05\\\/Le-Fontane-di-Nogare-22-maggio.jpg\",\"contentUrl\":\"https:\\\/\\\/www.bellunopress.it\\\/wp-content\\\/uploads\\\/2026\\\/05\\\/Le-Fontane-di-Nogare-22-maggio.jpg\",\"width\":472,\"height\":490},{\"@type\":\"BreadcrumbList\",\"@id\":\"https:\\\/\\\/www.bellunopress.it\\\/2026\\\/05\\\/17\\\/flora-e-fauna-del-piave-le-fontane-di-nogare-venerdi-alle-18-al-don-bosco\\\/#breadcrumb\",\"itemListElement\":[{\"@type\":\"ListItem\",\"position\":1,\"name\":\"Home\",\"item\":\"https:\\\/\\\/www.bellunopress.it\\\/\"},{\"@type\":\"ListItem\",\"position\":2,\"name\":\"Flora e fauna del Piave, le Fontane di Nogar\u00e8. Venerd\u00ec alle 18 al Don Bosco\"}]},{\"@type\":\"WebSite\",\"@id\":\"https:\\\/\\\/www.bellunopress.it\\\/#website\",\"url\":\"https:\\\/\\\/www.bellunopress.it\\\/\",\"name\":\"Bellunopress - Dolomiti\",\"description\":\"e-mail: redazione@bellunopress.it\",\"publisher\":{\"@id\":\"https:\\\/\\\/www.bellunopress.it\\\/#organization\"},\"potentialAction\":[{\"@type\":\"SearchAction\",\"target\":{\"@type\":\"EntryPoint\",\"urlTemplate\":\"https:\\\/\\\/www.bellunopress.it\\\/?s={search_term_string}\"},\"query-input\":{\"@type\":\"PropertyValueSpecification\",\"valueRequired\":true,\"valueName\":\"search_term_string\"}}],\"inLanguage\":\"fr-FR\"},{\"@type\":\"Organization\",\"@id\":\"https:\\\/\\\/www.bellunopress.it\\\/#organization\",\"name\":\"Bellunopress\",\"url\":\"https:\\\/\\\/www.bellunopress.it\\\/\",\"logo\":{\"@type\":\"ImageObject\",\"inLanguage\":\"fr-FR\",\"@id\":\"https:\\\/\\\/www.bellunopress.it\\\/#\\\/schema\\\/logo\\\/image\\\/\",\"url\":\"https:\\\/\\\/www.bellunopress.it\\\/wp-content\\\/uploads\\\/2011\\\/05\\\/cropped-logo-bellunopress-.jpg\",\"contentUrl\":\"https:\\\/\\\/www.bellunopress.it\\\/wp-content\\\/uploads\\\/2011\\\/05\\\/cropped-logo-bellunopress-.jpg\",\"width\":512,\"height\":512,\"caption\":\"Bellunopress\"},\"image\":{\"@id\":\"https:\\\/\\\/www.bellunopress.it\\\/#\\\/schema\\\/logo\\\/image\\\/\"},\"sameAs\":[\"https:\\\/\\\/www.facebook.com\\\/profile.php?id=100008943462799\",\"https:\\\/\\\/x.com\\\/bellunopress\",\"https:\\\/\\\/www.linkedin.com\\\/hp\\\/?dnr=JBzUWaJfMUw8vbXJJ2tVW5-I3jZKvC4wsoxE&amp;amp;amp;amp;amp;amp;trk=nav_responsive_tab_home\",\"https:\\\/\\\/www.youtube.com\\\/channel\\\/UCxL0wu1uN0_3_7hGG0306cw\"]},{\"@type\":\"Person\",\"@id\":\"https:\\\/\\\/www.bellunopress.it\\\/#\\\/schema\\\/person\\\/79bb06722b37ece1c03d3e94beb30d73\",\"name\":\"redazione\",\"image\":{\"@type\":\"ImageObject\",\"inLanguage\":\"fr-FR\",\"@id\":\"https:\\\/\\\/secure.gravatar.com\\\/avatar\\\/37d968a2e67a6fd04c169c4bdef102d0bc5d31b2546345219e348575eb80e9a0?s=96&d=mm&r=g\",\"url\":\"https:\\\/\\\/secure.gravatar.com\\\/avatar\\\/37d968a2e67a6fd04c169c4bdef102d0bc5d31b2546345219e348575eb80e9a0?s=96&d=mm&r=g\",\"contentUrl\":\"https:\\\/\\\/secure.gravatar.com\\\/avatar\\\/37d968a2e67a6fd04c169c4bdef102d0bc5d31b2546345219e348575eb80e9a0?s=96&d=mm&r=g\",\"caption\":\"redazione\"},\"sameAs\":[\"http:\\\/\\\/www.bellunopress.it\",\"https:\\\/\\\/x.com\\\/bellunopress\"],\"url\":\"https:\\\/\\\/www.bellunopress.it\\\/fr\\\/author\\\/redazione\\\/\"}]}<\/script>\n<!-- \/ Yoast SEO plugin. -->","yoast_head_json":{"title":"Flora e fauna del Piave, le Fontane di Nogar\u00e8. Venerd\u00ec alle 18 al Don Bosco - Bellunopress - Dolomiti","robots":{"index":"index","follow":"follow","max-snippet":"max-snippet:-1","max-image-preview":"max-image-preview:large","max-video-preview":"max-video-preview:-1"},"canonical":"https:\/\/www.bellunopress.it\/fr\/2026\/05\/17\/flora-e-fauna-del-piave-le-fontane-di-nogare-venerdi-alle-18-al-don-bosco\/","og_locale":"fr_FR","og_type":"article","og_title":"Flora e fauna del Piave, le Fontane di Nogar\u00e8. Venerd\u00ec alle 18 al Don Bosco - Bellunopress - Dolomiti","og_description":"Prosegue il percorso di partecipazione civica promosso dal Comitato di Quartiere Baldenich24. Venerd\u00ec 22 maggio alle ore 18, nella Sala Rossa della Parrocchia Don Bosco di Belluno, si terr\u00e0 il sesto appuntamento del ciclo &#8220;Spazi di incontro e dialogo, luoghi di partecipazione&#8221;, dedicato questa volta alla scoperta della flora e della fauna del Piave e [&hellip;]","og_url":"https:\/\/www.bellunopress.it\/fr\/2026\/05\/17\/flora-e-fauna-del-piave-le-fontane-di-nogare-venerdi-alle-18-al-don-bosco\/","og_site_name":"Bellunopress - Dolomiti","article_publisher":"https:\/\/www.facebook.com\/profile.php?id=100008943462799","article_published_time":"2026-05-17T09:24:23+00:00","og_image":[{"width":472,"height":490,"url":"https:\/\/www.bellunopress.it\/wp-content\/uploads\/2026\/05\/Le-Fontane-di-Nogare-22-maggio.jpg","type":"image\/jpeg"}],"author":"redazione","twitter_card":"summary_large_image","twitter_creator":"@bellunopress","twitter_site":"@bellunopress","twitter_misc":{"Written by":"redazione","Est. reading time":"2 minutes"},"schema":{"@context":"https:\/\/schema.org","@graph":[{"@type":"Article","@id":"https:\/\/www.bellunopress.it\/2026\/05\/17\/flora-e-fauna-del-piave-le-fontane-di-nogare-venerdi-alle-18-al-don-bosco\/#article","isPartOf":{"@id":"https:\/\/www.bellunopress.it\/2026\/05\/17\/flora-e-fauna-del-piave-le-fontane-di-nogare-venerdi-alle-18-al-don-bosco\/"},"author":{"name":"redazione","@id":"https:\/\/www.bellunopress.it\/#\/schema\/person\/79bb06722b37ece1c03d3e94beb30d73"},"headline":"Flora e fauna del Piave, le Fontane di Nogar\u00e8. Venerd\u00ec alle 18 al Don Bosco","datePublished":"2026-05-17T09:24:23+00:00","mainEntityOfPage":{"@id":"https:\/\/www.bellunopress.it\/2026\/05\/17\/flora-e-fauna-del-piave-le-fontane-di-nogare-venerdi-alle-18-al-don-bosco\/"},"wordCount":324,"publisher":{"@id":"https:\/\/www.bellunopress.it\/#organization"},"image":{"@id":"https:\/\/www.bellunopress.it\/2026\/05\/17\/flora-e-fauna-del-piave-le-fontane-di-nogare-venerdi-alle-18-al-don-bosco\/#primaryimage"},"thumbnailUrl":"https:\/\/www.bellunopress.it\/wp-content\/uploads\/2026\/05\/Le-Fontane-di-Nogare-22-maggio.jpg","articleSection":["Meteo, natura, ambiente, animali","Pausa Caff\u00e8","Societ\u00e0, Associazioni, Istituzioni"],"inLanguage":"fr-FR"},{"@type":"WebPage","@id":"https:\/\/www.bellunopress.it\/2026\/05\/17\/flora-e-fauna-del-piave-le-fontane-di-nogare-venerdi-alle-18-al-don-bosco\/","url":"https:\/\/www.bellunopress.it\/2026\/05\/17\/flora-e-fauna-del-piave-le-fontane-di-nogare-venerdi-alle-18-al-don-bosco\/","name":"Flora e fauna del Piave, le Fontane di Nogar\u00e8. Venerd\u00ec alle 18 al Don Bosco - Bellunopress - Dolomiti","isPartOf":{"@id":"https:\/\/www.bellunopress.it\/#website"},"primaryImageOfPage":{"@id":"https:\/\/www.bellunopress.it\/2026\/05\/17\/flora-e-fauna-del-piave-le-fontane-di-nogare-venerdi-alle-18-al-don-bosco\/#primaryimage"},"image":{"@id":"https:\/\/www.bellunopress.it\/2026\/05\/17\/flora-e-fauna-del-piave-le-fontane-di-nogare-venerdi-alle-18-al-don-bosco\/#primaryimage"},"thumbnailUrl":"https:\/\/www.bellunopress.it\/wp-content\/uploads\/2026\/05\/Le-Fontane-di-Nogare-22-maggio.jpg","datePublished":"2026-05-17T09:24:23+00:00","breadcrumb":{"@id":"https:\/\/www.bellunopress.it\/2026\/05\/17\/flora-e-fauna-del-piave-le-fontane-di-nogare-venerdi-alle-18-al-don-bosco\/#breadcrumb"},"inLanguage":"fr-FR","potentialAction":[{"@type":"ReadAction","target":["https:\/\/www.bellunopress.it\/2026\/05\/17\/flora-e-fauna-del-piave-le-fontane-di-nogare-venerdi-alle-18-al-don-bosco\/"]}]},{"@type":"ImageObject","inLanguage":"fr-FR","@id":"https:\/\/www.bellunopress.it\/2026\/05\/17\/flora-e-fauna-del-piave-le-fontane-di-nogare-venerdi-alle-18-al-don-bosco\/#primaryimage","url":"https:\/\/www.bellunopress.it\/wp-content\/uploads\/2026\/05\/Le-Fontane-di-Nogare-22-maggio.jpg","contentUrl":"https:\/\/www.bellunopress.it\/wp-content\/uploads\/2026\/05\/Le-Fontane-di-Nogare-22-maggio.jpg","width":472,"height":490},{"@type":"BreadcrumbList","@id":"https:\/\/www.bellunopress.it\/2026\/05\/17\/flora-e-fauna-del-piave-le-fontane-di-nogare-venerdi-alle-18-al-don-bosco\/#breadcrumb","itemListElement":[{"@type":"ListItem","position":1,"name":"Home","item":"https:\/\/www.bellunopress.it\/"},{"@type":"ListItem","position":2,"name":"Flora e fauna del Piave, le Fontane di Nogar\u00e8. Venerd\u00ec alle 18 al Don Bosco"}]},{"@type":"WebSite","@id":"https:\/\/www.bellunopress.it\/#website","url":"https:\/\/www.bellunopress.it\/","name":"Bellunopress - Dolomiti","description":"e-mail: redazione@bellunopress.it","publisher":{"@id":"https:\/\/www.bellunopress.it\/#organization"},"potentialAction":[{"@type":"SearchAction","target":{"@type":"EntryPoint","urlTemplate":"https:\/\/www.bellunopress.it\/?s={search_term_string}"},"query-input":{"@type":"PropertyValueSpecification","valueRequired":true,"valueName":"search_term_string"}}],"inLanguage":"fr-FR"},{"@type":"Organization","@id":"https:\/\/www.bellunopress.it\/#organization","name":"Bellunopress","url":"https:\/\/www.bellunopress.it\/","logo":{"@type":"ImageObject","inLanguage":"fr-FR","@id":"https:\/\/www.bellunopress.it\/#\/schema\/logo\/image\/","url":"https:\/\/www.bellunopress.it\/wp-content\/uploads\/2011\/05\/cropped-logo-bellunopress-.jpg","contentUrl":"https:\/\/www.bellunopress.it\/wp-content\/uploads\/2011\/05\/cropped-logo-bellunopress-.jpg","width":512,"height":512,"caption":"Bellunopress"},"image":{"@id":"https:\/\/www.bellunopress.it\/#\/schema\/logo\/image\/"},"sameAs":["https:\/\/www.facebook.com\/profile.php?id=100008943462799","https:\/\/x.com\/bellunopress","https:\/\/www.linkedin.com\/hp\/?dnr=JBzUWaJfMUw8vbXJJ2tVW5-I3jZKvC4wsoxE&amp;amp;amp;amp;amp;amp;trk=nav_responsive_tab_home","https:\/\/www.youtube.com\/channel\/UCxL0wu1uN0_3_7hGG0306cw"]},{"@type":"Person","@id":"https:\/\/www.bellunopress.it\/#\/schema\/person\/79bb06722b37ece1c03d3e94beb30d73","name":"r\u00e9daction","image":{"@type":"ImageObject","inLanguage":"fr-FR","@id":"https:\/\/secure.gravatar.com\/avatar\/37d968a2e67a6fd04c169c4bdef102d0bc5d31b2546345219e348575eb80e9a0?s=96&d=mm&r=g","url":"https:\/\/secure.gravatar.com\/avatar\/37d968a2e67a6fd04c169c4bdef102d0bc5d31b2546345219e348575eb80e9a0?s=96&d=mm&r=g","contentUrl":"https:\/\/secure.gravatar.com\/avatar\/37d968a2e67a6fd04c169c4bdef102d0bc5d31b2546345219e348575eb80e9a0?s=96&d=mm&r=g","caption":"redazione"},"sameAs":["http:\/\/www.bellunopress.it","https:\/\/x.com\/bellunopress"],"url":"https:\/\/www.bellunopress.it\/fr\/author\/redazione\/"}]}},"_links":{"self":[{"href":"https:\/\/www.bellunopress.it\/fr\/wp-json\/wp\/v2\/posts\/170184","targetHints":{"allow":["GET"]}}],"collection":[{"href":"https:\/\/www.bellunopress.it\/fr\/wp-json\/wp\/v2\/posts"}],"about":[{"href":"https:\/\/www.bellunopress.it\/fr\/wp-json\/wp\/v2\/types\/post"}],"author":[{"embeddable":true,"href":"https:\/\/www.bellunopress.it\/fr\/wp-json\/wp\/v2\/users\/2"}],"replies":[{"embeddable":true,"href":"https:\/\/www.bellunopress.it\/fr\/wp-json\/wp\/v2\/comments?post=170184"}],"version-history":[{"count":1,"href":"https:\/\/www.bellunopress.it\/fr\/wp-json\/wp\/v2\/posts\/170184\/revisions"}],"predecessor-version":[{"id":170186,"href":"https:\/\/www.bellunopress.it\/fr\/wp-json\/wp\/v2\/posts\/170184\/revisions\/170186"}],"wp:featuredmedia":[{"embeddable":true,"href":"https:\/\/www.bellunopress.it\/fr\/wp-json\/wp\/v2\/media\/170185"}],"wp:attachment":[{"href":"https:\/\/www.bellunopress.it\/fr\/wp-json\/wp\/v2\/media?parent=170184"}],"wp:term":[{"taxonomy":"category","embeddable":true,"href":"https:\/\/www.bellunopress.it\/fr\/wp-json\/wp\/v2\/categories?post=170184"},{"taxonomy":"post_tag","embeddable":true,"href":"https:\/\/www.bellunopress.it\/fr\/wp-json\/wp\/v2\/tags?post=170184"}],"curies":[{"name":"wp","href":"https:\/\/api.w.org\/{rel}","templated":true}]}}