{"id":170182,"date":"2026-05-17T11:16:33","date_gmt":"2026-05-17T09:16:33","guid":{"rendered":"https:\/\/www.bellunopress.it\/?p=170182"},"modified":"2026-05-17T11:16:33","modified_gmt":"2026-05-17T09:16:33","slug":"feltre-oltre-1-milione-di-euro-per-riqualificare-le-aree-sportive-assessore-bond-il-fondo-comuni-confinanti-continua-a-sostenere-interventi-che-rafforzano-la-competitivita-della-montagna","status":"publish","type":"post","link":"https:\/\/www.bellunopress.it\/fr\/2026\/05\/17\/feltre-oltre-1-milione-di-euro-per-riqualificare-le-aree-sportive-assessore-bond-il-fondo-comuni-confinanti-continua-a-sostenere-interventi-che-rafforzano-la-competitivita-della-montagna\/","title":{"rendered":"Feltre, oltre 1 milione di euro per riqualificare le aree sportive. Assessore Bond: &#8220;Il Fondo Comuni Confinanti continua a sostenere interventi che rafforzano la competitivit\u00e0 della montagna&#8221;"},"content":{"rendered":"<p>Venezia, 17 maggio 2026 &#8211;\u00a0&#8220;Un investimento importante per il territorio feltrino e per tutta l&#8217;area montana bellunese. Lo sport, soprattutto nei comuni di montagna, non \u00e8 soltanto attivit\u00e0 agonistica: \u00e8 presidio sociale, luogo di aggregazione, opportunit\u00e0 educativa e strumento fondamentale per mantenere vive le comunit\u00e0&#8221;.<\/p>\n<p>L&#8217;assessore regionale alla montagna e presidente del Fondo Comuni Confinanti Dario Bond annuncia la sottoscrizione della convenzione tra il Fondo e il Comune di Feltre, relativa al progetto strategico sovraregionale &#8220;Completamento riqualificazione aree sportive del feltrino&#8221;.<\/p>\n<p>L&#8217;intervento, del valore complessivo di 1.100.000 euro interamente finanziati dal Fondo Comuni Confinanti nell&#8217;ambito della programmazione strategica 2019-2027, sar\u00e0 attuato dal Comune di Feltre e punta a valorizzare e rafforzare la rete degli impianti sportivi territoriali attraverso opere di riqualificazione e adeguamento delle strutture.<\/p>\n<p>L&#8217;intervento rientra tra i progetti sovraregionali approvati dal Comitato paritetico del Fondo Comuni Confinanti per l&#8217;area provinciale di Belluno, con particolare attenzione alle opere capaci di generare ricadute diffuse sul territorio e di migliorare i servizi nelle aree periferiche e montane. Nel dettaglio, il progetto prevede la riqualificazione dell&#8217;ex edificio spogliatoi e l&#8217;adeguamento dell&#8217;accesso al campo sportivo di Celarda, oltre alla realizzazione di un nuovo campo di allenamento con manto sintetico nell&#8217;area sportiva di Vellai.<\/p>\n<p>&#8220;Il Fondo Comuni Confinanti \u2013 prosegue Bond \u2013 continua a dimostrare la propria funzione strategica nel sostenere interventi che migliorano la qualit\u00e0 della vita dei cittadini e rafforzano la competitivit\u00e0 dei territori di confine. Investire nelle infrastrutture sportive significa investire nei giovani, nelle famiglie e nella coesione sociale. Inoltre, la riqualificazione degli impianti sportivi rappresenta anche un elemento di attrattivit\u00e0 per il territorio&#8221;.<\/p>\n<p>&#8220;Desidero ringraziare il Comune di Feltre, gli uffici tecnici, la Provincia di Belluno e tutti i soggetti coinvolti nel percorso amministrativo per il lavoro svolto in questi mesi. La collaborazione istituzionale \u00e8 fondamentale per trasformare le risorse disponibili in opere concrete e utili ai cittadini. Questo intervento rappresenta un ulteriore passo avanti nella strategia di valorizzazione delle aree montane e dei territori confinanti&#8221;, conclude Bond.<\/p>\n<p>&nbsp;<\/p>","protected":false},"excerpt":{"rendered":"<p>Venezia, 17 maggio 2026 &#8211;\u00a0&#8220;Un investimento importante per il territorio feltrino e per tutta l&#8217;area montana bellunese. Lo sport, soprattutto nei comuni di montagna, non \u00e8 soltanto attivit\u00e0 agonistica: \u00e8 presidio sociale, luogo di aggregazione, opportunit\u00e0 educativa e strumento fondamentale per mantenere vive le comunit\u00e0&#8221;. L&#8217;assessore regionale alla montagna e presidente del Fondo Comuni Confinanti [&hellip;]<\/p>\n","protected":false},"author":2,"featured_media":165777,"comment_status":"closed","ping_status":"open","sticky":false,"template":"","format":"standard","meta":{"footnotes":""},"categories":[5,26],"tags":[],"class_list":["post-170182","post","type-post","status-publish","format-standard","has-post-thumbnail","category-cronaca","category-prima-pagina"],"yoast_head":"<!-- This site is optimized with the Yoast SEO plugin v28.4 - https:\/\/yoast.com\/product\/yoast-seo-wordpress\/ -->\n<title>Feltre, oltre 1 milione di euro per riqualificare le aree sportive. Assessore Bond: &quot;Il Fondo Comuni Confinanti continua a sostenere interventi che rafforzano la competitivit\u00e0 della montagna&quot; - Bellunopress - Dolomiti<\/title>\n<meta name=\"robots\" content=\"index, follow, max-snippet:-1, max-image-preview:large, max-video-preview:-1\" \/>\n<link rel=\"canonical\" href=\"https:\/\/www.bellunopress.it\/fr\/2026\/05\/17\/feltre-oltre-1-milione-di-euro-per-riqualificare-le-aree-sportive-assessore-bond-il-fondo-comuni-confinanti-continua-a-sostenere-interventi-che-rafforzano-la-competitivita-della-montagna\/\" \/>\n<meta property=\"og:locale\" content=\"fr_FR\" \/>\n<meta property=\"og:type\" content=\"article\" \/>\n<meta property=\"og:title\" content=\"Feltre, oltre 1 milione di euro per riqualificare le aree sportive. Assessore Bond: &quot;Il Fondo Comuni Confinanti continua a sostenere interventi che rafforzano la competitivit\u00e0 della montagna&quot; - Bellunopress - Dolomiti\" \/>\n<meta property=\"og:description\" content=\"Venezia, 17 maggio 2026 &#8211;\u00a0&#8220;Un investimento importante per il territorio feltrino e per tutta l&#8217;area montana bellunese. Lo sport, soprattutto nei comuni di montagna, non \u00e8 soltanto attivit\u00e0 agonistica: \u00e8 presidio sociale, luogo di aggregazione, opportunit\u00e0 educativa e strumento fondamentale per mantenere vive le comunit\u00e0&#8221;. L&#8217;assessore regionale alla montagna e presidente del Fondo Comuni Confinanti [&hellip;]\" \/>\n<meta property=\"og:url\" content=\"https:\/\/www.bellunopress.it\/fr\/2026\/05\/17\/feltre-oltre-1-milione-di-euro-per-riqualificare-le-aree-sportive-assessore-bond-il-fondo-comuni-confinanti-continua-a-sostenere-interventi-che-rafforzano-la-competitivita-della-montagna\/\" \/>\n<meta property=\"og:site_name\" content=\"Bellunopress - Dolomiti\" \/>\n<meta property=\"article:publisher\" content=\"https:\/\/www.facebook.com\/profile.php?id=100008943462799\" \/>\n<meta property=\"article:published_time\" content=\"2026-05-17T09:16:33+00:00\" \/>\n<meta property=\"og:image\" content=\"https:\/\/www.bellunopress.it\/wp-content\/uploads\/2025\/12\/Dario-Bond_edited.jpg\" \/>\n\t<meta property=\"og:image:width\" content=\"775\" \/>\n\t<meta property=\"og:image:height\" content=\"800\" \/>\n\t<meta property=\"og:image:type\" content=\"image\/jpeg\" \/>\n<meta name=\"author\" content=\"redazione\" \/>\n<meta name=\"twitter:card\" content=\"summary_large_image\" \/>\n<meta name=\"twitter:creator\" content=\"@bellunopress\" \/>\n<meta name=\"twitter:site\" content=\"@bellunopress\" \/>\n<meta name=\"twitter:label1\" content=\"\u00c9crit par\" \/>\n\t<meta name=\"twitter:data1\" content=\"redazione\" \/>\n\t<meta name=\"twitter:label2\" content=\"Dur\u00e9e de lecture estim\u00e9e\" \/>\n\t<meta name=\"twitter:data2\" content=\"2 minutes\" \/>\n<script type=\"application\/ld+json\" class=\"yoast-schema-graph\">{\"@context\":\"https:\\\/\\\/schema.org\",\"@graph\":[{\"@type\":\"Article\",\"@id\":\"https:\\\/\\\/www.bellunopress.it\\\/2026\\\/05\\\/17\\\/feltre-oltre-1-milione-di-euro-per-riqualificare-le-aree-sportive-assessore-bond-il-fondo-comuni-confinanti-continua-a-sostenere-interventi-che-rafforzano-la-competitivita-della-montagna\\\/#article\",\"isPartOf\":{\"@id\":\"https:\\\/\\\/www.bellunopress.it\\\/2026\\\/05\\\/17\\\/feltre-oltre-1-milione-di-euro-per-riqualificare-le-aree-sportive-assessore-bond-il-fondo-comuni-confinanti-continua-a-sostenere-interventi-che-rafforzano-la-competitivita-della-montagna\\\/\"},\"author\":{\"name\":\"redazione\",\"@id\":\"https:\\\/\\\/www.bellunopress.it\\\/#\\\/schema\\\/person\\\/79bb06722b37ece1c03d3e94beb30d73\"},\"headline\":\"Feltre, oltre 1 milione di euro per riqualificare le aree sportive. Assessore Bond: &#8220;Il Fondo Comuni Confinanti continua a sostenere interventi che rafforzano la competitivit\u00e0 della montagna&#8221;\",\"datePublished\":\"2026-05-17T09:16:33+00:00\",\"mainEntityOfPage\":{\"@id\":\"https:\\\/\\\/www.bellunopress.it\\\/2026\\\/05\\\/17\\\/feltre-oltre-1-milione-di-euro-per-riqualificare-le-aree-sportive-assessore-bond-il-fondo-comuni-confinanti-continua-a-sostenere-interventi-che-rafforzano-la-competitivita-della-montagna\\\/\"},\"wordCount\":358,\"publisher\":{\"@id\":\"https:\\\/\\\/www.bellunopress.it\\\/#organization\"},\"image\":{\"@id\":\"https:\\\/\\\/www.bellunopress.it\\\/2026\\\/05\\\/17\\\/feltre-oltre-1-milione-di-euro-per-riqualificare-le-aree-sportive-assessore-bond-il-fondo-comuni-confinanti-continua-a-sostenere-interventi-che-rafforzano-la-competitivita-della-montagna\\\/#primaryimage\"},\"thumbnailUrl\":\"https:\\\/\\\/www.bellunopress.it\\\/wp-content\\\/uploads\\\/2025\\\/12\\\/Dario-Bond_edited.jpg\",\"articleSection\":[\"Cronaca\\\/Politica\",\"Prima Pagina\"],\"inLanguage\":\"fr-FR\"},{\"@type\":\"WebPage\",\"@id\":\"https:\\\/\\\/www.bellunopress.it\\\/2026\\\/05\\\/17\\\/feltre-oltre-1-milione-di-euro-per-riqualificare-le-aree-sportive-assessore-bond-il-fondo-comuni-confinanti-continua-a-sostenere-interventi-che-rafforzano-la-competitivita-della-montagna\\\/\",\"url\":\"https:\\\/\\\/www.bellunopress.it\\\/2026\\\/05\\\/17\\\/feltre-oltre-1-milione-di-euro-per-riqualificare-le-aree-sportive-assessore-bond-il-fondo-comuni-confinanti-continua-a-sostenere-interventi-che-rafforzano-la-competitivita-della-montagna\\\/\",\"name\":\"Feltre, oltre 1 milione di euro per riqualificare le aree sportive. Assessore Bond: \\\"Il Fondo Comuni Confinanti continua a sostenere interventi che rafforzano la competitivit\u00e0 della montagna\\\" - Bellunopress - Dolomiti\",\"isPartOf\":{\"@id\":\"https:\\\/\\\/www.bellunopress.it\\\/#website\"},\"primaryImageOfPage\":{\"@id\":\"https:\\\/\\\/www.bellunopress.it\\\/2026\\\/05\\\/17\\\/feltre-oltre-1-milione-di-euro-per-riqualificare-le-aree-sportive-assessore-bond-il-fondo-comuni-confinanti-continua-a-sostenere-interventi-che-rafforzano-la-competitivita-della-montagna\\\/#primaryimage\"},\"image\":{\"@id\":\"https:\\\/\\\/www.bellunopress.it\\\/2026\\\/05\\\/17\\\/feltre-oltre-1-milione-di-euro-per-riqualificare-le-aree-sportive-assessore-bond-il-fondo-comuni-confinanti-continua-a-sostenere-interventi-che-rafforzano-la-competitivita-della-montagna\\\/#primaryimage\"},\"thumbnailUrl\":\"https:\\\/\\\/www.bellunopress.it\\\/wp-content\\\/uploads\\\/2025\\\/12\\\/Dario-Bond_edited.jpg\",\"datePublished\":\"2026-05-17T09:16:33+00:00\",\"breadcrumb\":{\"@id\":\"https:\\\/\\\/www.bellunopress.it\\\/2026\\\/05\\\/17\\\/feltre-oltre-1-milione-di-euro-per-riqualificare-le-aree-sportive-assessore-bond-il-fondo-comuni-confinanti-continua-a-sostenere-interventi-che-rafforzano-la-competitivita-della-montagna\\\/#breadcrumb\"},\"inLanguage\":\"fr-FR\",\"potentialAction\":[{\"@type\":\"ReadAction\",\"target\":[\"https:\\\/\\\/www.bellunopress.it\\\/2026\\\/05\\\/17\\\/feltre-oltre-1-milione-di-euro-per-riqualificare-le-aree-sportive-assessore-bond-il-fondo-comuni-confinanti-continua-a-sostenere-interventi-che-rafforzano-la-competitivita-della-montagna\\\/\"]}]},{\"@type\":\"ImageObject\",\"inLanguage\":\"fr-FR\",\"@id\":\"https:\\\/\\\/www.bellunopress.it\\\/2026\\\/05\\\/17\\\/feltre-oltre-1-milione-di-euro-per-riqualificare-le-aree-sportive-assessore-bond-il-fondo-comuni-confinanti-continua-a-sostenere-interventi-che-rafforzano-la-competitivita-della-montagna\\\/#primaryimage\",\"url\":\"https:\\\/\\\/www.bellunopress.it\\\/wp-content\\\/uploads\\\/2025\\\/12\\\/Dario-Bond_edited.jpg\",\"contentUrl\":\"https:\\\/\\\/www.bellunopress.it\\\/wp-content\\\/uploads\\\/2025\\\/12\\\/Dario-Bond_edited.jpg\",\"width\":775,\"height\":800,\"caption\":\"Dario Bond, assessore regionale e presidente del Fondo Comuni Confinanti\"},{\"@type\":\"BreadcrumbList\",\"@id\":\"https:\\\/\\\/www.bellunopress.it\\\/2026\\\/05\\\/17\\\/feltre-oltre-1-milione-di-euro-per-riqualificare-le-aree-sportive-assessore-bond-il-fondo-comuni-confinanti-continua-a-sostenere-interventi-che-rafforzano-la-competitivita-della-montagna\\\/#breadcrumb\",\"itemListElement\":[{\"@type\":\"ListItem\",\"position\":1,\"name\":\"Home\",\"item\":\"https:\\\/\\\/www.bellunopress.it\\\/\"},{\"@type\":\"ListItem\",\"position\":2,\"name\":\"Feltre, oltre 1 milione di euro per riqualificare le aree sportive. Assessore Bond: &#8220;Il Fondo Comuni Confinanti continua a sostenere interventi che rafforzano la competitivit\u00e0 della montagna&#8221;\"}]},{\"@type\":\"WebSite\",\"@id\":\"https:\\\/\\\/www.bellunopress.it\\\/#website\",\"url\":\"https:\\\/\\\/www.bellunopress.it\\\/\",\"name\":\"Bellunopress - Dolomiti\",\"description\":\"e-mail: redazione@bellunopress.it\",\"publisher\":{\"@id\":\"https:\\\/\\\/www.bellunopress.it\\\/#organization\"},\"potentialAction\":[{\"@type\":\"SearchAction\",\"target\":{\"@type\":\"EntryPoint\",\"urlTemplate\":\"https:\\\/\\\/www.bellunopress.it\\\/?s={search_term_string}\"},\"query-input\":{\"@type\":\"PropertyValueSpecification\",\"valueRequired\":true,\"valueName\":\"search_term_string\"}}],\"inLanguage\":\"fr-FR\"},{\"@type\":\"Organization\",\"@id\":\"https:\\\/\\\/www.bellunopress.it\\\/#organization\",\"name\":\"Bellunopress\",\"url\":\"https:\\\/\\\/www.bellunopress.it\\\/\",\"logo\":{\"@type\":\"ImageObject\",\"inLanguage\":\"fr-FR\",\"@id\":\"https:\\\/\\\/www.bellunopress.it\\\/#\\\/schema\\\/logo\\\/image\\\/\",\"url\":\"https:\\\/\\\/www.bellunopress.it\\\/wp-content\\\/uploads\\\/2011\\\/05\\\/cropped-logo-bellunopress-.jpg\",\"contentUrl\":\"https:\\\/\\\/www.bellunopress.it\\\/wp-content\\\/uploads\\\/2011\\\/05\\\/cropped-logo-bellunopress-.jpg\",\"width\":512,\"height\":512,\"caption\":\"Bellunopress\"},\"image\":{\"@id\":\"https:\\\/\\\/www.bellunopress.it\\\/#\\\/schema\\\/logo\\\/image\\\/\"},\"sameAs\":[\"https:\\\/\\\/www.facebook.com\\\/profile.php?id=100008943462799\",\"https:\\\/\\\/x.com\\\/bellunopress\",\"https:\\\/\\\/www.linkedin.com\\\/hp\\\/?dnr=JBzUWaJfMUw8vbXJJ2tVW5-I3jZKvC4wsoxE&amp;amp;amp;amp;amp;amp;trk=nav_responsive_tab_home\",\"https:\\\/\\\/www.youtube.com\\\/channel\\\/UCxL0wu1uN0_3_7hGG0306cw\"]},{\"@type\":\"Person\",\"@id\":\"https:\\\/\\\/www.bellunopress.it\\\/#\\\/schema\\\/person\\\/79bb06722b37ece1c03d3e94beb30d73\",\"name\":\"redazione\",\"image\":{\"@type\":\"ImageObject\",\"inLanguage\":\"fr-FR\",\"@id\":\"https:\\\/\\\/secure.gravatar.com\\\/avatar\\\/37d968a2e67a6fd04c169c4bdef102d0bc5d31b2546345219e348575eb80e9a0?s=96&d=mm&r=g\",\"url\":\"https:\\\/\\\/secure.gravatar.com\\\/avatar\\\/37d968a2e67a6fd04c169c4bdef102d0bc5d31b2546345219e348575eb80e9a0?s=96&d=mm&r=g\",\"contentUrl\":\"https:\\\/\\\/secure.gravatar.com\\\/avatar\\\/37d968a2e67a6fd04c169c4bdef102d0bc5d31b2546345219e348575eb80e9a0?s=96&d=mm&r=g\",\"caption\":\"redazione\"},\"sameAs\":[\"http:\\\/\\\/www.bellunopress.it\",\"https:\\\/\\\/x.com\\\/bellunopress\"],\"url\":\"https:\\\/\\\/www.bellunopress.it\\\/fr\\\/author\\\/redazione\\\/\"}]}<\/script>\n<!-- \/ Yoast SEO plugin. -->","yoast_head_json":{"title":"Feltre, oltre 1 milione di euro per riqualificare le aree sportive. Assessore Bond: \"Il Fondo Comuni Confinanti continua a sostenere interventi che rafforzano la competitivit\u00e0 della montagna\" - Bellunopress - Dolomiti","robots":{"index":"index","follow":"follow","max-snippet":"max-snippet:-1","max-image-preview":"max-image-preview:large","max-video-preview":"max-video-preview:-1"},"canonical":"https:\/\/www.bellunopress.it\/fr\/2026\/05\/17\/feltre-oltre-1-milione-di-euro-per-riqualificare-le-aree-sportive-assessore-bond-il-fondo-comuni-confinanti-continua-a-sostenere-interventi-che-rafforzano-la-competitivita-della-montagna\/","og_locale":"fr_FR","og_type":"article","og_title":"Feltre, oltre 1 milione di euro per riqualificare le aree sportive. Assessore Bond: \"Il Fondo Comuni Confinanti continua a sostenere interventi che rafforzano la competitivit\u00e0 della montagna\" - Bellunopress - Dolomiti","og_description":"Venezia, 17 maggio 2026 &#8211;\u00a0&#8220;Un investimento importante per il territorio feltrino e per tutta l&#8217;area montana bellunese. Lo sport, soprattutto nei comuni di montagna, non \u00e8 soltanto attivit\u00e0 agonistica: \u00e8 presidio sociale, luogo di aggregazione, opportunit\u00e0 educativa e strumento fondamentale per mantenere vive le comunit\u00e0&#8221;. L&#8217;assessore regionale alla montagna e presidente del Fondo Comuni Confinanti [&hellip;]","og_url":"https:\/\/www.bellunopress.it\/fr\/2026\/05\/17\/feltre-oltre-1-milione-di-euro-per-riqualificare-le-aree-sportive-assessore-bond-il-fondo-comuni-confinanti-continua-a-sostenere-interventi-che-rafforzano-la-competitivita-della-montagna\/","og_site_name":"Bellunopress - Dolomiti","article_publisher":"https:\/\/www.facebook.com\/profile.php?id=100008943462799","article_published_time":"2026-05-17T09:16:33+00:00","og_image":[{"width":775,"height":800,"url":"https:\/\/www.bellunopress.it\/wp-content\/uploads\/2025\/12\/Dario-Bond_edited.jpg","type":"image\/jpeg"}],"author":"redazione","twitter_card":"summary_large_image","twitter_creator":"@bellunopress","twitter_site":"@bellunopress","twitter_misc":{"\u00c9crit par":"redazione","Dur\u00e9e de lecture estim\u00e9e":"2 minutes"},"schema":{"@context":"https:\/\/schema.org","@graph":[{"@type":"Article","@id":"https:\/\/www.bellunopress.it\/2026\/05\/17\/feltre-oltre-1-milione-di-euro-per-riqualificare-le-aree-sportive-assessore-bond-il-fondo-comuni-confinanti-continua-a-sostenere-interventi-che-rafforzano-la-competitivita-della-montagna\/#article","isPartOf":{"@id":"https:\/\/www.bellunopress.it\/2026\/05\/17\/feltre-oltre-1-milione-di-euro-per-riqualificare-le-aree-sportive-assessore-bond-il-fondo-comuni-confinanti-continua-a-sostenere-interventi-che-rafforzano-la-competitivita-della-montagna\/"},"author":{"name":"redazione","@id":"https:\/\/www.bellunopress.it\/#\/schema\/person\/79bb06722b37ece1c03d3e94beb30d73"},"headline":"Feltre, oltre 1 milione di euro per riqualificare le aree sportive. Assessore Bond: &#8220;Il Fondo Comuni Confinanti continua a sostenere interventi che rafforzano la competitivit\u00e0 della montagna&#8221;","datePublished":"2026-05-17T09:16:33+00:00","mainEntityOfPage":{"@id":"https:\/\/www.bellunopress.it\/2026\/05\/17\/feltre-oltre-1-milione-di-euro-per-riqualificare-le-aree-sportive-assessore-bond-il-fondo-comuni-confinanti-continua-a-sostenere-interventi-che-rafforzano-la-competitivita-della-montagna\/"},"wordCount":358,"publisher":{"@id":"https:\/\/www.bellunopress.it\/#organization"},"image":{"@id":"https:\/\/www.bellunopress.it\/2026\/05\/17\/feltre-oltre-1-milione-di-euro-per-riqualificare-le-aree-sportive-assessore-bond-il-fondo-comuni-confinanti-continua-a-sostenere-interventi-che-rafforzano-la-competitivita-della-montagna\/#primaryimage"},"thumbnailUrl":"https:\/\/www.bellunopress.it\/wp-content\/uploads\/2025\/12\/Dario-Bond_edited.jpg","articleSection":["Cronaca\/Politica","Prima Pagina"],"inLanguage":"fr-FR"},{"@type":"WebPage","@id":"https:\/\/www.bellunopress.it\/2026\/05\/17\/feltre-oltre-1-milione-di-euro-per-riqualificare-le-aree-sportive-assessore-bond-il-fondo-comuni-confinanti-continua-a-sostenere-interventi-che-rafforzano-la-competitivita-della-montagna\/","url":"https:\/\/www.bellunopress.it\/2026\/05\/17\/feltre-oltre-1-milione-di-euro-per-riqualificare-le-aree-sportive-assessore-bond-il-fondo-comuni-confinanti-continua-a-sostenere-interventi-che-rafforzano-la-competitivita-della-montagna\/","name":"Feltre, oltre 1 milione di euro per riqualificare le aree sportive. Assessore Bond: \"Il Fondo Comuni Confinanti continua a sostenere interventi che rafforzano la competitivit\u00e0 della montagna\" - Bellunopress - Dolomiti","isPartOf":{"@id":"https:\/\/www.bellunopress.it\/#website"},"primaryImageOfPage":{"@id":"https:\/\/www.bellunopress.it\/2026\/05\/17\/feltre-oltre-1-milione-di-euro-per-riqualificare-le-aree-sportive-assessore-bond-il-fondo-comuni-confinanti-continua-a-sostenere-interventi-che-rafforzano-la-competitivita-della-montagna\/#primaryimage"},"image":{"@id":"https:\/\/www.bellunopress.it\/2026\/05\/17\/feltre-oltre-1-milione-di-euro-per-riqualificare-le-aree-sportive-assessore-bond-il-fondo-comuni-confinanti-continua-a-sostenere-interventi-che-rafforzano-la-competitivita-della-montagna\/#primaryimage"},"thumbnailUrl":"https:\/\/www.bellunopress.it\/wp-content\/uploads\/2025\/12\/Dario-Bond_edited.jpg","datePublished":"2026-05-17T09:16:33+00:00","breadcrumb":{"@id":"https:\/\/www.bellunopress.it\/2026\/05\/17\/feltre-oltre-1-milione-di-euro-per-riqualificare-le-aree-sportive-assessore-bond-il-fondo-comuni-confinanti-continua-a-sostenere-interventi-che-rafforzano-la-competitivita-della-montagna\/#breadcrumb"},"inLanguage":"fr-FR","potentialAction":[{"@type":"ReadAction","target":["https:\/\/www.bellunopress.it\/2026\/05\/17\/feltre-oltre-1-milione-di-euro-per-riqualificare-le-aree-sportive-assessore-bond-il-fondo-comuni-confinanti-continua-a-sostenere-interventi-che-rafforzano-la-competitivita-della-montagna\/"]}]},{"@type":"ImageObject","inLanguage":"fr-FR","@id":"https:\/\/www.bellunopress.it\/2026\/05\/17\/feltre-oltre-1-milione-di-euro-per-riqualificare-le-aree-sportive-assessore-bond-il-fondo-comuni-confinanti-continua-a-sostenere-interventi-che-rafforzano-la-competitivita-della-montagna\/#primaryimage","url":"https:\/\/www.bellunopress.it\/wp-content\/uploads\/2025\/12\/Dario-Bond_edited.jpg","contentUrl":"https:\/\/www.bellunopress.it\/wp-content\/uploads\/2025\/12\/Dario-Bond_edited.jpg","width":775,"height":800,"caption":"Dario Bond, assessore regionale e presidente del Fondo Comuni Confinanti"},{"@type":"BreadcrumbList","@id":"https:\/\/www.bellunopress.it\/2026\/05\/17\/feltre-oltre-1-milione-di-euro-per-riqualificare-le-aree-sportive-assessore-bond-il-fondo-comuni-confinanti-continua-a-sostenere-interventi-che-rafforzano-la-competitivita-della-montagna\/#breadcrumb","itemListElement":[{"@type":"ListItem","position":1,"name":"Home","item":"https:\/\/www.bellunopress.it\/"},{"@type":"ListItem","position":2,"name":"Feltre, oltre 1 milione di euro per riqualificare le aree sportive. Assessore Bond: &#8220;Il Fondo Comuni Confinanti continua a sostenere interventi che rafforzano la competitivit\u00e0 della montagna&#8221;"}]},{"@type":"WebSite","@id":"https:\/\/www.bellunopress.it\/#website","url":"https:\/\/www.bellunopress.it\/","name":"Bellunopress - Dolomiti","description":"e-mail: redazione@bellunopress.it","publisher":{"@id":"https:\/\/www.bellunopress.it\/#organization"},"potentialAction":[{"@type":"SearchAction","target":{"@type":"EntryPoint","urlTemplate":"https:\/\/www.bellunopress.it\/?s={search_term_string}"},"query-input":{"@type":"PropertyValueSpecification","valueRequired":true,"valueName":"search_term_string"}}],"inLanguage":"fr-FR"},{"@type":"Organization","@id":"https:\/\/www.bellunopress.it\/#organization","name":"Bellunopress","url":"https:\/\/www.bellunopress.it\/","logo":{"@type":"ImageObject","inLanguage":"fr-FR","@id":"https:\/\/www.bellunopress.it\/#\/schema\/logo\/image\/","url":"https:\/\/www.bellunopress.it\/wp-content\/uploads\/2011\/05\/cropped-logo-bellunopress-.jpg","contentUrl":"https:\/\/www.bellunopress.it\/wp-content\/uploads\/2011\/05\/cropped-logo-bellunopress-.jpg","width":512,"height":512,"caption":"Bellunopress"},"image":{"@id":"https:\/\/www.bellunopress.it\/#\/schema\/logo\/image\/"},"sameAs":["https:\/\/www.facebook.com\/profile.php?id=100008943462799","https:\/\/x.com\/bellunopress","https:\/\/www.linkedin.com\/hp\/?dnr=JBzUWaJfMUw8vbXJJ2tVW5-I3jZKvC4wsoxE&amp;amp;amp;amp;amp;amp;trk=nav_responsive_tab_home","https:\/\/www.youtube.com\/channel\/UCxL0wu1uN0_3_7hGG0306cw"]},{"@type":"Person","@id":"https:\/\/www.bellunopress.it\/#\/schema\/person\/79bb06722b37ece1c03d3e94beb30d73","name":"r\u00e9daction","image":{"@type":"ImageObject","inLanguage":"fr-FR","@id":"https:\/\/secure.gravatar.com\/avatar\/37d968a2e67a6fd04c169c4bdef102d0bc5d31b2546345219e348575eb80e9a0?s=96&d=mm&r=g","url":"https:\/\/secure.gravatar.com\/avatar\/37d968a2e67a6fd04c169c4bdef102d0bc5d31b2546345219e348575eb80e9a0?s=96&d=mm&r=g","contentUrl":"https:\/\/secure.gravatar.com\/avatar\/37d968a2e67a6fd04c169c4bdef102d0bc5d31b2546345219e348575eb80e9a0?s=96&d=mm&r=g","caption":"redazione"},"sameAs":["http:\/\/www.bellunopress.it","https:\/\/x.com\/bellunopress"],"url":"https:\/\/www.bellunopress.it\/fr\/author\/redazione\/"}]}},"_links":{"self":[{"href":"https:\/\/www.bellunopress.it\/fr\/wp-json\/wp\/v2\/posts\/170182","targetHints":{"allow":["GET"]}}],"collection":[{"href":"https:\/\/www.bellunopress.it\/fr\/wp-json\/wp\/v2\/posts"}],"about":[{"href":"https:\/\/www.bellunopress.it\/fr\/wp-json\/wp\/v2\/types\/post"}],"author":[{"embeddable":true,"href":"https:\/\/www.bellunopress.it\/fr\/wp-json\/wp\/v2\/users\/2"}],"replies":[{"embeddable":true,"href":"https:\/\/www.bellunopress.it\/fr\/wp-json\/wp\/v2\/comments?post=170182"}],"version-history":[{"count":1,"href":"https:\/\/www.bellunopress.it\/fr\/wp-json\/wp\/v2\/posts\/170182\/revisions"}],"predecessor-version":[{"id":170183,"href":"https:\/\/www.bellunopress.it\/fr\/wp-json\/wp\/v2\/posts\/170182\/revisions\/170183"}],"wp:featuredmedia":[{"embeddable":true,"href":"https:\/\/www.bellunopress.it\/fr\/wp-json\/wp\/v2\/media\/165777"}],"wp:attachment":[{"href":"https:\/\/www.bellunopress.it\/fr\/wp-json\/wp\/v2\/media?parent=170182"}],"wp:term":[{"taxonomy":"category","embeddable":true,"href":"https:\/\/www.bellunopress.it\/fr\/wp-json\/wp\/v2\/categories?post=170182"},{"taxonomy":"post_tag","embeddable":true,"href":"https:\/\/www.bellunopress.it\/fr\/wp-json\/wp\/v2\/tags?post=170182"}],"curies":[{"name":"wp","href":"https:\/\/api.w.org\/{rel}","templated":true}]}}