{"id":170179,"date":"2026-05-16T21:18:39","date_gmt":"2026-05-16T19:18:39","guid":{"rendered":"https:\/\/www.bellunopress.it\/?p=170179"},"modified":"2026-05-16T21:18:39","modified_gmt":"2026-05-16T19:18:39","slug":"seren-del-grappa-festeggia-il-futuro-il-sindaco-accoglie-i-18-nuovi-nati-del-2025","status":"publish","type":"post","link":"https:\/\/www.bellunopress.it\/fr\/2026\/05\/16\/seren-del-grappa-festeggia-il-futuro-il-sindaco-accoglie-i-18-nuovi-nati-del-2025\/","title":{"rendered":"Seren del Grappa festeggia il futuro: il sindaco accoglie i 18 nuovi nati del 2025"},"content":{"rendered":"<p data-path-to-node=\"3\">Seren del Grappa, 16\/05\/2026 \u00a0\u2013 Un segnale di speranza, vitalit\u00e0 e fiducia nel domani. Con questi sentimenti l\u2019Amministrazione Comunale di Seren del Grappa ha voluto omaggiare i nuovi piccoli cittadini nati nel corso del 2025. In un momento di festa sobrio ma carico di emozione, il Sindaco Dario Scopel ha incontrato le famiglie per dare ufficialmente il benvenuto ai bambini che rappresentano il futuro della comunit\u00e0 pedemontana.<\/p>\n<p data-path-to-node=\"5\">Sono 18 i bambini nati nell\u2019ultimo anno, un dato che l\u2019Amministrazione accoglie con particolare entusiasmo. In un\u2019epoca segnata dal calo demografico, vedere una comunit\u00e0 che cresce con tale vigore \u00e8 un traguardo non scontato.<\/p>\n<blockquote data-path-to-node=\"6\">\n<h6 style=\"text-align: left;\" data-path-to-node=\"6,0\">&#8220;\u00c8 stato davvero bello condividere un momento semplice ma molto sentito con le famiglie,&#8221; ha dichiarato il Sindaco <b data-path-to-node=\"6,0\" data-index-in-node=\"115\">Dario Scopel<\/b>. &#8220;Quest\u2019anno abbiamo accolto 18 bambini, un numero che ci rende particolarmente felici e che rappresenta un segnale importante per la nostra comunit\u00e0.&#8221;<\/h6>\n<\/blockquote>\n<p data-path-to-node=\"8\">L\u2019incontro non \u00e8 stato solo un\u2019occasione per le congratulazioni di rito, ma anche un momento per ribadire l\u2019impegno politico e sociale verso i residenti. Il Sindaco ha sottolineato come ogni nascita sia un motivo di speranza, ma anche uno stimolo per la politica locale a fare sempre meglio.<\/p>\n<p data-path-to-node=\"9\">L\u2019obiettivo dichiarato dall\u2019Amministrazione \u00e8 chiaro: rendere Seren del Grappa un luogo attrattivo dove i giovani possano decidere di restare e mettere radici.<\/p>\n<ul data-path-to-node=\"10\">\n<li>\n<p data-path-to-node=\"10,0,0\">Servizi dedicati: Potenziamento delle strutture per l&#8217;infanzia.<\/p>\n<\/li>\n<li>\n<p data-path-to-node=\"10,1,0\">Qualit\u00e0 della vita: Investimenti mirati affinch\u00e9 il paese sia a &#8220;misura di famiglia&#8221;.<\/p>\n<\/li>\n<li>\n<p data-path-to-node=\"10,2,0\">Supporto costante: Proseguimento delle politiche di welfare locale.<\/p>\n<\/li>\n<\/ul>\n<p data-path-to-node=\"12\">Il benvenuto ai piccoli cittadini si traduce, per la giunta Scopel, in una promessa di continuit\u00e0: &#8220;Continueremo a investire con convinzione nei servizi dedicati alle famiglie,&#8221; ha concluso il primo cittadino, &#8220;affinch\u00e9 il nostro paese sia sempre pi\u00f9 un luogo in cui scegliere di vivere, crescere e costruire il proprio futuro insieme ai propri figli.&#8221;<\/p>\n<p data-path-to-node=\"14\">Auguri a tutti i nuovi nati e alle loro famiglie dalla comunit\u00e0 di Seren del Grappa!<\/p>","protected":false},"excerpt":{"rendered":"<p>Seren del Grappa, 16\/05\/2026 \u00a0\u2013 Un segnale di speranza, vitalit\u00e0 e fiducia nel domani. Con questi sentimenti l\u2019Amministrazione Comunale di Seren del Grappa ha voluto omaggiare i nuovi piccoli cittadini nati nel corso del 2025. In un momento di festa sobrio ma carico di emozione, il Sindaco Dario Scopel ha incontrato le famiglie per dare [&hellip;]<\/p>\n","protected":false},"author":2,"featured_media":170180,"comment_status":"closed","ping_status":"open","sticky":false,"template":"","format":"standard","meta":{"footnotes":""},"categories":[26,8],"tags":[],"class_list":["post-170179","post","type-post","status-publish","format-standard","has-post-thumbnail","category-prima-pagina","category-societa-istituzioni"],"yoast_head":"<!-- This site is optimized with the Yoast SEO plugin v28.4 - https:\/\/yoast.com\/product\/yoast-seo-wordpress\/ -->\n<title>Seren del Grappa festeggia il futuro: il sindaco accoglie i 18 nuovi nati del 2025 - Bellunopress - Dolomiti<\/title>\n<meta name=\"robots\" content=\"index, follow, max-snippet:-1, max-image-preview:large, max-video-preview:-1\" \/>\n<link rel=\"canonical\" href=\"https:\/\/www.bellunopress.it\/fr\/2026\/05\/16\/seren-del-grappa-festeggia-il-futuro-il-sindaco-accoglie-i-18-nuovi-nati-del-2025\/\" \/>\n<meta property=\"og:locale\" content=\"fr_FR\" \/>\n<meta property=\"og:type\" content=\"article\" \/>\n<meta property=\"og:title\" content=\"Seren del Grappa festeggia il futuro: il sindaco accoglie i 18 nuovi nati del 2025 - Bellunopress - Dolomiti\" \/>\n<meta property=\"og:description\" content=\"Seren del Grappa, 16\/05\/2026 \u00a0\u2013 Un segnale di speranza, vitalit\u00e0 e fiducia nel domani. Con questi sentimenti l\u2019Amministrazione Comunale di Seren del Grappa ha voluto omaggiare i nuovi piccoli cittadini nati nel corso del 2025. In un momento di festa sobrio ma carico di emozione, il Sindaco Dario Scopel ha incontrato le famiglie per dare [&hellip;]\" \/>\n<meta property=\"og:url\" content=\"https:\/\/www.bellunopress.it\/fr\/2026\/05\/16\/seren-del-grappa-festeggia-il-futuro-il-sindaco-accoglie-i-18-nuovi-nati-del-2025\/\" \/>\n<meta property=\"og:site_name\" content=\"Bellunopress - Dolomiti\" \/>\n<meta property=\"article:publisher\" content=\"https:\/\/www.facebook.com\/profile.php?id=100008943462799\" \/>\n<meta property=\"article:published_time\" content=\"2026-05-16T19:18:39+00:00\" \/>\n<meta property=\"og:image\" content=\"https:\/\/www.bellunopress.it\/wp-content\/uploads\/2026\/05\/Festa-dei-nuovi-nati-2025-Seren-del-Grappa.jpg\" \/>\n\t<meta property=\"og:image:width\" content=\"600\" \/>\n\t<meta property=\"og:image:height\" content=\"293\" \/>\n\t<meta property=\"og:image:type\" content=\"image\/jpeg\" \/>\n<meta name=\"author\" content=\"redazione\" \/>\n<meta name=\"twitter:card\" content=\"summary_large_image\" \/>\n<meta name=\"twitter:creator\" content=\"@bellunopress\" \/>\n<meta name=\"twitter:site\" content=\"@bellunopress\" \/>\n<meta name=\"twitter:label1\" content=\"\u00c9crit par\" \/>\n\t<meta name=\"twitter:data1\" content=\"redazione\" \/>\n\t<meta name=\"twitter:label2\" content=\"Dur\u00e9e de lecture estim\u00e9e\" \/>\n\t<meta name=\"twitter:data2\" content=\"2 minutes\" \/>\n<script type=\"application\/ld+json\" class=\"yoast-schema-graph\">{\"@context\":\"https:\\\/\\\/schema.org\",\"@graph\":[{\"@type\":\"Article\",\"@id\":\"https:\\\/\\\/www.bellunopress.it\\\/2026\\\/05\\\/16\\\/seren-del-grappa-festeggia-il-futuro-il-sindaco-accoglie-i-18-nuovi-nati-del-2025\\\/#article\",\"isPartOf\":{\"@id\":\"https:\\\/\\\/www.bellunopress.it\\\/2026\\\/05\\\/16\\\/seren-del-grappa-festeggia-il-futuro-il-sindaco-accoglie-i-18-nuovi-nati-del-2025\\\/\"},\"author\":{\"name\":\"redazione\",\"@id\":\"https:\\\/\\\/www.bellunopress.it\\\/#\\\/schema\\\/person\\\/79bb06722b37ece1c03d3e94beb30d73\"},\"headline\":\"Seren del Grappa festeggia il futuro: il sindaco accoglie i 18 nuovi nati del 2025\",\"datePublished\":\"2026-05-16T19:18:39+00:00\",\"mainEntityOfPage\":{\"@id\":\"https:\\\/\\\/www.bellunopress.it\\\/2026\\\/05\\\/16\\\/seren-del-grappa-festeggia-il-futuro-il-sindaco-accoglie-i-18-nuovi-nati-del-2025\\\/\"},\"wordCount\":327,\"publisher\":{\"@id\":\"https:\\\/\\\/www.bellunopress.it\\\/#organization\"},\"image\":{\"@id\":\"https:\\\/\\\/www.bellunopress.it\\\/2026\\\/05\\\/16\\\/seren-del-grappa-festeggia-il-futuro-il-sindaco-accoglie-i-18-nuovi-nati-del-2025\\\/#primaryimage\"},\"thumbnailUrl\":\"https:\\\/\\\/www.bellunopress.it\\\/wp-content\\\/uploads\\\/2026\\\/05\\\/Festa-dei-nuovi-nati-2025-Seren-del-Grappa.jpg\",\"articleSection\":[\"Prima Pagina\",\"Societ\u00e0, Associazioni, Istituzioni\"],\"inLanguage\":\"fr-FR\"},{\"@type\":\"WebPage\",\"@id\":\"https:\\\/\\\/www.bellunopress.it\\\/2026\\\/05\\\/16\\\/seren-del-grappa-festeggia-il-futuro-il-sindaco-accoglie-i-18-nuovi-nati-del-2025\\\/\",\"url\":\"https:\\\/\\\/www.bellunopress.it\\\/2026\\\/05\\\/16\\\/seren-del-grappa-festeggia-il-futuro-il-sindaco-accoglie-i-18-nuovi-nati-del-2025\\\/\",\"name\":\"Seren del Grappa festeggia il futuro: il sindaco accoglie i 18 nuovi nati del 2025 - Bellunopress - Dolomiti\",\"isPartOf\":{\"@id\":\"https:\\\/\\\/www.bellunopress.it\\\/#website\"},\"primaryImageOfPage\":{\"@id\":\"https:\\\/\\\/www.bellunopress.it\\\/2026\\\/05\\\/16\\\/seren-del-grappa-festeggia-il-futuro-il-sindaco-accoglie-i-18-nuovi-nati-del-2025\\\/#primaryimage\"},\"image\":{\"@id\":\"https:\\\/\\\/www.bellunopress.it\\\/2026\\\/05\\\/16\\\/seren-del-grappa-festeggia-il-futuro-il-sindaco-accoglie-i-18-nuovi-nati-del-2025\\\/#primaryimage\"},\"thumbnailUrl\":\"https:\\\/\\\/www.bellunopress.it\\\/wp-content\\\/uploads\\\/2026\\\/05\\\/Festa-dei-nuovi-nati-2025-Seren-del-Grappa.jpg\",\"datePublished\":\"2026-05-16T19:18:39+00:00\",\"breadcrumb\":{\"@id\":\"https:\\\/\\\/www.bellunopress.it\\\/2026\\\/05\\\/16\\\/seren-del-grappa-festeggia-il-futuro-il-sindaco-accoglie-i-18-nuovi-nati-del-2025\\\/#breadcrumb\"},\"inLanguage\":\"fr-FR\",\"potentialAction\":[{\"@type\":\"ReadAction\",\"target\":[\"https:\\\/\\\/www.bellunopress.it\\\/2026\\\/05\\\/16\\\/seren-del-grappa-festeggia-il-futuro-il-sindaco-accoglie-i-18-nuovi-nati-del-2025\\\/\"]}]},{\"@type\":\"ImageObject\",\"inLanguage\":\"fr-FR\",\"@id\":\"https:\\\/\\\/www.bellunopress.it\\\/2026\\\/05\\\/16\\\/seren-del-grappa-festeggia-il-futuro-il-sindaco-accoglie-i-18-nuovi-nati-del-2025\\\/#primaryimage\",\"url\":\"https:\\\/\\\/www.bellunopress.it\\\/wp-content\\\/uploads\\\/2026\\\/05\\\/Festa-dei-nuovi-nati-2025-Seren-del-Grappa.jpg\",\"contentUrl\":\"https:\\\/\\\/www.bellunopress.it\\\/wp-content\\\/uploads\\\/2026\\\/05\\\/Festa-dei-nuovi-nati-2025-Seren-del-Grappa.jpg\",\"width\":600,\"height\":293,\"caption\":\"Festa per i nuovi nati a Seren del Grappa\"},{\"@type\":\"BreadcrumbList\",\"@id\":\"https:\\\/\\\/www.bellunopress.it\\\/2026\\\/05\\\/16\\\/seren-del-grappa-festeggia-il-futuro-il-sindaco-accoglie-i-18-nuovi-nati-del-2025\\\/#breadcrumb\",\"itemListElement\":[{\"@type\":\"ListItem\",\"position\":1,\"name\":\"Home\",\"item\":\"https:\\\/\\\/www.bellunopress.it\\\/\"},{\"@type\":\"ListItem\",\"position\":2,\"name\":\"Seren del Grappa festeggia il futuro: il sindaco accoglie i 18 nuovi nati del 2025\"}]},{\"@type\":\"WebSite\",\"@id\":\"https:\\\/\\\/www.bellunopress.it\\\/#website\",\"url\":\"https:\\\/\\\/www.bellunopress.it\\\/\",\"name\":\"Bellunopress - Dolomiti\",\"description\":\"e-mail: redazione@bellunopress.it\",\"publisher\":{\"@id\":\"https:\\\/\\\/www.bellunopress.it\\\/#organization\"},\"potentialAction\":[{\"@type\":\"SearchAction\",\"target\":{\"@type\":\"EntryPoint\",\"urlTemplate\":\"https:\\\/\\\/www.bellunopress.it\\\/?s={search_term_string}\"},\"query-input\":{\"@type\":\"PropertyValueSpecification\",\"valueRequired\":true,\"valueName\":\"search_term_string\"}}],\"inLanguage\":\"fr-FR\"},{\"@type\":\"Organization\",\"@id\":\"https:\\\/\\\/www.bellunopress.it\\\/#organization\",\"name\":\"Bellunopress\",\"url\":\"https:\\\/\\\/www.bellunopress.it\\\/\",\"logo\":{\"@type\":\"ImageObject\",\"inLanguage\":\"fr-FR\",\"@id\":\"https:\\\/\\\/www.bellunopress.it\\\/#\\\/schema\\\/logo\\\/image\\\/\",\"url\":\"https:\\\/\\\/www.bellunopress.it\\\/wp-content\\\/uploads\\\/2011\\\/05\\\/cropped-logo-bellunopress-.jpg\",\"contentUrl\":\"https:\\\/\\\/www.bellunopress.it\\\/wp-content\\\/uploads\\\/2011\\\/05\\\/cropped-logo-bellunopress-.jpg\",\"width\":512,\"height\":512,\"caption\":\"Bellunopress\"},\"image\":{\"@id\":\"https:\\\/\\\/www.bellunopress.it\\\/#\\\/schema\\\/logo\\\/image\\\/\"},\"sameAs\":[\"https:\\\/\\\/www.facebook.com\\\/profile.php?id=100008943462799\",\"https:\\\/\\\/x.com\\\/bellunopress\",\"https:\\\/\\\/www.linkedin.com\\\/hp\\\/?dnr=JBzUWaJfMUw8vbXJJ2tVW5-I3jZKvC4wsoxE&amp;amp;amp;amp;amp;amp;trk=nav_responsive_tab_home\",\"https:\\\/\\\/www.youtube.com\\\/channel\\\/UCxL0wu1uN0_3_7hGG0306cw\"]},{\"@type\":\"Person\",\"@id\":\"https:\\\/\\\/www.bellunopress.it\\\/#\\\/schema\\\/person\\\/79bb06722b37ece1c03d3e94beb30d73\",\"name\":\"redazione\",\"image\":{\"@type\":\"ImageObject\",\"inLanguage\":\"fr-FR\",\"@id\":\"https:\\\/\\\/secure.gravatar.com\\\/avatar\\\/37d968a2e67a6fd04c169c4bdef102d0bc5d31b2546345219e348575eb80e9a0?s=96&d=mm&r=g\",\"url\":\"https:\\\/\\\/secure.gravatar.com\\\/avatar\\\/37d968a2e67a6fd04c169c4bdef102d0bc5d31b2546345219e348575eb80e9a0?s=96&d=mm&r=g\",\"contentUrl\":\"https:\\\/\\\/secure.gravatar.com\\\/avatar\\\/37d968a2e67a6fd04c169c4bdef102d0bc5d31b2546345219e348575eb80e9a0?s=96&d=mm&r=g\",\"caption\":\"redazione\"},\"sameAs\":[\"http:\\\/\\\/www.bellunopress.it\",\"https:\\\/\\\/x.com\\\/bellunopress\"],\"url\":\"https:\\\/\\\/www.bellunopress.it\\\/fr\\\/author\\\/redazione\\\/\"}]}<\/script>\n<!-- \/ Yoast SEO plugin. -->","yoast_head_json":{"title":"Seren del Grappa festeggia il futuro: il sindaco accoglie i 18 nuovi nati del 2025 - Bellunopress - Dolomiti","robots":{"index":"index","follow":"follow","max-snippet":"max-snippet:-1","max-image-preview":"max-image-preview:large","max-video-preview":"max-video-preview:-1"},"canonical":"https:\/\/www.bellunopress.it\/fr\/2026\/05\/16\/seren-del-grappa-festeggia-il-futuro-il-sindaco-accoglie-i-18-nuovi-nati-del-2025\/","og_locale":"fr_FR","og_type":"article","og_title":"Seren del Grappa festeggia il futuro: il sindaco accoglie i 18 nuovi nati del 2025 - Bellunopress - Dolomiti","og_description":"Seren del Grappa, 16\/05\/2026 \u00a0\u2013 Un segnale di speranza, vitalit\u00e0 e fiducia nel domani. Con questi sentimenti l\u2019Amministrazione Comunale di Seren del Grappa ha voluto omaggiare i nuovi piccoli cittadini nati nel corso del 2025. In un momento di festa sobrio ma carico di emozione, il Sindaco Dario Scopel ha incontrato le famiglie per dare [&hellip;]","og_url":"https:\/\/www.bellunopress.it\/fr\/2026\/05\/16\/seren-del-grappa-festeggia-il-futuro-il-sindaco-accoglie-i-18-nuovi-nati-del-2025\/","og_site_name":"Bellunopress - Dolomiti","article_publisher":"https:\/\/www.facebook.com\/profile.php?id=100008943462799","article_published_time":"2026-05-16T19:18:39+00:00","og_image":[{"width":600,"height":293,"url":"https:\/\/www.bellunopress.it\/wp-content\/uploads\/2026\/05\/Festa-dei-nuovi-nati-2025-Seren-del-Grappa.jpg","type":"image\/jpeg"}],"author":"redazione","twitter_card":"summary_large_image","twitter_creator":"@bellunopress","twitter_site":"@bellunopress","twitter_misc":{"\u00c9crit par":"redazione","Dur\u00e9e de lecture estim\u00e9e":"2 minutes"},"schema":{"@context":"https:\/\/schema.org","@graph":[{"@type":"Article","@id":"https:\/\/www.bellunopress.it\/2026\/05\/16\/seren-del-grappa-festeggia-il-futuro-il-sindaco-accoglie-i-18-nuovi-nati-del-2025\/#article","isPartOf":{"@id":"https:\/\/www.bellunopress.it\/2026\/05\/16\/seren-del-grappa-festeggia-il-futuro-il-sindaco-accoglie-i-18-nuovi-nati-del-2025\/"},"author":{"name":"redazione","@id":"https:\/\/www.bellunopress.it\/#\/schema\/person\/79bb06722b37ece1c03d3e94beb30d73"},"headline":"Seren del Grappa festeggia il futuro: il sindaco accoglie i 18 nuovi nati del 2025","datePublished":"2026-05-16T19:18:39+00:00","mainEntityOfPage":{"@id":"https:\/\/www.bellunopress.it\/2026\/05\/16\/seren-del-grappa-festeggia-il-futuro-il-sindaco-accoglie-i-18-nuovi-nati-del-2025\/"},"wordCount":327,"publisher":{"@id":"https:\/\/www.bellunopress.it\/#organization"},"image":{"@id":"https:\/\/www.bellunopress.it\/2026\/05\/16\/seren-del-grappa-festeggia-il-futuro-il-sindaco-accoglie-i-18-nuovi-nati-del-2025\/#primaryimage"},"thumbnailUrl":"https:\/\/www.bellunopress.it\/wp-content\/uploads\/2026\/05\/Festa-dei-nuovi-nati-2025-Seren-del-Grappa.jpg","articleSection":["Prima Pagina","Societ\u00e0, Associazioni, Istituzioni"],"inLanguage":"fr-FR"},{"@type":"WebPage","@id":"https:\/\/www.bellunopress.it\/2026\/05\/16\/seren-del-grappa-festeggia-il-futuro-il-sindaco-accoglie-i-18-nuovi-nati-del-2025\/","url":"https:\/\/www.bellunopress.it\/2026\/05\/16\/seren-del-grappa-festeggia-il-futuro-il-sindaco-accoglie-i-18-nuovi-nati-del-2025\/","name":"Seren del Grappa festeggia il futuro: il sindaco accoglie i 18 nuovi nati del 2025 - Bellunopress - Dolomiti","isPartOf":{"@id":"https:\/\/www.bellunopress.it\/#website"},"primaryImageOfPage":{"@id":"https:\/\/www.bellunopress.it\/2026\/05\/16\/seren-del-grappa-festeggia-il-futuro-il-sindaco-accoglie-i-18-nuovi-nati-del-2025\/#primaryimage"},"image":{"@id":"https:\/\/www.bellunopress.it\/2026\/05\/16\/seren-del-grappa-festeggia-il-futuro-il-sindaco-accoglie-i-18-nuovi-nati-del-2025\/#primaryimage"},"thumbnailUrl":"https:\/\/www.bellunopress.it\/wp-content\/uploads\/2026\/05\/Festa-dei-nuovi-nati-2025-Seren-del-Grappa.jpg","datePublished":"2026-05-16T19:18:39+00:00","breadcrumb":{"@id":"https:\/\/www.bellunopress.it\/2026\/05\/16\/seren-del-grappa-festeggia-il-futuro-il-sindaco-accoglie-i-18-nuovi-nati-del-2025\/#breadcrumb"},"inLanguage":"fr-FR","potentialAction":[{"@type":"ReadAction","target":["https:\/\/www.bellunopress.it\/2026\/05\/16\/seren-del-grappa-festeggia-il-futuro-il-sindaco-accoglie-i-18-nuovi-nati-del-2025\/"]}]},{"@type":"ImageObject","inLanguage":"fr-FR","@id":"https:\/\/www.bellunopress.it\/2026\/05\/16\/seren-del-grappa-festeggia-il-futuro-il-sindaco-accoglie-i-18-nuovi-nati-del-2025\/#primaryimage","url":"https:\/\/www.bellunopress.it\/wp-content\/uploads\/2026\/05\/Festa-dei-nuovi-nati-2025-Seren-del-Grappa.jpg","contentUrl":"https:\/\/www.bellunopress.it\/wp-content\/uploads\/2026\/05\/Festa-dei-nuovi-nati-2025-Seren-del-Grappa.jpg","width":600,"height":293,"caption":"Festa per i nuovi nati a Seren del Grappa"},{"@type":"BreadcrumbList","@id":"https:\/\/www.bellunopress.it\/2026\/05\/16\/seren-del-grappa-festeggia-il-futuro-il-sindaco-accoglie-i-18-nuovi-nati-del-2025\/#breadcrumb","itemListElement":[{"@type":"ListItem","position":1,"name":"Home","item":"https:\/\/www.bellunopress.it\/"},{"@type":"ListItem","position":2,"name":"Seren del Grappa festeggia il futuro: il sindaco accoglie i 18 nuovi nati del 2025"}]},{"@type":"WebSite","@id":"https:\/\/www.bellunopress.it\/#website","url":"https:\/\/www.bellunopress.it\/","name":"Bellunopress - Dolomiti","description":"e-mail: redazione@bellunopress.it","publisher":{"@id":"https:\/\/www.bellunopress.it\/#organization"},"potentialAction":[{"@type":"SearchAction","target":{"@type":"EntryPoint","urlTemplate":"https:\/\/www.bellunopress.it\/?s={search_term_string}"},"query-input":{"@type":"PropertyValueSpecification","valueRequired":true,"valueName":"search_term_string"}}],"inLanguage":"fr-FR"},{"@type":"Organization","@id":"https:\/\/www.bellunopress.it\/#organization","name":"Bellunopress","url":"https:\/\/www.bellunopress.it\/","logo":{"@type":"ImageObject","inLanguage":"fr-FR","@id":"https:\/\/www.bellunopress.it\/#\/schema\/logo\/image\/","url":"https:\/\/www.bellunopress.it\/wp-content\/uploads\/2011\/05\/cropped-logo-bellunopress-.jpg","contentUrl":"https:\/\/www.bellunopress.it\/wp-content\/uploads\/2011\/05\/cropped-logo-bellunopress-.jpg","width":512,"height":512,"caption":"Bellunopress"},"image":{"@id":"https:\/\/www.bellunopress.it\/#\/schema\/logo\/image\/"},"sameAs":["https:\/\/www.facebook.com\/profile.php?id=100008943462799","https:\/\/x.com\/bellunopress","https:\/\/www.linkedin.com\/hp\/?dnr=JBzUWaJfMUw8vbXJJ2tVW5-I3jZKvC4wsoxE&amp;amp;amp;amp;amp;amp;trk=nav_responsive_tab_home","https:\/\/www.youtube.com\/channel\/UCxL0wu1uN0_3_7hGG0306cw"]},{"@type":"Person","@id":"https:\/\/www.bellunopress.it\/#\/schema\/person\/79bb06722b37ece1c03d3e94beb30d73","name":"r\u00e9daction","image":{"@type":"ImageObject","inLanguage":"fr-FR","@id":"https:\/\/secure.gravatar.com\/avatar\/37d968a2e67a6fd04c169c4bdef102d0bc5d31b2546345219e348575eb80e9a0?s=96&d=mm&r=g","url":"https:\/\/secure.gravatar.com\/avatar\/37d968a2e67a6fd04c169c4bdef102d0bc5d31b2546345219e348575eb80e9a0?s=96&d=mm&r=g","contentUrl":"https:\/\/secure.gravatar.com\/avatar\/37d968a2e67a6fd04c169c4bdef102d0bc5d31b2546345219e348575eb80e9a0?s=96&d=mm&r=g","caption":"redazione"},"sameAs":["http:\/\/www.bellunopress.it","https:\/\/x.com\/bellunopress"],"url":"https:\/\/www.bellunopress.it\/fr\/author\/redazione\/"}]}},"_links":{"self":[{"href":"https:\/\/www.bellunopress.it\/fr\/wp-json\/wp\/v2\/posts\/170179","targetHints":{"allow":["GET"]}}],"collection":[{"href":"https:\/\/www.bellunopress.it\/fr\/wp-json\/wp\/v2\/posts"}],"about":[{"href":"https:\/\/www.bellunopress.it\/fr\/wp-json\/wp\/v2\/types\/post"}],"author":[{"embeddable":true,"href":"https:\/\/www.bellunopress.it\/fr\/wp-json\/wp\/v2\/users\/2"}],"replies":[{"embeddable":true,"href":"https:\/\/www.bellunopress.it\/fr\/wp-json\/wp\/v2\/comments?post=170179"}],"version-history":[{"count":1,"href":"https:\/\/www.bellunopress.it\/fr\/wp-json\/wp\/v2\/posts\/170179\/revisions"}],"predecessor-version":[{"id":170181,"href":"https:\/\/www.bellunopress.it\/fr\/wp-json\/wp\/v2\/posts\/170179\/revisions\/170181"}],"wp:featuredmedia":[{"embeddable":true,"href":"https:\/\/www.bellunopress.it\/fr\/wp-json\/wp\/v2\/media\/170180"}],"wp:attachment":[{"href":"https:\/\/www.bellunopress.it\/fr\/wp-json\/wp\/v2\/media?parent=170179"}],"wp:term":[{"taxonomy":"category","embeddable":true,"href":"https:\/\/www.bellunopress.it\/fr\/wp-json\/wp\/v2\/categories?post=170179"},{"taxonomy":"post_tag","embeddable":true,"href":"https:\/\/www.bellunopress.it\/fr\/wp-json\/wp\/v2\/tags?post=170179"}],"curies":[{"name":"wp","href":"https:\/\/api.w.org\/{rel}","templated":true}]}}