{"id":170173,"date":"2026-05-16T16:18:45","date_gmt":"2026-05-16T14:18:45","guid":{"rendered":"https:\/\/www.bellunopress.it\/?p=170173"},"modified":"2026-05-16T16:19:08","modified_gmt":"2026-05-16T14:19:08","slug":"la-destra-vuole-abbassare-le-pene-per-chi-pratica-il-bracconaggio-nelle-aree-protette","status":"publish","type":"post","link":"https:\/\/www.bellunopress.it\/fr\/2026\/05\/16\/la-destra-vuole-abbassare-le-pene-per-chi-pratica-il-bracconaggio-nelle-aree-protette\/","title":{"rendered":"La Destra vuole abbassare le pene per chi pratica il bracconaggio nelle aree protette"},"content":{"rendered":"<div>Vi spieghiamo il trucchetto con cui la destra di governo afferma di voler inasprire le pene per i bracconieri, lavorando invece per attenuare le sanzioni penali per chi pratica la caccia di frodo nei parchi nazionali e regionali , in oasi di protezione, parchi urbani e terreni adibiti ad attivit\u00e0 sportive.<\/div>\n<div>Questo \u00e8 il link ufficiale al resoconto parlamentare col testo dell&#8217;<b>emendamento 16.0.4<\/b>\u00a0\u00a0al disegno di legge AS 1552 in materia di modifiche alle norme venatorie, proposto da 3 senatori di FdI (De Priamo, Balboni, De Carlo) e poi\u00a0<b>approvato il 13\/5\/2026<\/b>\u00a0nelle Commissioni riunite Ambiente ed Agricoltura del Senato:<\/div>\n<div><\/div>\n<div><a href=\"https:\/\/www.senato.it\/show-doc?leg=19&amp;tipodoc=SommComm&amp;id=1506208&amp;idoggetto=0&amp;part=doc_dc-allegato_a\" target=\"_blank\" rel=\"noopener noreferrer\">https:\/\/www.senato.it\/show-doc?leg=19&amp;tipodoc=SommComm&amp;id=1506208&amp;idoggetto=0&amp;part=doc_dc-allegato_a<\/a><\/div>\n<div><\/div>\n<div>La differenza sta in una vocale: le parole &#8220;arresto E ammenda&#8221; del testo attualmente in vigore vengono trasformate nelle parole &#8220;arresto O ammenda&#8221;. \u00a0Cosa comporta questa differenza, impercettibile per i non addetti ai lavori ? Si ammetter\u00e0 l&#8217;oblazione facoltativa, prevista per le contravvenzioni punite alternativamente con la pena dell&#8217;arresto o dell&#8217;ammenda (come diventerebbe la pena per i bracconieri nei parchi naturali), in base alla quale il giudice pu\u00f2 dichiarare estinto il reato quando il contravventore paghi una somma corrispondente alla met\u00e0 della pena pecuniaria massima stabilita per la contravvenzione (art. 162-bis del codice penale).<\/div>\n<div>Quindi, ad esempio, chi sar\u00e0 sorpreso a fare bracconaggio in un parco nazionale, depositando prima del dibattimento 1.500 euro (met\u00e0 della ipotetica nuova ammenda massima di 3.000 euro) per l&#8217;oblazione potr\u00e0 vedere estinto il reato. Fedina penale pulita, alla faccia del ritrito ritornello per il quale i cacciatori sono tutti onestissimi incensurati a prescindere.<\/div>\n<div>E il ministro dell&#8217;agricoltura Lollobrigida ed il sottosegretario La Pietra hanno pure la faccia tosta di affermare di aver aumentato le pene per i cacciatori di frodo!<\/div>\n<div><\/div>\n<div><b>LEGA ABOLIZIONE CACCIA<\/b><\/div>","protected":false},"excerpt":{"rendered":"<p>Vi spieghiamo il trucchetto con cui la destra di governo afferma di voler inasprire le pene per i bracconieri, lavorando invece per attenuare le sanzioni penali per chi pratica la caccia di frodo nei parchi nazionali e regionali , in oasi di protezione, parchi urbani e terreni adibiti ad attivit\u00e0 sportive. Questo \u00e8 il link [&hellip;]<\/p>\n","protected":false},"author":2,"featured_media":142947,"comment_status":"closed","ping_status":"open","sticky":false,"template":"","format":"standard","meta":{"footnotes":""},"categories":[1,38,26],"tags":[],"class_list":["post-170173","post","type-post","status-publish","format-standard","has-post-thumbnail","category-leo","category-natura-ambiente","category-prima-pagina"],"yoast_head":"<!-- This site is optimized with the Yoast SEO plugin v28.4 - https:\/\/yoast.com\/product\/yoast-seo-wordpress\/ -->\n<title>La Destra vuole abbassare le pene per chi pratica il bracconaggio nelle aree protette - Bellunopress - Dolomiti<\/title>\n<meta name=\"robots\" content=\"index, follow, max-snippet:-1, max-image-preview:large, max-video-preview:-1\" \/>\n<link rel=\"canonical\" href=\"https:\/\/www.bellunopress.it\/fr\/2026\/05\/16\/la-destra-vuole-abbassare-le-pene-per-chi-pratica-il-bracconaggio-nelle-aree-protette\/\" \/>\n<meta property=\"og:locale\" content=\"fr_FR\" \/>\n<meta property=\"og:type\" content=\"article\" \/>\n<meta property=\"og:title\" content=\"La Destra vuole abbassare le pene per chi pratica il bracconaggio nelle aree protette - Bellunopress - Dolomiti\" \/>\n<meta property=\"og:description\" content=\"Vi spieghiamo il trucchetto con cui la destra di governo afferma di voler inasprire le pene per i bracconieri, lavorando invece per attenuare le sanzioni penali per chi pratica la caccia di frodo nei parchi nazionali e regionali , in oasi di protezione, parchi urbani e terreni adibiti ad attivit\u00e0 sportive. Questo \u00e8 il link [&hellip;]\" \/>\n<meta property=\"og:url\" content=\"https:\/\/www.bellunopress.it\/fr\/2026\/05\/16\/la-destra-vuole-abbassare-le-pene-per-chi-pratica-il-bracconaggio-nelle-aree-protette\/\" \/>\n<meta property=\"og:site_name\" content=\"Bellunopress - Dolomiti\" \/>\n<meta property=\"article:publisher\" content=\"https:\/\/www.facebook.com\/profile.php?id=100008943462799\" \/>\n<meta property=\"article:published_time\" content=\"2026-05-16T14:18:45+00:00\" \/>\n<meta property=\"article:modified_time\" content=\"2026-05-16T14:19:08+00:00\" \/>\n<meta property=\"og:image\" content=\"https:\/\/www.bellunopress.it\/wp-content\/uploads\/2023\/07\/Lega-per-labolizione-della-caccia-LAC_edited.jpg\" \/>\n\t<meta property=\"og:image:width\" content=\"254\" \/>\n\t<meta property=\"og:image:height\" content=\"254\" \/>\n\t<meta property=\"og:image:type\" content=\"image\/jpeg\" \/>\n<meta name=\"author\" content=\"redazione\" \/>\n<meta name=\"twitter:card\" content=\"summary_large_image\" \/>\n<meta name=\"twitter:creator\" content=\"@bellunopress\" \/>\n<meta name=\"twitter:site\" content=\"@bellunopress\" \/>\n<meta name=\"twitter:label1\" content=\"Written by\" \/>\n\t<meta name=\"twitter:data1\" content=\"redazione\" \/>\n\t<meta name=\"twitter:label2\" content=\"Est. reading time\" \/>\n\t<meta name=\"twitter:data2\" content=\"2 minutes\" \/>\n<script type=\"application\/ld+json\" class=\"yoast-schema-graph\">{\"@context\":\"https:\\\/\\\/schema.org\",\"@graph\":[{\"@type\":\"Article\",\"@id\":\"https:\\\/\\\/www.bellunopress.it\\\/2026\\\/05\\\/16\\\/la-destra-vuole-abbassare-le-pene-per-chi-pratica-il-bracconaggio-nelle-aree-protette\\\/#article\",\"isPartOf\":{\"@id\":\"https:\\\/\\\/www.bellunopress.it\\\/2026\\\/05\\\/16\\\/la-destra-vuole-abbassare-le-pene-per-chi-pratica-il-bracconaggio-nelle-aree-protette\\\/\"},\"author\":{\"name\":\"redazione\",\"@id\":\"https:\\\/\\\/www.bellunopress.it\\\/#\\\/schema\\\/person\\\/79bb06722b37ece1c03d3e94beb30d73\"},\"headline\":\"La Destra vuole abbassare le pene per chi pratica il bracconaggio nelle aree protette\",\"datePublished\":\"2026-05-16T14:18:45+00:00\",\"dateModified\":\"2026-05-16T14:19:08+00:00\",\"mainEntityOfPage\":{\"@id\":\"https:\\\/\\\/www.bellunopress.it\\\/2026\\\/05\\\/16\\\/la-destra-vuole-abbassare-le-pene-per-chi-pratica-il-bracconaggio-nelle-aree-protette\\\/\"},\"wordCount\":307,\"publisher\":{\"@id\":\"https:\\\/\\\/www.bellunopress.it\\\/#organization\"},\"image\":{\"@id\":\"https:\\\/\\\/www.bellunopress.it\\\/2026\\\/05\\\/16\\\/la-destra-vuole-abbassare-le-pene-per-chi-pratica-il-bracconaggio-nelle-aree-protette\\\/#primaryimage\"},\"thumbnailUrl\":\"https:\\\/\\\/www.bellunopress.it\\\/wp-content\\\/uploads\\\/2023\\\/07\\\/Lega-per-labolizione-della-caccia-LAC_edited.jpg\",\"articleSection\":[\"Lettere Opinioni\",\"Meteo, natura, ambiente, animali\",\"Prima Pagina\"],\"inLanguage\":\"fr-FR\"},{\"@type\":\"WebPage\",\"@id\":\"https:\\\/\\\/www.bellunopress.it\\\/2026\\\/05\\\/16\\\/la-destra-vuole-abbassare-le-pene-per-chi-pratica-il-bracconaggio-nelle-aree-protette\\\/\",\"url\":\"https:\\\/\\\/www.bellunopress.it\\\/2026\\\/05\\\/16\\\/la-destra-vuole-abbassare-le-pene-per-chi-pratica-il-bracconaggio-nelle-aree-protette\\\/\",\"name\":\"La Destra vuole abbassare le pene per chi pratica il bracconaggio nelle aree protette - Bellunopress - Dolomiti\",\"isPartOf\":{\"@id\":\"https:\\\/\\\/www.bellunopress.it\\\/#website\"},\"primaryImageOfPage\":{\"@id\":\"https:\\\/\\\/www.bellunopress.it\\\/2026\\\/05\\\/16\\\/la-destra-vuole-abbassare-le-pene-per-chi-pratica-il-bracconaggio-nelle-aree-protette\\\/#primaryimage\"},\"image\":{\"@id\":\"https:\\\/\\\/www.bellunopress.it\\\/2026\\\/05\\\/16\\\/la-destra-vuole-abbassare-le-pene-per-chi-pratica-il-bracconaggio-nelle-aree-protette\\\/#primaryimage\"},\"thumbnailUrl\":\"https:\\\/\\\/www.bellunopress.it\\\/wp-content\\\/uploads\\\/2023\\\/07\\\/Lega-per-labolizione-della-caccia-LAC_edited.jpg\",\"datePublished\":\"2026-05-16T14:18:45+00:00\",\"dateModified\":\"2026-05-16T14:19:08+00:00\",\"breadcrumb\":{\"@id\":\"https:\\\/\\\/www.bellunopress.it\\\/2026\\\/05\\\/16\\\/la-destra-vuole-abbassare-le-pene-per-chi-pratica-il-bracconaggio-nelle-aree-protette\\\/#breadcrumb\"},\"inLanguage\":\"fr-FR\",\"potentialAction\":[{\"@type\":\"ReadAction\",\"target\":[\"https:\\\/\\\/www.bellunopress.it\\\/2026\\\/05\\\/16\\\/la-destra-vuole-abbassare-le-pene-per-chi-pratica-il-bracconaggio-nelle-aree-protette\\\/\"]}]},{\"@type\":\"ImageObject\",\"inLanguage\":\"fr-FR\",\"@id\":\"https:\\\/\\\/www.bellunopress.it\\\/2026\\\/05\\\/16\\\/la-destra-vuole-abbassare-le-pene-per-chi-pratica-il-bracconaggio-nelle-aree-protette\\\/#primaryimage\",\"url\":\"https:\\\/\\\/www.bellunopress.it\\\/wp-content\\\/uploads\\\/2023\\\/07\\\/Lega-per-labolizione-della-caccia-LAC_edited.jpg\",\"contentUrl\":\"https:\\\/\\\/www.bellunopress.it\\\/wp-content\\\/uploads\\\/2023\\\/07\\\/Lega-per-labolizione-della-caccia-LAC_edited.jpg\",\"width\":254,\"height\":254},{\"@type\":\"BreadcrumbList\",\"@id\":\"https:\\\/\\\/www.bellunopress.it\\\/2026\\\/05\\\/16\\\/la-destra-vuole-abbassare-le-pene-per-chi-pratica-il-bracconaggio-nelle-aree-protette\\\/#breadcrumb\",\"itemListElement\":[{\"@type\":\"ListItem\",\"position\":1,\"name\":\"Home\",\"item\":\"https:\\\/\\\/www.bellunopress.it\\\/\"},{\"@type\":\"ListItem\",\"position\":2,\"name\":\"La Destra vuole abbassare le pene per chi pratica il bracconaggio nelle aree protette\"}]},{\"@type\":\"WebSite\",\"@id\":\"https:\\\/\\\/www.bellunopress.it\\\/#website\",\"url\":\"https:\\\/\\\/www.bellunopress.it\\\/\",\"name\":\"Bellunopress - Dolomiti\",\"description\":\"e-mail: redazione@bellunopress.it\",\"publisher\":{\"@id\":\"https:\\\/\\\/www.bellunopress.it\\\/#organization\"},\"potentialAction\":[{\"@type\":\"SearchAction\",\"target\":{\"@type\":\"EntryPoint\",\"urlTemplate\":\"https:\\\/\\\/www.bellunopress.it\\\/?s={search_term_string}\"},\"query-input\":{\"@type\":\"PropertyValueSpecification\",\"valueRequired\":true,\"valueName\":\"search_term_string\"}}],\"inLanguage\":\"fr-FR\"},{\"@type\":\"Organization\",\"@id\":\"https:\\\/\\\/www.bellunopress.it\\\/#organization\",\"name\":\"Bellunopress\",\"url\":\"https:\\\/\\\/www.bellunopress.it\\\/\",\"logo\":{\"@type\":\"ImageObject\",\"inLanguage\":\"fr-FR\",\"@id\":\"https:\\\/\\\/www.bellunopress.it\\\/#\\\/schema\\\/logo\\\/image\\\/\",\"url\":\"https:\\\/\\\/www.bellunopress.it\\\/wp-content\\\/uploads\\\/2011\\\/05\\\/cropped-logo-bellunopress-.jpg\",\"contentUrl\":\"https:\\\/\\\/www.bellunopress.it\\\/wp-content\\\/uploads\\\/2011\\\/05\\\/cropped-logo-bellunopress-.jpg\",\"width\":512,\"height\":512,\"caption\":\"Bellunopress\"},\"image\":{\"@id\":\"https:\\\/\\\/www.bellunopress.it\\\/#\\\/schema\\\/logo\\\/image\\\/\"},\"sameAs\":[\"https:\\\/\\\/www.facebook.com\\\/profile.php?id=100008943462799\",\"https:\\\/\\\/x.com\\\/bellunopress\",\"https:\\\/\\\/www.linkedin.com\\\/hp\\\/?dnr=JBzUWaJfMUw8vbXJJ2tVW5-I3jZKvC4wsoxE&amp;amp;amp;amp;amp;amp;trk=nav_responsive_tab_home\",\"https:\\\/\\\/www.youtube.com\\\/channel\\\/UCxL0wu1uN0_3_7hGG0306cw\"]},{\"@type\":\"Person\",\"@id\":\"https:\\\/\\\/www.bellunopress.it\\\/#\\\/schema\\\/person\\\/79bb06722b37ece1c03d3e94beb30d73\",\"name\":\"redazione\",\"image\":{\"@type\":\"ImageObject\",\"inLanguage\":\"fr-FR\",\"@id\":\"https:\\\/\\\/secure.gravatar.com\\\/avatar\\\/37d968a2e67a6fd04c169c4bdef102d0bc5d31b2546345219e348575eb80e9a0?s=96&d=mm&r=g\",\"url\":\"https:\\\/\\\/secure.gravatar.com\\\/avatar\\\/37d968a2e67a6fd04c169c4bdef102d0bc5d31b2546345219e348575eb80e9a0?s=96&d=mm&r=g\",\"contentUrl\":\"https:\\\/\\\/secure.gravatar.com\\\/avatar\\\/37d968a2e67a6fd04c169c4bdef102d0bc5d31b2546345219e348575eb80e9a0?s=96&d=mm&r=g\",\"caption\":\"redazione\"},\"sameAs\":[\"http:\\\/\\\/www.bellunopress.it\",\"https:\\\/\\\/x.com\\\/bellunopress\"],\"url\":\"https:\\\/\\\/www.bellunopress.it\\\/fr\\\/author\\\/redazione\\\/\"}]}<\/script>\n<!-- \/ Yoast SEO plugin. -->","yoast_head_json":{"title":"La Destra vuole abbassare le pene per chi pratica il bracconaggio nelle aree protette - Bellunopress - Dolomiti","robots":{"index":"index","follow":"follow","max-snippet":"max-snippet:-1","max-image-preview":"max-image-preview:large","max-video-preview":"max-video-preview:-1"},"canonical":"https:\/\/www.bellunopress.it\/fr\/2026\/05\/16\/la-destra-vuole-abbassare-le-pene-per-chi-pratica-il-bracconaggio-nelle-aree-protette\/","og_locale":"fr_FR","og_type":"article","og_title":"La Destra vuole abbassare le pene per chi pratica il bracconaggio nelle aree protette - Bellunopress - Dolomiti","og_description":"Vi spieghiamo il trucchetto con cui la destra di governo afferma di voler inasprire le pene per i bracconieri, lavorando invece per attenuare le sanzioni penali per chi pratica la caccia di frodo nei parchi nazionali e regionali , in oasi di protezione, parchi urbani e terreni adibiti ad attivit\u00e0 sportive. Questo \u00e8 il link [&hellip;]","og_url":"https:\/\/www.bellunopress.it\/fr\/2026\/05\/16\/la-destra-vuole-abbassare-le-pene-per-chi-pratica-il-bracconaggio-nelle-aree-protette\/","og_site_name":"Bellunopress - Dolomiti","article_publisher":"https:\/\/www.facebook.com\/profile.php?id=100008943462799","article_published_time":"2026-05-16T14:18:45+00:00","article_modified_time":"2026-05-16T14:19:08+00:00","og_image":[{"width":254,"height":254,"url":"https:\/\/www.bellunopress.it\/wp-content\/uploads\/2023\/07\/Lega-per-labolizione-della-caccia-LAC_edited.jpg","type":"image\/jpeg"}],"author":"redazione","twitter_card":"summary_large_image","twitter_creator":"@bellunopress","twitter_site":"@bellunopress","twitter_misc":{"Written by":"redazione","Est. reading time":"2 minutes"},"schema":{"@context":"https:\/\/schema.org","@graph":[{"@type":"Article","@id":"https:\/\/www.bellunopress.it\/2026\/05\/16\/la-destra-vuole-abbassare-le-pene-per-chi-pratica-il-bracconaggio-nelle-aree-protette\/#article","isPartOf":{"@id":"https:\/\/www.bellunopress.it\/2026\/05\/16\/la-destra-vuole-abbassare-le-pene-per-chi-pratica-il-bracconaggio-nelle-aree-protette\/"},"author":{"name":"redazione","@id":"https:\/\/www.bellunopress.it\/#\/schema\/person\/79bb06722b37ece1c03d3e94beb30d73"},"headline":"La Destra vuole abbassare le pene per chi pratica il bracconaggio nelle aree protette","datePublished":"2026-05-16T14:18:45+00:00","dateModified":"2026-05-16T14:19:08+00:00","mainEntityOfPage":{"@id":"https:\/\/www.bellunopress.it\/2026\/05\/16\/la-destra-vuole-abbassare-le-pene-per-chi-pratica-il-bracconaggio-nelle-aree-protette\/"},"wordCount":307,"publisher":{"@id":"https:\/\/www.bellunopress.it\/#organization"},"image":{"@id":"https:\/\/www.bellunopress.it\/2026\/05\/16\/la-destra-vuole-abbassare-le-pene-per-chi-pratica-il-bracconaggio-nelle-aree-protette\/#primaryimage"},"thumbnailUrl":"https:\/\/www.bellunopress.it\/wp-content\/uploads\/2023\/07\/Lega-per-labolizione-della-caccia-LAC_edited.jpg","articleSection":["Lettere Opinioni","Meteo, natura, ambiente, animali","Prima Pagina"],"inLanguage":"fr-FR"},{"@type":"WebPage","@id":"https:\/\/www.bellunopress.it\/2026\/05\/16\/la-destra-vuole-abbassare-le-pene-per-chi-pratica-il-bracconaggio-nelle-aree-protette\/","url":"https:\/\/www.bellunopress.it\/2026\/05\/16\/la-destra-vuole-abbassare-le-pene-per-chi-pratica-il-bracconaggio-nelle-aree-protette\/","name":"La Destra vuole abbassare le pene per chi pratica il bracconaggio nelle aree protette - Bellunopress - Dolomiti","isPartOf":{"@id":"https:\/\/www.bellunopress.it\/#website"},"primaryImageOfPage":{"@id":"https:\/\/www.bellunopress.it\/2026\/05\/16\/la-destra-vuole-abbassare-le-pene-per-chi-pratica-il-bracconaggio-nelle-aree-protette\/#primaryimage"},"image":{"@id":"https:\/\/www.bellunopress.it\/2026\/05\/16\/la-destra-vuole-abbassare-le-pene-per-chi-pratica-il-bracconaggio-nelle-aree-protette\/#primaryimage"},"thumbnailUrl":"https:\/\/www.bellunopress.it\/wp-content\/uploads\/2023\/07\/Lega-per-labolizione-della-caccia-LAC_edited.jpg","datePublished":"2026-05-16T14:18:45+00:00","dateModified":"2026-05-16T14:19:08+00:00","breadcrumb":{"@id":"https:\/\/www.bellunopress.it\/2026\/05\/16\/la-destra-vuole-abbassare-le-pene-per-chi-pratica-il-bracconaggio-nelle-aree-protette\/#breadcrumb"},"inLanguage":"fr-FR","potentialAction":[{"@type":"ReadAction","target":["https:\/\/www.bellunopress.it\/2026\/05\/16\/la-destra-vuole-abbassare-le-pene-per-chi-pratica-il-bracconaggio-nelle-aree-protette\/"]}]},{"@type":"ImageObject","inLanguage":"fr-FR","@id":"https:\/\/www.bellunopress.it\/2026\/05\/16\/la-destra-vuole-abbassare-le-pene-per-chi-pratica-il-bracconaggio-nelle-aree-protette\/#primaryimage","url":"https:\/\/www.bellunopress.it\/wp-content\/uploads\/2023\/07\/Lega-per-labolizione-della-caccia-LAC_edited.jpg","contentUrl":"https:\/\/www.bellunopress.it\/wp-content\/uploads\/2023\/07\/Lega-per-labolizione-della-caccia-LAC_edited.jpg","width":254,"height":254},{"@type":"BreadcrumbList","@id":"https:\/\/www.bellunopress.it\/2026\/05\/16\/la-destra-vuole-abbassare-le-pene-per-chi-pratica-il-bracconaggio-nelle-aree-protette\/#breadcrumb","itemListElement":[{"@type":"ListItem","position":1,"name":"Home","item":"https:\/\/www.bellunopress.it\/"},{"@type":"ListItem","position":2,"name":"La Destra vuole abbassare le pene per chi pratica il bracconaggio nelle aree protette"}]},{"@type":"WebSite","@id":"https:\/\/www.bellunopress.it\/#website","url":"https:\/\/www.bellunopress.it\/","name":"Bellunopress - Dolomiti","description":"e-mail: redazione@bellunopress.it","publisher":{"@id":"https:\/\/www.bellunopress.it\/#organization"},"potentialAction":[{"@type":"SearchAction","target":{"@type":"EntryPoint","urlTemplate":"https:\/\/www.bellunopress.it\/?s={search_term_string}"},"query-input":{"@type":"PropertyValueSpecification","valueRequired":true,"valueName":"search_term_string"}}],"inLanguage":"fr-FR"},{"@type":"Organization","@id":"https:\/\/www.bellunopress.it\/#organization","name":"Bellunopress","url":"https:\/\/www.bellunopress.it\/","logo":{"@type":"ImageObject","inLanguage":"fr-FR","@id":"https:\/\/www.bellunopress.it\/#\/schema\/logo\/image\/","url":"https:\/\/www.bellunopress.it\/wp-content\/uploads\/2011\/05\/cropped-logo-bellunopress-.jpg","contentUrl":"https:\/\/www.bellunopress.it\/wp-content\/uploads\/2011\/05\/cropped-logo-bellunopress-.jpg","width":512,"height":512,"caption":"Bellunopress"},"image":{"@id":"https:\/\/www.bellunopress.it\/#\/schema\/logo\/image\/"},"sameAs":["https:\/\/www.facebook.com\/profile.php?id=100008943462799","https:\/\/x.com\/bellunopress","https:\/\/www.linkedin.com\/hp\/?dnr=JBzUWaJfMUw8vbXJJ2tVW5-I3jZKvC4wsoxE&amp;amp;amp;amp;amp;amp;trk=nav_responsive_tab_home","https:\/\/www.youtube.com\/channel\/UCxL0wu1uN0_3_7hGG0306cw"]},{"@type":"Person","@id":"https:\/\/www.bellunopress.it\/#\/schema\/person\/79bb06722b37ece1c03d3e94beb30d73","name":"r\u00e9daction","image":{"@type":"ImageObject","inLanguage":"fr-FR","@id":"https:\/\/secure.gravatar.com\/avatar\/37d968a2e67a6fd04c169c4bdef102d0bc5d31b2546345219e348575eb80e9a0?s=96&d=mm&r=g","url":"https:\/\/secure.gravatar.com\/avatar\/37d968a2e67a6fd04c169c4bdef102d0bc5d31b2546345219e348575eb80e9a0?s=96&d=mm&r=g","contentUrl":"https:\/\/secure.gravatar.com\/avatar\/37d968a2e67a6fd04c169c4bdef102d0bc5d31b2546345219e348575eb80e9a0?s=96&d=mm&r=g","caption":"redazione"},"sameAs":["http:\/\/www.bellunopress.it","https:\/\/x.com\/bellunopress"],"url":"https:\/\/www.bellunopress.it\/fr\/author\/redazione\/"}]}},"_links":{"self":[{"href":"https:\/\/www.bellunopress.it\/fr\/wp-json\/wp\/v2\/posts\/170173","targetHints":{"allow":["GET"]}}],"collection":[{"href":"https:\/\/www.bellunopress.it\/fr\/wp-json\/wp\/v2\/posts"}],"about":[{"href":"https:\/\/www.bellunopress.it\/fr\/wp-json\/wp\/v2\/types\/post"}],"author":[{"embeddable":true,"href":"https:\/\/www.bellunopress.it\/fr\/wp-json\/wp\/v2\/users\/2"}],"replies":[{"embeddable":true,"href":"https:\/\/www.bellunopress.it\/fr\/wp-json\/wp\/v2\/comments?post=170173"}],"version-history":[{"count":2,"href":"https:\/\/www.bellunopress.it\/fr\/wp-json\/wp\/v2\/posts\/170173\/revisions"}],"predecessor-version":[{"id":170175,"href":"https:\/\/www.bellunopress.it\/fr\/wp-json\/wp\/v2\/posts\/170173\/revisions\/170175"}],"wp:featuredmedia":[{"embeddable":true,"href":"https:\/\/www.bellunopress.it\/fr\/wp-json\/wp\/v2\/media\/142947"}],"wp:attachment":[{"href":"https:\/\/www.bellunopress.it\/fr\/wp-json\/wp\/v2\/media?parent=170173"}],"wp:term":[{"taxonomy":"category","embeddable":true,"href":"https:\/\/www.bellunopress.it\/fr\/wp-json\/wp\/v2\/categories?post=170173"},{"taxonomy":"post_tag","embeddable":true,"href":"https:\/\/www.bellunopress.it\/fr\/wp-json\/wp\/v2\/tags?post=170173"}],"curies":[{"name":"wp","href":"https:\/\/api.w.org\/{rel}","templated":true}]}}