{"id":170170,"date":"2026-05-16T16:13:06","date_gmt":"2026-05-16T14:13:06","guid":{"rendered":"https:\/\/www.bellunopress.it\/?p=170170"},"modified":"2026-05-16T16:13:06","modified_gmt":"2026-05-16T14:13:06","slug":"treviso-oggi-al-teatro-mario-del-monaco-la-10ma-edizione-del-premio-goffredo-parise","status":"publish","type":"post","link":"https:\/\/www.bellunopress.it\/fr\/2026\/05\/16\/treviso-oggi-al-teatro-mario-del-monaco-la-10ma-edizione-del-premio-goffredo-parise\/","title":{"rendered":"Treviso. Oggi al Teatro &#8220;Mario del Monaco&#8221; la 10ma edizione del Premio &#8220;Goffredo Parise&#8221;"},"content":{"rendered":"<p><strong>Il coraggio della verit\u00e0 e il reportage di testimonianza<\/strong><br \/>\n<strong>Dalla passione civile di Peter Gomez al racconto del terremoto del Friuli firmato da Ilaria Tuti, fino al grido di Gaza di Alhassan Selmi: Treviso capitale del giornalismo di testimonianza<\/strong><\/p>\n<p>Treviso, 16 maggio 2026 &#8211;\u00a0Il Teatro Comunale &#8220;Mario Del Monaco&#8221; di Treviso ospita oggi la decima edizione del Premio Goffredo Parise per il Reportage, il riconoscimento dedicato al giornalismo d&#8217;inchiesta e all&#8217;impegno civile, dando spazio alle storie, ai diritti, ai conflitti e alle trasformazioni sociali del nostro tempo. Cos\u00ec Treviso diventa capitale del giornalismo di testimonianza, onorando chi, con la penna e l&#8217;obiettivo, continua a rinnovare la lezione di Goffredo Parise, scrittore vicentino (1929-1986), che trascorse gli ultimi anni della sua vita tra Salgareda e Ponte di Piave.<\/p>\n<p>L&#8217;edizione 2026, che coincide con il decennale del Premio e i quarant&#8217;anni della scomparsa di Parise, rappresenta un traguardo importante per un progetto culturale che si \u00e8 affermato nel tempo come uno dei principali appuntamenti nazionali dedicati all&#8217;informazione di qualit\u00e0 e al racconto della realt\u00e0 contemporanea, nel segno della lezione umana e letteraria di Goffredo Parise fatta di sguardo critico, passione e amore per la verit\u00e0.<\/p>\n<p>Valori che la qualificata giuria del Premio, presieduta da Toni Capuozzo, con la partecipazione di Antonio Armano, Gianni Barbacetto e Marzio Breda, ha potuto ritrovare nelle numerose candidature. Ad aprire idealmente il palmar\u00e8s dell&#8217;edizione 2026 \u00e8 Peter Gomez, al quale viene assegnato il Premio alla Carriera. Tra le voci pi\u00f9 autorevoli del giornalismo italiano, Gomez \u00e8 condirettore de &#8220;Il Fatto Quotidiano&#8221;, direttore di Millennium, ideatore e conduttore della trasmissione televisiva La Confessione sul Nove. Il riconoscimento alla Carriera gli \u00e8 stato attribuito per &#8220;la coerenza del suo percorso, contraddistinto da coraggio e passione civile, dalla ricerca costante della verit\u00e0 e dal rifiuto di ogni compromesso con il potere&#8221;. La motivazione sottolinea inoltre il ruolo pionieristico svolto da Gomez nello sviluppo del giornalismo online italiano e la sua capacit\u00e0 di rendere accessibili anche le dinamiche pi\u00f9 complesse della vita politica e civile del Paese.<\/p>\n<p>Il Premio Goffredo Parise per il Reportage viene invece attribuito alla scrittrice Ilaria Tuti per un intenso racconto pubblicato su &#8220;La Lettura&#8221; del &#8220;Corriere della Sera&#8221;, definito dalla giuria &#8220;un reportage della memoria&#8221;. Nata nel 1976 a Gemona del Friuli, Tuti attraversa il ricordo del terremoto che colp\u00ec il Friuli cinquant&#8217;anni fa e costruisce una narrazione sospesa tra distruzione e rinascita, capace di trasformare la memoria personale in riflessione collettiva sul dolore, sulla guerra e sul rapporto tra uomo e territorio.<\/p>\n<p>Tra i riconoscimenti pi\u00f9 significativi dell&#8217;edizione 2026 figura anche il premio speciale &#8220;Finestra sul Mondo&#8221;, assegnato al giornalista e reporter Alhassan Selmi per il coraggio dimostrato nel raccontare il dramma di Gaza attraverso i reportage realizzati per &#8220;PresaDiretta&#8221; di Rai Tre e nel libro Hassan e il genocidio. Nelle motivazioni del premio viene sottolineata la capacit\u00e0 di documentare la violenza subita dai civili, la fame usata come arma di guerra e la tragedia umanitaria in corso, senza mai perdere lo sguardo sull&#8217;umanit\u00e0, sulla speranza e sul desiderio di pace della popolazione palestinese.<\/p>\n<p>A dieci anni dalla nascita del Premio, in un tempo in cui la tutela della libert\u00e0 di stampa appare sempre pi\u00f9 necessaria, viene riproposta la sezione &#8220;Ossigeno per l&#8217;Informazione&#8221;, dedicata a chi difende la libert\u00e0 di espressione e il diritto all&#8217;informazione contrastando intimidazioni e azioni legali temerarie. I primi destinatari del riconoscimento sono gli ambientalisti del Comitato cittadino &#8220;Pesaro: no GNL&#8221; Roberto Malini e Lisetta Sperindei, premiati per il loro impegno civile nella difesa dell&#8217;ambiente e della salute pubblica e per non essersi lasciati intimidire da una richiesta di risarcimento milionaria da parte del colosso Fox Petroli e riconducibile a una SLAPP (un&#8217;azione legale finalizzata a limitare la partecipazione dei cittadini al dibattito pubblico).<br \/>\nAccanto ai riconoscimenti giornalistici, il Premio continua a valorizzare anche esperienze di forte impatto sociale e culturale. Il premio &#8220;Impresa Umanistica&#8221; viene assegnato a Eurocoop Camini &#8211; Progetto Jungi Mundu, realt\u00e0 calabrese che ha trasformato l&#8217;accoglienza dei migranti in un modello di rigenerazione sociale e contrasto allo spopolamento dei territori interni. Un&#8217;esperienza indicata come esempio concreto di comunit\u00e0, inclusione e futuro condiviso.<\/p>\n<p>Il riconoscimento dedicato agli studenti dell&#8217;Universit\u00e0 Ca&#8217; Foscari di Venezia premia invece Anna Louise Whitney per il reportage &#8220;Aspetteremo il tuo ritorno a casa&#8221;, un lavoro che affronta il tema della memoria e delle radici attraverso il ribaltamento del punto di vista migratorio, con una scrittura essenziale e fortemente evocativa.<br \/>\nAnche i giovani saranno protagonisti sul palco del Teatro Comunale con la consegna degli attestati ai 42 studenti coinvolti nella Scuola di Reportage &#8220;Goffredo Parise&#8221; 2025-2026. Ragazzi e ragazze delle scuole superiori &#8220;Duca degli Abruzzi&#8221;, &#8220;Da Vinci&#8221; e Canossiano di Treviso, liceo &#8220;Flaminio&#8221; di Vittorio Veneto e istituto &#8220;Scarpa&#8221; di Motta di Livenza &#8211; Oderzo hanno indagato quest&#8217;anno il tema &#8220;Generazione Fragile&#8221;, guidati dai giornalisti Lisa Iotti e Antonio Armano e dallo scrittore Emiliano Poddi, docente della Scuola Holden di Torino.<\/p>\n<p>Il Premio Goffredo Parise affonda le sue radici nell&#8217;intuizione originale di Antonio Barzaghi, editore e animatore culturale scomparso nel 2024, che nel 2017 volle tenere viva la lezione dello scrittore vicentino fondando il Premio insieme a Maria Rosaria Nevola che quest&#8217;anno ne cura la direzione artistica. Oggi, sotto la presidenza di Andrea Favaretto, sindaco di Salgareda, e con il sostegno della Provincia di Treviso, i Comuni di Treviso, Salgareda, Ponte di Piave e Oderzo, il Premio continua a essere un punto di riferimento per il giornalismo d&#8217;inchiesta e l&#8217;impresa etica. Nel 2020, un&#8217;altra tappa importante con la nascita della Scuola di Reportage generata dalla visione di Maria Rosaria Nevola. Dal 2026, questa eredit\u00e0 viene raccolta da NUNC, l&#8217;associazione culturale presieduta da Mara Pavan, impegnata a portare avanti le azioni di organizzazione, promozione e consolidamento dell&#8217;immagine del progetto culturale di Premio e Scuola.<\/p>\n<p>La manifestazione si avvale della collaborazione del Soroptimist International Club di Treviso, dell&#8217;Universit\u00e0 Ca&#8217; Foscari di Venezia e della Fondazione Corriere della Sera, confermando il legame profondo tra letteratura, informazione e territorio che caratterizz\u00f2 l&#8217;intera opera di Parise.<\/p>\n<p>&nbsp;<\/p>","protected":false},"excerpt":{"rendered":"<p>Il coraggio della verit\u00e0 e il reportage di testimonianza Dalla passione civile di Peter Gomez al racconto del terremoto del Friuli firmato da Ilaria Tuti, fino al grido di Gaza di Alhassan Selmi: Treviso capitale del giornalismo di testimonianza Treviso, 16 maggio 2026 &#8211;\u00a0Il Teatro Comunale &#8220;Mario Del Monaco&#8221; di Treviso ospita oggi la decima [&hellip;]<\/p>\n","protected":false},"author":2,"featured_media":170171,"comment_status":"closed","ping_status":"open","sticky":false,"template":"","format":"standard","meta":{"footnotes":""},"categories":[3394,25],"tags":[],"class_list":["post-170170","post","type-post","status-publish","format-standard","has-post-thumbnail","category-cultura-e-spettacoli-fuori-provincia","category-pausa-caffe"],"yoast_head":"<!-- This site is optimized with the Yoast SEO plugin v28.4 - https:\/\/yoast.com\/product\/yoast-seo-wordpress\/ -->\n<title>Treviso. Oggi al Teatro &quot;Mario del Monaco&quot; la 10ma edizione del Premio &quot;Goffredo Parise&quot; - Bellunopress - Dolomiti<\/title>\n<meta name=\"robots\" content=\"index, follow, max-snippet:-1, max-image-preview:large, max-video-preview:-1\" \/>\n<link rel=\"canonical\" href=\"https:\/\/www.bellunopress.it\/fr\/2026\/05\/16\/treviso-oggi-al-teatro-mario-del-monaco-la-10ma-edizione-del-premio-goffredo-parise\/\" \/>\n<meta property=\"og:locale\" content=\"fr_FR\" \/>\n<meta property=\"og:type\" content=\"article\" \/>\n<meta property=\"og:title\" content=\"Treviso. Oggi al Teatro &quot;Mario del Monaco&quot; la 10ma edizione del Premio &quot;Goffredo Parise&quot; - Bellunopress - Dolomiti\" \/>\n<meta property=\"og:description\" content=\"Il coraggio della verit\u00e0 e il reportage di testimonianza Dalla passione civile di Peter Gomez al racconto del terremoto del Friuli firmato da Ilaria Tuti, fino al grido di Gaza di Alhassan Selmi: Treviso capitale del giornalismo di testimonianza Treviso, 16 maggio 2026 &#8211;\u00a0Il Teatro Comunale &#8220;Mario Del Monaco&#8221; di Treviso ospita oggi la decima [&hellip;]\" \/>\n<meta property=\"og:url\" content=\"https:\/\/www.bellunopress.it\/fr\/2026\/05\/16\/treviso-oggi-al-teatro-mario-del-monaco-la-10ma-edizione-del-premio-goffredo-parise\/\" \/>\n<meta property=\"og:site_name\" content=\"Bellunopress - Dolomiti\" \/>\n<meta property=\"article:publisher\" content=\"https:\/\/www.facebook.com\/profile.php?id=100008943462799\" \/>\n<meta property=\"article:published_time\" content=\"2026-05-16T14:13:06+00:00\" \/>\n<meta property=\"og:image\" content=\"https:\/\/www.bellunopress.it\/wp-content\/uploads\/2026\/05\/Treviso.-I-vincitori-del-Premio-Goffredo-Parise-2026-con-la-direzione-artistica-e-organizzativa-e-giuria.jpeg\" \/>\n\t<meta property=\"og:image:width\" content=\"600\" \/>\n\t<meta property=\"og:image:height\" content=\"326\" \/>\n\t<meta property=\"og:image:type\" content=\"image\/jpeg\" \/>\n<meta name=\"author\" content=\"redazione\" \/>\n<meta name=\"twitter:card\" content=\"summary_large_image\" \/>\n<meta name=\"twitter:creator\" content=\"@bellunopress\" \/>\n<meta name=\"twitter:site\" content=\"@bellunopress\" \/>\n<meta name=\"twitter:label1\" content=\"\u00c9crit par\" \/>\n\t<meta name=\"twitter:data1\" content=\"redazione\" \/>\n\t<meta name=\"twitter:label2\" content=\"Dur\u00e9e de lecture estim\u00e9e\" \/>\n\t<meta name=\"twitter:data2\" content=\"6 minutes\" \/>\n<script type=\"application\/ld+json\" class=\"yoast-schema-graph\">{\"@context\":\"https:\\\/\\\/schema.org\",\"@graph\":[{\"@type\":\"Article\",\"@id\":\"https:\\\/\\\/www.bellunopress.it\\\/2026\\\/05\\\/16\\\/treviso-oggi-al-teatro-mario-del-monaco-la-10ma-edizione-del-premio-goffredo-parise\\\/#article\",\"isPartOf\":{\"@id\":\"https:\\\/\\\/www.bellunopress.it\\\/2026\\\/05\\\/16\\\/treviso-oggi-al-teatro-mario-del-monaco-la-10ma-edizione-del-premio-goffredo-parise\\\/\"},\"author\":{\"name\":\"redazione\",\"@id\":\"https:\\\/\\\/www.bellunopress.it\\\/#\\\/schema\\\/person\\\/79bb06722b37ece1c03d3e94beb30d73\"},\"headline\":\"Treviso. Oggi al Teatro &#8220;Mario del Monaco&#8221; la 10ma edizione del Premio &#8220;Goffredo Parise&#8221;\",\"datePublished\":\"2026-05-16T14:13:06+00:00\",\"mainEntityOfPage\":{\"@id\":\"https:\\\/\\\/www.bellunopress.it\\\/2026\\\/05\\\/16\\\/treviso-oggi-al-teatro-mario-del-monaco-la-10ma-edizione-del-premio-goffredo-parise\\\/\"},\"wordCount\":1025,\"publisher\":{\"@id\":\"https:\\\/\\\/www.bellunopress.it\\\/#organization\"},\"image\":{\"@id\":\"https:\\\/\\\/www.bellunopress.it\\\/2026\\\/05\\\/16\\\/treviso-oggi-al-teatro-mario-del-monaco-la-10ma-edizione-del-premio-goffredo-parise\\\/#primaryimage\"},\"thumbnailUrl\":\"https:\\\/\\\/www.bellunopress.it\\\/wp-content\\\/uploads\\\/2026\\\/05\\\/Treviso.-I-vincitori-del-Premio-Goffredo-Parise-2026-con-la-direzione-artistica-e-organizzativa-e-giuria.jpeg\",\"articleSection\":[\"Cultura e spettacoli, tempo libero, benessere, fuori provincia\",\"Pausa Caff\u00e8\"],\"inLanguage\":\"fr-FR\"},{\"@type\":\"WebPage\",\"@id\":\"https:\\\/\\\/www.bellunopress.it\\\/2026\\\/05\\\/16\\\/treviso-oggi-al-teatro-mario-del-monaco-la-10ma-edizione-del-premio-goffredo-parise\\\/\",\"url\":\"https:\\\/\\\/www.bellunopress.it\\\/2026\\\/05\\\/16\\\/treviso-oggi-al-teatro-mario-del-monaco-la-10ma-edizione-del-premio-goffredo-parise\\\/\",\"name\":\"Treviso. Oggi al Teatro \\\"Mario del Monaco\\\" la 10ma edizione del Premio \\\"Goffredo Parise\\\" - Bellunopress - Dolomiti\",\"isPartOf\":{\"@id\":\"https:\\\/\\\/www.bellunopress.it\\\/#website\"},\"primaryImageOfPage\":{\"@id\":\"https:\\\/\\\/www.bellunopress.it\\\/2026\\\/05\\\/16\\\/treviso-oggi-al-teatro-mario-del-monaco-la-10ma-edizione-del-premio-goffredo-parise\\\/#primaryimage\"},\"image\":{\"@id\":\"https:\\\/\\\/www.bellunopress.it\\\/2026\\\/05\\\/16\\\/treviso-oggi-al-teatro-mario-del-monaco-la-10ma-edizione-del-premio-goffredo-parise\\\/#primaryimage\"},\"thumbnailUrl\":\"https:\\\/\\\/www.bellunopress.it\\\/wp-content\\\/uploads\\\/2026\\\/05\\\/Treviso.-I-vincitori-del-Premio-Goffredo-Parise-2026-con-la-direzione-artistica-e-organizzativa-e-giuria.jpeg\",\"datePublished\":\"2026-05-16T14:13:06+00:00\",\"breadcrumb\":{\"@id\":\"https:\\\/\\\/www.bellunopress.it\\\/2026\\\/05\\\/16\\\/treviso-oggi-al-teatro-mario-del-monaco-la-10ma-edizione-del-premio-goffredo-parise\\\/#breadcrumb\"},\"inLanguage\":\"fr-FR\",\"potentialAction\":[{\"@type\":\"ReadAction\",\"target\":[\"https:\\\/\\\/www.bellunopress.it\\\/2026\\\/05\\\/16\\\/treviso-oggi-al-teatro-mario-del-monaco-la-10ma-edizione-del-premio-goffredo-parise\\\/\"]}]},{\"@type\":\"ImageObject\",\"inLanguage\":\"fr-FR\",\"@id\":\"https:\\\/\\\/www.bellunopress.it\\\/2026\\\/05\\\/16\\\/treviso-oggi-al-teatro-mario-del-monaco-la-10ma-edizione-del-premio-goffredo-parise\\\/#primaryimage\",\"url\":\"https:\\\/\\\/www.bellunopress.it\\\/wp-content\\\/uploads\\\/2026\\\/05\\\/Treviso.-I-vincitori-del-Premio-Goffredo-Parise-2026-con-la-direzione-artistica-e-organizzativa-e-giuria.jpeg\",\"contentUrl\":\"https:\\\/\\\/www.bellunopress.it\\\/wp-content\\\/uploads\\\/2026\\\/05\\\/Treviso.-I-vincitori-del-Premio-Goffredo-Parise-2026-con-la-direzione-artistica-e-organizzativa-e-giuria.jpeg\",\"width\":600,\"height\":326,\"caption\":\"Treviso. I vincitori del Premio Goffredo Parise 2026 con la direzione artistica e organizzativa e giuria\"},{\"@type\":\"BreadcrumbList\",\"@id\":\"https:\\\/\\\/www.bellunopress.it\\\/2026\\\/05\\\/16\\\/treviso-oggi-al-teatro-mario-del-monaco-la-10ma-edizione-del-premio-goffredo-parise\\\/#breadcrumb\",\"itemListElement\":[{\"@type\":\"ListItem\",\"position\":1,\"name\":\"Home\",\"item\":\"https:\\\/\\\/www.bellunopress.it\\\/\"},{\"@type\":\"ListItem\",\"position\":2,\"name\":\"Treviso. Oggi al Teatro &#8220;Mario del Monaco&#8221; la 10ma edizione del Premio &#8220;Goffredo Parise&#8221;\"}]},{\"@type\":\"WebSite\",\"@id\":\"https:\\\/\\\/www.bellunopress.it\\\/#website\",\"url\":\"https:\\\/\\\/www.bellunopress.it\\\/\",\"name\":\"Bellunopress - Dolomiti\",\"description\":\"e-mail: redazione@bellunopress.it\",\"publisher\":{\"@id\":\"https:\\\/\\\/www.bellunopress.it\\\/#organization\"},\"potentialAction\":[{\"@type\":\"SearchAction\",\"target\":{\"@type\":\"EntryPoint\",\"urlTemplate\":\"https:\\\/\\\/www.bellunopress.it\\\/?s={search_term_string}\"},\"query-input\":{\"@type\":\"PropertyValueSpecification\",\"valueRequired\":true,\"valueName\":\"search_term_string\"}}],\"inLanguage\":\"fr-FR\"},{\"@type\":\"Organization\",\"@id\":\"https:\\\/\\\/www.bellunopress.it\\\/#organization\",\"name\":\"Bellunopress\",\"url\":\"https:\\\/\\\/www.bellunopress.it\\\/\",\"logo\":{\"@type\":\"ImageObject\",\"inLanguage\":\"fr-FR\",\"@id\":\"https:\\\/\\\/www.bellunopress.it\\\/#\\\/schema\\\/logo\\\/image\\\/\",\"url\":\"https:\\\/\\\/www.bellunopress.it\\\/wp-content\\\/uploads\\\/2011\\\/05\\\/cropped-logo-bellunopress-.jpg\",\"contentUrl\":\"https:\\\/\\\/www.bellunopress.it\\\/wp-content\\\/uploads\\\/2011\\\/05\\\/cropped-logo-bellunopress-.jpg\",\"width\":512,\"height\":512,\"caption\":\"Bellunopress\"},\"image\":{\"@id\":\"https:\\\/\\\/www.bellunopress.it\\\/#\\\/schema\\\/logo\\\/image\\\/\"},\"sameAs\":[\"https:\\\/\\\/www.facebook.com\\\/profile.php?id=100008943462799\",\"https:\\\/\\\/x.com\\\/bellunopress\",\"https:\\\/\\\/www.linkedin.com\\\/hp\\\/?dnr=JBzUWaJfMUw8vbXJJ2tVW5-I3jZKvC4wsoxE&amp;amp;amp;amp;amp;amp;trk=nav_responsive_tab_home\",\"https:\\\/\\\/www.youtube.com\\\/channel\\\/UCxL0wu1uN0_3_7hGG0306cw\"]},{\"@type\":\"Person\",\"@id\":\"https:\\\/\\\/www.bellunopress.it\\\/#\\\/schema\\\/person\\\/79bb06722b37ece1c03d3e94beb30d73\",\"name\":\"redazione\",\"image\":{\"@type\":\"ImageObject\",\"inLanguage\":\"fr-FR\",\"@id\":\"https:\\\/\\\/secure.gravatar.com\\\/avatar\\\/37d968a2e67a6fd04c169c4bdef102d0bc5d31b2546345219e348575eb80e9a0?s=96&d=mm&r=g\",\"url\":\"https:\\\/\\\/secure.gravatar.com\\\/avatar\\\/37d968a2e67a6fd04c169c4bdef102d0bc5d31b2546345219e348575eb80e9a0?s=96&d=mm&r=g\",\"contentUrl\":\"https:\\\/\\\/secure.gravatar.com\\\/avatar\\\/37d968a2e67a6fd04c169c4bdef102d0bc5d31b2546345219e348575eb80e9a0?s=96&d=mm&r=g\",\"caption\":\"redazione\"},\"sameAs\":[\"http:\\\/\\\/www.bellunopress.it\",\"https:\\\/\\\/x.com\\\/bellunopress\"],\"url\":\"https:\\\/\\\/www.bellunopress.it\\\/fr\\\/author\\\/redazione\\\/\"}]}<\/script>\n<!-- \/ Yoast SEO plugin. -->","yoast_head_json":{"title":"Treviso. Oggi al Teatro \"Mario del Monaco\" la 10ma edizione del Premio \"Goffredo Parise\" - Bellunopress - Dolomiti","robots":{"index":"index","follow":"follow","max-snippet":"max-snippet:-1","max-image-preview":"max-image-preview:large","max-video-preview":"max-video-preview:-1"},"canonical":"https:\/\/www.bellunopress.it\/fr\/2026\/05\/16\/treviso-oggi-al-teatro-mario-del-monaco-la-10ma-edizione-del-premio-goffredo-parise\/","og_locale":"fr_FR","og_type":"article","og_title":"Treviso. Oggi al Teatro \"Mario del Monaco\" la 10ma edizione del Premio \"Goffredo Parise\" - Bellunopress - Dolomiti","og_description":"Il coraggio della verit\u00e0 e il reportage di testimonianza Dalla passione civile di Peter Gomez al racconto del terremoto del Friuli firmato da Ilaria Tuti, fino al grido di Gaza di Alhassan Selmi: Treviso capitale del giornalismo di testimonianza Treviso, 16 maggio 2026 &#8211;\u00a0Il Teatro Comunale &#8220;Mario Del Monaco&#8221; di Treviso ospita oggi la decima [&hellip;]","og_url":"https:\/\/www.bellunopress.it\/fr\/2026\/05\/16\/treviso-oggi-al-teatro-mario-del-monaco-la-10ma-edizione-del-premio-goffredo-parise\/","og_site_name":"Bellunopress - Dolomiti","article_publisher":"https:\/\/www.facebook.com\/profile.php?id=100008943462799","article_published_time":"2026-05-16T14:13:06+00:00","og_image":[{"width":600,"height":326,"url":"https:\/\/www.bellunopress.it\/wp-content\/uploads\/2026\/05\/Treviso.-I-vincitori-del-Premio-Goffredo-Parise-2026-con-la-direzione-artistica-e-organizzativa-e-giuria.jpeg","type":"image\/jpeg"}],"author":"redazione","twitter_card":"summary_large_image","twitter_creator":"@bellunopress","twitter_site":"@bellunopress","twitter_misc":{"\u00c9crit par":"redazione","Dur\u00e9e de lecture estim\u00e9e":"6 minutes"},"schema":{"@context":"https:\/\/schema.org","@graph":[{"@type":"Article","@id":"https:\/\/www.bellunopress.it\/2026\/05\/16\/treviso-oggi-al-teatro-mario-del-monaco-la-10ma-edizione-del-premio-goffredo-parise\/#article","isPartOf":{"@id":"https:\/\/www.bellunopress.it\/2026\/05\/16\/treviso-oggi-al-teatro-mario-del-monaco-la-10ma-edizione-del-premio-goffredo-parise\/"},"author":{"name":"redazione","@id":"https:\/\/www.bellunopress.it\/#\/schema\/person\/79bb06722b37ece1c03d3e94beb30d73"},"headline":"Treviso. Oggi al Teatro &#8220;Mario del Monaco&#8221; la 10ma edizione del Premio &#8220;Goffredo Parise&#8221;","datePublished":"2026-05-16T14:13:06+00:00","mainEntityOfPage":{"@id":"https:\/\/www.bellunopress.it\/2026\/05\/16\/treviso-oggi-al-teatro-mario-del-monaco-la-10ma-edizione-del-premio-goffredo-parise\/"},"wordCount":1025,"publisher":{"@id":"https:\/\/www.bellunopress.it\/#organization"},"image":{"@id":"https:\/\/www.bellunopress.it\/2026\/05\/16\/treviso-oggi-al-teatro-mario-del-monaco-la-10ma-edizione-del-premio-goffredo-parise\/#primaryimage"},"thumbnailUrl":"https:\/\/www.bellunopress.it\/wp-content\/uploads\/2026\/05\/Treviso.-I-vincitori-del-Premio-Goffredo-Parise-2026-con-la-direzione-artistica-e-organizzativa-e-giuria.jpeg","articleSection":["Cultura e spettacoli, tempo libero, benessere, fuori provincia","Pausa Caff\u00e8"],"inLanguage":"fr-FR"},{"@type":"WebPage","@id":"https:\/\/www.bellunopress.it\/2026\/05\/16\/treviso-oggi-al-teatro-mario-del-monaco-la-10ma-edizione-del-premio-goffredo-parise\/","url":"https:\/\/www.bellunopress.it\/2026\/05\/16\/treviso-oggi-al-teatro-mario-del-monaco-la-10ma-edizione-del-premio-goffredo-parise\/","name":"Treviso. Oggi al Teatro \"Mario del Monaco\" la 10ma edizione del Premio \"Goffredo Parise\" - Bellunopress - Dolomiti","isPartOf":{"@id":"https:\/\/www.bellunopress.it\/#website"},"primaryImageOfPage":{"@id":"https:\/\/www.bellunopress.it\/2026\/05\/16\/treviso-oggi-al-teatro-mario-del-monaco-la-10ma-edizione-del-premio-goffredo-parise\/#primaryimage"},"image":{"@id":"https:\/\/www.bellunopress.it\/2026\/05\/16\/treviso-oggi-al-teatro-mario-del-monaco-la-10ma-edizione-del-premio-goffredo-parise\/#primaryimage"},"thumbnailUrl":"https:\/\/www.bellunopress.it\/wp-content\/uploads\/2026\/05\/Treviso.-I-vincitori-del-Premio-Goffredo-Parise-2026-con-la-direzione-artistica-e-organizzativa-e-giuria.jpeg","datePublished":"2026-05-16T14:13:06+00:00","breadcrumb":{"@id":"https:\/\/www.bellunopress.it\/2026\/05\/16\/treviso-oggi-al-teatro-mario-del-monaco-la-10ma-edizione-del-premio-goffredo-parise\/#breadcrumb"},"inLanguage":"fr-FR","potentialAction":[{"@type":"ReadAction","target":["https:\/\/www.bellunopress.it\/2026\/05\/16\/treviso-oggi-al-teatro-mario-del-monaco-la-10ma-edizione-del-premio-goffredo-parise\/"]}]},{"@type":"ImageObject","inLanguage":"fr-FR","@id":"https:\/\/www.bellunopress.it\/2026\/05\/16\/treviso-oggi-al-teatro-mario-del-monaco-la-10ma-edizione-del-premio-goffredo-parise\/#primaryimage","url":"https:\/\/www.bellunopress.it\/wp-content\/uploads\/2026\/05\/Treviso.-I-vincitori-del-Premio-Goffredo-Parise-2026-con-la-direzione-artistica-e-organizzativa-e-giuria.jpeg","contentUrl":"https:\/\/www.bellunopress.it\/wp-content\/uploads\/2026\/05\/Treviso.-I-vincitori-del-Premio-Goffredo-Parise-2026-con-la-direzione-artistica-e-organizzativa-e-giuria.jpeg","width":600,"height":326,"caption":"Treviso. I vincitori del Premio Goffredo Parise 2026 con la direzione artistica e organizzativa e giuria"},{"@type":"BreadcrumbList","@id":"https:\/\/www.bellunopress.it\/2026\/05\/16\/treviso-oggi-al-teatro-mario-del-monaco-la-10ma-edizione-del-premio-goffredo-parise\/#breadcrumb","itemListElement":[{"@type":"ListItem","position":1,"name":"Home","item":"https:\/\/www.bellunopress.it\/"},{"@type":"ListItem","position":2,"name":"Treviso. Oggi al Teatro &#8220;Mario del Monaco&#8221; la 10ma edizione del Premio &#8220;Goffredo Parise&#8221;"}]},{"@type":"WebSite","@id":"https:\/\/www.bellunopress.it\/#website","url":"https:\/\/www.bellunopress.it\/","name":"Bellunopress - Dolomiti","description":"e-mail: redazione@bellunopress.it","publisher":{"@id":"https:\/\/www.bellunopress.it\/#organization"},"potentialAction":[{"@type":"SearchAction","target":{"@type":"EntryPoint","urlTemplate":"https:\/\/www.bellunopress.it\/?s={search_term_string}"},"query-input":{"@type":"PropertyValueSpecification","valueRequired":true,"valueName":"search_term_string"}}],"inLanguage":"fr-FR"},{"@type":"Organization","@id":"https:\/\/www.bellunopress.it\/#organization","name":"Bellunopress","url":"https:\/\/www.bellunopress.it\/","logo":{"@type":"ImageObject","inLanguage":"fr-FR","@id":"https:\/\/www.bellunopress.it\/#\/schema\/logo\/image\/","url":"https:\/\/www.bellunopress.it\/wp-content\/uploads\/2011\/05\/cropped-logo-bellunopress-.jpg","contentUrl":"https:\/\/www.bellunopress.it\/wp-content\/uploads\/2011\/05\/cropped-logo-bellunopress-.jpg","width":512,"height":512,"caption":"Bellunopress"},"image":{"@id":"https:\/\/www.bellunopress.it\/#\/schema\/logo\/image\/"},"sameAs":["https:\/\/www.facebook.com\/profile.php?id=100008943462799","https:\/\/x.com\/bellunopress","https:\/\/www.linkedin.com\/hp\/?dnr=JBzUWaJfMUw8vbXJJ2tVW5-I3jZKvC4wsoxE&amp;amp;amp;amp;amp;amp;trk=nav_responsive_tab_home","https:\/\/www.youtube.com\/channel\/UCxL0wu1uN0_3_7hGG0306cw"]},{"@type":"Person","@id":"https:\/\/www.bellunopress.it\/#\/schema\/person\/79bb06722b37ece1c03d3e94beb30d73","name":"r\u00e9daction","image":{"@type":"ImageObject","inLanguage":"fr-FR","@id":"https:\/\/secure.gravatar.com\/avatar\/37d968a2e67a6fd04c169c4bdef102d0bc5d31b2546345219e348575eb80e9a0?s=96&d=mm&r=g","url":"https:\/\/secure.gravatar.com\/avatar\/37d968a2e67a6fd04c169c4bdef102d0bc5d31b2546345219e348575eb80e9a0?s=96&d=mm&r=g","contentUrl":"https:\/\/secure.gravatar.com\/avatar\/37d968a2e67a6fd04c169c4bdef102d0bc5d31b2546345219e348575eb80e9a0?s=96&d=mm&r=g","caption":"redazione"},"sameAs":["http:\/\/www.bellunopress.it","https:\/\/x.com\/bellunopress"],"url":"https:\/\/www.bellunopress.it\/fr\/author\/redazione\/"}]}},"_links":{"self":[{"href":"https:\/\/www.bellunopress.it\/fr\/wp-json\/wp\/v2\/posts\/170170","targetHints":{"allow":["GET"]}}],"collection":[{"href":"https:\/\/www.bellunopress.it\/fr\/wp-json\/wp\/v2\/posts"}],"about":[{"href":"https:\/\/www.bellunopress.it\/fr\/wp-json\/wp\/v2\/types\/post"}],"author":[{"embeddable":true,"href":"https:\/\/www.bellunopress.it\/fr\/wp-json\/wp\/v2\/users\/2"}],"replies":[{"embeddable":true,"href":"https:\/\/www.bellunopress.it\/fr\/wp-json\/wp\/v2\/comments?post=170170"}],"version-history":[{"count":1,"href":"https:\/\/www.bellunopress.it\/fr\/wp-json\/wp\/v2\/posts\/170170\/revisions"}],"predecessor-version":[{"id":170172,"href":"https:\/\/www.bellunopress.it\/fr\/wp-json\/wp\/v2\/posts\/170170\/revisions\/170172"}],"wp:featuredmedia":[{"embeddable":true,"href":"https:\/\/www.bellunopress.it\/fr\/wp-json\/wp\/v2\/media\/170171"}],"wp:attachment":[{"href":"https:\/\/www.bellunopress.it\/fr\/wp-json\/wp\/v2\/media?parent=170170"}],"wp:term":[{"taxonomy":"category","embeddable":true,"href":"https:\/\/www.bellunopress.it\/fr\/wp-json\/wp\/v2\/categories?post=170170"},{"taxonomy":"post_tag","embeddable":true,"href":"https:\/\/www.bellunopress.it\/fr\/wp-json\/wp\/v2\/tags?post=170170"}],"curies":[{"name":"wp","href":"https:\/\/api.w.org\/{rel}","templated":true}]}}