{"id":170167,"date":"2026-05-16T13:44:35","date_gmt":"2026-05-16T11:44:35","guid":{"rendered":"https:\/\/www.bellunopress.it\/?p=170167"},"modified":"2026-05-16T13:44:35","modified_gmt":"2026-05-16T11:44:35","slug":"artigiani-in-classe-il-centro-per-la-formazione-di-sedico-vola-in-finale-nazionale-e-viene-premiato-da-appia-cna","status":"publish","type":"post","link":"https:\/\/www.bellunopress.it\/fr\/2026\/05\/16\/artigiani-in-classe-il-centro-per-la-formazione-di-sedico-vola-in-finale-nazionale-e-viene-premiato-da-appia-cna\/","title":{"rendered":"Artigiani in classe. Il Centro per la Formazione di Sedico vola in finale nazionale e viene premiato da Appia Cna"},"content":{"rendered":"<p><strong>La classe seconda dell&#8217;indirizzo edile conquista Roma con una fontanella domotica ecologica. Il plauso del presidente Cerentin: \u00abFondamentale connettere scuola e artigianato per combattere lo spopolamento\u00bb.<\/strong><\/p>\n<p>Belluno, 16 maggio 2026 &#8211; C&#8217;era anche il cuore pulsante della formazione bellunese a Roma, tra le 37 migliori realt\u00e0 scolastiche d&#8217;Italia selezionate per la finalissima della prima edizione del premio \u201cArtigiani in classe\u201d. A tenere alto il vessillo della provincia<br \/>\ndolomitica \u00e8 stata la classe seconda dell\u2019indirizzo edile del C.F.S. \u2013 Centro per la Formazione e la Sicurezza di Sedico, protagonista di un percorso d&#8217;eccellenza nato all&#8217;interno del protocollo d&#8217;intesa \u201cArtigianato e scuola\u201d siglato tra il<br \/>\nMinistero dell&#8217;Istruzione e del Merito e la CNA nazionale.<\/p>\n<p>L&#8217;istituto di Sedico ha conquistato l&#8217;accesso alla fase nazionale grazie a un progetto straordinariamente attuale, capace di coniugare innovazione tecnologica, sostenibilit\u00e0 e transizione ecologica. Gli studenti hanno infatti progettato e realizzato una speciale fontanella domotica. Il dispositivo, attivabile mediante una fotocellula sensibile al movimento, \u00e8 alimentato<br \/>\nin modo del tutto autonomo da un piccolo pannello fotovoltaico. Un\u2019opera d\u2019ingegno che risponde perfettamente alle moderne sfide civiche ed economiche, garantendo un concreto risparmio energetico e contrastando in modo attivo lo spreco delle risorse idriche.<\/p>\n<p>Un&#8217;opera edilizia e tecnologica autosufficiente: dotata di fotocellula per l&#8217;erogazione mirata dell&#8217;acqua e alimentata da micro-pannelli solari. \u00c8 il progetto con cui gli studenti del CFS di Sedico hanno dimostrato come l&#8217;artigianato tradizionale sappia evolversi verso l&#8217;industria 4.0 e la sostenibilit\u00e0.<br \/>\nLa cerimonia di premiazione, svoltasi nei giorni scorsi a Roma presso la sede centrale di CNA, ha visto un&#8217;intensa partecipazione anche dal territorio bellunese. Pur collegati in remoto dall&#8217;aula magna dell\u2019istituto per ragioni logistiche, i ragazzi del CFS, insieme alla direttrice Manola Monaja, hanno vissuto l&#8217;emozione della finale fianco a fianco con i vertici di Appia CNA<br \/>\nBelluno, rappresentata dal presidente Andrea Cerentin e dal direttore Cristian Sacchet. Il podio nazionale ha visto trionfare l&#8217;istituto di Mesagne (Brindisi), seguito da Catania e Roma.<br \/>\nI giovani artigiani di Sedico non sono tuttavia rimasti a bocca asciutta. Per celebrare lo storico approdo alla fase finale e premiare l&#8217;impegno, la creativit\u00e0 e la competenza dimostrate, Appia CNA Belluno ha voluto consegnare alla classe un significativo riconoscimento in denaro, un incentivo concreto per supportare le future attivit\u00e0 didattiche e professionali dei ragazzi.<\/p>\n<p>\u00abTra i 37 istituti arrivati in finale, per il Veneto erano presenti solo realt\u00e0 della provincia di Padova e il nostro CFS bellunese. -sottolinea il presidente Andrea Cerentin \u2013 \u00c8 un risultato importantissimo che premia gli sforzi di questi ragazzi. Come associazione siamo gi\u00e0 pronti a rilanciare il progetto per il prossimo anno scolastico, sperando di coinvolgere ancora pi\u00f9 scuole nella fase locale. Riteniamo cruciale far dialogare la scuola e l&#8217;artigianato: abbattere gli ostacoli nel ricambio generazionale, sconfiggere la carenza di manodopera e contrastare lo spopolamento montano con l&#8217;occupazione e l&#8217;imprenditorialit\u00e0 locale di qualit\u00e0 sono gli obiettivi su cui siamo impegnati da sempre\u00bb.<\/p>\n<p>Il successo del CFS di Sedico dimostra come la formazione professionale bellunese sia un\u2019avanguardia capace di competere a livello nazionale. Il legame tra il mondo della scuola e le associazioni di categoria come Appia CNA si conferma lo strumento pi\u00f9 efficace non solo per formare i professionisti di domani, ma per dare una risposta strategica e di lungo periodo alle necessit\u00e0 economiche e sociali del territorio di Belluno.<\/p>\n<p>&nbsp;<\/p>","protected":false},"excerpt":{"rendered":"<p>La classe seconda dell&#8217;indirizzo edile conquista Roma con una fontanella domotica ecologica. Il plauso del presidente Cerentin: \u00abFondamentale connettere scuola e artigianato per combattere lo spopolamento\u00bb. Belluno, 16 maggio 2026 &#8211; C&#8217;era anche il cuore pulsante della formazione bellunese a Roma, tra le 37 migliori realt\u00e0 scolastiche d&#8217;Italia selezionate per la finalissima della prima edizione [&hellip;]<\/p>\n","protected":false},"author":2,"featured_media":170168,"comment_status":"closed","ping_status":"open","sticky":false,"template":"","format":"standard","meta":{"footnotes":""},"categories":[15,8],"tags":[],"class_list":["post-170167","post","type-post","status-publish","format-standard","has-post-thumbnail","category-scuola","category-societa-istituzioni"],"yoast_head":"<!-- This site is optimized with the Yoast SEO plugin v28.4 - https:\/\/yoast.com\/product\/yoast-seo-wordpress\/ -->\n<title>Artigiani in classe. Il Centro per la Formazione di Sedico vola in finale nazionale e viene premiato da Appia Cna - Bellunopress - Dolomiti<\/title>\n<meta name=\"robots\" content=\"index, follow, max-snippet:-1, max-image-preview:large, max-video-preview:-1\" \/>\n<link rel=\"canonical\" href=\"https:\/\/www.bellunopress.it\/fr\/2026\/05\/16\/artigiani-in-classe-il-centro-per-la-formazione-di-sedico-vola-in-finale-nazionale-e-viene-premiato-da-appia-cna\/\" \/>\n<meta property=\"og:locale\" content=\"fr_FR\" \/>\n<meta property=\"og:type\" content=\"article\" \/>\n<meta property=\"og:title\" content=\"Artigiani in classe. Il Centro per la Formazione di Sedico vola in finale nazionale e viene premiato da Appia Cna - Bellunopress - Dolomiti\" \/>\n<meta property=\"og:description\" content=\"La classe seconda dell&#8217;indirizzo edile conquista Roma con una fontanella domotica ecologica. Il plauso del presidente Cerentin: \u00abFondamentale connettere scuola e artigianato per combattere lo spopolamento\u00bb. Belluno, 16 maggio 2026 &#8211; C&#8217;era anche il cuore pulsante della formazione bellunese a Roma, tra le 37 migliori realt\u00e0 scolastiche d&#8217;Italia selezionate per la finalissima della prima edizione [&hellip;]\" \/>\n<meta property=\"og:url\" content=\"https:\/\/www.bellunopress.it\/fr\/2026\/05\/16\/artigiani-in-classe-il-centro-per-la-formazione-di-sedico-vola-in-finale-nazionale-e-viene-premiato-da-appia-cna\/\" \/>\n<meta property=\"og:site_name\" content=\"Bellunopress - Dolomiti\" \/>\n<meta property=\"article:publisher\" content=\"https:\/\/www.facebook.com\/profile.php?id=100008943462799\" \/>\n<meta property=\"article:published_time\" content=\"2026-05-16T11:44:35+00:00\" \/>\n<meta property=\"og:image\" content=\"https:\/\/www.bellunopress.it\/wp-content\/uploads\/2026\/05\/Appia-CNA-Belluno-CFS-progetto-fontanella-demotica-Artigiani-in-classe.jpeg\" \/>\n\t<meta property=\"og:image:width\" content=\"600\" \/>\n\t<meta property=\"og:image:height\" content=\"427\" \/>\n\t<meta property=\"og:image:type\" content=\"image\/jpeg\" \/>\n<meta name=\"author\" content=\"redazione\" \/>\n<meta name=\"twitter:card\" content=\"summary_large_image\" \/>\n<meta name=\"twitter:creator\" content=\"@bellunopress\" \/>\n<meta name=\"twitter:site\" content=\"@bellunopress\" \/>\n<meta name=\"twitter:label1\" content=\"\u00c9crit par\" \/>\n\t<meta name=\"twitter:data1\" content=\"redazione\" \/>\n\t<meta name=\"twitter:label2\" content=\"Dur\u00e9e de lecture estim\u00e9e\" \/>\n\t<meta name=\"twitter:data2\" content=\"4 minutes\" \/>\n<script type=\"application\/ld+json\" class=\"yoast-schema-graph\">{\"@context\":\"https:\\\/\\\/schema.org\",\"@graph\":[{\"@type\":\"Article\",\"@id\":\"https:\\\/\\\/www.bellunopress.it\\\/2026\\\/05\\\/16\\\/artigiani-in-classe-il-centro-per-la-formazione-di-sedico-vola-in-finale-nazionale-e-viene-premiato-da-appia-cna\\\/#article\",\"isPartOf\":{\"@id\":\"https:\\\/\\\/www.bellunopress.it\\\/2026\\\/05\\\/16\\\/artigiani-in-classe-il-centro-per-la-formazione-di-sedico-vola-in-finale-nazionale-e-viene-premiato-da-appia-cna\\\/\"},\"author\":{\"name\":\"redazione\",\"@id\":\"https:\\\/\\\/www.bellunopress.it\\\/#\\\/schema\\\/person\\\/79bb06722b37ece1c03d3e94beb30d73\"},\"headline\":\"Artigiani in classe. Il Centro per la Formazione di Sedico vola in finale nazionale e viene premiato da Appia Cna\",\"datePublished\":\"2026-05-16T11:44:35+00:00\",\"mainEntityOfPage\":{\"@id\":\"https:\\\/\\\/www.bellunopress.it\\\/2026\\\/05\\\/16\\\/artigiani-in-classe-il-centro-per-la-formazione-di-sedico-vola-in-finale-nazionale-e-viene-premiato-da-appia-cna\\\/\"},\"wordCount\":583,\"publisher\":{\"@id\":\"https:\\\/\\\/www.bellunopress.it\\\/#organization\"},\"image\":{\"@id\":\"https:\\\/\\\/www.bellunopress.it\\\/2026\\\/05\\\/16\\\/artigiani-in-classe-il-centro-per-la-formazione-di-sedico-vola-in-finale-nazionale-e-viene-premiato-da-appia-cna\\\/#primaryimage\"},\"thumbnailUrl\":\"https:\\\/\\\/www.bellunopress.it\\\/wp-content\\\/uploads\\\/2026\\\/05\\\/Appia-CNA-Belluno-CFS-progetto-fontanella-demotica-Artigiani-in-classe.jpeg\",\"articleSection\":[\"Scuola\",\"Societ\u00e0, Associazioni, Istituzioni\"],\"inLanguage\":\"fr-FR\"},{\"@type\":\"WebPage\",\"@id\":\"https:\\\/\\\/www.bellunopress.it\\\/2026\\\/05\\\/16\\\/artigiani-in-classe-il-centro-per-la-formazione-di-sedico-vola-in-finale-nazionale-e-viene-premiato-da-appia-cna\\\/\",\"url\":\"https:\\\/\\\/www.bellunopress.it\\\/2026\\\/05\\\/16\\\/artigiani-in-classe-il-centro-per-la-formazione-di-sedico-vola-in-finale-nazionale-e-viene-premiato-da-appia-cna\\\/\",\"name\":\"Artigiani in classe. Il Centro per la Formazione di Sedico vola in finale nazionale e viene premiato da Appia Cna - Bellunopress - Dolomiti\",\"isPartOf\":{\"@id\":\"https:\\\/\\\/www.bellunopress.it\\\/#website\"},\"primaryImageOfPage\":{\"@id\":\"https:\\\/\\\/www.bellunopress.it\\\/2026\\\/05\\\/16\\\/artigiani-in-classe-il-centro-per-la-formazione-di-sedico-vola-in-finale-nazionale-e-viene-premiato-da-appia-cna\\\/#primaryimage\"},\"image\":{\"@id\":\"https:\\\/\\\/www.bellunopress.it\\\/2026\\\/05\\\/16\\\/artigiani-in-classe-il-centro-per-la-formazione-di-sedico-vola-in-finale-nazionale-e-viene-premiato-da-appia-cna\\\/#primaryimage\"},\"thumbnailUrl\":\"https:\\\/\\\/www.bellunopress.it\\\/wp-content\\\/uploads\\\/2026\\\/05\\\/Appia-CNA-Belluno-CFS-progetto-fontanella-demotica-Artigiani-in-classe.jpeg\",\"datePublished\":\"2026-05-16T11:44:35+00:00\",\"breadcrumb\":{\"@id\":\"https:\\\/\\\/www.bellunopress.it\\\/2026\\\/05\\\/16\\\/artigiani-in-classe-il-centro-per-la-formazione-di-sedico-vola-in-finale-nazionale-e-viene-premiato-da-appia-cna\\\/#breadcrumb\"},\"inLanguage\":\"fr-FR\",\"potentialAction\":[{\"@type\":\"ReadAction\",\"target\":[\"https:\\\/\\\/www.bellunopress.it\\\/2026\\\/05\\\/16\\\/artigiani-in-classe-il-centro-per-la-formazione-di-sedico-vola-in-finale-nazionale-e-viene-premiato-da-appia-cna\\\/\"]}]},{\"@type\":\"ImageObject\",\"inLanguage\":\"fr-FR\",\"@id\":\"https:\\\/\\\/www.bellunopress.it\\\/2026\\\/05\\\/16\\\/artigiani-in-classe-il-centro-per-la-formazione-di-sedico-vola-in-finale-nazionale-e-viene-premiato-da-appia-cna\\\/#primaryimage\",\"url\":\"https:\\\/\\\/www.bellunopress.it\\\/wp-content\\\/uploads\\\/2026\\\/05\\\/Appia-CNA-Belluno-CFS-progetto-fontanella-demotica-Artigiani-in-classe.jpeg\",\"contentUrl\":\"https:\\\/\\\/www.bellunopress.it\\\/wp-content\\\/uploads\\\/2026\\\/05\\\/Appia-CNA-Belluno-CFS-progetto-fontanella-demotica-Artigiani-in-classe.jpeg\",\"width\":600,\"height\":427,\"caption\":\"Appia CNA Belluno- CFS - progetto fontanella demotica - Artigiani in classe\"},{\"@type\":\"BreadcrumbList\",\"@id\":\"https:\\\/\\\/www.bellunopress.it\\\/2026\\\/05\\\/16\\\/artigiani-in-classe-il-centro-per-la-formazione-di-sedico-vola-in-finale-nazionale-e-viene-premiato-da-appia-cna\\\/#breadcrumb\",\"itemListElement\":[{\"@type\":\"ListItem\",\"position\":1,\"name\":\"Home\",\"item\":\"https:\\\/\\\/www.bellunopress.it\\\/\"},{\"@type\":\"ListItem\",\"position\":2,\"name\":\"Artigiani in classe. Il Centro per la Formazione di Sedico vola in finale nazionale e viene premiato da Appia Cna\"}]},{\"@type\":\"WebSite\",\"@id\":\"https:\\\/\\\/www.bellunopress.it\\\/#website\",\"url\":\"https:\\\/\\\/www.bellunopress.it\\\/\",\"name\":\"Bellunopress - Dolomiti\",\"description\":\"e-mail: redazione@bellunopress.it\",\"publisher\":{\"@id\":\"https:\\\/\\\/www.bellunopress.it\\\/#organization\"},\"potentialAction\":[{\"@type\":\"SearchAction\",\"target\":{\"@type\":\"EntryPoint\",\"urlTemplate\":\"https:\\\/\\\/www.bellunopress.it\\\/?s={search_term_string}\"},\"query-input\":{\"@type\":\"PropertyValueSpecification\",\"valueRequired\":true,\"valueName\":\"search_term_string\"}}],\"inLanguage\":\"fr-FR\"},{\"@type\":\"Organization\",\"@id\":\"https:\\\/\\\/www.bellunopress.it\\\/#organization\",\"name\":\"Bellunopress\",\"url\":\"https:\\\/\\\/www.bellunopress.it\\\/\",\"logo\":{\"@type\":\"ImageObject\",\"inLanguage\":\"fr-FR\",\"@id\":\"https:\\\/\\\/www.bellunopress.it\\\/#\\\/schema\\\/logo\\\/image\\\/\",\"url\":\"https:\\\/\\\/www.bellunopress.it\\\/wp-content\\\/uploads\\\/2011\\\/05\\\/cropped-logo-bellunopress-.jpg\",\"contentUrl\":\"https:\\\/\\\/www.bellunopress.it\\\/wp-content\\\/uploads\\\/2011\\\/05\\\/cropped-logo-bellunopress-.jpg\",\"width\":512,\"height\":512,\"caption\":\"Bellunopress\"},\"image\":{\"@id\":\"https:\\\/\\\/www.bellunopress.it\\\/#\\\/schema\\\/logo\\\/image\\\/\"},\"sameAs\":[\"https:\\\/\\\/www.facebook.com\\\/profile.php?id=100008943462799\",\"https:\\\/\\\/x.com\\\/bellunopress\",\"https:\\\/\\\/www.linkedin.com\\\/hp\\\/?dnr=JBzUWaJfMUw8vbXJJ2tVW5-I3jZKvC4wsoxE&amp;amp;amp;amp;amp;amp;trk=nav_responsive_tab_home\",\"https:\\\/\\\/www.youtube.com\\\/channel\\\/UCxL0wu1uN0_3_7hGG0306cw\"]},{\"@type\":\"Person\",\"@id\":\"https:\\\/\\\/www.bellunopress.it\\\/#\\\/schema\\\/person\\\/79bb06722b37ece1c03d3e94beb30d73\",\"name\":\"redazione\",\"image\":{\"@type\":\"ImageObject\",\"inLanguage\":\"fr-FR\",\"@id\":\"https:\\\/\\\/secure.gravatar.com\\\/avatar\\\/37d968a2e67a6fd04c169c4bdef102d0bc5d31b2546345219e348575eb80e9a0?s=96&d=mm&r=g\",\"url\":\"https:\\\/\\\/secure.gravatar.com\\\/avatar\\\/37d968a2e67a6fd04c169c4bdef102d0bc5d31b2546345219e348575eb80e9a0?s=96&d=mm&r=g\",\"contentUrl\":\"https:\\\/\\\/secure.gravatar.com\\\/avatar\\\/37d968a2e67a6fd04c169c4bdef102d0bc5d31b2546345219e348575eb80e9a0?s=96&d=mm&r=g\",\"caption\":\"redazione\"},\"sameAs\":[\"http:\\\/\\\/www.bellunopress.it\",\"https:\\\/\\\/x.com\\\/bellunopress\"],\"url\":\"https:\\\/\\\/www.bellunopress.it\\\/fr\\\/author\\\/redazione\\\/\"}]}<\/script>\n<!-- \/ Yoast SEO plugin. -->","yoast_head_json":{"title":"Artigiani in classe. Il Centro per la Formazione di Sedico vola in finale nazionale e viene premiato da Appia Cna - Bellunopress - Dolomiti","robots":{"index":"index","follow":"follow","max-snippet":"max-snippet:-1","max-image-preview":"max-image-preview:large","max-video-preview":"max-video-preview:-1"},"canonical":"https:\/\/www.bellunopress.it\/fr\/2026\/05\/16\/artigiani-in-classe-il-centro-per-la-formazione-di-sedico-vola-in-finale-nazionale-e-viene-premiato-da-appia-cna\/","og_locale":"fr_FR","og_type":"article","og_title":"Artigiani in classe. Il Centro per la Formazione di Sedico vola in finale nazionale e viene premiato da Appia Cna - Bellunopress - Dolomiti","og_description":"La classe seconda dell&#8217;indirizzo edile conquista Roma con una fontanella domotica ecologica. Il plauso del presidente Cerentin: \u00abFondamentale connettere scuola e artigianato per combattere lo spopolamento\u00bb. Belluno, 16 maggio 2026 &#8211; C&#8217;era anche il cuore pulsante della formazione bellunese a Roma, tra le 37 migliori realt\u00e0 scolastiche d&#8217;Italia selezionate per la finalissima della prima edizione [&hellip;]","og_url":"https:\/\/www.bellunopress.it\/fr\/2026\/05\/16\/artigiani-in-classe-il-centro-per-la-formazione-di-sedico-vola-in-finale-nazionale-e-viene-premiato-da-appia-cna\/","og_site_name":"Bellunopress - Dolomiti","article_publisher":"https:\/\/www.facebook.com\/profile.php?id=100008943462799","article_published_time":"2026-05-16T11:44:35+00:00","og_image":[{"width":600,"height":427,"url":"https:\/\/www.bellunopress.it\/wp-content\/uploads\/2026\/05\/Appia-CNA-Belluno-CFS-progetto-fontanella-demotica-Artigiani-in-classe.jpeg","type":"image\/jpeg"}],"author":"redazione","twitter_card":"summary_large_image","twitter_creator":"@bellunopress","twitter_site":"@bellunopress","twitter_misc":{"\u00c9crit par":"redazione","Dur\u00e9e de lecture estim\u00e9e":"4 minutes"},"schema":{"@context":"https:\/\/schema.org","@graph":[{"@type":"Article","@id":"https:\/\/www.bellunopress.it\/2026\/05\/16\/artigiani-in-classe-il-centro-per-la-formazione-di-sedico-vola-in-finale-nazionale-e-viene-premiato-da-appia-cna\/#article","isPartOf":{"@id":"https:\/\/www.bellunopress.it\/2026\/05\/16\/artigiani-in-classe-il-centro-per-la-formazione-di-sedico-vola-in-finale-nazionale-e-viene-premiato-da-appia-cna\/"},"author":{"name":"redazione","@id":"https:\/\/www.bellunopress.it\/#\/schema\/person\/79bb06722b37ece1c03d3e94beb30d73"},"headline":"Artigiani in classe. Il Centro per la Formazione di Sedico vola in finale nazionale e viene premiato da Appia Cna","datePublished":"2026-05-16T11:44:35+00:00","mainEntityOfPage":{"@id":"https:\/\/www.bellunopress.it\/2026\/05\/16\/artigiani-in-classe-il-centro-per-la-formazione-di-sedico-vola-in-finale-nazionale-e-viene-premiato-da-appia-cna\/"},"wordCount":583,"publisher":{"@id":"https:\/\/www.bellunopress.it\/#organization"},"image":{"@id":"https:\/\/www.bellunopress.it\/2026\/05\/16\/artigiani-in-classe-il-centro-per-la-formazione-di-sedico-vola-in-finale-nazionale-e-viene-premiato-da-appia-cna\/#primaryimage"},"thumbnailUrl":"https:\/\/www.bellunopress.it\/wp-content\/uploads\/2026\/05\/Appia-CNA-Belluno-CFS-progetto-fontanella-demotica-Artigiani-in-classe.jpeg","articleSection":["Scuola","Societ\u00e0, Associazioni, Istituzioni"],"inLanguage":"fr-FR"},{"@type":"WebPage","@id":"https:\/\/www.bellunopress.it\/2026\/05\/16\/artigiani-in-classe-il-centro-per-la-formazione-di-sedico-vola-in-finale-nazionale-e-viene-premiato-da-appia-cna\/","url":"https:\/\/www.bellunopress.it\/2026\/05\/16\/artigiani-in-classe-il-centro-per-la-formazione-di-sedico-vola-in-finale-nazionale-e-viene-premiato-da-appia-cna\/","name":"Artigiani in classe. Il Centro per la Formazione di Sedico vola in finale nazionale e viene premiato da Appia Cna - Bellunopress - Dolomiti","isPartOf":{"@id":"https:\/\/www.bellunopress.it\/#website"},"primaryImageOfPage":{"@id":"https:\/\/www.bellunopress.it\/2026\/05\/16\/artigiani-in-classe-il-centro-per-la-formazione-di-sedico-vola-in-finale-nazionale-e-viene-premiato-da-appia-cna\/#primaryimage"},"image":{"@id":"https:\/\/www.bellunopress.it\/2026\/05\/16\/artigiani-in-classe-il-centro-per-la-formazione-di-sedico-vola-in-finale-nazionale-e-viene-premiato-da-appia-cna\/#primaryimage"},"thumbnailUrl":"https:\/\/www.bellunopress.it\/wp-content\/uploads\/2026\/05\/Appia-CNA-Belluno-CFS-progetto-fontanella-demotica-Artigiani-in-classe.jpeg","datePublished":"2026-05-16T11:44:35+00:00","breadcrumb":{"@id":"https:\/\/www.bellunopress.it\/2026\/05\/16\/artigiani-in-classe-il-centro-per-la-formazione-di-sedico-vola-in-finale-nazionale-e-viene-premiato-da-appia-cna\/#breadcrumb"},"inLanguage":"fr-FR","potentialAction":[{"@type":"ReadAction","target":["https:\/\/www.bellunopress.it\/2026\/05\/16\/artigiani-in-classe-il-centro-per-la-formazione-di-sedico-vola-in-finale-nazionale-e-viene-premiato-da-appia-cna\/"]}]},{"@type":"ImageObject","inLanguage":"fr-FR","@id":"https:\/\/www.bellunopress.it\/2026\/05\/16\/artigiani-in-classe-il-centro-per-la-formazione-di-sedico-vola-in-finale-nazionale-e-viene-premiato-da-appia-cna\/#primaryimage","url":"https:\/\/www.bellunopress.it\/wp-content\/uploads\/2026\/05\/Appia-CNA-Belluno-CFS-progetto-fontanella-demotica-Artigiani-in-classe.jpeg","contentUrl":"https:\/\/www.bellunopress.it\/wp-content\/uploads\/2026\/05\/Appia-CNA-Belluno-CFS-progetto-fontanella-demotica-Artigiani-in-classe.jpeg","width":600,"height":427,"caption":"Appia CNA Belluno- CFS - progetto fontanella demotica - Artigiani in classe"},{"@type":"BreadcrumbList","@id":"https:\/\/www.bellunopress.it\/2026\/05\/16\/artigiani-in-classe-il-centro-per-la-formazione-di-sedico-vola-in-finale-nazionale-e-viene-premiato-da-appia-cna\/#breadcrumb","itemListElement":[{"@type":"ListItem","position":1,"name":"Home","item":"https:\/\/www.bellunopress.it\/"},{"@type":"ListItem","position":2,"name":"Artigiani in classe. Il Centro per la Formazione di Sedico vola in finale nazionale e viene premiato da Appia Cna"}]},{"@type":"WebSite","@id":"https:\/\/www.bellunopress.it\/#website","url":"https:\/\/www.bellunopress.it\/","name":"Bellunopress - Dolomiti","description":"e-mail: redazione@bellunopress.it","publisher":{"@id":"https:\/\/www.bellunopress.it\/#organization"},"potentialAction":[{"@type":"SearchAction","target":{"@type":"EntryPoint","urlTemplate":"https:\/\/www.bellunopress.it\/?s={search_term_string}"},"query-input":{"@type":"PropertyValueSpecification","valueRequired":true,"valueName":"search_term_string"}}],"inLanguage":"fr-FR"},{"@type":"Organization","@id":"https:\/\/www.bellunopress.it\/#organization","name":"Bellunopress","url":"https:\/\/www.bellunopress.it\/","logo":{"@type":"ImageObject","inLanguage":"fr-FR","@id":"https:\/\/www.bellunopress.it\/#\/schema\/logo\/image\/","url":"https:\/\/www.bellunopress.it\/wp-content\/uploads\/2011\/05\/cropped-logo-bellunopress-.jpg","contentUrl":"https:\/\/www.bellunopress.it\/wp-content\/uploads\/2011\/05\/cropped-logo-bellunopress-.jpg","width":512,"height":512,"caption":"Bellunopress"},"image":{"@id":"https:\/\/www.bellunopress.it\/#\/schema\/logo\/image\/"},"sameAs":["https:\/\/www.facebook.com\/profile.php?id=100008943462799","https:\/\/x.com\/bellunopress","https:\/\/www.linkedin.com\/hp\/?dnr=JBzUWaJfMUw8vbXJJ2tVW5-I3jZKvC4wsoxE&amp;amp;amp;amp;amp;amp;trk=nav_responsive_tab_home","https:\/\/www.youtube.com\/channel\/UCxL0wu1uN0_3_7hGG0306cw"]},{"@type":"Person","@id":"https:\/\/www.bellunopress.it\/#\/schema\/person\/79bb06722b37ece1c03d3e94beb30d73","name":"r\u00e9daction","image":{"@type":"ImageObject","inLanguage":"fr-FR","@id":"https:\/\/secure.gravatar.com\/avatar\/37d968a2e67a6fd04c169c4bdef102d0bc5d31b2546345219e348575eb80e9a0?s=96&d=mm&r=g","url":"https:\/\/secure.gravatar.com\/avatar\/37d968a2e67a6fd04c169c4bdef102d0bc5d31b2546345219e348575eb80e9a0?s=96&d=mm&r=g","contentUrl":"https:\/\/secure.gravatar.com\/avatar\/37d968a2e67a6fd04c169c4bdef102d0bc5d31b2546345219e348575eb80e9a0?s=96&d=mm&r=g","caption":"redazione"},"sameAs":["http:\/\/www.bellunopress.it","https:\/\/x.com\/bellunopress"],"url":"https:\/\/www.bellunopress.it\/fr\/author\/redazione\/"}]}},"_links":{"self":[{"href":"https:\/\/www.bellunopress.it\/fr\/wp-json\/wp\/v2\/posts\/170167","targetHints":{"allow":["GET"]}}],"collection":[{"href":"https:\/\/www.bellunopress.it\/fr\/wp-json\/wp\/v2\/posts"}],"about":[{"href":"https:\/\/www.bellunopress.it\/fr\/wp-json\/wp\/v2\/types\/post"}],"author":[{"embeddable":true,"href":"https:\/\/www.bellunopress.it\/fr\/wp-json\/wp\/v2\/users\/2"}],"replies":[{"embeddable":true,"href":"https:\/\/www.bellunopress.it\/fr\/wp-json\/wp\/v2\/comments?post=170167"}],"version-history":[{"count":1,"href":"https:\/\/www.bellunopress.it\/fr\/wp-json\/wp\/v2\/posts\/170167\/revisions"}],"predecessor-version":[{"id":170169,"href":"https:\/\/www.bellunopress.it\/fr\/wp-json\/wp\/v2\/posts\/170167\/revisions\/170169"}],"wp:featuredmedia":[{"embeddable":true,"href":"https:\/\/www.bellunopress.it\/fr\/wp-json\/wp\/v2\/media\/170168"}],"wp:attachment":[{"href":"https:\/\/www.bellunopress.it\/fr\/wp-json\/wp\/v2\/media?parent=170167"}],"wp:term":[{"taxonomy":"category","embeddable":true,"href":"https:\/\/www.bellunopress.it\/fr\/wp-json\/wp\/v2\/categories?post=170167"},{"taxonomy":"post_tag","embeddable":true,"href":"https:\/\/www.bellunopress.it\/fr\/wp-json\/wp\/v2\/tags?post=170167"}],"curies":[{"name":"wp","href":"https:\/\/api.w.org\/{rel}","templated":true}]}}