{"id":170164,"date":"2026-05-16T13:00:08","date_gmt":"2026-05-16T11:00:08","guid":{"rendered":"https:\/\/www.bellunopress.it\/?p=170164"},"modified":"2026-05-16T13:00:08","modified_gmt":"2026-05-16T11:00:08","slug":"belluno-festa-dello-sport-a-quartier-cadore-una-mattinata-di-giochi","status":"publish","type":"post","link":"https:\/\/www.bellunopress.it\/fr\/2026\/05\/16\/belluno-festa-dello-sport-a-quartier-cadore-una-mattinata-di-giochi\/","title":{"rendered":"Belluno. Festa dello sport a Quartier Cadore: una mattinata di giochi"},"content":{"rendered":"<p>Successo per l\u2019evento che ha coinvolto gli alunni della scuola primaria tra percorsi atletici, discipline di squadra e l&#8217;entusiasmo delle associazioni locali<\/p>\n<p>Belluno \u2014 Il cortile e le aree adiacenti alla scuola primaria &#8220;Quartier Cadore&#8221; si sono trasformati, nella mattinata del 13 maggio, in un vero e proprio villaggio olimpico a misura di bambino. Lo sport \u00e8 stato il protagonista assoluto di una giornata intensa, capace di coniugare movimento, educazione e profonda gioia condivisa.<br \/>\nFin dalle prime ore della mattina, intorno all&#8217;edificio scolastico \u00e8 salito un coro festoso di voci. Macchie colorate di<br \/>\nbambini hanno animato ogni spazio disponibile, muovendosi con entusiasmo tra percorsi motori guidati, giochi con la<br \/>\npalla e spettacolari acrobazie. L\u2019iniziativa ha saputo trasformare l\u2019attivit\u00e0 fisica in un momento di pura aggregazione,<br \/>\ndove il vero filo conduttore \u00e8 stato rappresentato dai sorrisi radiosi e dall&#8217;energia contagiosa dei piccoli partecipanti.<br \/>\nIl successo della manifestazione \u00e8 dipeso in larga misura dalla straordinaria professionalit\u00e0 dei numerosi volontari e<br \/>\ndegli esperti accorsi per l&#8217;occasione. Gli operatori hanno saputo relazionarsi con gli alunni stimolando la loro<br \/>\nmotivazione attraverso un approccio fortemente inclusivo. Grazie a questa spiccata sensibilit\u00e0, anche i bambini<br \/>\ninizialmente pi\u00f9 restii, timorosi o diffidenti si sono lasciati coinvolgere, superando le proprie insicurezze e scoprendo il<br \/>\npiacere del gioco di squadra.<\/p>\n<p>Un ringraziamento speciale per la competenza e la professionalit\u00e0 va agli esperti delle associazioni e dei corpi del territorio<br \/>\nche hanno reso possibile l&#8217;organizzazione dell&#8217;evento:<br \/>\nRadical Racing Revolution &amp; Nevegallika<br \/>\nRugby Belluno &amp; Valbelluna Basket Belluno<br \/>\nDolomiti Volley Belluno Asd &amp; Pallamano Belluno<br \/>\nCanottieri Belluno Calcio a 5 &amp; Juventus Alpina Belluno<br \/>\nAtletica Club Firex Belluno<br \/>\nSoccorso Alpino<br \/>\nL&#8217;evento, coordinato con passione, ha dimostrato ancora una volta quanto la sinergia tra il mondo della scuola e il<br \/>\nricco tessuto associazionistico bellunese possa dare vita a percorsi educativi di altissimo valore. Un&#8217;esperienza che lascia<br \/>\nil segno e che, tra gli applausi di insegnanti e alunni, d\u00e0 appuntamento a tutta la comunit\u00e0 scolastica con un caloroso<br \/>\n&#8220;arrivederci al prossimo anno&#8221;.<\/p>","protected":false},"excerpt":{"rendered":"<p>Successo per l\u2019evento che ha coinvolto gli alunni della scuola primaria tra percorsi atletici, discipline di squadra e l&#8217;entusiasmo delle associazioni locali Belluno \u2014 Il cortile e le aree adiacenti alla scuola primaria &#8220;Quartier Cadore&#8221; si sono trasformati, nella mattinata del 13 maggio, in un vero e proprio villaggio olimpico a misura di bambino. Lo [&hellip;]<\/p>\n","protected":false},"author":2,"featured_media":170165,"comment_status":"closed","ping_status":"open","sticky":false,"template":"","format":"standard","meta":{"footnotes":""},"categories":[15],"tags":[],"class_list":["post-170164","post","type-post","status-publish","format-standard","has-post-thumbnail","category-scuola"],"yoast_head":"<!-- This site is optimized with the Yoast SEO plugin v28.4 - https:\/\/yoast.com\/product\/yoast-seo-wordpress\/ -->\n<title>Belluno. Festa dello sport a Quartier Cadore: una mattinata di giochi - Bellunopress - Dolomiti<\/title>\n<meta name=\"robots\" content=\"index, follow, max-snippet:-1, max-image-preview:large, max-video-preview:-1\" \/>\n<link rel=\"canonical\" href=\"https:\/\/www.bellunopress.it\/fr\/2026\/05\/16\/belluno-festa-dello-sport-a-quartier-cadore-una-mattinata-di-giochi\/\" \/>\n<meta property=\"og:locale\" content=\"fr_FR\" \/>\n<meta property=\"og:type\" content=\"article\" \/>\n<meta property=\"og:title\" content=\"Belluno. Festa dello sport a Quartier Cadore: una mattinata di giochi - Bellunopress - Dolomiti\" \/>\n<meta property=\"og:description\" content=\"Successo per l\u2019evento che ha coinvolto gli alunni della scuola primaria tra percorsi atletici, discipline di squadra e l&#8217;entusiasmo delle associazioni locali Belluno \u2014 Il cortile e le aree adiacenti alla scuola primaria &#8220;Quartier Cadore&#8221; si sono trasformati, nella mattinata del 13 maggio, in un vero e proprio villaggio olimpico a misura di bambino. Lo [&hellip;]\" \/>\n<meta property=\"og:url\" content=\"https:\/\/www.bellunopress.it\/fr\/2026\/05\/16\/belluno-festa-dello-sport-a-quartier-cadore-una-mattinata-di-giochi\/\" \/>\n<meta property=\"og:site_name\" content=\"Bellunopress - Dolomiti\" \/>\n<meta property=\"article:publisher\" content=\"https:\/\/www.facebook.com\/profile.php?id=100008943462799\" \/>\n<meta property=\"article:published_time\" content=\"2026-05-16T11:00:08+00:00\" \/>\n<meta property=\"og:image\" content=\"https:\/\/www.bellunopress.it\/wp-content\/uploads\/2026\/05\/nevegallica-festa-scuola-primaria-quartier-cadore.jpg\" \/>\n\t<meta property=\"og:image:width\" content=\"600\" \/>\n\t<meta property=\"og:image:height\" content=\"289\" \/>\n\t<meta property=\"og:image:type\" content=\"image\/jpeg\" \/>\n<meta name=\"author\" content=\"redazione\" \/>\n<meta name=\"twitter:card\" content=\"summary_large_image\" \/>\n<meta name=\"twitter:creator\" content=\"@bellunopress\" \/>\n<meta name=\"twitter:site\" content=\"@bellunopress\" \/>\n<meta name=\"twitter:label1\" content=\"\u00c9crit par\" \/>\n\t<meta name=\"twitter:data1\" content=\"redazione\" \/>\n\t<meta name=\"twitter:label2\" content=\"Dur\u00e9e de lecture estim\u00e9e\" \/>\n\t<meta name=\"twitter:data2\" content=\"2 minutes\" \/>\n<script type=\"application\/ld+json\" class=\"yoast-schema-graph\">{\"@context\":\"https:\\\/\\\/schema.org\",\"@graph\":[{\"@type\":\"Article\",\"@id\":\"https:\\\/\\\/www.bellunopress.it\\\/2026\\\/05\\\/16\\\/belluno-festa-dello-sport-a-quartier-cadore-una-mattinata-di-giochi\\\/#article\",\"isPartOf\":{\"@id\":\"https:\\\/\\\/www.bellunopress.it\\\/2026\\\/05\\\/16\\\/belluno-festa-dello-sport-a-quartier-cadore-una-mattinata-di-giochi\\\/\"},\"author\":{\"name\":\"redazione\",\"@id\":\"https:\\\/\\\/www.bellunopress.it\\\/#\\\/schema\\\/person\\\/79bb06722b37ece1c03d3e94beb30d73\"},\"headline\":\"Belluno. Festa dello sport a Quartier Cadore: una mattinata di giochi\",\"datePublished\":\"2026-05-16T11:00:08+00:00\",\"mainEntityOfPage\":{\"@id\":\"https:\\\/\\\/www.bellunopress.it\\\/2026\\\/05\\\/16\\\/belluno-festa-dello-sport-a-quartier-cadore-una-mattinata-di-giochi\\\/\"},\"wordCount\":343,\"publisher\":{\"@id\":\"https:\\\/\\\/www.bellunopress.it\\\/#organization\"},\"image\":{\"@id\":\"https:\\\/\\\/www.bellunopress.it\\\/2026\\\/05\\\/16\\\/belluno-festa-dello-sport-a-quartier-cadore-una-mattinata-di-giochi\\\/#primaryimage\"},\"thumbnailUrl\":\"https:\\\/\\\/www.bellunopress.it\\\/wp-content\\\/uploads\\\/2026\\\/05\\\/nevegallica-festa-scuola-primaria-quartier-cadore.jpg\",\"articleSection\":[\"Scuola\"],\"inLanguage\":\"fr-FR\"},{\"@type\":\"WebPage\",\"@id\":\"https:\\\/\\\/www.bellunopress.it\\\/2026\\\/05\\\/16\\\/belluno-festa-dello-sport-a-quartier-cadore-una-mattinata-di-giochi\\\/\",\"url\":\"https:\\\/\\\/www.bellunopress.it\\\/2026\\\/05\\\/16\\\/belluno-festa-dello-sport-a-quartier-cadore-una-mattinata-di-giochi\\\/\",\"name\":\"Belluno. Festa dello sport a Quartier Cadore: una mattinata di giochi - Bellunopress - Dolomiti\",\"isPartOf\":{\"@id\":\"https:\\\/\\\/www.bellunopress.it\\\/#website\"},\"primaryImageOfPage\":{\"@id\":\"https:\\\/\\\/www.bellunopress.it\\\/2026\\\/05\\\/16\\\/belluno-festa-dello-sport-a-quartier-cadore-una-mattinata-di-giochi\\\/#primaryimage\"},\"image\":{\"@id\":\"https:\\\/\\\/www.bellunopress.it\\\/2026\\\/05\\\/16\\\/belluno-festa-dello-sport-a-quartier-cadore-una-mattinata-di-giochi\\\/#primaryimage\"},\"thumbnailUrl\":\"https:\\\/\\\/www.bellunopress.it\\\/wp-content\\\/uploads\\\/2026\\\/05\\\/nevegallica-festa-scuola-primaria-quartier-cadore.jpg\",\"datePublished\":\"2026-05-16T11:00:08+00:00\",\"breadcrumb\":{\"@id\":\"https:\\\/\\\/www.bellunopress.it\\\/2026\\\/05\\\/16\\\/belluno-festa-dello-sport-a-quartier-cadore-una-mattinata-di-giochi\\\/#breadcrumb\"},\"inLanguage\":\"fr-FR\",\"potentialAction\":[{\"@type\":\"ReadAction\",\"target\":[\"https:\\\/\\\/www.bellunopress.it\\\/2026\\\/05\\\/16\\\/belluno-festa-dello-sport-a-quartier-cadore-una-mattinata-di-giochi\\\/\"]}]},{\"@type\":\"ImageObject\",\"inLanguage\":\"fr-FR\",\"@id\":\"https:\\\/\\\/www.bellunopress.it\\\/2026\\\/05\\\/16\\\/belluno-festa-dello-sport-a-quartier-cadore-una-mattinata-di-giochi\\\/#primaryimage\",\"url\":\"https:\\\/\\\/www.bellunopress.it\\\/wp-content\\\/uploads\\\/2026\\\/05\\\/nevegallica-festa-scuola-primaria-quartier-cadore.jpg\",\"contentUrl\":\"https:\\\/\\\/www.bellunopress.it\\\/wp-content\\\/uploads\\\/2026\\\/05\\\/nevegallica-festa-scuola-primaria-quartier-cadore.jpg\",\"width\":600,\"height\":289},{\"@type\":\"BreadcrumbList\",\"@id\":\"https:\\\/\\\/www.bellunopress.it\\\/2026\\\/05\\\/16\\\/belluno-festa-dello-sport-a-quartier-cadore-una-mattinata-di-giochi\\\/#breadcrumb\",\"itemListElement\":[{\"@type\":\"ListItem\",\"position\":1,\"name\":\"Home\",\"item\":\"https:\\\/\\\/www.bellunopress.it\\\/\"},{\"@type\":\"ListItem\",\"position\":2,\"name\":\"Belluno. Festa dello sport a Quartier Cadore: una mattinata di giochi\"}]},{\"@type\":\"WebSite\",\"@id\":\"https:\\\/\\\/www.bellunopress.it\\\/#website\",\"url\":\"https:\\\/\\\/www.bellunopress.it\\\/\",\"name\":\"Bellunopress - Dolomiti\",\"description\":\"e-mail: redazione@bellunopress.it\",\"publisher\":{\"@id\":\"https:\\\/\\\/www.bellunopress.it\\\/#organization\"},\"potentialAction\":[{\"@type\":\"SearchAction\",\"target\":{\"@type\":\"EntryPoint\",\"urlTemplate\":\"https:\\\/\\\/www.bellunopress.it\\\/?s={search_term_string}\"},\"query-input\":{\"@type\":\"PropertyValueSpecification\",\"valueRequired\":true,\"valueName\":\"search_term_string\"}}],\"inLanguage\":\"fr-FR\"},{\"@type\":\"Organization\",\"@id\":\"https:\\\/\\\/www.bellunopress.it\\\/#organization\",\"name\":\"Bellunopress\",\"url\":\"https:\\\/\\\/www.bellunopress.it\\\/\",\"logo\":{\"@type\":\"ImageObject\",\"inLanguage\":\"fr-FR\",\"@id\":\"https:\\\/\\\/www.bellunopress.it\\\/#\\\/schema\\\/logo\\\/image\\\/\",\"url\":\"https:\\\/\\\/www.bellunopress.it\\\/wp-content\\\/uploads\\\/2011\\\/05\\\/cropped-logo-bellunopress-.jpg\",\"contentUrl\":\"https:\\\/\\\/www.bellunopress.it\\\/wp-content\\\/uploads\\\/2011\\\/05\\\/cropped-logo-bellunopress-.jpg\",\"width\":512,\"height\":512,\"caption\":\"Bellunopress\"},\"image\":{\"@id\":\"https:\\\/\\\/www.bellunopress.it\\\/#\\\/schema\\\/logo\\\/image\\\/\"},\"sameAs\":[\"https:\\\/\\\/www.facebook.com\\\/profile.php?id=100008943462799\",\"https:\\\/\\\/x.com\\\/bellunopress\",\"https:\\\/\\\/www.linkedin.com\\\/hp\\\/?dnr=JBzUWaJfMUw8vbXJJ2tVW5-I3jZKvC4wsoxE&amp;amp;amp;amp;amp;amp;trk=nav_responsive_tab_home\",\"https:\\\/\\\/www.youtube.com\\\/channel\\\/UCxL0wu1uN0_3_7hGG0306cw\"]},{\"@type\":\"Person\",\"@id\":\"https:\\\/\\\/www.bellunopress.it\\\/#\\\/schema\\\/person\\\/79bb06722b37ece1c03d3e94beb30d73\",\"name\":\"redazione\",\"image\":{\"@type\":\"ImageObject\",\"inLanguage\":\"fr-FR\",\"@id\":\"https:\\\/\\\/secure.gravatar.com\\\/avatar\\\/37d968a2e67a6fd04c169c4bdef102d0bc5d31b2546345219e348575eb80e9a0?s=96&d=mm&r=g\",\"url\":\"https:\\\/\\\/secure.gravatar.com\\\/avatar\\\/37d968a2e67a6fd04c169c4bdef102d0bc5d31b2546345219e348575eb80e9a0?s=96&d=mm&r=g\",\"contentUrl\":\"https:\\\/\\\/secure.gravatar.com\\\/avatar\\\/37d968a2e67a6fd04c169c4bdef102d0bc5d31b2546345219e348575eb80e9a0?s=96&d=mm&r=g\",\"caption\":\"redazione\"},\"sameAs\":[\"http:\\\/\\\/www.bellunopress.it\",\"https:\\\/\\\/x.com\\\/bellunopress\"],\"url\":\"https:\\\/\\\/www.bellunopress.it\\\/fr\\\/author\\\/redazione\\\/\"}]}<\/script>\n<!-- \/ Yoast SEO plugin. -->","yoast_head_json":{"title":"Belluno. Festa dello sport a Quartier Cadore: una mattinata di giochi - Bellunopress - Dolomiti","robots":{"index":"index","follow":"follow","max-snippet":"max-snippet:-1","max-image-preview":"max-image-preview:large","max-video-preview":"max-video-preview:-1"},"canonical":"https:\/\/www.bellunopress.it\/fr\/2026\/05\/16\/belluno-festa-dello-sport-a-quartier-cadore-una-mattinata-di-giochi\/","og_locale":"fr_FR","og_type":"article","og_title":"Belluno. Festa dello sport a Quartier Cadore: una mattinata di giochi - Bellunopress - Dolomiti","og_description":"Successo per l\u2019evento che ha coinvolto gli alunni della scuola primaria tra percorsi atletici, discipline di squadra e l&#8217;entusiasmo delle associazioni locali Belluno \u2014 Il cortile e le aree adiacenti alla scuola primaria &#8220;Quartier Cadore&#8221; si sono trasformati, nella mattinata del 13 maggio, in un vero e proprio villaggio olimpico a misura di bambino. Lo [&hellip;]","og_url":"https:\/\/www.bellunopress.it\/fr\/2026\/05\/16\/belluno-festa-dello-sport-a-quartier-cadore-una-mattinata-di-giochi\/","og_site_name":"Bellunopress - Dolomiti","article_publisher":"https:\/\/www.facebook.com\/profile.php?id=100008943462799","article_published_time":"2026-05-16T11:00:08+00:00","og_image":[{"width":600,"height":289,"url":"https:\/\/www.bellunopress.it\/wp-content\/uploads\/2026\/05\/nevegallica-festa-scuola-primaria-quartier-cadore.jpg","type":"image\/jpeg"}],"author":"redazione","twitter_card":"summary_large_image","twitter_creator":"@bellunopress","twitter_site":"@bellunopress","twitter_misc":{"\u00c9crit par":"redazione","Dur\u00e9e de lecture estim\u00e9e":"2 minutes"},"schema":{"@context":"https:\/\/schema.org","@graph":[{"@type":"Article","@id":"https:\/\/www.bellunopress.it\/2026\/05\/16\/belluno-festa-dello-sport-a-quartier-cadore-una-mattinata-di-giochi\/#article","isPartOf":{"@id":"https:\/\/www.bellunopress.it\/2026\/05\/16\/belluno-festa-dello-sport-a-quartier-cadore-una-mattinata-di-giochi\/"},"author":{"name":"redazione","@id":"https:\/\/www.bellunopress.it\/#\/schema\/person\/79bb06722b37ece1c03d3e94beb30d73"},"headline":"Belluno. Festa dello sport a Quartier Cadore: una mattinata di giochi","datePublished":"2026-05-16T11:00:08+00:00","mainEntityOfPage":{"@id":"https:\/\/www.bellunopress.it\/2026\/05\/16\/belluno-festa-dello-sport-a-quartier-cadore-una-mattinata-di-giochi\/"},"wordCount":343,"publisher":{"@id":"https:\/\/www.bellunopress.it\/#organization"},"image":{"@id":"https:\/\/www.bellunopress.it\/2026\/05\/16\/belluno-festa-dello-sport-a-quartier-cadore-una-mattinata-di-giochi\/#primaryimage"},"thumbnailUrl":"https:\/\/www.bellunopress.it\/wp-content\/uploads\/2026\/05\/nevegallica-festa-scuola-primaria-quartier-cadore.jpg","articleSection":["Scuola"],"inLanguage":"fr-FR"},{"@type":"WebPage","@id":"https:\/\/www.bellunopress.it\/2026\/05\/16\/belluno-festa-dello-sport-a-quartier-cadore-una-mattinata-di-giochi\/","url":"https:\/\/www.bellunopress.it\/2026\/05\/16\/belluno-festa-dello-sport-a-quartier-cadore-una-mattinata-di-giochi\/","name":"Belluno. Festa dello sport a Quartier Cadore: una mattinata di giochi - Bellunopress - Dolomiti","isPartOf":{"@id":"https:\/\/www.bellunopress.it\/#website"},"primaryImageOfPage":{"@id":"https:\/\/www.bellunopress.it\/2026\/05\/16\/belluno-festa-dello-sport-a-quartier-cadore-una-mattinata-di-giochi\/#primaryimage"},"image":{"@id":"https:\/\/www.bellunopress.it\/2026\/05\/16\/belluno-festa-dello-sport-a-quartier-cadore-una-mattinata-di-giochi\/#primaryimage"},"thumbnailUrl":"https:\/\/www.bellunopress.it\/wp-content\/uploads\/2026\/05\/nevegallica-festa-scuola-primaria-quartier-cadore.jpg","datePublished":"2026-05-16T11:00:08+00:00","breadcrumb":{"@id":"https:\/\/www.bellunopress.it\/2026\/05\/16\/belluno-festa-dello-sport-a-quartier-cadore-una-mattinata-di-giochi\/#breadcrumb"},"inLanguage":"fr-FR","potentialAction":[{"@type":"ReadAction","target":["https:\/\/www.bellunopress.it\/2026\/05\/16\/belluno-festa-dello-sport-a-quartier-cadore-una-mattinata-di-giochi\/"]}]},{"@type":"ImageObject","inLanguage":"fr-FR","@id":"https:\/\/www.bellunopress.it\/2026\/05\/16\/belluno-festa-dello-sport-a-quartier-cadore-una-mattinata-di-giochi\/#primaryimage","url":"https:\/\/www.bellunopress.it\/wp-content\/uploads\/2026\/05\/nevegallica-festa-scuola-primaria-quartier-cadore.jpg","contentUrl":"https:\/\/www.bellunopress.it\/wp-content\/uploads\/2026\/05\/nevegallica-festa-scuola-primaria-quartier-cadore.jpg","width":600,"height":289},{"@type":"BreadcrumbList","@id":"https:\/\/www.bellunopress.it\/2026\/05\/16\/belluno-festa-dello-sport-a-quartier-cadore-una-mattinata-di-giochi\/#breadcrumb","itemListElement":[{"@type":"ListItem","position":1,"name":"Home","item":"https:\/\/www.bellunopress.it\/"},{"@type":"ListItem","position":2,"name":"Belluno. Festa dello sport a Quartier Cadore: una mattinata di giochi"}]},{"@type":"WebSite","@id":"https:\/\/www.bellunopress.it\/#website","url":"https:\/\/www.bellunopress.it\/","name":"Bellunopress - Dolomiti","description":"e-mail: redazione@bellunopress.it","publisher":{"@id":"https:\/\/www.bellunopress.it\/#organization"},"potentialAction":[{"@type":"SearchAction","target":{"@type":"EntryPoint","urlTemplate":"https:\/\/www.bellunopress.it\/?s={search_term_string}"},"query-input":{"@type":"PropertyValueSpecification","valueRequired":true,"valueName":"search_term_string"}}],"inLanguage":"fr-FR"},{"@type":"Organization","@id":"https:\/\/www.bellunopress.it\/#organization","name":"Bellunopress","url":"https:\/\/www.bellunopress.it\/","logo":{"@type":"ImageObject","inLanguage":"fr-FR","@id":"https:\/\/www.bellunopress.it\/#\/schema\/logo\/image\/","url":"https:\/\/www.bellunopress.it\/wp-content\/uploads\/2011\/05\/cropped-logo-bellunopress-.jpg","contentUrl":"https:\/\/www.bellunopress.it\/wp-content\/uploads\/2011\/05\/cropped-logo-bellunopress-.jpg","width":512,"height":512,"caption":"Bellunopress"},"image":{"@id":"https:\/\/www.bellunopress.it\/#\/schema\/logo\/image\/"},"sameAs":["https:\/\/www.facebook.com\/profile.php?id=100008943462799","https:\/\/x.com\/bellunopress","https:\/\/www.linkedin.com\/hp\/?dnr=JBzUWaJfMUw8vbXJJ2tVW5-I3jZKvC4wsoxE&amp;amp;amp;amp;amp;amp;trk=nav_responsive_tab_home","https:\/\/www.youtube.com\/channel\/UCxL0wu1uN0_3_7hGG0306cw"]},{"@type":"Person","@id":"https:\/\/www.bellunopress.it\/#\/schema\/person\/79bb06722b37ece1c03d3e94beb30d73","name":"r\u00e9daction","image":{"@type":"ImageObject","inLanguage":"fr-FR","@id":"https:\/\/secure.gravatar.com\/avatar\/37d968a2e67a6fd04c169c4bdef102d0bc5d31b2546345219e348575eb80e9a0?s=96&d=mm&r=g","url":"https:\/\/secure.gravatar.com\/avatar\/37d968a2e67a6fd04c169c4bdef102d0bc5d31b2546345219e348575eb80e9a0?s=96&d=mm&r=g","contentUrl":"https:\/\/secure.gravatar.com\/avatar\/37d968a2e67a6fd04c169c4bdef102d0bc5d31b2546345219e348575eb80e9a0?s=96&d=mm&r=g","caption":"redazione"},"sameAs":["http:\/\/www.bellunopress.it","https:\/\/x.com\/bellunopress"],"url":"https:\/\/www.bellunopress.it\/fr\/author\/redazione\/"}]}},"_links":{"self":[{"href":"https:\/\/www.bellunopress.it\/fr\/wp-json\/wp\/v2\/posts\/170164","targetHints":{"allow":["GET"]}}],"collection":[{"href":"https:\/\/www.bellunopress.it\/fr\/wp-json\/wp\/v2\/posts"}],"about":[{"href":"https:\/\/www.bellunopress.it\/fr\/wp-json\/wp\/v2\/types\/post"}],"author":[{"embeddable":true,"href":"https:\/\/www.bellunopress.it\/fr\/wp-json\/wp\/v2\/users\/2"}],"replies":[{"embeddable":true,"href":"https:\/\/www.bellunopress.it\/fr\/wp-json\/wp\/v2\/comments?post=170164"}],"version-history":[{"count":1,"href":"https:\/\/www.bellunopress.it\/fr\/wp-json\/wp\/v2\/posts\/170164\/revisions"}],"predecessor-version":[{"id":170166,"href":"https:\/\/www.bellunopress.it\/fr\/wp-json\/wp\/v2\/posts\/170164\/revisions\/170166"}],"wp:featuredmedia":[{"embeddable":true,"href":"https:\/\/www.bellunopress.it\/fr\/wp-json\/wp\/v2\/media\/170165"}],"wp:attachment":[{"href":"https:\/\/www.bellunopress.it\/fr\/wp-json\/wp\/v2\/media?parent=170164"}],"wp:term":[{"taxonomy":"category","embeddable":true,"href":"https:\/\/www.bellunopress.it\/fr\/wp-json\/wp\/v2\/categories?post=170164"},{"taxonomy":"post_tag","embeddable":true,"href":"https:\/\/www.bellunopress.it\/fr\/wp-json\/wp\/v2\/tags?post=170164"}],"curies":[{"name":"wp","href":"https:\/\/api.w.org\/{rel}","templated":true}]}}