{"id":170157,"date":"2026-05-16T07:08:08","date_gmt":"2026-05-16T05:08:08","guid":{"rendered":"https:\/\/www.bellunopress.it\/?p=170157"},"modified":"2026-05-16T07:08:08","modified_gmt":"2026-05-16T05:08:08","slug":"conclusa-con-successo-l8va-edizione-del-concorso-musicale-internazionale-citta-di-belluno","status":"publish","type":"post","link":"https:\/\/www.bellunopress.it\/fr\/2026\/05\/16\/conclusa-con-successo-l8va-edizione-del-concorso-musicale-internazionale-citta-di-belluno\/","title":{"rendered":"Conclusa con successo l&#8217;8va Edizione del Concorso Musicale Internazionale Citt\u00e0 di Belluno"},"content":{"rendered":"<p>Si \u00e8 conclusa con grande successo l&#8217;ottava edizione del Concorso Musicale Internazionale Citt\u00e0 di Belluno, tenutasi domenica 3 maggio presso il Teatro Buzzati di Belluno. L&#8217;evento ha visto la proclamazione dei vincitori assoluti, tra i quali si sono distinti<br \/>\ngiovani talenti di straordinario valore.<br \/>\nL&#8217;intera manifestazione, promossa dall&#8217;associazione Gocce di Sole APS in collaborazione con il Comune di Belluno, gode del Patrocinio della Regione Veneto, del Comune di Belluno, della Fondazione Teatri delle Dolomiti, della Camera di Commercio di<br \/>\nBellunbo e Treviso e di AICS Belluno.<\/p>\n<p>Durante il concerto finale, magistralmente presentato da Matteo Gobbo Trioli, i musicisti finalisti hanno offerto esibizioni di altissimo livello, dimostrando il loro talento nelle fasi eliminatorie dei giorni precedenti. Tra i protagonisti della serata: Yuqiao Wang (chitarra), Arianna Bronzi (pianoforte), Chantal Ramona Veit (flauto), Oliver Jacobs (pianoforte), Andrea Palmarin (euphonium), Lyra Mandolin Quartet (quartetto di mandolini, mandola e chitarra), Barbara Marras (pianoforte), Silvia Cape (arpa), Sofia Maria Chinello (chitarra), Zhen Jie Ye (chitarra) e Federico Di Luciano (violino).<br \/>\nNon \u00e8 stato affatto semplice per la giuria, guidata dal M\u00b0 Andrea Moro e composta dai maestri Alessio Nelli, Giuseppina Mascheretti, Joseph Lia, Andrea Mura e Maria Luigia Borsi, decidere tra i finalisti chi meritasse le borse di studio offerte da FPB Cassa di Fassa Primiero e Belluno. La scelta si \u00e8 rivelata particolarmente impegnativa.<br \/>\nAlla fine, il 1\u00b0 premio \u00e8 stato assegnato alla flautista Chantal Ramona Veit, il 2\u00b0 premio al Lyra Mandolin Quartet, e il 3\u00b0 premio ex-aequo alla pianista Arianna Bronzi e al violinista Federico Di Luciano.<\/p>\n<p>Numerosi premi speciali sono stati conferiti, tra cui il Premio Riccardo Conati a Silvia Cape, consegnato dal Dott. Gianfranco Conati dell&#8217;Associazione Spirito Nuovo in memoria di Riccardo Conati. Inoltre, il Premio Young Jury \u00e8 stato attribuito dagli studenti del Liceo musicale Renier di Belluno a Chantal Ramona Veit, offerto dall&#8217;Associazione Bellunese Volontari del Sangue (ABVS).<br \/>\nAltri riconoscimenti includono il Premio Ass. Chromatica ai Lyra Mandolin Quartet, concerto premio a Zero Branco (Treviso), e il Premio Malta International Organ Festival concerto premio a Andrea Palmarin con il suo euphonium.<br \/>\nUno dei finalisti sar\u00e0 selezionato dal direttore artistico dell&#8217;evento Arpa d&#8217;estate di Pisa per partecipare allo spettacolo che si terr\u00e0 a Pisa nel mese di giugno.<br \/>\nNumerose autorit\u00e0 erano presenti in sala, tra cui il Prefetto Antonello Roccoberton, l&#8217;assessore Lorenza De Kunovich, il consigliere regionale Alessandro Del Bianco, Ivana Del Pizzol della Camera di Commercio di Treviso e Belluno, e Alessandro Scoppel e Michele Radamondo di FPB Cassa di Fassa Primiero e Belluno. La loro partecipazione sottolinea l&#8217;importanza dell&#8217;evento per i giovani talenti e il territorio bellunese. L\u2019assessore De Kunovich ha espresso la sua gratitudine ai volontari dell\u2019associazione Gocce di Sole Aps per l&#8217;imponente lavoro svolto a favore dei giovani, del talento e della citt\u00e0 di<br \/>\nBelluno.<\/p>\n<p>Tra gli ospiti illustri del concerto, l&#8217;Ing. Paolo Fazioli, fondatore dell&#8217;omonima azienda che \u00e8 diventata leader mondiale nella produzione di pianoforti artigianali. Una delle sue straordinarie creazioni era presente sul palco del teatro Buzzati. Il suo intervento ha sottolineato l&#8217;importanza dell&#8217;artigianalit\u00e0 e della dedizione nel mondo della musica, ispirando sia i giovani musicisti presenti che il pubblico in sala. L&#8217;ingegnere ha espresso il suo entusiasmo per il talento e la passione dimostrata dai partecipanti, evidenziando come eventi di questo calibro possano fungere da trampolino di lancio per le future stelle del<br \/>\npanorama musicale internazionale.<br \/>\nSotto la direzione artistica dei maestri Manolo Da Rold, Andrea Moro e Alessio Nelli, il Concorso Musicale Internazionale citt\u00e0 di Belluno ha accolto circa 1000 partecipanti che hanno avuto l&#8217;opportunit\u00e0 straordinaria di interagire direttamente con professionisti del settore. Questo scambio ha consentito ai partecipanti di ampliare le loro conoscenze, esplorare nuove prospettive e ricevere consigli preziosi. L&#8217;opportunit\u00e0 di confrontarsi con esperti del calibro di Da Rold, Moro e Nelli ha apportato un grande valore, stimolando cos\u00ec creativit\u00e0 e innovazione.<\/p>\n<p>Il teatro Buzzati ha preso il centro della scena anche sabato 2 maggio, ospitando il Concorso Internazionale di Canto Lirico citt\u00e0 di Belluno. Otto cantanti, selezionati tra i diciotto che si erano esibiti il giorno precedente, hanno partecipato a questa emozionante finale. I finalisti che si sono confrontati fino all&#8217;ultima nota sono stati: Longchang Yuan, Kevin Baliviera, Silvia Ghirardini, Hinano Yorimitsu, Laura Matadinho, Giwan Kang, Yurie Takano, Minsu Kim.<br \/>\nLa giuria, composta dal soprano Maria Luigia Borsi (Presidente di giuria), il M\u00b0 Andrea Moro, Mario Menicagli, Joseph Lia e Giuseppe Altomare, ha attentamente valutato le performance. Al termine, \u00e8 stato assegnato un 1\u00b0 premio ex-aequo a Hinano Yorimitsu, mezzo-soprano giapponese, e Minsu Kim, basso della Corea del Sud. Il 2\u00b0 premio \u00e8 andato a Yurie Takano, soprano giapponese, mentre il 3\u00b0 premio \u00e8 stato conferito a Silvia Ghirardini, soprano di Rovigo. Ai vincitori i premi messi in palio dal Club Inner Wheel di Belluno.<\/p>\n<p>Inoltre, il premio della Young Jury, \u00e8 stato assegnato dai giovani allievi del liceo musicale e dell\u2019 Associazione culturale Arte Nuova a Silvia Ghirardini, mentre il M\u00b0 Menicagli ha offerto un ruolo nell\u2019opera Suor Angelica a Longchang Yuan, soprano cinese.<br \/>\nSi tratta di un grande evento che necessita della partecipazione e del supporto di numerosi enti e aziende. Un sentito ringraziamento da parte degli organizzatori va agli sponsor FPB Cassa di Fassa Primiero e Belluno (main sponsor), Olitalia, VHV<br \/>\nAssicurazioni, GIESSE Risarcimento Danni, Farmacie Dolomiti, Biasiotto Vini, e Lattebusche, all\u2019Associazione Polizia di Stato per il servizio di sorveglianza, alla Scuola di musica A. Miari e al Liceo Musicale Renier per la positiva collaborazione.<br \/>\nIl Concorso Musicale Internazionale Citt\u00e0 di Belluno si conferma come un&#8217;importante piattaforma per il lancio di nuovi talenti e un&#8217;opportunit\u00e0 unica per il pubblico di godere di esibizioni di altissimo livello in un contesto suggestivo e accogliente come quello offerto dalla citt\u00e0 di Belluno. Grazie al supporto delle istituzioni, delle associazioni e dei partner locali, l&#8217;evento prosegue nel suo percorso di crescita, rafforzando il legame tra la musica, il territorio e le nuove generazioni di musicisti.<br \/>\nLa finale del concorso di domenica 3 maggio \u00e8 stata trasmessa in diretta live dalla pagina Facebook di Radio ABM (Bellunesi nel mondo) ed \u00e8 tutt\u2019ora possibile vederla nella pagina Youtube della radio stessa.<\/p>\n<p>Il Concorso Musicale Internazionale citt\u00e0 di Belluno si \u00e8 affermato come un fondamentale motore di sviluppo turistico per la citt\u00e0. Durante i 14 giorni dell&#8217;evento, Belluno ha accolto circa 3000 visitatori, non solo da tutta Italia, da Lecce al Sudtirolo e da Trieste a Milano, ma anche dall&#8217;estero, con partecipanti provenienti da paesi come Germania, Cina, Corea, Giappone e Austria, soprattutto per il prestigioso Concorso Internazionale di Canto Lirico.<br \/>\nNumerosi istituti scolastici e cori hanno scelto Belluno come destinazione per viaggi di pi\u00f9 giorni, cogliendo l&#8217;occasione del concorso per esplorare le meraviglie della nostra provincia. Gli studenti e i loro accompagnatori hanno potuto visitare attrazioni di grande interesse come la diga del Vajont, il museo del Vajont di Longarone e il castello di Zumelle con i suoi laboratori didattici. Le scolaresche sono state calorosamente accolte a Palazzo Rosso dall&#8217;assessore Addamiano, testimoniando l&#8217;ospitalit\u00e0 che caratterizza la nostra comunit\u00e0.<br \/>\nIl concorso ha offerto un significativo impulso economico alle attivit\u00e0 del centro citt\u00e0. Gli esercizi commerciali hanno registrato un marcato incremento delle vendite, con ristoranti e bar che hanno proposto menu speciali per celebrare l&#8217;evento, arricchiti da piatti tipici locali che hanno affascinato i palati dei visitatori. L&#8217;afflusso di turisti ha beneficiato anche le strutture ricettive, contribuendo a creare un&#8217;atmosfera vivace e accogliente.<br \/>\nGrazie alla positiva ricaduta sulle strutture culturali e turistiche, l\u2019associazione Gocce di Sole e le autorit\u00e0 locali sono motivate a confermare l&#8217;appuntamento anche per il prossimo anno, puntando ad attrarre un numero sempre maggiore di partecipanti e spettatori.<br \/>\nL&#8217;entusiasmo e la partecipazione dei cittadini dimostrano come un evento ben organizzato possa rafforzare il tessuto sociale e migliorare l&#8217;immagine della citt\u00e0, rendendo Belluno una meta turistica di rilievo a livello internazionale.<\/p>\n<p><strong>I numeri:<\/strong><br \/>\n276 audizioni<br \/>\n932 partecipanti<br \/>\n14 giornate di concorso (3 con doppia sede )<br \/>\n150 ore di audizioni<br \/>\n6 concerti finali<br \/>\n50 volontari (Gocce di Sole e Associazione Polizia di Stato)<br \/>\n3 sedi \u2013 Auditorium, Teatro Buzzati, Palazzo Fulcis<br \/>\n30 commissari di giuria<br \/>\n5 pianisti accompagnatori<br \/>\n226477 visualizzazioni pagina Facebook dal 1 gennaio<br \/>\n498147 visualizzazioni pagina Instagram dal 1 gennaio<\/p>","protected":false},"excerpt":{"rendered":"<p>Si \u00e8 conclusa con grande successo l&#8217;ottava edizione del Concorso Musicale Internazionale Citt\u00e0 di Belluno, tenutasi domenica 3 maggio presso il Teatro Buzzati di Belluno. L&#8217;evento ha visto la proclamazione dei vincitori assoluti, tra i quali si sono distinti giovani talenti di straordinario valore. L&#8217;intera manifestazione, promossa dall&#8217;associazione Gocce di Sole APS in collaborazione con [&hellip;]<\/p>\n","protected":false},"author":2,"featured_media":149981,"comment_status":"closed","ping_status":"open","sticky":false,"template":"","format":"standard","meta":{"footnotes":""},"categories":[3,25],"tags":[],"class_list":["post-170157","post","type-post","status-publish","format-standard","has-post-thumbnail","category-arte-cultura-spettacoli-scienza-archivi","category-pausa-caffe"],"yoast_head":"<!-- This site is optimized with the Yoast SEO plugin v28.4 - https:\/\/yoast.com\/product\/yoast-seo-wordpress\/ -->\n<title>Conclusa con successo l&#039;8va Edizione del Concorso Musicale Internazionale Citt\u00e0 di Belluno - Bellunopress - Dolomiti<\/title>\n<meta name=\"robots\" content=\"index, follow, max-snippet:-1, max-image-preview:large, max-video-preview:-1\" \/>\n<link rel=\"canonical\" href=\"https:\/\/www.bellunopress.it\/fr\/2026\/05\/16\/conclusa-con-successo-l8va-edizione-del-concorso-musicale-internazionale-citta-di-belluno\/\" \/>\n<meta property=\"og:locale\" content=\"fr_FR\" \/>\n<meta property=\"og:type\" content=\"article\" \/>\n<meta property=\"og:title\" content=\"Conclusa con successo l&#039;8va Edizione del Concorso Musicale Internazionale Citt\u00e0 di Belluno - Bellunopress - Dolomiti\" \/>\n<meta property=\"og:description\" content=\"Si \u00e8 conclusa con grande successo l&#8217;ottava edizione del Concorso Musicale Internazionale Citt\u00e0 di Belluno, tenutasi domenica 3 maggio presso il Teatro Buzzati di Belluno. L&#8217;evento ha visto la proclamazione dei vincitori assoluti, tra i quali si sono distinti giovani talenti di straordinario valore. L&#8217;intera manifestazione, promossa dall&#8217;associazione Gocce di Sole APS in collaborazione con [&hellip;]\" \/>\n<meta property=\"og:url\" content=\"https:\/\/www.bellunopress.it\/fr\/2026\/05\/16\/conclusa-con-successo-l8va-edizione-del-concorso-musicale-internazionale-citta-di-belluno\/\" \/>\n<meta property=\"og:site_name\" content=\"Bellunopress - Dolomiti\" \/>\n<meta property=\"article:publisher\" content=\"https:\/\/www.facebook.com\/profile.php?id=100008943462799\" \/>\n<meta property=\"article:published_time\" content=\"2026-05-16T05:08:08+00:00\" \/>\n<meta property=\"og:image\" content=\"https:\/\/www.bellunopress.it\/wp-content\/uploads\/2024\/04\/teatro-comunale-3_edited.jpg\" \/>\n\t<meta property=\"og:image:width\" content=\"1000\" \/>\n\t<meta property=\"og:image:height\" content=\"628\" \/>\n\t<meta property=\"og:image:type\" content=\"image\/jpeg\" \/>\n<meta name=\"author\" content=\"redazione\" \/>\n<meta name=\"twitter:card\" content=\"summary_large_image\" \/>\n<meta name=\"twitter:creator\" content=\"@bellunopress\" \/>\n<meta name=\"twitter:site\" content=\"@bellunopress\" \/>\n<meta name=\"twitter:label1\" content=\"\u00c9crit par\" \/>\n\t<meta name=\"twitter:data1\" content=\"redazione\" \/>\n\t<meta name=\"twitter:label2\" content=\"Dur\u00e9e de lecture estim\u00e9e\" \/>\n\t<meta name=\"twitter:data2\" content=\"8 minutes\" \/>\n<script type=\"application\/ld+json\" class=\"yoast-schema-graph\">{\"@context\":\"https:\\\/\\\/schema.org\",\"@graph\":[{\"@type\":\"Article\",\"@id\":\"https:\\\/\\\/www.bellunopress.it\\\/2026\\\/05\\\/16\\\/conclusa-con-successo-l8va-edizione-del-concorso-musicale-internazionale-citta-di-belluno\\\/#article\",\"isPartOf\":{\"@id\":\"https:\\\/\\\/www.bellunopress.it\\\/2026\\\/05\\\/16\\\/conclusa-con-successo-l8va-edizione-del-concorso-musicale-internazionale-citta-di-belluno\\\/\"},\"author\":{\"name\":\"redazione\",\"@id\":\"https:\\\/\\\/www.bellunopress.it\\\/#\\\/schema\\\/person\\\/79bb06722b37ece1c03d3e94beb30d73\"},\"headline\":\"Conclusa con successo l&#8217;8va Edizione del Concorso Musicale Internazionale Citt\u00e0 di Belluno\",\"datePublished\":\"2026-05-16T05:08:08+00:00\",\"mainEntityOfPage\":{\"@id\":\"https:\\\/\\\/www.bellunopress.it\\\/2026\\\/05\\\/16\\\/conclusa-con-successo-l8va-edizione-del-concorso-musicale-internazionale-citta-di-belluno\\\/\"},\"wordCount\":1362,\"publisher\":{\"@id\":\"https:\\\/\\\/www.bellunopress.it\\\/#organization\"},\"image\":{\"@id\":\"https:\\\/\\\/www.bellunopress.it\\\/2026\\\/05\\\/16\\\/conclusa-con-successo-l8va-edizione-del-concorso-musicale-internazionale-citta-di-belluno\\\/#primaryimage\"},\"thumbnailUrl\":\"https:\\\/\\\/www.bellunopress.it\\\/wp-content\\\/uploads\\\/2024\\\/04\\\/teatro-comunale-3_edited.jpg\",\"articleSection\":[\"Arte, Cultura, Spettacoli, Scienza\",\"Pausa Caff\u00e8\"],\"inLanguage\":\"fr-FR\"},{\"@type\":\"WebPage\",\"@id\":\"https:\\\/\\\/www.bellunopress.it\\\/2026\\\/05\\\/16\\\/conclusa-con-successo-l8va-edizione-del-concorso-musicale-internazionale-citta-di-belluno\\\/\",\"url\":\"https:\\\/\\\/www.bellunopress.it\\\/2026\\\/05\\\/16\\\/conclusa-con-successo-l8va-edizione-del-concorso-musicale-internazionale-citta-di-belluno\\\/\",\"name\":\"Conclusa con successo l'8va Edizione del Concorso Musicale Internazionale Citt\u00e0 di Belluno - Bellunopress - Dolomiti\",\"isPartOf\":{\"@id\":\"https:\\\/\\\/www.bellunopress.it\\\/#website\"},\"primaryImageOfPage\":{\"@id\":\"https:\\\/\\\/www.bellunopress.it\\\/2026\\\/05\\\/16\\\/conclusa-con-successo-l8va-edizione-del-concorso-musicale-internazionale-citta-di-belluno\\\/#primaryimage\"},\"image\":{\"@id\":\"https:\\\/\\\/www.bellunopress.it\\\/2026\\\/05\\\/16\\\/conclusa-con-successo-l8va-edizione-del-concorso-musicale-internazionale-citta-di-belluno\\\/#primaryimage\"},\"thumbnailUrl\":\"https:\\\/\\\/www.bellunopress.it\\\/wp-content\\\/uploads\\\/2024\\\/04\\\/teatro-comunale-3_edited.jpg\",\"datePublished\":\"2026-05-16T05:08:08+00:00\",\"breadcrumb\":{\"@id\":\"https:\\\/\\\/www.bellunopress.it\\\/2026\\\/05\\\/16\\\/conclusa-con-successo-l8va-edizione-del-concorso-musicale-internazionale-citta-di-belluno\\\/#breadcrumb\"},\"inLanguage\":\"fr-FR\",\"potentialAction\":[{\"@type\":\"ReadAction\",\"target\":[\"https:\\\/\\\/www.bellunopress.it\\\/2026\\\/05\\\/16\\\/conclusa-con-successo-l8va-edizione-del-concorso-musicale-internazionale-citta-di-belluno\\\/\"]}]},{\"@type\":\"ImageObject\",\"inLanguage\":\"fr-FR\",\"@id\":\"https:\\\/\\\/www.bellunopress.it\\\/2026\\\/05\\\/16\\\/conclusa-con-successo-l8va-edizione-del-concorso-musicale-internazionale-citta-di-belluno\\\/#primaryimage\",\"url\":\"https:\\\/\\\/www.bellunopress.it\\\/wp-content\\\/uploads\\\/2024\\\/04\\\/teatro-comunale-3_edited.jpg\",\"contentUrl\":\"https:\\\/\\\/www.bellunopress.it\\\/wp-content\\\/uploads\\\/2024\\\/04\\\/teatro-comunale-3_edited.jpg\",\"width\":1000,\"height\":628,\"caption\":\"Teatro Comunale \\\"Dino Buzzati\\\" di Belluno\"},{\"@type\":\"BreadcrumbList\",\"@id\":\"https:\\\/\\\/www.bellunopress.it\\\/2026\\\/05\\\/16\\\/conclusa-con-successo-l8va-edizione-del-concorso-musicale-internazionale-citta-di-belluno\\\/#breadcrumb\",\"itemListElement\":[{\"@type\":\"ListItem\",\"position\":1,\"name\":\"Home\",\"item\":\"https:\\\/\\\/www.bellunopress.it\\\/\"},{\"@type\":\"ListItem\",\"position\":2,\"name\":\"Conclusa con successo l&#8217;8va Edizione del Concorso Musicale Internazionale Citt\u00e0 di Belluno\"}]},{\"@type\":\"WebSite\",\"@id\":\"https:\\\/\\\/www.bellunopress.it\\\/#website\",\"url\":\"https:\\\/\\\/www.bellunopress.it\\\/\",\"name\":\"Bellunopress - Dolomiti\",\"description\":\"e-mail: redazione@bellunopress.it\",\"publisher\":{\"@id\":\"https:\\\/\\\/www.bellunopress.it\\\/#organization\"},\"potentialAction\":[{\"@type\":\"SearchAction\",\"target\":{\"@type\":\"EntryPoint\",\"urlTemplate\":\"https:\\\/\\\/www.bellunopress.it\\\/?s={search_term_string}\"},\"query-input\":{\"@type\":\"PropertyValueSpecification\",\"valueRequired\":true,\"valueName\":\"search_term_string\"}}],\"inLanguage\":\"fr-FR\"},{\"@type\":\"Organization\",\"@id\":\"https:\\\/\\\/www.bellunopress.it\\\/#organization\",\"name\":\"Bellunopress\",\"url\":\"https:\\\/\\\/www.bellunopress.it\\\/\",\"logo\":{\"@type\":\"ImageObject\",\"inLanguage\":\"fr-FR\",\"@id\":\"https:\\\/\\\/www.bellunopress.it\\\/#\\\/schema\\\/logo\\\/image\\\/\",\"url\":\"https:\\\/\\\/www.bellunopress.it\\\/wp-content\\\/uploads\\\/2011\\\/05\\\/cropped-logo-bellunopress-.jpg\",\"contentUrl\":\"https:\\\/\\\/www.bellunopress.it\\\/wp-content\\\/uploads\\\/2011\\\/05\\\/cropped-logo-bellunopress-.jpg\",\"width\":512,\"height\":512,\"caption\":\"Bellunopress\"},\"image\":{\"@id\":\"https:\\\/\\\/www.bellunopress.it\\\/#\\\/schema\\\/logo\\\/image\\\/\"},\"sameAs\":[\"https:\\\/\\\/www.facebook.com\\\/profile.php?id=100008943462799\",\"https:\\\/\\\/x.com\\\/bellunopress\",\"https:\\\/\\\/www.linkedin.com\\\/hp\\\/?dnr=JBzUWaJfMUw8vbXJJ2tVW5-I3jZKvC4wsoxE&amp;amp;amp;amp;amp;amp;trk=nav_responsive_tab_home\",\"https:\\\/\\\/www.youtube.com\\\/channel\\\/UCxL0wu1uN0_3_7hGG0306cw\"]},{\"@type\":\"Person\",\"@id\":\"https:\\\/\\\/www.bellunopress.it\\\/#\\\/schema\\\/person\\\/79bb06722b37ece1c03d3e94beb30d73\",\"name\":\"redazione\",\"image\":{\"@type\":\"ImageObject\",\"inLanguage\":\"fr-FR\",\"@id\":\"https:\\\/\\\/secure.gravatar.com\\\/avatar\\\/37d968a2e67a6fd04c169c4bdef102d0bc5d31b2546345219e348575eb80e9a0?s=96&d=mm&r=g\",\"url\":\"https:\\\/\\\/secure.gravatar.com\\\/avatar\\\/37d968a2e67a6fd04c169c4bdef102d0bc5d31b2546345219e348575eb80e9a0?s=96&d=mm&r=g\",\"contentUrl\":\"https:\\\/\\\/secure.gravatar.com\\\/avatar\\\/37d968a2e67a6fd04c169c4bdef102d0bc5d31b2546345219e348575eb80e9a0?s=96&d=mm&r=g\",\"caption\":\"redazione\"},\"sameAs\":[\"http:\\\/\\\/www.bellunopress.it\",\"https:\\\/\\\/x.com\\\/bellunopress\"],\"url\":\"https:\\\/\\\/www.bellunopress.it\\\/fr\\\/author\\\/redazione\\\/\"}]}<\/script>\n<!-- \/ Yoast SEO plugin. -->","yoast_head_json":{"title":"Conclusa con successo l'8va Edizione del Concorso Musicale Internazionale Citt\u00e0 di Belluno - Bellunopress - Dolomiti","robots":{"index":"index","follow":"follow","max-snippet":"max-snippet:-1","max-image-preview":"max-image-preview:large","max-video-preview":"max-video-preview:-1"},"canonical":"https:\/\/www.bellunopress.it\/fr\/2026\/05\/16\/conclusa-con-successo-l8va-edizione-del-concorso-musicale-internazionale-citta-di-belluno\/","og_locale":"fr_FR","og_type":"article","og_title":"Conclusa con successo l'8va Edizione del Concorso Musicale Internazionale Citt\u00e0 di Belluno - Bellunopress - Dolomiti","og_description":"Si \u00e8 conclusa con grande successo l&#8217;ottava edizione del Concorso Musicale Internazionale Citt\u00e0 di Belluno, tenutasi domenica 3 maggio presso il Teatro Buzzati di Belluno. L&#8217;evento ha visto la proclamazione dei vincitori assoluti, tra i quali si sono distinti giovani talenti di straordinario valore. L&#8217;intera manifestazione, promossa dall&#8217;associazione Gocce di Sole APS in collaborazione con [&hellip;]","og_url":"https:\/\/www.bellunopress.it\/fr\/2026\/05\/16\/conclusa-con-successo-l8va-edizione-del-concorso-musicale-internazionale-citta-di-belluno\/","og_site_name":"Bellunopress - Dolomiti","article_publisher":"https:\/\/www.facebook.com\/profile.php?id=100008943462799","article_published_time":"2026-05-16T05:08:08+00:00","og_image":[{"width":1000,"height":628,"url":"https:\/\/www.bellunopress.it\/wp-content\/uploads\/2024\/04\/teatro-comunale-3_edited.jpg","type":"image\/jpeg"}],"author":"redazione","twitter_card":"summary_large_image","twitter_creator":"@bellunopress","twitter_site":"@bellunopress","twitter_misc":{"\u00c9crit par":"redazione","Dur\u00e9e de lecture estim\u00e9e":"8 minutes"},"schema":{"@context":"https:\/\/schema.org","@graph":[{"@type":"Article","@id":"https:\/\/www.bellunopress.it\/2026\/05\/16\/conclusa-con-successo-l8va-edizione-del-concorso-musicale-internazionale-citta-di-belluno\/#article","isPartOf":{"@id":"https:\/\/www.bellunopress.it\/2026\/05\/16\/conclusa-con-successo-l8va-edizione-del-concorso-musicale-internazionale-citta-di-belluno\/"},"author":{"name":"redazione","@id":"https:\/\/www.bellunopress.it\/#\/schema\/person\/79bb06722b37ece1c03d3e94beb30d73"},"headline":"Conclusa con successo l&#8217;8va Edizione del Concorso Musicale Internazionale Citt\u00e0 di Belluno","datePublished":"2026-05-16T05:08:08+00:00","mainEntityOfPage":{"@id":"https:\/\/www.bellunopress.it\/2026\/05\/16\/conclusa-con-successo-l8va-edizione-del-concorso-musicale-internazionale-citta-di-belluno\/"},"wordCount":1362,"publisher":{"@id":"https:\/\/www.bellunopress.it\/#organization"},"image":{"@id":"https:\/\/www.bellunopress.it\/2026\/05\/16\/conclusa-con-successo-l8va-edizione-del-concorso-musicale-internazionale-citta-di-belluno\/#primaryimage"},"thumbnailUrl":"https:\/\/www.bellunopress.it\/wp-content\/uploads\/2024\/04\/teatro-comunale-3_edited.jpg","articleSection":["Arte, Cultura, Spettacoli, Scienza","Pausa Caff\u00e8"],"inLanguage":"fr-FR"},{"@type":"WebPage","@id":"https:\/\/www.bellunopress.it\/2026\/05\/16\/conclusa-con-successo-l8va-edizione-del-concorso-musicale-internazionale-citta-di-belluno\/","url":"https:\/\/www.bellunopress.it\/2026\/05\/16\/conclusa-con-successo-l8va-edizione-del-concorso-musicale-internazionale-citta-di-belluno\/","name":"Conclusa con successo l'8va Edizione del Concorso Musicale Internazionale Citt\u00e0 di Belluno - Bellunopress - Dolomiti","isPartOf":{"@id":"https:\/\/www.bellunopress.it\/#website"},"primaryImageOfPage":{"@id":"https:\/\/www.bellunopress.it\/2026\/05\/16\/conclusa-con-successo-l8va-edizione-del-concorso-musicale-internazionale-citta-di-belluno\/#primaryimage"},"image":{"@id":"https:\/\/www.bellunopress.it\/2026\/05\/16\/conclusa-con-successo-l8va-edizione-del-concorso-musicale-internazionale-citta-di-belluno\/#primaryimage"},"thumbnailUrl":"https:\/\/www.bellunopress.it\/wp-content\/uploads\/2024\/04\/teatro-comunale-3_edited.jpg","datePublished":"2026-05-16T05:08:08+00:00","breadcrumb":{"@id":"https:\/\/www.bellunopress.it\/2026\/05\/16\/conclusa-con-successo-l8va-edizione-del-concorso-musicale-internazionale-citta-di-belluno\/#breadcrumb"},"inLanguage":"fr-FR","potentialAction":[{"@type":"ReadAction","target":["https:\/\/www.bellunopress.it\/2026\/05\/16\/conclusa-con-successo-l8va-edizione-del-concorso-musicale-internazionale-citta-di-belluno\/"]}]},{"@type":"ImageObject","inLanguage":"fr-FR","@id":"https:\/\/www.bellunopress.it\/2026\/05\/16\/conclusa-con-successo-l8va-edizione-del-concorso-musicale-internazionale-citta-di-belluno\/#primaryimage","url":"https:\/\/www.bellunopress.it\/wp-content\/uploads\/2024\/04\/teatro-comunale-3_edited.jpg","contentUrl":"https:\/\/www.bellunopress.it\/wp-content\/uploads\/2024\/04\/teatro-comunale-3_edited.jpg","width":1000,"height":628,"caption":"Teatro Comunale \"Dino Buzzati\" di Belluno"},{"@type":"BreadcrumbList","@id":"https:\/\/www.bellunopress.it\/2026\/05\/16\/conclusa-con-successo-l8va-edizione-del-concorso-musicale-internazionale-citta-di-belluno\/#breadcrumb","itemListElement":[{"@type":"ListItem","position":1,"name":"Home","item":"https:\/\/www.bellunopress.it\/"},{"@type":"ListItem","position":2,"name":"Conclusa con successo l&#8217;8va Edizione del Concorso Musicale Internazionale Citt\u00e0 di Belluno"}]},{"@type":"WebSite","@id":"https:\/\/www.bellunopress.it\/#website","url":"https:\/\/www.bellunopress.it\/","name":"Bellunopress - Dolomiti","description":"e-mail: redazione@bellunopress.it","publisher":{"@id":"https:\/\/www.bellunopress.it\/#organization"},"potentialAction":[{"@type":"SearchAction","target":{"@type":"EntryPoint","urlTemplate":"https:\/\/www.bellunopress.it\/?s={search_term_string}"},"query-input":{"@type":"PropertyValueSpecification","valueRequired":true,"valueName":"search_term_string"}}],"inLanguage":"fr-FR"},{"@type":"Organization","@id":"https:\/\/www.bellunopress.it\/#organization","name":"Bellunopress","url":"https:\/\/www.bellunopress.it\/","logo":{"@type":"ImageObject","inLanguage":"fr-FR","@id":"https:\/\/www.bellunopress.it\/#\/schema\/logo\/image\/","url":"https:\/\/www.bellunopress.it\/wp-content\/uploads\/2011\/05\/cropped-logo-bellunopress-.jpg","contentUrl":"https:\/\/www.bellunopress.it\/wp-content\/uploads\/2011\/05\/cropped-logo-bellunopress-.jpg","width":512,"height":512,"caption":"Bellunopress"},"image":{"@id":"https:\/\/www.bellunopress.it\/#\/schema\/logo\/image\/"},"sameAs":["https:\/\/www.facebook.com\/profile.php?id=100008943462799","https:\/\/x.com\/bellunopress","https:\/\/www.linkedin.com\/hp\/?dnr=JBzUWaJfMUw8vbXJJ2tVW5-I3jZKvC4wsoxE&amp;amp;amp;amp;amp;amp;trk=nav_responsive_tab_home","https:\/\/www.youtube.com\/channel\/UCxL0wu1uN0_3_7hGG0306cw"]},{"@type":"Person","@id":"https:\/\/www.bellunopress.it\/#\/schema\/person\/79bb06722b37ece1c03d3e94beb30d73","name":"r\u00e9daction","image":{"@type":"ImageObject","inLanguage":"fr-FR","@id":"https:\/\/secure.gravatar.com\/avatar\/37d968a2e67a6fd04c169c4bdef102d0bc5d31b2546345219e348575eb80e9a0?s=96&d=mm&r=g","url":"https:\/\/secure.gravatar.com\/avatar\/37d968a2e67a6fd04c169c4bdef102d0bc5d31b2546345219e348575eb80e9a0?s=96&d=mm&r=g","contentUrl":"https:\/\/secure.gravatar.com\/avatar\/37d968a2e67a6fd04c169c4bdef102d0bc5d31b2546345219e348575eb80e9a0?s=96&d=mm&r=g","caption":"redazione"},"sameAs":["http:\/\/www.bellunopress.it","https:\/\/x.com\/bellunopress"],"url":"https:\/\/www.bellunopress.it\/fr\/author\/redazione\/"}]}},"_links":{"self":[{"href":"https:\/\/www.bellunopress.it\/fr\/wp-json\/wp\/v2\/posts\/170157","targetHints":{"allow":["GET"]}}],"collection":[{"href":"https:\/\/www.bellunopress.it\/fr\/wp-json\/wp\/v2\/posts"}],"about":[{"href":"https:\/\/www.bellunopress.it\/fr\/wp-json\/wp\/v2\/types\/post"}],"author":[{"embeddable":true,"href":"https:\/\/www.bellunopress.it\/fr\/wp-json\/wp\/v2\/users\/2"}],"replies":[{"embeddable":true,"href":"https:\/\/www.bellunopress.it\/fr\/wp-json\/wp\/v2\/comments?post=170157"}],"version-history":[{"count":1,"href":"https:\/\/www.bellunopress.it\/fr\/wp-json\/wp\/v2\/posts\/170157\/revisions"}],"predecessor-version":[{"id":170158,"href":"https:\/\/www.bellunopress.it\/fr\/wp-json\/wp\/v2\/posts\/170157\/revisions\/170158"}],"wp:featuredmedia":[{"embeddable":true,"href":"https:\/\/www.bellunopress.it\/fr\/wp-json\/wp\/v2\/media\/149981"}],"wp:attachment":[{"href":"https:\/\/www.bellunopress.it\/fr\/wp-json\/wp\/v2\/media?parent=170157"}],"wp:term":[{"taxonomy":"category","embeddable":true,"href":"https:\/\/www.bellunopress.it\/fr\/wp-json\/wp\/v2\/categories?post=170157"},{"taxonomy":"post_tag","embeddable":true,"href":"https:\/\/www.bellunopress.it\/fr\/wp-json\/wp\/v2\/tags?post=170157"}],"curies":[{"name":"wp","href":"https:\/\/api.w.org\/{rel}","templated":true}]}}