{"id":170119,"date":"2026-05-14T16:32:33","date_gmt":"2026-05-14T14:32:33","guid":{"rendered":"https:\/\/www.bellunopress.it\/?p=170119"},"modified":"2026-05-14T16:32:33","modified_gmt":"2026-05-14T14:32:33","slug":"torino-premiate-le-10-pmi-del-comparto-agroalimentare-tra-cui-la-lattebusche","status":"publish","type":"post","link":"https:\/\/www.bellunopress.it\/fr\/2026\/05\/14\/torino-premiate-le-10-pmi-del-comparto-agroalimentare-tra-cui-la-lattebusche\/","title":{"rendered":"Torino. Premiate le 10 Pmi del comparto agroalimentare tra cui la Lattebusche"},"content":{"rendered":"<p><strong>Tra le 10 imprese vincenti del settore agroalimentare premiate oggi a Torino all&#8217;Agribusiness di Intesa Sanpaolo ci sono due aziende Venete tra cui la Lattebusche<\/strong><\/p>\n<p>Lattebusche, Societ\u00e0 Cooperativa Agricola \u2013 Sede a Busche di Cesiomaggiore (Provincia di Belluno) \u2013 Fondata nel 1954 nel cuore delle Dolomiti Bellunesi, Lattebusche \u00e8 una cooperativa lattiero\u2011casearia che da oltre 70 anni sostiene l\u2019economia agricola locale trasformando esclusivamente il latte conferito dai propri soci allevatori. Oggi raccoglie oltre 4.000 ettolitri di latte al giorno, lavorati in sei stabilimenti, ed \u00e8 una delle principali realt\u00e0 del settore nel Triveneto, con una presenza consolidata anche all\u2019estero. La gamma prodotti comprende quattro formaggi DOP (Piave, Grana Padano, Asiago e Montasio), formaggi tipici e freschi, latticini, latte Alta Qualit\u00e0, biologico di montagna e senza lattosio oltre a gelato a base di latte fresco. La crescita della cooperativa, sviluppata anche tramite fusioni per incorporazione, \u00e8 fondata su qualit\u00e0, innovazione, sostenibilit\u00e0 e tracciabilit\u00e0 garantite da elevati standard igienico\u2011sanitari e da numerose certificazioni di sistema e di prodotto. Sito Internet: www.lattebusche.com<\/p>\n<p>Torino, 14\/05\/2026 &#8211; Ecco le dieci PMI premiate oggi del comparto agroalimentare tra le 150 selezionate della sesta edizione del Programma: Azienda Agricola Lenti, Agrolio, Basso Fedele &amp; Figli, Dalter Alimentari, Lattebusche, Mancuso Vincenzo &amp; C, Manfredi Barbera &amp; Figli, Molino Rossetto Livio, Riverfrut di Bertuzzi Emilio e Angelo, Santangiolina Latte Fattorie Lombarde<\/p>\n<p>La Direzione Agribusiness di Intesa Sanpaolo, dedicata interamente al settore agroalimentare, dal 2021 ha<br \/>\nl\u2019obiettivo di accompagnare in modo specialistico uno dei comparti pi\u00f9 rappresentativi e strategici dell\u2019economia<br \/>\nitaliana. Con oltre 1.100 professionisti specializzati e 250 punti operativi su tutto il territorio nazionale, la Direzione<br \/>\nAgribusiness affianca ogni giorno le imprese agricole e agroalimentari sostenendone gli investimenti, i percorsi di<br \/>\ncrescita, la transizione sostenibile e la competitivit\u00e0 sui mercati internazionali. Un sostegno strutturato a migliaia<br \/>\ndi PMI della filiera con soluzioni dedicate: finanziamenti per gli investimenti, un modello di advisory integrato<br \/>\nunico nel panorama nazionale, strumenti per il capitale circolante, supporto all\u2019internazionalizzazione oltre a<br \/>\noperazioni di filiera e strumenti innovativi come il pegno rotativo sui prodotti a denominazione controllata.<br \/>\nImprese Vincenti, i numeri che raccontano l\u2019eccellenza<br \/>\nSono circa 18.000 le PMI che si sono candidate dal 2019, di cui 4.000 solo quest\u2019anno: tra queste, le 150 scelte per<br \/>\npartecipare ad Imprese Vincenti 2026 &#8211; di cui 10 straniere &#8211; sono state selezionate per aver attivato progetti o raggiunto<br \/>\nrisultati significativi nel generare valore economico e impatto sociale, su innovazione e ricerca, transizione digitale ed<br \/>\necologica, export e internazionalizzazione, passaggio generazionale e consolidamento dimensionale, formazione e<br \/>\nwelfare. Il tutto unito ad un attento presidio dei rischi industriali e ambientali, in grado di rendere queste imprese<br \/>\nresilienti e sostenibili nel lungo termine. Imprese che complessivamente contano 150.000 dipendenti e registrano circa<br \/>\n35 miliardi di fatturato.<\/p>\n<p>&nbsp;<\/p>\n<p>&nbsp;<\/p>\n<p>&nbsp;<\/p>","protected":false},"excerpt":{"rendered":"<p>Tra le 10 imprese vincenti del settore agroalimentare premiate oggi a Torino all&#8217;Agribusiness di Intesa Sanpaolo ci sono due aziende Venete tra cui la Lattebusche Lattebusche, Societ\u00e0 Cooperativa Agricola \u2013 Sede a Busche di Cesiomaggiore (Provincia di Belluno) \u2013 Fondata nel 1954 nel cuore delle Dolomiti Bellunesi, Lattebusche \u00e8 una cooperativa lattiero\u2011casearia che da oltre [&hellip;]<\/p>\n","protected":false},"author":2,"featured_media":153796,"comment_status":"closed","ping_status":"open","sticky":false,"template":"","format":"standard","meta":{"footnotes":""},"categories":[36,26],"tags":[],"class_list":["post-170119","post","type-post","status-publish","format-standard","has-post-thumbnail","category-lavoro-economia","category-prima-pagina"],"yoast_head":"<!-- This site is optimized with the Yoast SEO plugin v28.4 - https:\/\/yoast.com\/product\/yoast-seo-wordpress\/ -->\n<title>Torino. Premiate le 10 Pmi del comparto agroalimentare tra cui la Lattebusche - Bellunopress - Dolomiti<\/title>\n<meta name=\"robots\" content=\"index, follow, max-snippet:-1, max-image-preview:large, max-video-preview:-1\" \/>\n<link rel=\"canonical\" href=\"https:\/\/www.bellunopress.it\/fr\/2026\/05\/14\/torino-premiate-le-10-pmi-del-comparto-agroalimentare-tra-cui-la-lattebusche\/\" \/>\n<meta property=\"og:locale\" content=\"fr_FR\" \/>\n<meta property=\"og:type\" content=\"article\" \/>\n<meta property=\"og:title\" content=\"Torino. Premiate le 10 Pmi del comparto agroalimentare tra cui la Lattebusche - Bellunopress - Dolomiti\" \/>\n<meta property=\"og:description\" content=\"Tra le 10 imprese vincenti del settore agroalimentare premiate oggi a Torino all&#8217;Agribusiness di Intesa Sanpaolo ci sono due aziende Venete tra cui la Lattebusche Lattebusche, Societ\u00e0 Cooperativa Agricola \u2013 Sede a Busche di Cesiomaggiore (Provincia di Belluno) \u2013 Fondata nel 1954 nel cuore delle Dolomiti Bellunesi, Lattebusche \u00e8 una cooperativa lattiero\u2011casearia che da oltre [&hellip;]\" \/>\n<meta property=\"og:url\" content=\"https:\/\/www.bellunopress.it\/fr\/2026\/05\/14\/torino-premiate-le-10-pmi-del-comparto-agroalimentare-tra-cui-la-lattebusche\/\" \/>\n<meta property=\"og:site_name\" content=\"Bellunopress - Dolomiti\" \/>\n<meta property=\"article:publisher\" content=\"https:\/\/www.facebook.com\/profile.php?id=100008943462799\" \/>\n<meta property=\"article:published_time\" content=\"2026-05-14T14:32:33+00:00\" \/>\n<meta property=\"og:image\" content=\"https:\/\/www.bellunopress.it\/wp-content\/uploads\/2024\/09\/Lattebusche-stabilimento-di-Busche_edited.jpg\" \/>\n\t<meta property=\"og:image:width\" content=\"1000\" \/>\n\t<meta property=\"og:image:height\" content=\"417\" \/>\n\t<meta property=\"og:image:type\" content=\"image\/jpeg\" \/>\n<meta name=\"author\" content=\"redazione\" \/>\n<meta name=\"twitter:card\" content=\"summary_large_image\" \/>\n<meta name=\"twitter:creator\" content=\"@bellunopress\" \/>\n<meta name=\"twitter:site\" content=\"@bellunopress\" \/>\n<meta name=\"twitter:label1\" content=\"\u00c9crit par\" \/>\n\t<meta name=\"twitter:data1\" content=\"redazione\" \/>\n\t<meta name=\"twitter:label2\" content=\"Dur\u00e9e de lecture estim\u00e9e\" \/>\n\t<meta name=\"twitter:data2\" content=\"3 minutes\" \/>\n<script type=\"application\/ld+json\" class=\"yoast-schema-graph\">{\"@context\":\"https:\\\/\\\/schema.org\",\"@graph\":[{\"@type\":\"Article\",\"@id\":\"https:\\\/\\\/www.bellunopress.it\\\/2026\\\/05\\\/14\\\/torino-premiate-le-10-pmi-del-comparto-agroalimentare-tra-cui-la-lattebusche\\\/#article\",\"isPartOf\":{\"@id\":\"https:\\\/\\\/www.bellunopress.it\\\/2026\\\/05\\\/14\\\/torino-premiate-le-10-pmi-del-comparto-agroalimentare-tra-cui-la-lattebusche\\\/\"},\"author\":{\"name\":\"redazione\",\"@id\":\"https:\\\/\\\/www.bellunopress.it\\\/#\\\/schema\\\/person\\\/79bb06722b37ece1c03d3e94beb30d73\"},\"headline\":\"Torino. Premiate le 10 Pmi del comparto agroalimentare tra cui la Lattebusche\",\"datePublished\":\"2026-05-14T14:32:33+00:00\",\"mainEntityOfPage\":{\"@id\":\"https:\\\/\\\/www.bellunopress.it\\\/2026\\\/05\\\/14\\\/torino-premiate-le-10-pmi-del-comparto-agroalimentare-tra-cui-la-lattebusche\\\/\"},\"wordCount\":459,\"publisher\":{\"@id\":\"https:\\\/\\\/www.bellunopress.it\\\/#organization\"},\"image\":{\"@id\":\"https:\\\/\\\/www.bellunopress.it\\\/2026\\\/05\\\/14\\\/torino-premiate-le-10-pmi-del-comparto-agroalimentare-tra-cui-la-lattebusche\\\/#primaryimage\"},\"thumbnailUrl\":\"https:\\\/\\\/www.bellunopress.it\\\/wp-content\\\/uploads\\\/2024\\\/09\\\/Lattebusche-stabilimento-di-Busche_edited.jpg\",\"articleSection\":[\"Lavoro, Economia, Turismo\",\"Prima Pagina\"],\"inLanguage\":\"fr-FR\"},{\"@type\":\"WebPage\",\"@id\":\"https:\\\/\\\/www.bellunopress.it\\\/2026\\\/05\\\/14\\\/torino-premiate-le-10-pmi-del-comparto-agroalimentare-tra-cui-la-lattebusche\\\/\",\"url\":\"https:\\\/\\\/www.bellunopress.it\\\/2026\\\/05\\\/14\\\/torino-premiate-le-10-pmi-del-comparto-agroalimentare-tra-cui-la-lattebusche\\\/\",\"name\":\"Torino. Premiate le 10 Pmi del comparto agroalimentare tra cui la Lattebusche - Bellunopress - Dolomiti\",\"isPartOf\":{\"@id\":\"https:\\\/\\\/www.bellunopress.it\\\/#website\"},\"primaryImageOfPage\":{\"@id\":\"https:\\\/\\\/www.bellunopress.it\\\/2026\\\/05\\\/14\\\/torino-premiate-le-10-pmi-del-comparto-agroalimentare-tra-cui-la-lattebusche\\\/#primaryimage\"},\"image\":{\"@id\":\"https:\\\/\\\/www.bellunopress.it\\\/2026\\\/05\\\/14\\\/torino-premiate-le-10-pmi-del-comparto-agroalimentare-tra-cui-la-lattebusche\\\/#primaryimage\"},\"thumbnailUrl\":\"https:\\\/\\\/www.bellunopress.it\\\/wp-content\\\/uploads\\\/2024\\\/09\\\/Lattebusche-stabilimento-di-Busche_edited.jpg\",\"datePublished\":\"2026-05-14T14:32:33+00:00\",\"breadcrumb\":{\"@id\":\"https:\\\/\\\/www.bellunopress.it\\\/2026\\\/05\\\/14\\\/torino-premiate-le-10-pmi-del-comparto-agroalimentare-tra-cui-la-lattebusche\\\/#breadcrumb\"},\"inLanguage\":\"fr-FR\",\"potentialAction\":[{\"@type\":\"ReadAction\",\"target\":[\"https:\\\/\\\/www.bellunopress.it\\\/2026\\\/05\\\/14\\\/torino-premiate-le-10-pmi-del-comparto-agroalimentare-tra-cui-la-lattebusche\\\/\"]}]},{\"@type\":\"ImageObject\",\"inLanguage\":\"fr-FR\",\"@id\":\"https:\\\/\\\/www.bellunopress.it\\\/2026\\\/05\\\/14\\\/torino-premiate-le-10-pmi-del-comparto-agroalimentare-tra-cui-la-lattebusche\\\/#primaryimage\",\"url\":\"https:\\\/\\\/www.bellunopress.it\\\/wp-content\\\/uploads\\\/2024\\\/09\\\/Lattebusche-stabilimento-di-Busche_edited.jpg\",\"contentUrl\":\"https:\\\/\\\/www.bellunopress.it\\\/wp-content\\\/uploads\\\/2024\\\/09\\\/Lattebusche-stabilimento-di-Busche_edited.jpg\",\"width\":1000,\"height\":417,\"caption\":\"Lattebusche, stabilimento di Busche (Cesiomaggiore)\"},{\"@type\":\"BreadcrumbList\",\"@id\":\"https:\\\/\\\/www.bellunopress.it\\\/2026\\\/05\\\/14\\\/torino-premiate-le-10-pmi-del-comparto-agroalimentare-tra-cui-la-lattebusche\\\/#breadcrumb\",\"itemListElement\":[{\"@type\":\"ListItem\",\"position\":1,\"name\":\"Home\",\"item\":\"https:\\\/\\\/www.bellunopress.it\\\/\"},{\"@type\":\"ListItem\",\"position\":2,\"name\":\"Torino. Premiate le 10 Pmi del comparto agroalimentare tra cui la Lattebusche\"}]},{\"@type\":\"WebSite\",\"@id\":\"https:\\\/\\\/www.bellunopress.it\\\/#website\",\"url\":\"https:\\\/\\\/www.bellunopress.it\\\/\",\"name\":\"Bellunopress - Dolomiti\",\"description\":\"e-mail: redazione@bellunopress.it\",\"publisher\":{\"@id\":\"https:\\\/\\\/www.bellunopress.it\\\/#organization\"},\"potentialAction\":[{\"@type\":\"SearchAction\",\"target\":{\"@type\":\"EntryPoint\",\"urlTemplate\":\"https:\\\/\\\/www.bellunopress.it\\\/?s={search_term_string}\"},\"query-input\":{\"@type\":\"PropertyValueSpecification\",\"valueRequired\":true,\"valueName\":\"search_term_string\"}}],\"inLanguage\":\"fr-FR\"},{\"@type\":\"Organization\",\"@id\":\"https:\\\/\\\/www.bellunopress.it\\\/#organization\",\"name\":\"Bellunopress\",\"url\":\"https:\\\/\\\/www.bellunopress.it\\\/\",\"logo\":{\"@type\":\"ImageObject\",\"inLanguage\":\"fr-FR\",\"@id\":\"https:\\\/\\\/www.bellunopress.it\\\/#\\\/schema\\\/logo\\\/image\\\/\",\"url\":\"https:\\\/\\\/www.bellunopress.it\\\/wp-content\\\/uploads\\\/2011\\\/05\\\/cropped-logo-bellunopress-.jpg\",\"contentUrl\":\"https:\\\/\\\/www.bellunopress.it\\\/wp-content\\\/uploads\\\/2011\\\/05\\\/cropped-logo-bellunopress-.jpg\",\"width\":512,\"height\":512,\"caption\":\"Bellunopress\"},\"image\":{\"@id\":\"https:\\\/\\\/www.bellunopress.it\\\/#\\\/schema\\\/logo\\\/image\\\/\"},\"sameAs\":[\"https:\\\/\\\/www.facebook.com\\\/profile.php?id=100008943462799\",\"https:\\\/\\\/x.com\\\/bellunopress\",\"https:\\\/\\\/www.linkedin.com\\\/hp\\\/?dnr=JBzUWaJfMUw8vbXJJ2tVW5-I3jZKvC4wsoxE&amp;amp;amp;amp;amp;amp;trk=nav_responsive_tab_home\",\"https:\\\/\\\/www.youtube.com\\\/channel\\\/UCxL0wu1uN0_3_7hGG0306cw\"]},{\"@type\":\"Person\",\"@id\":\"https:\\\/\\\/www.bellunopress.it\\\/#\\\/schema\\\/person\\\/79bb06722b37ece1c03d3e94beb30d73\",\"name\":\"redazione\",\"image\":{\"@type\":\"ImageObject\",\"inLanguage\":\"fr-FR\",\"@id\":\"https:\\\/\\\/secure.gravatar.com\\\/avatar\\\/37d968a2e67a6fd04c169c4bdef102d0bc5d31b2546345219e348575eb80e9a0?s=96&d=mm&r=g\",\"url\":\"https:\\\/\\\/secure.gravatar.com\\\/avatar\\\/37d968a2e67a6fd04c169c4bdef102d0bc5d31b2546345219e348575eb80e9a0?s=96&d=mm&r=g\",\"contentUrl\":\"https:\\\/\\\/secure.gravatar.com\\\/avatar\\\/37d968a2e67a6fd04c169c4bdef102d0bc5d31b2546345219e348575eb80e9a0?s=96&d=mm&r=g\",\"caption\":\"redazione\"},\"sameAs\":[\"http:\\\/\\\/www.bellunopress.it\",\"https:\\\/\\\/x.com\\\/bellunopress\"],\"url\":\"https:\\\/\\\/www.bellunopress.it\\\/fr\\\/author\\\/redazione\\\/\"}]}<\/script>\n<!-- \/ Yoast SEO plugin. -->","yoast_head_json":{"title":"Torino. Premiate le 10 Pmi del comparto agroalimentare tra cui la Lattebusche - Bellunopress - Dolomiti","robots":{"index":"index","follow":"follow","max-snippet":"max-snippet:-1","max-image-preview":"max-image-preview:large","max-video-preview":"max-video-preview:-1"},"canonical":"https:\/\/www.bellunopress.it\/fr\/2026\/05\/14\/torino-premiate-le-10-pmi-del-comparto-agroalimentare-tra-cui-la-lattebusche\/","og_locale":"fr_FR","og_type":"article","og_title":"Torino. Premiate le 10 Pmi del comparto agroalimentare tra cui la Lattebusche - Bellunopress - Dolomiti","og_description":"Tra le 10 imprese vincenti del settore agroalimentare premiate oggi a Torino all&#8217;Agribusiness di Intesa Sanpaolo ci sono due aziende Venete tra cui la Lattebusche Lattebusche, Societ\u00e0 Cooperativa Agricola \u2013 Sede a Busche di Cesiomaggiore (Provincia di Belluno) \u2013 Fondata nel 1954 nel cuore delle Dolomiti Bellunesi, Lattebusche \u00e8 una cooperativa lattiero\u2011casearia che da oltre [&hellip;]","og_url":"https:\/\/www.bellunopress.it\/fr\/2026\/05\/14\/torino-premiate-le-10-pmi-del-comparto-agroalimentare-tra-cui-la-lattebusche\/","og_site_name":"Bellunopress - Dolomiti","article_publisher":"https:\/\/www.facebook.com\/profile.php?id=100008943462799","article_published_time":"2026-05-14T14:32:33+00:00","og_image":[{"width":1000,"height":417,"url":"https:\/\/www.bellunopress.it\/wp-content\/uploads\/2024\/09\/Lattebusche-stabilimento-di-Busche_edited.jpg","type":"image\/jpeg"}],"author":"redazione","twitter_card":"summary_large_image","twitter_creator":"@bellunopress","twitter_site":"@bellunopress","twitter_misc":{"\u00c9crit par":"redazione","Dur\u00e9e de lecture estim\u00e9e":"3 minutes"},"schema":{"@context":"https:\/\/schema.org","@graph":[{"@type":"Article","@id":"https:\/\/www.bellunopress.it\/2026\/05\/14\/torino-premiate-le-10-pmi-del-comparto-agroalimentare-tra-cui-la-lattebusche\/#article","isPartOf":{"@id":"https:\/\/www.bellunopress.it\/2026\/05\/14\/torino-premiate-le-10-pmi-del-comparto-agroalimentare-tra-cui-la-lattebusche\/"},"author":{"name":"redazione","@id":"https:\/\/www.bellunopress.it\/#\/schema\/person\/79bb06722b37ece1c03d3e94beb30d73"},"headline":"Torino. Premiate le 10 Pmi del comparto agroalimentare tra cui la Lattebusche","datePublished":"2026-05-14T14:32:33+00:00","mainEntityOfPage":{"@id":"https:\/\/www.bellunopress.it\/2026\/05\/14\/torino-premiate-le-10-pmi-del-comparto-agroalimentare-tra-cui-la-lattebusche\/"},"wordCount":459,"publisher":{"@id":"https:\/\/www.bellunopress.it\/#organization"},"image":{"@id":"https:\/\/www.bellunopress.it\/2026\/05\/14\/torino-premiate-le-10-pmi-del-comparto-agroalimentare-tra-cui-la-lattebusche\/#primaryimage"},"thumbnailUrl":"https:\/\/www.bellunopress.it\/wp-content\/uploads\/2024\/09\/Lattebusche-stabilimento-di-Busche_edited.jpg","articleSection":["Lavoro, Economia, Turismo","Prima Pagina"],"inLanguage":"fr-FR"},{"@type":"WebPage","@id":"https:\/\/www.bellunopress.it\/2026\/05\/14\/torino-premiate-le-10-pmi-del-comparto-agroalimentare-tra-cui-la-lattebusche\/","url":"https:\/\/www.bellunopress.it\/2026\/05\/14\/torino-premiate-le-10-pmi-del-comparto-agroalimentare-tra-cui-la-lattebusche\/","name":"Torino. Premiate le 10 Pmi del comparto agroalimentare tra cui la Lattebusche - Bellunopress - Dolomiti","isPartOf":{"@id":"https:\/\/www.bellunopress.it\/#website"},"primaryImageOfPage":{"@id":"https:\/\/www.bellunopress.it\/2026\/05\/14\/torino-premiate-le-10-pmi-del-comparto-agroalimentare-tra-cui-la-lattebusche\/#primaryimage"},"image":{"@id":"https:\/\/www.bellunopress.it\/2026\/05\/14\/torino-premiate-le-10-pmi-del-comparto-agroalimentare-tra-cui-la-lattebusche\/#primaryimage"},"thumbnailUrl":"https:\/\/www.bellunopress.it\/wp-content\/uploads\/2024\/09\/Lattebusche-stabilimento-di-Busche_edited.jpg","datePublished":"2026-05-14T14:32:33+00:00","breadcrumb":{"@id":"https:\/\/www.bellunopress.it\/2026\/05\/14\/torino-premiate-le-10-pmi-del-comparto-agroalimentare-tra-cui-la-lattebusche\/#breadcrumb"},"inLanguage":"fr-FR","potentialAction":[{"@type":"ReadAction","target":["https:\/\/www.bellunopress.it\/2026\/05\/14\/torino-premiate-le-10-pmi-del-comparto-agroalimentare-tra-cui-la-lattebusche\/"]}]},{"@type":"ImageObject","inLanguage":"fr-FR","@id":"https:\/\/www.bellunopress.it\/2026\/05\/14\/torino-premiate-le-10-pmi-del-comparto-agroalimentare-tra-cui-la-lattebusche\/#primaryimage","url":"https:\/\/www.bellunopress.it\/wp-content\/uploads\/2024\/09\/Lattebusche-stabilimento-di-Busche_edited.jpg","contentUrl":"https:\/\/www.bellunopress.it\/wp-content\/uploads\/2024\/09\/Lattebusche-stabilimento-di-Busche_edited.jpg","width":1000,"height":417,"caption":"Lattebusche, stabilimento di Busche (Cesiomaggiore)"},{"@type":"BreadcrumbList","@id":"https:\/\/www.bellunopress.it\/2026\/05\/14\/torino-premiate-le-10-pmi-del-comparto-agroalimentare-tra-cui-la-lattebusche\/#breadcrumb","itemListElement":[{"@type":"ListItem","position":1,"name":"Home","item":"https:\/\/www.bellunopress.it\/"},{"@type":"ListItem","position":2,"name":"Torino. Premiate le 10 Pmi del comparto agroalimentare tra cui la Lattebusche"}]},{"@type":"WebSite","@id":"https:\/\/www.bellunopress.it\/#website","url":"https:\/\/www.bellunopress.it\/","name":"Bellunopress - Dolomiti","description":"e-mail: redazione@bellunopress.it","publisher":{"@id":"https:\/\/www.bellunopress.it\/#organization"},"potentialAction":[{"@type":"SearchAction","target":{"@type":"EntryPoint","urlTemplate":"https:\/\/www.bellunopress.it\/?s={search_term_string}"},"query-input":{"@type":"PropertyValueSpecification","valueRequired":true,"valueName":"search_term_string"}}],"inLanguage":"fr-FR"},{"@type":"Organization","@id":"https:\/\/www.bellunopress.it\/#organization","name":"Bellunopress","url":"https:\/\/www.bellunopress.it\/","logo":{"@type":"ImageObject","inLanguage":"fr-FR","@id":"https:\/\/www.bellunopress.it\/#\/schema\/logo\/image\/","url":"https:\/\/www.bellunopress.it\/wp-content\/uploads\/2011\/05\/cropped-logo-bellunopress-.jpg","contentUrl":"https:\/\/www.bellunopress.it\/wp-content\/uploads\/2011\/05\/cropped-logo-bellunopress-.jpg","width":512,"height":512,"caption":"Bellunopress"},"image":{"@id":"https:\/\/www.bellunopress.it\/#\/schema\/logo\/image\/"},"sameAs":["https:\/\/www.facebook.com\/profile.php?id=100008943462799","https:\/\/x.com\/bellunopress","https:\/\/www.linkedin.com\/hp\/?dnr=JBzUWaJfMUw8vbXJJ2tVW5-I3jZKvC4wsoxE&amp;amp;amp;amp;amp;amp;trk=nav_responsive_tab_home","https:\/\/www.youtube.com\/channel\/UCxL0wu1uN0_3_7hGG0306cw"]},{"@type":"Person","@id":"https:\/\/www.bellunopress.it\/#\/schema\/person\/79bb06722b37ece1c03d3e94beb30d73","name":"r\u00e9daction","image":{"@type":"ImageObject","inLanguage":"fr-FR","@id":"https:\/\/secure.gravatar.com\/avatar\/37d968a2e67a6fd04c169c4bdef102d0bc5d31b2546345219e348575eb80e9a0?s=96&d=mm&r=g","url":"https:\/\/secure.gravatar.com\/avatar\/37d968a2e67a6fd04c169c4bdef102d0bc5d31b2546345219e348575eb80e9a0?s=96&d=mm&r=g","contentUrl":"https:\/\/secure.gravatar.com\/avatar\/37d968a2e67a6fd04c169c4bdef102d0bc5d31b2546345219e348575eb80e9a0?s=96&d=mm&r=g","caption":"redazione"},"sameAs":["http:\/\/www.bellunopress.it","https:\/\/x.com\/bellunopress"],"url":"https:\/\/www.bellunopress.it\/fr\/author\/redazione\/"}]}},"_links":{"self":[{"href":"https:\/\/www.bellunopress.it\/fr\/wp-json\/wp\/v2\/posts\/170119","targetHints":{"allow":["GET"]}}],"collection":[{"href":"https:\/\/www.bellunopress.it\/fr\/wp-json\/wp\/v2\/posts"}],"about":[{"href":"https:\/\/www.bellunopress.it\/fr\/wp-json\/wp\/v2\/types\/post"}],"author":[{"embeddable":true,"href":"https:\/\/www.bellunopress.it\/fr\/wp-json\/wp\/v2\/users\/2"}],"replies":[{"embeddable":true,"href":"https:\/\/www.bellunopress.it\/fr\/wp-json\/wp\/v2\/comments?post=170119"}],"version-history":[{"count":1,"href":"https:\/\/www.bellunopress.it\/fr\/wp-json\/wp\/v2\/posts\/170119\/revisions"}],"predecessor-version":[{"id":170120,"href":"https:\/\/www.bellunopress.it\/fr\/wp-json\/wp\/v2\/posts\/170119\/revisions\/170120"}],"wp:featuredmedia":[{"embeddable":true,"href":"https:\/\/www.bellunopress.it\/fr\/wp-json\/wp\/v2\/media\/153796"}],"wp:attachment":[{"href":"https:\/\/www.bellunopress.it\/fr\/wp-json\/wp\/v2\/media?parent=170119"}],"wp:term":[{"taxonomy":"category","embeddable":true,"href":"https:\/\/www.bellunopress.it\/fr\/wp-json\/wp\/v2\/categories?post=170119"},{"taxonomy":"post_tag","embeddable":true,"href":"https:\/\/www.bellunopress.it\/fr\/wp-json\/wp\/v2\/tags?post=170119"}],"curies":[{"name":"wp","href":"https:\/\/api.w.org\/{rel}","templated":true}]}}