{"id":170117,"date":"2026-05-14T15:51:17","date_gmt":"2026-05-14T13:51:17","guid":{"rendered":"https:\/\/www.bellunopress.it\/?p=170117"},"modified":"2026-05-14T15:51:17","modified_gmt":"2026-05-14T13:51:17","slug":"san-gregorio-nelle-alpi-e-cesiomaggiore-si-preparano-con-due-serate-al-giro-ditalia","status":"publish","type":"post","link":"https:\/\/www.bellunopress.it\/fr\/2026\/05\/14\/san-gregorio-nelle-alpi-e-cesiomaggiore-si-preparano-con-due-serate-al-giro-ditalia\/","title":{"rendered":"San Gregorio nelle Alpi e Cesiomaggiore si preparano con due serate al Giro d&#8217;Italia"},"content":{"rendered":"<p><strong>&#8211; venerd\u00ec 15 maggio\u00a0alle ore 20.00 in Sala Consiliare Comunale di San Gregorio nelle Alpi la tavola rotonda dal titolo<i>\u00a0&#8220;Valbelluna e Feltrino: territori in movimento su due ruote&#8221;<\/i>.<\/strong><\/p>\n<p><strong>&#8211; sabato 16 maggio alle ore 20.00 nella Sala Polifunzionale di Pradenich a Cesiomaggiore, l&#8217;olimpionico fondista azzurro\u00a0Elia Barp\u00a0raccontando la sua storia\u00a0<i>&#8220;Dal ciclismo allo sci di fondo&#8221;<\/i><\/strong><\/p>\n<p>Feltre, 14 maggio 2026 &#8211; Mancano 15 giorni all\u2019arrivo della 19\u00aa tappa del 109\u00b0 Giro d\u2019Italia e il territorio bellunese entra sempre pi\u00f9 nel clima della Settimana Rosa. Il percorso verso il grande evento passa anche attraverso \u201cLa Strada del Giro\u201d, il calendario di appuntamenti che accompagna appassionati, associazioni e istituzioni in avvicinamento alla corsa rosa.<br \/>\nNel weekend del 15 e 16 maggio sono in programma due convegni dedicati al ciclismo, al territorio e ai grandi valori dello sport.<\/p>\n<p>Si inizia domani, venerd\u00ec 15 maggio alle ore 20.00 presso la Sala Consiliare Comunale di San Gregorio nelle Alpi con la tavola rotonda dal titolo \u201cValbelluna e Feltrino: territori in movimento su due ruote\u201d. Una serata dedicata ai temi della mobilit\u00e0 sostenibile, delle infrastrutture ciclabili e delle opportunit\u00e0 che il ciclismo pu\u00f2 offrire al territorio, affrontati attraverso il confronto tra associazioni, amministratori e realt\u00e0 protagoniste della promozione del movimento su due ruote in Valbelluna e nel Feltrino.<br \/>\nAl dialogo, moderato da Nicola Maccagnan, parteciperanno Claudio Giacchetti di FIAB Belluno e Alfredo De Bastiani con Beppe Dalla Giustina di FIAB FeltreinBici. Uno sguardo ancora pi\u00f9 concreto e mirato sar\u00e0 poi dedicato ai progetti del territorio grazie agli interventi dell\u2019Associazione Gruppo Natura Lentiai con Orfeo Dal Piva, del promotore della ciclabile Feltre\u2013Villabruna Giovanni Patriarca e del presidente dell\u2019Associazione Il Veses A.P.S., Luciano Dal Molin. Spazio anche al mondo alpino con la presenza del presidente sezionale ANA Stefano Mariech e di Cristian Romanin, responsabile sportivo della Sezione A.N.A. Feltre, che il prossimo settembre porter\u00e0 a Cesiomaggiore il Campionato Nazionale ANA di Mountain Bike.<\/p>\n<p>La seconda serata de \u201cLa Strada del Giro\u201d, in programma sabato 16 maggio alle ore 20.00 presso la Sala Polifunzionale di Pradenich a Cesiomaggiore, porter\u00e0 invece un ospite speciale direttamente dall\u2019esperienza di Milano-Cortina 2026.<br \/>\n\u201cDal ciclismo allo sci di fondo\u201d sar\u00e0 infatti un dialogo con l\u2019olimpionico Elia Barp, fondista azzurro proveniente da Trichiana e medaglia di bronzo alle Olimpiadi Milano-Cortina 2026, dedicato al percorso umano e sportivo che unisce allenamento, territorio, sacrificio e passione per lo sport outdoor. Un percorso iniziato proprio sulle due ruote, nelle fila dell\u2019U.C. Foen, dove Barp \u00e8 cresciuto sotto la guida dello storico direttore sportivo Alfonso Scopel, che durante la serata porter\u00e0 il proprio contributo legato alla tradizione ciclistica feltrina e alla crescita dei giovani atleti. A completare il programma saranno gli interventi dell\u2019Associazione U.C. Valbelluna e dell\u2019Associazione Isoipse per il Museo Storico della Bicicletta \u201cT. Bevilacqua\u201d, custode della memoria e della cultura delle due ruote nel territorio di Cesiomaggiore.<\/p>\n<p>\u00ab\u00c8 un territorio che si sta muovendo in modo coeso verso il Giro d\u2019Italia\u00bb dichiara Carlo Zanella, sindaco di Cesiomaggiore e presidente dell\u2019Unione Montana Feltrina. \u00abNon soltanto Cesiomaggiore, che sar\u00e0 attraversata dalla Corsa Rosa e custodisce una forte identit\u00e0 legata alle due ruote grazie al Museo Storico della Bicicletta, alla tradizione delle Unioni Ciclistiche e a figure simboliche come Sanvido, ma tutto il territorio sta vivendo con entusiasmo questo avvicinamento al Giro. \u201cLa Strada del Giro\u201d, il calendario di eventi promosso dal Comitato di Tappa, ha coinvolto anche localit\u00e0 esterne al percorso ufficiale della corsa, come Lamon e San Gregorio nelle Alpi. \u00c8 un segnale importante di collaborazione e partecipazione diffusa. Siamo molto orgogliosi di questa regia condivisa, capace di unire territori diversi attorno a un unico grande progetto\u00bb.<\/p>","protected":false},"excerpt":{"rendered":"<p>&#8211; venerd\u00ec 15 maggio\u00a0alle ore 20.00 in Sala Consiliare Comunale di San Gregorio nelle Alpi la tavola rotonda dal titolo\u00a0&#8220;Valbelluna e Feltrino: territori in movimento su due ruote&#8221;. &#8211; sabato 16 maggio alle ore 20.00 nella Sala Polifunzionale di Pradenich a Cesiomaggiore, l&#8217;olimpionico fondista azzurro\u00a0Elia Barp\u00a0raccontando la sua storia\u00a0&#8220;Dal ciclismo allo sci di fondo&#8221; Feltre, [&hellip;]<\/p>\n","protected":false},"author":2,"featured_media":169807,"comment_status":"closed","ping_status":"open","sticky":false,"template":"","format":"standard","meta":{"footnotes":""},"categories":[25,8,4],"tags":[],"class_list":["post-170117","post","type-post","status-publish","format-standard","has-post-thumbnail","category-pausa-caffe","category-societa-istituzioni","category-sport"],"yoast_head":"<!-- This site is optimized with the Yoast SEO plugin v28.4 - https:\/\/yoast.com\/product\/yoast-seo-wordpress\/ -->\n<title>San Gregorio nelle Alpi e Cesiomaggiore si preparano con due serate al Giro d&#039;Italia - Bellunopress - Dolomiti<\/title>\n<meta name=\"robots\" content=\"index, follow, max-snippet:-1, max-image-preview:large, max-video-preview:-1\" \/>\n<link rel=\"canonical\" href=\"https:\/\/www.bellunopress.it\/fr\/2026\/05\/14\/san-gregorio-nelle-alpi-e-cesiomaggiore-si-preparano-con-due-serate-al-giro-ditalia\/\" \/>\n<meta property=\"og:locale\" content=\"fr_FR\" \/>\n<meta property=\"og:type\" content=\"article\" \/>\n<meta property=\"og:title\" content=\"San Gregorio nelle Alpi e Cesiomaggiore si preparano con due serate al Giro d&#039;Italia - Bellunopress - Dolomiti\" \/>\n<meta property=\"og:description\" content=\"&#8211; venerd\u00ec 15 maggio\u00a0alle ore 20.00 in Sala Consiliare Comunale di San Gregorio nelle Alpi la tavola rotonda dal titolo\u00a0&#8220;Valbelluna e Feltrino: territori in movimento su due ruote&#8221;. &#8211; sabato 16 maggio alle ore 20.00 nella Sala Polifunzionale di Pradenich a Cesiomaggiore, l&#8217;olimpionico fondista azzurro\u00a0Elia Barp\u00a0raccontando la sua storia\u00a0&#8220;Dal ciclismo allo sci di fondo&#8221; Feltre, [&hellip;]\" \/>\n<meta property=\"og:url\" content=\"https:\/\/www.bellunopress.it\/fr\/2026\/05\/14\/san-gregorio-nelle-alpi-e-cesiomaggiore-si-preparano-con-due-serate-al-giro-ditalia\/\" \/>\n<meta property=\"og:site_name\" content=\"Bellunopress - Dolomiti\" \/>\n<meta property=\"article:publisher\" content=\"https:\/\/www.facebook.com\/profile.php?id=100008943462799\" \/>\n<meta property=\"article:published_time\" content=\"2026-05-14T13:51:17+00:00\" \/>\n<meta property=\"og:image\" content=\"https:\/\/www.bellunopress.it\/wp-content\/uploads\/2026\/05\/Giro-dItalia-2026.jpg\" \/>\n\t<meta property=\"og:image:width\" content=\"533\" \/>\n\t<meta property=\"og:image:height\" content=\"204\" \/>\n\t<meta property=\"og:image:type\" content=\"image\/jpeg\" \/>\n<meta name=\"author\" content=\"redazione\" \/>\n<meta name=\"twitter:card\" content=\"summary_large_image\" \/>\n<meta name=\"twitter:creator\" content=\"@bellunopress\" \/>\n<meta name=\"twitter:site\" content=\"@bellunopress\" \/>\n<meta name=\"twitter:label1\" content=\"\u00c9crit par\" \/>\n\t<meta name=\"twitter:data1\" content=\"redazione\" \/>\n\t<meta name=\"twitter:label2\" content=\"Dur\u00e9e de lecture estim\u00e9e\" \/>\n\t<meta name=\"twitter:data2\" content=\"4 minutes\" \/>\n<script type=\"application\/ld+json\" class=\"yoast-schema-graph\">{\"@context\":\"https:\\\/\\\/schema.org\",\"@graph\":[{\"@type\":\"Article\",\"@id\":\"https:\\\/\\\/www.bellunopress.it\\\/2026\\\/05\\\/14\\\/san-gregorio-nelle-alpi-e-cesiomaggiore-si-preparano-con-due-serate-al-giro-ditalia\\\/#article\",\"isPartOf\":{\"@id\":\"https:\\\/\\\/www.bellunopress.it\\\/2026\\\/05\\\/14\\\/san-gregorio-nelle-alpi-e-cesiomaggiore-si-preparano-con-due-serate-al-giro-ditalia\\\/\"},\"author\":{\"name\":\"redazione\",\"@id\":\"https:\\\/\\\/www.bellunopress.it\\\/#\\\/schema\\\/person\\\/79bb06722b37ece1c03d3e94beb30d73\"},\"headline\":\"San Gregorio nelle Alpi e Cesiomaggiore si preparano con due serate al Giro d&#8217;Italia\",\"datePublished\":\"2026-05-14T13:51:17+00:00\",\"mainEntityOfPage\":{\"@id\":\"https:\\\/\\\/www.bellunopress.it\\\/2026\\\/05\\\/14\\\/san-gregorio-nelle-alpi-e-cesiomaggiore-si-preparano-con-due-serate-al-giro-ditalia\\\/\"},\"wordCount\":616,\"publisher\":{\"@id\":\"https:\\\/\\\/www.bellunopress.it\\\/#organization\"},\"image\":{\"@id\":\"https:\\\/\\\/www.bellunopress.it\\\/2026\\\/05\\\/14\\\/san-gregorio-nelle-alpi-e-cesiomaggiore-si-preparano-con-due-serate-al-giro-ditalia\\\/#primaryimage\"},\"thumbnailUrl\":\"https:\\\/\\\/www.bellunopress.it\\\/wp-content\\\/uploads\\\/2026\\\/05\\\/Giro-dItalia-2026.jpg\",\"articleSection\":[\"Pausa Caff\u00e8\",\"Societ\u00e0, Associazioni, Istituzioni\",\"Sport, tempo libero\"],\"inLanguage\":\"fr-FR\"},{\"@type\":\"WebPage\",\"@id\":\"https:\\\/\\\/www.bellunopress.it\\\/2026\\\/05\\\/14\\\/san-gregorio-nelle-alpi-e-cesiomaggiore-si-preparano-con-due-serate-al-giro-ditalia\\\/\",\"url\":\"https:\\\/\\\/www.bellunopress.it\\\/2026\\\/05\\\/14\\\/san-gregorio-nelle-alpi-e-cesiomaggiore-si-preparano-con-due-serate-al-giro-ditalia\\\/\",\"name\":\"San Gregorio nelle Alpi e Cesiomaggiore si preparano con due serate al Giro d'Italia - Bellunopress - Dolomiti\",\"isPartOf\":{\"@id\":\"https:\\\/\\\/www.bellunopress.it\\\/#website\"},\"primaryImageOfPage\":{\"@id\":\"https:\\\/\\\/www.bellunopress.it\\\/2026\\\/05\\\/14\\\/san-gregorio-nelle-alpi-e-cesiomaggiore-si-preparano-con-due-serate-al-giro-ditalia\\\/#primaryimage\"},\"image\":{\"@id\":\"https:\\\/\\\/www.bellunopress.it\\\/2026\\\/05\\\/14\\\/san-gregorio-nelle-alpi-e-cesiomaggiore-si-preparano-con-due-serate-al-giro-ditalia\\\/#primaryimage\"},\"thumbnailUrl\":\"https:\\\/\\\/www.bellunopress.it\\\/wp-content\\\/uploads\\\/2026\\\/05\\\/Giro-dItalia-2026.jpg\",\"datePublished\":\"2026-05-14T13:51:17+00:00\",\"breadcrumb\":{\"@id\":\"https:\\\/\\\/www.bellunopress.it\\\/2026\\\/05\\\/14\\\/san-gregorio-nelle-alpi-e-cesiomaggiore-si-preparano-con-due-serate-al-giro-ditalia\\\/#breadcrumb\"},\"inLanguage\":\"fr-FR\",\"potentialAction\":[{\"@type\":\"ReadAction\",\"target\":[\"https:\\\/\\\/www.bellunopress.it\\\/2026\\\/05\\\/14\\\/san-gregorio-nelle-alpi-e-cesiomaggiore-si-preparano-con-due-serate-al-giro-ditalia\\\/\"]}]},{\"@type\":\"ImageObject\",\"inLanguage\":\"fr-FR\",\"@id\":\"https:\\\/\\\/www.bellunopress.it\\\/2026\\\/05\\\/14\\\/san-gregorio-nelle-alpi-e-cesiomaggiore-si-preparano-con-due-serate-al-giro-ditalia\\\/#primaryimage\",\"url\":\"https:\\\/\\\/www.bellunopress.it\\\/wp-content\\\/uploads\\\/2026\\\/05\\\/Giro-dItalia-2026.jpg\",\"contentUrl\":\"https:\\\/\\\/www.bellunopress.it\\\/wp-content\\\/uploads\\\/2026\\\/05\\\/Giro-dItalia-2026.jpg\",\"width\":533,\"height\":204},{\"@type\":\"BreadcrumbList\",\"@id\":\"https:\\\/\\\/www.bellunopress.it\\\/2026\\\/05\\\/14\\\/san-gregorio-nelle-alpi-e-cesiomaggiore-si-preparano-con-due-serate-al-giro-ditalia\\\/#breadcrumb\",\"itemListElement\":[{\"@type\":\"ListItem\",\"position\":1,\"name\":\"Home\",\"item\":\"https:\\\/\\\/www.bellunopress.it\\\/\"},{\"@type\":\"ListItem\",\"position\":2,\"name\":\"San Gregorio nelle Alpi e Cesiomaggiore si preparano con due serate al Giro d&#8217;Italia\"}]},{\"@type\":\"WebSite\",\"@id\":\"https:\\\/\\\/www.bellunopress.it\\\/#website\",\"url\":\"https:\\\/\\\/www.bellunopress.it\\\/\",\"name\":\"Bellunopress - Dolomiti\",\"description\":\"e-mail: redazione@bellunopress.it\",\"publisher\":{\"@id\":\"https:\\\/\\\/www.bellunopress.it\\\/#organization\"},\"potentialAction\":[{\"@type\":\"SearchAction\",\"target\":{\"@type\":\"EntryPoint\",\"urlTemplate\":\"https:\\\/\\\/www.bellunopress.it\\\/?s={search_term_string}\"},\"query-input\":{\"@type\":\"PropertyValueSpecification\",\"valueRequired\":true,\"valueName\":\"search_term_string\"}}],\"inLanguage\":\"fr-FR\"},{\"@type\":\"Organization\",\"@id\":\"https:\\\/\\\/www.bellunopress.it\\\/#organization\",\"name\":\"Bellunopress\",\"url\":\"https:\\\/\\\/www.bellunopress.it\\\/\",\"logo\":{\"@type\":\"ImageObject\",\"inLanguage\":\"fr-FR\",\"@id\":\"https:\\\/\\\/www.bellunopress.it\\\/#\\\/schema\\\/logo\\\/image\\\/\",\"url\":\"https:\\\/\\\/www.bellunopress.it\\\/wp-content\\\/uploads\\\/2011\\\/05\\\/cropped-logo-bellunopress-.jpg\",\"contentUrl\":\"https:\\\/\\\/www.bellunopress.it\\\/wp-content\\\/uploads\\\/2011\\\/05\\\/cropped-logo-bellunopress-.jpg\",\"width\":512,\"height\":512,\"caption\":\"Bellunopress\"},\"image\":{\"@id\":\"https:\\\/\\\/www.bellunopress.it\\\/#\\\/schema\\\/logo\\\/image\\\/\"},\"sameAs\":[\"https:\\\/\\\/www.facebook.com\\\/profile.php?id=100008943462799\",\"https:\\\/\\\/x.com\\\/bellunopress\",\"https:\\\/\\\/www.linkedin.com\\\/hp\\\/?dnr=JBzUWaJfMUw8vbXJJ2tVW5-I3jZKvC4wsoxE&amp;amp;amp;amp;amp;amp;trk=nav_responsive_tab_home\",\"https:\\\/\\\/www.youtube.com\\\/channel\\\/UCxL0wu1uN0_3_7hGG0306cw\"]},{\"@type\":\"Person\",\"@id\":\"https:\\\/\\\/www.bellunopress.it\\\/#\\\/schema\\\/person\\\/79bb06722b37ece1c03d3e94beb30d73\",\"name\":\"redazione\",\"image\":{\"@type\":\"ImageObject\",\"inLanguage\":\"fr-FR\",\"@id\":\"https:\\\/\\\/secure.gravatar.com\\\/avatar\\\/37d968a2e67a6fd04c169c4bdef102d0bc5d31b2546345219e348575eb80e9a0?s=96&d=mm&r=g\",\"url\":\"https:\\\/\\\/secure.gravatar.com\\\/avatar\\\/37d968a2e67a6fd04c169c4bdef102d0bc5d31b2546345219e348575eb80e9a0?s=96&d=mm&r=g\",\"contentUrl\":\"https:\\\/\\\/secure.gravatar.com\\\/avatar\\\/37d968a2e67a6fd04c169c4bdef102d0bc5d31b2546345219e348575eb80e9a0?s=96&d=mm&r=g\",\"caption\":\"redazione\"},\"sameAs\":[\"http:\\\/\\\/www.bellunopress.it\",\"https:\\\/\\\/x.com\\\/bellunopress\"],\"url\":\"https:\\\/\\\/www.bellunopress.it\\\/fr\\\/author\\\/redazione\\\/\"}]}<\/script>\n<!-- \/ Yoast SEO plugin. -->","yoast_head_json":{"title":"San Gregorio nelle Alpi e Cesiomaggiore si preparano con due serate al Giro d'Italia - Bellunopress - Dolomiti","robots":{"index":"index","follow":"follow","max-snippet":"max-snippet:-1","max-image-preview":"max-image-preview:large","max-video-preview":"max-video-preview:-1"},"canonical":"https:\/\/www.bellunopress.it\/fr\/2026\/05\/14\/san-gregorio-nelle-alpi-e-cesiomaggiore-si-preparano-con-due-serate-al-giro-ditalia\/","og_locale":"fr_FR","og_type":"article","og_title":"San Gregorio nelle Alpi e Cesiomaggiore si preparano con due serate al Giro d'Italia - Bellunopress - Dolomiti","og_description":"&#8211; venerd\u00ec 15 maggio\u00a0alle ore 20.00 in Sala Consiliare Comunale di San Gregorio nelle Alpi la tavola rotonda dal titolo\u00a0&#8220;Valbelluna e Feltrino: territori in movimento su due ruote&#8221;. &#8211; sabato 16 maggio alle ore 20.00 nella Sala Polifunzionale di Pradenich a Cesiomaggiore, l&#8217;olimpionico fondista azzurro\u00a0Elia Barp\u00a0raccontando la sua storia\u00a0&#8220;Dal ciclismo allo sci di fondo&#8221; Feltre, [&hellip;]","og_url":"https:\/\/www.bellunopress.it\/fr\/2026\/05\/14\/san-gregorio-nelle-alpi-e-cesiomaggiore-si-preparano-con-due-serate-al-giro-ditalia\/","og_site_name":"Bellunopress - Dolomiti","article_publisher":"https:\/\/www.facebook.com\/profile.php?id=100008943462799","article_published_time":"2026-05-14T13:51:17+00:00","og_image":[{"width":533,"height":204,"url":"https:\/\/www.bellunopress.it\/wp-content\/uploads\/2026\/05\/Giro-dItalia-2026.jpg","type":"image\/jpeg"}],"author":"redazione","twitter_card":"summary_large_image","twitter_creator":"@bellunopress","twitter_site":"@bellunopress","twitter_misc":{"\u00c9crit par":"redazione","Dur\u00e9e de lecture estim\u00e9e":"4 minutes"},"schema":{"@context":"https:\/\/schema.org","@graph":[{"@type":"Article","@id":"https:\/\/www.bellunopress.it\/2026\/05\/14\/san-gregorio-nelle-alpi-e-cesiomaggiore-si-preparano-con-due-serate-al-giro-ditalia\/#article","isPartOf":{"@id":"https:\/\/www.bellunopress.it\/2026\/05\/14\/san-gregorio-nelle-alpi-e-cesiomaggiore-si-preparano-con-due-serate-al-giro-ditalia\/"},"author":{"name":"redazione","@id":"https:\/\/www.bellunopress.it\/#\/schema\/person\/79bb06722b37ece1c03d3e94beb30d73"},"headline":"San Gregorio nelle Alpi e Cesiomaggiore si preparano con due serate al Giro d&#8217;Italia","datePublished":"2026-05-14T13:51:17+00:00","mainEntityOfPage":{"@id":"https:\/\/www.bellunopress.it\/2026\/05\/14\/san-gregorio-nelle-alpi-e-cesiomaggiore-si-preparano-con-due-serate-al-giro-ditalia\/"},"wordCount":616,"publisher":{"@id":"https:\/\/www.bellunopress.it\/#organization"},"image":{"@id":"https:\/\/www.bellunopress.it\/2026\/05\/14\/san-gregorio-nelle-alpi-e-cesiomaggiore-si-preparano-con-due-serate-al-giro-ditalia\/#primaryimage"},"thumbnailUrl":"https:\/\/www.bellunopress.it\/wp-content\/uploads\/2026\/05\/Giro-dItalia-2026.jpg","articleSection":["Pausa Caff\u00e8","Societ\u00e0, Associazioni, Istituzioni","Sport, tempo libero"],"inLanguage":"fr-FR"},{"@type":"WebPage","@id":"https:\/\/www.bellunopress.it\/2026\/05\/14\/san-gregorio-nelle-alpi-e-cesiomaggiore-si-preparano-con-due-serate-al-giro-ditalia\/","url":"https:\/\/www.bellunopress.it\/2026\/05\/14\/san-gregorio-nelle-alpi-e-cesiomaggiore-si-preparano-con-due-serate-al-giro-ditalia\/","name":"San Gregorio nelle Alpi e Cesiomaggiore si preparano con due serate al Giro d'Italia - Bellunopress - Dolomiti","isPartOf":{"@id":"https:\/\/www.bellunopress.it\/#website"},"primaryImageOfPage":{"@id":"https:\/\/www.bellunopress.it\/2026\/05\/14\/san-gregorio-nelle-alpi-e-cesiomaggiore-si-preparano-con-due-serate-al-giro-ditalia\/#primaryimage"},"image":{"@id":"https:\/\/www.bellunopress.it\/2026\/05\/14\/san-gregorio-nelle-alpi-e-cesiomaggiore-si-preparano-con-due-serate-al-giro-ditalia\/#primaryimage"},"thumbnailUrl":"https:\/\/www.bellunopress.it\/wp-content\/uploads\/2026\/05\/Giro-dItalia-2026.jpg","datePublished":"2026-05-14T13:51:17+00:00","breadcrumb":{"@id":"https:\/\/www.bellunopress.it\/2026\/05\/14\/san-gregorio-nelle-alpi-e-cesiomaggiore-si-preparano-con-due-serate-al-giro-ditalia\/#breadcrumb"},"inLanguage":"fr-FR","potentialAction":[{"@type":"ReadAction","target":["https:\/\/www.bellunopress.it\/2026\/05\/14\/san-gregorio-nelle-alpi-e-cesiomaggiore-si-preparano-con-due-serate-al-giro-ditalia\/"]}]},{"@type":"ImageObject","inLanguage":"fr-FR","@id":"https:\/\/www.bellunopress.it\/2026\/05\/14\/san-gregorio-nelle-alpi-e-cesiomaggiore-si-preparano-con-due-serate-al-giro-ditalia\/#primaryimage","url":"https:\/\/www.bellunopress.it\/wp-content\/uploads\/2026\/05\/Giro-dItalia-2026.jpg","contentUrl":"https:\/\/www.bellunopress.it\/wp-content\/uploads\/2026\/05\/Giro-dItalia-2026.jpg","width":533,"height":204},{"@type":"BreadcrumbList","@id":"https:\/\/www.bellunopress.it\/2026\/05\/14\/san-gregorio-nelle-alpi-e-cesiomaggiore-si-preparano-con-due-serate-al-giro-ditalia\/#breadcrumb","itemListElement":[{"@type":"ListItem","position":1,"name":"Home","item":"https:\/\/www.bellunopress.it\/"},{"@type":"ListItem","position":2,"name":"San Gregorio nelle Alpi e Cesiomaggiore si preparano con due serate al Giro d&#8217;Italia"}]},{"@type":"WebSite","@id":"https:\/\/www.bellunopress.it\/#website","url":"https:\/\/www.bellunopress.it\/","name":"Bellunopress - Dolomiti","description":"e-mail: redazione@bellunopress.it","publisher":{"@id":"https:\/\/www.bellunopress.it\/#organization"},"potentialAction":[{"@type":"SearchAction","target":{"@type":"EntryPoint","urlTemplate":"https:\/\/www.bellunopress.it\/?s={search_term_string}"},"query-input":{"@type":"PropertyValueSpecification","valueRequired":true,"valueName":"search_term_string"}}],"inLanguage":"fr-FR"},{"@type":"Organization","@id":"https:\/\/www.bellunopress.it\/#organization","name":"Bellunopress","url":"https:\/\/www.bellunopress.it\/","logo":{"@type":"ImageObject","inLanguage":"fr-FR","@id":"https:\/\/www.bellunopress.it\/#\/schema\/logo\/image\/","url":"https:\/\/www.bellunopress.it\/wp-content\/uploads\/2011\/05\/cropped-logo-bellunopress-.jpg","contentUrl":"https:\/\/www.bellunopress.it\/wp-content\/uploads\/2011\/05\/cropped-logo-bellunopress-.jpg","width":512,"height":512,"caption":"Bellunopress"},"image":{"@id":"https:\/\/www.bellunopress.it\/#\/schema\/logo\/image\/"},"sameAs":["https:\/\/www.facebook.com\/profile.php?id=100008943462799","https:\/\/x.com\/bellunopress","https:\/\/www.linkedin.com\/hp\/?dnr=JBzUWaJfMUw8vbXJJ2tVW5-I3jZKvC4wsoxE&amp;amp;amp;amp;amp;amp;trk=nav_responsive_tab_home","https:\/\/www.youtube.com\/channel\/UCxL0wu1uN0_3_7hGG0306cw"]},{"@type":"Person","@id":"https:\/\/www.bellunopress.it\/#\/schema\/person\/79bb06722b37ece1c03d3e94beb30d73","name":"r\u00e9daction","image":{"@type":"ImageObject","inLanguage":"fr-FR","@id":"https:\/\/secure.gravatar.com\/avatar\/37d968a2e67a6fd04c169c4bdef102d0bc5d31b2546345219e348575eb80e9a0?s=96&d=mm&r=g","url":"https:\/\/secure.gravatar.com\/avatar\/37d968a2e67a6fd04c169c4bdef102d0bc5d31b2546345219e348575eb80e9a0?s=96&d=mm&r=g","contentUrl":"https:\/\/secure.gravatar.com\/avatar\/37d968a2e67a6fd04c169c4bdef102d0bc5d31b2546345219e348575eb80e9a0?s=96&d=mm&r=g","caption":"redazione"},"sameAs":["http:\/\/www.bellunopress.it","https:\/\/x.com\/bellunopress"],"url":"https:\/\/www.bellunopress.it\/fr\/author\/redazione\/"}]}},"_links":{"self":[{"href":"https:\/\/www.bellunopress.it\/fr\/wp-json\/wp\/v2\/posts\/170117","targetHints":{"allow":["GET"]}}],"collection":[{"href":"https:\/\/www.bellunopress.it\/fr\/wp-json\/wp\/v2\/posts"}],"about":[{"href":"https:\/\/www.bellunopress.it\/fr\/wp-json\/wp\/v2\/types\/post"}],"author":[{"embeddable":true,"href":"https:\/\/www.bellunopress.it\/fr\/wp-json\/wp\/v2\/users\/2"}],"replies":[{"embeddable":true,"href":"https:\/\/www.bellunopress.it\/fr\/wp-json\/wp\/v2\/comments?post=170117"}],"version-history":[{"count":1,"href":"https:\/\/www.bellunopress.it\/fr\/wp-json\/wp\/v2\/posts\/170117\/revisions"}],"predecessor-version":[{"id":170118,"href":"https:\/\/www.bellunopress.it\/fr\/wp-json\/wp\/v2\/posts\/170117\/revisions\/170118"}],"wp:featuredmedia":[{"embeddable":true,"href":"https:\/\/www.bellunopress.it\/fr\/wp-json\/wp\/v2\/media\/169807"}],"wp:attachment":[{"href":"https:\/\/www.bellunopress.it\/fr\/wp-json\/wp\/v2\/media?parent=170117"}],"wp:term":[{"taxonomy":"category","embeddable":true,"href":"https:\/\/www.bellunopress.it\/fr\/wp-json\/wp\/v2\/categories?post=170117"},{"taxonomy":"post_tag","embeddable":true,"href":"https:\/\/www.bellunopress.it\/fr\/wp-json\/wp\/v2\/tags?post=170117"}],"curies":[{"name":"wp","href":"https:\/\/api.w.org\/{rel}","templated":true}]}}