{"id":170113,"date":"2026-05-14T13:48:32","date_gmt":"2026-05-14T11:48:32","guid":{"rendered":"https:\/\/www.bellunopress.it\/?p=170113"},"modified":"2026-05-14T13:48:32","modified_gmt":"2026-05-14T11:48:32","slug":"caccia-assessore-bond-coniugata-tradizione-venatoria-sostenibilita-ambientale-e-biodiversita-zanoni-condanna-a-morte-degli-uccelli-migratori","status":"publish","type":"post","link":"https:\/\/www.bellunopress.it\/fr\/2026\/05\/14\/caccia-assessore-bond-coniugata-tradizione-venatoria-sostenibilita-ambientale-e-biodiversita-zanoni-condanna-a-morte-degli-uccelli-migratori\/","title":{"rendered":"Caccia. Assessore Bond: coniugata tradizione venatoria, sostenibilit\u00e0 ambientale e biodiversit\u00e0. Zanoni: condanna a morte degli uccelli migratori"},"content":{"rendered":"<p>Venezia, 14 maggio 2026 &#8211; &#8220;La Regione del Veneto ha lavorato con grande attenzione e responsabilit\u00e0 nella definizione del calendario venatorio 2026-2027 in accordo con Ispra e con il Comitato tecnico faunistico-venatorio nazionale, con l&#8217;obiettivo di perseguire un equilibrio tra l&#8217;esercizio dell&#8217;attivit\u00e0 venatoria e la tutela del patrimonio faunistico del territorio regionale. Il confronto tecnico-scientifico con gli organismi competenti \u00e8 stato costante e ha consentito di costruire un calendario fondato su dati aggiornati, analisi quantitative e monitoraggi puntuali dei prelievi&#8221;.<\/p>\n<p>L&#8217;assessore alla caccia Dario Bond annuncia che la Giunta regionale del Veneto ha approvato oggi il calendario venatorio regionale per la stagione 2026-2027, ai sensi dell&#8217;articolo 16 della L.R. 50\/1993 &#8220;Norme per la protezione della fauna selvatica e per il prelievo venatorio&#8221;, acquisendo i previsti pareri consultivi dell&#8217;Istituto Superiore per la Protezione e la Ricerca Ambientale (Ispra) e del Comitato tecnico faunistico-venatorio nazionale (Ctfvn).<\/p>\n<p>Il provvedimento disciplina le specie ammesse a prelievo, i relativi periodi di caccia, il numero delle giornate settimanali consentite, il carniere massimo giornaliero e stagionale e gli orari di esercizio dell&#8217;attivit\u00e0 venatoria.<\/p>\n<p>L&#8217;approccio adottato dalla Regione, nella redazione del Calendario, rappresenta la prosecuzione delle metodologie sviluppate dall&#8217;Amministrazione che, da diverse stagioni, si propone di ridurre i contenziosi emersi in questi ultimi. Tale obiettivo viene perseguito attraverso la valutazione sempre pi\u00f9 attenta e puntuale dello sforzo di caccia e dell&#8217;incidenza effettiva dei prelievi a carico delle specie oggetto di caccia; il tutto debitamente supportato, a livello tecnico e scientifico all&#8217;interno del provvedimento di approvazione del calendario venatorio.<\/p>\n<p>Tra gli aspetti del calendario conformi al parere Ispra figurano la mancata previsione della preapertura al colombaccio, scelta che consentir\u00e0 di &#8220;guadagnare&#8221; due decadi di caccia e mantenere la chiusura della stagione venatoria al 31 gennaio anzich\u00e9 al 20 gennaio; la chiusura della stagione venatoria del Tordo bottaccio al 10 gennaio; il dimezzamento del carniere dell&#8217;Allodola, fissato in 5 capi giornalieri e 25 stagionali per cacciatore; la chiusura del prelievo venatorio della Beccaccia al 10 gennaio; l&#8217;inserimento delle specie Moriglione, Moretta e Pavoncella rispettando le indicazioni Ispra e i contenuti dei rispettivi Piani di gestione nazionale.<\/p>\n<p>Il calendario prevede inoltre la chiusura della stagione venatoria per gli Acquatici al 31 gennaio 2027 anzich\u00e9 al 20 gennaio, fatta eccezione per Germano reale, Canapiglia e Gallinella d&#8217;acqua, la cui caccia si chiuder\u00e0 il 20 gennaio; la chiusura della stagione venatoria per Cesena e Tordo sassello \u00e8 confermata al 31 gennaio 2027 anzich\u00e9 al 10 gennaio. Viene confermata la possibilit\u00e0 delle giornate integrative di caccia nei mesi di ottobre e novembre per la sola migratoria.<\/p>\n<p>&#8220;Il lavoro svolto dimostra la volont\u00e0 della Regione di coniugare tradizione venatoria, sostenibilit\u00e0 ambientale e tutela della biodiversit\u00e0. Le decisioni assunte sono il risultato di approfondimenti tecnici e scientifici che tengono conto delle peculiarit\u00e0 del territorio veneto e dell&#8217;esigenza di garantire una gestione responsabile della fauna selvatica, nel pieno rispetto delle normative nazionali ed europee&#8221;, conclude Bond.<\/p>\n<p>Il calendario venatorio regionale 2026-2027, per la prima volta, sar\u00e0 pubblicato abbondantemente in anticipo rispetto ai termini previsti dalle norme di settore.<\/p>\n<p><strong>La replica di Andrea Zanoni (Europa Verde): &#8220;L&#8217;assessore Bond firma la condanna a morte per gli uccelli migratori: un piano scritto sotto dettatura degli estremisti&#8221;<\/strong><\/p>\n<p>Roma, 14 maggio 2026 \u2013 &#8220;Il nuovo calendario venatorio presentato dall&#8217;assessore regionale Bond non \u00e8 l&#8217;esito di una mediazione, ma un atto di sottomissione totale ai desiderata delle associazioni venatorie pi\u00f9 oltranziste. Parlare di equilibrio tra prelievo e tutela della biodiversit\u00e0 \u00e8 un insulto alla realt\u00e0: questo documento \u00e8 stato scritto sotto dettatura, come confermato dal trionfalismo di chi, come Berlato, rappresenta la frangia pi\u00f9 estrema del mondo dei cacciatori&#8221;. Lo dichiara in una nota Andrea Zanoni, Coordinatore dell&#8217;Osservatorio Diritti Animali di Europa Verde, commentando duramente le recenti scelte della Giunta regionale del Veneto che seguono la scia nazionale dell&#8217;iniziativa della deputata Bizzotto, volta a rendere cacciabili specie storicamente protette come l&#8217;Oca selvatica, lo Stambecco e il Piccione.<\/p>\n<p>&#8220;Siamo di fronte a un attacco senza precedenti alla fauna selvatica&#8221;, prosegue Zanoni. &#8220;Si autorizza ancora una volta la caccia all&#8217;Allodola, una specie portata sull&#8217;orlo dell&#8217;estinzione da anni di stragi nei capanni di caccia: oggi le nostre campagne sono silenziose, anche nei periodi di massima migrazione, ma per la Regione Veneto il massacro deve continuare. Lo stesso vale per la Moretta, il Moriglione e la Pavoncella: migratori con popolazioni in costante diminuzione a cui questa destra vuole dare il colpo di grazia definitivo, ignorando ogni principio di precauzione scientifica&#8221;.<\/p>\n<p>Zanoni punta poi il dito contro la violazione delle norme comunitarie: &#8220;Consentire gli spari a Cesena, Tordo sassello e anatidi fino al 31 gennaio \u00e8 una sfida aperta alla Direttiva Uccelli, che vieta la caccia durante la delicata fase della migrazione prenuziale. \u00c8 una scelta illegittima, contro le indicazioni ISPRA, che espone l&#8217;Italia a nuove procedure d&#8217;infrazione e che calpesta il diritto alla tutela della natura. Perch\u00e9 questa destra nutre un tale disprezzo verso creature magnifiche? Perch\u00e9 si sceglie di ascoltare esclusivamente una minoranza da percentuali da prefisso telefonico, quella dei cacciatori, ignorando che la stragrande maggioranza dei cittadini veneti \u00e8 contraria a questa pratica? Bond e la maggioranza di centrodestra si confermano nemici dell&#8217;ambiente e dei diritti degli animali, preferendo i voti delle lobby dei fucili alla salute del nostro ecosistema. Mandiamo a casa questa destra prima che nelle campagne e boschi cali il silenzio&#8221;.<\/p>","protected":false},"excerpt":{"rendered":"<p>Venezia, 14 maggio 2026 &#8211; &#8220;La Regione del Veneto ha lavorato con grande attenzione e responsabilit\u00e0 nella definizione del calendario venatorio 2026-2027 in accordo con Ispra e con il Comitato tecnico faunistico-venatorio nazionale, con l&#8217;obiettivo di perseguire un equilibrio tra l&#8217;esercizio dell&#8217;attivit\u00e0 venatoria e la tutela del patrimonio faunistico del territorio regionale. Il confronto tecnico-scientifico [&hellip;]<\/p>\n","protected":false},"author":2,"featured_media":117736,"comment_status":"closed","ping_status":"open","sticky":false,"template":"","format":"standard","meta":{"footnotes":""},"categories":[5,38],"tags":[],"class_list":["post-170113","post","type-post","status-publish","format-standard","has-post-thumbnail","category-cronaca","category-natura-ambiente"],"yoast_head":"<!-- This site is optimized with the Yoast SEO plugin v28.4 - https:\/\/yoast.com\/product\/yoast-seo-wordpress\/ -->\n<title>Caccia. Assessore Bond: coniugata tradizione venatoria, sostenibilit\u00e0 ambientale e biodiversit\u00e0. Zanoni: condanna a morte degli uccelli migratori - Bellunopress - Dolomiti<\/title>\n<meta name=\"robots\" content=\"index, follow, max-snippet:-1, max-image-preview:large, max-video-preview:-1\" \/>\n<link rel=\"canonical\" href=\"https:\/\/www.bellunopress.it\/fr\/2026\/05\/14\/caccia-assessore-bond-coniugata-tradizione-venatoria-sostenibilita-ambientale-e-biodiversita-zanoni-condanna-a-morte-degli-uccelli-migratori\/\" \/>\n<meta property=\"og:locale\" content=\"fr_FR\" \/>\n<meta property=\"og:type\" content=\"article\" \/>\n<meta property=\"og:title\" content=\"Caccia. Assessore Bond: coniugata tradizione venatoria, sostenibilit\u00e0 ambientale e biodiversit\u00e0. Zanoni: condanna a morte degli uccelli migratori - Bellunopress - Dolomiti\" \/>\n<meta property=\"og:description\" content=\"Venezia, 14 maggio 2026 &#8211; &#8220;La Regione del Veneto ha lavorato con grande attenzione e responsabilit\u00e0 nella definizione del calendario venatorio 2026-2027 in accordo con Ispra e con il Comitato tecnico faunistico-venatorio nazionale, con l&#8217;obiettivo di perseguire un equilibrio tra l&#8217;esercizio dell&#8217;attivit\u00e0 venatoria e la tutela del patrimonio faunistico del territorio regionale. Il confronto tecnico-scientifico [&hellip;]\" \/>\n<meta property=\"og:url\" content=\"https:\/\/www.bellunopress.it\/fr\/2026\/05\/14\/caccia-assessore-bond-coniugata-tradizione-venatoria-sostenibilita-ambientale-e-biodiversita-zanoni-condanna-a-morte-degli-uccelli-migratori\/\" \/>\n<meta property=\"og:site_name\" content=\"Bellunopress - Dolomiti\" \/>\n<meta property=\"article:publisher\" content=\"https:\/\/www.facebook.com\/profile.php?id=100008943462799\" \/>\n<meta property=\"article:published_time\" content=\"2026-05-14T11:48:32+00:00\" \/>\n<meta property=\"og:image\" content=\"https:\/\/www.bellunopress.it\/wp-content\/uploads\/2020\/09\/caccia-caabs_edited.jpg\" \/>\n\t<meta property=\"og:image:width\" content=\"800\" \/>\n\t<meta property=\"og:image:height\" content=\"600\" \/>\n\t<meta property=\"og:image:type\" content=\"image\/jpeg\" \/>\n<meta name=\"author\" content=\"redazione\" \/>\n<meta name=\"twitter:card\" content=\"summary_large_image\" \/>\n<meta name=\"twitter:creator\" content=\"@bellunopress\" \/>\n<meta name=\"twitter:site\" content=\"@bellunopress\" \/>\n<meta name=\"twitter:label1\" content=\"Written by\" \/>\n\t<meta name=\"twitter:data1\" content=\"redazione\" \/>\n\t<meta name=\"twitter:label2\" content=\"Est. reading time\" \/>\n\t<meta name=\"twitter:data2\" content=\"5 minutes\" \/>\n<script type=\"application\/ld+json\" class=\"yoast-schema-graph\">{\"@context\":\"https:\\\/\\\/schema.org\",\"@graph\":[{\"@type\":\"Article\",\"@id\":\"https:\\\/\\\/www.bellunopress.it\\\/2026\\\/05\\\/14\\\/caccia-assessore-bond-coniugata-tradizione-venatoria-sostenibilita-ambientale-e-biodiversita-zanoni-condanna-a-morte-degli-uccelli-migratori\\\/#article\",\"isPartOf\":{\"@id\":\"https:\\\/\\\/www.bellunopress.it\\\/2026\\\/05\\\/14\\\/caccia-assessore-bond-coniugata-tradizione-venatoria-sostenibilita-ambientale-e-biodiversita-zanoni-condanna-a-morte-degli-uccelli-migratori\\\/\"},\"author\":{\"name\":\"redazione\",\"@id\":\"https:\\\/\\\/www.bellunopress.it\\\/#\\\/schema\\\/person\\\/79bb06722b37ece1c03d3e94beb30d73\"},\"headline\":\"Caccia. Assessore Bond: coniugata tradizione venatoria, sostenibilit\u00e0 ambientale e biodiversit\u00e0. Zanoni: condanna a morte degli uccelli migratori\",\"datePublished\":\"2026-05-14T11:48:32+00:00\",\"mainEntityOfPage\":{\"@id\":\"https:\\\/\\\/www.bellunopress.it\\\/2026\\\/05\\\/14\\\/caccia-assessore-bond-coniugata-tradizione-venatoria-sostenibilita-ambientale-e-biodiversita-zanoni-condanna-a-morte-degli-uccelli-migratori\\\/\"},\"wordCount\":895,\"publisher\":{\"@id\":\"https:\\\/\\\/www.bellunopress.it\\\/#organization\"},\"image\":{\"@id\":\"https:\\\/\\\/www.bellunopress.it\\\/2026\\\/05\\\/14\\\/caccia-assessore-bond-coniugata-tradizione-venatoria-sostenibilita-ambientale-e-biodiversita-zanoni-condanna-a-morte-degli-uccelli-migratori\\\/#primaryimage\"},\"thumbnailUrl\":\"https:\\\/\\\/www.bellunopress.it\\\/wp-content\\\/uploads\\\/2020\\\/09\\\/caccia-caabs_edited.jpg\",\"articleSection\":[\"Cronaca\\\/Politica\",\"Meteo, natura, ambiente, animali\"],\"inLanguage\":\"fr-FR\"},{\"@type\":\"WebPage\",\"@id\":\"https:\\\/\\\/www.bellunopress.it\\\/2026\\\/05\\\/14\\\/caccia-assessore-bond-coniugata-tradizione-venatoria-sostenibilita-ambientale-e-biodiversita-zanoni-condanna-a-morte-degli-uccelli-migratori\\\/\",\"url\":\"https:\\\/\\\/www.bellunopress.it\\\/2026\\\/05\\\/14\\\/caccia-assessore-bond-coniugata-tradizione-venatoria-sostenibilita-ambientale-e-biodiversita-zanoni-condanna-a-morte-degli-uccelli-migratori\\\/\",\"name\":\"Caccia. Assessore Bond: coniugata tradizione venatoria, sostenibilit\u00e0 ambientale e biodiversit\u00e0. Zanoni: condanna a morte degli uccelli migratori - Bellunopress - Dolomiti\",\"isPartOf\":{\"@id\":\"https:\\\/\\\/www.bellunopress.it\\\/#website\"},\"primaryImageOfPage\":{\"@id\":\"https:\\\/\\\/www.bellunopress.it\\\/2026\\\/05\\\/14\\\/caccia-assessore-bond-coniugata-tradizione-venatoria-sostenibilita-ambientale-e-biodiversita-zanoni-condanna-a-morte-degli-uccelli-migratori\\\/#primaryimage\"},\"image\":{\"@id\":\"https:\\\/\\\/www.bellunopress.it\\\/2026\\\/05\\\/14\\\/caccia-assessore-bond-coniugata-tradizione-venatoria-sostenibilita-ambientale-e-biodiversita-zanoni-condanna-a-morte-degli-uccelli-migratori\\\/#primaryimage\"},\"thumbnailUrl\":\"https:\\\/\\\/www.bellunopress.it\\\/wp-content\\\/uploads\\\/2020\\\/09\\\/caccia-caabs_edited.jpg\",\"datePublished\":\"2026-05-14T11:48:32+00:00\",\"breadcrumb\":{\"@id\":\"https:\\\/\\\/www.bellunopress.it\\\/2026\\\/05\\\/14\\\/caccia-assessore-bond-coniugata-tradizione-venatoria-sostenibilita-ambientale-e-biodiversita-zanoni-condanna-a-morte-degli-uccelli-migratori\\\/#breadcrumb\"},\"inLanguage\":\"fr-FR\",\"potentialAction\":[{\"@type\":\"ReadAction\",\"target\":[\"https:\\\/\\\/www.bellunopress.it\\\/2026\\\/05\\\/14\\\/caccia-assessore-bond-coniugata-tradizione-venatoria-sostenibilita-ambientale-e-biodiversita-zanoni-condanna-a-morte-degli-uccelli-migratori\\\/\"]}]},{\"@type\":\"ImageObject\",\"inLanguage\":\"fr-FR\",\"@id\":\"https:\\\/\\\/www.bellunopress.it\\\/2026\\\/05\\\/14\\\/caccia-assessore-bond-coniugata-tradizione-venatoria-sostenibilita-ambientale-e-biodiversita-zanoni-condanna-a-morte-degli-uccelli-migratori\\\/#primaryimage\",\"url\":\"https:\\\/\\\/www.bellunopress.it\\\/wp-content\\\/uploads\\\/2020\\\/09\\\/caccia-caabs_edited.jpg\",\"contentUrl\":\"https:\\\/\\\/www.bellunopress.it\\\/wp-content\\\/uploads\\\/2020\\\/09\\\/caccia-caabs_edited.jpg\",\"width\":800,\"height\":600},{\"@type\":\"BreadcrumbList\",\"@id\":\"https:\\\/\\\/www.bellunopress.it\\\/2026\\\/05\\\/14\\\/caccia-assessore-bond-coniugata-tradizione-venatoria-sostenibilita-ambientale-e-biodiversita-zanoni-condanna-a-morte-degli-uccelli-migratori\\\/#breadcrumb\",\"itemListElement\":[{\"@type\":\"ListItem\",\"position\":1,\"name\":\"Home\",\"item\":\"https:\\\/\\\/www.bellunopress.it\\\/\"},{\"@type\":\"ListItem\",\"position\":2,\"name\":\"Caccia. Assessore Bond: coniugata tradizione venatoria, sostenibilit\u00e0 ambientale e biodiversit\u00e0. Zanoni: condanna a morte degli uccelli migratori\"}]},{\"@type\":\"WebSite\",\"@id\":\"https:\\\/\\\/www.bellunopress.it\\\/#website\",\"url\":\"https:\\\/\\\/www.bellunopress.it\\\/\",\"name\":\"Bellunopress - Dolomiti\",\"description\":\"e-mail: redazione@bellunopress.it\",\"publisher\":{\"@id\":\"https:\\\/\\\/www.bellunopress.it\\\/#organization\"},\"potentialAction\":[{\"@type\":\"SearchAction\",\"target\":{\"@type\":\"EntryPoint\",\"urlTemplate\":\"https:\\\/\\\/www.bellunopress.it\\\/?s={search_term_string}\"},\"query-input\":{\"@type\":\"PropertyValueSpecification\",\"valueRequired\":true,\"valueName\":\"search_term_string\"}}],\"inLanguage\":\"fr-FR\"},{\"@type\":\"Organization\",\"@id\":\"https:\\\/\\\/www.bellunopress.it\\\/#organization\",\"name\":\"Bellunopress\",\"url\":\"https:\\\/\\\/www.bellunopress.it\\\/\",\"logo\":{\"@type\":\"ImageObject\",\"inLanguage\":\"fr-FR\",\"@id\":\"https:\\\/\\\/www.bellunopress.it\\\/#\\\/schema\\\/logo\\\/image\\\/\",\"url\":\"https:\\\/\\\/www.bellunopress.it\\\/wp-content\\\/uploads\\\/2011\\\/05\\\/cropped-logo-bellunopress-.jpg\",\"contentUrl\":\"https:\\\/\\\/www.bellunopress.it\\\/wp-content\\\/uploads\\\/2011\\\/05\\\/cropped-logo-bellunopress-.jpg\",\"width\":512,\"height\":512,\"caption\":\"Bellunopress\"},\"image\":{\"@id\":\"https:\\\/\\\/www.bellunopress.it\\\/#\\\/schema\\\/logo\\\/image\\\/\"},\"sameAs\":[\"https:\\\/\\\/www.facebook.com\\\/profile.php?id=100008943462799\",\"https:\\\/\\\/x.com\\\/bellunopress\",\"https:\\\/\\\/www.linkedin.com\\\/hp\\\/?dnr=JBzUWaJfMUw8vbXJJ2tVW5-I3jZKvC4wsoxE&amp;amp;amp;amp;amp;amp;trk=nav_responsive_tab_home\",\"https:\\\/\\\/www.youtube.com\\\/channel\\\/UCxL0wu1uN0_3_7hGG0306cw\"]},{\"@type\":\"Person\",\"@id\":\"https:\\\/\\\/www.bellunopress.it\\\/#\\\/schema\\\/person\\\/79bb06722b37ece1c03d3e94beb30d73\",\"name\":\"redazione\",\"image\":{\"@type\":\"ImageObject\",\"inLanguage\":\"fr-FR\",\"@id\":\"https:\\\/\\\/secure.gravatar.com\\\/avatar\\\/37d968a2e67a6fd04c169c4bdef102d0bc5d31b2546345219e348575eb80e9a0?s=96&d=mm&r=g\",\"url\":\"https:\\\/\\\/secure.gravatar.com\\\/avatar\\\/37d968a2e67a6fd04c169c4bdef102d0bc5d31b2546345219e348575eb80e9a0?s=96&d=mm&r=g\",\"contentUrl\":\"https:\\\/\\\/secure.gravatar.com\\\/avatar\\\/37d968a2e67a6fd04c169c4bdef102d0bc5d31b2546345219e348575eb80e9a0?s=96&d=mm&r=g\",\"caption\":\"redazione\"},\"sameAs\":[\"http:\\\/\\\/www.bellunopress.it\",\"https:\\\/\\\/x.com\\\/bellunopress\"],\"url\":\"https:\\\/\\\/www.bellunopress.it\\\/fr\\\/author\\\/redazione\\\/\"}]}<\/script>\n<!-- \/ Yoast SEO plugin. -->","yoast_head_json":{"title":"Caccia. Assessore Bond: coniugata tradizione venatoria, sostenibilit\u00e0 ambientale e biodiversit\u00e0. Zanoni: condanna a morte degli uccelli migratori - Bellunopress - Dolomiti","robots":{"index":"index","follow":"follow","max-snippet":"max-snippet:-1","max-image-preview":"max-image-preview:large","max-video-preview":"max-video-preview:-1"},"canonical":"https:\/\/www.bellunopress.it\/fr\/2026\/05\/14\/caccia-assessore-bond-coniugata-tradizione-venatoria-sostenibilita-ambientale-e-biodiversita-zanoni-condanna-a-morte-degli-uccelli-migratori\/","og_locale":"fr_FR","og_type":"article","og_title":"Caccia. Assessore Bond: coniugata tradizione venatoria, sostenibilit\u00e0 ambientale e biodiversit\u00e0. Zanoni: condanna a morte degli uccelli migratori - Bellunopress - Dolomiti","og_description":"Venezia, 14 maggio 2026 &#8211; &#8220;La Regione del Veneto ha lavorato con grande attenzione e responsabilit\u00e0 nella definizione del calendario venatorio 2026-2027 in accordo con Ispra e con il Comitato tecnico faunistico-venatorio nazionale, con l&#8217;obiettivo di perseguire un equilibrio tra l&#8217;esercizio dell&#8217;attivit\u00e0 venatoria e la tutela del patrimonio faunistico del territorio regionale. Il confronto tecnico-scientifico [&hellip;]","og_url":"https:\/\/www.bellunopress.it\/fr\/2026\/05\/14\/caccia-assessore-bond-coniugata-tradizione-venatoria-sostenibilita-ambientale-e-biodiversita-zanoni-condanna-a-morte-degli-uccelli-migratori\/","og_site_name":"Bellunopress - Dolomiti","article_publisher":"https:\/\/www.facebook.com\/profile.php?id=100008943462799","article_published_time":"2026-05-14T11:48:32+00:00","og_image":[{"width":800,"height":600,"url":"https:\/\/www.bellunopress.it\/wp-content\/uploads\/2020\/09\/caccia-caabs_edited.jpg","type":"image\/jpeg"}],"author":"redazione","twitter_card":"summary_large_image","twitter_creator":"@bellunopress","twitter_site":"@bellunopress","twitter_misc":{"Written by":"redazione","Est. reading time":"5 minutes"},"schema":{"@context":"https:\/\/schema.org","@graph":[{"@type":"Article","@id":"https:\/\/www.bellunopress.it\/2026\/05\/14\/caccia-assessore-bond-coniugata-tradizione-venatoria-sostenibilita-ambientale-e-biodiversita-zanoni-condanna-a-morte-degli-uccelli-migratori\/#article","isPartOf":{"@id":"https:\/\/www.bellunopress.it\/2026\/05\/14\/caccia-assessore-bond-coniugata-tradizione-venatoria-sostenibilita-ambientale-e-biodiversita-zanoni-condanna-a-morte-degli-uccelli-migratori\/"},"author":{"name":"redazione","@id":"https:\/\/www.bellunopress.it\/#\/schema\/person\/79bb06722b37ece1c03d3e94beb30d73"},"headline":"Caccia. Assessore Bond: coniugata tradizione venatoria, sostenibilit\u00e0 ambientale e biodiversit\u00e0. Zanoni: condanna a morte degli uccelli migratori","datePublished":"2026-05-14T11:48:32+00:00","mainEntityOfPage":{"@id":"https:\/\/www.bellunopress.it\/2026\/05\/14\/caccia-assessore-bond-coniugata-tradizione-venatoria-sostenibilita-ambientale-e-biodiversita-zanoni-condanna-a-morte-degli-uccelli-migratori\/"},"wordCount":895,"publisher":{"@id":"https:\/\/www.bellunopress.it\/#organization"},"image":{"@id":"https:\/\/www.bellunopress.it\/2026\/05\/14\/caccia-assessore-bond-coniugata-tradizione-venatoria-sostenibilita-ambientale-e-biodiversita-zanoni-condanna-a-morte-degli-uccelli-migratori\/#primaryimage"},"thumbnailUrl":"https:\/\/www.bellunopress.it\/wp-content\/uploads\/2020\/09\/caccia-caabs_edited.jpg","articleSection":["Cronaca\/Politica","Meteo, natura, ambiente, animali"],"inLanguage":"fr-FR"},{"@type":"WebPage","@id":"https:\/\/www.bellunopress.it\/2026\/05\/14\/caccia-assessore-bond-coniugata-tradizione-venatoria-sostenibilita-ambientale-e-biodiversita-zanoni-condanna-a-morte-degli-uccelli-migratori\/","url":"https:\/\/www.bellunopress.it\/2026\/05\/14\/caccia-assessore-bond-coniugata-tradizione-venatoria-sostenibilita-ambientale-e-biodiversita-zanoni-condanna-a-morte-degli-uccelli-migratori\/","name":"Caccia. Assessore Bond: coniugata tradizione venatoria, sostenibilit\u00e0 ambientale e biodiversit\u00e0. Zanoni: condanna a morte degli uccelli migratori - Bellunopress - Dolomiti","isPartOf":{"@id":"https:\/\/www.bellunopress.it\/#website"},"primaryImageOfPage":{"@id":"https:\/\/www.bellunopress.it\/2026\/05\/14\/caccia-assessore-bond-coniugata-tradizione-venatoria-sostenibilita-ambientale-e-biodiversita-zanoni-condanna-a-morte-degli-uccelli-migratori\/#primaryimage"},"image":{"@id":"https:\/\/www.bellunopress.it\/2026\/05\/14\/caccia-assessore-bond-coniugata-tradizione-venatoria-sostenibilita-ambientale-e-biodiversita-zanoni-condanna-a-morte-degli-uccelli-migratori\/#primaryimage"},"thumbnailUrl":"https:\/\/www.bellunopress.it\/wp-content\/uploads\/2020\/09\/caccia-caabs_edited.jpg","datePublished":"2026-05-14T11:48:32+00:00","breadcrumb":{"@id":"https:\/\/www.bellunopress.it\/2026\/05\/14\/caccia-assessore-bond-coniugata-tradizione-venatoria-sostenibilita-ambientale-e-biodiversita-zanoni-condanna-a-morte-degli-uccelli-migratori\/#breadcrumb"},"inLanguage":"fr-FR","potentialAction":[{"@type":"ReadAction","target":["https:\/\/www.bellunopress.it\/2026\/05\/14\/caccia-assessore-bond-coniugata-tradizione-venatoria-sostenibilita-ambientale-e-biodiversita-zanoni-condanna-a-morte-degli-uccelli-migratori\/"]}]},{"@type":"ImageObject","inLanguage":"fr-FR","@id":"https:\/\/www.bellunopress.it\/2026\/05\/14\/caccia-assessore-bond-coniugata-tradizione-venatoria-sostenibilita-ambientale-e-biodiversita-zanoni-condanna-a-morte-degli-uccelli-migratori\/#primaryimage","url":"https:\/\/www.bellunopress.it\/wp-content\/uploads\/2020\/09\/caccia-caabs_edited.jpg","contentUrl":"https:\/\/www.bellunopress.it\/wp-content\/uploads\/2020\/09\/caccia-caabs_edited.jpg","width":800,"height":600},{"@type":"BreadcrumbList","@id":"https:\/\/www.bellunopress.it\/2026\/05\/14\/caccia-assessore-bond-coniugata-tradizione-venatoria-sostenibilita-ambientale-e-biodiversita-zanoni-condanna-a-morte-degli-uccelli-migratori\/#breadcrumb","itemListElement":[{"@type":"ListItem","position":1,"name":"Home","item":"https:\/\/www.bellunopress.it\/"},{"@type":"ListItem","position":2,"name":"Caccia. Assessore Bond: coniugata tradizione venatoria, sostenibilit\u00e0 ambientale e biodiversit\u00e0. Zanoni: condanna a morte degli uccelli migratori"}]},{"@type":"WebSite","@id":"https:\/\/www.bellunopress.it\/#website","url":"https:\/\/www.bellunopress.it\/","name":"Bellunopress - Dolomiti","description":"e-mail: redazione@bellunopress.it","publisher":{"@id":"https:\/\/www.bellunopress.it\/#organization"},"potentialAction":[{"@type":"SearchAction","target":{"@type":"EntryPoint","urlTemplate":"https:\/\/www.bellunopress.it\/?s={search_term_string}"},"query-input":{"@type":"PropertyValueSpecification","valueRequired":true,"valueName":"search_term_string"}}],"inLanguage":"fr-FR"},{"@type":"Organization","@id":"https:\/\/www.bellunopress.it\/#organization","name":"Bellunopress","url":"https:\/\/www.bellunopress.it\/","logo":{"@type":"ImageObject","inLanguage":"fr-FR","@id":"https:\/\/www.bellunopress.it\/#\/schema\/logo\/image\/","url":"https:\/\/www.bellunopress.it\/wp-content\/uploads\/2011\/05\/cropped-logo-bellunopress-.jpg","contentUrl":"https:\/\/www.bellunopress.it\/wp-content\/uploads\/2011\/05\/cropped-logo-bellunopress-.jpg","width":512,"height":512,"caption":"Bellunopress"},"image":{"@id":"https:\/\/www.bellunopress.it\/#\/schema\/logo\/image\/"},"sameAs":["https:\/\/www.facebook.com\/profile.php?id=100008943462799","https:\/\/x.com\/bellunopress","https:\/\/www.linkedin.com\/hp\/?dnr=JBzUWaJfMUw8vbXJJ2tVW5-I3jZKvC4wsoxE&amp;amp;amp;amp;amp;amp;trk=nav_responsive_tab_home","https:\/\/www.youtube.com\/channel\/UCxL0wu1uN0_3_7hGG0306cw"]},{"@type":"Person","@id":"https:\/\/www.bellunopress.it\/#\/schema\/person\/79bb06722b37ece1c03d3e94beb30d73","name":"r\u00e9daction","image":{"@type":"ImageObject","inLanguage":"fr-FR","@id":"https:\/\/secure.gravatar.com\/avatar\/37d968a2e67a6fd04c169c4bdef102d0bc5d31b2546345219e348575eb80e9a0?s=96&d=mm&r=g","url":"https:\/\/secure.gravatar.com\/avatar\/37d968a2e67a6fd04c169c4bdef102d0bc5d31b2546345219e348575eb80e9a0?s=96&d=mm&r=g","contentUrl":"https:\/\/secure.gravatar.com\/avatar\/37d968a2e67a6fd04c169c4bdef102d0bc5d31b2546345219e348575eb80e9a0?s=96&d=mm&r=g","caption":"redazione"},"sameAs":["http:\/\/www.bellunopress.it","https:\/\/x.com\/bellunopress"],"url":"https:\/\/www.bellunopress.it\/fr\/author\/redazione\/"}]}},"_links":{"self":[{"href":"https:\/\/www.bellunopress.it\/fr\/wp-json\/wp\/v2\/posts\/170113","targetHints":{"allow":["GET"]}}],"collection":[{"href":"https:\/\/www.bellunopress.it\/fr\/wp-json\/wp\/v2\/posts"}],"about":[{"href":"https:\/\/www.bellunopress.it\/fr\/wp-json\/wp\/v2\/types\/post"}],"author":[{"embeddable":true,"href":"https:\/\/www.bellunopress.it\/fr\/wp-json\/wp\/v2\/users\/2"}],"replies":[{"embeddable":true,"href":"https:\/\/www.bellunopress.it\/fr\/wp-json\/wp\/v2\/comments?post=170113"}],"version-history":[{"count":1,"href":"https:\/\/www.bellunopress.it\/fr\/wp-json\/wp\/v2\/posts\/170113\/revisions"}],"predecessor-version":[{"id":170114,"href":"https:\/\/www.bellunopress.it\/fr\/wp-json\/wp\/v2\/posts\/170113\/revisions\/170114"}],"wp:featuredmedia":[{"embeddable":true,"href":"https:\/\/www.bellunopress.it\/fr\/wp-json\/wp\/v2\/media\/117736"}],"wp:attachment":[{"href":"https:\/\/www.bellunopress.it\/fr\/wp-json\/wp\/v2\/media?parent=170113"}],"wp:term":[{"taxonomy":"category","embeddable":true,"href":"https:\/\/www.bellunopress.it\/fr\/wp-json\/wp\/v2\/categories?post=170113"},{"taxonomy":"post_tag","embeddable":true,"href":"https:\/\/www.bellunopress.it\/fr\/wp-json\/wp\/v2\/tags?post=170113"}],"curies":[{"name":"wp","href":"https:\/\/api.w.org\/{rel}","templated":true}]}}