{"id":170110,"date":"2026-05-14T11:29:03","date_gmt":"2026-05-14T09:29:03","guid":{"rendered":"https:\/\/www.bellunopress.it\/?p=170110"},"modified":"2026-05-14T11:29:03","modified_gmt":"2026-05-14T09:29:03","slug":"setteville-rissa-fuori-dalla-pizzeria-denunciati-sette-giovani","status":"publish","type":"post","link":"https:\/\/www.bellunopress.it\/fr\/2026\/05\/14\/setteville-rissa-fuori-dalla-pizzeria-denunciati-sette-giovani\/","title":{"rendered":"Setteville: rissa fuori dalla pizzeria, denunciati sette giovani"},"content":{"rendered":"<p data-path-to-node=\"3\"><b data-path-to-node=\"3\" data-index-in-node=\"0\">Setteville, 14\/05\/2026<\/b> \u2013 Una lite scoppiata per motivi banali, degenerata in pochi istanti in un corpo a corpo selvaggio tra le grida dei presenti. \u00c8 questo lo scenario su cui hanno fatto luce i carabinieri della Stazione di Setteville, che a conclusione di un\u2019indagine lampo hanno identificato e denunciato sette ragazzi per la violenta rissa avvenuta lo scorso weekend.<\/p>\n<p data-path-to-node=\"5\">Tutto \u00e8 accaduto intorno alle 03:00 di notte del 3 maggio. Il piazzale antistante di una nota pizzeria del paese si \u00e8 trasformato in un\u2019arena. Secondo le ricostruzioni, la tensione tra due piccoli gruppi \u00e8 salita rapidamente fino a superare il punto di non ritorno: calci, pugni e spintoni che hanno coinvolto sette persone.<\/p>\n<p data-path-to-node=\"6\">Il bilancio finale parla di due feriti, costretti a ricorrere alle cure del pronto soccorso dell&#8217;ospedale di Feltre per lesioni riportate durante la colluttazione.<\/p>\n<p data-path-to-node=\"8\">Grazie alla profonda conoscenza del territorio e a una meticolosa attivit\u00e0 di analisi \u2014 che ha incrociato testimonianze e rilievi \u2014 i militari dell&#8217;Arma sono riusciti in pochi giorni a &#8220;chiudere il cerchio&#8221; attorno ai responsabili.<\/p>\n<p data-path-to-node=\"9\">I sette giovani deferiti in stato di libert\u00e0 alla Procura della Repubblica sono:<\/p>\n<ul data-path-to-node=\"10\">\n<li>\n<p data-path-to-node=\"10,0,0\">Cinque ragazzi di etnia nordafricana;<\/p>\n<\/li>\n<li>\n<p data-path-to-node=\"10,1,0\">Un cittadino italiano;<\/p>\n<\/li>\n<li>\n<p data-path-to-node=\"10,2,0\">Un giovane di origini sudamericane.<\/p>\n<\/li>\n<\/ul>\n<h6 style=\"text-align: left;\" data-path-to-node=\"12\">L&#8217;operazione si inserisce nella pi\u00f9 ampia strategia di contrasto alla criminalit\u00e0 diffusa promossa dal Comando Provinciale di Belluno, volta a presidiare con particolare attenzione i luoghi della &#8220;movida&#8221; e i centri di aggregazione giovanile.<\/h6>\n<blockquote data-path-to-node=\"13\">\n<h6 style=\"text-align: left;\" data-path-to-node=\"13,0\">&#8220;L&#8217;episodio testimonia il costante impegno nel non lasciare impunito alcun atto che possa minare la sicurezza della cittadinanza,&#8221; si legge nella nota dell&#8217;Arma.<\/h6>\n<\/blockquote>\n<p data-path-to-node=\"14\">Al momento, il procedimento penale resta aperto: per i sette indagati vige il principio di presunzione di innocenza fino a un&#8217;eventuale condanna definitiva. Resta per\u00f2 il segnale forte inviato dalle forze dell&#8217;ordine per garantire la tranquillit\u00e0 pubblica nelle notti bellunesi.<\/p>","protected":false},"excerpt":{"rendered":"<p>Setteville, 14\/05\/2026 \u2013 Una lite scoppiata per motivi banali, degenerata in pochi istanti in un corpo a corpo selvaggio tra le grida dei presenti. \u00c8 questo lo scenario su cui hanno fatto luce i carabinieri della Stazione di Setteville, che a conclusione di un\u2019indagine lampo hanno identificato e denunciato sette ragazzi per la violenta rissa [&hellip;]<\/p>\n","protected":false},"author":2,"featured_media":170111,"comment_status":"closed","ping_status":"open","sticky":false,"template":"","format":"standard","meta":{"footnotes":""},"categories":[5,26],"tags":[],"class_list":["post-170110","post","type-post","status-publish","format-standard","has-post-thumbnail","category-cronaca","category-prima-pagina"],"yoast_head":"<!-- This site is optimized with the Yoast SEO plugin v28.4 - https:\/\/yoast.com\/product\/yoast-seo-wordpress\/ -->\n<title>Setteville: rissa fuori dalla pizzeria, denunciati sette giovani - Bellunopress - Dolomiti<\/title>\n<meta name=\"robots\" content=\"index, follow, max-snippet:-1, max-image-preview:large, max-video-preview:-1\" \/>\n<link rel=\"canonical\" href=\"https:\/\/www.bellunopress.it\/fr\/2026\/05\/14\/setteville-rissa-fuori-dalla-pizzeria-denunciati-sette-giovani\/\" \/>\n<meta property=\"og:locale\" content=\"fr_FR\" \/>\n<meta property=\"og:type\" content=\"article\" \/>\n<meta property=\"og:title\" content=\"Setteville: rissa fuori dalla pizzeria, denunciati sette giovani - Bellunopress - Dolomiti\" \/>\n<meta property=\"og:description\" content=\"Setteville, 14\/05\/2026 \u2013 Una lite scoppiata per motivi banali, degenerata in pochi istanti in un corpo a corpo selvaggio tra le grida dei presenti. \u00c8 questo lo scenario su cui hanno fatto luce i carabinieri della Stazione di Setteville, che a conclusione di un\u2019indagine lampo hanno identificato e denunciato sette ragazzi per la violenta rissa [&hellip;]\" \/>\n<meta property=\"og:url\" content=\"https:\/\/www.bellunopress.it\/fr\/2026\/05\/14\/setteville-rissa-fuori-dalla-pizzeria-denunciati-sette-giovani\/\" \/>\n<meta property=\"og:site_name\" content=\"Bellunopress - Dolomiti\" \/>\n<meta property=\"article:publisher\" content=\"https:\/\/www.facebook.com\/profile.php?id=100008943462799\" \/>\n<meta property=\"article:published_time\" content=\"2026-05-14T09:29:03+00:00\" \/>\n<meta property=\"og:image\" content=\"https:\/\/www.bellunopress.it\/wp-content\/uploads\/2026\/05\/carabinieri-notte.jpg\" \/>\n\t<meta property=\"og:image:width\" content=\"500\" \/>\n\t<meta property=\"og:image:height\" content=\"383\" \/>\n\t<meta property=\"og:image:type\" content=\"image\/jpeg\" \/>\n<meta name=\"author\" content=\"redazione\" \/>\n<meta name=\"twitter:card\" content=\"summary_large_image\" \/>\n<meta name=\"twitter:creator\" content=\"@bellunopress\" \/>\n<meta name=\"twitter:site\" content=\"@bellunopress\" \/>\n<meta name=\"twitter:label1\" content=\"\u00c9crit par\" \/>\n\t<meta name=\"twitter:data1\" content=\"redazione\" \/>\n\t<meta name=\"twitter:label2\" content=\"Dur\u00e9e de lecture estim\u00e9e\" \/>\n\t<meta name=\"twitter:data2\" content=\"2 minutes\" \/>\n<script type=\"application\/ld+json\" class=\"yoast-schema-graph\">{\"@context\":\"https:\\\/\\\/schema.org\",\"@graph\":[{\"@type\":\"Article\",\"@id\":\"https:\\\/\\\/www.bellunopress.it\\\/2026\\\/05\\\/14\\\/setteville-rissa-fuori-dalla-pizzeria-denunciati-sette-giovani\\\/#article\",\"isPartOf\":{\"@id\":\"https:\\\/\\\/www.bellunopress.it\\\/2026\\\/05\\\/14\\\/setteville-rissa-fuori-dalla-pizzeria-denunciati-sette-giovani\\\/\"},\"author\":{\"name\":\"redazione\",\"@id\":\"https:\\\/\\\/www.bellunopress.it\\\/#\\\/schema\\\/person\\\/79bb06722b37ece1c03d3e94beb30d73\"},\"headline\":\"Setteville: rissa fuori dalla pizzeria, denunciati sette giovani\",\"datePublished\":\"2026-05-14T09:29:03+00:00\",\"mainEntityOfPage\":{\"@id\":\"https:\\\/\\\/www.bellunopress.it\\\/2026\\\/05\\\/14\\\/setteville-rissa-fuori-dalla-pizzeria-denunciati-sette-giovani\\\/\"},\"wordCount\":303,\"publisher\":{\"@id\":\"https:\\\/\\\/www.bellunopress.it\\\/#organization\"},\"image\":{\"@id\":\"https:\\\/\\\/www.bellunopress.it\\\/2026\\\/05\\\/14\\\/setteville-rissa-fuori-dalla-pizzeria-denunciati-sette-giovani\\\/#primaryimage\"},\"thumbnailUrl\":\"https:\\\/\\\/www.bellunopress.it\\\/wp-content\\\/uploads\\\/2026\\\/05\\\/carabinieri-notte.jpg\",\"articleSection\":[\"Cronaca\\\/Politica\",\"Prima Pagina\"],\"inLanguage\":\"fr-FR\"},{\"@type\":\"WebPage\",\"@id\":\"https:\\\/\\\/www.bellunopress.it\\\/2026\\\/05\\\/14\\\/setteville-rissa-fuori-dalla-pizzeria-denunciati-sette-giovani\\\/\",\"url\":\"https:\\\/\\\/www.bellunopress.it\\\/2026\\\/05\\\/14\\\/setteville-rissa-fuori-dalla-pizzeria-denunciati-sette-giovani\\\/\",\"name\":\"Setteville: rissa fuori dalla pizzeria, denunciati sette giovani - Bellunopress - Dolomiti\",\"isPartOf\":{\"@id\":\"https:\\\/\\\/www.bellunopress.it\\\/#website\"},\"primaryImageOfPage\":{\"@id\":\"https:\\\/\\\/www.bellunopress.it\\\/2026\\\/05\\\/14\\\/setteville-rissa-fuori-dalla-pizzeria-denunciati-sette-giovani\\\/#primaryimage\"},\"image\":{\"@id\":\"https:\\\/\\\/www.bellunopress.it\\\/2026\\\/05\\\/14\\\/setteville-rissa-fuori-dalla-pizzeria-denunciati-sette-giovani\\\/#primaryimage\"},\"thumbnailUrl\":\"https:\\\/\\\/www.bellunopress.it\\\/wp-content\\\/uploads\\\/2026\\\/05\\\/carabinieri-notte.jpg\",\"datePublished\":\"2026-05-14T09:29:03+00:00\",\"breadcrumb\":{\"@id\":\"https:\\\/\\\/www.bellunopress.it\\\/2026\\\/05\\\/14\\\/setteville-rissa-fuori-dalla-pizzeria-denunciati-sette-giovani\\\/#breadcrumb\"},\"inLanguage\":\"fr-FR\",\"potentialAction\":[{\"@type\":\"ReadAction\",\"target\":[\"https:\\\/\\\/www.bellunopress.it\\\/2026\\\/05\\\/14\\\/setteville-rissa-fuori-dalla-pizzeria-denunciati-sette-giovani\\\/\"]}]},{\"@type\":\"ImageObject\",\"inLanguage\":\"fr-FR\",\"@id\":\"https:\\\/\\\/www.bellunopress.it\\\/2026\\\/05\\\/14\\\/setteville-rissa-fuori-dalla-pizzeria-denunciati-sette-giovani\\\/#primaryimage\",\"url\":\"https:\\\/\\\/www.bellunopress.it\\\/wp-content\\\/uploads\\\/2026\\\/05\\\/carabinieri-notte.jpg\",\"contentUrl\":\"https:\\\/\\\/www.bellunopress.it\\\/wp-content\\\/uploads\\\/2026\\\/05\\\/carabinieri-notte.jpg\",\"width\":500,\"height\":383},{\"@type\":\"BreadcrumbList\",\"@id\":\"https:\\\/\\\/www.bellunopress.it\\\/2026\\\/05\\\/14\\\/setteville-rissa-fuori-dalla-pizzeria-denunciati-sette-giovani\\\/#breadcrumb\",\"itemListElement\":[{\"@type\":\"ListItem\",\"position\":1,\"name\":\"Home\",\"item\":\"https:\\\/\\\/www.bellunopress.it\\\/\"},{\"@type\":\"ListItem\",\"position\":2,\"name\":\"Setteville: rissa fuori dalla pizzeria, denunciati sette giovani\"}]},{\"@type\":\"WebSite\",\"@id\":\"https:\\\/\\\/www.bellunopress.it\\\/#website\",\"url\":\"https:\\\/\\\/www.bellunopress.it\\\/\",\"name\":\"Bellunopress - Dolomiti\",\"description\":\"e-mail: redazione@bellunopress.it\",\"publisher\":{\"@id\":\"https:\\\/\\\/www.bellunopress.it\\\/#organization\"},\"potentialAction\":[{\"@type\":\"SearchAction\",\"target\":{\"@type\":\"EntryPoint\",\"urlTemplate\":\"https:\\\/\\\/www.bellunopress.it\\\/?s={search_term_string}\"},\"query-input\":{\"@type\":\"PropertyValueSpecification\",\"valueRequired\":true,\"valueName\":\"search_term_string\"}}],\"inLanguage\":\"fr-FR\"},{\"@type\":\"Organization\",\"@id\":\"https:\\\/\\\/www.bellunopress.it\\\/#organization\",\"name\":\"Bellunopress\",\"url\":\"https:\\\/\\\/www.bellunopress.it\\\/\",\"logo\":{\"@type\":\"ImageObject\",\"inLanguage\":\"fr-FR\",\"@id\":\"https:\\\/\\\/www.bellunopress.it\\\/#\\\/schema\\\/logo\\\/image\\\/\",\"url\":\"https:\\\/\\\/www.bellunopress.it\\\/wp-content\\\/uploads\\\/2011\\\/05\\\/cropped-logo-bellunopress-.jpg\",\"contentUrl\":\"https:\\\/\\\/www.bellunopress.it\\\/wp-content\\\/uploads\\\/2011\\\/05\\\/cropped-logo-bellunopress-.jpg\",\"width\":512,\"height\":512,\"caption\":\"Bellunopress\"},\"image\":{\"@id\":\"https:\\\/\\\/www.bellunopress.it\\\/#\\\/schema\\\/logo\\\/image\\\/\"},\"sameAs\":[\"https:\\\/\\\/www.facebook.com\\\/profile.php?id=100008943462799\",\"https:\\\/\\\/x.com\\\/bellunopress\",\"https:\\\/\\\/www.linkedin.com\\\/hp\\\/?dnr=JBzUWaJfMUw8vbXJJ2tVW5-I3jZKvC4wsoxE&amp;amp;amp;amp;amp;amp;trk=nav_responsive_tab_home\",\"https:\\\/\\\/www.youtube.com\\\/channel\\\/UCxL0wu1uN0_3_7hGG0306cw\"]},{\"@type\":\"Person\",\"@id\":\"https:\\\/\\\/www.bellunopress.it\\\/#\\\/schema\\\/person\\\/79bb06722b37ece1c03d3e94beb30d73\",\"name\":\"redazione\",\"image\":{\"@type\":\"ImageObject\",\"inLanguage\":\"fr-FR\",\"@id\":\"https:\\\/\\\/secure.gravatar.com\\\/avatar\\\/37d968a2e67a6fd04c169c4bdef102d0bc5d31b2546345219e348575eb80e9a0?s=96&d=mm&r=g\",\"url\":\"https:\\\/\\\/secure.gravatar.com\\\/avatar\\\/37d968a2e67a6fd04c169c4bdef102d0bc5d31b2546345219e348575eb80e9a0?s=96&d=mm&r=g\",\"contentUrl\":\"https:\\\/\\\/secure.gravatar.com\\\/avatar\\\/37d968a2e67a6fd04c169c4bdef102d0bc5d31b2546345219e348575eb80e9a0?s=96&d=mm&r=g\",\"caption\":\"redazione\"},\"sameAs\":[\"http:\\\/\\\/www.bellunopress.it\",\"https:\\\/\\\/x.com\\\/bellunopress\"],\"url\":\"https:\\\/\\\/www.bellunopress.it\\\/fr\\\/author\\\/redazione\\\/\"}]}<\/script>\n<!-- \/ Yoast SEO plugin. -->","yoast_head_json":{"title":"Setteville: rissa fuori dalla pizzeria, denunciati sette giovani - Bellunopress - Dolomiti","robots":{"index":"index","follow":"follow","max-snippet":"max-snippet:-1","max-image-preview":"max-image-preview:large","max-video-preview":"max-video-preview:-1"},"canonical":"https:\/\/www.bellunopress.it\/fr\/2026\/05\/14\/setteville-rissa-fuori-dalla-pizzeria-denunciati-sette-giovani\/","og_locale":"fr_FR","og_type":"article","og_title":"Setteville: rissa fuori dalla pizzeria, denunciati sette giovani - Bellunopress - Dolomiti","og_description":"Setteville, 14\/05\/2026 \u2013 Una lite scoppiata per motivi banali, degenerata in pochi istanti in un corpo a corpo selvaggio tra le grida dei presenti. \u00c8 questo lo scenario su cui hanno fatto luce i carabinieri della Stazione di Setteville, che a conclusione di un\u2019indagine lampo hanno identificato e denunciato sette ragazzi per la violenta rissa [&hellip;]","og_url":"https:\/\/www.bellunopress.it\/fr\/2026\/05\/14\/setteville-rissa-fuori-dalla-pizzeria-denunciati-sette-giovani\/","og_site_name":"Bellunopress - Dolomiti","article_publisher":"https:\/\/www.facebook.com\/profile.php?id=100008943462799","article_published_time":"2026-05-14T09:29:03+00:00","og_image":[{"width":500,"height":383,"url":"https:\/\/www.bellunopress.it\/wp-content\/uploads\/2026\/05\/carabinieri-notte.jpg","type":"image\/jpeg"}],"author":"redazione","twitter_card":"summary_large_image","twitter_creator":"@bellunopress","twitter_site":"@bellunopress","twitter_misc":{"\u00c9crit par":"redazione","Dur\u00e9e de lecture estim\u00e9e":"2 minutes"},"schema":{"@context":"https:\/\/schema.org","@graph":[{"@type":"Article","@id":"https:\/\/www.bellunopress.it\/2026\/05\/14\/setteville-rissa-fuori-dalla-pizzeria-denunciati-sette-giovani\/#article","isPartOf":{"@id":"https:\/\/www.bellunopress.it\/2026\/05\/14\/setteville-rissa-fuori-dalla-pizzeria-denunciati-sette-giovani\/"},"author":{"name":"redazione","@id":"https:\/\/www.bellunopress.it\/#\/schema\/person\/79bb06722b37ece1c03d3e94beb30d73"},"headline":"Setteville: rissa fuori dalla pizzeria, denunciati sette giovani","datePublished":"2026-05-14T09:29:03+00:00","mainEntityOfPage":{"@id":"https:\/\/www.bellunopress.it\/2026\/05\/14\/setteville-rissa-fuori-dalla-pizzeria-denunciati-sette-giovani\/"},"wordCount":303,"publisher":{"@id":"https:\/\/www.bellunopress.it\/#organization"},"image":{"@id":"https:\/\/www.bellunopress.it\/2026\/05\/14\/setteville-rissa-fuori-dalla-pizzeria-denunciati-sette-giovani\/#primaryimage"},"thumbnailUrl":"https:\/\/www.bellunopress.it\/wp-content\/uploads\/2026\/05\/carabinieri-notte.jpg","articleSection":["Cronaca\/Politica","Prima Pagina"],"inLanguage":"fr-FR"},{"@type":"WebPage","@id":"https:\/\/www.bellunopress.it\/2026\/05\/14\/setteville-rissa-fuori-dalla-pizzeria-denunciati-sette-giovani\/","url":"https:\/\/www.bellunopress.it\/2026\/05\/14\/setteville-rissa-fuori-dalla-pizzeria-denunciati-sette-giovani\/","name":"Setteville: rissa fuori dalla pizzeria, denunciati sette giovani - Bellunopress - Dolomiti","isPartOf":{"@id":"https:\/\/www.bellunopress.it\/#website"},"primaryImageOfPage":{"@id":"https:\/\/www.bellunopress.it\/2026\/05\/14\/setteville-rissa-fuori-dalla-pizzeria-denunciati-sette-giovani\/#primaryimage"},"image":{"@id":"https:\/\/www.bellunopress.it\/2026\/05\/14\/setteville-rissa-fuori-dalla-pizzeria-denunciati-sette-giovani\/#primaryimage"},"thumbnailUrl":"https:\/\/www.bellunopress.it\/wp-content\/uploads\/2026\/05\/carabinieri-notte.jpg","datePublished":"2026-05-14T09:29:03+00:00","breadcrumb":{"@id":"https:\/\/www.bellunopress.it\/2026\/05\/14\/setteville-rissa-fuori-dalla-pizzeria-denunciati-sette-giovani\/#breadcrumb"},"inLanguage":"fr-FR","potentialAction":[{"@type":"ReadAction","target":["https:\/\/www.bellunopress.it\/2026\/05\/14\/setteville-rissa-fuori-dalla-pizzeria-denunciati-sette-giovani\/"]}]},{"@type":"ImageObject","inLanguage":"fr-FR","@id":"https:\/\/www.bellunopress.it\/2026\/05\/14\/setteville-rissa-fuori-dalla-pizzeria-denunciati-sette-giovani\/#primaryimage","url":"https:\/\/www.bellunopress.it\/wp-content\/uploads\/2026\/05\/carabinieri-notte.jpg","contentUrl":"https:\/\/www.bellunopress.it\/wp-content\/uploads\/2026\/05\/carabinieri-notte.jpg","width":500,"height":383},{"@type":"BreadcrumbList","@id":"https:\/\/www.bellunopress.it\/2026\/05\/14\/setteville-rissa-fuori-dalla-pizzeria-denunciati-sette-giovani\/#breadcrumb","itemListElement":[{"@type":"ListItem","position":1,"name":"Home","item":"https:\/\/www.bellunopress.it\/"},{"@type":"ListItem","position":2,"name":"Setteville: rissa fuori dalla pizzeria, denunciati sette giovani"}]},{"@type":"WebSite","@id":"https:\/\/www.bellunopress.it\/#website","url":"https:\/\/www.bellunopress.it\/","name":"Bellunopress - Dolomiti","description":"e-mail: redazione@bellunopress.it","publisher":{"@id":"https:\/\/www.bellunopress.it\/#organization"},"potentialAction":[{"@type":"SearchAction","target":{"@type":"EntryPoint","urlTemplate":"https:\/\/www.bellunopress.it\/?s={search_term_string}"},"query-input":{"@type":"PropertyValueSpecification","valueRequired":true,"valueName":"search_term_string"}}],"inLanguage":"fr-FR"},{"@type":"Organization","@id":"https:\/\/www.bellunopress.it\/#organization","name":"Bellunopress","url":"https:\/\/www.bellunopress.it\/","logo":{"@type":"ImageObject","inLanguage":"fr-FR","@id":"https:\/\/www.bellunopress.it\/#\/schema\/logo\/image\/","url":"https:\/\/www.bellunopress.it\/wp-content\/uploads\/2011\/05\/cropped-logo-bellunopress-.jpg","contentUrl":"https:\/\/www.bellunopress.it\/wp-content\/uploads\/2011\/05\/cropped-logo-bellunopress-.jpg","width":512,"height":512,"caption":"Bellunopress"},"image":{"@id":"https:\/\/www.bellunopress.it\/#\/schema\/logo\/image\/"},"sameAs":["https:\/\/www.facebook.com\/profile.php?id=100008943462799","https:\/\/x.com\/bellunopress","https:\/\/www.linkedin.com\/hp\/?dnr=JBzUWaJfMUw8vbXJJ2tVW5-I3jZKvC4wsoxE&amp;amp;amp;amp;amp;amp;trk=nav_responsive_tab_home","https:\/\/www.youtube.com\/channel\/UCxL0wu1uN0_3_7hGG0306cw"]},{"@type":"Person","@id":"https:\/\/www.bellunopress.it\/#\/schema\/person\/79bb06722b37ece1c03d3e94beb30d73","name":"r\u00e9daction","image":{"@type":"ImageObject","inLanguage":"fr-FR","@id":"https:\/\/secure.gravatar.com\/avatar\/37d968a2e67a6fd04c169c4bdef102d0bc5d31b2546345219e348575eb80e9a0?s=96&d=mm&r=g","url":"https:\/\/secure.gravatar.com\/avatar\/37d968a2e67a6fd04c169c4bdef102d0bc5d31b2546345219e348575eb80e9a0?s=96&d=mm&r=g","contentUrl":"https:\/\/secure.gravatar.com\/avatar\/37d968a2e67a6fd04c169c4bdef102d0bc5d31b2546345219e348575eb80e9a0?s=96&d=mm&r=g","caption":"redazione"},"sameAs":["http:\/\/www.bellunopress.it","https:\/\/x.com\/bellunopress"],"url":"https:\/\/www.bellunopress.it\/fr\/author\/redazione\/"}]}},"_links":{"self":[{"href":"https:\/\/www.bellunopress.it\/fr\/wp-json\/wp\/v2\/posts\/170110","targetHints":{"allow":["GET"]}}],"collection":[{"href":"https:\/\/www.bellunopress.it\/fr\/wp-json\/wp\/v2\/posts"}],"about":[{"href":"https:\/\/www.bellunopress.it\/fr\/wp-json\/wp\/v2\/types\/post"}],"author":[{"embeddable":true,"href":"https:\/\/www.bellunopress.it\/fr\/wp-json\/wp\/v2\/users\/2"}],"replies":[{"embeddable":true,"href":"https:\/\/www.bellunopress.it\/fr\/wp-json\/wp\/v2\/comments?post=170110"}],"version-history":[{"count":1,"href":"https:\/\/www.bellunopress.it\/fr\/wp-json\/wp\/v2\/posts\/170110\/revisions"}],"predecessor-version":[{"id":170112,"href":"https:\/\/www.bellunopress.it\/fr\/wp-json\/wp\/v2\/posts\/170110\/revisions\/170112"}],"wp:featuredmedia":[{"embeddable":true,"href":"https:\/\/www.bellunopress.it\/fr\/wp-json\/wp\/v2\/media\/170111"}],"wp:attachment":[{"href":"https:\/\/www.bellunopress.it\/fr\/wp-json\/wp\/v2\/media?parent=170110"}],"wp:term":[{"taxonomy":"category","embeddable":true,"href":"https:\/\/www.bellunopress.it\/fr\/wp-json\/wp\/v2\/categories?post=170110"},{"taxonomy":"post_tag","embeddable":true,"href":"https:\/\/www.bellunopress.it\/fr\/wp-json\/wp\/v2\/tags?post=170110"}],"curies":[{"name":"wp","href":"https:\/\/api.w.org\/{rel}","templated":true}]}}