{"id":170105,"date":"2026-05-14T08:28:29","date_gmt":"2026-05-14T06:28:29","guid":{"rendered":"https:\/\/www.bellunopress.it\/?p=170105"},"modified":"2026-05-14T08:28:29","modified_gmt":"2026-05-14T06:28:29","slug":"note-di-pace-al-teatro-de-la-sena-di-feltre","status":"publish","type":"post","link":"https:\/\/www.bellunopress.it\/fr\/2026\/05\/14\/note-di-pace-al-teatro-de-la-sena-di-feltre\/","title":{"rendered":"Note di pace al Teatro de La Sena di Feltre"},"content":{"rendered":"<p><strong>Sabato 16 maggio il concerto della Banda Musicale del Corpo Nazionale dei Vigili del Fuoco<\/strong><\/p>\n<p>Sar\u00e0 il Teatro de la Sena ad ospitare, sabato 16 maggio alle 17.30, \u201cNote di Pace\u201d, il concerto della Banda Musicale del Corpo Nazionale dei Vigili del Fuoco diretto dal maestro Donato Di Martile. L\u2019iniziativa, promossa dal Corpo Nazionale dei Vigili del Fuoco e dal Comune di Feltre con il supporto di AquaLab, sar\u00e0 aperta gratuitamente alla cittadinanza con prenotazione obbligatoria.<\/p>\n<p>\u201cSiamo particolarmente felici di ospitare a Feltre la Banda Musicale del Corpo Nazionale dei Vigili del Fuoco in un luogo simbolico come il Teatro de la Sena \u2013 dichiara il sindaco Viviana Fusaro \u2013. Sar\u00e0 un concerto di grande valore artistico, ma anche un\u2019occasione per fermarsi a riflettere sul significato della memoria e sul valore della pace tra i popoli. La musica ha la capacit\u00e0 di unire, di parlare a tutti e di trasmettere messaggi profondi con immediatezza e con un linguaggio universale. Ringrazio il Comando dei Vigili del Fuoco per questa iniziativa promossa in un momento in cui di pace c\u2019\u00e8 tanto bisogno\u201d.<\/p>\n<p><strong>IL CONCERTO<\/strong><br \/>\nNon solo un appuntamento musicale, \u201cNote di Pace\u201d vuole essere un momento di riflessione condivisa sui temi della memoria, della pace e della responsabilit\u00e0 collettiva, affidando alla musica il compito di creare un ponte tra storia, comunit\u00e0 e contemporaneit\u00e0. \u201c\u2018Note di Pace\u2019 vuole fluire nel silenzio delle valli alpine portando un messaggio universale di memoria, consapevolezza e gratitudine &#8211; sottolinea il comandante dei Vigili del Fuoco Matteo Carretto -. L\u2019Europa di oggi nasce da questa esperienza, che supera il conflitto come soluzione dei problemi e rimanda al valore del collaborare assieme lo strumento per vincere le innumerevoli ed impegnative sfide del mondo globalizzato\u201d. Un pensiero e un messaggio che si legano anche all\u2019approssimarsi del 24 maggio, anniversario dell\u2019entrata dell\u2019Italia nella Prima Guerra Mondiale, e alla memoria custodita dalle montagne bellunesi, luoghi segnati dal conflitto ma oggi simbolo di pace e consapevolezza.<br \/>\nNon casuale anche la scelta del Teatro de la Sena, storica \u201cPiccola Fenice\u201d feltrina progettata da Giannantonio Selva e recentemente restituita alla Citt\u00e0 grazie a un importante percorso di recupero e adeguamento. Un luogo che diventa esso stesso simbolo di come tutela del patrimonio, sicurezza e accessibilit\u00e0 possano convivere e rafforzarsi reciprocamente.<\/p>\n<p><strong>PROGRAMMA DI SALA<\/strong><br \/>\nIl concerto proporr\u00e0 un repertorio ampio e trasversale, capace di unire musica classica, colonne sonore, musical e brani della tradizione italiana e internazionale. La Banda Musicale del Corpo Nazionale dei Vigili del Fuoco eseguir\u00e0 \u201cABBA Gold\u201d, medley dedicato ai grandi successi del celebre gruppo svedese, e alcune delle pi\u00f9 celebri pagine della \u201cCarmen\u201d di Georges Bizet, tra cui \u201cHabanera\u201d e \u201cChanson du Tor\u00e8ador\u201d. In programma anche una selezione da \u201cWest Side Story\u201d di Leonard Bernstein, il brano \u201cPasseggiando per Brooklin\u201d di Henghel Gualdi con il clarinetto solista del professor Giorgio Palma, e le musiche di Ennio Morricone tratte da \u201cC\u2019era una volta in America\u201d.<br \/>\nSpazio inoltre alla fantasia con \u201cA Disney Spectacular\u201d, dedicato ai classici Disney come \u201cLa Sirenetta\u201d, \u201cLa Bella e la Bestia\u201d e \u201cAladdin\u201d, e alla musica italiana con il \u201cCarosone Hits Medley\u201d, omaggio ai grandi successi di Renato Carosone. Il concerto si concluder\u00e0 con l\u2019esecuzione dell\u2019Inno Nazionale.<\/p>\n<p>L\u2019ingresso \u00e8 gratuito con prenotazione obbligatoria. Per informazioni e prenotazioni \u00e8 possibile contattare AquaLab al numero 327 256 2682 oppure scrivere a info.feltre@aqualab.it.<\/p>","protected":false},"excerpt":{"rendered":"<p>Sabato 16 maggio il concerto della Banda Musicale del Corpo Nazionale dei Vigili del Fuoco Sar\u00e0 il Teatro de la Sena ad ospitare, sabato 16 maggio alle 17.30, \u201cNote di Pace\u201d, il concerto della Banda Musicale del Corpo Nazionale dei Vigili del Fuoco diretto dal maestro Donato Di Martile. L\u2019iniziativa, promossa dal Corpo Nazionale dei [&hellip;]<\/p>\n","protected":false},"author":2,"featured_media":170106,"comment_status":"closed","ping_status":"open","sticky":false,"template":"","format":"standard","meta":{"footnotes":""},"categories":[27,25],"tags":[],"class_list":["post-170105","post","type-post","status-publish","format-standard","has-post-thumbnail","category-appuntamenti","category-pausa-caffe"],"yoast_head":"<!-- This site is optimized with the Yoast SEO plugin v28.4 - https:\/\/yoast.com\/product\/yoast-seo-wordpress\/ -->\n<title>Note di pace al Teatro de La Sena di Feltre - Bellunopress - Dolomiti<\/title>\n<meta name=\"robots\" content=\"index, follow, max-snippet:-1, max-image-preview:large, max-video-preview:-1\" \/>\n<link rel=\"canonical\" href=\"https:\/\/www.bellunopress.it\/fr\/2026\/05\/14\/note-di-pace-al-teatro-de-la-sena-di-feltre\/\" \/>\n<meta property=\"og:locale\" content=\"fr_FR\" \/>\n<meta property=\"og:type\" content=\"article\" \/>\n<meta property=\"og:title\" content=\"Note di pace al Teatro de La Sena di Feltre - Bellunopress - Dolomiti\" \/>\n<meta property=\"og:description\" content=\"Sabato 16 maggio il concerto della Banda Musicale del Corpo Nazionale dei Vigili del Fuoco Sar\u00e0 il Teatro de la Sena ad ospitare, sabato 16 maggio alle 17.30, \u201cNote di Pace\u201d, il concerto della Banda Musicale del Corpo Nazionale dei Vigili del Fuoco diretto dal maestro Donato Di Martile. L\u2019iniziativa, promossa dal Corpo Nazionale dei [&hellip;]\" \/>\n<meta property=\"og:url\" content=\"https:\/\/www.bellunopress.it\/fr\/2026\/05\/14\/note-di-pace-al-teatro-de-la-sena-di-feltre\/\" \/>\n<meta property=\"og:site_name\" content=\"Bellunopress - Dolomiti\" \/>\n<meta property=\"article:publisher\" content=\"https:\/\/www.facebook.com\/profile.php?id=100008943462799\" \/>\n<meta property=\"article:published_time\" content=\"2026-05-14T06:28:29+00:00\" \/>\n<meta property=\"og:image\" content=\"https:\/\/www.bellunopress.it\/wp-content\/uploads\/2026\/05\/Banda-dei-Vigili-del-Fuoco.jpg\" \/>\n\t<meta property=\"og:image:width\" content=\"700\" \/>\n\t<meta property=\"og:image:height\" content=\"303\" \/>\n\t<meta property=\"og:image:type\" content=\"image\/jpeg\" \/>\n<meta name=\"author\" content=\"redazione\" \/>\n<meta name=\"twitter:card\" content=\"summary_large_image\" \/>\n<meta name=\"twitter:creator\" content=\"@bellunopress\" \/>\n<meta name=\"twitter:site\" content=\"@bellunopress\" \/>\n<meta name=\"twitter:label1\" content=\"\u00c9crit par\" \/>\n\t<meta name=\"twitter:data1\" content=\"redazione\" \/>\n\t<meta name=\"twitter:label2\" content=\"Dur\u00e9e de lecture estim\u00e9e\" \/>\n\t<meta name=\"twitter:data2\" content=\"4 minutes\" \/>\n<script type=\"application\/ld+json\" class=\"yoast-schema-graph\">{\"@context\":\"https:\\\/\\\/schema.org\",\"@graph\":[{\"@type\":\"Article\",\"@id\":\"https:\\\/\\\/www.bellunopress.it\\\/2026\\\/05\\\/14\\\/note-di-pace-al-teatro-de-la-sena-di-feltre\\\/#article\",\"isPartOf\":{\"@id\":\"https:\\\/\\\/www.bellunopress.it\\\/2026\\\/05\\\/14\\\/note-di-pace-al-teatro-de-la-sena-di-feltre\\\/\"},\"author\":{\"name\":\"redazione\",\"@id\":\"https:\\\/\\\/www.bellunopress.it\\\/#\\\/schema\\\/person\\\/79bb06722b37ece1c03d3e94beb30d73\"},\"headline\":\"Note di pace al Teatro de La Sena di Feltre\",\"datePublished\":\"2026-05-14T06:28:29+00:00\",\"mainEntityOfPage\":{\"@id\":\"https:\\\/\\\/www.bellunopress.it\\\/2026\\\/05\\\/14\\\/note-di-pace-al-teatro-de-la-sena-di-feltre\\\/\"},\"wordCount\":564,\"publisher\":{\"@id\":\"https:\\\/\\\/www.bellunopress.it\\\/#organization\"},\"image\":{\"@id\":\"https:\\\/\\\/www.bellunopress.it\\\/2026\\\/05\\\/14\\\/note-di-pace-al-teatro-de-la-sena-di-feltre\\\/#primaryimage\"},\"thumbnailUrl\":\"https:\\\/\\\/www.bellunopress.it\\\/wp-content\\\/uploads\\\/2026\\\/05\\\/Banda-dei-Vigili-del-Fuoco.jpg\",\"articleSection\":[\"Appuntamenti, Eventi\",\"Pausa Caff\u00e8\"],\"inLanguage\":\"fr-FR\"},{\"@type\":\"WebPage\",\"@id\":\"https:\\\/\\\/www.bellunopress.it\\\/2026\\\/05\\\/14\\\/note-di-pace-al-teatro-de-la-sena-di-feltre\\\/\",\"url\":\"https:\\\/\\\/www.bellunopress.it\\\/2026\\\/05\\\/14\\\/note-di-pace-al-teatro-de-la-sena-di-feltre\\\/\",\"name\":\"Note di pace al Teatro de La Sena di Feltre - Bellunopress - Dolomiti\",\"isPartOf\":{\"@id\":\"https:\\\/\\\/www.bellunopress.it\\\/#website\"},\"primaryImageOfPage\":{\"@id\":\"https:\\\/\\\/www.bellunopress.it\\\/2026\\\/05\\\/14\\\/note-di-pace-al-teatro-de-la-sena-di-feltre\\\/#primaryimage\"},\"image\":{\"@id\":\"https:\\\/\\\/www.bellunopress.it\\\/2026\\\/05\\\/14\\\/note-di-pace-al-teatro-de-la-sena-di-feltre\\\/#primaryimage\"},\"thumbnailUrl\":\"https:\\\/\\\/www.bellunopress.it\\\/wp-content\\\/uploads\\\/2026\\\/05\\\/Banda-dei-Vigili-del-Fuoco.jpg\",\"datePublished\":\"2026-05-14T06:28:29+00:00\",\"breadcrumb\":{\"@id\":\"https:\\\/\\\/www.bellunopress.it\\\/2026\\\/05\\\/14\\\/note-di-pace-al-teatro-de-la-sena-di-feltre\\\/#breadcrumb\"},\"inLanguage\":\"fr-FR\",\"potentialAction\":[{\"@type\":\"ReadAction\",\"target\":[\"https:\\\/\\\/www.bellunopress.it\\\/2026\\\/05\\\/14\\\/note-di-pace-al-teatro-de-la-sena-di-feltre\\\/\"]}]},{\"@type\":\"ImageObject\",\"inLanguage\":\"fr-FR\",\"@id\":\"https:\\\/\\\/www.bellunopress.it\\\/2026\\\/05\\\/14\\\/note-di-pace-al-teatro-de-la-sena-di-feltre\\\/#primaryimage\",\"url\":\"https:\\\/\\\/www.bellunopress.it\\\/wp-content\\\/uploads\\\/2026\\\/05\\\/Banda-dei-Vigili-del-Fuoco.jpg\",\"contentUrl\":\"https:\\\/\\\/www.bellunopress.it\\\/wp-content\\\/uploads\\\/2026\\\/05\\\/Banda-dei-Vigili-del-Fuoco.jpg\",\"width\":700,\"height\":303,\"caption\":\"Banda Musicale del Corpo Nazionale dei Viigili del Fuoco\"},{\"@type\":\"BreadcrumbList\",\"@id\":\"https:\\\/\\\/www.bellunopress.it\\\/2026\\\/05\\\/14\\\/note-di-pace-al-teatro-de-la-sena-di-feltre\\\/#breadcrumb\",\"itemListElement\":[{\"@type\":\"ListItem\",\"position\":1,\"name\":\"Home\",\"item\":\"https:\\\/\\\/www.bellunopress.it\\\/\"},{\"@type\":\"ListItem\",\"position\":2,\"name\":\"Note di pace al Teatro de La Sena di Feltre\"}]},{\"@type\":\"WebSite\",\"@id\":\"https:\\\/\\\/www.bellunopress.it\\\/#website\",\"url\":\"https:\\\/\\\/www.bellunopress.it\\\/\",\"name\":\"Bellunopress - Dolomiti\",\"description\":\"e-mail: redazione@bellunopress.it\",\"publisher\":{\"@id\":\"https:\\\/\\\/www.bellunopress.it\\\/#organization\"},\"potentialAction\":[{\"@type\":\"SearchAction\",\"target\":{\"@type\":\"EntryPoint\",\"urlTemplate\":\"https:\\\/\\\/www.bellunopress.it\\\/?s={search_term_string}\"},\"query-input\":{\"@type\":\"PropertyValueSpecification\",\"valueRequired\":true,\"valueName\":\"search_term_string\"}}],\"inLanguage\":\"fr-FR\"},{\"@type\":\"Organization\",\"@id\":\"https:\\\/\\\/www.bellunopress.it\\\/#organization\",\"name\":\"Bellunopress\",\"url\":\"https:\\\/\\\/www.bellunopress.it\\\/\",\"logo\":{\"@type\":\"ImageObject\",\"inLanguage\":\"fr-FR\",\"@id\":\"https:\\\/\\\/www.bellunopress.it\\\/#\\\/schema\\\/logo\\\/image\\\/\",\"url\":\"https:\\\/\\\/www.bellunopress.it\\\/wp-content\\\/uploads\\\/2011\\\/05\\\/cropped-logo-bellunopress-.jpg\",\"contentUrl\":\"https:\\\/\\\/www.bellunopress.it\\\/wp-content\\\/uploads\\\/2011\\\/05\\\/cropped-logo-bellunopress-.jpg\",\"width\":512,\"height\":512,\"caption\":\"Bellunopress\"},\"image\":{\"@id\":\"https:\\\/\\\/www.bellunopress.it\\\/#\\\/schema\\\/logo\\\/image\\\/\"},\"sameAs\":[\"https:\\\/\\\/www.facebook.com\\\/profile.php?id=100008943462799\",\"https:\\\/\\\/x.com\\\/bellunopress\",\"https:\\\/\\\/www.linkedin.com\\\/hp\\\/?dnr=JBzUWaJfMUw8vbXJJ2tVW5-I3jZKvC4wsoxE&amp;amp;amp;amp;amp;amp;trk=nav_responsive_tab_home\",\"https:\\\/\\\/www.youtube.com\\\/channel\\\/UCxL0wu1uN0_3_7hGG0306cw\"]},{\"@type\":\"Person\",\"@id\":\"https:\\\/\\\/www.bellunopress.it\\\/#\\\/schema\\\/person\\\/79bb06722b37ece1c03d3e94beb30d73\",\"name\":\"redazione\",\"image\":{\"@type\":\"ImageObject\",\"inLanguage\":\"fr-FR\",\"@id\":\"https:\\\/\\\/secure.gravatar.com\\\/avatar\\\/37d968a2e67a6fd04c169c4bdef102d0bc5d31b2546345219e348575eb80e9a0?s=96&d=mm&r=g\",\"url\":\"https:\\\/\\\/secure.gravatar.com\\\/avatar\\\/37d968a2e67a6fd04c169c4bdef102d0bc5d31b2546345219e348575eb80e9a0?s=96&d=mm&r=g\",\"contentUrl\":\"https:\\\/\\\/secure.gravatar.com\\\/avatar\\\/37d968a2e67a6fd04c169c4bdef102d0bc5d31b2546345219e348575eb80e9a0?s=96&d=mm&r=g\",\"caption\":\"redazione\"},\"sameAs\":[\"http:\\\/\\\/www.bellunopress.it\",\"https:\\\/\\\/x.com\\\/bellunopress\"],\"url\":\"https:\\\/\\\/www.bellunopress.it\\\/fr\\\/author\\\/redazione\\\/\"}]}<\/script>\n<!-- \/ Yoast SEO plugin. -->","yoast_head_json":{"title":"Note di pace al Teatro de La Sena di Feltre - Bellunopress - Dolomiti","robots":{"index":"index","follow":"follow","max-snippet":"max-snippet:-1","max-image-preview":"max-image-preview:large","max-video-preview":"max-video-preview:-1"},"canonical":"https:\/\/www.bellunopress.it\/fr\/2026\/05\/14\/note-di-pace-al-teatro-de-la-sena-di-feltre\/","og_locale":"fr_FR","og_type":"article","og_title":"Note di pace al Teatro de La Sena di Feltre - Bellunopress - Dolomiti","og_description":"Sabato 16 maggio il concerto della Banda Musicale del Corpo Nazionale dei Vigili del Fuoco Sar\u00e0 il Teatro de la Sena ad ospitare, sabato 16 maggio alle 17.30, \u201cNote di Pace\u201d, il concerto della Banda Musicale del Corpo Nazionale dei Vigili del Fuoco diretto dal maestro Donato Di Martile. L\u2019iniziativa, promossa dal Corpo Nazionale dei [&hellip;]","og_url":"https:\/\/www.bellunopress.it\/fr\/2026\/05\/14\/note-di-pace-al-teatro-de-la-sena-di-feltre\/","og_site_name":"Bellunopress - Dolomiti","article_publisher":"https:\/\/www.facebook.com\/profile.php?id=100008943462799","article_published_time":"2026-05-14T06:28:29+00:00","og_image":[{"width":700,"height":303,"url":"https:\/\/www.bellunopress.it\/wp-content\/uploads\/2026\/05\/Banda-dei-Vigili-del-Fuoco.jpg","type":"image\/jpeg"}],"author":"redazione","twitter_card":"summary_large_image","twitter_creator":"@bellunopress","twitter_site":"@bellunopress","twitter_misc":{"\u00c9crit par":"redazione","Dur\u00e9e de lecture estim\u00e9e":"4 minutes"},"schema":{"@context":"https:\/\/schema.org","@graph":[{"@type":"Article","@id":"https:\/\/www.bellunopress.it\/2026\/05\/14\/note-di-pace-al-teatro-de-la-sena-di-feltre\/#article","isPartOf":{"@id":"https:\/\/www.bellunopress.it\/2026\/05\/14\/note-di-pace-al-teatro-de-la-sena-di-feltre\/"},"author":{"name":"redazione","@id":"https:\/\/www.bellunopress.it\/#\/schema\/person\/79bb06722b37ece1c03d3e94beb30d73"},"headline":"Note di pace al Teatro de La Sena di Feltre","datePublished":"2026-05-14T06:28:29+00:00","mainEntityOfPage":{"@id":"https:\/\/www.bellunopress.it\/2026\/05\/14\/note-di-pace-al-teatro-de-la-sena-di-feltre\/"},"wordCount":564,"publisher":{"@id":"https:\/\/www.bellunopress.it\/#organization"},"image":{"@id":"https:\/\/www.bellunopress.it\/2026\/05\/14\/note-di-pace-al-teatro-de-la-sena-di-feltre\/#primaryimage"},"thumbnailUrl":"https:\/\/www.bellunopress.it\/wp-content\/uploads\/2026\/05\/Banda-dei-Vigili-del-Fuoco.jpg","articleSection":["Appuntamenti, Eventi","Pausa Caff\u00e8"],"inLanguage":"fr-FR"},{"@type":"WebPage","@id":"https:\/\/www.bellunopress.it\/2026\/05\/14\/note-di-pace-al-teatro-de-la-sena-di-feltre\/","url":"https:\/\/www.bellunopress.it\/2026\/05\/14\/note-di-pace-al-teatro-de-la-sena-di-feltre\/","name":"Note di pace al Teatro de La Sena di Feltre - Bellunopress - Dolomiti","isPartOf":{"@id":"https:\/\/www.bellunopress.it\/#website"},"primaryImageOfPage":{"@id":"https:\/\/www.bellunopress.it\/2026\/05\/14\/note-di-pace-al-teatro-de-la-sena-di-feltre\/#primaryimage"},"image":{"@id":"https:\/\/www.bellunopress.it\/2026\/05\/14\/note-di-pace-al-teatro-de-la-sena-di-feltre\/#primaryimage"},"thumbnailUrl":"https:\/\/www.bellunopress.it\/wp-content\/uploads\/2026\/05\/Banda-dei-Vigili-del-Fuoco.jpg","datePublished":"2026-05-14T06:28:29+00:00","breadcrumb":{"@id":"https:\/\/www.bellunopress.it\/2026\/05\/14\/note-di-pace-al-teatro-de-la-sena-di-feltre\/#breadcrumb"},"inLanguage":"fr-FR","potentialAction":[{"@type":"ReadAction","target":["https:\/\/www.bellunopress.it\/2026\/05\/14\/note-di-pace-al-teatro-de-la-sena-di-feltre\/"]}]},{"@type":"ImageObject","inLanguage":"fr-FR","@id":"https:\/\/www.bellunopress.it\/2026\/05\/14\/note-di-pace-al-teatro-de-la-sena-di-feltre\/#primaryimage","url":"https:\/\/www.bellunopress.it\/wp-content\/uploads\/2026\/05\/Banda-dei-Vigili-del-Fuoco.jpg","contentUrl":"https:\/\/www.bellunopress.it\/wp-content\/uploads\/2026\/05\/Banda-dei-Vigili-del-Fuoco.jpg","width":700,"height":303,"caption":"Banda Musicale del Corpo Nazionale dei Viigili del Fuoco"},{"@type":"BreadcrumbList","@id":"https:\/\/www.bellunopress.it\/2026\/05\/14\/note-di-pace-al-teatro-de-la-sena-di-feltre\/#breadcrumb","itemListElement":[{"@type":"ListItem","position":1,"name":"Home","item":"https:\/\/www.bellunopress.it\/"},{"@type":"ListItem","position":2,"name":"Note di pace al Teatro de La Sena di Feltre"}]},{"@type":"WebSite","@id":"https:\/\/www.bellunopress.it\/#website","url":"https:\/\/www.bellunopress.it\/","name":"Bellunopress - Dolomiti","description":"e-mail: redazione@bellunopress.it","publisher":{"@id":"https:\/\/www.bellunopress.it\/#organization"},"potentialAction":[{"@type":"SearchAction","target":{"@type":"EntryPoint","urlTemplate":"https:\/\/www.bellunopress.it\/?s={search_term_string}"},"query-input":{"@type":"PropertyValueSpecification","valueRequired":true,"valueName":"search_term_string"}}],"inLanguage":"fr-FR"},{"@type":"Organization","@id":"https:\/\/www.bellunopress.it\/#organization","name":"Bellunopress","url":"https:\/\/www.bellunopress.it\/","logo":{"@type":"ImageObject","inLanguage":"fr-FR","@id":"https:\/\/www.bellunopress.it\/#\/schema\/logo\/image\/","url":"https:\/\/www.bellunopress.it\/wp-content\/uploads\/2011\/05\/cropped-logo-bellunopress-.jpg","contentUrl":"https:\/\/www.bellunopress.it\/wp-content\/uploads\/2011\/05\/cropped-logo-bellunopress-.jpg","width":512,"height":512,"caption":"Bellunopress"},"image":{"@id":"https:\/\/www.bellunopress.it\/#\/schema\/logo\/image\/"},"sameAs":["https:\/\/www.facebook.com\/profile.php?id=100008943462799","https:\/\/x.com\/bellunopress","https:\/\/www.linkedin.com\/hp\/?dnr=JBzUWaJfMUw8vbXJJ2tVW5-I3jZKvC4wsoxE&amp;amp;amp;amp;amp;amp;trk=nav_responsive_tab_home","https:\/\/www.youtube.com\/channel\/UCxL0wu1uN0_3_7hGG0306cw"]},{"@type":"Person","@id":"https:\/\/www.bellunopress.it\/#\/schema\/person\/79bb06722b37ece1c03d3e94beb30d73","name":"r\u00e9daction","image":{"@type":"ImageObject","inLanguage":"fr-FR","@id":"https:\/\/secure.gravatar.com\/avatar\/37d968a2e67a6fd04c169c4bdef102d0bc5d31b2546345219e348575eb80e9a0?s=96&d=mm&r=g","url":"https:\/\/secure.gravatar.com\/avatar\/37d968a2e67a6fd04c169c4bdef102d0bc5d31b2546345219e348575eb80e9a0?s=96&d=mm&r=g","contentUrl":"https:\/\/secure.gravatar.com\/avatar\/37d968a2e67a6fd04c169c4bdef102d0bc5d31b2546345219e348575eb80e9a0?s=96&d=mm&r=g","caption":"redazione"},"sameAs":["http:\/\/www.bellunopress.it","https:\/\/x.com\/bellunopress"],"url":"https:\/\/www.bellunopress.it\/fr\/author\/redazione\/"}]}},"_links":{"self":[{"href":"https:\/\/www.bellunopress.it\/fr\/wp-json\/wp\/v2\/posts\/170105","targetHints":{"allow":["GET"]}}],"collection":[{"href":"https:\/\/www.bellunopress.it\/fr\/wp-json\/wp\/v2\/posts"}],"about":[{"href":"https:\/\/www.bellunopress.it\/fr\/wp-json\/wp\/v2\/types\/post"}],"author":[{"embeddable":true,"href":"https:\/\/www.bellunopress.it\/fr\/wp-json\/wp\/v2\/users\/2"}],"replies":[{"embeddable":true,"href":"https:\/\/www.bellunopress.it\/fr\/wp-json\/wp\/v2\/comments?post=170105"}],"version-history":[{"count":1,"href":"https:\/\/www.bellunopress.it\/fr\/wp-json\/wp\/v2\/posts\/170105\/revisions"}],"predecessor-version":[{"id":170107,"href":"https:\/\/www.bellunopress.it\/fr\/wp-json\/wp\/v2\/posts\/170105\/revisions\/170107"}],"wp:featuredmedia":[{"embeddable":true,"href":"https:\/\/www.bellunopress.it\/fr\/wp-json\/wp\/v2\/media\/170106"}],"wp:attachment":[{"href":"https:\/\/www.bellunopress.it\/fr\/wp-json\/wp\/v2\/media?parent=170105"}],"wp:term":[{"taxonomy":"category","embeddable":true,"href":"https:\/\/www.bellunopress.it\/fr\/wp-json\/wp\/v2\/categories?post=170105"},{"taxonomy":"post_tag","embeddable":true,"href":"https:\/\/www.bellunopress.it\/fr\/wp-json\/wp\/v2\/tags?post=170105"}],"curies":[{"name":"wp","href":"https:\/\/api.w.org\/{rel}","templated":true}]}}