{"id":170100,"date":"2026-05-14T06:49:00","date_gmt":"2026-05-14T04:49:00","guid":{"rendered":"https:\/\/www.bellunopress.it\/?p=170100"},"modified":"2026-05-14T06:53:55","modified_gmt":"2026-05-14T04:53:55","slug":"caccia-a-oche-e-stambecchi-zanoni-la-destra-prepara-un-massacro-in-veneto-e-sulle-alpi-sara-una-carneficina","status":"publish","type":"post","link":"https:\/\/www.bellunopress.it\/fr\/2026\/05\/14\/caccia-a-oche-e-stambecchi-zanoni-la-destra-prepara-un-massacro-in-veneto-e-sulle-alpi-sara-una-carneficina\/","title":{"rendered":"Caccia a oche e stambecchi. Zanoni: &#8220;La destra prepara un massacro. In Veneto e sulle Alpi sar\u00e0 una carneficina&#8221;"},"content":{"rendered":"<p>Roma, 13 maggio 2026 \u2013 &#8220;Siamo di fronte a un vero e proprio obbrobrio giuridico e naturalistico: l&#8217;approvazione in Commissione al Senato degli emendamenti al disegno di legge 1552 rappresenta l&#8217;ennesimo schiaffo alla biodiversit\u00e0 e un ritorno alla barbarie&#8221;. Lo dichiara Andrea Zanoni, Coordinatore dell&#8217;Osservatorio Diritti Animali di Europa Verde, commentando il via libera alle modifiche della legge nazionale sulla caccia (157\/92) su proposta dell&#8217;eurodeputata vicentina Bizzotto e altri, che puntano a inserire oca selvatica, stambecco e piccione tra le specie cacciabili, declassando contemporaneamente la protezione del lupo.<\/p>\n<p>&#8220;L&#8217;inserimento dell&#8217;oca selvatica nell&#8217;elenco delle specie cacciabili \u00e8 una follia,&#8221; prosegue Zanoni. &#8220;Parliamo di popolazioni migratorie presenti in numeri modesti. \u00c8 un affronto ai migliaia di birdwatcher che ogni anno scelgono le lagune veneziane e friulane per osservarle. Poich\u00e9 sono animali abituati alla presenza umana, non sar\u00e0 caccia, ma una carneficina. Si mette a rischio la stabilit\u00e0 di una specie gi\u00e0 colpita dalla distruzione degli habitat&#8221;.<\/p>\n<p>Zanoni punta poi il dito contro la scelta di aprire la caccia allo stambecco e la gestione del lupo: &#8220;Lo stambecco \u00e8 il simbolo delle nostre Alpi, un animale maestoso e spesso cos\u00ec fiducioso da lasciarsi avvicinare a pochi metri. Sparargli sar\u00e0 come sparare a dei cuccioli in un recinto. Contemporaneamente, togliere al lupo lo status di specie particolarmente protetta conferma il desiderio di questa destra di fare terra bruciata della fauna selvatica, ignorando la scienza e il buon senso&#8221;.<\/p>\n<p>Il Coordinatore di Europa Verde solleva inoltre un caso di illegittimit\u00e0 comunitaria riguardante il piccione di citt\u00e0, inserito tra le specie cacciabili: &#8220;La Commissione Europea, rispondendo a una mia interrogazione, \u00e8 stata chiarissima: i piccioni rientrano nella direttiva &#8216;Uccelli&#8217; e sono specie protetta. Inserirli nell&#8217;elenco dei cacciabili \u00e8 una violazione palese delle norme UE. Cosa vogliono fare, dare il via libera alle doppiette in Piazza San Marco?&#8221;.<\/p>\n<p>&#8220;Come Alleanza Verdi e Sinistra \u2013 conclude Zanoni \u2013 daremo battaglia ferocissima in Aula al Senato e poi alla Camera. Questa legge vuole trasformare boschi e campagne in un deserto faunistico. La destra si conferma ancora una volta nemica giurata della natura, preferendo le lobby venatorie alla tutela del nostro patrimonio ambientale&#8221;.<\/p>","protected":false},"excerpt":{"rendered":"<p>Roma, 13 maggio 2026 \u2013 &#8220;Siamo di fronte a un vero e proprio obbrobrio giuridico e naturalistico: l&#8217;approvazione in Commissione al Senato degli emendamenti al disegno di legge 1552 rappresenta l&#8217;ennesimo schiaffo alla biodiversit\u00e0 e un ritorno alla barbarie&#8221;. Lo dichiara Andrea Zanoni, Coordinatore dell&#8217;Osservatorio Diritti Animali di Europa Verde, commentando il via libera alle [&hellip;]<\/p>\n","protected":false},"author":2,"featured_media":89853,"comment_status":"closed","ping_status":"open","sticky":false,"template":"","format":"standard","meta":{"footnotes":""},"categories":[5,38],"tags":[],"class_list":["post-170100","post","type-post","status-publish","format-standard","has-post-thumbnail","category-cronaca","category-natura-ambiente"],"yoast_head":"<!-- This site is optimized with the Yoast SEO plugin v28.4 - https:\/\/yoast.com\/product\/yoast-seo-wordpress\/ -->\n<title>Caccia a oche e stambecchi. Zanoni: &quot;La destra prepara un massacro. In Veneto e sulle Alpi sar\u00e0 una carneficina&quot; - Bellunopress - Dolomiti<\/title>\n<meta name=\"robots\" content=\"index, follow, max-snippet:-1, max-image-preview:large, max-video-preview:-1\" \/>\n<link rel=\"canonical\" href=\"https:\/\/www.bellunopress.it\/fr\/2026\/05\/14\/caccia-a-oche-e-stambecchi-zanoni-la-destra-prepara-un-massacro-in-veneto-e-sulle-alpi-sara-una-carneficina\/\" \/>\n<meta property=\"og:locale\" content=\"fr_FR\" \/>\n<meta property=\"og:type\" content=\"article\" \/>\n<meta property=\"og:title\" content=\"Caccia a oche e stambecchi. Zanoni: &quot;La destra prepara un massacro. In Veneto e sulle Alpi sar\u00e0 una carneficina&quot; - Bellunopress - Dolomiti\" \/>\n<meta property=\"og:description\" content=\"Roma, 13 maggio 2026 \u2013 &#8220;Siamo di fronte a un vero e proprio obbrobrio giuridico e naturalistico: l&#8217;approvazione in Commissione al Senato degli emendamenti al disegno di legge 1552 rappresenta l&#8217;ennesimo schiaffo alla biodiversit\u00e0 e un ritorno alla barbarie&#8221;. Lo dichiara Andrea Zanoni, Coordinatore dell&#8217;Osservatorio Diritti Animali di Europa Verde, commentando il via libera alle [&hellip;]\" \/>\n<meta property=\"og:url\" content=\"https:\/\/www.bellunopress.it\/fr\/2026\/05\/14\/caccia-a-oche-e-stambecchi-zanoni-la-destra-prepara-un-massacro-in-veneto-e-sulle-alpi-sara-una-carneficina\/\" \/>\n<meta property=\"og:site_name\" content=\"Bellunopress - Dolomiti\" \/>\n<meta property=\"article:publisher\" content=\"https:\/\/www.facebook.com\/profile.php?id=100008943462799\" \/>\n<meta property=\"article:published_time\" content=\"2026-05-14T04:49:00+00:00\" \/>\n<meta property=\"article:modified_time\" content=\"2026-05-14T04:53:55+00:00\" \/>\n<meta property=\"og:image\" content=\"https:\/\/www.bellunopress.it\/wp-content\/uploads\/2017\/10\/Andrea-Zanoni.jpg\" \/>\n\t<meta property=\"og:image:width\" content=\"469\" \/>\n\t<meta property=\"og:image:height\" content=\"389\" \/>\n\t<meta property=\"og:image:type\" content=\"image\/jpeg\" \/>\n<meta name=\"author\" content=\"redazione\" \/>\n<meta name=\"twitter:card\" content=\"summary_large_image\" \/>\n<meta name=\"twitter:creator\" content=\"@bellunopress\" \/>\n<meta name=\"twitter:site\" content=\"@bellunopress\" \/>\n<meta name=\"twitter:label1\" content=\"Written by\" \/>\n\t<meta name=\"twitter:data1\" content=\"redazione\" \/>\n\t<meta name=\"twitter:label2\" content=\"Est. reading time\" \/>\n\t<meta name=\"twitter:data2\" content=\"3 minutes\" \/>\n<script type=\"application\/ld+json\" class=\"yoast-schema-graph\">{\"@context\":\"https:\\\/\\\/schema.org\",\"@graph\":[{\"@type\":\"Article\",\"@id\":\"https:\\\/\\\/www.bellunopress.it\\\/2026\\\/05\\\/14\\\/caccia-a-oche-e-stambecchi-zanoni-la-destra-prepara-un-massacro-in-veneto-e-sulle-alpi-sara-una-carneficina\\\/#article\",\"isPartOf\":{\"@id\":\"https:\\\/\\\/www.bellunopress.it\\\/2026\\\/05\\\/14\\\/caccia-a-oche-e-stambecchi-zanoni-la-destra-prepara-un-massacro-in-veneto-e-sulle-alpi-sara-una-carneficina\\\/\"},\"author\":{\"name\":\"redazione\",\"@id\":\"https:\\\/\\\/www.bellunopress.it\\\/#\\\/schema\\\/person\\\/79bb06722b37ece1c03d3e94beb30d73\"},\"headline\":\"Caccia a oche e stambecchi. Zanoni: &#8220;La destra prepara un massacro. In Veneto e sulle Alpi sar\u00e0 una carneficina&#8221;\",\"datePublished\":\"2026-05-14T04:49:00+00:00\",\"dateModified\":\"2026-05-14T04:53:55+00:00\",\"mainEntityOfPage\":{\"@id\":\"https:\\\/\\\/www.bellunopress.it\\\/2026\\\/05\\\/14\\\/caccia-a-oche-e-stambecchi-zanoni-la-destra-prepara-un-massacro-in-veneto-e-sulle-alpi-sara-una-carneficina\\\/\"},\"wordCount\":368,\"publisher\":{\"@id\":\"https:\\\/\\\/www.bellunopress.it\\\/#organization\"},\"image\":{\"@id\":\"https:\\\/\\\/www.bellunopress.it\\\/2026\\\/05\\\/14\\\/caccia-a-oche-e-stambecchi-zanoni-la-destra-prepara-un-massacro-in-veneto-e-sulle-alpi-sara-una-carneficina\\\/#primaryimage\"},\"thumbnailUrl\":\"https:\\\/\\\/www.bellunopress.it\\\/wp-content\\\/uploads\\\/2017\\\/10\\\/Andrea-Zanoni.jpg\",\"articleSection\":[\"Cronaca\\\/Politica\",\"Meteo, natura, ambiente, animali\"],\"inLanguage\":\"fr-FR\"},{\"@type\":\"WebPage\",\"@id\":\"https:\\\/\\\/www.bellunopress.it\\\/2026\\\/05\\\/14\\\/caccia-a-oche-e-stambecchi-zanoni-la-destra-prepara-un-massacro-in-veneto-e-sulle-alpi-sara-una-carneficina\\\/\",\"url\":\"https:\\\/\\\/www.bellunopress.it\\\/2026\\\/05\\\/14\\\/caccia-a-oche-e-stambecchi-zanoni-la-destra-prepara-un-massacro-in-veneto-e-sulle-alpi-sara-una-carneficina\\\/\",\"name\":\"Caccia a oche e stambecchi. Zanoni: \\\"La destra prepara un massacro. In Veneto e sulle Alpi sar\u00e0 una carneficina\\\" - Bellunopress - Dolomiti\",\"isPartOf\":{\"@id\":\"https:\\\/\\\/www.bellunopress.it\\\/#website\"},\"primaryImageOfPage\":{\"@id\":\"https:\\\/\\\/www.bellunopress.it\\\/2026\\\/05\\\/14\\\/caccia-a-oche-e-stambecchi-zanoni-la-destra-prepara-un-massacro-in-veneto-e-sulle-alpi-sara-una-carneficina\\\/#primaryimage\"},\"image\":{\"@id\":\"https:\\\/\\\/www.bellunopress.it\\\/2026\\\/05\\\/14\\\/caccia-a-oche-e-stambecchi-zanoni-la-destra-prepara-un-massacro-in-veneto-e-sulle-alpi-sara-una-carneficina\\\/#primaryimage\"},\"thumbnailUrl\":\"https:\\\/\\\/www.bellunopress.it\\\/wp-content\\\/uploads\\\/2017\\\/10\\\/Andrea-Zanoni.jpg\",\"datePublished\":\"2026-05-14T04:49:00+00:00\",\"dateModified\":\"2026-05-14T04:53:55+00:00\",\"breadcrumb\":{\"@id\":\"https:\\\/\\\/www.bellunopress.it\\\/2026\\\/05\\\/14\\\/caccia-a-oche-e-stambecchi-zanoni-la-destra-prepara-un-massacro-in-veneto-e-sulle-alpi-sara-una-carneficina\\\/#breadcrumb\"},\"inLanguage\":\"fr-FR\",\"potentialAction\":[{\"@type\":\"ReadAction\",\"target\":[\"https:\\\/\\\/www.bellunopress.it\\\/2026\\\/05\\\/14\\\/caccia-a-oche-e-stambecchi-zanoni-la-destra-prepara-un-massacro-in-veneto-e-sulle-alpi-sara-una-carneficina\\\/\"]}]},{\"@type\":\"ImageObject\",\"inLanguage\":\"fr-FR\",\"@id\":\"https:\\\/\\\/www.bellunopress.it\\\/2026\\\/05\\\/14\\\/caccia-a-oche-e-stambecchi-zanoni-la-destra-prepara-un-massacro-in-veneto-e-sulle-alpi-sara-una-carneficina\\\/#primaryimage\",\"url\":\"https:\\\/\\\/www.bellunopress.it\\\/wp-content\\\/uploads\\\/2017\\\/10\\\/Andrea-Zanoni.jpg\",\"contentUrl\":\"https:\\\/\\\/www.bellunopress.it\\\/wp-content\\\/uploads\\\/2017\\\/10\\\/Andrea-Zanoni.jpg\",\"width\":469,\"height\":389,\"caption\":\"Andrea Zanoni - Coordinatore dell'Osservatorio Diritti Animali di Europa Verde\"},{\"@type\":\"BreadcrumbList\",\"@id\":\"https:\\\/\\\/www.bellunopress.it\\\/2026\\\/05\\\/14\\\/caccia-a-oche-e-stambecchi-zanoni-la-destra-prepara-un-massacro-in-veneto-e-sulle-alpi-sara-una-carneficina\\\/#breadcrumb\",\"itemListElement\":[{\"@type\":\"ListItem\",\"position\":1,\"name\":\"Home\",\"item\":\"https:\\\/\\\/www.bellunopress.it\\\/\"},{\"@type\":\"ListItem\",\"position\":2,\"name\":\"Caccia a oche e stambecchi. Zanoni: &#8220;La destra prepara un massacro. In Veneto e sulle Alpi sar\u00e0 una carneficina&#8221;\"}]},{\"@type\":\"WebSite\",\"@id\":\"https:\\\/\\\/www.bellunopress.it\\\/#website\",\"url\":\"https:\\\/\\\/www.bellunopress.it\\\/\",\"name\":\"Bellunopress - Dolomiti\",\"description\":\"e-mail: redazione@bellunopress.it\",\"publisher\":{\"@id\":\"https:\\\/\\\/www.bellunopress.it\\\/#organization\"},\"potentialAction\":[{\"@type\":\"SearchAction\",\"target\":{\"@type\":\"EntryPoint\",\"urlTemplate\":\"https:\\\/\\\/www.bellunopress.it\\\/?s={search_term_string}\"},\"query-input\":{\"@type\":\"PropertyValueSpecification\",\"valueRequired\":true,\"valueName\":\"search_term_string\"}}],\"inLanguage\":\"fr-FR\"},{\"@type\":\"Organization\",\"@id\":\"https:\\\/\\\/www.bellunopress.it\\\/#organization\",\"name\":\"Bellunopress\",\"url\":\"https:\\\/\\\/www.bellunopress.it\\\/\",\"logo\":{\"@type\":\"ImageObject\",\"inLanguage\":\"fr-FR\",\"@id\":\"https:\\\/\\\/www.bellunopress.it\\\/#\\\/schema\\\/logo\\\/image\\\/\",\"url\":\"https:\\\/\\\/www.bellunopress.it\\\/wp-content\\\/uploads\\\/2011\\\/05\\\/cropped-logo-bellunopress-.jpg\",\"contentUrl\":\"https:\\\/\\\/www.bellunopress.it\\\/wp-content\\\/uploads\\\/2011\\\/05\\\/cropped-logo-bellunopress-.jpg\",\"width\":512,\"height\":512,\"caption\":\"Bellunopress\"},\"image\":{\"@id\":\"https:\\\/\\\/www.bellunopress.it\\\/#\\\/schema\\\/logo\\\/image\\\/\"},\"sameAs\":[\"https:\\\/\\\/www.facebook.com\\\/profile.php?id=100008943462799\",\"https:\\\/\\\/x.com\\\/bellunopress\",\"https:\\\/\\\/www.linkedin.com\\\/hp\\\/?dnr=JBzUWaJfMUw8vbXJJ2tVW5-I3jZKvC4wsoxE&amp;amp;amp;amp;amp;amp;trk=nav_responsive_tab_home\",\"https:\\\/\\\/www.youtube.com\\\/channel\\\/UCxL0wu1uN0_3_7hGG0306cw\"]},{\"@type\":\"Person\",\"@id\":\"https:\\\/\\\/www.bellunopress.it\\\/#\\\/schema\\\/person\\\/79bb06722b37ece1c03d3e94beb30d73\",\"name\":\"redazione\",\"image\":{\"@type\":\"ImageObject\",\"inLanguage\":\"fr-FR\",\"@id\":\"https:\\\/\\\/secure.gravatar.com\\\/avatar\\\/37d968a2e67a6fd04c169c4bdef102d0bc5d31b2546345219e348575eb80e9a0?s=96&d=mm&r=g\",\"url\":\"https:\\\/\\\/secure.gravatar.com\\\/avatar\\\/37d968a2e67a6fd04c169c4bdef102d0bc5d31b2546345219e348575eb80e9a0?s=96&d=mm&r=g\",\"contentUrl\":\"https:\\\/\\\/secure.gravatar.com\\\/avatar\\\/37d968a2e67a6fd04c169c4bdef102d0bc5d31b2546345219e348575eb80e9a0?s=96&d=mm&r=g\",\"caption\":\"redazione\"},\"sameAs\":[\"http:\\\/\\\/www.bellunopress.it\",\"https:\\\/\\\/x.com\\\/bellunopress\"],\"url\":\"https:\\\/\\\/www.bellunopress.it\\\/fr\\\/author\\\/redazione\\\/\"}]}<\/script>\n<!-- \/ Yoast SEO plugin. -->","yoast_head_json":{"title":"Caccia a oche e stambecchi. Zanoni: \"La destra prepara un massacro. In Veneto e sulle Alpi sar\u00e0 una carneficina\" - Bellunopress - Dolomiti","robots":{"index":"index","follow":"follow","max-snippet":"max-snippet:-1","max-image-preview":"max-image-preview:large","max-video-preview":"max-video-preview:-1"},"canonical":"https:\/\/www.bellunopress.it\/fr\/2026\/05\/14\/caccia-a-oche-e-stambecchi-zanoni-la-destra-prepara-un-massacro-in-veneto-e-sulle-alpi-sara-una-carneficina\/","og_locale":"fr_FR","og_type":"article","og_title":"Caccia a oche e stambecchi. Zanoni: \"La destra prepara un massacro. In Veneto e sulle Alpi sar\u00e0 una carneficina\" - Bellunopress - Dolomiti","og_description":"Roma, 13 maggio 2026 \u2013 &#8220;Siamo di fronte a un vero e proprio obbrobrio giuridico e naturalistico: l&#8217;approvazione in Commissione al Senato degli emendamenti al disegno di legge 1552 rappresenta l&#8217;ennesimo schiaffo alla biodiversit\u00e0 e un ritorno alla barbarie&#8221;. Lo dichiara Andrea Zanoni, Coordinatore dell&#8217;Osservatorio Diritti Animali di Europa Verde, commentando il via libera alle [&hellip;]","og_url":"https:\/\/www.bellunopress.it\/fr\/2026\/05\/14\/caccia-a-oche-e-stambecchi-zanoni-la-destra-prepara-un-massacro-in-veneto-e-sulle-alpi-sara-una-carneficina\/","og_site_name":"Bellunopress - Dolomiti","article_publisher":"https:\/\/www.facebook.com\/profile.php?id=100008943462799","article_published_time":"2026-05-14T04:49:00+00:00","article_modified_time":"2026-05-14T04:53:55+00:00","og_image":[{"width":469,"height":389,"url":"https:\/\/www.bellunopress.it\/wp-content\/uploads\/2017\/10\/Andrea-Zanoni.jpg","type":"image\/jpeg"}],"author":"redazione","twitter_card":"summary_large_image","twitter_creator":"@bellunopress","twitter_site":"@bellunopress","twitter_misc":{"Written by":"redazione","Est. reading time":"3 minutes"},"schema":{"@context":"https:\/\/schema.org","@graph":[{"@type":"Article","@id":"https:\/\/www.bellunopress.it\/2026\/05\/14\/caccia-a-oche-e-stambecchi-zanoni-la-destra-prepara-un-massacro-in-veneto-e-sulle-alpi-sara-una-carneficina\/#article","isPartOf":{"@id":"https:\/\/www.bellunopress.it\/2026\/05\/14\/caccia-a-oche-e-stambecchi-zanoni-la-destra-prepara-un-massacro-in-veneto-e-sulle-alpi-sara-una-carneficina\/"},"author":{"name":"redazione","@id":"https:\/\/www.bellunopress.it\/#\/schema\/person\/79bb06722b37ece1c03d3e94beb30d73"},"headline":"Caccia a oche e stambecchi. Zanoni: &#8220;La destra prepara un massacro. In Veneto e sulle Alpi sar\u00e0 una carneficina&#8221;","datePublished":"2026-05-14T04:49:00+00:00","dateModified":"2026-05-14T04:53:55+00:00","mainEntityOfPage":{"@id":"https:\/\/www.bellunopress.it\/2026\/05\/14\/caccia-a-oche-e-stambecchi-zanoni-la-destra-prepara-un-massacro-in-veneto-e-sulle-alpi-sara-una-carneficina\/"},"wordCount":368,"publisher":{"@id":"https:\/\/www.bellunopress.it\/#organization"},"image":{"@id":"https:\/\/www.bellunopress.it\/2026\/05\/14\/caccia-a-oche-e-stambecchi-zanoni-la-destra-prepara-un-massacro-in-veneto-e-sulle-alpi-sara-una-carneficina\/#primaryimage"},"thumbnailUrl":"https:\/\/www.bellunopress.it\/wp-content\/uploads\/2017\/10\/Andrea-Zanoni.jpg","articleSection":["Cronaca\/Politica","Meteo, natura, ambiente, animali"],"inLanguage":"fr-FR"},{"@type":"WebPage","@id":"https:\/\/www.bellunopress.it\/2026\/05\/14\/caccia-a-oche-e-stambecchi-zanoni-la-destra-prepara-un-massacro-in-veneto-e-sulle-alpi-sara-una-carneficina\/","url":"https:\/\/www.bellunopress.it\/2026\/05\/14\/caccia-a-oche-e-stambecchi-zanoni-la-destra-prepara-un-massacro-in-veneto-e-sulle-alpi-sara-una-carneficina\/","name":"Caccia a oche e stambecchi. Zanoni: \"La destra prepara un massacro. In Veneto e sulle Alpi sar\u00e0 una carneficina\" - Bellunopress - Dolomiti","isPartOf":{"@id":"https:\/\/www.bellunopress.it\/#website"},"primaryImageOfPage":{"@id":"https:\/\/www.bellunopress.it\/2026\/05\/14\/caccia-a-oche-e-stambecchi-zanoni-la-destra-prepara-un-massacro-in-veneto-e-sulle-alpi-sara-una-carneficina\/#primaryimage"},"image":{"@id":"https:\/\/www.bellunopress.it\/2026\/05\/14\/caccia-a-oche-e-stambecchi-zanoni-la-destra-prepara-un-massacro-in-veneto-e-sulle-alpi-sara-una-carneficina\/#primaryimage"},"thumbnailUrl":"https:\/\/www.bellunopress.it\/wp-content\/uploads\/2017\/10\/Andrea-Zanoni.jpg","datePublished":"2026-05-14T04:49:00+00:00","dateModified":"2026-05-14T04:53:55+00:00","breadcrumb":{"@id":"https:\/\/www.bellunopress.it\/2026\/05\/14\/caccia-a-oche-e-stambecchi-zanoni-la-destra-prepara-un-massacro-in-veneto-e-sulle-alpi-sara-una-carneficina\/#breadcrumb"},"inLanguage":"fr-FR","potentialAction":[{"@type":"ReadAction","target":["https:\/\/www.bellunopress.it\/2026\/05\/14\/caccia-a-oche-e-stambecchi-zanoni-la-destra-prepara-un-massacro-in-veneto-e-sulle-alpi-sara-una-carneficina\/"]}]},{"@type":"ImageObject","inLanguage":"fr-FR","@id":"https:\/\/www.bellunopress.it\/2026\/05\/14\/caccia-a-oche-e-stambecchi-zanoni-la-destra-prepara-un-massacro-in-veneto-e-sulle-alpi-sara-una-carneficina\/#primaryimage","url":"https:\/\/www.bellunopress.it\/wp-content\/uploads\/2017\/10\/Andrea-Zanoni.jpg","contentUrl":"https:\/\/www.bellunopress.it\/wp-content\/uploads\/2017\/10\/Andrea-Zanoni.jpg","width":469,"height":389,"caption":"Andrea Zanoni - Coordinatore dell'Osservatorio Diritti Animali di Europa Verde"},{"@type":"BreadcrumbList","@id":"https:\/\/www.bellunopress.it\/2026\/05\/14\/caccia-a-oche-e-stambecchi-zanoni-la-destra-prepara-un-massacro-in-veneto-e-sulle-alpi-sara-una-carneficina\/#breadcrumb","itemListElement":[{"@type":"ListItem","position":1,"name":"Home","item":"https:\/\/www.bellunopress.it\/"},{"@type":"ListItem","position":2,"name":"Caccia a oche e stambecchi. Zanoni: &#8220;La destra prepara un massacro. In Veneto e sulle Alpi sar\u00e0 una carneficina&#8221;"}]},{"@type":"WebSite","@id":"https:\/\/www.bellunopress.it\/#website","url":"https:\/\/www.bellunopress.it\/","name":"Bellunopress - Dolomiti","description":"e-mail: redazione@bellunopress.it","publisher":{"@id":"https:\/\/www.bellunopress.it\/#organization"},"potentialAction":[{"@type":"SearchAction","target":{"@type":"EntryPoint","urlTemplate":"https:\/\/www.bellunopress.it\/?s={search_term_string}"},"query-input":{"@type":"PropertyValueSpecification","valueRequired":true,"valueName":"search_term_string"}}],"inLanguage":"fr-FR"},{"@type":"Organization","@id":"https:\/\/www.bellunopress.it\/#organization","name":"Bellunopress","url":"https:\/\/www.bellunopress.it\/","logo":{"@type":"ImageObject","inLanguage":"fr-FR","@id":"https:\/\/www.bellunopress.it\/#\/schema\/logo\/image\/","url":"https:\/\/www.bellunopress.it\/wp-content\/uploads\/2011\/05\/cropped-logo-bellunopress-.jpg","contentUrl":"https:\/\/www.bellunopress.it\/wp-content\/uploads\/2011\/05\/cropped-logo-bellunopress-.jpg","width":512,"height":512,"caption":"Bellunopress"},"image":{"@id":"https:\/\/www.bellunopress.it\/#\/schema\/logo\/image\/"},"sameAs":["https:\/\/www.facebook.com\/profile.php?id=100008943462799","https:\/\/x.com\/bellunopress","https:\/\/www.linkedin.com\/hp\/?dnr=JBzUWaJfMUw8vbXJJ2tVW5-I3jZKvC4wsoxE&amp;amp;amp;amp;amp;amp;trk=nav_responsive_tab_home","https:\/\/www.youtube.com\/channel\/UCxL0wu1uN0_3_7hGG0306cw"]},{"@type":"Person","@id":"https:\/\/www.bellunopress.it\/#\/schema\/person\/79bb06722b37ece1c03d3e94beb30d73","name":"r\u00e9daction","image":{"@type":"ImageObject","inLanguage":"fr-FR","@id":"https:\/\/secure.gravatar.com\/avatar\/37d968a2e67a6fd04c169c4bdef102d0bc5d31b2546345219e348575eb80e9a0?s=96&d=mm&r=g","url":"https:\/\/secure.gravatar.com\/avatar\/37d968a2e67a6fd04c169c4bdef102d0bc5d31b2546345219e348575eb80e9a0?s=96&d=mm&r=g","contentUrl":"https:\/\/secure.gravatar.com\/avatar\/37d968a2e67a6fd04c169c4bdef102d0bc5d31b2546345219e348575eb80e9a0?s=96&d=mm&r=g","caption":"redazione"},"sameAs":["http:\/\/www.bellunopress.it","https:\/\/x.com\/bellunopress"],"url":"https:\/\/www.bellunopress.it\/fr\/author\/redazione\/"}]}},"_links":{"self":[{"href":"https:\/\/www.bellunopress.it\/fr\/wp-json\/wp\/v2\/posts\/170100","targetHints":{"allow":["GET"]}}],"collection":[{"href":"https:\/\/www.bellunopress.it\/fr\/wp-json\/wp\/v2\/posts"}],"about":[{"href":"https:\/\/www.bellunopress.it\/fr\/wp-json\/wp\/v2\/types\/post"}],"author":[{"embeddable":true,"href":"https:\/\/www.bellunopress.it\/fr\/wp-json\/wp\/v2\/users\/2"}],"replies":[{"embeddable":true,"href":"https:\/\/www.bellunopress.it\/fr\/wp-json\/wp\/v2\/comments?post=170100"}],"version-history":[{"count":1,"href":"https:\/\/www.bellunopress.it\/fr\/wp-json\/wp\/v2\/posts\/170100\/revisions"}],"predecessor-version":[{"id":170101,"href":"https:\/\/www.bellunopress.it\/fr\/wp-json\/wp\/v2\/posts\/170100\/revisions\/170101"}],"wp:featuredmedia":[{"embeddable":true,"href":"https:\/\/www.bellunopress.it\/fr\/wp-json\/wp\/v2\/media\/89853"}],"wp:attachment":[{"href":"https:\/\/www.bellunopress.it\/fr\/wp-json\/wp\/v2\/media?parent=170100"}],"wp:term":[{"taxonomy":"category","embeddable":true,"href":"https:\/\/www.bellunopress.it\/fr\/wp-json\/wp\/v2\/categories?post=170100"},{"taxonomy":"post_tag","embeddable":true,"href":"https:\/\/www.bellunopress.it\/fr\/wp-json\/wp\/v2\/tags?post=170100"}],"curies":[{"name":"wp","href":"https:\/\/api.w.org\/{rel}","templated":true}]}}