{"id":170097,"date":"2026-05-14T06:45:10","date_gmt":"2026-05-14T04:45:10","guid":{"rendered":"https:\/\/www.bellunopress.it\/?p=170097"},"modified":"2026-05-14T06:45:10","modified_gmt":"2026-05-14T04:45:10","slug":"conclusa-lesercitazione-militare-centauro-5-26-a-cellina-meduna","status":"publish","type":"post","link":"https:\/\/www.bellunopress.it\/fr\/2026\/05\/14\/conclusa-lesercitazione-militare-centauro-5-26-a-cellina-meduna\/","title":{"rendered":"Conclusa l&#8217;esercitazione militare Centauro 5\/26 a Cellina Meduna"},"content":{"rendered":"<p><em>Al poligono di Cellina Meduna sono stati impegnati i reggimenti Piemonte Cavalleria (2\u00b0) della Brigata \u201cJulia\u201d e Nizza Cavalleria (1\u00b0) della Brigata \u201cTaurinense\u201d Esercitazione &#8220;Centauro 5\/26&#8221;: l&#8217;eccellenza della Cavalleria tra droni e integrazione multidominio<\/em><br \/>\n<em>Conclusa l&#8217;attivit\u00e0 addestrativa che ha visto operare in sinergia le capacit\u00e0 terrestri, aeree e digitali della Brigata Alpina &#8220;Julia&#8221; e<\/em><br \/>\n<em>&#8220;Taurinense&#8221;.<\/em><\/p>\n<p>Cellina Meduna (Pordenone), 8 maggio 2026 &#8211; Si \u00e8 conclusa con successo presso il poligono friulano di Cellina Meduna l&#8217;esercitazione pluriarma \u201cCentauro 5\/26\u201d, un importante test operativo coordinato dal Reggimento Piemonte Cavalleria (2\u00b0). L&#8217;attivit\u00e0 ha rappresentato un banco di prova fondamentale per verificare il livello di integrazione tra le diverse componenti delle Forze Armate, puntando decisamente verso il concetto di difesa &#8220;multidominio&#8221;.<br \/>\nProtagonisti della manovra sono stati gli squadroni esploranti del &#8220;Piemonte Cavalleria&#8221; (Brigata Alpina &#8220;Julia&#8221;) e del reggimento &#8220;Nizza Cavalleria&#8221; (1\u00b0) della Brigata Alpina &#8220;Taurinense&#8221;. Le unit\u00e0 sono state impegnate in intense attivit\u00e0 a fuoco, sia diurne che notturne, volte a consolidare le procedure di esplorazione e ricognizione in scenari caratterizzati da un&#8217;elevata dinamicit\u00e0 e complessit\u00e0 tattica.<br \/>\nL\u2019innovazione tecnologica \u00e8 stata il fulcro della &#8220;Centauro 5\/26&#8221;. L&#8217;impiego coordinato di droni per la ricognizione avanzata ha permesso di fornire dati in tempo reale per il supporto alle attivit\u00e0 di tiro delle blindo armate Centauro. Parallelamente, sono state testate nuove piattaforme digitali per il comando e controllo, garantendo flussi comunicativi rapidi e protetti tra i vari assetti in campo.<br \/>\nL&#8217;integrazione pluriarma \u00e8 stata garantita dalla partecipazione di reparti specialistici. Il 3\u00b0 reggimento artiglieria terrestre &#8220;da montagna&#8221; ha fornito il Joint Fire Support Team per il coordinamento del fuoco indiretto, mentre il 2\u00b0 reggimento genio guastatori ha schierato un team ACRT (Advanced Combat Reconnaissance Team). Questi ultimi hanno operato in prima<br \/>\nlinea per l&#8217;individuazione e la neutralizzazione di ostacoli e ordigni, garantendo la libert\u00e0 di manovra agli squadroni di cavalleria.<\/p>\n<p>A completare il quadro dell\u2019interoperabilit\u00e0, il supporto aereo fornito da un elicottero NH90 del 5\u00b0 reggimento aviazione dell&#8217;Esercito \u201cRigel\u201d, che ha simulato delicate operazioni di evacuazione medica (MEDEVAC) e recupero feriti, confermando l&#8217;importanza del coordinamento tra terra e aria in contesti di crisi.<\/p>\n<p><strong>PIEMONTE CAVALLERIA: SECOLI DI STORIA<\/strong><br \/>\nFondato nel 1692, il Reggimento Piemonte Cavalleria (2\u00b0) \u00e8 tra i pi\u00f9 antichi dell\u2019Arma. Oggi unit\u00e0 esplorante della Brigata Alpina &#8220;Julia&#8221;, il reggimento \u00e8 costantemente impegnato sia sul territorio nazionale, nell&#8217;operazione &#8220;Strade Sicure&#8221;, sia in contesti internazionali di rilievo come Kosovo, Libano e Ungheria.<\/p>","protected":false},"excerpt":{"rendered":"<p>Al poligono di Cellina Meduna sono stati impegnati i reggimenti Piemonte Cavalleria (2\u00b0) della Brigata \u201cJulia\u201d e Nizza Cavalleria (1\u00b0) della Brigata \u201cTaurinense\u201d Esercitazione &#8220;Centauro 5\/26&#8221;: l&#8217;eccellenza della Cavalleria tra droni e integrazione multidominio Conclusa l&#8217;attivit\u00e0 addestrativa che ha visto operare in sinergia le capacit\u00e0 terrestri, aeree e digitali della Brigata Alpina &#8220;Julia&#8221; e &#8220;Taurinense&#8221;. [&hellip;]<\/p>\n","protected":false},"author":2,"featured_media":170098,"comment_status":"closed","ping_status":"open","sticky":false,"template":"","format":"standard","meta":{"footnotes":""},"categories":[5],"tags":[],"class_list":["post-170097","post","type-post","status-publish","format-standard","has-post-thumbnail","category-cronaca"],"yoast_head":"<!-- This site is optimized with the Yoast SEO plugin v28.4 - https:\/\/yoast.com\/product\/yoast-seo-wordpress\/ -->\n<title>Conclusa l&#039;esercitazione militare Centauro 5\/26 a Cellina Meduna - Bellunopress - Dolomiti<\/title>\n<meta name=\"robots\" content=\"index, follow, max-snippet:-1, max-image-preview:large, max-video-preview:-1\" \/>\n<link rel=\"canonical\" href=\"https:\/\/www.bellunopress.it\/fr\/2026\/05\/14\/conclusa-lesercitazione-militare-centauro-5-26-a-cellina-meduna\/\" \/>\n<meta property=\"og:locale\" content=\"fr_FR\" \/>\n<meta property=\"og:type\" content=\"article\" \/>\n<meta property=\"og:title\" content=\"Conclusa l&#039;esercitazione militare Centauro 5\/26 a Cellina Meduna - Bellunopress - Dolomiti\" \/>\n<meta property=\"og:description\" content=\"Al poligono di Cellina Meduna sono stati impegnati i reggimenti Piemonte Cavalleria (2\u00b0) della Brigata \u201cJulia\u201d e Nizza Cavalleria (1\u00b0) della Brigata \u201cTaurinense\u201d Esercitazione &#8220;Centauro 5\/26&#8221;: l&#8217;eccellenza della Cavalleria tra droni e integrazione multidominio Conclusa l&#8217;attivit\u00e0 addestrativa che ha visto operare in sinergia le capacit\u00e0 terrestri, aeree e digitali della Brigata Alpina &#8220;Julia&#8221; e &#8220;Taurinense&#8221;. [&hellip;]\" \/>\n<meta property=\"og:url\" content=\"https:\/\/www.bellunopress.it\/fr\/2026\/05\/14\/conclusa-lesercitazione-militare-centauro-5-26-a-cellina-meduna\/\" \/>\n<meta property=\"og:site_name\" content=\"Bellunopress - Dolomiti\" \/>\n<meta property=\"article:publisher\" content=\"https:\/\/www.facebook.com\/profile.php?id=100008943462799\" \/>\n<meta property=\"article:published_time\" content=\"2026-05-14T04:45:10+00:00\" \/>\n<meta property=\"og:image\" content=\"https:\/\/www.bellunopress.it\/wp-content\/uploads\/2026\/05\/Elicottero-NH90.jpg\" \/>\n\t<meta property=\"og:image:width\" content=\"500\" \/>\n\t<meta property=\"og:image:height\" content=\"305\" \/>\n\t<meta property=\"og:image:type\" content=\"image\/jpeg\" \/>\n<meta name=\"author\" content=\"redazione\" \/>\n<meta name=\"twitter:card\" content=\"summary_large_image\" \/>\n<meta name=\"twitter:creator\" content=\"@bellunopress\" \/>\n<meta name=\"twitter:site\" content=\"@bellunopress\" \/>\n<meta name=\"twitter:label1\" content=\"\u00c9crit par\" \/>\n\t<meta name=\"twitter:data1\" content=\"redazione\" \/>\n\t<meta name=\"twitter:label2\" content=\"Dur\u00e9e de lecture estim\u00e9e\" \/>\n\t<meta name=\"twitter:data2\" content=\"3 minutes\" \/>\n<script type=\"application\/ld+json\" class=\"yoast-schema-graph\">{\"@context\":\"https:\\\/\\\/schema.org\",\"@graph\":[{\"@type\":\"Article\",\"@id\":\"https:\\\/\\\/www.bellunopress.it\\\/2026\\\/05\\\/14\\\/conclusa-lesercitazione-militare-centauro-5-26-a-cellina-meduna\\\/#article\",\"isPartOf\":{\"@id\":\"https:\\\/\\\/www.bellunopress.it\\\/2026\\\/05\\\/14\\\/conclusa-lesercitazione-militare-centauro-5-26-a-cellina-meduna\\\/\"},\"author\":{\"name\":\"redazione\",\"@id\":\"https:\\\/\\\/www.bellunopress.it\\\/#\\\/schema\\\/person\\\/79bb06722b37ece1c03d3e94beb30d73\"},\"headline\":\"Conclusa l&#8217;esercitazione militare Centauro 5\\\/26 a Cellina Meduna\",\"datePublished\":\"2026-05-14T04:45:10+00:00\",\"mainEntityOfPage\":{\"@id\":\"https:\\\/\\\/www.bellunopress.it\\\/2026\\\/05\\\/14\\\/conclusa-lesercitazione-militare-centauro-5-26-a-cellina-meduna\\\/\"},\"wordCount\":398,\"publisher\":{\"@id\":\"https:\\\/\\\/www.bellunopress.it\\\/#organization\"},\"image\":{\"@id\":\"https:\\\/\\\/www.bellunopress.it\\\/2026\\\/05\\\/14\\\/conclusa-lesercitazione-militare-centauro-5-26-a-cellina-meduna\\\/#primaryimage\"},\"thumbnailUrl\":\"https:\\\/\\\/www.bellunopress.it\\\/wp-content\\\/uploads\\\/2026\\\/05\\\/Elicottero-NH90.jpg\",\"articleSection\":[\"Cronaca\\\/Politica\"],\"inLanguage\":\"fr-FR\"},{\"@type\":\"WebPage\",\"@id\":\"https:\\\/\\\/www.bellunopress.it\\\/2026\\\/05\\\/14\\\/conclusa-lesercitazione-militare-centauro-5-26-a-cellina-meduna\\\/\",\"url\":\"https:\\\/\\\/www.bellunopress.it\\\/2026\\\/05\\\/14\\\/conclusa-lesercitazione-militare-centauro-5-26-a-cellina-meduna\\\/\",\"name\":\"Conclusa l'esercitazione militare Centauro 5\\\/26 a Cellina Meduna - Bellunopress - Dolomiti\",\"isPartOf\":{\"@id\":\"https:\\\/\\\/www.bellunopress.it\\\/#website\"},\"primaryImageOfPage\":{\"@id\":\"https:\\\/\\\/www.bellunopress.it\\\/2026\\\/05\\\/14\\\/conclusa-lesercitazione-militare-centauro-5-26-a-cellina-meduna\\\/#primaryimage\"},\"image\":{\"@id\":\"https:\\\/\\\/www.bellunopress.it\\\/2026\\\/05\\\/14\\\/conclusa-lesercitazione-militare-centauro-5-26-a-cellina-meduna\\\/#primaryimage\"},\"thumbnailUrl\":\"https:\\\/\\\/www.bellunopress.it\\\/wp-content\\\/uploads\\\/2026\\\/05\\\/Elicottero-NH90.jpg\",\"datePublished\":\"2026-05-14T04:45:10+00:00\",\"breadcrumb\":{\"@id\":\"https:\\\/\\\/www.bellunopress.it\\\/2026\\\/05\\\/14\\\/conclusa-lesercitazione-militare-centauro-5-26-a-cellina-meduna\\\/#breadcrumb\"},\"inLanguage\":\"fr-FR\",\"potentialAction\":[{\"@type\":\"ReadAction\",\"target\":[\"https:\\\/\\\/www.bellunopress.it\\\/2026\\\/05\\\/14\\\/conclusa-lesercitazione-militare-centauro-5-26-a-cellina-meduna\\\/\"]}]},{\"@type\":\"ImageObject\",\"inLanguage\":\"fr-FR\",\"@id\":\"https:\\\/\\\/www.bellunopress.it\\\/2026\\\/05\\\/14\\\/conclusa-lesercitazione-militare-centauro-5-26-a-cellina-meduna\\\/#primaryimage\",\"url\":\"https:\\\/\\\/www.bellunopress.it\\\/wp-content\\\/uploads\\\/2026\\\/05\\\/Elicottero-NH90.jpg\",\"contentUrl\":\"https:\\\/\\\/www.bellunopress.it\\\/wp-content\\\/uploads\\\/2026\\\/05\\\/Elicottero-NH90.jpg\",\"width\":500,\"height\":305},{\"@type\":\"BreadcrumbList\",\"@id\":\"https:\\\/\\\/www.bellunopress.it\\\/2026\\\/05\\\/14\\\/conclusa-lesercitazione-militare-centauro-5-26-a-cellina-meduna\\\/#breadcrumb\",\"itemListElement\":[{\"@type\":\"ListItem\",\"position\":1,\"name\":\"Home\",\"item\":\"https:\\\/\\\/www.bellunopress.it\\\/\"},{\"@type\":\"ListItem\",\"position\":2,\"name\":\"Conclusa l&#8217;esercitazione militare Centauro 5\\\/26 a Cellina Meduna\"}]},{\"@type\":\"WebSite\",\"@id\":\"https:\\\/\\\/www.bellunopress.it\\\/#website\",\"url\":\"https:\\\/\\\/www.bellunopress.it\\\/\",\"name\":\"Bellunopress - Dolomiti\",\"description\":\"e-mail: redazione@bellunopress.it\",\"publisher\":{\"@id\":\"https:\\\/\\\/www.bellunopress.it\\\/#organization\"},\"potentialAction\":[{\"@type\":\"SearchAction\",\"target\":{\"@type\":\"EntryPoint\",\"urlTemplate\":\"https:\\\/\\\/www.bellunopress.it\\\/?s={search_term_string}\"},\"query-input\":{\"@type\":\"PropertyValueSpecification\",\"valueRequired\":true,\"valueName\":\"search_term_string\"}}],\"inLanguage\":\"fr-FR\"},{\"@type\":\"Organization\",\"@id\":\"https:\\\/\\\/www.bellunopress.it\\\/#organization\",\"name\":\"Bellunopress\",\"url\":\"https:\\\/\\\/www.bellunopress.it\\\/\",\"logo\":{\"@type\":\"ImageObject\",\"inLanguage\":\"fr-FR\",\"@id\":\"https:\\\/\\\/www.bellunopress.it\\\/#\\\/schema\\\/logo\\\/image\\\/\",\"url\":\"https:\\\/\\\/www.bellunopress.it\\\/wp-content\\\/uploads\\\/2011\\\/05\\\/cropped-logo-bellunopress-.jpg\",\"contentUrl\":\"https:\\\/\\\/www.bellunopress.it\\\/wp-content\\\/uploads\\\/2011\\\/05\\\/cropped-logo-bellunopress-.jpg\",\"width\":512,\"height\":512,\"caption\":\"Bellunopress\"},\"image\":{\"@id\":\"https:\\\/\\\/www.bellunopress.it\\\/#\\\/schema\\\/logo\\\/image\\\/\"},\"sameAs\":[\"https:\\\/\\\/www.facebook.com\\\/profile.php?id=100008943462799\",\"https:\\\/\\\/x.com\\\/bellunopress\",\"https:\\\/\\\/www.linkedin.com\\\/hp\\\/?dnr=JBzUWaJfMUw8vbXJJ2tVW5-I3jZKvC4wsoxE&amp;amp;amp;amp;amp;amp;trk=nav_responsive_tab_home\",\"https:\\\/\\\/www.youtube.com\\\/channel\\\/UCxL0wu1uN0_3_7hGG0306cw\"]},{\"@type\":\"Person\",\"@id\":\"https:\\\/\\\/www.bellunopress.it\\\/#\\\/schema\\\/person\\\/79bb06722b37ece1c03d3e94beb30d73\",\"name\":\"redazione\",\"image\":{\"@type\":\"ImageObject\",\"inLanguage\":\"fr-FR\",\"@id\":\"https:\\\/\\\/secure.gravatar.com\\\/avatar\\\/37d968a2e67a6fd04c169c4bdef102d0bc5d31b2546345219e348575eb80e9a0?s=96&d=mm&r=g\",\"url\":\"https:\\\/\\\/secure.gravatar.com\\\/avatar\\\/37d968a2e67a6fd04c169c4bdef102d0bc5d31b2546345219e348575eb80e9a0?s=96&d=mm&r=g\",\"contentUrl\":\"https:\\\/\\\/secure.gravatar.com\\\/avatar\\\/37d968a2e67a6fd04c169c4bdef102d0bc5d31b2546345219e348575eb80e9a0?s=96&d=mm&r=g\",\"caption\":\"redazione\"},\"sameAs\":[\"http:\\\/\\\/www.bellunopress.it\",\"https:\\\/\\\/x.com\\\/bellunopress\"],\"url\":\"https:\\\/\\\/www.bellunopress.it\\\/fr\\\/author\\\/redazione\\\/\"}]}<\/script>\n<!-- \/ Yoast SEO plugin. -->","yoast_head_json":{"title":"Conclusa l'esercitazione militare Centauro 5\/26 a Cellina Meduna - Bellunopress - Dolomiti","robots":{"index":"index","follow":"follow","max-snippet":"max-snippet:-1","max-image-preview":"max-image-preview:large","max-video-preview":"max-video-preview:-1"},"canonical":"https:\/\/www.bellunopress.it\/fr\/2026\/05\/14\/conclusa-lesercitazione-militare-centauro-5-26-a-cellina-meduna\/","og_locale":"fr_FR","og_type":"article","og_title":"Conclusa l'esercitazione militare Centauro 5\/26 a Cellina Meduna - Bellunopress - Dolomiti","og_description":"Al poligono di Cellina Meduna sono stati impegnati i reggimenti Piemonte Cavalleria (2\u00b0) della Brigata \u201cJulia\u201d e Nizza Cavalleria (1\u00b0) della Brigata \u201cTaurinense\u201d Esercitazione &#8220;Centauro 5\/26&#8221;: l&#8217;eccellenza della Cavalleria tra droni e integrazione multidominio Conclusa l&#8217;attivit\u00e0 addestrativa che ha visto operare in sinergia le capacit\u00e0 terrestri, aeree e digitali della Brigata Alpina &#8220;Julia&#8221; e &#8220;Taurinense&#8221;. [&hellip;]","og_url":"https:\/\/www.bellunopress.it\/fr\/2026\/05\/14\/conclusa-lesercitazione-militare-centauro-5-26-a-cellina-meduna\/","og_site_name":"Bellunopress - Dolomiti","article_publisher":"https:\/\/www.facebook.com\/profile.php?id=100008943462799","article_published_time":"2026-05-14T04:45:10+00:00","og_image":[{"width":500,"height":305,"url":"https:\/\/www.bellunopress.it\/wp-content\/uploads\/2026\/05\/Elicottero-NH90.jpg","type":"image\/jpeg"}],"author":"redazione","twitter_card":"summary_large_image","twitter_creator":"@bellunopress","twitter_site":"@bellunopress","twitter_misc":{"\u00c9crit par":"redazione","Dur\u00e9e de lecture estim\u00e9e":"3 minutes"},"schema":{"@context":"https:\/\/schema.org","@graph":[{"@type":"Article","@id":"https:\/\/www.bellunopress.it\/2026\/05\/14\/conclusa-lesercitazione-militare-centauro-5-26-a-cellina-meduna\/#article","isPartOf":{"@id":"https:\/\/www.bellunopress.it\/2026\/05\/14\/conclusa-lesercitazione-militare-centauro-5-26-a-cellina-meduna\/"},"author":{"name":"redazione","@id":"https:\/\/www.bellunopress.it\/#\/schema\/person\/79bb06722b37ece1c03d3e94beb30d73"},"headline":"Conclusa l&#8217;esercitazione militare Centauro 5\/26 a Cellina Meduna","datePublished":"2026-05-14T04:45:10+00:00","mainEntityOfPage":{"@id":"https:\/\/www.bellunopress.it\/2026\/05\/14\/conclusa-lesercitazione-militare-centauro-5-26-a-cellina-meduna\/"},"wordCount":398,"publisher":{"@id":"https:\/\/www.bellunopress.it\/#organization"},"image":{"@id":"https:\/\/www.bellunopress.it\/2026\/05\/14\/conclusa-lesercitazione-militare-centauro-5-26-a-cellina-meduna\/#primaryimage"},"thumbnailUrl":"https:\/\/www.bellunopress.it\/wp-content\/uploads\/2026\/05\/Elicottero-NH90.jpg","articleSection":["Cronaca\/Politica"],"inLanguage":"fr-FR"},{"@type":"WebPage","@id":"https:\/\/www.bellunopress.it\/2026\/05\/14\/conclusa-lesercitazione-militare-centauro-5-26-a-cellina-meduna\/","url":"https:\/\/www.bellunopress.it\/2026\/05\/14\/conclusa-lesercitazione-militare-centauro-5-26-a-cellina-meduna\/","name":"Conclusa l'esercitazione militare Centauro 5\/26 a Cellina Meduna - Bellunopress - Dolomiti","isPartOf":{"@id":"https:\/\/www.bellunopress.it\/#website"},"primaryImageOfPage":{"@id":"https:\/\/www.bellunopress.it\/2026\/05\/14\/conclusa-lesercitazione-militare-centauro-5-26-a-cellina-meduna\/#primaryimage"},"image":{"@id":"https:\/\/www.bellunopress.it\/2026\/05\/14\/conclusa-lesercitazione-militare-centauro-5-26-a-cellina-meduna\/#primaryimage"},"thumbnailUrl":"https:\/\/www.bellunopress.it\/wp-content\/uploads\/2026\/05\/Elicottero-NH90.jpg","datePublished":"2026-05-14T04:45:10+00:00","breadcrumb":{"@id":"https:\/\/www.bellunopress.it\/2026\/05\/14\/conclusa-lesercitazione-militare-centauro-5-26-a-cellina-meduna\/#breadcrumb"},"inLanguage":"fr-FR","potentialAction":[{"@type":"ReadAction","target":["https:\/\/www.bellunopress.it\/2026\/05\/14\/conclusa-lesercitazione-militare-centauro-5-26-a-cellina-meduna\/"]}]},{"@type":"ImageObject","inLanguage":"fr-FR","@id":"https:\/\/www.bellunopress.it\/2026\/05\/14\/conclusa-lesercitazione-militare-centauro-5-26-a-cellina-meduna\/#primaryimage","url":"https:\/\/www.bellunopress.it\/wp-content\/uploads\/2026\/05\/Elicottero-NH90.jpg","contentUrl":"https:\/\/www.bellunopress.it\/wp-content\/uploads\/2026\/05\/Elicottero-NH90.jpg","width":500,"height":305},{"@type":"BreadcrumbList","@id":"https:\/\/www.bellunopress.it\/2026\/05\/14\/conclusa-lesercitazione-militare-centauro-5-26-a-cellina-meduna\/#breadcrumb","itemListElement":[{"@type":"ListItem","position":1,"name":"Home","item":"https:\/\/www.bellunopress.it\/"},{"@type":"ListItem","position":2,"name":"Conclusa l&#8217;esercitazione militare Centauro 5\/26 a Cellina Meduna"}]},{"@type":"WebSite","@id":"https:\/\/www.bellunopress.it\/#website","url":"https:\/\/www.bellunopress.it\/","name":"Bellunopress - Dolomiti","description":"e-mail: redazione@bellunopress.it","publisher":{"@id":"https:\/\/www.bellunopress.it\/#organization"},"potentialAction":[{"@type":"SearchAction","target":{"@type":"EntryPoint","urlTemplate":"https:\/\/www.bellunopress.it\/?s={search_term_string}"},"query-input":{"@type":"PropertyValueSpecification","valueRequired":true,"valueName":"search_term_string"}}],"inLanguage":"fr-FR"},{"@type":"Organization","@id":"https:\/\/www.bellunopress.it\/#organization","name":"Bellunopress","url":"https:\/\/www.bellunopress.it\/","logo":{"@type":"ImageObject","inLanguage":"fr-FR","@id":"https:\/\/www.bellunopress.it\/#\/schema\/logo\/image\/","url":"https:\/\/www.bellunopress.it\/wp-content\/uploads\/2011\/05\/cropped-logo-bellunopress-.jpg","contentUrl":"https:\/\/www.bellunopress.it\/wp-content\/uploads\/2011\/05\/cropped-logo-bellunopress-.jpg","width":512,"height":512,"caption":"Bellunopress"},"image":{"@id":"https:\/\/www.bellunopress.it\/#\/schema\/logo\/image\/"},"sameAs":["https:\/\/www.facebook.com\/profile.php?id=100008943462799","https:\/\/x.com\/bellunopress","https:\/\/www.linkedin.com\/hp\/?dnr=JBzUWaJfMUw8vbXJJ2tVW5-I3jZKvC4wsoxE&amp;amp;amp;amp;amp;amp;trk=nav_responsive_tab_home","https:\/\/www.youtube.com\/channel\/UCxL0wu1uN0_3_7hGG0306cw"]},{"@type":"Person","@id":"https:\/\/www.bellunopress.it\/#\/schema\/person\/79bb06722b37ece1c03d3e94beb30d73","name":"r\u00e9daction","image":{"@type":"ImageObject","inLanguage":"fr-FR","@id":"https:\/\/secure.gravatar.com\/avatar\/37d968a2e67a6fd04c169c4bdef102d0bc5d31b2546345219e348575eb80e9a0?s=96&d=mm&r=g","url":"https:\/\/secure.gravatar.com\/avatar\/37d968a2e67a6fd04c169c4bdef102d0bc5d31b2546345219e348575eb80e9a0?s=96&d=mm&r=g","contentUrl":"https:\/\/secure.gravatar.com\/avatar\/37d968a2e67a6fd04c169c4bdef102d0bc5d31b2546345219e348575eb80e9a0?s=96&d=mm&r=g","caption":"redazione"},"sameAs":["http:\/\/www.bellunopress.it","https:\/\/x.com\/bellunopress"],"url":"https:\/\/www.bellunopress.it\/fr\/author\/redazione\/"}]}},"_links":{"self":[{"href":"https:\/\/www.bellunopress.it\/fr\/wp-json\/wp\/v2\/posts\/170097","targetHints":{"allow":["GET"]}}],"collection":[{"href":"https:\/\/www.bellunopress.it\/fr\/wp-json\/wp\/v2\/posts"}],"about":[{"href":"https:\/\/www.bellunopress.it\/fr\/wp-json\/wp\/v2\/types\/post"}],"author":[{"embeddable":true,"href":"https:\/\/www.bellunopress.it\/fr\/wp-json\/wp\/v2\/users\/2"}],"replies":[{"embeddable":true,"href":"https:\/\/www.bellunopress.it\/fr\/wp-json\/wp\/v2\/comments?post=170097"}],"version-history":[{"count":1,"href":"https:\/\/www.bellunopress.it\/fr\/wp-json\/wp\/v2\/posts\/170097\/revisions"}],"predecessor-version":[{"id":170099,"href":"https:\/\/www.bellunopress.it\/fr\/wp-json\/wp\/v2\/posts\/170097\/revisions\/170099"}],"wp:featuredmedia":[{"embeddable":true,"href":"https:\/\/www.bellunopress.it\/fr\/wp-json\/wp\/v2\/media\/170098"}],"wp:attachment":[{"href":"https:\/\/www.bellunopress.it\/fr\/wp-json\/wp\/v2\/media?parent=170097"}],"wp:term":[{"taxonomy":"category","embeddable":true,"href":"https:\/\/www.bellunopress.it\/fr\/wp-json\/wp\/v2\/categories?post=170097"},{"taxonomy":"post_tag","embeddable":true,"href":"https:\/\/www.bellunopress.it\/fr\/wp-json\/wp\/v2\/tags?post=170097"}],"curies":[{"name":"wp","href":"https:\/\/api.w.org\/{rel}","templated":true}]}}