{"id":170094,"date":"2026-05-13T18:54:37","date_gmt":"2026-05-13T16:54:37","guid":{"rendered":"https:\/\/www.bellunopress.it\/?p=170094"},"modified":"2026-05-13T18:54:37","modified_gmt":"2026-05-13T16:54:37","slug":"belluno-nuovo-sviluppo-residenziale-a-mur-di-cadola-al-via-le-opere-di-urbanizzazione","status":"publish","type":"post","link":"https:\/\/www.bellunopress.it\/fr\/2026\/05\/13\/belluno-nuovo-sviluppo-residenziale-a-mur-di-cadola-al-via-le-opere-di-urbanizzazione\/","title":{"rendered":"Belluno. Nuovo sviluppo residenziale a Mur di Cadola: al via le opere di urbanizzazione"},"content":{"rendered":"<p><strong>L&#8217;intervento nell&#8217;ambito del P.U.A. trasformer\u00e0 l&#8217;area adiacente alle scuole<\/strong><\/p>\n<p>Belluno, 13 Maggio 2026 \u2014\u00a0\u00a0Un nuovo tassello si aggiunge allo sviluppo urbano della citt\u00e0 di Belluno. Sono ufficialmente partiti i lavori nell&#8217;area di Mur di Cadola, in una zona di particolare interesse vista la vicinanza con i poli scolastici del quartiere. Come indicato dai cartelli di cantiere recentemente affissi, l&#8217;intervento riguarda la realizzazione delle opere di urbanizzazione primaria relative al Piano Urbanistico Attuativo (P.U.A.) denominato &#8220;Cavarzano &#8211; Ambito 2 Sud&#8221;.<br \/>\nIl via libera definitivo \u00e8 arrivato lo scorso 7 maggio 2026, con il rilascio del Permesso di Costruire n. 17 da parte del Comune di Belluno. La pratica edilizia (PE-0079-2026), istruita dal SUE SUAP, segna l&#8217;inizio della fase operativa di un progetto che ha visto una lunga gestazione burocratica, inclusa la stipula di una convenzione per l&#8217;attuazione del P.U.A. firmata davanti al notaio nel febbraio scorso.<\/p>\n<p>I lavori sono iniziati formalmente l&#8217;8 maggio 2026.\u00a0Il committente dell&#8217;opera \u00e8 la societ\u00e0 Doma Immobiliare srl e l&#8217;impresa esecutrice incaricata \u00e8 la Costruzioni Ferrara srl con sede ad Agordo, che ha gi\u00e0 provveduto alla posa delle recinzioni e alla segnaletica di sicurezza.<\/p>\n<p>Il progetto architettonico e la direzione dei lavori sono stati affidati all&#8217;architetto Elvi Bortot. Per quanto riguarda la parte strutturale, la responsabilit\u00e0 \u00e8 in capo all&#8217;ingegner Luigi Bray. La sicurezza, \u00e8 coordinata dall&#8217;architetto Vincenzo<br \/>\nDaniele, sia in fase di progettazione che di esecuzione.<\/p>\n<p>L&#8217;intervento, che rientra nell&#8217;ambito &#8220;Ambito 2 Sud&#8221;, prevede non solo la costruzione di nuovi volumi, ma anche l&#8217;integrazione di servizi e infrastrutture (urbanizzazioni primarie) che andranno a beneficio della viabilit\u00e0 e della vivibilit\u00e0 del quartiere di Cavarzano. L&#8217;inizio delle attivit\u00e0 segna un punto di svolta per la riqualificazione di quest&#8217;area verde residua.<\/p>","protected":false},"excerpt":{"rendered":"<p>L&#8217;intervento nell&#8217;ambito del P.U.A. trasformer\u00e0 l&#8217;area adiacente alle scuole Belluno, 13 Maggio 2026 \u2014\u00a0\u00a0Un nuovo tassello si aggiunge allo sviluppo urbano della citt\u00e0 di Belluno. Sono ufficialmente partiti i lavori nell&#8217;area di Mur di Cadola, in una zona di particolare interesse vista la vicinanza con i poli scolastici del quartiere. Come indicato dai cartelli di [&hellip;]<\/p>\n","protected":false},"author":2,"featured_media":170095,"comment_status":"closed","ping_status":"open","sticky":false,"template":"","format":"standard","meta":{"footnotes":""},"categories":[26,8],"tags":[],"class_list":["post-170094","post","type-post","status-publish","format-standard","has-post-thumbnail","category-prima-pagina","category-societa-istituzioni"],"yoast_head":"<!-- This site is optimized with the Yoast SEO plugin v28.4 - https:\/\/yoast.com\/product\/yoast-seo-wordpress\/ -->\n<title>Belluno. Nuovo sviluppo residenziale a Mur di Cadola: al via le opere di urbanizzazione - Bellunopress - Dolomiti<\/title>\n<meta name=\"robots\" content=\"index, follow, max-snippet:-1, max-image-preview:large, max-video-preview:-1\" \/>\n<link rel=\"canonical\" href=\"https:\/\/www.bellunopress.it\/fr\/2026\/05\/13\/belluno-nuovo-sviluppo-residenziale-a-mur-di-cadola-al-via-le-opere-di-urbanizzazione\/\" \/>\n<meta property=\"og:locale\" content=\"fr_FR\" \/>\n<meta property=\"og:type\" content=\"article\" \/>\n<meta property=\"og:title\" content=\"Belluno. Nuovo sviluppo residenziale a Mur di Cadola: al via le opere di urbanizzazione - Bellunopress - Dolomiti\" \/>\n<meta property=\"og:description\" content=\"L&#8217;intervento nell&#8217;ambito del P.U.A. trasformer\u00e0 l&#8217;area adiacente alle scuole Belluno, 13 Maggio 2026 \u2014\u00a0\u00a0Un nuovo tassello si aggiunge allo sviluppo urbano della citt\u00e0 di Belluno. Sono ufficialmente partiti i lavori nell&#8217;area di Mur di Cadola, in una zona di particolare interesse vista la vicinanza con i poli scolastici del quartiere. Come indicato dai cartelli di [&hellip;]\" \/>\n<meta property=\"og:url\" content=\"https:\/\/www.bellunopress.it\/fr\/2026\/05\/13\/belluno-nuovo-sviluppo-residenziale-a-mur-di-cadola-al-via-le-opere-di-urbanizzazione\/\" \/>\n<meta property=\"og:site_name\" content=\"Bellunopress - Dolomiti\" \/>\n<meta property=\"article:publisher\" content=\"https:\/\/www.facebook.com\/profile.php?id=100008943462799\" \/>\n<meta property=\"article:published_time\" content=\"2026-05-13T16:54:37+00:00\" \/>\n<meta property=\"og:image\" content=\"https:\/\/www.bellunopress.it\/wp-content\/uploads\/2026\/05\/cantiere-mur-di-cadola-3.jpg\" \/>\n\t<meta property=\"og:image:width\" content=\"600\" \/>\n\t<meta property=\"og:image:height\" content=\"270\" \/>\n\t<meta property=\"og:image:type\" content=\"image\/jpeg\" \/>\n<meta name=\"author\" content=\"redazione\" \/>\n<meta name=\"twitter:card\" content=\"summary_large_image\" \/>\n<meta name=\"twitter:creator\" content=\"@bellunopress\" \/>\n<meta name=\"twitter:site\" content=\"@bellunopress\" \/>\n<meta name=\"twitter:label1\" content=\"Written by\" \/>\n\t<meta name=\"twitter:data1\" content=\"redazione\" \/>\n\t<meta name=\"twitter:label2\" content=\"Est. reading time\" \/>\n\t<meta name=\"twitter:data2\" content=\"2 minutes\" \/>\n<script type=\"application\/ld+json\" class=\"yoast-schema-graph\">{\"@context\":\"https:\\\/\\\/schema.org\",\"@graph\":[{\"@type\":\"Article\",\"@id\":\"https:\\\/\\\/www.bellunopress.it\\\/2026\\\/05\\\/13\\\/belluno-nuovo-sviluppo-residenziale-a-mur-di-cadola-al-via-le-opere-di-urbanizzazione\\\/#article\",\"isPartOf\":{\"@id\":\"https:\\\/\\\/www.bellunopress.it\\\/2026\\\/05\\\/13\\\/belluno-nuovo-sviluppo-residenziale-a-mur-di-cadola-al-via-le-opere-di-urbanizzazione\\\/\"},\"author\":{\"name\":\"redazione\",\"@id\":\"https:\\\/\\\/www.bellunopress.it\\\/#\\\/schema\\\/person\\\/79bb06722b37ece1c03d3e94beb30d73\"},\"headline\":\"Belluno. Nuovo sviluppo residenziale a Mur di Cadola: al via le opere di urbanizzazione\",\"datePublished\":\"2026-05-13T16:54:37+00:00\",\"mainEntityOfPage\":{\"@id\":\"https:\\\/\\\/www.bellunopress.it\\\/2026\\\/05\\\/13\\\/belluno-nuovo-sviluppo-residenziale-a-mur-di-cadola-al-via-le-opere-di-urbanizzazione\\\/\"},\"wordCount\":308,\"publisher\":{\"@id\":\"https:\\\/\\\/www.bellunopress.it\\\/#organization\"},\"image\":{\"@id\":\"https:\\\/\\\/www.bellunopress.it\\\/2026\\\/05\\\/13\\\/belluno-nuovo-sviluppo-residenziale-a-mur-di-cadola-al-via-le-opere-di-urbanizzazione\\\/#primaryimage\"},\"thumbnailUrl\":\"https:\\\/\\\/www.bellunopress.it\\\/wp-content\\\/uploads\\\/2026\\\/05\\\/cantiere-mur-di-cadola-3.jpg\",\"articleSection\":[\"Prima Pagina\",\"Societ\u00e0, Associazioni, Istituzioni\"],\"inLanguage\":\"fr-FR\"},{\"@type\":\"WebPage\",\"@id\":\"https:\\\/\\\/www.bellunopress.it\\\/2026\\\/05\\\/13\\\/belluno-nuovo-sviluppo-residenziale-a-mur-di-cadola-al-via-le-opere-di-urbanizzazione\\\/\",\"url\":\"https:\\\/\\\/www.bellunopress.it\\\/2026\\\/05\\\/13\\\/belluno-nuovo-sviluppo-residenziale-a-mur-di-cadola-al-via-le-opere-di-urbanizzazione\\\/\",\"name\":\"Belluno. Nuovo sviluppo residenziale a Mur di Cadola: al via le opere di urbanizzazione - Bellunopress - Dolomiti\",\"isPartOf\":{\"@id\":\"https:\\\/\\\/www.bellunopress.it\\\/#website\"},\"primaryImageOfPage\":{\"@id\":\"https:\\\/\\\/www.bellunopress.it\\\/2026\\\/05\\\/13\\\/belluno-nuovo-sviluppo-residenziale-a-mur-di-cadola-al-via-le-opere-di-urbanizzazione\\\/#primaryimage\"},\"image\":{\"@id\":\"https:\\\/\\\/www.bellunopress.it\\\/2026\\\/05\\\/13\\\/belluno-nuovo-sviluppo-residenziale-a-mur-di-cadola-al-via-le-opere-di-urbanizzazione\\\/#primaryimage\"},\"thumbnailUrl\":\"https:\\\/\\\/www.bellunopress.it\\\/wp-content\\\/uploads\\\/2026\\\/05\\\/cantiere-mur-di-cadola-3.jpg\",\"datePublished\":\"2026-05-13T16:54:37+00:00\",\"breadcrumb\":{\"@id\":\"https:\\\/\\\/www.bellunopress.it\\\/2026\\\/05\\\/13\\\/belluno-nuovo-sviluppo-residenziale-a-mur-di-cadola-al-via-le-opere-di-urbanizzazione\\\/#breadcrumb\"},\"inLanguage\":\"fr-FR\",\"potentialAction\":[{\"@type\":\"ReadAction\",\"target\":[\"https:\\\/\\\/www.bellunopress.it\\\/2026\\\/05\\\/13\\\/belluno-nuovo-sviluppo-residenziale-a-mur-di-cadola-al-via-le-opere-di-urbanizzazione\\\/\"]}]},{\"@type\":\"ImageObject\",\"inLanguage\":\"fr-FR\",\"@id\":\"https:\\\/\\\/www.bellunopress.it\\\/2026\\\/05\\\/13\\\/belluno-nuovo-sviluppo-residenziale-a-mur-di-cadola-al-via-le-opere-di-urbanizzazione\\\/#primaryimage\",\"url\":\"https:\\\/\\\/www.bellunopress.it\\\/wp-content\\\/uploads\\\/2026\\\/05\\\/cantiere-mur-di-cadola-3.jpg\",\"contentUrl\":\"https:\\\/\\\/www.bellunopress.it\\\/wp-content\\\/uploads\\\/2026\\\/05\\\/cantiere-mur-di-cadola-3.jpg\",\"width\":600,\"height\":270},{\"@type\":\"BreadcrumbList\",\"@id\":\"https:\\\/\\\/www.bellunopress.it\\\/2026\\\/05\\\/13\\\/belluno-nuovo-sviluppo-residenziale-a-mur-di-cadola-al-via-le-opere-di-urbanizzazione\\\/#breadcrumb\",\"itemListElement\":[{\"@type\":\"ListItem\",\"position\":1,\"name\":\"Home\",\"item\":\"https:\\\/\\\/www.bellunopress.it\\\/\"},{\"@type\":\"ListItem\",\"position\":2,\"name\":\"Belluno. Nuovo sviluppo residenziale a Mur di Cadola: al via le opere di urbanizzazione\"}]},{\"@type\":\"WebSite\",\"@id\":\"https:\\\/\\\/www.bellunopress.it\\\/#website\",\"url\":\"https:\\\/\\\/www.bellunopress.it\\\/\",\"name\":\"Bellunopress - Dolomiti\",\"description\":\"e-mail: redazione@bellunopress.it\",\"publisher\":{\"@id\":\"https:\\\/\\\/www.bellunopress.it\\\/#organization\"},\"potentialAction\":[{\"@type\":\"SearchAction\",\"target\":{\"@type\":\"EntryPoint\",\"urlTemplate\":\"https:\\\/\\\/www.bellunopress.it\\\/?s={search_term_string}\"},\"query-input\":{\"@type\":\"PropertyValueSpecification\",\"valueRequired\":true,\"valueName\":\"search_term_string\"}}],\"inLanguage\":\"fr-FR\"},{\"@type\":\"Organization\",\"@id\":\"https:\\\/\\\/www.bellunopress.it\\\/#organization\",\"name\":\"Bellunopress\",\"url\":\"https:\\\/\\\/www.bellunopress.it\\\/\",\"logo\":{\"@type\":\"ImageObject\",\"inLanguage\":\"fr-FR\",\"@id\":\"https:\\\/\\\/www.bellunopress.it\\\/#\\\/schema\\\/logo\\\/image\\\/\",\"url\":\"https:\\\/\\\/www.bellunopress.it\\\/wp-content\\\/uploads\\\/2011\\\/05\\\/cropped-logo-bellunopress-.jpg\",\"contentUrl\":\"https:\\\/\\\/www.bellunopress.it\\\/wp-content\\\/uploads\\\/2011\\\/05\\\/cropped-logo-bellunopress-.jpg\",\"width\":512,\"height\":512,\"caption\":\"Bellunopress\"},\"image\":{\"@id\":\"https:\\\/\\\/www.bellunopress.it\\\/#\\\/schema\\\/logo\\\/image\\\/\"},\"sameAs\":[\"https:\\\/\\\/www.facebook.com\\\/profile.php?id=100008943462799\",\"https:\\\/\\\/x.com\\\/bellunopress\",\"https:\\\/\\\/www.linkedin.com\\\/hp\\\/?dnr=JBzUWaJfMUw8vbXJJ2tVW5-I3jZKvC4wsoxE&amp;amp;amp;amp;amp;amp;trk=nav_responsive_tab_home\",\"https:\\\/\\\/www.youtube.com\\\/channel\\\/UCxL0wu1uN0_3_7hGG0306cw\"]},{\"@type\":\"Person\",\"@id\":\"https:\\\/\\\/www.bellunopress.it\\\/#\\\/schema\\\/person\\\/79bb06722b37ece1c03d3e94beb30d73\",\"name\":\"redazione\",\"image\":{\"@type\":\"ImageObject\",\"inLanguage\":\"fr-FR\",\"@id\":\"https:\\\/\\\/secure.gravatar.com\\\/avatar\\\/37d968a2e67a6fd04c169c4bdef102d0bc5d31b2546345219e348575eb80e9a0?s=96&d=mm&r=g\",\"url\":\"https:\\\/\\\/secure.gravatar.com\\\/avatar\\\/37d968a2e67a6fd04c169c4bdef102d0bc5d31b2546345219e348575eb80e9a0?s=96&d=mm&r=g\",\"contentUrl\":\"https:\\\/\\\/secure.gravatar.com\\\/avatar\\\/37d968a2e67a6fd04c169c4bdef102d0bc5d31b2546345219e348575eb80e9a0?s=96&d=mm&r=g\",\"caption\":\"redazione\"},\"sameAs\":[\"http:\\\/\\\/www.bellunopress.it\",\"https:\\\/\\\/x.com\\\/bellunopress\"],\"url\":\"https:\\\/\\\/www.bellunopress.it\\\/fr\\\/author\\\/redazione\\\/\"}]}<\/script>\n<!-- \/ Yoast SEO plugin. -->","yoast_head_json":{"title":"Belluno. Nuovo sviluppo residenziale a Mur di Cadola: al via le opere di urbanizzazione - Bellunopress - Dolomiti","robots":{"index":"index","follow":"follow","max-snippet":"max-snippet:-1","max-image-preview":"max-image-preview:large","max-video-preview":"max-video-preview:-1"},"canonical":"https:\/\/www.bellunopress.it\/fr\/2026\/05\/13\/belluno-nuovo-sviluppo-residenziale-a-mur-di-cadola-al-via-le-opere-di-urbanizzazione\/","og_locale":"fr_FR","og_type":"article","og_title":"Belluno. Nuovo sviluppo residenziale a Mur di Cadola: al via le opere di urbanizzazione - Bellunopress - Dolomiti","og_description":"L&#8217;intervento nell&#8217;ambito del P.U.A. trasformer\u00e0 l&#8217;area adiacente alle scuole Belluno, 13 Maggio 2026 \u2014\u00a0\u00a0Un nuovo tassello si aggiunge allo sviluppo urbano della citt\u00e0 di Belluno. Sono ufficialmente partiti i lavori nell&#8217;area di Mur di Cadola, in una zona di particolare interesse vista la vicinanza con i poli scolastici del quartiere. Come indicato dai cartelli di [&hellip;]","og_url":"https:\/\/www.bellunopress.it\/fr\/2026\/05\/13\/belluno-nuovo-sviluppo-residenziale-a-mur-di-cadola-al-via-le-opere-di-urbanizzazione\/","og_site_name":"Bellunopress - Dolomiti","article_publisher":"https:\/\/www.facebook.com\/profile.php?id=100008943462799","article_published_time":"2026-05-13T16:54:37+00:00","og_image":[{"width":600,"height":270,"url":"https:\/\/www.bellunopress.it\/wp-content\/uploads\/2026\/05\/cantiere-mur-di-cadola-3.jpg","type":"image\/jpeg"}],"author":"redazione","twitter_card":"summary_large_image","twitter_creator":"@bellunopress","twitter_site":"@bellunopress","twitter_misc":{"Written by":"redazione","Est. reading time":"2 minutes"},"schema":{"@context":"https:\/\/schema.org","@graph":[{"@type":"Article","@id":"https:\/\/www.bellunopress.it\/2026\/05\/13\/belluno-nuovo-sviluppo-residenziale-a-mur-di-cadola-al-via-le-opere-di-urbanizzazione\/#article","isPartOf":{"@id":"https:\/\/www.bellunopress.it\/2026\/05\/13\/belluno-nuovo-sviluppo-residenziale-a-mur-di-cadola-al-via-le-opere-di-urbanizzazione\/"},"author":{"name":"redazione","@id":"https:\/\/www.bellunopress.it\/#\/schema\/person\/79bb06722b37ece1c03d3e94beb30d73"},"headline":"Belluno. Nuovo sviluppo residenziale a Mur di Cadola: al via le opere di urbanizzazione","datePublished":"2026-05-13T16:54:37+00:00","mainEntityOfPage":{"@id":"https:\/\/www.bellunopress.it\/2026\/05\/13\/belluno-nuovo-sviluppo-residenziale-a-mur-di-cadola-al-via-le-opere-di-urbanizzazione\/"},"wordCount":308,"publisher":{"@id":"https:\/\/www.bellunopress.it\/#organization"},"image":{"@id":"https:\/\/www.bellunopress.it\/2026\/05\/13\/belluno-nuovo-sviluppo-residenziale-a-mur-di-cadola-al-via-le-opere-di-urbanizzazione\/#primaryimage"},"thumbnailUrl":"https:\/\/www.bellunopress.it\/wp-content\/uploads\/2026\/05\/cantiere-mur-di-cadola-3.jpg","articleSection":["Prima Pagina","Societ\u00e0, Associazioni, Istituzioni"],"inLanguage":"fr-FR"},{"@type":"WebPage","@id":"https:\/\/www.bellunopress.it\/2026\/05\/13\/belluno-nuovo-sviluppo-residenziale-a-mur-di-cadola-al-via-le-opere-di-urbanizzazione\/","url":"https:\/\/www.bellunopress.it\/2026\/05\/13\/belluno-nuovo-sviluppo-residenziale-a-mur-di-cadola-al-via-le-opere-di-urbanizzazione\/","name":"Belluno. Nuovo sviluppo residenziale a Mur di Cadola: al via le opere di urbanizzazione - Bellunopress - Dolomiti","isPartOf":{"@id":"https:\/\/www.bellunopress.it\/#website"},"primaryImageOfPage":{"@id":"https:\/\/www.bellunopress.it\/2026\/05\/13\/belluno-nuovo-sviluppo-residenziale-a-mur-di-cadola-al-via-le-opere-di-urbanizzazione\/#primaryimage"},"image":{"@id":"https:\/\/www.bellunopress.it\/2026\/05\/13\/belluno-nuovo-sviluppo-residenziale-a-mur-di-cadola-al-via-le-opere-di-urbanizzazione\/#primaryimage"},"thumbnailUrl":"https:\/\/www.bellunopress.it\/wp-content\/uploads\/2026\/05\/cantiere-mur-di-cadola-3.jpg","datePublished":"2026-05-13T16:54:37+00:00","breadcrumb":{"@id":"https:\/\/www.bellunopress.it\/2026\/05\/13\/belluno-nuovo-sviluppo-residenziale-a-mur-di-cadola-al-via-le-opere-di-urbanizzazione\/#breadcrumb"},"inLanguage":"fr-FR","potentialAction":[{"@type":"ReadAction","target":["https:\/\/www.bellunopress.it\/2026\/05\/13\/belluno-nuovo-sviluppo-residenziale-a-mur-di-cadola-al-via-le-opere-di-urbanizzazione\/"]}]},{"@type":"ImageObject","inLanguage":"fr-FR","@id":"https:\/\/www.bellunopress.it\/2026\/05\/13\/belluno-nuovo-sviluppo-residenziale-a-mur-di-cadola-al-via-le-opere-di-urbanizzazione\/#primaryimage","url":"https:\/\/www.bellunopress.it\/wp-content\/uploads\/2026\/05\/cantiere-mur-di-cadola-3.jpg","contentUrl":"https:\/\/www.bellunopress.it\/wp-content\/uploads\/2026\/05\/cantiere-mur-di-cadola-3.jpg","width":600,"height":270},{"@type":"BreadcrumbList","@id":"https:\/\/www.bellunopress.it\/2026\/05\/13\/belluno-nuovo-sviluppo-residenziale-a-mur-di-cadola-al-via-le-opere-di-urbanizzazione\/#breadcrumb","itemListElement":[{"@type":"ListItem","position":1,"name":"Home","item":"https:\/\/www.bellunopress.it\/"},{"@type":"ListItem","position":2,"name":"Belluno. Nuovo sviluppo residenziale a Mur di Cadola: al via le opere di urbanizzazione"}]},{"@type":"WebSite","@id":"https:\/\/www.bellunopress.it\/#website","url":"https:\/\/www.bellunopress.it\/","name":"Bellunopress - Dolomiti","description":"e-mail: redazione@bellunopress.it","publisher":{"@id":"https:\/\/www.bellunopress.it\/#organization"},"potentialAction":[{"@type":"SearchAction","target":{"@type":"EntryPoint","urlTemplate":"https:\/\/www.bellunopress.it\/?s={search_term_string}"},"query-input":{"@type":"PropertyValueSpecification","valueRequired":true,"valueName":"search_term_string"}}],"inLanguage":"fr-FR"},{"@type":"Organization","@id":"https:\/\/www.bellunopress.it\/#organization","name":"Bellunopress","url":"https:\/\/www.bellunopress.it\/","logo":{"@type":"ImageObject","inLanguage":"fr-FR","@id":"https:\/\/www.bellunopress.it\/#\/schema\/logo\/image\/","url":"https:\/\/www.bellunopress.it\/wp-content\/uploads\/2011\/05\/cropped-logo-bellunopress-.jpg","contentUrl":"https:\/\/www.bellunopress.it\/wp-content\/uploads\/2011\/05\/cropped-logo-bellunopress-.jpg","width":512,"height":512,"caption":"Bellunopress"},"image":{"@id":"https:\/\/www.bellunopress.it\/#\/schema\/logo\/image\/"},"sameAs":["https:\/\/www.facebook.com\/profile.php?id=100008943462799","https:\/\/x.com\/bellunopress","https:\/\/www.linkedin.com\/hp\/?dnr=JBzUWaJfMUw8vbXJJ2tVW5-I3jZKvC4wsoxE&amp;amp;amp;amp;amp;amp;trk=nav_responsive_tab_home","https:\/\/www.youtube.com\/channel\/UCxL0wu1uN0_3_7hGG0306cw"]},{"@type":"Person","@id":"https:\/\/www.bellunopress.it\/#\/schema\/person\/79bb06722b37ece1c03d3e94beb30d73","name":"r\u00e9daction","image":{"@type":"ImageObject","inLanguage":"fr-FR","@id":"https:\/\/secure.gravatar.com\/avatar\/37d968a2e67a6fd04c169c4bdef102d0bc5d31b2546345219e348575eb80e9a0?s=96&d=mm&r=g","url":"https:\/\/secure.gravatar.com\/avatar\/37d968a2e67a6fd04c169c4bdef102d0bc5d31b2546345219e348575eb80e9a0?s=96&d=mm&r=g","contentUrl":"https:\/\/secure.gravatar.com\/avatar\/37d968a2e67a6fd04c169c4bdef102d0bc5d31b2546345219e348575eb80e9a0?s=96&d=mm&r=g","caption":"redazione"},"sameAs":["http:\/\/www.bellunopress.it","https:\/\/x.com\/bellunopress"],"url":"https:\/\/www.bellunopress.it\/fr\/author\/redazione\/"}]}},"_links":{"self":[{"href":"https:\/\/www.bellunopress.it\/fr\/wp-json\/wp\/v2\/posts\/170094","targetHints":{"allow":["GET"]}}],"collection":[{"href":"https:\/\/www.bellunopress.it\/fr\/wp-json\/wp\/v2\/posts"}],"about":[{"href":"https:\/\/www.bellunopress.it\/fr\/wp-json\/wp\/v2\/types\/post"}],"author":[{"embeddable":true,"href":"https:\/\/www.bellunopress.it\/fr\/wp-json\/wp\/v2\/users\/2"}],"replies":[{"embeddable":true,"href":"https:\/\/www.bellunopress.it\/fr\/wp-json\/wp\/v2\/comments?post=170094"}],"version-history":[{"count":1,"href":"https:\/\/www.bellunopress.it\/fr\/wp-json\/wp\/v2\/posts\/170094\/revisions"}],"predecessor-version":[{"id":170096,"href":"https:\/\/www.bellunopress.it\/fr\/wp-json\/wp\/v2\/posts\/170094\/revisions\/170096"}],"wp:featuredmedia":[{"embeddable":true,"href":"https:\/\/www.bellunopress.it\/fr\/wp-json\/wp\/v2\/media\/170095"}],"wp:attachment":[{"href":"https:\/\/www.bellunopress.it\/fr\/wp-json\/wp\/v2\/media?parent=170094"}],"wp:term":[{"taxonomy":"category","embeddable":true,"href":"https:\/\/www.bellunopress.it\/fr\/wp-json\/wp\/v2\/categories?post=170094"},{"taxonomy":"post_tag","embeddable":true,"href":"https:\/\/www.bellunopress.it\/fr\/wp-json\/wp\/v2\/tags?post=170094"}],"curies":[{"name":"wp","href":"https:\/\/api.w.org\/{rel}","templated":true}]}}