{"id":170091,"date":"2026-05-13T16:14:35","date_gmt":"2026-05-13T14:14:35","guid":{"rendered":"https:\/\/www.bellunopress.it\/?p=170091"},"modified":"2026-05-13T17:19:02","modified_gmt":"2026-05-13T15:19:02","slug":"treviso-green-carriere-legate-alla-sostenibilita-e-alleconomia-circolare-2","status":"publish","type":"post","link":"https:\/\/www.bellunopress.it\/fr\/2026\/05\/13\/treviso-green-carriere-legate-alla-sostenibilita-e-alleconomia-circolare-2\/","title":{"rendered":"Treviso green: carriere legate alla sostenibilit\u00e0 e all&#8217;economia circolare"},"content":{"rendered":"<p>La transizione ecologica si \u00e8 trasformata nel vero <strong>motore di una rivoluzione industriale<\/strong> che sta cambiando i connotati economici del Veneto. In questo panorama, la provincia di Treviso \u00e8 riuscita a ritagliarsi un ruolo di primo piano a livello europeo, dimostrando come sia possibile far convivere la storica anima manifatturiera con i nuovi pilastri dell\u2019economia circolare. Dalle grandi firme della moda e dell&#8217;arredo fino alle piccole officine artigiane, le imprese locali stanno investendo cifre importanti per alleggerire il proprio peso sull&#8217;ambiente, dando vita a una richiesta di profili professionali che fino a dieci anni fa nemmeno immaginavamo.<\/p>\n<p><strong>\u00a0<\/strong><\/p>\n<h2>Strategie per orientarsi tra le professioni verdi nel trevigiano<\/h2>\n<p>Costruire una carriera &#8220;verde&#8221; oggi richiede un pizzico di lungimiranza e la voglia di sporcarsi le mani con l&#8217;innovazione. Il segreto per chi cerca una nuova strada spesso sta nel <strong>saper leggere i cambiamenti del territorio prima<\/strong> che diventino la norma. Non basta inviare curriculum a pioggia; serve capire quali settori stiano davvero virando verso processi produttivi puliti. Molti candidati che vogliono restare nella Marca iniziano a setacciare il mercato partendo da una ricerca mirata per la <strong>provincia di Treviso offerte di lavoro<\/strong>, cercando di intercettare quei distretti \u2014 dal riciclo dei tessuti alla bioedilizia \u2014 che hanno fame di competenze fresche. Un approccio ragionato alle dinamiche locali permette infatti di muoversi meglio tra le diverse <a href=\"https:\/\/www.manpower.it\/it\/trova-lavoro\/citta\/treviso\">offerte di lavoro in provincia di Treviso<\/a>, puntando a quelle realt\u00e0 che non offrono solo uno stipendio, ma un vero <strong>percorso di formazione sulle certificazioni ambientali e sulle nuove direttive europee<\/strong>.<\/p>\n<p><strong>\u00a0<\/strong><\/p>\n<h2>Figure tecniche tra efficienza energetica e gestione delle risorse<\/h2>\n<p>Nelle fabbriche trevigiane l\u2019idea stessa di &#8220;scarto&#8221; sta andando in pensione per fare spazio a quella di &#8220;risorsa&#8221;. Questo <strong>cambio di mentalit\u00e0<\/strong> ha fatto schizzare la domanda di esperti in gestione dei rifiuti e coordinatori dei processi circolari, figure capaci di smontare il ciclo di vita di un prodotto per renderlo riutilizzabile o facilmente biodegradabile. Non parliamo solo di ingegneri con la scrivania piena di calcoli, ma anche di tecnici operativi che sappiano gestire impianti a energia rinnovabile o specialisti dell&#8217;efficientamento, il cui obiettivo quotidiano \u00e8 <strong>tagliare gli sprechi di acqua ed elettricit\u00e0 nei siti produttivi<\/strong>.<\/p>\n<p>Questi ruoli mescolano una solida base pratica con la necessit\u00e0 di conoscere standard internazionali rigorosi. Pensiamo al distretto del mobile: qui si cercano costantemente responsabili della logistica che sappiano garantire la provenienza del legno da foreste gestite correttamente. Lavorare in questi ambiti significa, in fin dei conti, prendersi cura della salute del nostro territorio, assicurandosi che la crescita economica non divori la bellezza naturale che rende unica la provincia trevigiana.<\/p>\n<p><strong>\u00a0<\/strong><\/p>\n<h2>Raccontare la sostenibilit\u00e0: marketing e trasparenza<\/h2>\n<p>La svolta green non si ferma ai cancelli della fabbrica, ma arriva fino agli scaffali e agli schermi dei consumatori. La <strong>trasparenza<\/strong> oggi \u00e8 una moneta preziosissima, e proprio per questo le aziende cercano <strong>professionisti della comunicazione ambientale<\/strong> e <strong>specialisti in reportistica ESG<\/strong>. Il loro compito \u00e8 delicatissimo: devono tradurre dati tecnici in storie etiche, evitando le trappole del &#8220;greenwashing&#8221; e raccontando in modo onesto l\u2019impegno dell\u2019azienda verso la societ\u00e0 e il pianeta.<\/p>\n<p>Sapersi muovere tra le leggi europee e avere la sensibilit\u00e0 giusta per trasmettere i valori ecologici di un marchio \u00e8 una competenza che apre porte pesanti nei reparti marketing della zona. \u00c8 il terreno ideale per chi ha una formazione umanistica o economica e vuole dare un senso concreto e positivo alla propria quotidianit\u00e0 lavorativa.<\/p>\n<p><strong>\u00a0<\/strong><\/p>\n<h2>Il valore di scegliere il proprio futuro nella Marca<\/h2>\n<p>Treviso \u00e8 diventata una terra di opportunit\u00e0 per chiunque abbia voglia di mettere il proprio talento al servizio di una causa pi\u00f9 grande. La sfida climatica ha rimescolato le carte nel mondo del lavoro, cancellando alcune vecchie abitudini e creando spazi per chi ha creativit\u00e0 e una forte bussola etica. <strong>Puntare su una carriera nella sostenibilit\u00e0<\/strong> significa scommettere su un settore che non teme crisi, perch\u00e9 il mondo ha ormai deciso in che direzione andare. Chi sapr\u00e0 unire la competenza tecnica alla passione per il futuro trover\u00e0 qui il terreno perfetto per crescere, trasformando la Marca in un modello di sviluppo che guarda avanti senza dimenticare il benessere di chi ci vive.<\/p>\n<p>&nbsp;<\/p>","protected":false},"excerpt":{"rendered":"<p>La transizione ecologica si \u00e8 trasformata nel vero motore di una rivoluzione industriale che sta cambiando i connotati economici del Veneto. In questo panorama, la provincia di Treviso \u00e8 riuscita a ritagliarsi un ruolo di primo piano a livello europeo, dimostrando come sia possibile far convivere la storica anima manifatturiera con i nuovi pilastri dell\u2019economia [&hellip;]<\/p>\n","protected":false},"author":2,"featured_media":170092,"comment_status":"closed","ping_status":"open","sticky":false,"template":"","format":"standard","meta":{"footnotes":""},"categories":[36],"tags":[],"class_list":["post-170091","post","type-post","status-publish","format-standard","has-post-thumbnail","category-lavoro-economia"],"yoast_head":"<!-- This site is optimized with the Yoast SEO plugin v28.4 - https:\/\/yoast.com\/product\/yoast-seo-wordpress\/ -->\n<title>Treviso green: carriere legate alla sostenibilit\u00e0 e all&#039;economia circolare - Bellunopress - Dolomiti<\/title>\n<meta name=\"robots\" content=\"index, follow, max-snippet:-1, max-image-preview:large, max-video-preview:-1\" \/>\n<link rel=\"canonical\" href=\"https:\/\/www.bellunopress.it\/fr\/2026\/05\/13\/treviso-green-carriere-legate-alla-sostenibilita-e-alleconomia-circolare-2\/\" \/>\n<meta property=\"og:locale\" content=\"fr_FR\" \/>\n<meta property=\"og:type\" content=\"article\" \/>\n<meta property=\"og:title\" content=\"Treviso green: carriere legate alla sostenibilit\u00e0 e all&#039;economia circolare - Bellunopress - Dolomiti\" \/>\n<meta property=\"og:description\" content=\"La transizione ecologica si \u00e8 trasformata nel vero motore di una rivoluzione industriale che sta cambiando i connotati economici del Veneto. In questo panorama, la provincia di Treviso \u00e8 riuscita a ritagliarsi un ruolo di primo piano a livello europeo, dimostrando come sia possibile far convivere la storica anima manifatturiera con i nuovi pilastri dell\u2019economia [&hellip;]\" \/>\n<meta property=\"og:url\" content=\"https:\/\/www.bellunopress.it\/fr\/2026\/05\/13\/treviso-green-carriere-legate-alla-sostenibilita-e-alleconomia-circolare-2\/\" \/>\n<meta property=\"og:site_name\" content=\"Bellunopress - Dolomiti\" \/>\n<meta property=\"article:publisher\" content=\"https:\/\/www.facebook.com\/profile.php?id=100008943462799\" \/>\n<meta property=\"article:published_time\" content=\"2026-05-13T14:14:35+00:00\" \/>\n<meta property=\"article:modified_time\" content=\"2026-05-13T15:19:02+00:00\" \/>\n<meta property=\"og:image\" content=\"https:\/\/www.bellunopress.it\/wp-content\/uploads\/2026\/05\/Treviso-green.jpg\" \/>\n\t<meta property=\"og:image:width\" content=\"600\" \/>\n\t<meta property=\"og:image:height\" content=\"401\" \/>\n\t<meta property=\"og:image:type\" content=\"image\/jpeg\" \/>\n<meta name=\"author\" content=\"redazione\" \/>\n<meta name=\"twitter:card\" content=\"summary_large_image\" \/>\n<meta name=\"twitter:creator\" content=\"@bellunopress\" \/>\n<meta name=\"twitter:site\" content=\"@bellunopress\" \/>\n<meta name=\"twitter:label1\" content=\"\u00c9crit par\" \/>\n\t<meta name=\"twitter:data1\" content=\"redazione\" \/>\n\t<meta name=\"twitter:label2\" content=\"Dur\u00e9e de lecture estim\u00e9e\" \/>\n\t<meta name=\"twitter:data2\" content=\"4 minutes\" \/>\n<script type=\"application\/ld+json\" class=\"yoast-schema-graph\">{\"@context\":\"https:\\\/\\\/schema.org\",\"@graph\":[{\"@type\":\"Article\",\"@id\":\"https:\\\/\\\/www.bellunopress.it\\\/2026\\\/05\\\/13\\\/treviso-green-carriere-legate-alla-sostenibilita-e-alleconomia-circolare-2\\\/#article\",\"isPartOf\":{\"@id\":\"https:\\\/\\\/www.bellunopress.it\\\/2026\\\/05\\\/13\\\/treviso-green-carriere-legate-alla-sostenibilita-e-alleconomia-circolare-2\\\/\"},\"author\":{\"name\":\"redazione\",\"@id\":\"https:\\\/\\\/www.bellunopress.it\\\/#\\\/schema\\\/person\\\/79bb06722b37ece1c03d3e94beb30d73\"},\"headline\":\"Treviso green: carriere legate alla sostenibilit\u00e0 e all&#8217;economia circolare\",\"datePublished\":\"2026-05-13T14:14:35+00:00\",\"dateModified\":\"2026-05-13T15:19:02+00:00\",\"mainEntityOfPage\":{\"@id\":\"https:\\\/\\\/www.bellunopress.it\\\/2026\\\/05\\\/13\\\/treviso-green-carriere-legate-alla-sostenibilita-e-alleconomia-circolare-2\\\/\"},\"wordCount\":692,\"publisher\":{\"@id\":\"https:\\\/\\\/www.bellunopress.it\\\/#organization\"},\"image\":{\"@id\":\"https:\\\/\\\/www.bellunopress.it\\\/2026\\\/05\\\/13\\\/treviso-green-carriere-legate-alla-sostenibilita-e-alleconomia-circolare-2\\\/#primaryimage\"},\"thumbnailUrl\":\"https:\\\/\\\/www.bellunopress.it\\\/wp-content\\\/uploads\\\/2026\\\/05\\\/Treviso-green.jpg\",\"articleSection\":[\"Lavoro, Economia, Turismo\"],\"inLanguage\":\"fr-FR\"},{\"@type\":\"WebPage\",\"@id\":\"https:\\\/\\\/www.bellunopress.it\\\/2026\\\/05\\\/13\\\/treviso-green-carriere-legate-alla-sostenibilita-e-alleconomia-circolare-2\\\/\",\"url\":\"https:\\\/\\\/www.bellunopress.it\\\/2026\\\/05\\\/13\\\/treviso-green-carriere-legate-alla-sostenibilita-e-alleconomia-circolare-2\\\/\",\"name\":\"Treviso green: carriere legate alla sostenibilit\u00e0 e all'economia circolare - Bellunopress - Dolomiti\",\"isPartOf\":{\"@id\":\"https:\\\/\\\/www.bellunopress.it\\\/#website\"},\"primaryImageOfPage\":{\"@id\":\"https:\\\/\\\/www.bellunopress.it\\\/2026\\\/05\\\/13\\\/treviso-green-carriere-legate-alla-sostenibilita-e-alleconomia-circolare-2\\\/#primaryimage\"},\"image\":{\"@id\":\"https:\\\/\\\/www.bellunopress.it\\\/2026\\\/05\\\/13\\\/treviso-green-carriere-legate-alla-sostenibilita-e-alleconomia-circolare-2\\\/#primaryimage\"},\"thumbnailUrl\":\"https:\\\/\\\/www.bellunopress.it\\\/wp-content\\\/uploads\\\/2026\\\/05\\\/Treviso-green.jpg\",\"datePublished\":\"2026-05-13T14:14:35+00:00\",\"dateModified\":\"2026-05-13T15:19:02+00:00\",\"breadcrumb\":{\"@id\":\"https:\\\/\\\/www.bellunopress.it\\\/2026\\\/05\\\/13\\\/treviso-green-carriere-legate-alla-sostenibilita-e-alleconomia-circolare-2\\\/#breadcrumb\"},\"inLanguage\":\"fr-FR\",\"potentialAction\":[{\"@type\":\"ReadAction\",\"target\":[\"https:\\\/\\\/www.bellunopress.it\\\/2026\\\/05\\\/13\\\/treviso-green-carriere-legate-alla-sostenibilita-e-alleconomia-circolare-2\\\/\"]}]},{\"@type\":\"ImageObject\",\"inLanguage\":\"fr-FR\",\"@id\":\"https:\\\/\\\/www.bellunopress.it\\\/2026\\\/05\\\/13\\\/treviso-green-carriere-legate-alla-sostenibilita-e-alleconomia-circolare-2\\\/#primaryimage\",\"url\":\"https:\\\/\\\/www.bellunopress.it\\\/wp-content\\\/uploads\\\/2026\\\/05\\\/Treviso-green.jpg\",\"contentUrl\":\"https:\\\/\\\/www.bellunopress.it\\\/wp-content\\\/uploads\\\/2026\\\/05\\\/Treviso-green.jpg\",\"width\":600,\"height\":401},{\"@type\":\"BreadcrumbList\",\"@id\":\"https:\\\/\\\/www.bellunopress.it\\\/2026\\\/05\\\/13\\\/treviso-green-carriere-legate-alla-sostenibilita-e-alleconomia-circolare-2\\\/#breadcrumb\",\"itemListElement\":[{\"@type\":\"ListItem\",\"position\":1,\"name\":\"Home\",\"item\":\"https:\\\/\\\/www.bellunopress.it\\\/\"},{\"@type\":\"ListItem\",\"position\":2,\"name\":\"Treviso green: carriere legate alla sostenibilit\u00e0 e all&#8217;economia circolare\"}]},{\"@type\":\"WebSite\",\"@id\":\"https:\\\/\\\/www.bellunopress.it\\\/#website\",\"url\":\"https:\\\/\\\/www.bellunopress.it\\\/\",\"name\":\"Bellunopress - Dolomiti\",\"description\":\"e-mail: redazione@bellunopress.it\",\"publisher\":{\"@id\":\"https:\\\/\\\/www.bellunopress.it\\\/#organization\"},\"potentialAction\":[{\"@type\":\"SearchAction\",\"target\":{\"@type\":\"EntryPoint\",\"urlTemplate\":\"https:\\\/\\\/www.bellunopress.it\\\/?s={search_term_string}\"},\"query-input\":{\"@type\":\"PropertyValueSpecification\",\"valueRequired\":true,\"valueName\":\"search_term_string\"}}],\"inLanguage\":\"fr-FR\"},{\"@type\":\"Organization\",\"@id\":\"https:\\\/\\\/www.bellunopress.it\\\/#organization\",\"name\":\"Bellunopress\",\"url\":\"https:\\\/\\\/www.bellunopress.it\\\/\",\"logo\":{\"@type\":\"ImageObject\",\"inLanguage\":\"fr-FR\",\"@id\":\"https:\\\/\\\/www.bellunopress.it\\\/#\\\/schema\\\/logo\\\/image\\\/\",\"url\":\"https:\\\/\\\/www.bellunopress.it\\\/wp-content\\\/uploads\\\/2011\\\/05\\\/cropped-logo-bellunopress-.jpg\",\"contentUrl\":\"https:\\\/\\\/www.bellunopress.it\\\/wp-content\\\/uploads\\\/2011\\\/05\\\/cropped-logo-bellunopress-.jpg\",\"width\":512,\"height\":512,\"caption\":\"Bellunopress\"},\"image\":{\"@id\":\"https:\\\/\\\/www.bellunopress.it\\\/#\\\/schema\\\/logo\\\/image\\\/\"},\"sameAs\":[\"https:\\\/\\\/www.facebook.com\\\/profile.php?id=100008943462799\",\"https:\\\/\\\/x.com\\\/bellunopress\",\"https:\\\/\\\/www.linkedin.com\\\/hp\\\/?dnr=JBzUWaJfMUw8vbXJJ2tVW5-I3jZKvC4wsoxE&amp;amp;amp;amp;amp;amp;trk=nav_responsive_tab_home\",\"https:\\\/\\\/www.youtube.com\\\/channel\\\/UCxL0wu1uN0_3_7hGG0306cw\"]},{\"@type\":\"Person\",\"@id\":\"https:\\\/\\\/www.bellunopress.it\\\/#\\\/schema\\\/person\\\/79bb06722b37ece1c03d3e94beb30d73\",\"name\":\"redazione\",\"image\":{\"@type\":\"ImageObject\",\"inLanguage\":\"fr-FR\",\"@id\":\"https:\\\/\\\/secure.gravatar.com\\\/avatar\\\/37d968a2e67a6fd04c169c4bdef102d0bc5d31b2546345219e348575eb80e9a0?s=96&d=mm&r=g\",\"url\":\"https:\\\/\\\/secure.gravatar.com\\\/avatar\\\/37d968a2e67a6fd04c169c4bdef102d0bc5d31b2546345219e348575eb80e9a0?s=96&d=mm&r=g\",\"contentUrl\":\"https:\\\/\\\/secure.gravatar.com\\\/avatar\\\/37d968a2e67a6fd04c169c4bdef102d0bc5d31b2546345219e348575eb80e9a0?s=96&d=mm&r=g\",\"caption\":\"redazione\"},\"sameAs\":[\"http:\\\/\\\/www.bellunopress.it\",\"https:\\\/\\\/x.com\\\/bellunopress\"],\"url\":\"https:\\\/\\\/www.bellunopress.it\\\/fr\\\/author\\\/redazione\\\/\"}]}<\/script>\n<!-- \/ Yoast SEO plugin. -->","yoast_head_json":{"title":"Treviso green: carriere legate alla sostenibilit\u00e0 e all'economia circolare - Bellunopress - Dolomiti","robots":{"index":"index","follow":"follow","max-snippet":"max-snippet:-1","max-image-preview":"max-image-preview:large","max-video-preview":"max-video-preview:-1"},"canonical":"https:\/\/www.bellunopress.it\/fr\/2026\/05\/13\/treviso-green-carriere-legate-alla-sostenibilita-e-alleconomia-circolare-2\/","og_locale":"fr_FR","og_type":"article","og_title":"Treviso green: carriere legate alla sostenibilit\u00e0 e all'economia circolare - Bellunopress - Dolomiti","og_description":"La transizione ecologica si \u00e8 trasformata nel vero motore di una rivoluzione industriale che sta cambiando i connotati economici del Veneto. In questo panorama, la provincia di Treviso \u00e8 riuscita a ritagliarsi un ruolo di primo piano a livello europeo, dimostrando come sia possibile far convivere la storica anima manifatturiera con i nuovi pilastri dell\u2019economia [&hellip;]","og_url":"https:\/\/www.bellunopress.it\/fr\/2026\/05\/13\/treviso-green-carriere-legate-alla-sostenibilita-e-alleconomia-circolare-2\/","og_site_name":"Bellunopress - Dolomiti","article_publisher":"https:\/\/www.facebook.com\/profile.php?id=100008943462799","article_published_time":"2026-05-13T14:14:35+00:00","article_modified_time":"2026-05-13T15:19:02+00:00","og_image":[{"width":600,"height":401,"url":"https:\/\/www.bellunopress.it\/wp-content\/uploads\/2026\/05\/Treviso-green.jpg","type":"image\/jpeg"}],"author":"redazione","twitter_card":"summary_large_image","twitter_creator":"@bellunopress","twitter_site":"@bellunopress","twitter_misc":{"\u00c9crit par":"redazione","Dur\u00e9e de lecture estim\u00e9e":"4 minutes"},"schema":{"@context":"https:\/\/schema.org","@graph":[{"@type":"Article","@id":"https:\/\/www.bellunopress.it\/2026\/05\/13\/treviso-green-carriere-legate-alla-sostenibilita-e-alleconomia-circolare-2\/#article","isPartOf":{"@id":"https:\/\/www.bellunopress.it\/2026\/05\/13\/treviso-green-carriere-legate-alla-sostenibilita-e-alleconomia-circolare-2\/"},"author":{"name":"redazione","@id":"https:\/\/www.bellunopress.it\/#\/schema\/person\/79bb06722b37ece1c03d3e94beb30d73"},"headline":"Treviso green: carriere legate alla sostenibilit\u00e0 e all&#8217;economia circolare","datePublished":"2026-05-13T14:14:35+00:00","dateModified":"2026-05-13T15:19:02+00:00","mainEntityOfPage":{"@id":"https:\/\/www.bellunopress.it\/2026\/05\/13\/treviso-green-carriere-legate-alla-sostenibilita-e-alleconomia-circolare-2\/"},"wordCount":692,"publisher":{"@id":"https:\/\/www.bellunopress.it\/#organization"},"image":{"@id":"https:\/\/www.bellunopress.it\/2026\/05\/13\/treviso-green-carriere-legate-alla-sostenibilita-e-alleconomia-circolare-2\/#primaryimage"},"thumbnailUrl":"https:\/\/www.bellunopress.it\/wp-content\/uploads\/2026\/05\/Treviso-green.jpg","articleSection":["Lavoro, Economia, Turismo"],"inLanguage":"fr-FR"},{"@type":"WebPage","@id":"https:\/\/www.bellunopress.it\/2026\/05\/13\/treviso-green-carriere-legate-alla-sostenibilita-e-alleconomia-circolare-2\/","url":"https:\/\/www.bellunopress.it\/2026\/05\/13\/treviso-green-carriere-legate-alla-sostenibilita-e-alleconomia-circolare-2\/","name":"Treviso green: carriere legate alla sostenibilit\u00e0 e all'economia circolare - Bellunopress - Dolomiti","isPartOf":{"@id":"https:\/\/www.bellunopress.it\/#website"},"primaryImageOfPage":{"@id":"https:\/\/www.bellunopress.it\/2026\/05\/13\/treviso-green-carriere-legate-alla-sostenibilita-e-alleconomia-circolare-2\/#primaryimage"},"image":{"@id":"https:\/\/www.bellunopress.it\/2026\/05\/13\/treviso-green-carriere-legate-alla-sostenibilita-e-alleconomia-circolare-2\/#primaryimage"},"thumbnailUrl":"https:\/\/www.bellunopress.it\/wp-content\/uploads\/2026\/05\/Treviso-green.jpg","datePublished":"2026-05-13T14:14:35+00:00","dateModified":"2026-05-13T15:19:02+00:00","breadcrumb":{"@id":"https:\/\/www.bellunopress.it\/2026\/05\/13\/treviso-green-carriere-legate-alla-sostenibilita-e-alleconomia-circolare-2\/#breadcrumb"},"inLanguage":"fr-FR","potentialAction":[{"@type":"ReadAction","target":["https:\/\/www.bellunopress.it\/2026\/05\/13\/treviso-green-carriere-legate-alla-sostenibilita-e-alleconomia-circolare-2\/"]}]},{"@type":"ImageObject","inLanguage":"fr-FR","@id":"https:\/\/www.bellunopress.it\/2026\/05\/13\/treviso-green-carriere-legate-alla-sostenibilita-e-alleconomia-circolare-2\/#primaryimage","url":"https:\/\/www.bellunopress.it\/wp-content\/uploads\/2026\/05\/Treviso-green.jpg","contentUrl":"https:\/\/www.bellunopress.it\/wp-content\/uploads\/2026\/05\/Treviso-green.jpg","width":600,"height":401},{"@type":"BreadcrumbList","@id":"https:\/\/www.bellunopress.it\/2026\/05\/13\/treviso-green-carriere-legate-alla-sostenibilita-e-alleconomia-circolare-2\/#breadcrumb","itemListElement":[{"@type":"ListItem","position":1,"name":"Home","item":"https:\/\/www.bellunopress.it\/"},{"@type":"ListItem","position":2,"name":"Treviso green: carriere legate alla sostenibilit\u00e0 e all&#8217;economia circolare"}]},{"@type":"WebSite","@id":"https:\/\/www.bellunopress.it\/#website","url":"https:\/\/www.bellunopress.it\/","name":"Bellunopress - Dolomiti","description":"e-mail: redazione@bellunopress.it","publisher":{"@id":"https:\/\/www.bellunopress.it\/#organization"},"potentialAction":[{"@type":"SearchAction","target":{"@type":"EntryPoint","urlTemplate":"https:\/\/www.bellunopress.it\/?s={search_term_string}"},"query-input":{"@type":"PropertyValueSpecification","valueRequired":true,"valueName":"search_term_string"}}],"inLanguage":"fr-FR"},{"@type":"Organization","@id":"https:\/\/www.bellunopress.it\/#organization","name":"Bellunopress","url":"https:\/\/www.bellunopress.it\/","logo":{"@type":"ImageObject","inLanguage":"fr-FR","@id":"https:\/\/www.bellunopress.it\/#\/schema\/logo\/image\/","url":"https:\/\/www.bellunopress.it\/wp-content\/uploads\/2011\/05\/cropped-logo-bellunopress-.jpg","contentUrl":"https:\/\/www.bellunopress.it\/wp-content\/uploads\/2011\/05\/cropped-logo-bellunopress-.jpg","width":512,"height":512,"caption":"Bellunopress"},"image":{"@id":"https:\/\/www.bellunopress.it\/#\/schema\/logo\/image\/"},"sameAs":["https:\/\/www.facebook.com\/profile.php?id=100008943462799","https:\/\/x.com\/bellunopress","https:\/\/www.linkedin.com\/hp\/?dnr=JBzUWaJfMUw8vbXJJ2tVW5-I3jZKvC4wsoxE&amp;amp;amp;amp;amp;amp;trk=nav_responsive_tab_home","https:\/\/www.youtube.com\/channel\/UCxL0wu1uN0_3_7hGG0306cw"]},{"@type":"Person","@id":"https:\/\/www.bellunopress.it\/#\/schema\/person\/79bb06722b37ece1c03d3e94beb30d73","name":"r\u00e9daction","image":{"@type":"ImageObject","inLanguage":"fr-FR","@id":"https:\/\/secure.gravatar.com\/avatar\/37d968a2e67a6fd04c169c4bdef102d0bc5d31b2546345219e348575eb80e9a0?s=96&d=mm&r=g","url":"https:\/\/secure.gravatar.com\/avatar\/37d968a2e67a6fd04c169c4bdef102d0bc5d31b2546345219e348575eb80e9a0?s=96&d=mm&r=g","contentUrl":"https:\/\/secure.gravatar.com\/avatar\/37d968a2e67a6fd04c169c4bdef102d0bc5d31b2546345219e348575eb80e9a0?s=96&d=mm&r=g","caption":"redazione"},"sameAs":["http:\/\/www.bellunopress.it","https:\/\/x.com\/bellunopress"],"url":"https:\/\/www.bellunopress.it\/fr\/author\/redazione\/"}]}},"_links":{"self":[{"href":"https:\/\/www.bellunopress.it\/fr\/wp-json\/wp\/v2\/posts\/170091","targetHints":{"allow":["GET"]}}],"collection":[{"href":"https:\/\/www.bellunopress.it\/fr\/wp-json\/wp\/v2\/posts"}],"about":[{"href":"https:\/\/www.bellunopress.it\/fr\/wp-json\/wp\/v2\/types\/post"}],"author":[{"embeddable":true,"href":"https:\/\/www.bellunopress.it\/fr\/wp-json\/wp\/v2\/users\/2"}],"replies":[{"embeddable":true,"href":"https:\/\/www.bellunopress.it\/fr\/wp-json\/wp\/v2\/comments?post=170091"}],"version-history":[{"count":1,"href":"https:\/\/www.bellunopress.it\/fr\/wp-json\/wp\/v2\/posts\/170091\/revisions"}],"predecessor-version":[{"id":170093,"href":"https:\/\/www.bellunopress.it\/fr\/wp-json\/wp\/v2\/posts\/170091\/revisions\/170093"}],"wp:featuredmedia":[{"embeddable":true,"href":"https:\/\/www.bellunopress.it\/fr\/wp-json\/wp\/v2\/media\/170092"}],"wp:attachment":[{"href":"https:\/\/www.bellunopress.it\/fr\/wp-json\/wp\/v2\/media?parent=170091"}],"wp:term":[{"taxonomy":"category","embeddable":true,"href":"https:\/\/www.bellunopress.it\/fr\/wp-json\/wp\/v2\/categories?post=170091"},{"taxonomy":"post_tag","embeddable":true,"href":"https:\/\/www.bellunopress.it\/fr\/wp-json\/wp\/v2\/tags?post=170091"}],"curies":[{"name":"wp","href":"https:\/\/api.w.org\/{rel}","templated":true}]}}