{"id":170084,"date":"2026-05-13T14:24:08","date_gmt":"2026-05-13T12:24:08","guid":{"rendered":"https:\/\/www.bellunopress.it\/?p=170084"},"modified":"2026-05-13T14:24:08","modified_gmt":"2026-05-13T12:24:08","slug":"cgil-in-piazza-a-belluno-sanita-pubblica-e-tutele-negli-appalti","status":"publish","type":"post","link":"https:\/\/www.bellunopress.it\/fr\/2026\/05\/13\/cgil-in-piazza-a-belluno-sanita-pubblica-e-tutele-negli-appalti\/","title":{"rendered":"Cgil in piazza a Belluno: sanit\u00e0 pubblica e tutele negli appalti"},"content":{"rendered":"<p data-path-to-node=\"3\"><b data-path-to-node=\"3\" data-index-in-node=\"0\">Venerd\u00ec 15 maggio, piazza dei Martiri ospiter\u00e0 un\u2019assemblea aperta al pubblico per discutere di due proposte di legge di iniziativa popolare. In caso di pioggia, l\u2019evento si sposter\u00e0 al Centro Giovanni XXIII.<\/b><\/p>\n<p data-path-to-node=\"4\">Belluno, 13 maggio 2026\u00a0\u2013 Il sindacato scende in piazza per incontrare i cittadini e rimettere al centro del dibattito politico due temi caldi: il diritto alla salute e la dignit\u00e0 del lavoro nel settore degli appalti. Venerd\u00ec 15 maggio 2026, a partire dalle ore 10:00, la CGIL organizza un\u2019assemblea aperta al pubblico in Piazza dei Martiri, cuore pulsante della citt\u00e0 di Belluno.<\/p>\n<p data-path-to-node=\"6\">La prima parte della mobilitazione riguarda il rilancio del Servizio Sanitario Nazionale (SSN). Attraverso una proposta di legge di iniziativa popolare, il sindacato punta a rendere effettivo il diritto alla tutela della salute, richiamando i principi della Costituzione e della Legge 833\/1978. Gli obiettivi dichiarati sono chiari:<\/p>\n<ul data-path-to-node=\"7\">\n<li>\n<p data-path-to-node=\"7,0,0\">Rafforzare la sanit\u00e0 pubblica.<\/p>\n<\/li>\n<li>\n<p data-path-to-node=\"7,1,0\">Valorizzare il lavoro degli operatori del settore.<\/p>\n<\/li>\n<li>\n<p data-path-to-node=\"7,2,0\">Garantire cure accessibili a tutti, contrastando il declino del sistema pubblico.<\/p>\n<\/li>\n<\/ul>\n<p data-path-to-node=\"9\">Il secondo pilastro dell&#8217;assemblea riguarda la campagna sugli appalti, sintetizzata dallo slogan <i data-path-to-node=\"9\" data-index-in-node=\"97\">&#8220;I diritti non si appaltano&#8221;<\/i>. La proposta di legge associata mira a garantire che, a parit\u00e0 di mansioni svolte, corrispondano i medesimi trattamenti contrattuali e tutele. La CGIL chiede:<\/p>\n<ul data-path-to-node=\"10\">\n<li>\n<p data-path-to-node=\"10,0,0\">Pi\u00f9 tutele per le lavoratrici e i lavoratori impiegati negli appalti.<\/p>\n<\/li>\n<li>\n<p data-path-to-node=\"10,1,0\">Maggiori garanzie per i dipendenti diretti dei committenti.<\/p>\n<\/li>\n<li>\n<p data-path-to-node=\"10,2,0\">Il superamento delle disparit\u00e0 che spesso penalizzano chi opera in regime di esternalizzazione.<\/p>\n<\/li>\n<\/ul>\n<p data-path-to-node=\"12\">L\u2019assemblea rappresenta un momento cruciale della campagna di raccolta firme attualmente in corso. Durante l\u2019evento sar\u00e0 possibile approfondire i contenuti delle proposte legislative e apporre la propria firma per sostenerle.<\/p>\n<p data-path-to-node=\"13\">Gli organizzatori hanno gi\u00e0 previsto un piano per il maltempo: in caso di pioggia, l&#8217;incontro non verr\u00e0 annullato ma si sposter\u00e0 in piazza Piloni, Sala Mucc\u00ecn del Centro Giovanni XXIII.<\/p>","protected":false},"excerpt":{"rendered":"<p>Venerd\u00ec 15 maggio, piazza dei Martiri ospiter\u00e0 un\u2019assemblea aperta al pubblico per discutere di due proposte di legge di iniziativa popolare. In caso di pioggia, l\u2019evento si sposter\u00e0 al Centro Giovanni XXIII. Belluno, 13 maggio 2026\u00a0\u2013 Il sindacato scende in piazza per incontrare i cittadini e rimettere al centro del dibattito politico due temi caldi: [&hellip;]<\/p>\n","protected":false},"author":2,"featured_media":170085,"comment_status":"closed","ping_status":"open","sticky":false,"template":"","format":"standard","meta":{"footnotes":""},"categories":[25,8],"tags":[],"class_list":["post-170084","post","type-post","status-publish","format-standard","has-post-thumbnail","category-pausa-caffe","category-societa-istituzioni"],"yoast_head":"<!-- This site is optimized with the Yoast SEO plugin v28.4 - https:\/\/yoast.com\/product\/yoast-seo-wordpress\/ -->\n<title>Cgil in piazza a Belluno: sanit\u00e0 pubblica e tutele negli appalti - Bellunopress - Dolomiti<\/title>\n<meta name=\"robots\" content=\"index, follow, max-snippet:-1, max-image-preview:large, max-video-preview:-1\" \/>\n<link rel=\"canonical\" href=\"https:\/\/www.bellunopress.it\/fr\/2026\/05\/13\/cgil-in-piazza-a-belluno-sanita-pubblica-e-tutele-negli-appalti\/\" \/>\n<meta property=\"og:locale\" content=\"fr_FR\" \/>\n<meta property=\"og:type\" content=\"article\" \/>\n<meta property=\"og:title\" content=\"Cgil in piazza a Belluno: sanit\u00e0 pubblica e tutele negli appalti - Bellunopress - Dolomiti\" \/>\n<meta property=\"og:description\" content=\"Venerd\u00ec 15 maggio, piazza dei Martiri ospiter\u00e0 un\u2019assemblea aperta al pubblico per discutere di due proposte di legge di iniziativa popolare. In caso di pioggia, l\u2019evento si sposter\u00e0 al Centro Giovanni XXIII. Belluno, 13 maggio 2026\u00a0\u2013 Il sindacato scende in piazza per incontrare i cittadini e rimettere al centro del dibattito politico due temi caldi: [&hellip;]\" \/>\n<meta property=\"og:url\" content=\"https:\/\/www.bellunopress.it\/fr\/2026\/05\/13\/cgil-in-piazza-a-belluno-sanita-pubblica-e-tutele-negli-appalti\/\" \/>\n<meta property=\"og:site_name\" content=\"Bellunopress - Dolomiti\" \/>\n<meta property=\"article:publisher\" content=\"https:\/\/www.facebook.com\/profile.php?id=100008943462799\" \/>\n<meta property=\"article:published_time\" content=\"2026-05-13T12:24:08+00:00\" \/>\n<meta property=\"og:image\" content=\"https:\/\/www.bellunopress.it\/wp-content\/uploads\/2026\/05\/assemblea-CGIL.jpg\" \/>\n\t<meta property=\"og:image:width\" content=\"380\" \/>\n\t<meta property=\"og:image:height\" content=\"500\" \/>\n\t<meta property=\"og:image:type\" content=\"image\/jpeg\" \/>\n<meta name=\"author\" content=\"redazione\" \/>\n<meta name=\"twitter:card\" content=\"summary_large_image\" \/>\n<meta name=\"twitter:creator\" content=\"@bellunopress\" \/>\n<meta name=\"twitter:site\" content=\"@bellunopress\" \/>\n<meta name=\"twitter:label1\" content=\"\u00c9crit par\" \/>\n\t<meta name=\"twitter:data1\" content=\"redazione\" \/>\n\t<meta name=\"twitter:label2\" content=\"Dur\u00e9e de lecture estim\u00e9e\" \/>\n\t<meta name=\"twitter:data2\" content=\"2 minutes\" \/>\n<script type=\"application\/ld+json\" class=\"yoast-schema-graph\">{\"@context\":\"https:\\\/\\\/schema.org\",\"@graph\":[{\"@type\":\"Article\",\"@id\":\"https:\\\/\\\/www.bellunopress.it\\\/2026\\\/05\\\/13\\\/cgil-in-piazza-a-belluno-sanita-pubblica-e-tutele-negli-appalti\\\/#article\",\"isPartOf\":{\"@id\":\"https:\\\/\\\/www.bellunopress.it\\\/2026\\\/05\\\/13\\\/cgil-in-piazza-a-belluno-sanita-pubblica-e-tutele-negli-appalti\\\/\"},\"author\":{\"name\":\"redazione\",\"@id\":\"https:\\\/\\\/www.bellunopress.it\\\/#\\\/schema\\\/person\\\/79bb06722b37ece1c03d3e94beb30d73\"},\"headline\":\"Cgil in piazza a Belluno: sanit\u00e0 pubblica e tutele negli appalti\",\"datePublished\":\"2026-05-13T12:24:08+00:00\",\"mainEntityOfPage\":{\"@id\":\"https:\\\/\\\/www.bellunopress.it\\\/2026\\\/05\\\/13\\\/cgil-in-piazza-a-belluno-sanita-pubblica-e-tutele-negli-appalti\\\/\"},\"wordCount\":308,\"publisher\":{\"@id\":\"https:\\\/\\\/www.bellunopress.it\\\/#organization\"},\"image\":{\"@id\":\"https:\\\/\\\/www.bellunopress.it\\\/2026\\\/05\\\/13\\\/cgil-in-piazza-a-belluno-sanita-pubblica-e-tutele-negli-appalti\\\/#primaryimage\"},\"thumbnailUrl\":\"https:\\\/\\\/www.bellunopress.it\\\/wp-content\\\/uploads\\\/2026\\\/05\\\/assemblea-CGIL.jpg\",\"articleSection\":[\"Pausa Caff\u00e8\",\"Societ\u00e0, Associazioni, Istituzioni\"],\"inLanguage\":\"fr-FR\"},{\"@type\":\"WebPage\",\"@id\":\"https:\\\/\\\/www.bellunopress.it\\\/2026\\\/05\\\/13\\\/cgil-in-piazza-a-belluno-sanita-pubblica-e-tutele-negli-appalti\\\/\",\"url\":\"https:\\\/\\\/www.bellunopress.it\\\/2026\\\/05\\\/13\\\/cgil-in-piazza-a-belluno-sanita-pubblica-e-tutele-negli-appalti\\\/\",\"name\":\"Cgil in piazza a Belluno: sanit\u00e0 pubblica e tutele negli appalti - Bellunopress - Dolomiti\",\"isPartOf\":{\"@id\":\"https:\\\/\\\/www.bellunopress.it\\\/#website\"},\"primaryImageOfPage\":{\"@id\":\"https:\\\/\\\/www.bellunopress.it\\\/2026\\\/05\\\/13\\\/cgil-in-piazza-a-belluno-sanita-pubblica-e-tutele-negli-appalti\\\/#primaryimage\"},\"image\":{\"@id\":\"https:\\\/\\\/www.bellunopress.it\\\/2026\\\/05\\\/13\\\/cgil-in-piazza-a-belluno-sanita-pubblica-e-tutele-negli-appalti\\\/#primaryimage\"},\"thumbnailUrl\":\"https:\\\/\\\/www.bellunopress.it\\\/wp-content\\\/uploads\\\/2026\\\/05\\\/assemblea-CGIL.jpg\",\"datePublished\":\"2026-05-13T12:24:08+00:00\",\"breadcrumb\":{\"@id\":\"https:\\\/\\\/www.bellunopress.it\\\/2026\\\/05\\\/13\\\/cgil-in-piazza-a-belluno-sanita-pubblica-e-tutele-negli-appalti\\\/#breadcrumb\"},\"inLanguage\":\"fr-FR\",\"potentialAction\":[{\"@type\":\"ReadAction\",\"target\":[\"https:\\\/\\\/www.bellunopress.it\\\/2026\\\/05\\\/13\\\/cgil-in-piazza-a-belluno-sanita-pubblica-e-tutele-negli-appalti\\\/\"]}]},{\"@type\":\"ImageObject\",\"inLanguage\":\"fr-FR\",\"@id\":\"https:\\\/\\\/www.bellunopress.it\\\/2026\\\/05\\\/13\\\/cgil-in-piazza-a-belluno-sanita-pubblica-e-tutele-negli-appalti\\\/#primaryimage\",\"url\":\"https:\\\/\\\/www.bellunopress.it\\\/wp-content\\\/uploads\\\/2026\\\/05\\\/assemblea-CGIL.jpg\",\"contentUrl\":\"https:\\\/\\\/www.bellunopress.it\\\/wp-content\\\/uploads\\\/2026\\\/05\\\/assemblea-CGIL.jpg\",\"width\":380,\"height\":500},{\"@type\":\"BreadcrumbList\",\"@id\":\"https:\\\/\\\/www.bellunopress.it\\\/2026\\\/05\\\/13\\\/cgil-in-piazza-a-belluno-sanita-pubblica-e-tutele-negli-appalti\\\/#breadcrumb\",\"itemListElement\":[{\"@type\":\"ListItem\",\"position\":1,\"name\":\"Home\",\"item\":\"https:\\\/\\\/www.bellunopress.it\\\/\"},{\"@type\":\"ListItem\",\"position\":2,\"name\":\"Cgil in piazza a Belluno: sanit\u00e0 pubblica e tutele negli appalti\"}]},{\"@type\":\"WebSite\",\"@id\":\"https:\\\/\\\/www.bellunopress.it\\\/#website\",\"url\":\"https:\\\/\\\/www.bellunopress.it\\\/\",\"name\":\"Bellunopress - Dolomiti\",\"description\":\"e-mail: redazione@bellunopress.it\",\"publisher\":{\"@id\":\"https:\\\/\\\/www.bellunopress.it\\\/#organization\"},\"potentialAction\":[{\"@type\":\"SearchAction\",\"target\":{\"@type\":\"EntryPoint\",\"urlTemplate\":\"https:\\\/\\\/www.bellunopress.it\\\/?s={search_term_string}\"},\"query-input\":{\"@type\":\"PropertyValueSpecification\",\"valueRequired\":true,\"valueName\":\"search_term_string\"}}],\"inLanguage\":\"fr-FR\"},{\"@type\":\"Organization\",\"@id\":\"https:\\\/\\\/www.bellunopress.it\\\/#organization\",\"name\":\"Bellunopress\",\"url\":\"https:\\\/\\\/www.bellunopress.it\\\/\",\"logo\":{\"@type\":\"ImageObject\",\"inLanguage\":\"fr-FR\",\"@id\":\"https:\\\/\\\/www.bellunopress.it\\\/#\\\/schema\\\/logo\\\/image\\\/\",\"url\":\"https:\\\/\\\/www.bellunopress.it\\\/wp-content\\\/uploads\\\/2011\\\/05\\\/cropped-logo-bellunopress-.jpg\",\"contentUrl\":\"https:\\\/\\\/www.bellunopress.it\\\/wp-content\\\/uploads\\\/2011\\\/05\\\/cropped-logo-bellunopress-.jpg\",\"width\":512,\"height\":512,\"caption\":\"Bellunopress\"},\"image\":{\"@id\":\"https:\\\/\\\/www.bellunopress.it\\\/#\\\/schema\\\/logo\\\/image\\\/\"},\"sameAs\":[\"https:\\\/\\\/www.facebook.com\\\/profile.php?id=100008943462799\",\"https:\\\/\\\/x.com\\\/bellunopress\",\"https:\\\/\\\/www.linkedin.com\\\/hp\\\/?dnr=JBzUWaJfMUw8vbXJJ2tVW5-I3jZKvC4wsoxE&amp;amp;amp;amp;amp;amp;trk=nav_responsive_tab_home\",\"https:\\\/\\\/www.youtube.com\\\/channel\\\/UCxL0wu1uN0_3_7hGG0306cw\"]},{\"@type\":\"Person\",\"@id\":\"https:\\\/\\\/www.bellunopress.it\\\/#\\\/schema\\\/person\\\/79bb06722b37ece1c03d3e94beb30d73\",\"name\":\"redazione\",\"image\":{\"@type\":\"ImageObject\",\"inLanguage\":\"fr-FR\",\"@id\":\"https:\\\/\\\/secure.gravatar.com\\\/avatar\\\/37d968a2e67a6fd04c169c4bdef102d0bc5d31b2546345219e348575eb80e9a0?s=96&d=mm&r=g\",\"url\":\"https:\\\/\\\/secure.gravatar.com\\\/avatar\\\/37d968a2e67a6fd04c169c4bdef102d0bc5d31b2546345219e348575eb80e9a0?s=96&d=mm&r=g\",\"contentUrl\":\"https:\\\/\\\/secure.gravatar.com\\\/avatar\\\/37d968a2e67a6fd04c169c4bdef102d0bc5d31b2546345219e348575eb80e9a0?s=96&d=mm&r=g\",\"caption\":\"redazione\"},\"sameAs\":[\"http:\\\/\\\/www.bellunopress.it\",\"https:\\\/\\\/x.com\\\/bellunopress\"],\"url\":\"https:\\\/\\\/www.bellunopress.it\\\/fr\\\/author\\\/redazione\\\/\"}]}<\/script>\n<!-- \/ Yoast SEO plugin. -->","yoast_head_json":{"title":"Cgil in piazza a Belluno: sanit\u00e0 pubblica e tutele negli appalti - Bellunopress - Dolomiti","robots":{"index":"index","follow":"follow","max-snippet":"max-snippet:-1","max-image-preview":"max-image-preview:large","max-video-preview":"max-video-preview:-1"},"canonical":"https:\/\/www.bellunopress.it\/fr\/2026\/05\/13\/cgil-in-piazza-a-belluno-sanita-pubblica-e-tutele-negli-appalti\/","og_locale":"fr_FR","og_type":"article","og_title":"Cgil in piazza a Belluno: sanit\u00e0 pubblica e tutele negli appalti - Bellunopress - Dolomiti","og_description":"Venerd\u00ec 15 maggio, piazza dei Martiri ospiter\u00e0 un\u2019assemblea aperta al pubblico per discutere di due proposte di legge di iniziativa popolare. In caso di pioggia, l\u2019evento si sposter\u00e0 al Centro Giovanni XXIII. Belluno, 13 maggio 2026\u00a0\u2013 Il sindacato scende in piazza per incontrare i cittadini e rimettere al centro del dibattito politico due temi caldi: [&hellip;]","og_url":"https:\/\/www.bellunopress.it\/fr\/2026\/05\/13\/cgil-in-piazza-a-belluno-sanita-pubblica-e-tutele-negli-appalti\/","og_site_name":"Bellunopress - Dolomiti","article_publisher":"https:\/\/www.facebook.com\/profile.php?id=100008943462799","article_published_time":"2026-05-13T12:24:08+00:00","og_image":[{"width":380,"height":500,"url":"https:\/\/www.bellunopress.it\/wp-content\/uploads\/2026\/05\/assemblea-CGIL.jpg","type":"image\/jpeg"}],"author":"redazione","twitter_card":"summary_large_image","twitter_creator":"@bellunopress","twitter_site":"@bellunopress","twitter_misc":{"\u00c9crit par":"redazione","Dur\u00e9e de lecture estim\u00e9e":"2 minutes"},"schema":{"@context":"https:\/\/schema.org","@graph":[{"@type":"Article","@id":"https:\/\/www.bellunopress.it\/2026\/05\/13\/cgil-in-piazza-a-belluno-sanita-pubblica-e-tutele-negli-appalti\/#article","isPartOf":{"@id":"https:\/\/www.bellunopress.it\/2026\/05\/13\/cgil-in-piazza-a-belluno-sanita-pubblica-e-tutele-negli-appalti\/"},"author":{"name":"redazione","@id":"https:\/\/www.bellunopress.it\/#\/schema\/person\/79bb06722b37ece1c03d3e94beb30d73"},"headline":"Cgil in piazza a Belluno: sanit\u00e0 pubblica e tutele negli appalti","datePublished":"2026-05-13T12:24:08+00:00","mainEntityOfPage":{"@id":"https:\/\/www.bellunopress.it\/2026\/05\/13\/cgil-in-piazza-a-belluno-sanita-pubblica-e-tutele-negli-appalti\/"},"wordCount":308,"publisher":{"@id":"https:\/\/www.bellunopress.it\/#organization"},"image":{"@id":"https:\/\/www.bellunopress.it\/2026\/05\/13\/cgil-in-piazza-a-belluno-sanita-pubblica-e-tutele-negli-appalti\/#primaryimage"},"thumbnailUrl":"https:\/\/www.bellunopress.it\/wp-content\/uploads\/2026\/05\/assemblea-CGIL.jpg","articleSection":["Pausa Caff\u00e8","Societ\u00e0, Associazioni, Istituzioni"],"inLanguage":"fr-FR"},{"@type":"WebPage","@id":"https:\/\/www.bellunopress.it\/2026\/05\/13\/cgil-in-piazza-a-belluno-sanita-pubblica-e-tutele-negli-appalti\/","url":"https:\/\/www.bellunopress.it\/2026\/05\/13\/cgil-in-piazza-a-belluno-sanita-pubblica-e-tutele-negli-appalti\/","name":"Cgil in piazza a Belluno: sanit\u00e0 pubblica e tutele negli appalti - Bellunopress - Dolomiti","isPartOf":{"@id":"https:\/\/www.bellunopress.it\/#website"},"primaryImageOfPage":{"@id":"https:\/\/www.bellunopress.it\/2026\/05\/13\/cgil-in-piazza-a-belluno-sanita-pubblica-e-tutele-negli-appalti\/#primaryimage"},"image":{"@id":"https:\/\/www.bellunopress.it\/2026\/05\/13\/cgil-in-piazza-a-belluno-sanita-pubblica-e-tutele-negli-appalti\/#primaryimage"},"thumbnailUrl":"https:\/\/www.bellunopress.it\/wp-content\/uploads\/2026\/05\/assemblea-CGIL.jpg","datePublished":"2026-05-13T12:24:08+00:00","breadcrumb":{"@id":"https:\/\/www.bellunopress.it\/2026\/05\/13\/cgil-in-piazza-a-belluno-sanita-pubblica-e-tutele-negli-appalti\/#breadcrumb"},"inLanguage":"fr-FR","potentialAction":[{"@type":"ReadAction","target":["https:\/\/www.bellunopress.it\/2026\/05\/13\/cgil-in-piazza-a-belluno-sanita-pubblica-e-tutele-negli-appalti\/"]}]},{"@type":"ImageObject","inLanguage":"fr-FR","@id":"https:\/\/www.bellunopress.it\/2026\/05\/13\/cgil-in-piazza-a-belluno-sanita-pubblica-e-tutele-negli-appalti\/#primaryimage","url":"https:\/\/www.bellunopress.it\/wp-content\/uploads\/2026\/05\/assemblea-CGIL.jpg","contentUrl":"https:\/\/www.bellunopress.it\/wp-content\/uploads\/2026\/05\/assemblea-CGIL.jpg","width":380,"height":500},{"@type":"BreadcrumbList","@id":"https:\/\/www.bellunopress.it\/2026\/05\/13\/cgil-in-piazza-a-belluno-sanita-pubblica-e-tutele-negli-appalti\/#breadcrumb","itemListElement":[{"@type":"ListItem","position":1,"name":"Home","item":"https:\/\/www.bellunopress.it\/"},{"@type":"ListItem","position":2,"name":"Cgil in piazza a Belluno: sanit\u00e0 pubblica e tutele negli appalti"}]},{"@type":"WebSite","@id":"https:\/\/www.bellunopress.it\/#website","url":"https:\/\/www.bellunopress.it\/","name":"Bellunopress - Dolomiti","description":"e-mail: redazione@bellunopress.it","publisher":{"@id":"https:\/\/www.bellunopress.it\/#organization"},"potentialAction":[{"@type":"SearchAction","target":{"@type":"EntryPoint","urlTemplate":"https:\/\/www.bellunopress.it\/?s={search_term_string}"},"query-input":{"@type":"PropertyValueSpecification","valueRequired":true,"valueName":"search_term_string"}}],"inLanguage":"fr-FR"},{"@type":"Organization","@id":"https:\/\/www.bellunopress.it\/#organization","name":"Bellunopress","url":"https:\/\/www.bellunopress.it\/","logo":{"@type":"ImageObject","inLanguage":"fr-FR","@id":"https:\/\/www.bellunopress.it\/#\/schema\/logo\/image\/","url":"https:\/\/www.bellunopress.it\/wp-content\/uploads\/2011\/05\/cropped-logo-bellunopress-.jpg","contentUrl":"https:\/\/www.bellunopress.it\/wp-content\/uploads\/2011\/05\/cropped-logo-bellunopress-.jpg","width":512,"height":512,"caption":"Bellunopress"},"image":{"@id":"https:\/\/www.bellunopress.it\/#\/schema\/logo\/image\/"},"sameAs":["https:\/\/www.facebook.com\/profile.php?id=100008943462799","https:\/\/x.com\/bellunopress","https:\/\/www.linkedin.com\/hp\/?dnr=JBzUWaJfMUw8vbXJJ2tVW5-I3jZKvC4wsoxE&amp;amp;amp;amp;amp;amp;trk=nav_responsive_tab_home","https:\/\/www.youtube.com\/channel\/UCxL0wu1uN0_3_7hGG0306cw"]},{"@type":"Person","@id":"https:\/\/www.bellunopress.it\/#\/schema\/person\/79bb06722b37ece1c03d3e94beb30d73","name":"r\u00e9daction","image":{"@type":"ImageObject","inLanguage":"fr-FR","@id":"https:\/\/secure.gravatar.com\/avatar\/37d968a2e67a6fd04c169c4bdef102d0bc5d31b2546345219e348575eb80e9a0?s=96&d=mm&r=g","url":"https:\/\/secure.gravatar.com\/avatar\/37d968a2e67a6fd04c169c4bdef102d0bc5d31b2546345219e348575eb80e9a0?s=96&d=mm&r=g","contentUrl":"https:\/\/secure.gravatar.com\/avatar\/37d968a2e67a6fd04c169c4bdef102d0bc5d31b2546345219e348575eb80e9a0?s=96&d=mm&r=g","caption":"redazione"},"sameAs":["http:\/\/www.bellunopress.it","https:\/\/x.com\/bellunopress"],"url":"https:\/\/www.bellunopress.it\/fr\/author\/redazione\/"}]}},"_links":{"self":[{"href":"https:\/\/www.bellunopress.it\/fr\/wp-json\/wp\/v2\/posts\/170084","targetHints":{"allow":["GET"]}}],"collection":[{"href":"https:\/\/www.bellunopress.it\/fr\/wp-json\/wp\/v2\/posts"}],"about":[{"href":"https:\/\/www.bellunopress.it\/fr\/wp-json\/wp\/v2\/types\/post"}],"author":[{"embeddable":true,"href":"https:\/\/www.bellunopress.it\/fr\/wp-json\/wp\/v2\/users\/2"}],"replies":[{"embeddable":true,"href":"https:\/\/www.bellunopress.it\/fr\/wp-json\/wp\/v2\/comments?post=170084"}],"version-history":[{"count":1,"href":"https:\/\/www.bellunopress.it\/fr\/wp-json\/wp\/v2\/posts\/170084\/revisions"}],"predecessor-version":[{"id":170086,"href":"https:\/\/www.bellunopress.it\/fr\/wp-json\/wp\/v2\/posts\/170084\/revisions\/170086"}],"wp:featuredmedia":[{"embeddable":true,"href":"https:\/\/www.bellunopress.it\/fr\/wp-json\/wp\/v2\/media\/170085"}],"wp:attachment":[{"href":"https:\/\/www.bellunopress.it\/fr\/wp-json\/wp\/v2\/media?parent=170084"}],"wp:term":[{"taxonomy":"category","embeddable":true,"href":"https:\/\/www.bellunopress.it\/fr\/wp-json\/wp\/v2\/categories?post=170084"},{"taxonomy":"post_tag","embeddable":true,"href":"https:\/\/www.bellunopress.it\/fr\/wp-json\/wp\/v2\/tags?post=170084"}],"curies":[{"name":"wp","href":"https:\/\/api.w.org\/{rel}","templated":true}]}}