{"id":170081,"date":"2026-05-13T13:36:19","date_gmt":"2026-05-13T11:36:19","guid":{"rendered":"https:\/\/www.bellunopress.it\/?p=170081"},"modified":"2026-05-13T13:36:19","modified_gmt":"2026-05-13T11:36:19","slug":"longarone-rui-de-la-crose-concluso-lintervento-del-nuovo-ponte-sabato-linaugurazione","status":"publish","type":"post","link":"https:\/\/www.bellunopress.it\/fr\/2026\/05\/13\/longarone-rui-de-la-crose-concluso-lintervento-del-nuovo-ponte-sabato-linaugurazione\/","title":{"rendered":"Longarone. Rui de la Crose, concluso l\u2019intervento del nuovo ponte. Sabato l\u2019inaugurazione"},"content":{"rendered":"<p><strong>Padrin: \u201cOpera estremamente importante, investimento complessivo da 3 milioni\u201d<\/strong><\/p>\n<p>Sar\u00e0 inaugurato sabato mattina il nuovo ponte di Rui de la Crose, che collega Dogna e Provagna. Un intervento realizzato da Veneto Strade atteso da tantissimi anni e che in pi\u00f9 riprese aveva creato non pochi problemi. E che si somma alla messa in sicurezza del canalone di deflusso dei detriti. \u201cUn\u2019operazione fondamentale per le frazioni di Dogna e Provagna, che vale complessivamente 3 milioni di euro di fondi legati alla tempesta Vaia\u201d spiega il sindaco di Longarone, Roberto Padrin. \u201cGrazie a Veneto Strade e all\u2019impresa appaltatrice che ha condotto in porto l\u2019opera in maniera ottimale. Sabato celebreremo l\u2019inaugurazione con due momenti significativi: il taglio del nastro come da tradizione, cui abbiamo voluto aggiungere la conclusione del corso mur a sec organizzato dal museo degli scalpellini di Castellavazzo con finale al Circolo di Provagna per una sorta di festa della comunit\u00e0\u201d.<\/p>\n<p>IL DETTAGLIO<br \/>\nL\u2019intervento di Rui de la Crose ha riguardato la realizzazione di un nuovo viadotto in affiancamento ad un ponte esistente danneggiato da pi\u00f9 eventi alluvionali, lungo la strada comunale che collega le localit\u00e0 Dogna e Provagna.<br \/>\nLa piattaforma stradale ha una carreggiata a doppio senso di marcia con due corsie di larghezza 3.25<br \/>\nm e banchine di 1.00 m per parte, ottenendo un piano carrabile di larghezza 8.50 m, corrispondente<br \/>\nad una strada classificata in categoria F2 locale in ambito extraurbano.<br \/>\nIl nuovo ponte presenta un impalcato leggero in struttura mista acciaio-calcestruzzo a campata unica,<br \/>\ncon due travi bordo ponte in appoggio sulle spalle alle estremit\u00e0 dell\u2019impalcato.<br \/>\nOltre al ponte, \u00e8 stata realizzata anche la sistemazione del canalone. L\u2019intervento riguarda la realizzazione delle opere di difesa idraulica e geologica del Rui de la Crose, a monte e valle della strada.<br \/>\n\u201cSar\u00e0 per tutta la nostra comunit\u00e0 un momento storico che va a mettere in sicurezza un\u2019area i cui pericoli erano costanti in situazioni emergenziali\u201d, conclude il Sindaco.<\/p>","protected":false},"excerpt":{"rendered":"<p>Padrin: \u201cOpera estremamente importante, investimento complessivo da 3 milioni\u201d Sar\u00e0 inaugurato sabato mattina il nuovo ponte di Rui de la Crose, che collega Dogna e Provagna. Un intervento realizzato da Veneto Strade atteso da tantissimi anni e che in pi\u00f9 riprese aveva creato non pochi problemi. E che si somma alla messa in sicurezza del [&hellip;]<\/p>\n","protected":false},"author":2,"featured_media":170082,"comment_status":"closed","ping_status":"open","sticky":false,"template":"","format":"standard","meta":{"footnotes":""},"categories":[5,26],"tags":[],"class_list":["post-170081","post","type-post","status-publish","format-standard","has-post-thumbnail","category-cronaca","category-prima-pagina"],"yoast_head":"<!-- This site is optimized with the Yoast SEO plugin v28.4 - https:\/\/yoast.com\/product\/yoast-seo-wordpress\/ -->\n<title>Longarone. Rui de la Crose, concluso l\u2019intervento del nuovo ponte. Sabato l\u2019inaugurazione - Bellunopress - Dolomiti<\/title>\n<meta name=\"robots\" content=\"index, follow, max-snippet:-1, max-image-preview:large, max-video-preview:-1\" \/>\n<link rel=\"canonical\" href=\"https:\/\/www.bellunopress.it\/fr\/2026\/05\/13\/longarone-rui-de-la-crose-concluso-lintervento-del-nuovo-ponte-sabato-linaugurazione\/\" \/>\n<meta property=\"og:locale\" content=\"fr_FR\" \/>\n<meta property=\"og:type\" content=\"article\" \/>\n<meta property=\"og:title\" content=\"Longarone. Rui de la Crose, concluso l\u2019intervento del nuovo ponte. Sabato l\u2019inaugurazione - Bellunopress - Dolomiti\" \/>\n<meta property=\"og:description\" content=\"Padrin: \u201cOpera estremamente importante, investimento complessivo da 3 milioni\u201d Sar\u00e0 inaugurato sabato mattina il nuovo ponte di Rui de la Crose, che collega Dogna e Provagna. Un intervento realizzato da Veneto Strade atteso da tantissimi anni e che in pi\u00f9 riprese aveva creato non pochi problemi. E che si somma alla messa in sicurezza del [&hellip;]\" \/>\n<meta property=\"og:url\" content=\"https:\/\/www.bellunopress.it\/fr\/2026\/05\/13\/longarone-rui-de-la-crose-concluso-lintervento-del-nuovo-ponte-sabato-linaugurazione\/\" \/>\n<meta property=\"og:site_name\" content=\"Bellunopress - Dolomiti\" \/>\n<meta property=\"article:publisher\" content=\"https:\/\/www.facebook.com\/profile.php?id=100008943462799\" \/>\n<meta property=\"article:published_time\" content=\"2026-05-13T11:36:19+00:00\" \/>\n<meta property=\"og:image\" content=\"https:\/\/www.bellunopress.it\/wp-content\/uploads\/2026\/05\/Longarone-Ponte-Rui-de-la-Crose-da-Provagna-a-Fortogna.jpeg\" \/>\n\t<meta property=\"og:image:width\" content=\"600\" \/>\n\t<meta property=\"og:image:height\" content=\"450\" \/>\n\t<meta property=\"og:image:type\" content=\"image\/jpeg\" \/>\n<meta name=\"author\" content=\"redazione\" \/>\n<meta name=\"twitter:card\" content=\"summary_large_image\" \/>\n<meta name=\"twitter:creator\" content=\"@bellunopress\" \/>\n<meta name=\"twitter:site\" content=\"@bellunopress\" \/>\n<meta name=\"twitter:label1\" content=\"\u00c9crit par\" \/>\n\t<meta name=\"twitter:data1\" content=\"redazione\" \/>\n\t<meta name=\"twitter:label2\" content=\"Dur\u00e9e de lecture estim\u00e9e\" \/>\n\t<meta name=\"twitter:data2\" content=\"2 minutes\" \/>\n<script type=\"application\/ld+json\" class=\"yoast-schema-graph\">{\"@context\":\"https:\\\/\\\/schema.org\",\"@graph\":[{\"@type\":\"Article\",\"@id\":\"https:\\\/\\\/www.bellunopress.it\\\/2026\\\/05\\\/13\\\/longarone-rui-de-la-crose-concluso-lintervento-del-nuovo-ponte-sabato-linaugurazione\\\/#article\",\"isPartOf\":{\"@id\":\"https:\\\/\\\/www.bellunopress.it\\\/2026\\\/05\\\/13\\\/longarone-rui-de-la-crose-concluso-lintervento-del-nuovo-ponte-sabato-linaugurazione\\\/\"},\"author\":{\"name\":\"redazione\",\"@id\":\"https:\\\/\\\/www.bellunopress.it\\\/#\\\/schema\\\/person\\\/79bb06722b37ece1c03d3e94beb30d73\"},\"headline\":\"Longarone. Rui de la Crose, concluso l\u2019intervento del nuovo ponte. Sabato l\u2019inaugurazione\",\"datePublished\":\"2026-05-13T11:36:19+00:00\",\"mainEntityOfPage\":{\"@id\":\"https:\\\/\\\/www.bellunopress.it\\\/2026\\\/05\\\/13\\\/longarone-rui-de-la-crose-concluso-lintervento-del-nuovo-ponte-sabato-linaugurazione\\\/\"},\"wordCount\":335,\"publisher\":{\"@id\":\"https:\\\/\\\/www.bellunopress.it\\\/#organization\"},\"image\":{\"@id\":\"https:\\\/\\\/www.bellunopress.it\\\/2026\\\/05\\\/13\\\/longarone-rui-de-la-crose-concluso-lintervento-del-nuovo-ponte-sabato-linaugurazione\\\/#primaryimage\"},\"thumbnailUrl\":\"https:\\\/\\\/www.bellunopress.it\\\/wp-content\\\/uploads\\\/2026\\\/05\\\/Longarone-Ponte-Rui-de-la-Crose-da-Provagna-a-Fortogna.jpeg\",\"articleSection\":[\"Cronaca\\\/Politica\",\"Prima Pagina\"],\"inLanguage\":\"fr-FR\"},{\"@type\":\"WebPage\",\"@id\":\"https:\\\/\\\/www.bellunopress.it\\\/2026\\\/05\\\/13\\\/longarone-rui-de-la-crose-concluso-lintervento-del-nuovo-ponte-sabato-linaugurazione\\\/\",\"url\":\"https:\\\/\\\/www.bellunopress.it\\\/2026\\\/05\\\/13\\\/longarone-rui-de-la-crose-concluso-lintervento-del-nuovo-ponte-sabato-linaugurazione\\\/\",\"name\":\"Longarone. Rui de la Crose, concluso l\u2019intervento del nuovo ponte. Sabato l\u2019inaugurazione - Bellunopress - Dolomiti\",\"isPartOf\":{\"@id\":\"https:\\\/\\\/www.bellunopress.it\\\/#website\"},\"primaryImageOfPage\":{\"@id\":\"https:\\\/\\\/www.bellunopress.it\\\/2026\\\/05\\\/13\\\/longarone-rui-de-la-crose-concluso-lintervento-del-nuovo-ponte-sabato-linaugurazione\\\/#primaryimage\"},\"image\":{\"@id\":\"https:\\\/\\\/www.bellunopress.it\\\/2026\\\/05\\\/13\\\/longarone-rui-de-la-crose-concluso-lintervento-del-nuovo-ponte-sabato-linaugurazione\\\/#primaryimage\"},\"thumbnailUrl\":\"https:\\\/\\\/www.bellunopress.it\\\/wp-content\\\/uploads\\\/2026\\\/05\\\/Longarone-Ponte-Rui-de-la-Crose-da-Provagna-a-Fortogna.jpeg\",\"datePublished\":\"2026-05-13T11:36:19+00:00\",\"breadcrumb\":{\"@id\":\"https:\\\/\\\/www.bellunopress.it\\\/2026\\\/05\\\/13\\\/longarone-rui-de-la-crose-concluso-lintervento-del-nuovo-ponte-sabato-linaugurazione\\\/#breadcrumb\"},\"inLanguage\":\"fr-FR\",\"potentialAction\":[{\"@type\":\"ReadAction\",\"target\":[\"https:\\\/\\\/www.bellunopress.it\\\/2026\\\/05\\\/13\\\/longarone-rui-de-la-crose-concluso-lintervento-del-nuovo-ponte-sabato-linaugurazione\\\/\"]}]},{\"@type\":\"ImageObject\",\"inLanguage\":\"fr-FR\",\"@id\":\"https:\\\/\\\/www.bellunopress.it\\\/2026\\\/05\\\/13\\\/longarone-rui-de-la-crose-concluso-lintervento-del-nuovo-ponte-sabato-linaugurazione\\\/#primaryimage\",\"url\":\"https:\\\/\\\/www.bellunopress.it\\\/wp-content\\\/uploads\\\/2026\\\/05\\\/Longarone-Ponte-Rui-de-la-Crose-da-Provagna-a-Fortogna.jpeg\",\"contentUrl\":\"https:\\\/\\\/www.bellunopress.it\\\/wp-content\\\/uploads\\\/2026\\\/05\\\/Longarone-Ponte-Rui-de-la-Crose-da-Provagna-a-Fortogna.jpeg\",\"width\":600,\"height\":450,\"caption\":\"Longarone: Ponte Rui de la Crose che collega Provagna a Fortogna\"},{\"@type\":\"BreadcrumbList\",\"@id\":\"https:\\\/\\\/www.bellunopress.it\\\/2026\\\/05\\\/13\\\/longarone-rui-de-la-crose-concluso-lintervento-del-nuovo-ponte-sabato-linaugurazione\\\/#breadcrumb\",\"itemListElement\":[{\"@type\":\"ListItem\",\"position\":1,\"name\":\"Home\",\"item\":\"https:\\\/\\\/www.bellunopress.it\\\/\"},{\"@type\":\"ListItem\",\"position\":2,\"name\":\"Longarone. Rui de la Crose, concluso l\u2019intervento del nuovo ponte. Sabato l\u2019inaugurazione\"}]},{\"@type\":\"WebSite\",\"@id\":\"https:\\\/\\\/www.bellunopress.it\\\/#website\",\"url\":\"https:\\\/\\\/www.bellunopress.it\\\/\",\"name\":\"Bellunopress - Dolomiti\",\"description\":\"e-mail: redazione@bellunopress.it\",\"publisher\":{\"@id\":\"https:\\\/\\\/www.bellunopress.it\\\/#organization\"},\"potentialAction\":[{\"@type\":\"SearchAction\",\"target\":{\"@type\":\"EntryPoint\",\"urlTemplate\":\"https:\\\/\\\/www.bellunopress.it\\\/?s={search_term_string}\"},\"query-input\":{\"@type\":\"PropertyValueSpecification\",\"valueRequired\":true,\"valueName\":\"search_term_string\"}}],\"inLanguage\":\"fr-FR\"},{\"@type\":\"Organization\",\"@id\":\"https:\\\/\\\/www.bellunopress.it\\\/#organization\",\"name\":\"Bellunopress\",\"url\":\"https:\\\/\\\/www.bellunopress.it\\\/\",\"logo\":{\"@type\":\"ImageObject\",\"inLanguage\":\"fr-FR\",\"@id\":\"https:\\\/\\\/www.bellunopress.it\\\/#\\\/schema\\\/logo\\\/image\\\/\",\"url\":\"https:\\\/\\\/www.bellunopress.it\\\/wp-content\\\/uploads\\\/2011\\\/05\\\/cropped-logo-bellunopress-.jpg\",\"contentUrl\":\"https:\\\/\\\/www.bellunopress.it\\\/wp-content\\\/uploads\\\/2011\\\/05\\\/cropped-logo-bellunopress-.jpg\",\"width\":512,\"height\":512,\"caption\":\"Bellunopress\"},\"image\":{\"@id\":\"https:\\\/\\\/www.bellunopress.it\\\/#\\\/schema\\\/logo\\\/image\\\/\"},\"sameAs\":[\"https:\\\/\\\/www.facebook.com\\\/profile.php?id=100008943462799\",\"https:\\\/\\\/x.com\\\/bellunopress\",\"https:\\\/\\\/www.linkedin.com\\\/hp\\\/?dnr=JBzUWaJfMUw8vbXJJ2tVW5-I3jZKvC4wsoxE&amp;amp;amp;amp;amp;amp;trk=nav_responsive_tab_home\",\"https:\\\/\\\/www.youtube.com\\\/channel\\\/UCxL0wu1uN0_3_7hGG0306cw\"]},{\"@type\":\"Person\",\"@id\":\"https:\\\/\\\/www.bellunopress.it\\\/#\\\/schema\\\/person\\\/79bb06722b37ece1c03d3e94beb30d73\",\"name\":\"redazione\",\"image\":{\"@type\":\"ImageObject\",\"inLanguage\":\"fr-FR\",\"@id\":\"https:\\\/\\\/secure.gravatar.com\\\/avatar\\\/37d968a2e67a6fd04c169c4bdef102d0bc5d31b2546345219e348575eb80e9a0?s=96&d=mm&r=g\",\"url\":\"https:\\\/\\\/secure.gravatar.com\\\/avatar\\\/37d968a2e67a6fd04c169c4bdef102d0bc5d31b2546345219e348575eb80e9a0?s=96&d=mm&r=g\",\"contentUrl\":\"https:\\\/\\\/secure.gravatar.com\\\/avatar\\\/37d968a2e67a6fd04c169c4bdef102d0bc5d31b2546345219e348575eb80e9a0?s=96&d=mm&r=g\",\"caption\":\"redazione\"},\"sameAs\":[\"http:\\\/\\\/www.bellunopress.it\",\"https:\\\/\\\/x.com\\\/bellunopress\"],\"url\":\"https:\\\/\\\/www.bellunopress.it\\\/fr\\\/author\\\/redazione\\\/\"}]}<\/script>\n<!-- \/ Yoast SEO plugin. -->","yoast_head_json":{"title":"Longarone. Rui de la Crose, concluso l\u2019intervento del nuovo ponte. Sabato l\u2019inaugurazione - Bellunopress - Dolomiti","robots":{"index":"index","follow":"follow","max-snippet":"max-snippet:-1","max-image-preview":"max-image-preview:large","max-video-preview":"max-video-preview:-1"},"canonical":"https:\/\/www.bellunopress.it\/fr\/2026\/05\/13\/longarone-rui-de-la-crose-concluso-lintervento-del-nuovo-ponte-sabato-linaugurazione\/","og_locale":"fr_FR","og_type":"article","og_title":"Longarone. Rui de la Crose, concluso l\u2019intervento del nuovo ponte. Sabato l\u2019inaugurazione - Bellunopress - Dolomiti","og_description":"Padrin: \u201cOpera estremamente importante, investimento complessivo da 3 milioni\u201d Sar\u00e0 inaugurato sabato mattina il nuovo ponte di Rui de la Crose, che collega Dogna e Provagna. Un intervento realizzato da Veneto Strade atteso da tantissimi anni e che in pi\u00f9 riprese aveva creato non pochi problemi. E che si somma alla messa in sicurezza del [&hellip;]","og_url":"https:\/\/www.bellunopress.it\/fr\/2026\/05\/13\/longarone-rui-de-la-crose-concluso-lintervento-del-nuovo-ponte-sabato-linaugurazione\/","og_site_name":"Bellunopress - Dolomiti","article_publisher":"https:\/\/www.facebook.com\/profile.php?id=100008943462799","article_published_time":"2026-05-13T11:36:19+00:00","og_image":[{"width":600,"height":450,"url":"https:\/\/www.bellunopress.it\/wp-content\/uploads\/2026\/05\/Longarone-Ponte-Rui-de-la-Crose-da-Provagna-a-Fortogna.jpeg","type":"image\/jpeg"}],"author":"redazione","twitter_card":"summary_large_image","twitter_creator":"@bellunopress","twitter_site":"@bellunopress","twitter_misc":{"\u00c9crit par":"redazione","Dur\u00e9e de lecture estim\u00e9e":"2 minutes"},"schema":{"@context":"https:\/\/schema.org","@graph":[{"@type":"Article","@id":"https:\/\/www.bellunopress.it\/2026\/05\/13\/longarone-rui-de-la-crose-concluso-lintervento-del-nuovo-ponte-sabato-linaugurazione\/#article","isPartOf":{"@id":"https:\/\/www.bellunopress.it\/2026\/05\/13\/longarone-rui-de-la-crose-concluso-lintervento-del-nuovo-ponte-sabato-linaugurazione\/"},"author":{"name":"redazione","@id":"https:\/\/www.bellunopress.it\/#\/schema\/person\/79bb06722b37ece1c03d3e94beb30d73"},"headline":"Longarone. Rui de la Crose, concluso l\u2019intervento del nuovo ponte. Sabato l\u2019inaugurazione","datePublished":"2026-05-13T11:36:19+00:00","mainEntityOfPage":{"@id":"https:\/\/www.bellunopress.it\/2026\/05\/13\/longarone-rui-de-la-crose-concluso-lintervento-del-nuovo-ponte-sabato-linaugurazione\/"},"wordCount":335,"publisher":{"@id":"https:\/\/www.bellunopress.it\/#organization"},"image":{"@id":"https:\/\/www.bellunopress.it\/2026\/05\/13\/longarone-rui-de-la-crose-concluso-lintervento-del-nuovo-ponte-sabato-linaugurazione\/#primaryimage"},"thumbnailUrl":"https:\/\/www.bellunopress.it\/wp-content\/uploads\/2026\/05\/Longarone-Ponte-Rui-de-la-Crose-da-Provagna-a-Fortogna.jpeg","articleSection":["Cronaca\/Politica","Prima Pagina"],"inLanguage":"fr-FR"},{"@type":"WebPage","@id":"https:\/\/www.bellunopress.it\/2026\/05\/13\/longarone-rui-de-la-crose-concluso-lintervento-del-nuovo-ponte-sabato-linaugurazione\/","url":"https:\/\/www.bellunopress.it\/2026\/05\/13\/longarone-rui-de-la-crose-concluso-lintervento-del-nuovo-ponte-sabato-linaugurazione\/","name":"Longarone. Rui de la Crose, concluso l\u2019intervento del nuovo ponte. Sabato l\u2019inaugurazione - Bellunopress - Dolomiti","isPartOf":{"@id":"https:\/\/www.bellunopress.it\/#website"},"primaryImageOfPage":{"@id":"https:\/\/www.bellunopress.it\/2026\/05\/13\/longarone-rui-de-la-crose-concluso-lintervento-del-nuovo-ponte-sabato-linaugurazione\/#primaryimage"},"image":{"@id":"https:\/\/www.bellunopress.it\/2026\/05\/13\/longarone-rui-de-la-crose-concluso-lintervento-del-nuovo-ponte-sabato-linaugurazione\/#primaryimage"},"thumbnailUrl":"https:\/\/www.bellunopress.it\/wp-content\/uploads\/2026\/05\/Longarone-Ponte-Rui-de-la-Crose-da-Provagna-a-Fortogna.jpeg","datePublished":"2026-05-13T11:36:19+00:00","breadcrumb":{"@id":"https:\/\/www.bellunopress.it\/2026\/05\/13\/longarone-rui-de-la-crose-concluso-lintervento-del-nuovo-ponte-sabato-linaugurazione\/#breadcrumb"},"inLanguage":"fr-FR","potentialAction":[{"@type":"ReadAction","target":["https:\/\/www.bellunopress.it\/2026\/05\/13\/longarone-rui-de-la-crose-concluso-lintervento-del-nuovo-ponte-sabato-linaugurazione\/"]}]},{"@type":"ImageObject","inLanguage":"fr-FR","@id":"https:\/\/www.bellunopress.it\/2026\/05\/13\/longarone-rui-de-la-crose-concluso-lintervento-del-nuovo-ponte-sabato-linaugurazione\/#primaryimage","url":"https:\/\/www.bellunopress.it\/wp-content\/uploads\/2026\/05\/Longarone-Ponte-Rui-de-la-Crose-da-Provagna-a-Fortogna.jpeg","contentUrl":"https:\/\/www.bellunopress.it\/wp-content\/uploads\/2026\/05\/Longarone-Ponte-Rui-de-la-Crose-da-Provagna-a-Fortogna.jpeg","width":600,"height":450,"caption":"Longarone: Ponte Rui de la Crose che collega Provagna a Fortogna"},{"@type":"BreadcrumbList","@id":"https:\/\/www.bellunopress.it\/2026\/05\/13\/longarone-rui-de-la-crose-concluso-lintervento-del-nuovo-ponte-sabato-linaugurazione\/#breadcrumb","itemListElement":[{"@type":"ListItem","position":1,"name":"Home","item":"https:\/\/www.bellunopress.it\/"},{"@type":"ListItem","position":2,"name":"Longarone. Rui de la Crose, concluso l\u2019intervento del nuovo ponte. Sabato l\u2019inaugurazione"}]},{"@type":"WebSite","@id":"https:\/\/www.bellunopress.it\/#website","url":"https:\/\/www.bellunopress.it\/","name":"Bellunopress - Dolomiti","description":"e-mail: redazione@bellunopress.it","publisher":{"@id":"https:\/\/www.bellunopress.it\/#organization"},"potentialAction":[{"@type":"SearchAction","target":{"@type":"EntryPoint","urlTemplate":"https:\/\/www.bellunopress.it\/?s={search_term_string}"},"query-input":{"@type":"PropertyValueSpecification","valueRequired":true,"valueName":"search_term_string"}}],"inLanguage":"fr-FR"},{"@type":"Organization","@id":"https:\/\/www.bellunopress.it\/#organization","name":"Bellunopress","url":"https:\/\/www.bellunopress.it\/","logo":{"@type":"ImageObject","inLanguage":"fr-FR","@id":"https:\/\/www.bellunopress.it\/#\/schema\/logo\/image\/","url":"https:\/\/www.bellunopress.it\/wp-content\/uploads\/2011\/05\/cropped-logo-bellunopress-.jpg","contentUrl":"https:\/\/www.bellunopress.it\/wp-content\/uploads\/2011\/05\/cropped-logo-bellunopress-.jpg","width":512,"height":512,"caption":"Bellunopress"},"image":{"@id":"https:\/\/www.bellunopress.it\/#\/schema\/logo\/image\/"},"sameAs":["https:\/\/www.facebook.com\/profile.php?id=100008943462799","https:\/\/x.com\/bellunopress","https:\/\/www.linkedin.com\/hp\/?dnr=JBzUWaJfMUw8vbXJJ2tVW5-I3jZKvC4wsoxE&amp;amp;amp;amp;amp;amp;trk=nav_responsive_tab_home","https:\/\/www.youtube.com\/channel\/UCxL0wu1uN0_3_7hGG0306cw"]},{"@type":"Person","@id":"https:\/\/www.bellunopress.it\/#\/schema\/person\/79bb06722b37ece1c03d3e94beb30d73","name":"r\u00e9daction","image":{"@type":"ImageObject","inLanguage":"fr-FR","@id":"https:\/\/secure.gravatar.com\/avatar\/37d968a2e67a6fd04c169c4bdef102d0bc5d31b2546345219e348575eb80e9a0?s=96&d=mm&r=g","url":"https:\/\/secure.gravatar.com\/avatar\/37d968a2e67a6fd04c169c4bdef102d0bc5d31b2546345219e348575eb80e9a0?s=96&d=mm&r=g","contentUrl":"https:\/\/secure.gravatar.com\/avatar\/37d968a2e67a6fd04c169c4bdef102d0bc5d31b2546345219e348575eb80e9a0?s=96&d=mm&r=g","caption":"redazione"},"sameAs":["http:\/\/www.bellunopress.it","https:\/\/x.com\/bellunopress"],"url":"https:\/\/www.bellunopress.it\/fr\/author\/redazione\/"}]}},"_links":{"self":[{"href":"https:\/\/www.bellunopress.it\/fr\/wp-json\/wp\/v2\/posts\/170081","targetHints":{"allow":["GET"]}}],"collection":[{"href":"https:\/\/www.bellunopress.it\/fr\/wp-json\/wp\/v2\/posts"}],"about":[{"href":"https:\/\/www.bellunopress.it\/fr\/wp-json\/wp\/v2\/types\/post"}],"author":[{"embeddable":true,"href":"https:\/\/www.bellunopress.it\/fr\/wp-json\/wp\/v2\/users\/2"}],"replies":[{"embeddable":true,"href":"https:\/\/www.bellunopress.it\/fr\/wp-json\/wp\/v2\/comments?post=170081"}],"version-history":[{"count":1,"href":"https:\/\/www.bellunopress.it\/fr\/wp-json\/wp\/v2\/posts\/170081\/revisions"}],"predecessor-version":[{"id":170083,"href":"https:\/\/www.bellunopress.it\/fr\/wp-json\/wp\/v2\/posts\/170081\/revisions\/170083"}],"wp:featuredmedia":[{"embeddable":true,"href":"https:\/\/www.bellunopress.it\/fr\/wp-json\/wp\/v2\/media\/170082"}],"wp:attachment":[{"href":"https:\/\/www.bellunopress.it\/fr\/wp-json\/wp\/v2\/media?parent=170081"}],"wp:term":[{"taxonomy":"category","embeddable":true,"href":"https:\/\/www.bellunopress.it\/fr\/wp-json\/wp\/v2\/categories?post=170081"},{"taxonomy":"post_tag","embeddable":true,"href":"https:\/\/www.bellunopress.it\/fr\/wp-json\/wp\/v2\/tags?post=170081"}],"curies":[{"name":"wp","href":"https:\/\/api.w.org\/{rel}","templated":true}]}}