{"id":170079,"date":"2026-05-13T13:29:13","date_gmt":"2026-05-13T11:29:13","guid":{"rendered":"https:\/\/www.bellunopress.it\/?p=170079"},"modified":"2026-05-13T13:29:13","modified_gmt":"2026-05-13T11:29:13","slug":"rinnovabili-via-libera-al-piano-per-le-zone-di-accelerazione","status":"publish","type":"post","link":"https:\/\/www.bellunopress.it\/fr\/2026\/05\/13\/rinnovabili-via-libera-al-piano-per-le-zone-di-accelerazione\/","title":{"rendered":"Rinnovabili, via libera al Piano per le Zone di Accelerazione"},"content":{"rendered":"<p>Venezia, 13 maggio 2026 &#8211; \u00a0Il via libera della Giunta regionale del Veneto al PIZAT (Piano di individuazione delle Zone di Accelerazione terrestri) segna una svolta non solo burocratica, ma urbanistica e ambientale. L&#8217;obiettivo \u00e8 ambizioso: installare 5,8 GW di nuova potenza da fonti rinnovabili entro il 2030.<\/p>\n<p>Tuttavia, il cuore della strategia risiede nella selezione chirurgica delle aree. Ma quali sono, in concreto, queste &#8220;Zone di Accelerazione&#8221; e perch\u00e9 sono state scelte proprio queste?<\/p>\n<p><strong>Dove sorgeranno i nuovi impianti?\u00a0<\/strong><br \/>\nLe Zone di Accelerazione non sono state scelte a caso, ma seguono un principio di &#8220;riuso&#8221; del suolo. L&#8217;assessore Marco Zecchinato \u00e8 stato chiaro: la priorit\u00e0 \u00e8 non consumare suolo agricolo o vergine.<\/p>\n<p>Ecco le tipologie di aree interessate:<\/p>\n<p>Aree Urbanizzate e Produttive: zone industriali, artigianali e commerciali esistenti. L&#8217;idea \u00e8 sfruttare le coperture dei capannoni e le superfici pavimentate gi\u00e0 destinate all&#8217;economia.<\/p>\n<p>Aree Degradate o Dismesse: ex cave, siti industriali abbandonati o porzioni di territorio compromesse che necessitano di una nuova destinazione d&#8217;uso. In questo modo, l&#8217;impianto energetico diventa anche uno strumento di rigenerazione urbana.<\/p>\n<p>Infrastrutture e Aree Limitrofe: zone adiacenti a infrastrutture autostradali o ferroviarie, dove l&#8217;impatto paesaggistico \u00e8 gi\u00e0 alterato e la connessione alla rete elettrica risulta pi\u00f9 agevole.<\/p>\n<p>Aree a Basso Valore Paesaggistico: Ambiti che il percorso tecnico interdisciplinare della Regione ha classificato come privi di vincoli monumentali o ambientali di pregio.<\/p>\n<p><strong>Perch\u00e9 &#8220;Accelerazione&#8221;?\u00a0<\/strong><br \/>\nIl termine &#8220;accelerazione&#8221; non si riferisce solo alla velocit\u00e0 della transizione energetica, ma soprattutto a quella degli uffici pubblici. Chi decide di investire in queste aree specifiche godr\u00e0 di una corsia preferenziale:<\/p>\n<p>VAS Preventiva: la Valutazione Ambientale Strategica viene fatta a monte dalla Regione sul Piano intero. Questo significa che il singolo progetto non dovr\u00e0 rifare l&#8217;iter da zero, a patto che rispetti le misure di mitigazione gi\u00e0 stabilite.<\/p>\n<p>Parere Paesaggistico Semplificato: per gli impianti che richiedono l&#8217;Autorizzazione Unica, il parere delle autorit\u00e0 paesaggistiche resta obbligatorio ma non \u00e8 pi\u00f9 vincolante. Inoltre, i tempi per il rilascio di tale parere sono tagliati del 33%.<\/p>\n<p>Meno burocrazia per i piccoli: anche i cittadini e le piccole imprese che installano impianti in edilizia libera vedranno ridotti gli adempimenti amministrativi.<\/p>\n<p>Secondo l&#8217;assessore Massimo Bitonci, il piano \u00e8 lo strumento chiave per il pacchetto europeo &#8220;Fit for 55&#8221;. Il focus principale sar\u00e0 sul fotovoltaico e sui sistemi di accumulo (le batterie che permettono di usare l&#8217;energia solare anche di notte).<\/p>\n<p>Il Piano non guarda per\u00f2 solo al sole: la strategia regionale integrata comprende anche biomasse, geotermia e il forte sostegno alle Comunit\u00e0 Energetiche Rinnovabili (CER), che permetteranno a cittadini e imprese di scambiarsi energia prodotta localmente.<\/p>\n<p>Con questa mossa, il Veneto tenta di bilanciare due esigenze spesso in conflitto: la necessit\u00e0 impellente di energia pulita per restare competitivi sul mercato globale e la tutela di un paesaggio tra i pi\u00f9 delicati e preziosi d&#8217;Italia. La scommessa \u00e8 che, accelerando dove il danno \u00e8 minimo, si possa correre pi\u00f9 veloci verso il futuro.<\/p>","protected":false},"excerpt":{"rendered":"<p>Venezia, 13 maggio 2026 &#8211; \u00a0Il via libera della Giunta regionale del Veneto al PIZAT (Piano di individuazione delle Zone di Accelerazione terrestri) segna una svolta non solo burocratica, ma urbanistica e ambientale. L&#8217;obiettivo \u00e8 ambizioso: installare 5,8 GW di nuova potenza da fonti rinnovabili entro il 2030. Tuttavia, il cuore della strategia risiede nella [&hellip;]<\/p>\n","protected":false},"author":2,"featured_media":114469,"comment_status":"closed","ping_status":"open","sticky":false,"template":"","format":"standard","meta":{"footnotes":""},"categories":[5,26],"tags":[],"class_list":["post-170079","post","type-post","status-publish","format-standard","has-post-thumbnail","category-cronaca","category-prima-pagina"],"yoast_head":"<!-- This site is optimized with the Yoast SEO plugin v28.4 - https:\/\/yoast.com\/product\/yoast-seo-wordpress\/ -->\n<title>Rinnovabili, via libera al Piano per le Zone di Accelerazione - Bellunopress - Dolomiti<\/title>\n<meta name=\"robots\" content=\"index, follow, max-snippet:-1, max-image-preview:large, max-video-preview:-1\" \/>\n<link rel=\"canonical\" href=\"https:\/\/www.bellunopress.it\/fr\/2026\/05\/13\/rinnovabili-via-libera-al-piano-per-le-zone-di-accelerazione\/\" \/>\n<meta property=\"og:locale\" content=\"fr_FR\" \/>\n<meta property=\"og:type\" content=\"article\" \/>\n<meta property=\"og:title\" content=\"Rinnovabili, via libera al Piano per le Zone di Accelerazione - Bellunopress - Dolomiti\" \/>\n<meta property=\"og:description\" content=\"Venezia, 13 maggio 2026 &#8211; \u00a0Il via libera della Giunta regionale del Veneto al PIZAT (Piano di individuazione delle Zone di Accelerazione terrestri) segna una svolta non solo burocratica, ma urbanistica e ambientale. L&#8217;obiettivo \u00e8 ambizioso: installare 5,8 GW di nuova potenza da fonti rinnovabili entro il 2030. Tuttavia, il cuore della strategia risiede nella [&hellip;]\" \/>\n<meta property=\"og:url\" content=\"https:\/\/www.bellunopress.it\/fr\/2026\/05\/13\/rinnovabili-via-libera-al-piano-per-le-zone-di-accelerazione\/\" \/>\n<meta property=\"og:site_name\" content=\"Bellunopress - Dolomiti\" \/>\n<meta property=\"article:publisher\" content=\"https:\/\/www.facebook.com\/profile.php?id=100008943462799\" \/>\n<meta property=\"article:published_time\" content=\"2026-05-13T11:29:13+00:00\" \/>\n<meta property=\"og:image\" content=\"https:\/\/www.bellunopress.it\/wp-content\/uploads\/2020\/05\/Regione-Veneto-Palazzo-Ferro-Fini-sede-del-Consiglio-regionale_edited.jpg\" \/>\n\t<meta property=\"og:image:width\" content=\"780\" \/>\n\t<meta property=\"og:image:height\" content=\"405\" \/>\n\t<meta property=\"og:image:type\" content=\"image\/jpeg\" \/>\n<meta name=\"author\" content=\"redazione\" \/>\n<meta name=\"twitter:card\" content=\"summary_large_image\" \/>\n<meta name=\"twitter:creator\" content=\"@bellunopress\" \/>\n<meta name=\"twitter:site\" content=\"@bellunopress\" \/>\n<meta name=\"twitter:label1\" content=\"\u00c9crit par\" \/>\n\t<meta name=\"twitter:data1\" content=\"redazione\" \/>\n\t<meta name=\"twitter:label2\" content=\"Dur\u00e9e de lecture estim\u00e9e\" \/>\n\t<meta name=\"twitter:data2\" content=\"3 minutes\" \/>\n<script type=\"application\/ld+json\" class=\"yoast-schema-graph\">{\"@context\":\"https:\\\/\\\/schema.org\",\"@graph\":[{\"@type\":\"Article\",\"@id\":\"https:\\\/\\\/www.bellunopress.it\\\/2026\\\/05\\\/13\\\/rinnovabili-via-libera-al-piano-per-le-zone-di-accelerazione\\\/#article\",\"isPartOf\":{\"@id\":\"https:\\\/\\\/www.bellunopress.it\\\/2026\\\/05\\\/13\\\/rinnovabili-via-libera-al-piano-per-le-zone-di-accelerazione\\\/\"},\"author\":{\"name\":\"redazione\",\"@id\":\"https:\\\/\\\/www.bellunopress.it\\\/#\\\/schema\\\/person\\\/79bb06722b37ece1c03d3e94beb30d73\"},\"headline\":\"Rinnovabili, via libera al Piano per le Zone di Accelerazione\",\"datePublished\":\"2026-05-13T11:29:13+00:00\",\"mainEntityOfPage\":{\"@id\":\"https:\\\/\\\/www.bellunopress.it\\\/2026\\\/05\\\/13\\\/rinnovabili-via-libera-al-piano-per-le-zone-di-accelerazione\\\/\"},\"wordCount\":493,\"publisher\":{\"@id\":\"https:\\\/\\\/www.bellunopress.it\\\/#organization\"},\"image\":{\"@id\":\"https:\\\/\\\/www.bellunopress.it\\\/2026\\\/05\\\/13\\\/rinnovabili-via-libera-al-piano-per-le-zone-di-accelerazione\\\/#primaryimage\"},\"thumbnailUrl\":\"https:\\\/\\\/www.bellunopress.it\\\/wp-content\\\/uploads\\\/2020\\\/05\\\/Regione-Veneto-Palazzo-Ferro-Fini-sede-del-Consiglio-regionale_edited.jpg\",\"articleSection\":[\"Cronaca\\\/Politica\",\"Prima Pagina\"],\"inLanguage\":\"fr-FR\"},{\"@type\":\"WebPage\",\"@id\":\"https:\\\/\\\/www.bellunopress.it\\\/2026\\\/05\\\/13\\\/rinnovabili-via-libera-al-piano-per-le-zone-di-accelerazione\\\/\",\"url\":\"https:\\\/\\\/www.bellunopress.it\\\/2026\\\/05\\\/13\\\/rinnovabili-via-libera-al-piano-per-le-zone-di-accelerazione\\\/\",\"name\":\"Rinnovabili, via libera al Piano per le Zone di Accelerazione - Bellunopress - Dolomiti\",\"isPartOf\":{\"@id\":\"https:\\\/\\\/www.bellunopress.it\\\/#website\"},\"primaryImageOfPage\":{\"@id\":\"https:\\\/\\\/www.bellunopress.it\\\/2026\\\/05\\\/13\\\/rinnovabili-via-libera-al-piano-per-le-zone-di-accelerazione\\\/#primaryimage\"},\"image\":{\"@id\":\"https:\\\/\\\/www.bellunopress.it\\\/2026\\\/05\\\/13\\\/rinnovabili-via-libera-al-piano-per-le-zone-di-accelerazione\\\/#primaryimage\"},\"thumbnailUrl\":\"https:\\\/\\\/www.bellunopress.it\\\/wp-content\\\/uploads\\\/2020\\\/05\\\/Regione-Veneto-Palazzo-Ferro-Fini-sede-del-Consiglio-regionale_edited.jpg\",\"datePublished\":\"2026-05-13T11:29:13+00:00\",\"breadcrumb\":{\"@id\":\"https:\\\/\\\/www.bellunopress.it\\\/2026\\\/05\\\/13\\\/rinnovabili-via-libera-al-piano-per-le-zone-di-accelerazione\\\/#breadcrumb\"},\"inLanguage\":\"fr-FR\",\"potentialAction\":[{\"@type\":\"ReadAction\",\"target\":[\"https:\\\/\\\/www.bellunopress.it\\\/2026\\\/05\\\/13\\\/rinnovabili-via-libera-al-piano-per-le-zone-di-accelerazione\\\/\"]}]},{\"@type\":\"ImageObject\",\"inLanguage\":\"fr-FR\",\"@id\":\"https:\\\/\\\/www.bellunopress.it\\\/2026\\\/05\\\/13\\\/rinnovabili-via-libera-al-piano-per-le-zone-di-accelerazione\\\/#primaryimage\",\"url\":\"https:\\\/\\\/www.bellunopress.it\\\/wp-content\\\/uploads\\\/2020\\\/05\\\/Regione-Veneto-Palazzo-Ferro-Fini-sede-del-Consiglio-regionale_edited.jpg\",\"contentUrl\":\"https:\\\/\\\/www.bellunopress.it\\\/wp-content\\\/uploads\\\/2020\\\/05\\\/Regione-Veneto-Palazzo-Ferro-Fini-sede-del-Consiglio-regionale_edited.jpg\",\"width\":780,\"height\":405,\"caption\":\"Palazzo Ferro Fini, sede del Consiglio regionale del Veneto\"},{\"@type\":\"BreadcrumbList\",\"@id\":\"https:\\\/\\\/www.bellunopress.it\\\/2026\\\/05\\\/13\\\/rinnovabili-via-libera-al-piano-per-le-zone-di-accelerazione\\\/#breadcrumb\",\"itemListElement\":[{\"@type\":\"ListItem\",\"position\":1,\"name\":\"Home\",\"item\":\"https:\\\/\\\/www.bellunopress.it\\\/\"},{\"@type\":\"ListItem\",\"position\":2,\"name\":\"Rinnovabili, via libera al Piano per le Zone di Accelerazione\"}]},{\"@type\":\"WebSite\",\"@id\":\"https:\\\/\\\/www.bellunopress.it\\\/#website\",\"url\":\"https:\\\/\\\/www.bellunopress.it\\\/\",\"name\":\"Bellunopress - Dolomiti\",\"description\":\"e-mail: redazione@bellunopress.it\",\"publisher\":{\"@id\":\"https:\\\/\\\/www.bellunopress.it\\\/#organization\"},\"potentialAction\":[{\"@type\":\"SearchAction\",\"target\":{\"@type\":\"EntryPoint\",\"urlTemplate\":\"https:\\\/\\\/www.bellunopress.it\\\/?s={search_term_string}\"},\"query-input\":{\"@type\":\"PropertyValueSpecification\",\"valueRequired\":true,\"valueName\":\"search_term_string\"}}],\"inLanguage\":\"fr-FR\"},{\"@type\":\"Organization\",\"@id\":\"https:\\\/\\\/www.bellunopress.it\\\/#organization\",\"name\":\"Bellunopress\",\"url\":\"https:\\\/\\\/www.bellunopress.it\\\/\",\"logo\":{\"@type\":\"ImageObject\",\"inLanguage\":\"fr-FR\",\"@id\":\"https:\\\/\\\/www.bellunopress.it\\\/#\\\/schema\\\/logo\\\/image\\\/\",\"url\":\"https:\\\/\\\/www.bellunopress.it\\\/wp-content\\\/uploads\\\/2011\\\/05\\\/cropped-logo-bellunopress-.jpg\",\"contentUrl\":\"https:\\\/\\\/www.bellunopress.it\\\/wp-content\\\/uploads\\\/2011\\\/05\\\/cropped-logo-bellunopress-.jpg\",\"width\":512,\"height\":512,\"caption\":\"Bellunopress\"},\"image\":{\"@id\":\"https:\\\/\\\/www.bellunopress.it\\\/#\\\/schema\\\/logo\\\/image\\\/\"},\"sameAs\":[\"https:\\\/\\\/www.facebook.com\\\/profile.php?id=100008943462799\",\"https:\\\/\\\/x.com\\\/bellunopress\",\"https:\\\/\\\/www.linkedin.com\\\/hp\\\/?dnr=JBzUWaJfMUw8vbXJJ2tVW5-I3jZKvC4wsoxE&amp;amp;amp;amp;amp;amp;trk=nav_responsive_tab_home\",\"https:\\\/\\\/www.youtube.com\\\/channel\\\/UCxL0wu1uN0_3_7hGG0306cw\"]},{\"@type\":\"Person\",\"@id\":\"https:\\\/\\\/www.bellunopress.it\\\/#\\\/schema\\\/person\\\/79bb06722b37ece1c03d3e94beb30d73\",\"name\":\"redazione\",\"image\":{\"@type\":\"ImageObject\",\"inLanguage\":\"fr-FR\",\"@id\":\"https:\\\/\\\/secure.gravatar.com\\\/avatar\\\/37d968a2e67a6fd04c169c4bdef102d0bc5d31b2546345219e348575eb80e9a0?s=96&d=mm&r=g\",\"url\":\"https:\\\/\\\/secure.gravatar.com\\\/avatar\\\/37d968a2e67a6fd04c169c4bdef102d0bc5d31b2546345219e348575eb80e9a0?s=96&d=mm&r=g\",\"contentUrl\":\"https:\\\/\\\/secure.gravatar.com\\\/avatar\\\/37d968a2e67a6fd04c169c4bdef102d0bc5d31b2546345219e348575eb80e9a0?s=96&d=mm&r=g\",\"caption\":\"redazione\"},\"sameAs\":[\"http:\\\/\\\/www.bellunopress.it\",\"https:\\\/\\\/x.com\\\/bellunopress\"],\"url\":\"https:\\\/\\\/www.bellunopress.it\\\/fr\\\/author\\\/redazione\\\/\"}]}<\/script>\n<!-- \/ Yoast SEO plugin. -->","yoast_head_json":{"title":"Rinnovabili, via libera al Piano per le Zone di Accelerazione - Bellunopress - Dolomiti","robots":{"index":"index","follow":"follow","max-snippet":"max-snippet:-1","max-image-preview":"max-image-preview:large","max-video-preview":"max-video-preview:-1"},"canonical":"https:\/\/www.bellunopress.it\/fr\/2026\/05\/13\/rinnovabili-via-libera-al-piano-per-le-zone-di-accelerazione\/","og_locale":"fr_FR","og_type":"article","og_title":"Rinnovabili, via libera al Piano per le Zone di Accelerazione - Bellunopress - Dolomiti","og_description":"Venezia, 13 maggio 2026 &#8211; \u00a0Il via libera della Giunta regionale del Veneto al PIZAT (Piano di individuazione delle Zone di Accelerazione terrestri) segna una svolta non solo burocratica, ma urbanistica e ambientale. L&#8217;obiettivo \u00e8 ambizioso: installare 5,8 GW di nuova potenza da fonti rinnovabili entro il 2030. Tuttavia, il cuore della strategia risiede nella [&hellip;]","og_url":"https:\/\/www.bellunopress.it\/fr\/2026\/05\/13\/rinnovabili-via-libera-al-piano-per-le-zone-di-accelerazione\/","og_site_name":"Bellunopress - Dolomiti","article_publisher":"https:\/\/www.facebook.com\/profile.php?id=100008943462799","article_published_time":"2026-05-13T11:29:13+00:00","og_image":[{"width":780,"height":405,"url":"https:\/\/www.bellunopress.it\/wp-content\/uploads\/2020\/05\/Regione-Veneto-Palazzo-Ferro-Fini-sede-del-Consiglio-regionale_edited.jpg","type":"image\/jpeg"}],"author":"redazione","twitter_card":"summary_large_image","twitter_creator":"@bellunopress","twitter_site":"@bellunopress","twitter_misc":{"\u00c9crit par":"redazione","Dur\u00e9e de lecture estim\u00e9e":"3 minutes"},"schema":{"@context":"https:\/\/schema.org","@graph":[{"@type":"Article","@id":"https:\/\/www.bellunopress.it\/2026\/05\/13\/rinnovabili-via-libera-al-piano-per-le-zone-di-accelerazione\/#article","isPartOf":{"@id":"https:\/\/www.bellunopress.it\/2026\/05\/13\/rinnovabili-via-libera-al-piano-per-le-zone-di-accelerazione\/"},"author":{"name":"redazione","@id":"https:\/\/www.bellunopress.it\/#\/schema\/person\/79bb06722b37ece1c03d3e94beb30d73"},"headline":"Rinnovabili, via libera al Piano per le Zone di Accelerazione","datePublished":"2026-05-13T11:29:13+00:00","mainEntityOfPage":{"@id":"https:\/\/www.bellunopress.it\/2026\/05\/13\/rinnovabili-via-libera-al-piano-per-le-zone-di-accelerazione\/"},"wordCount":493,"publisher":{"@id":"https:\/\/www.bellunopress.it\/#organization"},"image":{"@id":"https:\/\/www.bellunopress.it\/2026\/05\/13\/rinnovabili-via-libera-al-piano-per-le-zone-di-accelerazione\/#primaryimage"},"thumbnailUrl":"https:\/\/www.bellunopress.it\/wp-content\/uploads\/2020\/05\/Regione-Veneto-Palazzo-Ferro-Fini-sede-del-Consiglio-regionale_edited.jpg","articleSection":["Cronaca\/Politica","Prima Pagina"],"inLanguage":"fr-FR"},{"@type":"WebPage","@id":"https:\/\/www.bellunopress.it\/2026\/05\/13\/rinnovabili-via-libera-al-piano-per-le-zone-di-accelerazione\/","url":"https:\/\/www.bellunopress.it\/2026\/05\/13\/rinnovabili-via-libera-al-piano-per-le-zone-di-accelerazione\/","name":"Rinnovabili, via libera al Piano per le Zone di Accelerazione - Bellunopress - Dolomiti","isPartOf":{"@id":"https:\/\/www.bellunopress.it\/#website"},"primaryImageOfPage":{"@id":"https:\/\/www.bellunopress.it\/2026\/05\/13\/rinnovabili-via-libera-al-piano-per-le-zone-di-accelerazione\/#primaryimage"},"image":{"@id":"https:\/\/www.bellunopress.it\/2026\/05\/13\/rinnovabili-via-libera-al-piano-per-le-zone-di-accelerazione\/#primaryimage"},"thumbnailUrl":"https:\/\/www.bellunopress.it\/wp-content\/uploads\/2020\/05\/Regione-Veneto-Palazzo-Ferro-Fini-sede-del-Consiglio-regionale_edited.jpg","datePublished":"2026-05-13T11:29:13+00:00","breadcrumb":{"@id":"https:\/\/www.bellunopress.it\/2026\/05\/13\/rinnovabili-via-libera-al-piano-per-le-zone-di-accelerazione\/#breadcrumb"},"inLanguage":"fr-FR","potentialAction":[{"@type":"ReadAction","target":["https:\/\/www.bellunopress.it\/2026\/05\/13\/rinnovabili-via-libera-al-piano-per-le-zone-di-accelerazione\/"]}]},{"@type":"ImageObject","inLanguage":"fr-FR","@id":"https:\/\/www.bellunopress.it\/2026\/05\/13\/rinnovabili-via-libera-al-piano-per-le-zone-di-accelerazione\/#primaryimage","url":"https:\/\/www.bellunopress.it\/wp-content\/uploads\/2020\/05\/Regione-Veneto-Palazzo-Ferro-Fini-sede-del-Consiglio-regionale_edited.jpg","contentUrl":"https:\/\/www.bellunopress.it\/wp-content\/uploads\/2020\/05\/Regione-Veneto-Palazzo-Ferro-Fini-sede-del-Consiglio-regionale_edited.jpg","width":780,"height":405,"caption":"Palazzo Ferro Fini, sede del Consiglio regionale del Veneto"},{"@type":"BreadcrumbList","@id":"https:\/\/www.bellunopress.it\/2026\/05\/13\/rinnovabili-via-libera-al-piano-per-le-zone-di-accelerazione\/#breadcrumb","itemListElement":[{"@type":"ListItem","position":1,"name":"Home","item":"https:\/\/www.bellunopress.it\/"},{"@type":"ListItem","position":2,"name":"Rinnovabili, via libera al Piano per le Zone di Accelerazione"}]},{"@type":"WebSite","@id":"https:\/\/www.bellunopress.it\/#website","url":"https:\/\/www.bellunopress.it\/","name":"Bellunopress - Dolomiti","description":"e-mail: redazione@bellunopress.it","publisher":{"@id":"https:\/\/www.bellunopress.it\/#organization"},"potentialAction":[{"@type":"SearchAction","target":{"@type":"EntryPoint","urlTemplate":"https:\/\/www.bellunopress.it\/?s={search_term_string}"},"query-input":{"@type":"PropertyValueSpecification","valueRequired":true,"valueName":"search_term_string"}}],"inLanguage":"fr-FR"},{"@type":"Organization","@id":"https:\/\/www.bellunopress.it\/#organization","name":"Bellunopress","url":"https:\/\/www.bellunopress.it\/","logo":{"@type":"ImageObject","inLanguage":"fr-FR","@id":"https:\/\/www.bellunopress.it\/#\/schema\/logo\/image\/","url":"https:\/\/www.bellunopress.it\/wp-content\/uploads\/2011\/05\/cropped-logo-bellunopress-.jpg","contentUrl":"https:\/\/www.bellunopress.it\/wp-content\/uploads\/2011\/05\/cropped-logo-bellunopress-.jpg","width":512,"height":512,"caption":"Bellunopress"},"image":{"@id":"https:\/\/www.bellunopress.it\/#\/schema\/logo\/image\/"},"sameAs":["https:\/\/www.facebook.com\/profile.php?id=100008943462799","https:\/\/x.com\/bellunopress","https:\/\/www.linkedin.com\/hp\/?dnr=JBzUWaJfMUw8vbXJJ2tVW5-I3jZKvC4wsoxE&amp;amp;amp;amp;amp;amp;trk=nav_responsive_tab_home","https:\/\/www.youtube.com\/channel\/UCxL0wu1uN0_3_7hGG0306cw"]},{"@type":"Person","@id":"https:\/\/www.bellunopress.it\/#\/schema\/person\/79bb06722b37ece1c03d3e94beb30d73","name":"r\u00e9daction","image":{"@type":"ImageObject","inLanguage":"fr-FR","@id":"https:\/\/secure.gravatar.com\/avatar\/37d968a2e67a6fd04c169c4bdef102d0bc5d31b2546345219e348575eb80e9a0?s=96&d=mm&r=g","url":"https:\/\/secure.gravatar.com\/avatar\/37d968a2e67a6fd04c169c4bdef102d0bc5d31b2546345219e348575eb80e9a0?s=96&d=mm&r=g","contentUrl":"https:\/\/secure.gravatar.com\/avatar\/37d968a2e67a6fd04c169c4bdef102d0bc5d31b2546345219e348575eb80e9a0?s=96&d=mm&r=g","caption":"redazione"},"sameAs":["http:\/\/www.bellunopress.it","https:\/\/x.com\/bellunopress"],"url":"https:\/\/www.bellunopress.it\/fr\/author\/redazione\/"}]}},"_links":{"self":[{"href":"https:\/\/www.bellunopress.it\/fr\/wp-json\/wp\/v2\/posts\/170079","targetHints":{"allow":["GET"]}}],"collection":[{"href":"https:\/\/www.bellunopress.it\/fr\/wp-json\/wp\/v2\/posts"}],"about":[{"href":"https:\/\/www.bellunopress.it\/fr\/wp-json\/wp\/v2\/types\/post"}],"author":[{"embeddable":true,"href":"https:\/\/www.bellunopress.it\/fr\/wp-json\/wp\/v2\/users\/2"}],"replies":[{"embeddable":true,"href":"https:\/\/www.bellunopress.it\/fr\/wp-json\/wp\/v2\/comments?post=170079"}],"version-history":[{"count":1,"href":"https:\/\/www.bellunopress.it\/fr\/wp-json\/wp\/v2\/posts\/170079\/revisions"}],"predecessor-version":[{"id":170080,"href":"https:\/\/www.bellunopress.it\/fr\/wp-json\/wp\/v2\/posts\/170079\/revisions\/170080"}],"wp:featuredmedia":[{"embeddable":true,"href":"https:\/\/www.bellunopress.it\/fr\/wp-json\/wp\/v2\/media\/114469"}],"wp:attachment":[{"href":"https:\/\/www.bellunopress.it\/fr\/wp-json\/wp\/v2\/media?parent=170079"}],"wp:term":[{"taxonomy":"category","embeddable":true,"href":"https:\/\/www.bellunopress.it\/fr\/wp-json\/wp\/v2\/categories?post=170079"},{"taxonomy":"post_tag","embeddable":true,"href":"https:\/\/www.bellunopress.it\/fr\/wp-json\/wp\/v2\/tags?post=170079"}],"curies":[{"name":"wp","href":"https:\/\/api.w.org\/{rel}","templated":true}]}}