{"id":170075,"date":"2026-05-13T12:42:26","date_gmt":"2026-05-13T10:42:26","guid":{"rendered":"https:\/\/www.bellunopress.it\/?p=170075"},"modified":"2026-05-13T12:43:01","modified_gmt":"2026-05-13T10:43:01","slug":"belluno-petrosani-1-300-km-in-sella-per-i-bambini-di-casa-pollicino","status":"publish","type":"post","link":"https:\/\/www.bellunopress.it\/fr\/2026\/05\/13\/belluno-petrosani-1-300-km-in-sella-per-i-bambini-di-casa-pollicino\/","title":{"rendered":"Belluno \u2013 Petro\u0219ani: 1.300 km in sella per i bambini di Casa Pollicino"},"content":{"rendered":"<p><strong>Partito il cicloviaggio dell&#8217;OLTRE Team. Sei ciclisti attraverseranno cinque nazioni per sostenere la struttura che ospita minori con disabilit\u00e0 in Romania.<\/strong><\/p>\n<p>Belluno, 13 maggio 2026 &#8211; C&#8217;era un&#8217;atmosfera carica di emozione e determinazione questa mattina a Belluno in via<br \/>\nXXX Aprile. Davanti alla sede del Comitato Pollicino, oltre settanta persone si sono riunite per un saluto che va ben oltre la semplice partenza sportiva. Sei ciclisti hanno acceso i pedali con un obiettivo ambizioso: raggiungere Petro\u0219ani, in Romania, portando con s\u00e9 la solidariet\u00e0 di un&#8217;intera comunit\u00e0.<br \/>\nL&#8217;iniziativa &#8220;Belluno \u2013 Petrosani per Pollicino&#8221;, curata dall\u2019associazione Oltre Team, trasforma in realt\u00e0 quello che per undici anni \u00e8 stato un impegno virtuale. Non \u00e8 una competizione, ma una missione: 1.324 chilometri di strada, 6.370 metri di dislivello e nove giorni di fatica per dare voce e sostegno ai 70 bambini con disabilit\u00e0 fisiche e fragilit\u00e0 sociali assistiti quotidianamente da Casa Pollicino.<br \/>\nA rendere solenne il momento della partenza \u00e8 stata la presenza del vescovo di Belluno-Feltre, monsignor Renato Marangoni, che insieme a don Giuseppe De Biasio parroco di Cadola, ha impartito la benedizione ai partecipanti. &#8220;Un viaggio per chi non pu\u00f2 farlo&#8221;, \u00e8 stato il messaggio silente ma potente recepito dalla folla di familiari, amici e rappresentanti istituzionali presenti.\u00a0Undici anni di pedalate che diventano strada vera.<br \/>\nTra le autorit\u00e0, Mara Agricola, presidente del Comitato Provinciale della Federazione Ciclistica Italiana, ha sottolineato l&#8217;alto valore di un progetto che fonde sport e territorio in un unico grande abbraccio solidale. I cinque ciclisti amatoriali del Bike Castion, supportati da uno staff logistico su pulmino, attraverseranno Italia, Slovenia, Croazia, Ungheria e Romania. Toccando citt\u00e0 come Lubiana e Budapest, i <em>messaggeri bellunesi<\/em> raggiungeranno infine il cuore della Romania.<\/p>\n<p>Dal 2015, Oltre Team ha raccolto oltre 9.000 euro attraverso edizioni virtuali.<br \/>\nQuest&#8217;anno la sfida si sposta sull&#8217;asfalto vero. L&#8217;aspetto pi\u00f9 nobile del progetto risiede nella trasparenza: i ciclisti coprono personalmente le spese di vitto e alloggio, garantendo che ogni singolo euro donato finisca direttamente nelle attivit\u00e0 del Comitato Pollicino.<br \/>\n\u00c8 possibile seguire l&#8217;avanzata dei ciclisti attraverso il diario di bordo aggiornato quotidianamente sul sito ufficiale www.oltreteam.it. Sulla stessa piattaforma sono disponibili le coordinate bancarie per contribuire attivamente alla raccolta fondi destinata ai bambini di Casa Pollicino.<\/p>\n<p>La rete di solidariet\u00e0 \u00e8 alimentata anche da numerose realt\u00e0 locali che hanno scelto di sostenere concretamente l&#8217;iniziativa: CortinaBanca, Maurizio Curti, Antincendi Viel, VisionOttica Centrale Belluno, Carrozzeria De Bona Paolo, Altrequote, Util-Casa, Azimut TNB Project e Farmacia Riva. Le spese di vitto e alloggio durante i 9 giorni di viaggio sono sostenute direttamente dai ciclisti. Ogni donazione raccolta arriver\u00e0 integralmente al Comitato Pollicino, senza passaggi intermedi.<\/p>\n<p>&nbsp;<\/p>\n<p class=\"Standard\" style=\"margin-bottom: 6.0pt; text-align: justify;\">","protected":false},"excerpt":{"rendered":"<p>Partito il cicloviaggio dell&#8217;OLTRE Team. Sei ciclisti attraverseranno cinque nazioni per sostenere la struttura che ospita minori con disabilit\u00e0 in Romania. Belluno, 13 maggio 2026 &#8211; C&#8217;era un&#8217;atmosfera carica di emozione e determinazione questa mattina a Belluno in via XXX Aprile. Davanti alla sede del Comitato Pollicino, oltre settanta persone si sono riunite per un [&hellip;]<\/p>\n","protected":false},"author":2,"featured_media":170076,"comment_status":"closed","ping_status":"open","sticky":false,"template":"","format":"standard","meta":{"footnotes":""},"categories":[26,8],"tags":[],"class_list":["post-170075","post","type-post","status-publish","format-standard","has-post-thumbnail","category-prima-pagina","category-societa-istituzioni"],"yoast_head":"<!-- This site is optimized with the Yoast SEO plugin v28.4 - https:\/\/yoast.com\/product\/yoast-seo-wordpress\/ -->\n<title>Belluno \u2013 Petro\u0219ani: 1.300 km in sella per i bambini di Casa Pollicino - Bellunopress - Dolomiti<\/title>\n<meta name=\"robots\" content=\"index, follow, max-snippet:-1, max-image-preview:large, max-video-preview:-1\" \/>\n<link rel=\"canonical\" href=\"https:\/\/www.bellunopress.it\/fr\/2026\/05\/13\/belluno-petrosani-1-300-km-in-sella-per-i-bambini-di-casa-pollicino\/\" \/>\n<meta property=\"og:locale\" content=\"fr_FR\" \/>\n<meta property=\"og:type\" content=\"article\" \/>\n<meta property=\"og:title\" content=\"Belluno \u2013 Petro\u0219ani: 1.300 km in sella per i bambini di Casa Pollicino - Bellunopress - Dolomiti\" \/>\n<meta property=\"og:description\" content=\"Partito il cicloviaggio dell&#8217;OLTRE Team. Sei ciclisti attraverseranno cinque nazioni per sostenere la struttura che ospita minori con disabilit\u00e0 in Romania. Belluno, 13 maggio 2026 &#8211; C&#8217;era un&#8217;atmosfera carica di emozione e determinazione questa mattina a Belluno in via XXX Aprile. Davanti alla sede del Comitato Pollicino, oltre settanta persone si sono riunite per un [&hellip;]\" \/>\n<meta property=\"og:url\" content=\"https:\/\/www.bellunopress.it\/fr\/2026\/05\/13\/belluno-petrosani-1-300-km-in-sella-per-i-bambini-di-casa-pollicino\/\" \/>\n<meta property=\"og:site_name\" content=\"Bellunopress - Dolomiti\" \/>\n<meta property=\"article:publisher\" content=\"https:\/\/www.facebook.com\/profile.php?id=100008943462799\" \/>\n<meta property=\"article:published_time\" content=\"2026-05-13T10:42:26+00:00\" \/>\n<meta property=\"article:modified_time\" content=\"2026-05-13T10:43:01+00:00\" \/>\n<meta property=\"og:image\" content=\"https:\/\/www.bellunopress.it\/wp-content\/uploads\/2026\/05\/partenza-Oltre-Team-Belluno-Petrosani-per-Pollicino.jpg\" \/>\n\t<meta property=\"og:image:width\" content=\"600\" \/>\n\t<meta property=\"og:image:height\" content=\"331\" \/>\n\t<meta property=\"og:image:type\" content=\"image\/jpeg\" \/>\n<meta name=\"author\" content=\"redazione\" \/>\n<meta name=\"twitter:card\" content=\"summary_large_image\" \/>\n<meta name=\"twitter:creator\" content=\"@bellunopress\" \/>\n<meta name=\"twitter:site\" content=\"@bellunopress\" \/>\n<meta name=\"twitter:label1\" content=\"\u00c9crit par\" \/>\n\t<meta name=\"twitter:data1\" content=\"redazione\" \/>\n\t<meta name=\"twitter:label2\" content=\"Dur\u00e9e de lecture estim\u00e9e\" \/>\n\t<meta name=\"twitter:data2\" content=\"3 minutes\" \/>\n<script type=\"application\/ld+json\" class=\"yoast-schema-graph\">{\"@context\":\"https:\\\/\\\/schema.org\",\"@graph\":[{\"@type\":\"Article\",\"@id\":\"https:\\\/\\\/www.bellunopress.it\\\/2026\\\/05\\\/13\\\/belluno-petrosani-1-300-km-in-sella-per-i-bambini-di-casa-pollicino\\\/#article\",\"isPartOf\":{\"@id\":\"https:\\\/\\\/www.bellunopress.it\\\/2026\\\/05\\\/13\\\/belluno-petrosani-1-300-km-in-sella-per-i-bambini-di-casa-pollicino\\\/\"},\"author\":{\"name\":\"redazione\",\"@id\":\"https:\\\/\\\/www.bellunopress.it\\\/#\\\/schema\\\/person\\\/79bb06722b37ece1c03d3e94beb30d73\"},\"headline\":\"Belluno \u2013 Petro\u0219ani: 1.300 km in sella per i bambini di Casa Pollicino\",\"datePublished\":\"2026-05-13T10:42:26+00:00\",\"dateModified\":\"2026-05-13T10:43:01+00:00\",\"mainEntityOfPage\":{\"@id\":\"https:\\\/\\\/www.bellunopress.it\\\/2026\\\/05\\\/13\\\/belluno-petrosani-1-300-km-in-sella-per-i-bambini-di-casa-pollicino\\\/\"},\"wordCount\":447,\"publisher\":{\"@id\":\"https:\\\/\\\/www.bellunopress.it\\\/#organization\"},\"image\":{\"@id\":\"https:\\\/\\\/www.bellunopress.it\\\/2026\\\/05\\\/13\\\/belluno-petrosani-1-300-km-in-sella-per-i-bambini-di-casa-pollicino\\\/#primaryimage\"},\"thumbnailUrl\":\"https:\\\/\\\/www.bellunopress.it\\\/wp-content\\\/uploads\\\/2026\\\/05\\\/partenza-Oltre-Team-Belluno-Petrosani-per-Pollicino.jpg\",\"articleSection\":[\"Prima Pagina\",\"Societ\u00e0, Associazioni, Istituzioni\"],\"inLanguage\":\"fr-FR\"},{\"@type\":\"WebPage\",\"@id\":\"https:\\\/\\\/www.bellunopress.it\\\/2026\\\/05\\\/13\\\/belluno-petrosani-1-300-km-in-sella-per-i-bambini-di-casa-pollicino\\\/\",\"url\":\"https:\\\/\\\/www.bellunopress.it\\\/2026\\\/05\\\/13\\\/belluno-petrosani-1-300-km-in-sella-per-i-bambini-di-casa-pollicino\\\/\",\"name\":\"Belluno \u2013 Petro\u0219ani: 1.300 km in sella per i bambini di Casa Pollicino - Bellunopress - Dolomiti\",\"isPartOf\":{\"@id\":\"https:\\\/\\\/www.bellunopress.it\\\/#website\"},\"primaryImageOfPage\":{\"@id\":\"https:\\\/\\\/www.bellunopress.it\\\/2026\\\/05\\\/13\\\/belluno-petrosani-1-300-km-in-sella-per-i-bambini-di-casa-pollicino\\\/#primaryimage\"},\"image\":{\"@id\":\"https:\\\/\\\/www.bellunopress.it\\\/2026\\\/05\\\/13\\\/belluno-petrosani-1-300-km-in-sella-per-i-bambini-di-casa-pollicino\\\/#primaryimage\"},\"thumbnailUrl\":\"https:\\\/\\\/www.bellunopress.it\\\/wp-content\\\/uploads\\\/2026\\\/05\\\/partenza-Oltre-Team-Belluno-Petrosani-per-Pollicino.jpg\",\"datePublished\":\"2026-05-13T10:42:26+00:00\",\"dateModified\":\"2026-05-13T10:43:01+00:00\",\"breadcrumb\":{\"@id\":\"https:\\\/\\\/www.bellunopress.it\\\/2026\\\/05\\\/13\\\/belluno-petrosani-1-300-km-in-sella-per-i-bambini-di-casa-pollicino\\\/#breadcrumb\"},\"inLanguage\":\"fr-FR\",\"potentialAction\":[{\"@type\":\"ReadAction\",\"target\":[\"https:\\\/\\\/www.bellunopress.it\\\/2026\\\/05\\\/13\\\/belluno-petrosani-1-300-km-in-sella-per-i-bambini-di-casa-pollicino\\\/\"]}]},{\"@type\":\"ImageObject\",\"inLanguage\":\"fr-FR\",\"@id\":\"https:\\\/\\\/www.bellunopress.it\\\/2026\\\/05\\\/13\\\/belluno-petrosani-1-300-km-in-sella-per-i-bambini-di-casa-pollicino\\\/#primaryimage\",\"url\":\"https:\\\/\\\/www.bellunopress.it\\\/wp-content\\\/uploads\\\/2026\\\/05\\\/partenza-Oltre-Team-Belluno-Petrosani-per-Pollicino.jpg\",\"contentUrl\":\"https:\\\/\\\/www.bellunopress.it\\\/wp-content\\\/uploads\\\/2026\\\/05\\\/partenza-Oltre-Team-Belluno-Petrosani-per-Pollicino.jpg\",\"width\":600,\"height\":331,\"caption\":\"Belluno, 13\\\/05\\\/2026 Partenza Oltre Team Belluno Petrosani per Pollicino\"},{\"@type\":\"BreadcrumbList\",\"@id\":\"https:\\\/\\\/www.bellunopress.it\\\/2026\\\/05\\\/13\\\/belluno-petrosani-1-300-km-in-sella-per-i-bambini-di-casa-pollicino\\\/#breadcrumb\",\"itemListElement\":[{\"@type\":\"ListItem\",\"position\":1,\"name\":\"Home\",\"item\":\"https:\\\/\\\/www.bellunopress.it\\\/\"},{\"@type\":\"ListItem\",\"position\":2,\"name\":\"Belluno \u2013 Petro\u0219ani: 1.300 km in sella per i bambini di Casa Pollicino\"}]},{\"@type\":\"WebSite\",\"@id\":\"https:\\\/\\\/www.bellunopress.it\\\/#website\",\"url\":\"https:\\\/\\\/www.bellunopress.it\\\/\",\"name\":\"Bellunopress - Dolomiti\",\"description\":\"e-mail: redazione@bellunopress.it\",\"publisher\":{\"@id\":\"https:\\\/\\\/www.bellunopress.it\\\/#organization\"},\"potentialAction\":[{\"@type\":\"SearchAction\",\"target\":{\"@type\":\"EntryPoint\",\"urlTemplate\":\"https:\\\/\\\/www.bellunopress.it\\\/?s={search_term_string}\"},\"query-input\":{\"@type\":\"PropertyValueSpecification\",\"valueRequired\":true,\"valueName\":\"search_term_string\"}}],\"inLanguage\":\"fr-FR\"},{\"@type\":\"Organization\",\"@id\":\"https:\\\/\\\/www.bellunopress.it\\\/#organization\",\"name\":\"Bellunopress\",\"url\":\"https:\\\/\\\/www.bellunopress.it\\\/\",\"logo\":{\"@type\":\"ImageObject\",\"inLanguage\":\"fr-FR\",\"@id\":\"https:\\\/\\\/www.bellunopress.it\\\/#\\\/schema\\\/logo\\\/image\\\/\",\"url\":\"https:\\\/\\\/www.bellunopress.it\\\/wp-content\\\/uploads\\\/2011\\\/05\\\/cropped-logo-bellunopress-.jpg\",\"contentUrl\":\"https:\\\/\\\/www.bellunopress.it\\\/wp-content\\\/uploads\\\/2011\\\/05\\\/cropped-logo-bellunopress-.jpg\",\"width\":512,\"height\":512,\"caption\":\"Bellunopress\"},\"image\":{\"@id\":\"https:\\\/\\\/www.bellunopress.it\\\/#\\\/schema\\\/logo\\\/image\\\/\"},\"sameAs\":[\"https:\\\/\\\/www.facebook.com\\\/profile.php?id=100008943462799\",\"https:\\\/\\\/x.com\\\/bellunopress\",\"https:\\\/\\\/www.linkedin.com\\\/hp\\\/?dnr=JBzUWaJfMUw8vbXJJ2tVW5-I3jZKvC4wsoxE&amp;amp;amp;amp;amp;amp;trk=nav_responsive_tab_home\",\"https:\\\/\\\/www.youtube.com\\\/channel\\\/UCxL0wu1uN0_3_7hGG0306cw\"]},{\"@type\":\"Person\",\"@id\":\"https:\\\/\\\/www.bellunopress.it\\\/#\\\/schema\\\/person\\\/79bb06722b37ece1c03d3e94beb30d73\",\"name\":\"redazione\",\"image\":{\"@type\":\"ImageObject\",\"inLanguage\":\"fr-FR\",\"@id\":\"https:\\\/\\\/secure.gravatar.com\\\/avatar\\\/37d968a2e67a6fd04c169c4bdef102d0bc5d31b2546345219e348575eb80e9a0?s=96&d=mm&r=g\",\"url\":\"https:\\\/\\\/secure.gravatar.com\\\/avatar\\\/37d968a2e67a6fd04c169c4bdef102d0bc5d31b2546345219e348575eb80e9a0?s=96&d=mm&r=g\",\"contentUrl\":\"https:\\\/\\\/secure.gravatar.com\\\/avatar\\\/37d968a2e67a6fd04c169c4bdef102d0bc5d31b2546345219e348575eb80e9a0?s=96&d=mm&r=g\",\"caption\":\"redazione\"},\"sameAs\":[\"http:\\\/\\\/www.bellunopress.it\",\"https:\\\/\\\/x.com\\\/bellunopress\"],\"url\":\"https:\\\/\\\/www.bellunopress.it\\\/fr\\\/author\\\/redazione\\\/\"}]}<\/script>\n<!-- \/ Yoast SEO plugin. -->","yoast_head_json":{"title":"Belluno \u2013 Petro\u0219ani: 1.300 km in sella per i bambini di Casa Pollicino - Bellunopress - Dolomiti","robots":{"index":"index","follow":"follow","max-snippet":"max-snippet:-1","max-image-preview":"max-image-preview:large","max-video-preview":"max-video-preview:-1"},"canonical":"https:\/\/www.bellunopress.it\/fr\/2026\/05\/13\/belluno-petrosani-1-300-km-in-sella-per-i-bambini-di-casa-pollicino\/","og_locale":"fr_FR","og_type":"article","og_title":"Belluno \u2013 Petro\u0219ani: 1.300 km in sella per i bambini di Casa Pollicino - Bellunopress - Dolomiti","og_description":"Partito il cicloviaggio dell&#8217;OLTRE Team. Sei ciclisti attraverseranno cinque nazioni per sostenere la struttura che ospita minori con disabilit\u00e0 in Romania. Belluno, 13 maggio 2026 &#8211; C&#8217;era un&#8217;atmosfera carica di emozione e determinazione questa mattina a Belluno in via XXX Aprile. Davanti alla sede del Comitato Pollicino, oltre settanta persone si sono riunite per un [&hellip;]","og_url":"https:\/\/www.bellunopress.it\/fr\/2026\/05\/13\/belluno-petrosani-1-300-km-in-sella-per-i-bambini-di-casa-pollicino\/","og_site_name":"Bellunopress - Dolomiti","article_publisher":"https:\/\/www.facebook.com\/profile.php?id=100008943462799","article_published_time":"2026-05-13T10:42:26+00:00","article_modified_time":"2026-05-13T10:43:01+00:00","og_image":[{"width":600,"height":331,"url":"https:\/\/www.bellunopress.it\/wp-content\/uploads\/2026\/05\/partenza-Oltre-Team-Belluno-Petrosani-per-Pollicino.jpg","type":"image\/jpeg"}],"author":"redazione","twitter_card":"summary_large_image","twitter_creator":"@bellunopress","twitter_site":"@bellunopress","twitter_misc":{"\u00c9crit par":"redazione","Dur\u00e9e de lecture estim\u00e9e":"3 minutes"},"schema":{"@context":"https:\/\/schema.org","@graph":[{"@type":"Article","@id":"https:\/\/www.bellunopress.it\/2026\/05\/13\/belluno-petrosani-1-300-km-in-sella-per-i-bambini-di-casa-pollicino\/#article","isPartOf":{"@id":"https:\/\/www.bellunopress.it\/2026\/05\/13\/belluno-petrosani-1-300-km-in-sella-per-i-bambini-di-casa-pollicino\/"},"author":{"name":"redazione","@id":"https:\/\/www.bellunopress.it\/#\/schema\/person\/79bb06722b37ece1c03d3e94beb30d73"},"headline":"Belluno \u2013 Petro\u0219ani: 1.300 km in sella per i bambini di Casa Pollicino","datePublished":"2026-05-13T10:42:26+00:00","dateModified":"2026-05-13T10:43:01+00:00","mainEntityOfPage":{"@id":"https:\/\/www.bellunopress.it\/2026\/05\/13\/belluno-petrosani-1-300-km-in-sella-per-i-bambini-di-casa-pollicino\/"},"wordCount":447,"publisher":{"@id":"https:\/\/www.bellunopress.it\/#organization"},"image":{"@id":"https:\/\/www.bellunopress.it\/2026\/05\/13\/belluno-petrosani-1-300-km-in-sella-per-i-bambini-di-casa-pollicino\/#primaryimage"},"thumbnailUrl":"https:\/\/www.bellunopress.it\/wp-content\/uploads\/2026\/05\/partenza-Oltre-Team-Belluno-Petrosani-per-Pollicino.jpg","articleSection":["Prima Pagina","Societ\u00e0, Associazioni, Istituzioni"],"inLanguage":"fr-FR"},{"@type":"WebPage","@id":"https:\/\/www.bellunopress.it\/2026\/05\/13\/belluno-petrosani-1-300-km-in-sella-per-i-bambini-di-casa-pollicino\/","url":"https:\/\/www.bellunopress.it\/2026\/05\/13\/belluno-petrosani-1-300-km-in-sella-per-i-bambini-di-casa-pollicino\/","name":"Belluno \u2013 Petro\u0219ani: 1.300 km in sella per i bambini di Casa Pollicino - Bellunopress - Dolomiti","isPartOf":{"@id":"https:\/\/www.bellunopress.it\/#website"},"primaryImageOfPage":{"@id":"https:\/\/www.bellunopress.it\/2026\/05\/13\/belluno-petrosani-1-300-km-in-sella-per-i-bambini-di-casa-pollicino\/#primaryimage"},"image":{"@id":"https:\/\/www.bellunopress.it\/2026\/05\/13\/belluno-petrosani-1-300-km-in-sella-per-i-bambini-di-casa-pollicino\/#primaryimage"},"thumbnailUrl":"https:\/\/www.bellunopress.it\/wp-content\/uploads\/2026\/05\/partenza-Oltre-Team-Belluno-Petrosani-per-Pollicino.jpg","datePublished":"2026-05-13T10:42:26+00:00","dateModified":"2026-05-13T10:43:01+00:00","breadcrumb":{"@id":"https:\/\/www.bellunopress.it\/2026\/05\/13\/belluno-petrosani-1-300-km-in-sella-per-i-bambini-di-casa-pollicino\/#breadcrumb"},"inLanguage":"fr-FR","potentialAction":[{"@type":"ReadAction","target":["https:\/\/www.bellunopress.it\/2026\/05\/13\/belluno-petrosani-1-300-km-in-sella-per-i-bambini-di-casa-pollicino\/"]}]},{"@type":"ImageObject","inLanguage":"fr-FR","@id":"https:\/\/www.bellunopress.it\/2026\/05\/13\/belluno-petrosani-1-300-km-in-sella-per-i-bambini-di-casa-pollicino\/#primaryimage","url":"https:\/\/www.bellunopress.it\/wp-content\/uploads\/2026\/05\/partenza-Oltre-Team-Belluno-Petrosani-per-Pollicino.jpg","contentUrl":"https:\/\/www.bellunopress.it\/wp-content\/uploads\/2026\/05\/partenza-Oltre-Team-Belluno-Petrosani-per-Pollicino.jpg","width":600,"height":331,"caption":"Belluno, 13\/05\/2026 Partenza Oltre Team Belluno Petrosani per Pollicino"},{"@type":"BreadcrumbList","@id":"https:\/\/www.bellunopress.it\/2026\/05\/13\/belluno-petrosani-1-300-km-in-sella-per-i-bambini-di-casa-pollicino\/#breadcrumb","itemListElement":[{"@type":"ListItem","position":1,"name":"Home","item":"https:\/\/www.bellunopress.it\/"},{"@type":"ListItem","position":2,"name":"Belluno \u2013 Petro\u0219ani: 1.300 km in sella per i bambini di Casa Pollicino"}]},{"@type":"WebSite","@id":"https:\/\/www.bellunopress.it\/#website","url":"https:\/\/www.bellunopress.it\/","name":"Bellunopress - Dolomiti","description":"e-mail: redazione@bellunopress.it","publisher":{"@id":"https:\/\/www.bellunopress.it\/#organization"},"potentialAction":[{"@type":"SearchAction","target":{"@type":"EntryPoint","urlTemplate":"https:\/\/www.bellunopress.it\/?s={search_term_string}"},"query-input":{"@type":"PropertyValueSpecification","valueRequired":true,"valueName":"search_term_string"}}],"inLanguage":"fr-FR"},{"@type":"Organization","@id":"https:\/\/www.bellunopress.it\/#organization","name":"Bellunopress","url":"https:\/\/www.bellunopress.it\/","logo":{"@type":"ImageObject","inLanguage":"fr-FR","@id":"https:\/\/www.bellunopress.it\/#\/schema\/logo\/image\/","url":"https:\/\/www.bellunopress.it\/wp-content\/uploads\/2011\/05\/cropped-logo-bellunopress-.jpg","contentUrl":"https:\/\/www.bellunopress.it\/wp-content\/uploads\/2011\/05\/cropped-logo-bellunopress-.jpg","width":512,"height":512,"caption":"Bellunopress"},"image":{"@id":"https:\/\/www.bellunopress.it\/#\/schema\/logo\/image\/"},"sameAs":["https:\/\/www.facebook.com\/profile.php?id=100008943462799","https:\/\/x.com\/bellunopress","https:\/\/www.linkedin.com\/hp\/?dnr=JBzUWaJfMUw8vbXJJ2tVW5-I3jZKvC4wsoxE&amp;amp;amp;amp;amp;amp;trk=nav_responsive_tab_home","https:\/\/www.youtube.com\/channel\/UCxL0wu1uN0_3_7hGG0306cw"]},{"@type":"Person","@id":"https:\/\/www.bellunopress.it\/#\/schema\/person\/79bb06722b37ece1c03d3e94beb30d73","name":"r\u00e9daction","image":{"@type":"ImageObject","inLanguage":"fr-FR","@id":"https:\/\/secure.gravatar.com\/avatar\/37d968a2e67a6fd04c169c4bdef102d0bc5d31b2546345219e348575eb80e9a0?s=96&d=mm&r=g","url":"https:\/\/secure.gravatar.com\/avatar\/37d968a2e67a6fd04c169c4bdef102d0bc5d31b2546345219e348575eb80e9a0?s=96&d=mm&r=g","contentUrl":"https:\/\/secure.gravatar.com\/avatar\/37d968a2e67a6fd04c169c4bdef102d0bc5d31b2546345219e348575eb80e9a0?s=96&d=mm&r=g","caption":"redazione"},"sameAs":["http:\/\/www.bellunopress.it","https:\/\/x.com\/bellunopress"],"url":"https:\/\/www.bellunopress.it\/fr\/author\/redazione\/"}]}},"_links":{"self":[{"href":"https:\/\/www.bellunopress.it\/fr\/wp-json\/wp\/v2\/posts\/170075","targetHints":{"allow":["GET"]}}],"collection":[{"href":"https:\/\/www.bellunopress.it\/fr\/wp-json\/wp\/v2\/posts"}],"about":[{"href":"https:\/\/www.bellunopress.it\/fr\/wp-json\/wp\/v2\/types\/post"}],"author":[{"embeddable":true,"href":"https:\/\/www.bellunopress.it\/fr\/wp-json\/wp\/v2\/users\/2"}],"replies":[{"embeddable":true,"href":"https:\/\/www.bellunopress.it\/fr\/wp-json\/wp\/v2\/comments?post=170075"}],"version-history":[{"count":2,"href":"https:\/\/www.bellunopress.it\/fr\/wp-json\/wp\/v2\/posts\/170075\/revisions"}],"predecessor-version":[{"id":170078,"href":"https:\/\/www.bellunopress.it\/fr\/wp-json\/wp\/v2\/posts\/170075\/revisions\/170078"}],"wp:featuredmedia":[{"embeddable":true,"href":"https:\/\/www.bellunopress.it\/fr\/wp-json\/wp\/v2\/media\/170076"}],"wp:attachment":[{"href":"https:\/\/www.bellunopress.it\/fr\/wp-json\/wp\/v2\/media?parent=170075"}],"wp:term":[{"taxonomy":"category","embeddable":true,"href":"https:\/\/www.bellunopress.it\/fr\/wp-json\/wp\/v2\/categories?post=170075"},{"taxonomy":"post_tag","embeddable":true,"href":"https:\/\/www.bellunopress.it\/fr\/wp-json\/wp\/v2\/tags?post=170075"}],"curies":[{"name":"wp","href":"https:\/\/api.w.org\/{rel}","templated":true}]}}