{"id":170073,"date":"2026-05-13T10:57:28","date_gmt":"2026-05-13T08:57:28","guid":{"rendered":"https:\/\/www.bellunopress.it\/?p=170073"},"modified":"2026-05-13T10:57:28","modified_gmt":"2026-05-13T08:57:28","slug":"shakespearology-teatro-sotterraneo-sabato-al-comunale-di-belluno-chiude-la-stagione-di-belluno-miraggi","status":"publish","type":"post","link":"https:\/\/www.bellunopress.it\/fr\/2026\/05\/13\/shakespearology-teatro-sotterraneo-sabato-al-comunale-di-belluno-chiude-la-stagione-di-belluno-miraggi\/","title":{"rendered":"Shakespearology, Teatro Sotterraneo. Sabato al Comunale di Belluno chiude la stagione di Belluno Miraggi"},"content":{"rendered":"<p>Sabato 16 maggio alle ore 21:00 al Teatro comunale &#8220;Dino Buzzati&#8221; va in scena lo spettacolo Shakespearology, che chiude la\u00a0 stagione Belluno Miraggi IX. Lo spettacolo di Teatro Sotterraneo, una delle compagnie pi\u00f9 amate della scena<br \/>\ncontemporanea italiana, forte di oltre vent\u2019anni di ricerca, premi e successi internazionali, arriva finalmente, per la prima volta, anche a Belluno.<\/p>\n<p>Un\u2019intervista impossibile a William Shakespeare diventa un viaggio ironico, affettuoso e sorprendente dentro il mito del Bardo e la natura stessa del teatro. In scena, tra conferenza, confessione e gioco teatrale, Shakespeare prende voce e si confronta con il pubblico di oggi, attraversando secoli di letteratura, domande irrisolte e passioni umanissime.<br \/>\nL\u2019apertura con la citazione dal Il giovane Holden diventa il filo poetico dell\u2019intera serata: parlare con Shakespeare per parlare del teatro, di ci\u00f2 che resta vivo, urgente e necessario.<\/p>\n<p>Dice Jerome Salinger: \u201cquelli che mi lasciano proprio senza fiato sono i libri che quando li hai finiti di leggere vorresti che l&#8217;autore fosse un tuo amico per la pelle e poterlo chiamare al telefono\u201d. \u00c8 da un po\u2019 di tempo che volevamo usare il teatro come quella famosa telefonata, per incontrare Sir William Shakespeare in carne-e-ossa e fare due chiacchiere con lui sulla sua biografia, su cosa \u00e8 stato fatto delle sue opere, su pi\u00f9 di 400 anni della sua storia post-mortem dentro e fuori dalla scena \u2013 come se accompagnassimo Van Gogh al Van Gogh Museum o Dante in mezzo ai turisti che visitano la sua abitazione fiorentina.<br \/>\nPartiamo dall\u2019immaginario collettivo per parlare con Shakespeare. Certo, non sar\u00e0 il vero, autentico, originario William Shakespeare, ma se riusciamo a incontrare anche uno solo dei possibili Shakespeare, forse l\u2019esperimento potr\u00e0 dirsi riuscito. Shakespearology \u00e8 un oneman-show, una biografia, un catalogo di materiali shakespeariani pi\u00f9 o meno pop, un<br \/>\npezzo teatrale ibrido che d\u00e0 voce al Bardo in persona e cerca di rovesciare i ruoli abituali:<br \/>\ndopo secoli passati a interrogare la sua vita e le sue opere, finalmente \u00e8 lui che dice la sua, interrogando il pubblico del nostro tempo.<\/p>\n<p>Sotterraneo \u00e8 un collettivo di ricerca teatrale che nasce a Firenze nel 2005. Le produzioni del gruppo sono caratterizzate da un approccio avant-pop in equilibrio fra immaginario collettivo e pensiero filosofico. I loro progetti replicano in diversi dei pi\u00f9 importanti festival e teatri nazionali e approdano in Spagna, Germania, Francia, Belgio, Inghilterra, Portogallo, Grecia, Olanda, Svizzera, Russia, Bosnia Erzegovina, Slovenia, Croazia, Cile, Cina, Corea del Sud. Sotterraneo riceve negli anni numerosi riconoscimenti tra cui Premio Lo Straniero, Premio Hystrio, Be Festival First Prize (Birmingham UK), Silver Laurel Wreath<br \/>\nAward (Sarajevo MESS Festival) e tre Premi UBU di cui due per &#8220;spettacolo dell&#8217;anno&#8221; per Overload e L&#8217; Angelo della Storia . Sotterraneo fa parte del progetto Fies Factory di Centrale Fies, \u00e8 residente presso Teatri di Pistoia ed \u00e8 Artista Associato al Piccolo Teatro di Milano.<\/p>\n<p><strong>Shakespearology<\/strong><br \/>\nconcept e regia: Sotterraneo<br \/>\nin scena: Woody Neri<br \/>\nscrittura: Daniele Villa<br \/>\nluci: Marco Santambrogio<br \/>\ncostumi: Laura Dondoli<br \/>\nsound design Mattia Tuliozi<br \/>\ntecnica: Monica Bosso<br \/>\nproduzione: Sotterraneo<br \/>\nsostegno: Regione Toscana, Mibact<br \/>\nresidenze artistiche Centrale Fies_art work space, CapoTrave\/Kilowatt, Tram \u2013 Attodue,<br \/>\nAssociazione teatrale Pistoiese<br \/>\nSotterraneo fa parte del progetto Fies Factory, \u00e8 residente presso Associazione Teatrale<br \/>\nPistoiese ed \u00e8 artista associato al Piccolo Teatro di Milano<\/p>\n<p>INFORMAZIONI AL PUBBLICO<br \/>\nBiglietteria online su vivaticket<br \/>\nhttps:\/\/www.vivaticket.com\/it\/tour\/belluno-miraggi-ix\/3289<br \/>\nbiglietteria@slowmachine.org<br \/>\n3290898743<br \/>\nBiglietteria fisica<br \/>\nVia del Piave 4, Belluno<br \/>\nMarted\u00ec Mercoled\u00ec e Venerd\u00ec su appuntamento dalle 10.00 alle 13.00<br \/>\nGiorno dello spettacolo<br \/>\n\u2022 10.00 \u2013 13.00 presso lo Studio (Via del Piave 4)<br \/>\n\u2022 dalle 18.30 al botteghino del teatro<br \/>\nPrezzi<br \/>\nPlatea e Galleria Centrale: \u20ac 25,00<br \/>\nGalleria Laterale: \u20ac 20,00<br \/>\nPer la Stagione Belluno Miraggi \u00e8 possibile usufruire della Carta Cultura Giovani e della<br \/>\nCarta del Docente scrivendo a biglietteria@slowmachine.org<\/p>","protected":false},"excerpt":{"rendered":"<p>Sabato 16 maggio alle ore 21:00 al Teatro comunale &#8220;Dino Buzzati&#8221; va in scena lo spettacolo Shakespearology, che chiude la\u00a0 stagione Belluno Miraggi IX. Lo spettacolo di Teatro Sotterraneo, una delle compagnie pi\u00f9 amate della scena contemporanea italiana, forte di oltre vent\u2019anni di ricerca, premi e successi internazionali, arriva finalmente, per la prima volta, anche [&hellip;]<\/p>\n","protected":false},"author":2,"featured_media":155535,"comment_status":"closed","ping_status":"open","sticky":false,"template":"","format":"standard","meta":{"footnotes":""},"categories":[27,25],"tags":[],"class_list":["post-170073","post","type-post","status-publish","format-standard","has-post-thumbnail","category-appuntamenti","category-pausa-caffe"],"yoast_head":"<!-- This site is optimized with the Yoast SEO plugin v28.4 - https:\/\/yoast.com\/product\/yoast-seo-wordpress\/ -->\n<title>Shakespearology, Teatro Sotterraneo. Sabato al Comunale di Belluno chiude la stagione di Belluno Miraggi - Bellunopress - Dolomiti<\/title>\n<meta name=\"robots\" content=\"index, follow, max-snippet:-1, max-image-preview:large, max-video-preview:-1\" \/>\n<link rel=\"canonical\" href=\"https:\/\/www.bellunopress.it\/fr\/2026\/05\/13\/shakespearology-teatro-sotterraneo-sabato-al-comunale-di-belluno-chiude-la-stagione-di-belluno-miraggi\/\" \/>\n<meta property=\"og:locale\" content=\"fr_FR\" \/>\n<meta property=\"og:type\" content=\"article\" \/>\n<meta property=\"og:title\" content=\"Shakespearology, Teatro Sotterraneo. Sabato al Comunale di Belluno chiude la stagione di Belluno Miraggi - Bellunopress - Dolomiti\" \/>\n<meta property=\"og:description\" content=\"Sabato 16 maggio alle ore 21:00 al Teatro comunale &#8220;Dino Buzzati&#8221; va in scena lo spettacolo Shakespearology, che chiude la\u00a0 stagione Belluno Miraggi IX. Lo spettacolo di Teatro Sotterraneo, una delle compagnie pi\u00f9 amate della scena contemporanea italiana, forte di oltre vent\u2019anni di ricerca, premi e successi internazionali, arriva finalmente, per la prima volta, anche [&hellip;]\" \/>\n<meta property=\"og:url\" content=\"https:\/\/www.bellunopress.it\/fr\/2026\/05\/13\/shakespearology-teatro-sotterraneo-sabato-al-comunale-di-belluno-chiude-la-stagione-di-belluno-miraggi\/\" \/>\n<meta property=\"og:site_name\" content=\"Bellunopress - Dolomiti\" \/>\n<meta property=\"article:publisher\" content=\"https:\/\/www.facebook.com\/profile.php?id=100008943462799\" \/>\n<meta property=\"article:published_time\" content=\"2026-05-13T08:57:28+00:00\" \/>\n<meta property=\"og:image\" content=\"https:\/\/www.bellunopress.it\/wp-content\/uploads\/2024\/11\/teatro-comunale-dino-buzzati.jpg\" \/>\n\t<meta property=\"og:image:width\" content=\"1000\" \/>\n\t<meta property=\"og:image:height\" content=\"750\" \/>\n\t<meta property=\"og:image:type\" content=\"image\/jpeg\" \/>\n<meta name=\"author\" content=\"redazione\" \/>\n<meta name=\"twitter:card\" content=\"summary_large_image\" \/>\n<meta name=\"twitter:creator\" content=\"@bellunopress\" \/>\n<meta name=\"twitter:site\" content=\"@bellunopress\" \/>\n<meta name=\"twitter:label1\" content=\"\u00c9crit par\" \/>\n\t<meta name=\"twitter:data1\" content=\"redazione\" \/>\n\t<meta name=\"twitter:label2\" content=\"Dur\u00e9e de lecture estim\u00e9e\" \/>\n\t<meta name=\"twitter:data2\" content=\"4 minutes\" \/>\n<script type=\"application\/ld+json\" class=\"yoast-schema-graph\">{\"@context\":\"https:\\\/\\\/schema.org\",\"@graph\":[{\"@type\":\"Article\",\"@id\":\"https:\\\/\\\/www.bellunopress.it\\\/2026\\\/05\\\/13\\\/shakespearology-teatro-sotterraneo-sabato-al-comunale-di-belluno-chiude-la-stagione-di-belluno-miraggi\\\/#article\",\"isPartOf\":{\"@id\":\"https:\\\/\\\/www.bellunopress.it\\\/2026\\\/05\\\/13\\\/shakespearology-teatro-sotterraneo-sabato-al-comunale-di-belluno-chiude-la-stagione-di-belluno-miraggi\\\/\"},\"author\":{\"name\":\"redazione\",\"@id\":\"https:\\\/\\\/www.bellunopress.it\\\/#\\\/schema\\\/person\\\/79bb06722b37ece1c03d3e94beb30d73\"},\"headline\":\"Shakespearology, Teatro Sotterraneo. Sabato al Comunale di Belluno chiude la stagione di Belluno Miraggi\",\"datePublished\":\"2026-05-13T08:57:28+00:00\",\"mainEntityOfPage\":{\"@id\":\"https:\\\/\\\/www.bellunopress.it\\\/2026\\\/05\\\/13\\\/shakespearology-teatro-sotterraneo-sabato-al-comunale-di-belluno-chiude-la-stagione-di-belluno-miraggi\\\/\"},\"wordCount\":619,\"publisher\":{\"@id\":\"https:\\\/\\\/www.bellunopress.it\\\/#organization\"},\"image\":{\"@id\":\"https:\\\/\\\/www.bellunopress.it\\\/2026\\\/05\\\/13\\\/shakespearology-teatro-sotterraneo-sabato-al-comunale-di-belluno-chiude-la-stagione-di-belluno-miraggi\\\/#primaryimage\"},\"thumbnailUrl\":\"https:\\\/\\\/www.bellunopress.it\\\/wp-content\\\/uploads\\\/2024\\\/11\\\/teatro-comunale-dino-buzzati.jpg\",\"articleSection\":[\"Appuntamenti, Eventi\",\"Pausa Caff\u00e8\"],\"inLanguage\":\"fr-FR\"},{\"@type\":\"WebPage\",\"@id\":\"https:\\\/\\\/www.bellunopress.it\\\/2026\\\/05\\\/13\\\/shakespearology-teatro-sotterraneo-sabato-al-comunale-di-belluno-chiude-la-stagione-di-belluno-miraggi\\\/\",\"url\":\"https:\\\/\\\/www.bellunopress.it\\\/2026\\\/05\\\/13\\\/shakespearology-teatro-sotterraneo-sabato-al-comunale-di-belluno-chiude-la-stagione-di-belluno-miraggi\\\/\",\"name\":\"Shakespearology, Teatro Sotterraneo. Sabato al Comunale di Belluno chiude la stagione di Belluno Miraggi - Bellunopress - Dolomiti\",\"isPartOf\":{\"@id\":\"https:\\\/\\\/www.bellunopress.it\\\/#website\"},\"primaryImageOfPage\":{\"@id\":\"https:\\\/\\\/www.bellunopress.it\\\/2026\\\/05\\\/13\\\/shakespearology-teatro-sotterraneo-sabato-al-comunale-di-belluno-chiude-la-stagione-di-belluno-miraggi\\\/#primaryimage\"},\"image\":{\"@id\":\"https:\\\/\\\/www.bellunopress.it\\\/2026\\\/05\\\/13\\\/shakespearology-teatro-sotterraneo-sabato-al-comunale-di-belluno-chiude-la-stagione-di-belluno-miraggi\\\/#primaryimage\"},\"thumbnailUrl\":\"https:\\\/\\\/www.bellunopress.it\\\/wp-content\\\/uploads\\\/2024\\\/11\\\/teatro-comunale-dino-buzzati.jpg\",\"datePublished\":\"2026-05-13T08:57:28+00:00\",\"breadcrumb\":{\"@id\":\"https:\\\/\\\/www.bellunopress.it\\\/2026\\\/05\\\/13\\\/shakespearology-teatro-sotterraneo-sabato-al-comunale-di-belluno-chiude-la-stagione-di-belluno-miraggi\\\/#breadcrumb\"},\"inLanguage\":\"fr-FR\",\"potentialAction\":[{\"@type\":\"ReadAction\",\"target\":[\"https:\\\/\\\/www.bellunopress.it\\\/2026\\\/05\\\/13\\\/shakespearology-teatro-sotterraneo-sabato-al-comunale-di-belluno-chiude-la-stagione-di-belluno-miraggi\\\/\"]}]},{\"@type\":\"ImageObject\",\"inLanguage\":\"fr-FR\",\"@id\":\"https:\\\/\\\/www.bellunopress.it\\\/2026\\\/05\\\/13\\\/shakespearology-teatro-sotterraneo-sabato-al-comunale-di-belluno-chiude-la-stagione-di-belluno-miraggi\\\/#primaryimage\",\"url\":\"https:\\\/\\\/www.bellunopress.it\\\/wp-content\\\/uploads\\\/2024\\\/11\\\/teatro-comunale-dino-buzzati.jpg\",\"contentUrl\":\"https:\\\/\\\/www.bellunopress.it\\\/wp-content\\\/uploads\\\/2024\\\/11\\\/teatro-comunale-dino-buzzati.jpg\",\"width\":1000,\"height\":750,\"caption\":\"Teatro Comunale \\\"Dino Buzzati\\\" di Belluno\"},{\"@type\":\"BreadcrumbList\",\"@id\":\"https:\\\/\\\/www.bellunopress.it\\\/2026\\\/05\\\/13\\\/shakespearology-teatro-sotterraneo-sabato-al-comunale-di-belluno-chiude-la-stagione-di-belluno-miraggi\\\/#breadcrumb\",\"itemListElement\":[{\"@type\":\"ListItem\",\"position\":1,\"name\":\"Home\",\"item\":\"https:\\\/\\\/www.bellunopress.it\\\/\"},{\"@type\":\"ListItem\",\"position\":2,\"name\":\"Shakespearology, Teatro Sotterraneo. Sabato al Comunale di Belluno chiude la stagione di Belluno Miraggi\"}]},{\"@type\":\"WebSite\",\"@id\":\"https:\\\/\\\/www.bellunopress.it\\\/#website\",\"url\":\"https:\\\/\\\/www.bellunopress.it\\\/\",\"name\":\"Bellunopress - Dolomiti\",\"description\":\"e-mail: redazione@bellunopress.it\",\"publisher\":{\"@id\":\"https:\\\/\\\/www.bellunopress.it\\\/#organization\"},\"potentialAction\":[{\"@type\":\"SearchAction\",\"target\":{\"@type\":\"EntryPoint\",\"urlTemplate\":\"https:\\\/\\\/www.bellunopress.it\\\/?s={search_term_string}\"},\"query-input\":{\"@type\":\"PropertyValueSpecification\",\"valueRequired\":true,\"valueName\":\"search_term_string\"}}],\"inLanguage\":\"fr-FR\"},{\"@type\":\"Organization\",\"@id\":\"https:\\\/\\\/www.bellunopress.it\\\/#organization\",\"name\":\"Bellunopress\",\"url\":\"https:\\\/\\\/www.bellunopress.it\\\/\",\"logo\":{\"@type\":\"ImageObject\",\"inLanguage\":\"fr-FR\",\"@id\":\"https:\\\/\\\/www.bellunopress.it\\\/#\\\/schema\\\/logo\\\/image\\\/\",\"url\":\"https:\\\/\\\/www.bellunopress.it\\\/wp-content\\\/uploads\\\/2011\\\/05\\\/cropped-logo-bellunopress-.jpg\",\"contentUrl\":\"https:\\\/\\\/www.bellunopress.it\\\/wp-content\\\/uploads\\\/2011\\\/05\\\/cropped-logo-bellunopress-.jpg\",\"width\":512,\"height\":512,\"caption\":\"Bellunopress\"},\"image\":{\"@id\":\"https:\\\/\\\/www.bellunopress.it\\\/#\\\/schema\\\/logo\\\/image\\\/\"},\"sameAs\":[\"https:\\\/\\\/www.facebook.com\\\/profile.php?id=100008943462799\",\"https:\\\/\\\/x.com\\\/bellunopress\",\"https:\\\/\\\/www.linkedin.com\\\/hp\\\/?dnr=JBzUWaJfMUw8vbXJJ2tVW5-I3jZKvC4wsoxE&amp;amp;amp;amp;amp;amp;trk=nav_responsive_tab_home\",\"https:\\\/\\\/www.youtube.com\\\/channel\\\/UCxL0wu1uN0_3_7hGG0306cw\"]},{\"@type\":\"Person\",\"@id\":\"https:\\\/\\\/www.bellunopress.it\\\/#\\\/schema\\\/person\\\/79bb06722b37ece1c03d3e94beb30d73\",\"name\":\"redazione\",\"image\":{\"@type\":\"ImageObject\",\"inLanguage\":\"fr-FR\",\"@id\":\"https:\\\/\\\/secure.gravatar.com\\\/avatar\\\/37d968a2e67a6fd04c169c4bdef102d0bc5d31b2546345219e348575eb80e9a0?s=96&d=mm&r=g\",\"url\":\"https:\\\/\\\/secure.gravatar.com\\\/avatar\\\/37d968a2e67a6fd04c169c4bdef102d0bc5d31b2546345219e348575eb80e9a0?s=96&d=mm&r=g\",\"contentUrl\":\"https:\\\/\\\/secure.gravatar.com\\\/avatar\\\/37d968a2e67a6fd04c169c4bdef102d0bc5d31b2546345219e348575eb80e9a0?s=96&d=mm&r=g\",\"caption\":\"redazione\"},\"sameAs\":[\"http:\\\/\\\/www.bellunopress.it\",\"https:\\\/\\\/x.com\\\/bellunopress\"],\"url\":\"https:\\\/\\\/www.bellunopress.it\\\/fr\\\/author\\\/redazione\\\/\"}]}<\/script>\n<!-- \/ Yoast SEO plugin. -->","yoast_head_json":{"title":"Shakespearology, Teatro Sotterraneo. Sabato al Comunale di Belluno chiude la stagione di Belluno Miraggi - Bellunopress - Dolomiti","robots":{"index":"index","follow":"follow","max-snippet":"max-snippet:-1","max-image-preview":"max-image-preview:large","max-video-preview":"max-video-preview:-1"},"canonical":"https:\/\/www.bellunopress.it\/fr\/2026\/05\/13\/shakespearology-teatro-sotterraneo-sabato-al-comunale-di-belluno-chiude-la-stagione-di-belluno-miraggi\/","og_locale":"fr_FR","og_type":"article","og_title":"Shakespearology, Teatro Sotterraneo. Sabato al Comunale di Belluno chiude la stagione di Belluno Miraggi - Bellunopress - Dolomiti","og_description":"Sabato 16 maggio alle ore 21:00 al Teatro comunale &#8220;Dino Buzzati&#8221; va in scena lo spettacolo Shakespearology, che chiude la\u00a0 stagione Belluno Miraggi IX. Lo spettacolo di Teatro Sotterraneo, una delle compagnie pi\u00f9 amate della scena contemporanea italiana, forte di oltre vent\u2019anni di ricerca, premi e successi internazionali, arriva finalmente, per la prima volta, anche [&hellip;]","og_url":"https:\/\/www.bellunopress.it\/fr\/2026\/05\/13\/shakespearology-teatro-sotterraneo-sabato-al-comunale-di-belluno-chiude-la-stagione-di-belluno-miraggi\/","og_site_name":"Bellunopress - Dolomiti","article_publisher":"https:\/\/www.facebook.com\/profile.php?id=100008943462799","article_published_time":"2026-05-13T08:57:28+00:00","og_image":[{"width":1000,"height":750,"url":"https:\/\/www.bellunopress.it\/wp-content\/uploads\/2024\/11\/teatro-comunale-dino-buzzati.jpg","type":"image\/jpeg"}],"author":"redazione","twitter_card":"summary_large_image","twitter_creator":"@bellunopress","twitter_site":"@bellunopress","twitter_misc":{"\u00c9crit par":"redazione","Dur\u00e9e de lecture estim\u00e9e":"4 minutes"},"schema":{"@context":"https:\/\/schema.org","@graph":[{"@type":"Article","@id":"https:\/\/www.bellunopress.it\/2026\/05\/13\/shakespearology-teatro-sotterraneo-sabato-al-comunale-di-belluno-chiude-la-stagione-di-belluno-miraggi\/#article","isPartOf":{"@id":"https:\/\/www.bellunopress.it\/2026\/05\/13\/shakespearology-teatro-sotterraneo-sabato-al-comunale-di-belluno-chiude-la-stagione-di-belluno-miraggi\/"},"author":{"name":"redazione","@id":"https:\/\/www.bellunopress.it\/#\/schema\/person\/79bb06722b37ece1c03d3e94beb30d73"},"headline":"Shakespearology, Teatro Sotterraneo. Sabato al Comunale di Belluno chiude la stagione di Belluno Miraggi","datePublished":"2026-05-13T08:57:28+00:00","mainEntityOfPage":{"@id":"https:\/\/www.bellunopress.it\/2026\/05\/13\/shakespearology-teatro-sotterraneo-sabato-al-comunale-di-belluno-chiude-la-stagione-di-belluno-miraggi\/"},"wordCount":619,"publisher":{"@id":"https:\/\/www.bellunopress.it\/#organization"},"image":{"@id":"https:\/\/www.bellunopress.it\/2026\/05\/13\/shakespearology-teatro-sotterraneo-sabato-al-comunale-di-belluno-chiude-la-stagione-di-belluno-miraggi\/#primaryimage"},"thumbnailUrl":"https:\/\/www.bellunopress.it\/wp-content\/uploads\/2024\/11\/teatro-comunale-dino-buzzati.jpg","articleSection":["Appuntamenti, Eventi","Pausa Caff\u00e8"],"inLanguage":"fr-FR"},{"@type":"WebPage","@id":"https:\/\/www.bellunopress.it\/2026\/05\/13\/shakespearology-teatro-sotterraneo-sabato-al-comunale-di-belluno-chiude-la-stagione-di-belluno-miraggi\/","url":"https:\/\/www.bellunopress.it\/2026\/05\/13\/shakespearology-teatro-sotterraneo-sabato-al-comunale-di-belluno-chiude-la-stagione-di-belluno-miraggi\/","name":"Shakespearology, Teatro Sotterraneo. Sabato al Comunale di Belluno chiude la stagione di Belluno Miraggi - Bellunopress - Dolomiti","isPartOf":{"@id":"https:\/\/www.bellunopress.it\/#website"},"primaryImageOfPage":{"@id":"https:\/\/www.bellunopress.it\/2026\/05\/13\/shakespearology-teatro-sotterraneo-sabato-al-comunale-di-belluno-chiude-la-stagione-di-belluno-miraggi\/#primaryimage"},"image":{"@id":"https:\/\/www.bellunopress.it\/2026\/05\/13\/shakespearology-teatro-sotterraneo-sabato-al-comunale-di-belluno-chiude-la-stagione-di-belluno-miraggi\/#primaryimage"},"thumbnailUrl":"https:\/\/www.bellunopress.it\/wp-content\/uploads\/2024\/11\/teatro-comunale-dino-buzzati.jpg","datePublished":"2026-05-13T08:57:28+00:00","breadcrumb":{"@id":"https:\/\/www.bellunopress.it\/2026\/05\/13\/shakespearology-teatro-sotterraneo-sabato-al-comunale-di-belluno-chiude-la-stagione-di-belluno-miraggi\/#breadcrumb"},"inLanguage":"fr-FR","potentialAction":[{"@type":"ReadAction","target":["https:\/\/www.bellunopress.it\/2026\/05\/13\/shakespearology-teatro-sotterraneo-sabato-al-comunale-di-belluno-chiude-la-stagione-di-belluno-miraggi\/"]}]},{"@type":"ImageObject","inLanguage":"fr-FR","@id":"https:\/\/www.bellunopress.it\/2026\/05\/13\/shakespearology-teatro-sotterraneo-sabato-al-comunale-di-belluno-chiude-la-stagione-di-belluno-miraggi\/#primaryimage","url":"https:\/\/www.bellunopress.it\/wp-content\/uploads\/2024\/11\/teatro-comunale-dino-buzzati.jpg","contentUrl":"https:\/\/www.bellunopress.it\/wp-content\/uploads\/2024\/11\/teatro-comunale-dino-buzzati.jpg","width":1000,"height":750,"caption":"Teatro Comunale \"Dino Buzzati\" di Belluno"},{"@type":"BreadcrumbList","@id":"https:\/\/www.bellunopress.it\/2026\/05\/13\/shakespearology-teatro-sotterraneo-sabato-al-comunale-di-belluno-chiude-la-stagione-di-belluno-miraggi\/#breadcrumb","itemListElement":[{"@type":"ListItem","position":1,"name":"Home","item":"https:\/\/www.bellunopress.it\/"},{"@type":"ListItem","position":2,"name":"Shakespearology, Teatro Sotterraneo. Sabato al Comunale di Belluno chiude la stagione di Belluno Miraggi"}]},{"@type":"WebSite","@id":"https:\/\/www.bellunopress.it\/#website","url":"https:\/\/www.bellunopress.it\/","name":"Bellunopress - Dolomiti","description":"e-mail: redazione@bellunopress.it","publisher":{"@id":"https:\/\/www.bellunopress.it\/#organization"},"potentialAction":[{"@type":"SearchAction","target":{"@type":"EntryPoint","urlTemplate":"https:\/\/www.bellunopress.it\/?s={search_term_string}"},"query-input":{"@type":"PropertyValueSpecification","valueRequired":true,"valueName":"search_term_string"}}],"inLanguage":"fr-FR"},{"@type":"Organization","@id":"https:\/\/www.bellunopress.it\/#organization","name":"Bellunopress","url":"https:\/\/www.bellunopress.it\/","logo":{"@type":"ImageObject","inLanguage":"fr-FR","@id":"https:\/\/www.bellunopress.it\/#\/schema\/logo\/image\/","url":"https:\/\/www.bellunopress.it\/wp-content\/uploads\/2011\/05\/cropped-logo-bellunopress-.jpg","contentUrl":"https:\/\/www.bellunopress.it\/wp-content\/uploads\/2011\/05\/cropped-logo-bellunopress-.jpg","width":512,"height":512,"caption":"Bellunopress"},"image":{"@id":"https:\/\/www.bellunopress.it\/#\/schema\/logo\/image\/"},"sameAs":["https:\/\/www.facebook.com\/profile.php?id=100008943462799","https:\/\/x.com\/bellunopress","https:\/\/www.linkedin.com\/hp\/?dnr=JBzUWaJfMUw8vbXJJ2tVW5-I3jZKvC4wsoxE&amp;amp;amp;amp;amp;amp;trk=nav_responsive_tab_home","https:\/\/www.youtube.com\/channel\/UCxL0wu1uN0_3_7hGG0306cw"]},{"@type":"Person","@id":"https:\/\/www.bellunopress.it\/#\/schema\/person\/79bb06722b37ece1c03d3e94beb30d73","name":"r\u00e9daction","image":{"@type":"ImageObject","inLanguage":"fr-FR","@id":"https:\/\/secure.gravatar.com\/avatar\/37d968a2e67a6fd04c169c4bdef102d0bc5d31b2546345219e348575eb80e9a0?s=96&d=mm&r=g","url":"https:\/\/secure.gravatar.com\/avatar\/37d968a2e67a6fd04c169c4bdef102d0bc5d31b2546345219e348575eb80e9a0?s=96&d=mm&r=g","contentUrl":"https:\/\/secure.gravatar.com\/avatar\/37d968a2e67a6fd04c169c4bdef102d0bc5d31b2546345219e348575eb80e9a0?s=96&d=mm&r=g","caption":"redazione"},"sameAs":["http:\/\/www.bellunopress.it","https:\/\/x.com\/bellunopress"],"url":"https:\/\/www.bellunopress.it\/fr\/author\/redazione\/"}]}},"_links":{"self":[{"href":"https:\/\/www.bellunopress.it\/fr\/wp-json\/wp\/v2\/posts\/170073","targetHints":{"allow":["GET"]}}],"collection":[{"href":"https:\/\/www.bellunopress.it\/fr\/wp-json\/wp\/v2\/posts"}],"about":[{"href":"https:\/\/www.bellunopress.it\/fr\/wp-json\/wp\/v2\/types\/post"}],"author":[{"embeddable":true,"href":"https:\/\/www.bellunopress.it\/fr\/wp-json\/wp\/v2\/users\/2"}],"replies":[{"embeddable":true,"href":"https:\/\/www.bellunopress.it\/fr\/wp-json\/wp\/v2\/comments?post=170073"}],"version-history":[{"count":1,"href":"https:\/\/www.bellunopress.it\/fr\/wp-json\/wp\/v2\/posts\/170073\/revisions"}],"predecessor-version":[{"id":170074,"href":"https:\/\/www.bellunopress.it\/fr\/wp-json\/wp\/v2\/posts\/170073\/revisions\/170074"}],"wp:featuredmedia":[{"embeddable":true,"href":"https:\/\/www.bellunopress.it\/fr\/wp-json\/wp\/v2\/media\/155535"}],"wp:attachment":[{"href":"https:\/\/www.bellunopress.it\/fr\/wp-json\/wp\/v2\/media?parent=170073"}],"wp:term":[{"taxonomy":"category","embeddable":true,"href":"https:\/\/www.bellunopress.it\/fr\/wp-json\/wp\/v2\/categories?post=170073"},{"taxonomy":"post_tag","embeddable":true,"href":"https:\/\/www.bellunopress.it\/fr\/wp-json\/wp\/v2\/tags?post=170073"}],"curies":[{"name":"wp","href":"https:\/\/api.w.org\/{rel}","templated":true}]}}