{"id":170070,"date":"2026-05-13T08:21:56","date_gmt":"2026-05-13T06:21:56","guid":{"rendered":"https:\/\/www.bellunopress.it\/?p=170070"},"modified":"2026-05-13T08:22:52","modified_gmt":"2026-05-13T06:22:52","slug":"suicidio-medicalmente-assistito-nota-del-gruppo-consiliare-partito-democratico-veneto","status":"publish","type":"post","link":"https:\/\/www.bellunopress.it\/fr\/2026\/05\/13\/suicidio-medicalmente-assistito-nota-del-gruppo-consiliare-partito-democratico-veneto\/","title":{"rendered":"Suicidio medicalmente assistito. Nota del Gruppo consiliare Partito democratico veneto"},"content":{"rendered":"<p>Venezia, 13\/05\/2026 &#8211;\u00a0La proposta di legge di iniziativa popolare sul suicidio medicalmente assistito torna al centro dell&#8217;agenda istituzionale del Consiglio regionale del Veneto.<\/p>\n<p>Un passaggio che riteniamo di grande importanza, perch\u00e9 l&#8217;approvazione da parte del Veneto di questa normativa rappresenterebbe una doverosa risposta ai ripetuti solleciti della Corte costituzionale e costituirebbe, a sua volta, un perentorio richiamo al Parlamento affinch\u00e9 venga approvata una legge statale in materia.<\/p>\n<p>La delicatezza e profondit\u00e0 del tema richiede il massimo e reciproco rispetto delle diverse sensibilit\u00e0. Questo \u00e8 il punto di partenza irrinunciabile che auspichiamo si traduca in un dibattito di alto livello tra le diverse rappresentanze politiche che siedono nell&#8217;assemblea legislativa del Veneto.<\/p>\n<p>Per i Democratici il pluralismo \u00e8 una ricchezza. E siamo convinti che la libert\u00e0 di coscienza sui temi etici possa e debba contemperarsi con l&#8217;esigenza di arrivare a una sintesi che tuteli un altro diritto fondamentale: quello all&#8217;autodeterminazione di ciascuna persona.<\/p>\n<p>La &#8220;Pietas&#8221; rispetto a sofferenze insopportabili, la compassione, l&#8217;immedesimazione nel dolore degli altri deve essere la bussola che orienta il legislatore. Le cure palliative, il supporto psicologico, le terapie del dolore e riabilitative devono essere offerte a tutti, e garantite immediatamente a tutti coloro che ne facciano richiesta: le liste d&#8217;attesa sono inconcepibili e inaccettabili di fronte alle gravi sofferenze di una vita in fase terminale. Peraltro, la letteratura internazionale e la pratica clinica evidenziano che un&#8217;adeguata disponibilit\u00e0 di cure palliative \u00e8 in grado di prevenire o far rientrare le domande e il ricorso alla morte medicalmente assistita.<\/p>\n<p>La libert\u00e0 delle persone e la loro dignit\u00e0 di fronte alla sofferenza e alla morte devono essere tenute assieme rispettando le diverse sensibilit\u00e0 di uno stato laico: \u00e8 compito &#8211; finora eluso &#8211; del legislatore coniugarle con equilibrio.<\/p>\n<p>Partito Democratico Veneto<\/p>\n<p>&nbsp;<\/p>\n<p>&nbsp;<\/p>","protected":false},"excerpt":{"rendered":"<p>Venezia, 13\/05\/2026 &#8211;\u00a0La proposta di legge di iniziativa popolare sul suicidio medicalmente assistito torna al centro dell&#8217;agenda istituzionale del Consiglio regionale del Veneto. Un passaggio che riteniamo di grande importanza, perch\u00e9 l&#8217;approvazione da parte del Veneto di questa normativa rappresenterebbe una doverosa risposta ai ripetuti solleciti della Corte costituzionale e costituirebbe, a sua volta, un [&hellip;]<\/p>\n","protected":false},"author":2,"featured_media":109223,"comment_status":"closed","ping_status":"open","sticky":false,"template":"","format":"standard","meta":{"footnotes":""},"categories":[5,17],"tags":[],"class_list":["post-170070","post","type-post","status-publish","format-standard","has-post-thumbnail","category-cronaca","category-sanita"],"yoast_head":"<!-- This site is optimized with the Yoast SEO plugin v28.4 - https:\/\/yoast.com\/product\/yoast-seo-wordpress\/ -->\n<title>Suicidio medicalmente assistito. Nota del Gruppo consiliare Partito democratico veneto - Bellunopress - Dolomiti<\/title>\n<meta name=\"robots\" content=\"index, follow, max-snippet:-1, max-image-preview:large, max-video-preview:-1\" \/>\n<link rel=\"canonical\" href=\"https:\/\/www.bellunopress.it\/fr\/2026\/05\/13\/suicidio-medicalmente-assistito-nota-del-gruppo-consiliare-partito-democratico-veneto\/\" \/>\n<meta property=\"og:locale\" content=\"fr_FR\" \/>\n<meta property=\"og:type\" content=\"article\" \/>\n<meta property=\"og:title\" content=\"Suicidio medicalmente assistito. Nota del Gruppo consiliare Partito democratico veneto - Bellunopress - Dolomiti\" \/>\n<meta property=\"og:description\" content=\"Venezia, 13\/05\/2026 &#8211;\u00a0La proposta di legge di iniziativa popolare sul suicidio medicalmente assistito torna al centro dell&#8217;agenda istituzionale del Consiglio regionale del Veneto. Un passaggio che riteniamo di grande importanza, perch\u00e9 l&#8217;approvazione da parte del Veneto di questa normativa rappresenterebbe una doverosa risposta ai ripetuti solleciti della Corte costituzionale e costituirebbe, a sua volta, un [&hellip;]\" \/>\n<meta property=\"og:url\" content=\"https:\/\/www.bellunopress.it\/fr\/2026\/05\/13\/suicidio-medicalmente-assistito-nota-del-gruppo-consiliare-partito-democratico-veneto\/\" \/>\n<meta property=\"og:site_name\" content=\"Bellunopress - Dolomiti\" \/>\n<meta property=\"article:publisher\" content=\"https:\/\/www.facebook.com\/profile.php?id=100008943462799\" \/>\n<meta property=\"article:published_time\" content=\"2026-05-13T06:21:56+00:00\" \/>\n<meta property=\"article:modified_time\" content=\"2026-05-13T06:22:52+00:00\" \/>\n<meta property=\"og:image\" content=\"https:\/\/www.bellunopress.it\/wp-content\/uploads\/2019\/10\/pd-veneto.jpg\" \/>\n\t<meta property=\"og:image:width\" content=\"290\" \/>\n\t<meta property=\"og:image:height\" content=\"267\" \/>\n\t<meta property=\"og:image:type\" content=\"image\/jpeg\" \/>\n<meta name=\"author\" content=\"redazione\" \/>\n<meta name=\"twitter:card\" content=\"summary_large_image\" \/>\n<meta name=\"twitter:creator\" content=\"@bellunopress\" \/>\n<meta name=\"twitter:site\" content=\"@bellunopress\" \/>\n<meta name=\"twitter:label1\" content=\"\u00c9crit par\" \/>\n\t<meta name=\"twitter:data1\" content=\"redazione\" \/>\n\t<meta name=\"twitter:label2\" content=\"Dur\u00e9e de lecture estim\u00e9e\" \/>\n\t<meta name=\"twitter:data2\" content=\"2 minutes\" \/>\n<script type=\"application\/ld+json\" class=\"yoast-schema-graph\">{\"@context\":\"https:\\\/\\\/schema.org\",\"@graph\":[{\"@type\":\"Article\",\"@id\":\"https:\\\/\\\/www.bellunopress.it\\\/2026\\\/05\\\/13\\\/suicidio-medicalmente-assistito-nota-del-gruppo-consiliare-partito-democratico-veneto\\\/#article\",\"isPartOf\":{\"@id\":\"https:\\\/\\\/www.bellunopress.it\\\/2026\\\/05\\\/13\\\/suicidio-medicalmente-assistito-nota-del-gruppo-consiliare-partito-democratico-veneto\\\/\"},\"author\":{\"name\":\"redazione\",\"@id\":\"https:\\\/\\\/www.bellunopress.it\\\/#\\\/schema\\\/person\\\/79bb06722b37ece1c03d3e94beb30d73\"},\"headline\":\"Suicidio medicalmente assistito. Nota del Gruppo consiliare Partito democratico veneto\",\"datePublished\":\"2026-05-13T06:21:56+00:00\",\"dateModified\":\"2026-05-13T06:22:52+00:00\",\"mainEntityOfPage\":{\"@id\":\"https:\\\/\\\/www.bellunopress.it\\\/2026\\\/05\\\/13\\\/suicidio-medicalmente-assistito-nota-del-gruppo-consiliare-partito-democratico-veneto\\\/\"},\"wordCount\":306,\"publisher\":{\"@id\":\"https:\\\/\\\/www.bellunopress.it\\\/#organization\"},\"image\":{\"@id\":\"https:\\\/\\\/www.bellunopress.it\\\/2026\\\/05\\\/13\\\/suicidio-medicalmente-assistito-nota-del-gruppo-consiliare-partito-democratico-veneto\\\/#primaryimage\"},\"thumbnailUrl\":\"https:\\\/\\\/www.bellunopress.it\\\/wp-content\\\/uploads\\\/2019\\\/10\\\/pd-veneto.jpg\",\"articleSection\":[\"Cronaca\\\/Politica\",\"Sanit\u00e0 Medicina\"],\"inLanguage\":\"fr-FR\"},{\"@type\":\"WebPage\",\"@id\":\"https:\\\/\\\/www.bellunopress.it\\\/2026\\\/05\\\/13\\\/suicidio-medicalmente-assistito-nota-del-gruppo-consiliare-partito-democratico-veneto\\\/\",\"url\":\"https:\\\/\\\/www.bellunopress.it\\\/2026\\\/05\\\/13\\\/suicidio-medicalmente-assistito-nota-del-gruppo-consiliare-partito-democratico-veneto\\\/\",\"name\":\"Suicidio medicalmente assistito. Nota del Gruppo consiliare Partito democratico veneto - Bellunopress - Dolomiti\",\"isPartOf\":{\"@id\":\"https:\\\/\\\/www.bellunopress.it\\\/#website\"},\"primaryImageOfPage\":{\"@id\":\"https:\\\/\\\/www.bellunopress.it\\\/2026\\\/05\\\/13\\\/suicidio-medicalmente-assistito-nota-del-gruppo-consiliare-partito-democratico-veneto\\\/#primaryimage\"},\"image\":{\"@id\":\"https:\\\/\\\/www.bellunopress.it\\\/2026\\\/05\\\/13\\\/suicidio-medicalmente-assistito-nota-del-gruppo-consiliare-partito-democratico-veneto\\\/#primaryimage\"},\"thumbnailUrl\":\"https:\\\/\\\/www.bellunopress.it\\\/wp-content\\\/uploads\\\/2019\\\/10\\\/pd-veneto.jpg\",\"datePublished\":\"2026-05-13T06:21:56+00:00\",\"dateModified\":\"2026-05-13T06:22:52+00:00\",\"breadcrumb\":{\"@id\":\"https:\\\/\\\/www.bellunopress.it\\\/2026\\\/05\\\/13\\\/suicidio-medicalmente-assistito-nota-del-gruppo-consiliare-partito-democratico-veneto\\\/#breadcrumb\"},\"inLanguage\":\"fr-FR\",\"potentialAction\":[{\"@type\":\"ReadAction\",\"target\":[\"https:\\\/\\\/www.bellunopress.it\\\/2026\\\/05\\\/13\\\/suicidio-medicalmente-assistito-nota-del-gruppo-consiliare-partito-democratico-veneto\\\/\"]}]},{\"@type\":\"ImageObject\",\"inLanguage\":\"fr-FR\",\"@id\":\"https:\\\/\\\/www.bellunopress.it\\\/2026\\\/05\\\/13\\\/suicidio-medicalmente-assistito-nota-del-gruppo-consiliare-partito-democratico-veneto\\\/#primaryimage\",\"url\":\"https:\\\/\\\/www.bellunopress.it\\\/wp-content\\\/uploads\\\/2019\\\/10\\\/pd-veneto.jpg\",\"contentUrl\":\"https:\\\/\\\/www.bellunopress.it\\\/wp-content\\\/uploads\\\/2019\\\/10\\\/pd-veneto.jpg\",\"width\":290,\"height\":267},{\"@type\":\"BreadcrumbList\",\"@id\":\"https:\\\/\\\/www.bellunopress.it\\\/2026\\\/05\\\/13\\\/suicidio-medicalmente-assistito-nota-del-gruppo-consiliare-partito-democratico-veneto\\\/#breadcrumb\",\"itemListElement\":[{\"@type\":\"ListItem\",\"position\":1,\"name\":\"Home\",\"item\":\"https:\\\/\\\/www.bellunopress.it\\\/\"},{\"@type\":\"ListItem\",\"position\":2,\"name\":\"Suicidio medicalmente assistito. Nota del Gruppo consiliare Partito democratico veneto\"}]},{\"@type\":\"WebSite\",\"@id\":\"https:\\\/\\\/www.bellunopress.it\\\/#website\",\"url\":\"https:\\\/\\\/www.bellunopress.it\\\/\",\"name\":\"Bellunopress - Dolomiti\",\"description\":\"e-mail: redazione@bellunopress.it\",\"publisher\":{\"@id\":\"https:\\\/\\\/www.bellunopress.it\\\/#organization\"},\"potentialAction\":[{\"@type\":\"SearchAction\",\"target\":{\"@type\":\"EntryPoint\",\"urlTemplate\":\"https:\\\/\\\/www.bellunopress.it\\\/?s={search_term_string}\"},\"query-input\":{\"@type\":\"PropertyValueSpecification\",\"valueRequired\":true,\"valueName\":\"search_term_string\"}}],\"inLanguage\":\"fr-FR\"},{\"@type\":\"Organization\",\"@id\":\"https:\\\/\\\/www.bellunopress.it\\\/#organization\",\"name\":\"Bellunopress\",\"url\":\"https:\\\/\\\/www.bellunopress.it\\\/\",\"logo\":{\"@type\":\"ImageObject\",\"inLanguage\":\"fr-FR\",\"@id\":\"https:\\\/\\\/www.bellunopress.it\\\/#\\\/schema\\\/logo\\\/image\\\/\",\"url\":\"https:\\\/\\\/www.bellunopress.it\\\/wp-content\\\/uploads\\\/2011\\\/05\\\/cropped-logo-bellunopress-.jpg\",\"contentUrl\":\"https:\\\/\\\/www.bellunopress.it\\\/wp-content\\\/uploads\\\/2011\\\/05\\\/cropped-logo-bellunopress-.jpg\",\"width\":512,\"height\":512,\"caption\":\"Bellunopress\"},\"image\":{\"@id\":\"https:\\\/\\\/www.bellunopress.it\\\/#\\\/schema\\\/logo\\\/image\\\/\"},\"sameAs\":[\"https:\\\/\\\/www.facebook.com\\\/profile.php?id=100008943462799\",\"https:\\\/\\\/x.com\\\/bellunopress\",\"https:\\\/\\\/www.linkedin.com\\\/hp\\\/?dnr=JBzUWaJfMUw8vbXJJ2tVW5-I3jZKvC4wsoxE&amp;amp;amp;amp;amp;amp;trk=nav_responsive_tab_home\",\"https:\\\/\\\/www.youtube.com\\\/channel\\\/UCxL0wu1uN0_3_7hGG0306cw\"]},{\"@type\":\"Person\",\"@id\":\"https:\\\/\\\/www.bellunopress.it\\\/#\\\/schema\\\/person\\\/79bb06722b37ece1c03d3e94beb30d73\",\"name\":\"redazione\",\"image\":{\"@type\":\"ImageObject\",\"inLanguage\":\"fr-FR\",\"@id\":\"https:\\\/\\\/secure.gravatar.com\\\/avatar\\\/37d968a2e67a6fd04c169c4bdef102d0bc5d31b2546345219e348575eb80e9a0?s=96&d=mm&r=g\",\"url\":\"https:\\\/\\\/secure.gravatar.com\\\/avatar\\\/37d968a2e67a6fd04c169c4bdef102d0bc5d31b2546345219e348575eb80e9a0?s=96&d=mm&r=g\",\"contentUrl\":\"https:\\\/\\\/secure.gravatar.com\\\/avatar\\\/37d968a2e67a6fd04c169c4bdef102d0bc5d31b2546345219e348575eb80e9a0?s=96&d=mm&r=g\",\"caption\":\"redazione\"},\"sameAs\":[\"http:\\\/\\\/www.bellunopress.it\",\"https:\\\/\\\/x.com\\\/bellunopress\"],\"url\":\"https:\\\/\\\/www.bellunopress.it\\\/fr\\\/author\\\/redazione\\\/\"}]}<\/script>\n<!-- \/ Yoast SEO plugin. -->","yoast_head_json":{"title":"Suicidio medicalmente assistito. Nota del Gruppo consiliare Partito democratico veneto - Bellunopress - Dolomiti","robots":{"index":"index","follow":"follow","max-snippet":"max-snippet:-1","max-image-preview":"max-image-preview:large","max-video-preview":"max-video-preview:-1"},"canonical":"https:\/\/www.bellunopress.it\/fr\/2026\/05\/13\/suicidio-medicalmente-assistito-nota-del-gruppo-consiliare-partito-democratico-veneto\/","og_locale":"fr_FR","og_type":"article","og_title":"Suicidio medicalmente assistito. Nota del Gruppo consiliare Partito democratico veneto - Bellunopress - Dolomiti","og_description":"Venezia, 13\/05\/2026 &#8211;\u00a0La proposta di legge di iniziativa popolare sul suicidio medicalmente assistito torna al centro dell&#8217;agenda istituzionale del Consiglio regionale del Veneto. Un passaggio che riteniamo di grande importanza, perch\u00e9 l&#8217;approvazione da parte del Veneto di questa normativa rappresenterebbe una doverosa risposta ai ripetuti solleciti della Corte costituzionale e costituirebbe, a sua volta, un [&hellip;]","og_url":"https:\/\/www.bellunopress.it\/fr\/2026\/05\/13\/suicidio-medicalmente-assistito-nota-del-gruppo-consiliare-partito-democratico-veneto\/","og_site_name":"Bellunopress - Dolomiti","article_publisher":"https:\/\/www.facebook.com\/profile.php?id=100008943462799","article_published_time":"2026-05-13T06:21:56+00:00","article_modified_time":"2026-05-13T06:22:52+00:00","og_image":[{"width":290,"height":267,"url":"https:\/\/www.bellunopress.it\/wp-content\/uploads\/2019\/10\/pd-veneto.jpg","type":"image\/jpeg"}],"author":"redazione","twitter_card":"summary_large_image","twitter_creator":"@bellunopress","twitter_site":"@bellunopress","twitter_misc":{"\u00c9crit par":"redazione","Dur\u00e9e de lecture estim\u00e9e":"2 minutes"},"schema":{"@context":"https:\/\/schema.org","@graph":[{"@type":"Article","@id":"https:\/\/www.bellunopress.it\/2026\/05\/13\/suicidio-medicalmente-assistito-nota-del-gruppo-consiliare-partito-democratico-veneto\/#article","isPartOf":{"@id":"https:\/\/www.bellunopress.it\/2026\/05\/13\/suicidio-medicalmente-assistito-nota-del-gruppo-consiliare-partito-democratico-veneto\/"},"author":{"name":"redazione","@id":"https:\/\/www.bellunopress.it\/#\/schema\/person\/79bb06722b37ece1c03d3e94beb30d73"},"headline":"Suicidio medicalmente assistito. Nota del Gruppo consiliare Partito democratico veneto","datePublished":"2026-05-13T06:21:56+00:00","dateModified":"2026-05-13T06:22:52+00:00","mainEntityOfPage":{"@id":"https:\/\/www.bellunopress.it\/2026\/05\/13\/suicidio-medicalmente-assistito-nota-del-gruppo-consiliare-partito-democratico-veneto\/"},"wordCount":306,"publisher":{"@id":"https:\/\/www.bellunopress.it\/#organization"},"image":{"@id":"https:\/\/www.bellunopress.it\/2026\/05\/13\/suicidio-medicalmente-assistito-nota-del-gruppo-consiliare-partito-democratico-veneto\/#primaryimage"},"thumbnailUrl":"https:\/\/www.bellunopress.it\/wp-content\/uploads\/2019\/10\/pd-veneto.jpg","articleSection":["Cronaca\/Politica","Sanit\u00e0 Medicina"],"inLanguage":"fr-FR"},{"@type":"WebPage","@id":"https:\/\/www.bellunopress.it\/2026\/05\/13\/suicidio-medicalmente-assistito-nota-del-gruppo-consiliare-partito-democratico-veneto\/","url":"https:\/\/www.bellunopress.it\/2026\/05\/13\/suicidio-medicalmente-assistito-nota-del-gruppo-consiliare-partito-democratico-veneto\/","name":"Suicidio medicalmente assistito. Nota del Gruppo consiliare Partito democratico veneto - Bellunopress - Dolomiti","isPartOf":{"@id":"https:\/\/www.bellunopress.it\/#website"},"primaryImageOfPage":{"@id":"https:\/\/www.bellunopress.it\/2026\/05\/13\/suicidio-medicalmente-assistito-nota-del-gruppo-consiliare-partito-democratico-veneto\/#primaryimage"},"image":{"@id":"https:\/\/www.bellunopress.it\/2026\/05\/13\/suicidio-medicalmente-assistito-nota-del-gruppo-consiliare-partito-democratico-veneto\/#primaryimage"},"thumbnailUrl":"https:\/\/www.bellunopress.it\/wp-content\/uploads\/2019\/10\/pd-veneto.jpg","datePublished":"2026-05-13T06:21:56+00:00","dateModified":"2026-05-13T06:22:52+00:00","breadcrumb":{"@id":"https:\/\/www.bellunopress.it\/2026\/05\/13\/suicidio-medicalmente-assistito-nota-del-gruppo-consiliare-partito-democratico-veneto\/#breadcrumb"},"inLanguage":"fr-FR","potentialAction":[{"@type":"ReadAction","target":["https:\/\/www.bellunopress.it\/2026\/05\/13\/suicidio-medicalmente-assistito-nota-del-gruppo-consiliare-partito-democratico-veneto\/"]}]},{"@type":"ImageObject","inLanguage":"fr-FR","@id":"https:\/\/www.bellunopress.it\/2026\/05\/13\/suicidio-medicalmente-assistito-nota-del-gruppo-consiliare-partito-democratico-veneto\/#primaryimage","url":"https:\/\/www.bellunopress.it\/wp-content\/uploads\/2019\/10\/pd-veneto.jpg","contentUrl":"https:\/\/www.bellunopress.it\/wp-content\/uploads\/2019\/10\/pd-veneto.jpg","width":290,"height":267},{"@type":"BreadcrumbList","@id":"https:\/\/www.bellunopress.it\/2026\/05\/13\/suicidio-medicalmente-assistito-nota-del-gruppo-consiliare-partito-democratico-veneto\/#breadcrumb","itemListElement":[{"@type":"ListItem","position":1,"name":"Home","item":"https:\/\/www.bellunopress.it\/"},{"@type":"ListItem","position":2,"name":"Suicidio medicalmente assistito. Nota del Gruppo consiliare Partito democratico veneto"}]},{"@type":"WebSite","@id":"https:\/\/www.bellunopress.it\/#website","url":"https:\/\/www.bellunopress.it\/","name":"Bellunopress - Dolomiti","description":"e-mail: redazione@bellunopress.it","publisher":{"@id":"https:\/\/www.bellunopress.it\/#organization"},"potentialAction":[{"@type":"SearchAction","target":{"@type":"EntryPoint","urlTemplate":"https:\/\/www.bellunopress.it\/?s={search_term_string}"},"query-input":{"@type":"PropertyValueSpecification","valueRequired":true,"valueName":"search_term_string"}}],"inLanguage":"fr-FR"},{"@type":"Organization","@id":"https:\/\/www.bellunopress.it\/#organization","name":"Bellunopress","url":"https:\/\/www.bellunopress.it\/","logo":{"@type":"ImageObject","inLanguage":"fr-FR","@id":"https:\/\/www.bellunopress.it\/#\/schema\/logo\/image\/","url":"https:\/\/www.bellunopress.it\/wp-content\/uploads\/2011\/05\/cropped-logo-bellunopress-.jpg","contentUrl":"https:\/\/www.bellunopress.it\/wp-content\/uploads\/2011\/05\/cropped-logo-bellunopress-.jpg","width":512,"height":512,"caption":"Bellunopress"},"image":{"@id":"https:\/\/www.bellunopress.it\/#\/schema\/logo\/image\/"},"sameAs":["https:\/\/www.facebook.com\/profile.php?id=100008943462799","https:\/\/x.com\/bellunopress","https:\/\/www.linkedin.com\/hp\/?dnr=JBzUWaJfMUw8vbXJJ2tVW5-I3jZKvC4wsoxE&amp;amp;amp;amp;amp;amp;trk=nav_responsive_tab_home","https:\/\/www.youtube.com\/channel\/UCxL0wu1uN0_3_7hGG0306cw"]},{"@type":"Person","@id":"https:\/\/www.bellunopress.it\/#\/schema\/person\/79bb06722b37ece1c03d3e94beb30d73","name":"r\u00e9daction","image":{"@type":"ImageObject","inLanguage":"fr-FR","@id":"https:\/\/secure.gravatar.com\/avatar\/37d968a2e67a6fd04c169c4bdef102d0bc5d31b2546345219e348575eb80e9a0?s=96&d=mm&r=g","url":"https:\/\/secure.gravatar.com\/avatar\/37d968a2e67a6fd04c169c4bdef102d0bc5d31b2546345219e348575eb80e9a0?s=96&d=mm&r=g","contentUrl":"https:\/\/secure.gravatar.com\/avatar\/37d968a2e67a6fd04c169c4bdef102d0bc5d31b2546345219e348575eb80e9a0?s=96&d=mm&r=g","caption":"redazione"},"sameAs":["http:\/\/www.bellunopress.it","https:\/\/x.com\/bellunopress"],"url":"https:\/\/www.bellunopress.it\/fr\/author\/redazione\/"}]}},"_links":{"self":[{"href":"https:\/\/www.bellunopress.it\/fr\/wp-json\/wp\/v2\/posts\/170070","targetHints":{"allow":["GET"]}}],"collection":[{"href":"https:\/\/www.bellunopress.it\/fr\/wp-json\/wp\/v2\/posts"}],"about":[{"href":"https:\/\/www.bellunopress.it\/fr\/wp-json\/wp\/v2\/types\/post"}],"author":[{"embeddable":true,"href":"https:\/\/www.bellunopress.it\/fr\/wp-json\/wp\/v2\/users\/2"}],"replies":[{"embeddable":true,"href":"https:\/\/www.bellunopress.it\/fr\/wp-json\/wp\/v2\/comments?post=170070"}],"version-history":[{"count":2,"href":"https:\/\/www.bellunopress.it\/fr\/wp-json\/wp\/v2\/posts\/170070\/revisions"}],"predecessor-version":[{"id":170072,"href":"https:\/\/www.bellunopress.it\/fr\/wp-json\/wp\/v2\/posts\/170070\/revisions\/170072"}],"wp:featuredmedia":[{"embeddable":true,"href":"https:\/\/www.bellunopress.it\/fr\/wp-json\/wp\/v2\/media\/109223"}],"wp:attachment":[{"href":"https:\/\/www.bellunopress.it\/fr\/wp-json\/wp\/v2\/media?parent=170070"}],"wp:term":[{"taxonomy":"category","embeddable":true,"href":"https:\/\/www.bellunopress.it\/fr\/wp-json\/wp\/v2\/categories?post=170070"},{"taxonomy":"post_tag","embeddable":true,"href":"https:\/\/www.bellunopress.it\/fr\/wp-json\/wp\/v2\/tags?post=170070"}],"curies":[{"name":"wp","href":"https:\/\/api.w.org\/{rel}","templated":true}]}}