{"id":170067,"date":"2026-05-13T08:11:01","date_gmt":"2026-05-13T06:11:01","guid":{"rendered":"https:\/\/www.bellunopress.it\/?p=170067"},"modified":"2026-05-13T08:11:01","modified_gmt":"2026-05-13T06:11:01","slug":"salute-giovedi-lappuntamento-a-belluno-per-approfondire-le-malattie-reumatologiche","status":"publish","type":"post","link":"https:\/\/www.bellunopress.it\/fr\/2026\/05\/13\/salute-giovedi-lappuntamento-a-belluno-per-approfondire-le-malattie-reumatologiche\/","title":{"rendered":"Salute: gioved\u00ec l&#8217;appuntamento a Belluno per approfondire le malattie reumatologiche"},"content":{"rendered":"<p id=\"p-rc_2f4645be8e8488dd-30\" data-path-to-node=\"1\"><span class=\"citation-21\">La <\/span><span class=\"citation-21\">Regione del Veneto<\/span><span class=\"citation-21\"> e l&#8217;<\/span><span class=\"citation-21\">ULSS 1 Dolomiti<\/span><span class=\"citation-21\"> annunciano un nuovo incontro del ciclo <\/span><span class=\"citation-21\">&#8220;I Gioved\u00ec della Salute&#8221;<\/span><span class=\"citation-21\">, una serie di serate informative dedicate al dialogo diretto con la cittadinanza<\/span>.<\/p>\n<p id=\"p-rc_2f4645be8e8488dd-31\" data-path-to-node=\"2\"><span class=\"citation-20\">L&#8217;evento, intitolato <\/span><span class=\"citation-20\">&#8220;Conoscere per scegliere: il paziente al centro della cura. Dalla terapia alla vita quotidiana nelle malattie reumatologiche&#8221;<\/span><span class=\"citation-20\">, si terr\u00e0 il prossimo <\/span><span class=\"citation-20\">14 maggio 2026<\/span><span class=\"citation-20\"> presso la <\/span><span class=\"citation-20\">Sala Convegni dell&#8217;Ospedale di Belluno<\/span><span class=\"citation-20\">, con inizio alle ore <\/span><span class=\"citation-20\">17.30<\/span>.<\/p>\n<p id=\"p-rc_2f4645be8e8488dd-32\" data-path-to-node=\"4\"><span data-path-to-node=\"4,1\"><span class=\"citation-19\">L&#8217;obiettivo della serata \u00e8 mettere al centro la figura del paziente, esplorando non solo l&#8217;aspetto clinico e terapeutico delle patologie reumatologiche, ma anche l&#8217;impatto che queste hanno sulla gestione della vita di tutti i giorni<\/span><\/span><span data-path-to-node=\"4,3\">.<\/span><\/p>\n<h3 data-path-to-node=\"5\">Gli Interventi<\/h3>\n<p data-path-to-node=\"6\">Per offrire una visione multidisciplinare, l&#8217;incontro vedr\u00e0 la partecipazione di diverse figure professionali dell&#8217;ULSS 1 Dolomiti:<\/p>\n<p>Chiara Grava: Responsabile di Reumatologia.<\/p>\n<p>Marta Maset: Medico di Reumatologia.<\/p>\n<p>Emanuela Salvatico: Direttore della Farmacia Ospedaliera.<\/p>\n<p>Laura Tiozzo: Farmacista della Farmacia Ospedaliera.<\/p>\n<p>Elena Tormen e Lara Zacconi: Infermiere di Reumatologia.<\/p>\n<h3 data-path-to-node=\"9\"><\/h3>\n<h3 data-path-to-node=\"9\">Come Partecipare<\/h3>\n<p id=\"p-rc_2f4645be8e8488dd-38\" data-path-to-node=\"10\">L&#8217;appuntamento \u00e8 aperto a tutti gli interessati. <span class=\"citation-13\">Oltre alla partecipazione in presenza presso l&#8217;Ospedale di Belluno, \u00e8 stata prevista la possibilit\u00e0 di seguire l&#8217;evento <\/span><span class=\"citation-13\">da remoto<\/span>:<\/p>\n<ul data-path-to-node=\"11\">\n<li>\n<p id=\"p-rc_2f4645be8e8488dd-39\" data-path-to-node=\"11,0,1\"><span class=\"citation-12\">Online<\/span><span class=\"citation-12\">: Collegandosi al link <\/span><code data-path-to-node=\"11,0,1,0\" data-index-in-node=\"29\"><span class=\"citation-12\">meet.google.com\/mua-kqoi-wfc<\/span><\/code><span class=\"citation-12\"> o inquadrando il <\/span><span class=\"citation-12\">QR-code<\/span><span class=\"citation-12\"> presente sulla locandina\u00a0<\/span><\/p>\n<p>&nbsp;<\/p>\n<p id=\"p-rc_2f4645be8e8488dd-40\" data-path-to-node=\"11,1,1\"><span class=\"citation-11\">Informazioni<\/span><span class=\"citation-11\">: Per ulteriori dettagli \u00e8 possibile scrivere a <\/span><code data-path-to-node=\"11,1,1,0\" data-index-in-node=\"60\"><span class=\"citation-11\">guadagnare.salute@aulss1.veneto.it<\/span><\/code><span class=\"citation-11\"> o consultare il sito istituzionale <\/span><code data-path-to-node=\"11,1,1,0\" data-index-in-node=\"130\"><span class=\"citation-11\">www.aulss1.veneto.it<\/span><\/code>.<\/p>\n<\/li>\n<\/ul>","protected":false},"excerpt":{"rendered":"<p>La Regione del Veneto e l&#8217;ULSS 1 Dolomiti annunciano un nuovo incontro del ciclo &#8220;I Gioved\u00ec della Salute&#8221;, una serie di serate informative dedicate al dialogo diretto con la cittadinanza. L&#8217;evento, intitolato &#8220;Conoscere per scegliere: il paziente al centro della cura. Dalla terapia alla vita quotidiana nelle malattie reumatologiche&#8221;, si terr\u00e0 il prossimo 14 maggio [&hellip;]<\/p>\n","protected":false},"author":2,"featured_media":170068,"comment_status":"closed","ping_status":"open","sticky":false,"template":"","format":"standard","meta":{"footnotes":""},"categories":[17],"tags":[],"class_list":["post-170067","post","type-post","status-publish","format-standard","has-post-thumbnail","category-sanita"],"yoast_head":"<!-- This site is optimized with the Yoast SEO plugin v28.4 - https:\/\/yoast.com\/product\/yoast-seo-wordpress\/ -->\n<title>Salute: gioved\u00ec l&#039;appuntamento a Belluno per approfondire le malattie reumatologiche - Bellunopress - Dolomiti<\/title>\n<meta name=\"robots\" content=\"index, follow, max-snippet:-1, max-image-preview:large, max-video-preview:-1\" \/>\n<link rel=\"canonical\" href=\"https:\/\/www.bellunopress.it\/fr\/2026\/05\/13\/salute-giovedi-lappuntamento-a-belluno-per-approfondire-le-malattie-reumatologiche\/\" \/>\n<meta property=\"og:locale\" content=\"fr_FR\" \/>\n<meta property=\"og:type\" content=\"article\" \/>\n<meta property=\"og:title\" content=\"Salute: gioved\u00ec l&#039;appuntamento a Belluno per approfondire le malattie reumatologiche - Bellunopress - Dolomiti\" \/>\n<meta property=\"og:description\" content=\"La Regione del Veneto e l&#8217;ULSS 1 Dolomiti annunciano un nuovo incontro del ciclo &#8220;I Gioved\u00ec della Salute&#8221;, una serie di serate informative dedicate al dialogo diretto con la cittadinanza. L&#8217;evento, intitolato &#8220;Conoscere per scegliere: il paziente al centro della cura. Dalla terapia alla vita quotidiana nelle malattie reumatologiche&#8221;, si terr\u00e0 il prossimo 14 maggio [&hellip;]\" \/>\n<meta property=\"og:url\" content=\"https:\/\/www.bellunopress.it\/fr\/2026\/05\/13\/salute-giovedi-lappuntamento-a-belluno-per-approfondire-le-malattie-reumatologiche\/\" \/>\n<meta property=\"og:site_name\" content=\"Bellunopress - Dolomiti\" \/>\n<meta property=\"article:publisher\" content=\"https:\/\/www.facebook.com\/profile.php?id=100008943462799\" \/>\n<meta property=\"article:published_time\" content=\"2026-05-13T06:11:01+00:00\" \/>\n<meta property=\"og:image\" content=\"https:\/\/www.bellunopress.it\/wp-content\/uploads\/2026\/05\/giovedi-della-salute-14-maggio.jpg\" \/>\n\t<meta property=\"og:image:width\" content=\"422\" \/>\n\t<meta property=\"og:image:height\" content=\"600\" \/>\n\t<meta property=\"og:image:type\" content=\"image\/jpeg\" \/>\n<meta name=\"author\" content=\"redazione\" \/>\n<meta name=\"twitter:card\" content=\"summary_large_image\" \/>\n<meta name=\"twitter:creator\" content=\"@bellunopress\" \/>\n<meta name=\"twitter:site\" content=\"@bellunopress\" \/>\n<meta name=\"twitter:label1\" content=\"\u00c9crit par\" \/>\n\t<meta name=\"twitter:data1\" content=\"redazione\" \/>\n\t<meta name=\"twitter:label2\" content=\"Dur\u00e9e de lecture estim\u00e9e\" \/>\n\t<meta name=\"twitter:data2\" content=\"2 minutes\" \/>\n<script type=\"application\/ld+json\" class=\"yoast-schema-graph\">{\"@context\":\"https:\\\/\\\/schema.org\",\"@graph\":[{\"@type\":\"Article\",\"@id\":\"https:\\\/\\\/www.bellunopress.it\\\/2026\\\/05\\\/13\\\/salute-giovedi-lappuntamento-a-belluno-per-approfondire-le-malattie-reumatologiche\\\/#article\",\"isPartOf\":{\"@id\":\"https:\\\/\\\/www.bellunopress.it\\\/2026\\\/05\\\/13\\\/salute-giovedi-lappuntamento-a-belluno-per-approfondire-le-malattie-reumatologiche\\\/\"},\"author\":{\"name\":\"redazione\",\"@id\":\"https:\\\/\\\/www.bellunopress.it\\\/#\\\/schema\\\/person\\\/79bb06722b37ece1c03d3e94beb30d73\"},\"headline\":\"Salute: gioved\u00ec l&#8217;appuntamento a Belluno per approfondire le malattie reumatologiche\",\"datePublished\":\"2026-05-13T06:11:01+00:00\",\"mainEntityOfPage\":{\"@id\":\"https:\\\/\\\/www.bellunopress.it\\\/2026\\\/05\\\/13\\\/salute-giovedi-lappuntamento-a-belluno-per-approfondire-le-malattie-reumatologiche\\\/\"},\"wordCount\":217,\"publisher\":{\"@id\":\"https:\\\/\\\/www.bellunopress.it\\\/#organization\"},\"image\":{\"@id\":\"https:\\\/\\\/www.bellunopress.it\\\/2026\\\/05\\\/13\\\/salute-giovedi-lappuntamento-a-belluno-per-approfondire-le-malattie-reumatologiche\\\/#primaryimage\"},\"thumbnailUrl\":\"https:\\\/\\\/www.bellunopress.it\\\/wp-content\\\/uploads\\\/2026\\\/05\\\/giovedi-della-salute-14-maggio.jpg\",\"articleSection\":[\"Sanit\u00e0 Medicina\"],\"inLanguage\":\"fr-FR\"},{\"@type\":\"WebPage\",\"@id\":\"https:\\\/\\\/www.bellunopress.it\\\/2026\\\/05\\\/13\\\/salute-giovedi-lappuntamento-a-belluno-per-approfondire-le-malattie-reumatologiche\\\/\",\"url\":\"https:\\\/\\\/www.bellunopress.it\\\/2026\\\/05\\\/13\\\/salute-giovedi-lappuntamento-a-belluno-per-approfondire-le-malattie-reumatologiche\\\/\",\"name\":\"Salute: gioved\u00ec l'appuntamento a Belluno per approfondire le malattie reumatologiche - Bellunopress - Dolomiti\",\"isPartOf\":{\"@id\":\"https:\\\/\\\/www.bellunopress.it\\\/#website\"},\"primaryImageOfPage\":{\"@id\":\"https:\\\/\\\/www.bellunopress.it\\\/2026\\\/05\\\/13\\\/salute-giovedi-lappuntamento-a-belluno-per-approfondire-le-malattie-reumatologiche\\\/#primaryimage\"},\"image\":{\"@id\":\"https:\\\/\\\/www.bellunopress.it\\\/2026\\\/05\\\/13\\\/salute-giovedi-lappuntamento-a-belluno-per-approfondire-le-malattie-reumatologiche\\\/#primaryimage\"},\"thumbnailUrl\":\"https:\\\/\\\/www.bellunopress.it\\\/wp-content\\\/uploads\\\/2026\\\/05\\\/giovedi-della-salute-14-maggio.jpg\",\"datePublished\":\"2026-05-13T06:11:01+00:00\",\"breadcrumb\":{\"@id\":\"https:\\\/\\\/www.bellunopress.it\\\/2026\\\/05\\\/13\\\/salute-giovedi-lappuntamento-a-belluno-per-approfondire-le-malattie-reumatologiche\\\/#breadcrumb\"},\"inLanguage\":\"fr-FR\",\"potentialAction\":[{\"@type\":\"ReadAction\",\"target\":[\"https:\\\/\\\/www.bellunopress.it\\\/2026\\\/05\\\/13\\\/salute-giovedi-lappuntamento-a-belluno-per-approfondire-le-malattie-reumatologiche\\\/\"]}]},{\"@type\":\"ImageObject\",\"inLanguage\":\"fr-FR\",\"@id\":\"https:\\\/\\\/www.bellunopress.it\\\/2026\\\/05\\\/13\\\/salute-giovedi-lappuntamento-a-belluno-per-approfondire-le-malattie-reumatologiche\\\/#primaryimage\",\"url\":\"https:\\\/\\\/www.bellunopress.it\\\/wp-content\\\/uploads\\\/2026\\\/05\\\/giovedi-della-salute-14-maggio.jpg\",\"contentUrl\":\"https:\\\/\\\/www.bellunopress.it\\\/wp-content\\\/uploads\\\/2026\\\/05\\\/giovedi-della-salute-14-maggio.jpg\",\"width\":422,\"height\":600},{\"@type\":\"BreadcrumbList\",\"@id\":\"https:\\\/\\\/www.bellunopress.it\\\/2026\\\/05\\\/13\\\/salute-giovedi-lappuntamento-a-belluno-per-approfondire-le-malattie-reumatologiche\\\/#breadcrumb\",\"itemListElement\":[{\"@type\":\"ListItem\",\"position\":1,\"name\":\"Home\",\"item\":\"https:\\\/\\\/www.bellunopress.it\\\/\"},{\"@type\":\"ListItem\",\"position\":2,\"name\":\"Salute: gioved\u00ec l&#8217;appuntamento a Belluno per approfondire le malattie reumatologiche\"}]},{\"@type\":\"WebSite\",\"@id\":\"https:\\\/\\\/www.bellunopress.it\\\/#website\",\"url\":\"https:\\\/\\\/www.bellunopress.it\\\/\",\"name\":\"Bellunopress - Dolomiti\",\"description\":\"e-mail: redazione@bellunopress.it\",\"publisher\":{\"@id\":\"https:\\\/\\\/www.bellunopress.it\\\/#organization\"},\"potentialAction\":[{\"@type\":\"SearchAction\",\"target\":{\"@type\":\"EntryPoint\",\"urlTemplate\":\"https:\\\/\\\/www.bellunopress.it\\\/?s={search_term_string}\"},\"query-input\":{\"@type\":\"PropertyValueSpecification\",\"valueRequired\":true,\"valueName\":\"search_term_string\"}}],\"inLanguage\":\"fr-FR\"},{\"@type\":\"Organization\",\"@id\":\"https:\\\/\\\/www.bellunopress.it\\\/#organization\",\"name\":\"Bellunopress\",\"url\":\"https:\\\/\\\/www.bellunopress.it\\\/\",\"logo\":{\"@type\":\"ImageObject\",\"inLanguage\":\"fr-FR\",\"@id\":\"https:\\\/\\\/www.bellunopress.it\\\/#\\\/schema\\\/logo\\\/image\\\/\",\"url\":\"https:\\\/\\\/www.bellunopress.it\\\/wp-content\\\/uploads\\\/2011\\\/05\\\/cropped-logo-bellunopress-.jpg\",\"contentUrl\":\"https:\\\/\\\/www.bellunopress.it\\\/wp-content\\\/uploads\\\/2011\\\/05\\\/cropped-logo-bellunopress-.jpg\",\"width\":512,\"height\":512,\"caption\":\"Bellunopress\"},\"image\":{\"@id\":\"https:\\\/\\\/www.bellunopress.it\\\/#\\\/schema\\\/logo\\\/image\\\/\"},\"sameAs\":[\"https:\\\/\\\/www.facebook.com\\\/profile.php?id=100008943462799\",\"https:\\\/\\\/x.com\\\/bellunopress\",\"https:\\\/\\\/www.linkedin.com\\\/hp\\\/?dnr=JBzUWaJfMUw8vbXJJ2tVW5-I3jZKvC4wsoxE&amp;amp;amp;amp;amp;amp;trk=nav_responsive_tab_home\",\"https:\\\/\\\/www.youtube.com\\\/channel\\\/UCxL0wu1uN0_3_7hGG0306cw\"]},{\"@type\":\"Person\",\"@id\":\"https:\\\/\\\/www.bellunopress.it\\\/#\\\/schema\\\/person\\\/79bb06722b37ece1c03d3e94beb30d73\",\"name\":\"redazione\",\"image\":{\"@type\":\"ImageObject\",\"inLanguage\":\"fr-FR\",\"@id\":\"https:\\\/\\\/secure.gravatar.com\\\/avatar\\\/37d968a2e67a6fd04c169c4bdef102d0bc5d31b2546345219e348575eb80e9a0?s=96&d=mm&r=g\",\"url\":\"https:\\\/\\\/secure.gravatar.com\\\/avatar\\\/37d968a2e67a6fd04c169c4bdef102d0bc5d31b2546345219e348575eb80e9a0?s=96&d=mm&r=g\",\"contentUrl\":\"https:\\\/\\\/secure.gravatar.com\\\/avatar\\\/37d968a2e67a6fd04c169c4bdef102d0bc5d31b2546345219e348575eb80e9a0?s=96&d=mm&r=g\",\"caption\":\"redazione\"},\"sameAs\":[\"http:\\\/\\\/www.bellunopress.it\",\"https:\\\/\\\/x.com\\\/bellunopress\"],\"url\":\"https:\\\/\\\/www.bellunopress.it\\\/fr\\\/author\\\/redazione\\\/\"}]}<\/script>\n<!-- \/ Yoast SEO plugin. -->","yoast_head_json":{"title":"Salute: gioved\u00ec l'appuntamento a Belluno per approfondire le malattie reumatologiche - Bellunopress - Dolomiti","robots":{"index":"index","follow":"follow","max-snippet":"max-snippet:-1","max-image-preview":"max-image-preview:large","max-video-preview":"max-video-preview:-1"},"canonical":"https:\/\/www.bellunopress.it\/fr\/2026\/05\/13\/salute-giovedi-lappuntamento-a-belluno-per-approfondire-le-malattie-reumatologiche\/","og_locale":"fr_FR","og_type":"article","og_title":"Salute: gioved\u00ec l'appuntamento a Belluno per approfondire le malattie reumatologiche - Bellunopress - Dolomiti","og_description":"La Regione del Veneto e l&#8217;ULSS 1 Dolomiti annunciano un nuovo incontro del ciclo &#8220;I Gioved\u00ec della Salute&#8221;, una serie di serate informative dedicate al dialogo diretto con la cittadinanza. L&#8217;evento, intitolato &#8220;Conoscere per scegliere: il paziente al centro della cura. Dalla terapia alla vita quotidiana nelle malattie reumatologiche&#8221;, si terr\u00e0 il prossimo 14 maggio [&hellip;]","og_url":"https:\/\/www.bellunopress.it\/fr\/2026\/05\/13\/salute-giovedi-lappuntamento-a-belluno-per-approfondire-le-malattie-reumatologiche\/","og_site_name":"Bellunopress - Dolomiti","article_publisher":"https:\/\/www.facebook.com\/profile.php?id=100008943462799","article_published_time":"2026-05-13T06:11:01+00:00","og_image":[{"width":422,"height":600,"url":"https:\/\/www.bellunopress.it\/wp-content\/uploads\/2026\/05\/giovedi-della-salute-14-maggio.jpg","type":"image\/jpeg"}],"author":"redazione","twitter_card":"summary_large_image","twitter_creator":"@bellunopress","twitter_site":"@bellunopress","twitter_misc":{"\u00c9crit par":"redazione","Dur\u00e9e de lecture estim\u00e9e":"2 minutes"},"schema":{"@context":"https:\/\/schema.org","@graph":[{"@type":"Article","@id":"https:\/\/www.bellunopress.it\/2026\/05\/13\/salute-giovedi-lappuntamento-a-belluno-per-approfondire-le-malattie-reumatologiche\/#article","isPartOf":{"@id":"https:\/\/www.bellunopress.it\/2026\/05\/13\/salute-giovedi-lappuntamento-a-belluno-per-approfondire-le-malattie-reumatologiche\/"},"author":{"name":"redazione","@id":"https:\/\/www.bellunopress.it\/#\/schema\/person\/79bb06722b37ece1c03d3e94beb30d73"},"headline":"Salute: gioved\u00ec l&#8217;appuntamento a Belluno per approfondire le malattie reumatologiche","datePublished":"2026-05-13T06:11:01+00:00","mainEntityOfPage":{"@id":"https:\/\/www.bellunopress.it\/2026\/05\/13\/salute-giovedi-lappuntamento-a-belluno-per-approfondire-le-malattie-reumatologiche\/"},"wordCount":217,"publisher":{"@id":"https:\/\/www.bellunopress.it\/#organization"},"image":{"@id":"https:\/\/www.bellunopress.it\/2026\/05\/13\/salute-giovedi-lappuntamento-a-belluno-per-approfondire-le-malattie-reumatologiche\/#primaryimage"},"thumbnailUrl":"https:\/\/www.bellunopress.it\/wp-content\/uploads\/2026\/05\/giovedi-della-salute-14-maggio.jpg","articleSection":["Sanit\u00e0 Medicina"],"inLanguage":"fr-FR"},{"@type":"WebPage","@id":"https:\/\/www.bellunopress.it\/2026\/05\/13\/salute-giovedi-lappuntamento-a-belluno-per-approfondire-le-malattie-reumatologiche\/","url":"https:\/\/www.bellunopress.it\/2026\/05\/13\/salute-giovedi-lappuntamento-a-belluno-per-approfondire-le-malattie-reumatologiche\/","name":"Salute: gioved\u00ec l'appuntamento a Belluno per approfondire le malattie reumatologiche - Bellunopress - Dolomiti","isPartOf":{"@id":"https:\/\/www.bellunopress.it\/#website"},"primaryImageOfPage":{"@id":"https:\/\/www.bellunopress.it\/2026\/05\/13\/salute-giovedi-lappuntamento-a-belluno-per-approfondire-le-malattie-reumatologiche\/#primaryimage"},"image":{"@id":"https:\/\/www.bellunopress.it\/2026\/05\/13\/salute-giovedi-lappuntamento-a-belluno-per-approfondire-le-malattie-reumatologiche\/#primaryimage"},"thumbnailUrl":"https:\/\/www.bellunopress.it\/wp-content\/uploads\/2026\/05\/giovedi-della-salute-14-maggio.jpg","datePublished":"2026-05-13T06:11:01+00:00","breadcrumb":{"@id":"https:\/\/www.bellunopress.it\/2026\/05\/13\/salute-giovedi-lappuntamento-a-belluno-per-approfondire-le-malattie-reumatologiche\/#breadcrumb"},"inLanguage":"fr-FR","potentialAction":[{"@type":"ReadAction","target":["https:\/\/www.bellunopress.it\/2026\/05\/13\/salute-giovedi-lappuntamento-a-belluno-per-approfondire-le-malattie-reumatologiche\/"]}]},{"@type":"ImageObject","inLanguage":"fr-FR","@id":"https:\/\/www.bellunopress.it\/2026\/05\/13\/salute-giovedi-lappuntamento-a-belluno-per-approfondire-le-malattie-reumatologiche\/#primaryimage","url":"https:\/\/www.bellunopress.it\/wp-content\/uploads\/2026\/05\/giovedi-della-salute-14-maggio.jpg","contentUrl":"https:\/\/www.bellunopress.it\/wp-content\/uploads\/2026\/05\/giovedi-della-salute-14-maggio.jpg","width":422,"height":600},{"@type":"BreadcrumbList","@id":"https:\/\/www.bellunopress.it\/2026\/05\/13\/salute-giovedi-lappuntamento-a-belluno-per-approfondire-le-malattie-reumatologiche\/#breadcrumb","itemListElement":[{"@type":"ListItem","position":1,"name":"Home","item":"https:\/\/www.bellunopress.it\/"},{"@type":"ListItem","position":2,"name":"Salute: gioved\u00ec l&#8217;appuntamento a Belluno per approfondire le malattie reumatologiche"}]},{"@type":"WebSite","@id":"https:\/\/www.bellunopress.it\/#website","url":"https:\/\/www.bellunopress.it\/","name":"Bellunopress - Dolomiti","description":"e-mail: redazione@bellunopress.it","publisher":{"@id":"https:\/\/www.bellunopress.it\/#organization"},"potentialAction":[{"@type":"SearchAction","target":{"@type":"EntryPoint","urlTemplate":"https:\/\/www.bellunopress.it\/?s={search_term_string}"},"query-input":{"@type":"PropertyValueSpecification","valueRequired":true,"valueName":"search_term_string"}}],"inLanguage":"fr-FR"},{"@type":"Organization","@id":"https:\/\/www.bellunopress.it\/#organization","name":"Bellunopress","url":"https:\/\/www.bellunopress.it\/","logo":{"@type":"ImageObject","inLanguage":"fr-FR","@id":"https:\/\/www.bellunopress.it\/#\/schema\/logo\/image\/","url":"https:\/\/www.bellunopress.it\/wp-content\/uploads\/2011\/05\/cropped-logo-bellunopress-.jpg","contentUrl":"https:\/\/www.bellunopress.it\/wp-content\/uploads\/2011\/05\/cropped-logo-bellunopress-.jpg","width":512,"height":512,"caption":"Bellunopress"},"image":{"@id":"https:\/\/www.bellunopress.it\/#\/schema\/logo\/image\/"},"sameAs":["https:\/\/www.facebook.com\/profile.php?id=100008943462799","https:\/\/x.com\/bellunopress","https:\/\/www.linkedin.com\/hp\/?dnr=JBzUWaJfMUw8vbXJJ2tVW5-I3jZKvC4wsoxE&amp;amp;amp;amp;amp;amp;trk=nav_responsive_tab_home","https:\/\/www.youtube.com\/channel\/UCxL0wu1uN0_3_7hGG0306cw"]},{"@type":"Person","@id":"https:\/\/www.bellunopress.it\/#\/schema\/person\/79bb06722b37ece1c03d3e94beb30d73","name":"r\u00e9daction","image":{"@type":"ImageObject","inLanguage":"fr-FR","@id":"https:\/\/secure.gravatar.com\/avatar\/37d968a2e67a6fd04c169c4bdef102d0bc5d31b2546345219e348575eb80e9a0?s=96&d=mm&r=g","url":"https:\/\/secure.gravatar.com\/avatar\/37d968a2e67a6fd04c169c4bdef102d0bc5d31b2546345219e348575eb80e9a0?s=96&d=mm&r=g","contentUrl":"https:\/\/secure.gravatar.com\/avatar\/37d968a2e67a6fd04c169c4bdef102d0bc5d31b2546345219e348575eb80e9a0?s=96&d=mm&r=g","caption":"redazione"},"sameAs":["http:\/\/www.bellunopress.it","https:\/\/x.com\/bellunopress"],"url":"https:\/\/www.bellunopress.it\/fr\/author\/redazione\/"}]}},"_links":{"self":[{"href":"https:\/\/www.bellunopress.it\/fr\/wp-json\/wp\/v2\/posts\/170067","targetHints":{"allow":["GET"]}}],"collection":[{"href":"https:\/\/www.bellunopress.it\/fr\/wp-json\/wp\/v2\/posts"}],"about":[{"href":"https:\/\/www.bellunopress.it\/fr\/wp-json\/wp\/v2\/types\/post"}],"author":[{"embeddable":true,"href":"https:\/\/www.bellunopress.it\/fr\/wp-json\/wp\/v2\/users\/2"}],"replies":[{"embeddable":true,"href":"https:\/\/www.bellunopress.it\/fr\/wp-json\/wp\/v2\/comments?post=170067"}],"version-history":[{"count":1,"href":"https:\/\/www.bellunopress.it\/fr\/wp-json\/wp\/v2\/posts\/170067\/revisions"}],"predecessor-version":[{"id":170069,"href":"https:\/\/www.bellunopress.it\/fr\/wp-json\/wp\/v2\/posts\/170067\/revisions\/170069"}],"wp:featuredmedia":[{"embeddable":true,"href":"https:\/\/www.bellunopress.it\/fr\/wp-json\/wp\/v2\/media\/170068"}],"wp:attachment":[{"href":"https:\/\/www.bellunopress.it\/fr\/wp-json\/wp\/v2\/media?parent=170067"}],"wp:term":[{"taxonomy":"category","embeddable":true,"href":"https:\/\/www.bellunopress.it\/fr\/wp-json\/wp\/v2\/categories?post=170067"},{"taxonomy":"post_tag","embeddable":true,"href":"https:\/\/www.bellunopress.it\/fr\/wp-json\/wp\/v2\/tags?post=170067"}],"curies":[{"name":"wp","href":"https:\/\/api.w.org\/{rel}","templated":true}]}}