{"id":170064,"date":"2026-05-13T07:35:23","date_gmt":"2026-05-13T05:35:23","guid":{"rendered":"https:\/\/www.bellunopress.it\/?p=170064"},"modified":"2026-05-13T07:35:23","modified_gmt":"2026-05-13T05:35:23","slug":"vittorio-veneto-ciclo-di-incontri-sul-volontariato","status":"publish","type":"post","link":"https:\/\/www.bellunopress.it\/fr\/2026\/05\/13\/vittorio-veneto-ciclo-di-incontri-sul-volontariato\/","title":{"rendered":"Vittorio Veneto: ciclo di incontri sul volontariato"},"content":{"rendered":"<p>Comincer\u00e0 gioved\u00ec 14 maggio alle ore 20:30 nella sede del Coordinamento Volontariato Sinistra Piave ODV in via San Gottardo 91\/2, Area Fenderl a Vittorio Veneto (TV), il primo di un ciclo di tre incontri formativi scientifico-culturali \u201cDiventare volontari, ciclo di incontri con gli \u201camici della voce\u201d.<\/p>\n<p>Il titolo della prima serata \u00e8 TERZO SETTORE &#8211; TESORO 2.0.<br \/>\nDopo una breve presentazione dell\u2019Associazione Amici della Voce APS, il vittoriese avvocato Marco Caliandro, Presidente Coordinamento Sinistra Piave Volontariato ODV, parler\u00e0 di cittadinanza attiva e della sua rilevanza costituzionale. Nello specifico, poi, affronter\u00e0 la Riforma del Terzo Settore e cosa sia la filosofia del Volontariato, con una particolare attenzione alle motivazioni, alle attese e ai valori che porta con s\u00e9.<\/p>\n<p>Nella seconda parte della serata, il dottor Angelo Del Favero, economista sanitario, esperto in Organizzazione e Management Aziendale ospedaliero e del territorio. Laurea in Scienze Statistiche ed Economiche conseguita presso l\u2019Universit\u00e0 degli studi di Padova nel 1975, gi\u00e0 Direttore Generale Istituto Superiore della Sanit\u00e0, e delle Aziende Sanitarie del Veneto ex ULSS 1 di Belluno e ex ULSS 7 dal 1995 al 2012, disquisir\u00e0 sulla relazione fra le istituzioni e le comunit\u00e0: come coinvolgere i vari mondi nel supporto a pazienti e famigliari durante la cura e durante le fasi di reinserimento sociale e lavorativo.<\/p>\n<p>Gli incontri sono aperti alla cittadinanza, studenti, operatori del settore, professionisti, per conoscere l\u2019Associazione Amici della Voce APS e il contributo dei suoi volontari nel reparto di Eccellenza di Otorinolaringoiatria dell\u2019Ospedale di Vittorio Veneto; tre serate tutte ad ingresso gratuito anche per fare chiarezza su cosa sia il volontariato oggi, incuriosirsi e riscoprirsi.<\/p>\n<p>Il ciclo, patrocinato dal Comune di Vittorio Veneto e dall\u2019Azienda Ospedaliera ULSS2 Marca Trevigiana, \u00e8 organizzato dall\u2019Associazione Amici della Voce APS di Vittorio Veneto e il Coordinamento Volontariato Sinistra Piave ODV, con il supporto del CSV (Centro di Servizi per il Volontariato) sede Treviso e Belluno e il contributo di Banca Prealpi SanBiagio Credito Cooperativo.<\/p>\n<p>Ingresso gratuito. Info: +39 340 3391 361 (Whatsapp) \u2013 amicidellavoce@gmail.com<\/p>\n<p>Nella seconda serata \u2013 gioved\u00ec 21 maggio ore 20:30, PAZIENTE CON LA P DI PERSONA, salir\u00e0 in cattedra il Dottor Andy Bertolin, Direttore UOC Otorinolaringoiatria Reparto d\u2019Eccellenza dell\u2019Ospedale di Vittorio Veneto, che affronter\u00e0 i temi socio-sanitari della prevenzione fino alla diagnosi e cura dei tumori testa collo. Seguir\u00e0 l\u2019intervento della Dottoressa Angelica Giacometti, logopedista e volontario dell\u2019\u2019Associazione Amici della Voce che porter\u00e0 il suo contributo sull\u2019importanza dell\u2019accompagnamento del paziente, del supporto umano e della continuit\u00e0 nel percorso di cura illustrando anche specifiche Case Histories. Chiuder\u00e0 la serata il Maestro Riabilitatore Luigino Gava, figura di riferimento e socio fondatore dell\u2019associazione.<\/p>\n<p>Durante la terza e ultima serata \u2013 gioved\u00ec 28 maggio ore 20:30 \u2013 COMUNICAZIONE &#8211; Comun(e)Azione, la Dottoressa Teresa Tona, psicologa psicoterapeuta, e mediatrice di tutti e tre gli incontri, con il contributo dei volontari Manuela Carraro e Andrea Santin (Vicepresidente Associazione Amici della Voce), affronteranno il tema umano pi\u00f9 sensibile per il malato tracheostomizzato, ossia la ripresa della quotidianit\u00e0 dopo la malattia, il riconoscimento identitario nel cambiamento e la comunicazione come gesto reale, sociale, concreto. Condivideranno i volontari le loro storie ed esperienze sottolineano la stretta relazione fra il divenire volontari e l\u2019esigenza fisiologica di ricominciare.<br \/>\nLa Dottoressa Marilisa Marian, Consulente Giuridico Fiscale CSV Belluno Treviso parler\u00e0 dei servizi del C.S.V. e la formazione continua come condizione necessaria nel volontariato.<\/p>\n<p>L\u2019Associazione Amici della Voce APS nasce con l\u2019intento di concorrere al bene comune, con particolare attenzione a sviluppare una progettualit\u00e0 mirata ad attivit\u00e0 di inclusione sociale; al miglioramento della qualit\u00e0 della vita di soggetti che sono stati sottoposti ad interventi invasivi\/demolitivi o comunque a terapie continuative che ne hanno in parte pregiudicato la qualit\u00e0 della vita; a sostenere le attivit\u00e0 svolte presso il reparto O.R.L. dell\u2019Ospedale di Vittorio Veneto; a sensibilizzare le comunit\u00e0 locali, pubbliche e private, sui temi della prevenzione; a contribuire concretamente nell\u2019offrire formazione continuativa di alta specializzazione agli operatori del settore.<br \/>\nL\u2019associazione ha il privilegio di avere tra i soci fondatori uno dei pazienti storici della O.R.L. di Vittorio Veneto, Luigino Gava, che da sempre ha messo il proprio tempo a vantaggio degli utenti del reparto e dei loro familiari, in qualit\u00e0 di Maestro Riabilitatore e che avvi\u00f2 questo progetto con l\u2019odierno Primario Emerito, il Dott. Giuseppe Rizzotto.<\/p>\n<p>&nbsp;<\/p>\n<p>&nbsp;<\/p>","protected":false},"excerpt":{"rendered":"<p>Comincer\u00e0 gioved\u00ec 14 maggio alle ore 20:30 nella sede del Coordinamento Volontariato Sinistra Piave ODV in via San Gottardo 91\/2, Area Fenderl a Vittorio Veneto (TV), il primo di un ciclo di tre incontri formativi scientifico-culturali \u201cDiventare volontari, ciclo di incontri con gli \u201camici della voce\u201d. Il titolo della prima serata \u00e8 TERZO SETTORE &#8211; [&hellip;]<\/p>\n","protected":false},"author":2,"featured_media":170065,"comment_status":"closed","ping_status":"open","sticky":false,"template":"","format":"standard","meta":{"footnotes":""},"categories":[8],"tags":[],"class_list":["post-170064","post","type-post","status-publish","format-standard","has-post-thumbnail","category-societa-istituzioni"],"yoast_head":"<!-- This site is optimized with the Yoast SEO plugin v28.4 - https:\/\/yoast.com\/product\/yoast-seo-wordpress\/ -->\n<title>Vittorio Veneto: ciclo di incontri sul volontariato - Bellunopress - Dolomiti<\/title>\n<meta name=\"robots\" content=\"index, follow, max-snippet:-1, max-image-preview:large, max-video-preview:-1\" \/>\n<link rel=\"canonical\" href=\"https:\/\/www.bellunopress.it\/fr\/2026\/05\/13\/vittorio-veneto-ciclo-di-incontri-sul-volontariato\/\" \/>\n<meta property=\"og:locale\" content=\"fr_FR\" \/>\n<meta property=\"og:type\" content=\"article\" \/>\n<meta property=\"og:title\" content=\"Vittorio Veneto: ciclo di incontri sul volontariato - Bellunopress - Dolomiti\" \/>\n<meta property=\"og:description\" content=\"Comincer\u00e0 gioved\u00ec 14 maggio alle ore 20:30 nella sede del Coordinamento Volontariato Sinistra Piave ODV in via San Gottardo 91\/2, Area Fenderl a Vittorio Veneto (TV), il primo di un ciclo di tre incontri formativi scientifico-culturali \u201cDiventare volontari, ciclo di incontri con gli \u201camici della voce\u201d. Il titolo della prima serata \u00e8 TERZO SETTORE &#8211; [&hellip;]\" \/>\n<meta property=\"og:url\" content=\"https:\/\/www.bellunopress.it\/fr\/2026\/05\/13\/vittorio-veneto-ciclo-di-incontri-sul-volontariato\/\" \/>\n<meta property=\"og:site_name\" content=\"Bellunopress - Dolomiti\" \/>\n<meta property=\"article:publisher\" content=\"https:\/\/www.facebook.com\/profile.php?id=100008943462799\" \/>\n<meta property=\"article:published_time\" content=\"2026-05-13T05:35:23+00:00\" \/>\n<meta property=\"og:image\" content=\"https:\/\/www.bellunopress.it\/wp-content\/uploads\/2026\/05\/Angelo-Lino-Del-Favero.jpg\" \/>\n\t<meta property=\"og:image:width\" content=\"529\" \/>\n\t<meta property=\"og:image:height\" content=\"371\" \/>\n\t<meta property=\"og:image:type\" content=\"image\/jpeg\" \/>\n<meta name=\"author\" content=\"redazione\" \/>\n<meta name=\"twitter:card\" content=\"summary_large_image\" \/>\n<meta name=\"twitter:creator\" content=\"@bellunopress\" \/>\n<meta name=\"twitter:site\" content=\"@bellunopress\" \/>\n<meta name=\"twitter:label1\" content=\"\u00c9crit par\" \/>\n\t<meta name=\"twitter:data1\" content=\"redazione\" \/>\n\t<meta name=\"twitter:label2\" content=\"Dur\u00e9e de lecture estim\u00e9e\" \/>\n\t<meta name=\"twitter:data2\" content=\"4 minutes\" \/>\n<script type=\"application\/ld+json\" class=\"yoast-schema-graph\">{\"@context\":\"https:\\\/\\\/schema.org\",\"@graph\":[{\"@type\":\"Article\",\"@id\":\"https:\\\/\\\/www.bellunopress.it\\\/2026\\\/05\\\/13\\\/vittorio-veneto-ciclo-di-incontri-sul-volontariato\\\/#article\",\"isPartOf\":{\"@id\":\"https:\\\/\\\/www.bellunopress.it\\\/2026\\\/05\\\/13\\\/vittorio-veneto-ciclo-di-incontri-sul-volontariato\\\/\"},\"author\":{\"name\":\"redazione\",\"@id\":\"https:\\\/\\\/www.bellunopress.it\\\/#\\\/schema\\\/person\\\/79bb06722b37ece1c03d3e94beb30d73\"},\"headline\":\"Vittorio Veneto: ciclo di incontri sul volontariato\",\"datePublished\":\"2026-05-13T05:35:23+00:00\",\"mainEntityOfPage\":{\"@id\":\"https:\\\/\\\/www.bellunopress.it\\\/2026\\\/05\\\/13\\\/vittorio-veneto-ciclo-di-incontri-sul-volontariato\\\/\"},\"wordCount\":718,\"publisher\":{\"@id\":\"https:\\\/\\\/www.bellunopress.it\\\/#organization\"},\"image\":{\"@id\":\"https:\\\/\\\/www.bellunopress.it\\\/2026\\\/05\\\/13\\\/vittorio-veneto-ciclo-di-incontri-sul-volontariato\\\/#primaryimage\"},\"thumbnailUrl\":\"https:\\\/\\\/www.bellunopress.it\\\/wp-content\\\/uploads\\\/2026\\\/05\\\/Angelo-Lino-Del-Favero.jpg\",\"articleSection\":[\"Societ\u00e0, Associazioni, Istituzioni\"],\"inLanguage\":\"fr-FR\"},{\"@type\":\"WebPage\",\"@id\":\"https:\\\/\\\/www.bellunopress.it\\\/2026\\\/05\\\/13\\\/vittorio-veneto-ciclo-di-incontri-sul-volontariato\\\/\",\"url\":\"https:\\\/\\\/www.bellunopress.it\\\/2026\\\/05\\\/13\\\/vittorio-veneto-ciclo-di-incontri-sul-volontariato\\\/\",\"name\":\"Vittorio Veneto: ciclo di incontri sul volontariato - Bellunopress - Dolomiti\",\"isPartOf\":{\"@id\":\"https:\\\/\\\/www.bellunopress.it\\\/#website\"},\"primaryImageOfPage\":{\"@id\":\"https:\\\/\\\/www.bellunopress.it\\\/2026\\\/05\\\/13\\\/vittorio-veneto-ciclo-di-incontri-sul-volontariato\\\/#primaryimage\"},\"image\":{\"@id\":\"https:\\\/\\\/www.bellunopress.it\\\/2026\\\/05\\\/13\\\/vittorio-veneto-ciclo-di-incontri-sul-volontariato\\\/#primaryimage\"},\"thumbnailUrl\":\"https:\\\/\\\/www.bellunopress.it\\\/wp-content\\\/uploads\\\/2026\\\/05\\\/Angelo-Lino-Del-Favero.jpg\",\"datePublished\":\"2026-05-13T05:35:23+00:00\",\"breadcrumb\":{\"@id\":\"https:\\\/\\\/www.bellunopress.it\\\/2026\\\/05\\\/13\\\/vittorio-veneto-ciclo-di-incontri-sul-volontariato\\\/#breadcrumb\"},\"inLanguage\":\"fr-FR\",\"potentialAction\":[{\"@type\":\"ReadAction\",\"target\":[\"https:\\\/\\\/www.bellunopress.it\\\/2026\\\/05\\\/13\\\/vittorio-veneto-ciclo-di-incontri-sul-volontariato\\\/\"]}]},{\"@type\":\"ImageObject\",\"inLanguage\":\"fr-FR\",\"@id\":\"https:\\\/\\\/www.bellunopress.it\\\/2026\\\/05\\\/13\\\/vittorio-veneto-ciclo-di-incontri-sul-volontariato\\\/#primaryimage\",\"url\":\"https:\\\/\\\/www.bellunopress.it\\\/wp-content\\\/uploads\\\/2026\\\/05\\\/Angelo-Lino-Del-Favero.jpg\",\"contentUrl\":\"https:\\\/\\\/www.bellunopress.it\\\/wp-content\\\/uploads\\\/2026\\\/05\\\/Angelo-Lino-Del-Favero.jpg\",\"width\":529,\"height\":371,\"caption\":\"Dott. Angelo Lino Del Favero, gi\u00e0 Direttore Generale dell'Azienda Ospedaliera-Universitaria italiana \\\"Citt\u00e0 della Salute e della Scienza\\\" di Torino\"},{\"@type\":\"BreadcrumbList\",\"@id\":\"https:\\\/\\\/www.bellunopress.it\\\/2026\\\/05\\\/13\\\/vittorio-veneto-ciclo-di-incontri-sul-volontariato\\\/#breadcrumb\",\"itemListElement\":[{\"@type\":\"ListItem\",\"position\":1,\"name\":\"Home\",\"item\":\"https:\\\/\\\/www.bellunopress.it\\\/\"},{\"@type\":\"ListItem\",\"position\":2,\"name\":\"Vittorio Veneto: ciclo di incontri sul volontariato\"}]},{\"@type\":\"WebSite\",\"@id\":\"https:\\\/\\\/www.bellunopress.it\\\/#website\",\"url\":\"https:\\\/\\\/www.bellunopress.it\\\/\",\"name\":\"Bellunopress - Dolomiti\",\"description\":\"e-mail: redazione@bellunopress.it\",\"publisher\":{\"@id\":\"https:\\\/\\\/www.bellunopress.it\\\/#organization\"},\"potentialAction\":[{\"@type\":\"SearchAction\",\"target\":{\"@type\":\"EntryPoint\",\"urlTemplate\":\"https:\\\/\\\/www.bellunopress.it\\\/?s={search_term_string}\"},\"query-input\":{\"@type\":\"PropertyValueSpecification\",\"valueRequired\":true,\"valueName\":\"search_term_string\"}}],\"inLanguage\":\"fr-FR\"},{\"@type\":\"Organization\",\"@id\":\"https:\\\/\\\/www.bellunopress.it\\\/#organization\",\"name\":\"Bellunopress\",\"url\":\"https:\\\/\\\/www.bellunopress.it\\\/\",\"logo\":{\"@type\":\"ImageObject\",\"inLanguage\":\"fr-FR\",\"@id\":\"https:\\\/\\\/www.bellunopress.it\\\/#\\\/schema\\\/logo\\\/image\\\/\",\"url\":\"https:\\\/\\\/www.bellunopress.it\\\/wp-content\\\/uploads\\\/2011\\\/05\\\/cropped-logo-bellunopress-.jpg\",\"contentUrl\":\"https:\\\/\\\/www.bellunopress.it\\\/wp-content\\\/uploads\\\/2011\\\/05\\\/cropped-logo-bellunopress-.jpg\",\"width\":512,\"height\":512,\"caption\":\"Bellunopress\"},\"image\":{\"@id\":\"https:\\\/\\\/www.bellunopress.it\\\/#\\\/schema\\\/logo\\\/image\\\/\"},\"sameAs\":[\"https:\\\/\\\/www.facebook.com\\\/profile.php?id=100008943462799\",\"https:\\\/\\\/x.com\\\/bellunopress\",\"https:\\\/\\\/www.linkedin.com\\\/hp\\\/?dnr=JBzUWaJfMUw8vbXJJ2tVW5-I3jZKvC4wsoxE&amp;amp;amp;amp;amp;amp;trk=nav_responsive_tab_home\",\"https:\\\/\\\/www.youtube.com\\\/channel\\\/UCxL0wu1uN0_3_7hGG0306cw\"]},{\"@type\":\"Person\",\"@id\":\"https:\\\/\\\/www.bellunopress.it\\\/#\\\/schema\\\/person\\\/79bb06722b37ece1c03d3e94beb30d73\",\"name\":\"redazione\",\"image\":{\"@type\":\"ImageObject\",\"inLanguage\":\"fr-FR\",\"@id\":\"https:\\\/\\\/secure.gravatar.com\\\/avatar\\\/37d968a2e67a6fd04c169c4bdef102d0bc5d31b2546345219e348575eb80e9a0?s=96&d=mm&r=g\",\"url\":\"https:\\\/\\\/secure.gravatar.com\\\/avatar\\\/37d968a2e67a6fd04c169c4bdef102d0bc5d31b2546345219e348575eb80e9a0?s=96&d=mm&r=g\",\"contentUrl\":\"https:\\\/\\\/secure.gravatar.com\\\/avatar\\\/37d968a2e67a6fd04c169c4bdef102d0bc5d31b2546345219e348575eb80e9a0?s=96&d=mm&r=g\",\"caption\":\"redazione\"},\"sameAs\":[\"http:\\\/\\\/www.bellunopress.it\",\"https:\\\/\\\/x.com\\\/bellunopress\"],\"url\":\"https:\\\/\\\/www.bellunopress.it\\\/fr\\\/author\\\/redazione\\\/\"}]}<\/script>\n<!-- \/ Yoast SEO plugin. -->","yoast_head_json":{"title":"Vittorio Veneto: ciclo di incontri sul volontariato - Bellunopress - Dolomiti","robots":{"index":"index","follow":"follow","max-snippet":"max-snippet:-1","max-image-preview":"max-image-preview:large","max-video-preview":"max-video-preview:-1"},"canonical":"https:\/\/www.bellunopress.it\/fr\/2026\/05\/13\/vittorio-veneto-ciclo-di-incontri-sul-volontariato\/","og_locale":"fr_FR","og_type":"article","og_title":"Vittorio Veneto: ciclo di incontri sul volontariato - Bellunopress - Dolomiti","og_description":"Comincer\u00e0 gioved\u00ec 14 maggio alle ore 20:30 nella sede del Coordinamento Volontariato Sinistra Piave ODV in via San Gottardo 91\/2, Area Fenderl a Vittorio Veneto (TV), il primo di un ciclo di tre incontri formativi scientifico-culturali \u201cDiventare volontari, ciclo di incontri con gli \u201camici della voce\u201d. Il titolo della prima serata \u00e8 TERZO SETTORE &#8211; [&hellip;]","og_url":"https:\/\/www.bellunopress.it\/fr\/2026\/05\/13\/vittorio-veneto-ciclo-di-incontri-sul-volontariato\/","og_site_name":"Bellunopress - Dolomiti","article_publisher":"https:\/\/www.facebook.com\/profile.php?id=100008943462799","article_published_time":"2026-05-13T05:35:23+00:00","og_image":[{"width":529,"height":371,"url":"https:\/\/www.bellunopress.it\/wp-content\/uploads\/2026\/05\/Angelo-Lino-Del-Favero.jpg","type":"image\/jpeg"}],"author":"redazione","twitter_card":"summary_large_image","twitter_creator":"@bellunopress","twitter_site":"@bellunopress","twitter_misc":{"\u00c9crit par":"redazione","Dur\u00e9e de lecture estim\u00e9e":"4 minutes"},"schema":{"@context":"https:\/\/schema.org","@graph":[{"@type":"Article","@id":"https:\/\/www.bellunopress.it\/2026\/05\/13\/vittorio-veneto-ciclo-di-incontri-sul-volontariato\/#article","isPartOf":{"@id":"https:\/\/www.bellunopress.it\/2026\/05\/13\/vittorio-veneto-ciclo-di-incontri-sul-volontariato\/"},"author":{"name":"redazione","@id":"https:\/\/www.bellunopress.it\/#\/schema\/person\/79bb06722b37ece1c03d3e94beb30d73"},"headline":"Vittorio Veneto: ciclo di incontri sul volontariato","datePublished":"2026-05-13T05:35:23+00:00","mainEntityOfPage":{"@id":"https:\/\/www.bellunopress.it\/2026\/05\/13\/vittorio-veneto-ciclo-di-incontri-sul-volontariato\/"},"wordCount":718,"publisher":{"@id":"https:\/\/www.bellunopress.it\/#organization"},"image":{"@id":"https:\/\/www.bellunopress.it\/2026\/05\/13\/vittorio-veneto-ciclo-di-incontri-sul-volontariato\/#primaryimage"},"thumbnailUrl":"https:\/\/www.bellunopress.it\/wp-content\/uploads\/2026\/05\/Angelo-Lino-Del-Favero.jpg","articleSection":["Societ\u00e0, Associazioni, Istituzioni"],"inLanguage":"fr-FR"},{"@type":"WebPage","@id":"https:\/\/www.bellunopress.it\/2026\/05\/13\/vittorio-veneto-ciclo-di-incontri-sul-volontariato\/","url":"https:\/\/www.bellunopress.it\/2026\/05\/13\/vittorio-veneto-ciclo-di-incontri-sul-volontariato\/","name":"Vittorio Veneto: ciclo di incontri sul volontariato - Bellunopress - Dolomiti","isPartOf":{"@id":"https:\/\/www.bellunopress.it\/#website"},"primaryImageOfPage":{"@id":"https:\/\/www.bellunopress.it\/2026\/05\/13\/vittorio-veneto-ciclo-di-incontri-sul-volontariato\/#primaryimage"},"image":{"@id":"https:\/\/www.bellunopress.it\/2026\/05\/13\/vittorio-veneto-ciclo-di-incontri-sul-volontariato\/#primaryimage"},"thumbnailUrl":"https:\/\/www.bellunopress.it\/wp-content\/uploads\/2026\/05\/Angelo-Lino-Del-Favero.jpg","datePublished":"2026-05-13T05:35:23+00:00","breadcrumb":{"@id":"https:\/\/www.bellunopress.it\/2026\/05\/13\/vittorio-veneto-ciclo-di-incontri-sul-volontariato\/#breadcrumb"},"inLanguage":"fr-FR","potentialAction":[{"@type":"ReadAction","target":["https:\/\/www.bellunopress.it\/2026\/05\/13\/vittorio-veneto-ciclo-di-incontri-sul-volontariato\/"]}]},{"@type":"ImageObject","inLanguage":"fr-FR","@id":"https:\/\/www.bellunopress.it\/2026\/05\/13\/vittorio-veneto-ciclo-di-incontri-sul-volontariato\/#primaryimage","url":"https:\/\/www.bellunopress.it\/wp-content\/uploads\/2026\/05\/Angelo-Lino-Del-Favero.jpg","contentUrl":"https:\/\/www.bellunopress.it\/wp-content\/uploads\/2026\/05\/Angelo-Lino-Del-Favero.jpg","width":529,"height":371,"caption":"Dott. Angelo Lino Del Favero, gi\u00e0 Direttore Generale dell'Azienda Ospedaliera-Universitaria italiana \"Citt\u00e0 della Salute e della Scienza\" di Torino"},{"@type":"BreadcrumbList","@id":"https:\/\/www.bellunopress.it\/2026\/05\/13\/vittorio-veneto-ciclo-di-incontri-sul-volontariato\/#breadcrumb","itemListElement":[{"@type":"ListItem","position":1,"name":"Home","item":"https:\/\/www.bellunopress.it\/"},{"@type":"ListItem","position":2,"name":"Vittorio Veneto: ciclo di incontri sul volontariato"}]},{"@type":"WebSite","@id":"https:\/\/www.bellunopress.it\/#website","url":"https:\/\/www.bellunopress.it\/","name":"Bellunopress - Dolomiti","description":"e-mail: redazione@bellunopress.it","publisher":{"@id":"https:\/\/www.bellunopress.it\/#organization"},"potentialAction":[{"@type":"SearchAction","target":{"@type":"EntryPoint","urlTemplate":"https:\/\/www.bellunopress.it\/?s={search_term_string}"},"query-input":{"@type":"PropertyValueSpecification","valueRequired":true,"valueName":"search_term_string"}}],"inLanguage":"fr-FR"},{"@type":"Organization","@id":"https:\/\/www.bellunopress.it\/#organization","name":"Bellunopress","url":"https:\/\/www.bellunopress.it\/","logo":{"@type":"ImageObject","inLanguage":"fr-FR","@id":"https:\/\/www.bellunopress.it\/#\/schema\/logo\/image\/","url":"https:\/\/www.bellunopress.it\/wp-content\/uploads\/2011\/05\/cropped-logo-bellunopress-.jpg","contentUrl":"https:\/\/www.bellunopress.it\/wp-content\/uploads\/2011\/05\/cropped-logo-bellunopress-.jpg","width":512,"height":512,"caption":"Bellunopress"},"image":{"@id":"https:\/\/www.bellunopress.it\/#\/schema\/logo\/image\/"},"sameAs":["https:\/\/www.facebook.com\/profile.php?id=100008943462799","https:\/\/x.com\/bellunopress","https:\/\/www.linkedin.com\/hp\/?dnr=JBzUWaJfMUw8vbXJJ2tVW5-I3jZKvC4wsoxE&amp;amp;amp;amp;amp;amp;trk=nav_responsive_tab_home","https:\/\/www.youtube.com\/channel\/UCxL0wu1uN0_3_7hGG0306cw"]},{"@type":"Person","@id":"https:\/\/www.bellunopress.it\/#\/schema\/person\/79bb06722b37ece1c03d3e94beb30d73","name":"r\u00e9daction","image":{"@type":"ImageObject","inLanguage":"fr-FR","@id":"https:\/\/secure.gravatar.com\/avatar\/37d968a2e67a6fd04c169c4bdef102d0bc5d31b2546345219e348575eb80e9a0?s=96&d=mm&r=g","url":"https:\/\/secure.gravatar.com\/avatar\/37d968a2e67a6fd04c169c4bdef102d0bc5d31b2546345219e348575eb80e9a0?s=96&d=mm&r=g","contentUrl":"https:\/\/secure.gravatar.com\/avatar\/37d968a2e67a6fd04c169c4bdef102d0bc5d31b2546345219e348575eb80e9a0?s=96&d=mm&r=g","caption":"redazione"},"sameAs":["http:\/\/www.bellunopress.it","https:\/\/x.com\/bellunopress"],"url":"https:\/\/www.bellunopress.it\/fr\/author\/redazione\/"}]}},"_links":{"self":[{"href":"https:\/\/www.bellunopress.it\/fr\/wp-json\/wp\/v2\/posts\/170064","targetHints":{"allow":["GET"]}}],"collection":[{"href":"https:\/\/www.bellunopress.it\/fr\/wp-json\/wp\/v2\/posts"}],"about":[{"href":"https:\/\/www.bellunopress.it\/fr\/wp-json\/wp\/v2\/types\/post"}],"author":[{"embeddable":true,"href":"https:\/\/www.bellunopress.it\/fr\/wp-json\/wp\/v2\/users\/2"}],"replies":[{"embeddable":true,"href":"https:\/\/www.bellunopress.it\/fr\/wp-json\/wp\/v2\/comments?post=170064"}],"version-history":[{"count":1,"href":"https:\/\/www.bellunopress.it\/fr\/wp-json\/wp\/v2\/posts\/170064\/revisions"}],"predecessor-version":[{"id":170066,"href":"https:\/\/www.bellunopress.it\/fr\/wp-json\/wp\/v2\/posts\/170064\/revisions\/170066"}],"wp:featuredmedia":[{"embeddable":true,"href":"https:\/\/www.bellunopress.it\/fr\/wp-json\/wp\/v2\/media\/170065"}],"wp:attachment":[{"href":"https:\/\/www.bellunopress.it\/fr\/wp-json\/wp\/v2\/media?parent=170064"}],"wp:term":[{"taxonomy":"category","embeddable":true,"href":"https:\/\/www.bellunopress.it\/fr\/wp-json\/wp\/v2\/categories?post=170064"},{"taxonomy":"post_tag","embeddable":true,"href":"https:\/\/www.bellunopress.it\/fr\/wp-json\/wp\/v2\/tags?post=170064"}],"curies":[{"name":"wp","href":"https:\/\/api.w.org\/{rel}","templated":true}]}}