{"id":170060,"date":"2026-05-12T19:31:29","date_gmt":"2026-05-12T17:31:29","guid":{"rendered":"https:\/\/www.bellunopress.it\/?p=170060"},"modified":"2026-05-12T19:31:29","modified_gmt":"2026-05-12T17:31:29","slug":"feltre-teatro-de-la-sena-la-questione-del-rivestimento-della-scala-esterna","status":"publish","type":"post","link":"https:\/\/www.bellunopress.it\/fr\/2026\/05\/12\/feltre-teatro-de-la-sena-la-questione-del-rivestimento-della-scala-esterna\/","title":{"rendered":"Feltre, Teatro de La Sena:  la questione del rivestimento della scala esterna"},"content":{"rendered":"<p><strong>Il Comune replica: \u201cChi oggi polemizza dimentica le scelte e le criticit\u00e0 ereditate\u201d<\/strong><\/p>\n<p>La riapertura del Teatro de La Sena rappresenta un momento storico per Feltre. Dopo quasi un secolo, la Citt\u00e0 \u00e8 tornata ad avere pienamente fruibile uno dei suoi luoghi simbolo, restituito finalmente alla comunit\u00e0 dopo anni di ritardi, complessit\u00e0 tecniche e un cantiere rimasto incompiuto troppo a lungo.<\/p>\n<p>Nelle ultime settimane le forze di opposizione presenti in Consiglio Comunale hanno sollevato polemiche sul mancato completamento del rivestimento della scala esterna di emergenza. Polemiche che l\u2019Amministrazione giudica strumentali e<br \/>\npoco aderenti alla reale evoluzione del cantiere e delle scelte progettuali maturate nel corso degli anni.<\/p>\n<p><strong>LA QUESTIONE DELLA SCALA ESTERNA<\/strong><br \/>\nIl rivestimento della scala esterna non \u00e8 stato cancellato, ma rinviato a un successivo appalto dedicato.<br \/>\nLa decisione \u00e8 stata formalizzata nell\u2019ambito della Variante n. 3 approvata nel 2023 dopo che, nel corso dei lavori, non \u00e8 stato possibile individuare un prodotto disponibile sul mercato capace di soddisfare contemporaneamente le prescrizioni della Soprintendenza e i necessari requisiti tecnici di sicurezza, resistenza, peso, durabilit\u00e0 e certificazione. Nella stessa variante sono stati inoltre rinviati alcuni interventi non strettamente necessari alla funzionalit\u00e0 delle vie d\u2019esodo e alla riapertura del Teatro.<br \/>\nLa criticit\u00e0 nasce da una modifica progettuale introdotta durante il precedente mandato amministrativo e sviluppata nel corso delle varianti approvate in cantiere. Il progetto originario prevedeva infatti un rivestimento in gres porcellanato, successivamente sostituito con una soluzione in materiale cementizio\/fibrocemento che, alla prova concreta dell\u2019esecuzione, si \u00e8 rivelata non attuabile nei tempi necessari alla conclusione e alla rendicontazione.<\/p>\n<p>\u201cColpisce vedere oggi le forze politiche di opposizione attaccare scelte e problematiche che si sono sviluppate proprio durante gli anni in cui amministravano la Citt\u00e0 \u2013 dichiara il sindaco Viviana Fusaro \u2013. Noi ci siamo trovati davanti a una situazione complessa, con un cantiere fermo da tempo, varianti aperte, prescrizioni della Soprintendenza e opere non completate. A<br \/>\ndifferenza di chi ci ha preceduto, per\u00f2, abbiamo scelto di assumerci la responsabilit\u00e0 di chiudere il cantiere e restituire finalmente il teatro ai cittadini\u201d.<\/p>\n<p>L\u2019Amministrazione sottolinea come l\u2019alternativa sarebbe stata lasciare ancora chiuso il Teatro de La Sena per un tempo indefinito, con il concreto rischio di ulteriori ritardi e possibili criticit\u00e0 anche sul fronte dei finanziamenti.<br \/>\n\u201cDi fronte a una situazione bloccata da anni \u2013 prosegue il Sindaco \u2013 abbiamo scelto una strada di responsabilit\u00e0 amministrativa: completare tutte le opere indispensabili alla piena fruibilit\u00e0 del teatro, garantendone l\u2019apertura e l\u2019utilizzo<br \/>\npubblico, rinviando invece gli elementi non essenziali che richiedono ulteriori approfondimenti tecnici\u201d.<\/p>\n<p><strong>IL CHIARIMENTO DELLA SOPRINTENDENZA<\/strong><br \/>\nL\u2019Amministrazione ricorda inoltre che la stessa Soprintendenza ha chiarito formalmente con lettera arrivata al protocollo Comunale in data 24 aprile 2026 come il mancato completamento del rivestimento non costituisse un ostacolo alla riapertura del Teatro e non richiedesse ulteriori autorizzazioni preventive per la fruizione dell\u2019opera.<br \/>\nLa Soprintendenza ha inoltre precisato di non aver mai indicato scadenze relative all\u2019autorizzazione gi\u00e0 rilasciata, smentendo alcune ricostruzioni diffuse nelle settimane scorse.<\/p>\n<p>\u201cGli atti amministrativi e tecnici parlano con chiarezza \u2013 aggiunge l\u2019assessore ai lavori pubblici Andrea Bona \u2013. Le varianti progettuali, le criticit\u00e0 emerse durante gli scavi archeologici e le modifiche richieste nel tempo sono tutte documentate. Per questo riteniamo ingeneroso che chi per anni ha avuto responsabilit\u00e0 amministrative e politiche su questo cantiere tenti oggi di<br \/>\nscaricare interamente su altri problemi che affondano le loro radici molto pi\u00f9 indietro\u201d.<\/p>\n<p><strong>UN CANTIERE COMPLESSO E PROBLEMATICO<\/strong><br \/>\nSecondo il Comune, al momento dell\u2019insediamento dell\u2019attuale Amministrazione il cantiere presentava ancora numerose criticit\u00e0 operative e tecniche, documentate anche da rilievi fotografici e verifiche effettuate nel corso del 2022, con infiltrazioni d\u2019acqua e situazioni di degrado che rendevano necessario un rapido intervento per salvaguardare l\u2019opera gi\u00e0 realizzata.<br \/>\nDa quella situazione si \u00e8 arrivati oggi alla riapertura del Teatro de La Sena nella sua piena capienza, permettendo alla Citt\u00e0 di riappropriarsi finalmente di uno spazio culturale atteso da generazioni.<\/p>\n<p>Il rivestimento sar\u00e0 completato<br \/>\nL\u2019intervento relativo al rivestimento della scala esterna resta comunque previsto. L\u2019Amministrazione conferma l\u2019intenzione di completarlo attraverso un nuovo appalto, non appena sar\u00e0 individuata una soluzione tecnica condivisa con la Soprintendenza e compatibile con le risorse disponibili.<br \/>\n\u201cLe polemiche politiche passeranno \u2013 conclude il Sindaco \u2013 mentre rester\u00e0 un fatto concreto: dopo decenni di attese e anni di cantiere incompiuto, oggi il Teatro de La Sena \u00e8 aperto, utilizzabile e restituito alla Citt\u00e0.\u201d<\/p>","protected":false},"excerpt":{"rendered":"<p>Il Comune replica: \u201cChi oggi polemizza dimentica le scelte e le criticit\u00e0 ereditate\u201d La riapertura del Teatro de La Sena rappresenta un momento storico per Feltre. Dopo quasi un secolo, la Citt\u00e0 \u00e8 tornata ad avere pienamente fruibile uno dei suoi luoghi simbolo, restituito finalmente alla comunit\u00e0 dopo anni di ritardi, complessit\u00e0 tecniche e un [&hellip;]<\/p>\n","protected":false},"author":2,"featured_media":170061,"comment_status":"closed","ping_status":"open","sticky":false,"template":"","format":"standard","meta":{"footnotes":""},"categories":[3446,26,8],"tags":[],"class_list":["post-170060","post","type-post","status-publish","format-standard","has-post-thumbnail","category-featured","category-prima-pagina","category-societa-istituzioni"],"yoast_head":"<!-- This site is optimized with the Yoast SEO plugin v28.4 - https:\/\/yoast.com\/product\/yoast-seo-wordpress\/ -->\n<title>Feltre, Teatro de La Sena: la questione del rivestimento della scala esterna - Bellunopress - Dolomiti<\/title>\n<meta name=\"robots\" content=\"index, follow, max-snippet:-1, max-image-preview:large, max-video-preview:-1\" \/>\n<link rel=\"canonical\" href=\"https:\/\/www.bellunopress.it\/fr\/2026\/05\/12\/feltre-teatro-de-la-sena-la-questione-del-rivestimento-della-scala-esterna\/\" \/>\n<meta property=\"og:locale\" content=\"fr_FR\" \/>\n<meta property=\"og:type\" content=\"article\" \/>\n<meta property=\"og:title\" content=\"Feltre, Teatro de La Sena: la questione del rivestimento della scala esterna - Bellunopress - Dolomiti\" \/>\n<meta property=\"og:description\" content=\"Il Comune replica: \u201cChi oggi polemizza dimentica le scelte e le criticit\u00e0 ereditate\u201d La riapertura del Teatro de La Sena rappresenta un momento storico per Feltre. Dopo quasi un secolo, la Citt\u00e0 \u00e8 tornata ad avere pienamente fruibile uno dei suoi luoghi simbolo, restituito finalmente alla comunit\u00e0 dopo anni di ritardi, complessit\u00e0 tecniche e un [&hellip;]\" \/>\n<meta property=\"og:url\" content=\"https:\/\/www.bellunopress.it\/fr\/2026\/05\/12\/feltre-teatro-de-la-sena-la-questione-del-rivestimento-della-scala-esterna\/\" \/>\n<meta property=\"og:site_name\" content=\"Bellunopress - Dolomiti\" \/>\n<meta property=\"article:publisher\" content=\"https:\/\/www.facebook.com\/profile.php?id=100008943462799\" \/>\n<meta property=\"article:published_time\" content=\"2026-05-12T17:31:29+00:00\" \/>\n<meta property=\"og:image\" content=\"https:\/\/www.bellunopress.it\/wp-content\/uploads\/2026\/05\/teatro-de-la-sena-ingresso.jpg\" \/>\n\t<meta property=\"og:image:width\" content=\"600\" \/>\n\t<meta property=\"og:image:height\" content=\"337\" \/>\n\t<meta property=\"og:image:type\" content=\"image\/jpeg\" \/>\n<meta name=\"author\" content=\"redazione\" \/>\n<meta name=\"twitter:card\" content=\"summary_large_image\" \/>\n<meta name=\"twitter:creator\" content=\"@bellunopress\" \/>\n<meta name=\"twitter:site\" content=\"@bellunopress\" \/>\n<meta name=\"twitter:label1\" content=\"\u00c9crit par\" \/>\n\t<meta name=\"twitter:data1\" content=\"redazione\" \/>\n\t<meta name=\"twitter:label2\" content=\"Dur\u00e9e de lecture estim\u00e9e\" \/>\n\t<meta name=\"twitter:data2\" content=\"4 minutes\" \/>\n<script type=\"application\/ld+json\" class=\"yoast-schema-graph\">{\"@context\":\"https:\\\/\\\/schema.org\",\"@graph\":[{\"@type\":\"Article\",\"@id\":\"https:\\\/\\\/www.bellunopress.it\\\/2026\\\/05\\\/12\\\/feltre-teatro-de-la-sena-la-questione-del-rivestimento-della-scala-esterna\\\/#article\",\"isPartOf\":{\"@id\":\"https:\\\/\\\/www.bellunopress.it\\\/2026\\\/05\\\/12\\\/feltre-teatro-de-la-sena-la-questione-del-rivestimento-della-scala-esterna\\\/\"},\"author\":{\"name\":\"redazione\",\"@id\":\"https:\\\/\\\/www.bellunopress.it\\\/#\\\/schema\\\/person\\\/79bb06722b37ece1c03d3e94beb30d73\"},\"headline\":\"Feltre, Teatro de La Sena: la questione del rivestimento della scala esterna\",\"datePublished\":\"2026-05-12T17:31:29+00:00\",\"mainEntityOfPage\":{\"@id\":\"https:\\\/\\\/www.bellunopress.it\\\/2026\\\/05\\\/12\\\/feltre-teatro-de-la-sena-la-questione-del-rivestimento-della-scala-esterna\\\/\"},\"wordCount\":728,\"publisher\":{\"@id\":\"https:\\\/\\\/www.bellunopress.it\\\/#organization\"},\"image\":{\"@id\":\"https:\\\/\\\/www.bellunopress.it\\\/2026\\\/05\\\/12\\\/feltre-teatro-de-la-sena-la-questione-del-rivestimento-della-scala-esterna\\\/#primaryimage\"},\"thumbnailUrl\":\"https:\\\/\\\/www.bellunopress.it\\\/wp-content\\\/uploads\\\/2026\\\/05\\\/teatro-de-la-sena-ingresso.jpg\",\"articleSection\":[\"Featured\",\"Prima Pagina\",\"Societ\u00e0, Associazioni, Istituzioni\"],\"inLanguage\":\"fr-FR\"},{\"@type\":\"WebPage\",\"@id\":\"https:\\\/\\\/www.bellunopress.it\\\/2026\\\/05\\\/12\\\/feltre-teatro-de-la-sena-la-questione-del-rivestimento-della-scala-esterna\\\/\",\"url\":\"https:\\\/\\\/www.bellunopress.it\\\/2026\\\/05\\\/12\\\/feltre-teatro-de-la-sena-la-questione-del-rivestimento-della-scala-esterna\\\/\",\"name\":\"Feltre, Teatro de La Sena: la questione del rivestimento della scala esterna - Bellunopress - Dolomiti\",\"isPartOf\":{\"@id\":\"https:\\\/\\\/www.bellunopress.it\\\/#website\"},\"primaryImageOfPage\":{\"@id\":\"https:\\\/\\\/www.bellunopress.it\\\/2026\\\/05\\\/12\\\/feltre-teatro-de-la-sena-la-questione-del-rivestimento-della-scala-esterna\\\/#primaryimage\"},\"image\":{\"@id\":\"https:\\\/\\\/www.bellunopress.it\\\/2026\\\/05\\\/12\\\/feltre-teatro-de-la-sena-la-questione-del-rivestimento-della-scala-esterna\\\/#primaryimage\"},\"thumbnailUrl\":\"https:\\\/\\\/www.bellunopress.it\\\/wp-content\\\/uploads\\\/2026\\\/05\\\/teatro-de-la-sena-ingresso.jpg\",\"datePublished\":\"2026-05-12T17:31:29+00:00\",\"breadcrumb\":{\"@id\":\"https:\\\/\\\/www.bellunopress.it\\\/2026\\\/05\\\/12\\\/feltre-teatro-de-la-sena-la-questione-del-rivestimento-della-scala-esterna\\\/#breadcrumb\"},\"inLanguage\":\"fr-FR\",\"potentialAction\":[{\"@type\":\"ReadAction\",\"target\":[\"https:\\\/\\\/www.bellunopress.it\\\/2026\\\/05\\\/12\\\/feltre-teatro-de-la-sena-la-questione-del-rivestimento-della-scala-esterna\\\/\"]}]},{\"@type\":\"ImageObject\",\"inLanguage\":\"fr-FR\",\"@id\":\"https:\\\/\\\/www.bellunopress.it\\\/2026\\\/05\\\/12\\\/feltre-teatro-de-la-sena-la-questione-del-rivestimento-della-scala-esterna\\\/#primaryimage\",\"url\":\"https:\\\/\\\/www.bellunopress.it\\\/wp-content\\\/uploads\\\/2026\\\/05\\\/teatro-de-la-sena-ingresso.jpg\",\"contentUrl\":\"https:\\\/\\\/www.bellunopress.it\\\/wp-content\\\/uploads\\\/2026\\\/05\\\/teatro-de-la-sena-ingresso.jpg\",\"width\":600,\"height\":337,\"caption\":\"Teatro de La Sena, ingresso esterno - Feltre\"},{\"@type\":\"BreadcrumbList\",\"@id\":\"https:\\\/\\\/www.bellunopress.it\\\/2026\\\/05\\\/12\\\/feltre-teatro-de-la-sena-la-questione-del-rivestimento-della-scala-esterna\\\/#breadcrumb\",\"itemListElement\":[{\"@type\":\"ListItem\",\"position\":1,\"name\":\"Home\",\"item\":\"https:\\\/\\\/www.bellunopress.it\\\/\"},{\"@type\":\"ListItem\",\"position\":2,\"name\":\"Feltre, Teatro de La Sena: la questione del rivestimento della scala esterna\"}]},{\"@type\":\"WebSite\",\"@id\":\"https:\\\/\\\/www.bellunopress.it\\\/#website\",\"url\":\"https:\\\/\\\/www.bellunopress.it\\\/\",\"name\":\"Bellunopress - Dolomiti\",\"description\":\"e-mail: redazione@bellunopress.it\",\"publisher\":{\"@id\":\"https:\\\/\\\/www.bellunopress.it\\\/#organization\"},\"potentialAction\":[{\"@type\":\"SearchAction\",\"target\":{\"@type\":\"EntryPoint\",\"urlTemplate\":\"https:\\\/\\\/www.bellunopress.it\\\/?s={search_term_string}\"},\"query-input\":{\"@type\":\"PropertyValueSpecification\",\"valueRequired\":true,\"valueName\":\"search_term_string\"}}],\"inLanguage\":\"fr-FR\"},{\"@type\":\"Organization\",\"@id\":\"https:\\\/\\\/www.bellunopress.it\\\/#organization\",\"name\":\"Bellunopress\",\"url\":\"https:\\\/\\\/www.bellunopress.it\\\/\",\"logo\":{\"@type\":\"ImageObject\",\"inLanguage\":\"fr-FR\",\"@id\":\"https:\\\/\\\/www.bellunopress.it\\\/#\\\/schema\\\/logo\\\/image\\\/\",\"url\":\"https:\\\/\\\/www.bellunopress.it\\\/wp-content\\\/uploads\\\/2011\\\/05\\\/cropped-logo-bellunopress-.jpg\",\"contentUrl\":\"https:\\\/\\\/www.bellunopress.it\\\/wp-content\\\/uploads\\\/2011\\\/05\\\/cropped-logo-bellunopress-.jpg\",\"width\":512,\"height\":512,\"caption\":\"Bellunopress\"},\"image\":{\"@id\":\"https:\\\/\\\/www.bellunopress.it\\\/#\\\/schema\\\/logo\\\/image\\\/\"},\"sameAs\":[\"https:\\\/\\\/www.facebook.com\\\/profile.php?id=100008943462799\",\"https:\\\/\\\/x.com\\\/bellunopress\",\"https:\\\/\\\/www.linkedin.com\\\/hp\\\/?dnr=JBzUWaJfMUw8vbXJJ2tVW5-I3jZKvC4wsoxE&amp;amp;amp;amp;amp;amp;trk=nav_responsive_tab_home\",\"https:\\\/\\\/www.youtube.com\\\/channel\\\/UCxL0wu1uN0_3_7hGG0306cw\"]},{\"@type\":\"Person\",\"@id\":\"https:\\\/\\\/www.bellunopress.it\\\/#\\\/schema\\\/person\\\/79bb06722b37ece1c03d3e94beb30d73\",\"name\":\"redazione\",\"image\":{\"@type\":\"ImageObject\",\"inLanguage\":\"fr-FR\",\"@id\":\"https:\\\/\\\/secure.gravatar.com\\\/avatar\\\/37d968a2e67a6fd04c169c4bdef102d0bc5d31b2546345219e348575eb80e9a0?s=96&d=mm&r=g\",\"url\":\"https:\\\/\\\/secure.gravatar.com\\\/avatar\\\/37d968a2e67a6fd04c169c4bdef102d0bc5d31b2546345219e348575eb80e9a0?s=96&d=mm&r=g\",\"contentUrl\":\"https:\\\/\\\/secure.gravatar.com\\\/avatar\\\/37d968a2e67a6fd04c169c4bdef102d0bc5d31b2546345219e348575eb80e9a0?s=96&d=mm&r=g\",\"caption\":\"redazione\"},\"sameAs\":[\"http:\\\/\\\/www.bellunopress.it\",\"https:\\\/\\\/x.com\\\/bellunopress\"],\"url\":\"https:\\\/\\\/www.bellunopress.it\\\/fr\\\/author\\\/redazione\\\/\"}]}<\/script>\n<!-- \/ Yoast SEO plugin. -->","yoast_head_json":{"title":"Feltre, Teatro de La Sena: la questione del rivestimento della scala esterna - Bellunopress - Dolomiti","robots":{"index":"index","follow":"follow","max-snippet":"max-snippet:-1","max-image-preview":"max-image-preview:large","max-video-preview":"max-video-preview:-1"},"canonical":"https:\/\/www.bellunopress.it\/fr\/2026\/05\/12\/feltre-teatro-de-la-sena-la-questione-del-rivestimento-della-scala-esterna\/","og_locale":"fr_FR","og_type":"article","og_title":"Feltre, Teatro de La Sena: la questione del rivestimento della scala esterna - Bellunopress - Dolomiti","og_description":"Il Comune replica: \u201cChi oggi polemizza dimentica le scelte e le criticit\u00e0 ereditate\u201d La riapertura del Teatro de La Sena rappresenta un momento storico per Feltre. Dopo quasi un secolo, la Citt\u00e0 \u00e8 tornata ad avere pienamente fruibile uno dei suoi luoghi simbolo, restituito finalmente alla comunit\u00e0 dopo anni di ritardi, complessit\u00e0 tecniche e un [&hellip;]","og_url":"https:\/\/www.bellunopress.it\/fr\/2026\/05\/12\/feltre-teatro-de-la-sena-la-questione-del-rivestimento-della-scala-esterna\/","og_site_name":"Bellunopress - Dolomiti","article_publisher":"https:\/\/www.facebook.com\/profile.php?id=100008943462799","article_published_time":"2026-05-12T17:31:29+00:00","og_image":[{"width":600,"height":337,"url":"https:\/\/www.bellunopress.it\/wp-content\/uploads\/2026\/05\/teatro-de-la-sena-ingresso.jpg","type":"image\/jpeg"}],"author":"redazione","twitter_card":"summary_large_image","twitter_creator":"@bellunopress","twitter_site":"@bellunopress","twitter_misc":{"\u00c9crit par":"redazione","Dur\u00e9e de lecture estim\u00e9e":"4 minutes"},"schema":{"@context":"https:\/\/schema.org","@graph":[{"@type":"Article","@id":"https:\/\/www.bellunopress.it\/2026\/05\/12\/feltre-teatro-de-la-sena-la-questione-del-rivestimento-della-scala-esterna\/#article","isPartOf":{"@id":"https:\/\/www.bellunopress.it\/2026\/05\/12\/feltre-teatro-de-la-sena-la-questione-del-rivestimento-della-scala-esterna\/"},"author":{"name":"redazione","@id":"https:\/\/www.bellunopress.it\/#\/schema\/person\/79bb06722b37ece1c03d3e94beb30d73"},"headline":"Feltre, Teatro de La Sena: la questione del rivestimento della scala esterna","datePublished":"2026-05-12T17:31:29+00:00","mainEntityOfPage":{"@id":"https:\/\/www.bellunopress.it\/2026\/05\/12\/feltre-teatro-de-la-sena-la-questione-del-rivestimento-della-scala-esterna\/"},"wordCount":728,"publisher":{"@id":"https:\/\/www.bellunopress.it\/#organization"},"image":{"@id":"https:\/\/www.bellunopress.it\/2026\/05\/12\/feltre-teatro-de-la-sena-la-questione-del-rivestimento-della-scala-esterna\/#primaryimage"},"thumbnailUrl":"https:\/\/www.bellunopress.it\/wp-content\/uploads\/2026\/05\/teatro-de-la-sena-ingresso.jpg","articleSection":["Featured","Prima Pagina","Societ\u00e0, Associazioni, Istituzioni"],"inLanguage":"fr-FR"},{"@type":"WebPage","@id":"https:\/\/www.bellunopress.it\/2026\/05\/12\/feltre-teatro-de-la-sena-la-questione-del-rivestimento-della-scala-esterna\/","url":"https:\/\/www.bellunopress.it\/2026\/05\/12\/feltre-teatro-de-la-sena-la-questione-del-rivestimento-della-scala-esterna\/","name":"Feltre, Teatro de La Sena: la questione del rivestimento della scala esterna - Bellunopress - Dolomiti","isPartOf":{"@id":"https:\/\/www.bellunopress.it\/#website"},"primaryImageOfPage":{"@id":"https:\/\/www.bellunopress.it\/2026\/05\/12\/feltre-teatro-de-la-sena-la-questione-del-rivestimento-della-scala-esterna\/#primaryimage"},"image":{"@id":"https:\/\/www.bellunopress.it\/2026\/05\/12\/feltre-teatro-de-la-sena-la-questione-del-rivestimento-della-scala-esterna\/#primaryimage"},"thumbnailUrl":"https:\/\/www.bellunopress.it\/wp-content\/uploads\/2026\/05\/teatro-de-la-sena-ingresso.jpg","datePublished":"2026-05-12T17:31:29+00:00","breadcrumb":{"@id":"https:\/\/www.bellunopress.it\/2026\/05\/12\/feltre-teatro-de-la-sena-la-questione-del-rivestimento-della-scala-esterna\/#breadcrumb"},"inLanguage":"fr-FR","potentialAction":[{"@type":"ReadAction","target":["https:\/\/www.bellunopress.it\/2026\/05\/12\/feltre-teatro-de-la-sena-la-questione-del-rivestimento-della-scala-esterna\/"]}]},{"@type":"ImageObject","inLanguage":"fr-FR","@id":"https:\/\/www.bellunopress.it\/2026\/05\/12\/feltre-teatro-de-la-sena-la-questione-del-rivestimento-della-scala-esterna\/#primaryimage","url":"https:\/\/www.bellunopress.it\/wp-content\/uploads\/2026\/05\/teatro-de-la-sena-ingresso.jpg","contentUrl":"https:\/\/www.bellunopress.it\/wp-content\/uploads\/2026\/05\/teatro-de-la-sena-ingresso.jpg","width":600,"height":337,"caption":"Teatro de La Sena, ingresso esterno - Feltre"},{"@type":"BreadcrumbList","@id":"https:\/\/www.bellunopress.it\/2026\/05\/12\/feltre-teatro-de-la-sena-la-questione-del-rivestimento-della-scala-esterna\/#breadcrumb","itemListElement":[{"@type":"ListItem","position":1,"name":"Home","item":"https:\/\/www.bellunopress.it\/"},{"@type":"ListItem","position":2,"name":"Feltre, Teatro de La Sena: la questione del rivestimento della scala esterna"}]},{"@type":"WebSite","@id":"https:\/\/www.bellunopress.it\/#website","url":"https:\/\/www.bellunopress.it\/","name":"Bellunopress - Dolomiti","description":"e-mail: redazione@bellunopress.it","publisher":{"@id":"https:\/\/www.bellunopress.it\/#organization"},"potentialAction":[{"@type":"SearchAction","target":{"@type":"EntryPoint","urlTemplate":"https:\/\/www.bellunopress.it\/?s={search_term_string}"},"query-input":{"@type":"PropertyValueSpecification","valueRequired":true,"valueName":"search_term_string"}}],"inLanguage":"fr-FR"},{"@type":"Organization","@id":"https:\/\/www.bellunopress.it\/#organization","name":"Bellunopress","url":"https:\/\/www.bellunopress.it\/","logo":{"@type":"ImageObject","inLanguage":"fr-FR","@id":"https:\/\/www.bellunopress.it\/#\/schema\/logo\/image\/","url":"https:\/\/www.bellunopress.it\/wp-content\/uploads\/2011\/05\/cropped-logo-bellunopress-.jpg","contentUrl":"https:\/\/www.bellunopress.it\/wp-content\/uploads\/2011\/05\/cropped-logo-bellunopress-.jpg","width":512,"height":512,"caption":"Bellunopress"},"image":{"@id":"https:\/\/www.bellunopress.it\/#\/schema\/logo\/image\/"},"sameAs":["https:\/\/www.facebook.com\/profile.php?id=100008943462799","https:\/\/x.com\/bellunopress","https:\/\/www.linkedin.com\/hp\/?dnr=JBzUWaJfMUw8vbXJJ2tVW5-I3jZKvC4wsoxE&amp;amp;amp;amp;amp;amp;trk=nav_responsive_tab_home","https:\/\/www.youtube.com\/channel\/UCxL0wu1uN0_3_7hGG0306cw"]},{"@type":"Person","@id":"https:\/\/www.bellunopress.it\/#\/schema\/person\/79bb06722b37ece1c03d3e94beb30d73","name":"r\u00e9daction","image":{"@type":"ImageObject","inLanguage":"fr-FR","@id":"https:\/\/secure.gravatar.com\/avatar\/37d968a2e67a6fd04c169c4bdef102d0bc5d31b2546345219e348575eb80e9a0?s=96&d=mm&r=g","url":"https:\/\/secure.gravatar.com\/avatar\/37d968a2e67a6fd04c169c4bdef102d0bc5d31b2546345219e348575eb80e9a0?s=96&d=mm&r=g","contentUrl":"https:\/\/secure.gravatar.com\/avatar\/37d968a2e67a6fd04c169c4bdef102d0bc5d31b2546345219e348575eb80e9a0?s=96&d=mm&r=g","caption":"redazione"},"sameAs":["http:\/\/www.bellunopress.it","https:\/\/x.com\/bellunopress"],"url":"https:\/\/www.bellunopress.it\/fr\/author\/redazione\/"}]}},"_links":{"self":[{"href":"https:\/\/www.bellunopress.it\/fr\/wp-json\/wp\/v2\/posts\/170060","targetHints":{"allow":["GET"]}}],"collection":[{"href":"https:\/\/www.bellunopress.it\/fr\/wp-json\/wp\/v2\/posts"}],"about":[{"href":"https:\/\/www.bellunopress.it\/fr\/wp-json\/wp\/v2\/types\/post"}],"author":[{"embeddable":true,"href":"https:\/\/www.bellunopress.it\/fr\/wp-json\/wp\/v2\/users\/2"}],"replies":[{"embeddable":true,"href":"https:\/\/www.bellunopress.it\/fr\/wp-json\/wp\/v2\/comments?post=170060"}],"version-history":[{"count":1,"href":"https:\/\/www.bellunopress.it\/fr\/wp-json\/wp\/v2\/posts\/170060\/revisions"}],"predecessor-version":[{"id":170062,"href":"https:\/\/www.bellunopress.it\/fr\/wp-json\/wp\/v2\/posts\/170060\/revisions\/170062"}],"wp:featuredmedia":[{"embeddable":true,"href":"https:\/\/www.bellunopress.it\/fr\/wp-json\/wp\/v2\/media\/170061"}],"wp:attachment":[{"href":"https:\/\/www.bellunopress.it\/fr\/wp-json\/wp\/v2\/media?parent=170060"}],"wp:term":[{"taxonomy":"category","embeddable":true,"href":"https:\/\/www.bellunopress.it\/fr\/wp-json\/wp\/v2\/categories?post=170060"},{"taxonomy":"post_tag","embeddable":true,"href":"https:\/\/www.bellunopress.it\/fr\/wp-json\/wp\/v2\/tags?post=170060"}],"curies":[{"name":"wp","href":"https:\/\/api.w.org\/{rel}","templated":true}]}}