{"id":170058,"date":"2026-05-12T19:17:20","date_gmt":"2026-05-12T17:17:20","guid":{"rendered":"https:\/\/www.bellunopress.it\/?p=170058"},"modified":"2026-05-12T19:17:20","modified_gmt":"2026-05-12T17:17:20","slug":"soccorsa-escursionista-bloccata-dalla-neve","status":"publish","type":"post","link":"https:\/\/www.bellunopress.it\/fr\/2026\/05\/12\/soccorsa-escursionista-bloccata-dalla-neve\/","title":{"rendered":"Soccorsa escursionista bloccata dalla neve"},"content":{"rendered":"<p>Alleghe (BL), 12 &#8211; 05 &#8211; 2026\u00a0 \u00a0Attorno alle 13.40 la Centrale del 118 \u00e8 stata contattata da un&#8217;escursionista in difficolt\u00e0 lungo il sentiero 570 che sale al Lago del Coldai.<\/p>\n<p>La trentenne tedesca, senza abbigliamento e calzature adeguate, percorrendo il sentiero di Ru de Porta aveva superato due lingue di neve ed era arrivata nel tratto ripido pi\u00f9 impegnativo, dove si era bloccata incapace di proseguire. Ostacolato dalle forti raffiche di vento, l&#8217;elicottero del Suem di Pieve di Cadore non era riuscito ad avvicinarsi, n\u00e9 ad individuarla nascosta all&#8217;interno del canalone. Imbarcati due volontari del Soccorso alpino di Alleghe, l&#8217;eliambulanza li ha sbarcati a Malga Pioda, mentre un terzo partiva a piedi pi\u00f9 basso.<\/p>\n<p>I tre soccorritori hanno quindi raggiunto la donna, l&#8217;hanno dotata di ramponcini, portandole giacca, guanti, mantellina termica per riscaldarsi e poi prendere con lei la via del rientro, aiutandola nei tratti pi\u00f9 impegnativi. La squadra l&#8217;ha poi accompagnata con il proprio mezzo fino al luogo di soggiorno.<\/p>","protected":false},"excerpt":{"rendered":"<p>Alleghe (BL), 12 &#8211; 05 &#8211; 2026\u00a0 \u00a0Attorno alle 13.40 la Centrale del 118 \u00e8 stata contattata da un&#8217;escursionista in difficolt\u00e0 lungo il sentiero 570 che sale al Lago del Coldai. La trentenne tedesca, senza abbigliamento e calzature adeguate, percorrendo il sentiero di Ru de Porta aveva superato due lingue di neve ed era arrivata [&hellip;]<\/p>\n","protected":false},"author":2,"featured_media":109276,"comment_status":"closed","ping_status":"open","sticky":false,"template":"","format":"standard","meta":{"footnotes":""},"categories":[5],"tags":[],"class_list":["post-170058","post","type-post","status-publish","format-standard","has-post-thumbnail","category-cronaca"],"yoast_head":"<!-- This site is optimized with the Yoast SEO plugin v28.4 - https:\/\/yoast.com\/product\/yoast-seo-wordpress\/ -->\n<title>Soccorsa escursionista bloccata dalla neve - Bellunopress - Dolomiti<\/title>\n<meta name=\"robots\" content=\"index, follow, max-snippet:-1, max-image-preview:large, max-video-preview:-1\" \/>\n<link rel=\"canonical\" href=\"https:\/\/www.bellunopress.it\/fr\/2026\/05\/12\/soccorsa-escursionista-bloccata-dalla-neve\/\" \/>\n<meta property=\"og:locale\" content=\"fr_FR\" \/>\n<meta property=\"og:type\" content=\"article\" \/>\n<meta property=\"og:title\" content=\"Soccorsa escursionista bloccata dalla neve - Bellunopress - Dolomiti\" \/>\n<meta property=\"og:description\" content=\"Alleghe (BL), 12 &#8211; 05 &#8211; 2026\u00a0 \u00a0Attorno alle 13.40 la Centrale del 118 \u00e8 stata contattata da un&#8217;escursionista in difficolt\u00e0 lungo il sentiero 570 che sale al Lago del Coldai. La trentenne tedesca, senza abbigliamento e calzature adeguate, percorrendo il sentiero di Ru de Porta aveva superato due lingue di neve ed era arrivata [&hellip;]\" \/>\n<meta property=\"og:url\" content=\"https:\/\/www.bellunopress.it\/fr\/2026\/05\/12\/soccorsa-escursionista-bloccata-dalla-neve\/\" \/>\n<meta property=\"og:site_name\" content=\"Bellunopress - Dolomiti\" \/>\n<meta property=\"article:publisher\" content=\"https:\/\/www.facebook.com\/profile.php?id=100008943462799\" \/>\n<meta property=\"article:published_time\" content=\"2026-05-12T17:17:20+00:00\" \/>\n<meta property=\"og:image\" content=\"https:\/\/www.bellunopress.it\/wp-content\/uploads\/2019\/11\/soccorso-alpino.jpg\" \/>\n\t<meta property=\"og:image:width\" content=\"274\" \/>\n\t<meta property=\"og:image:height\" content=\"300\" \/>\n\t<meta property=\"og:image:type\" content=\"image\/jpeg\" \/>\n<meta name=\"author\" content=\"redazione\" \/>\n<meta name=\"twitter:card\" content=\"summary_large_image\" \/>\n<meta name=\"twitter:creator\" content=\"@bellunopress\" \/>\n<meta name=\"twitter:site\" content=\"@bellunopress\" \/>\n<meta name=\"twitter:label1\" content=\"\u00c9crit par\" \/>\n\t<meta name=\"twitter:data1\" content=\"redazione\" \/>\n\t<meta name=\"twitter:label2\" content=\"Dur\u00e9e de lecture estim\u00e9e\" \/>\n\t<meta name=\"twitter:data2\" content=\"2 minutes\" \/>\n<script type=\"application\/ld+json\" class=\"yoast-schema-graph\">{\"@context\":\"https:\\\/\\\/schema.org\",\"@graph\":[{\"@type\":\"Article\",\"@id\":\"https:\\\/\\\/www.bellunopress.it\\\/2026\\\/05\\\/12\\\/soccorsa-escursionista-bloccata-dalla-neve\\\/#article\",\"isPartOf\":{\"@id\":\"https:\\\/\\\/www.bellunopress.it\\\/2026\\\/05\\\/12\\\/soccorsa-escursionista-bloccata-dalla-neve\\\/\"},\"author\":{\"name\":\"redazione\",\"@id\":\"https:\\\/\\\/www.bellunopress.it\\\/#\\\/schema\\\/person\\\/79bb06722b37ece1c03d3e94beb30d73\"},\"headline\":\"Soccorsa escursionista bloccata dalla neve\",\"datePublished\":\"2026-05-12T17:17:20+00:00\",\"mainEntityOfPage\":{\"@id\":\"https:\\\/\\\/www.bellunopress.it\\\/2026\\\/05\\\/12\\\/soccorsa-escursionista-bloccata-dalla-neve\\\/\"},\"wordCount\":166,\"publisher\":{\"@id\":\"https:\\\/\\\/www.bellunopress.it\\\/#organization\"},\"image\":{\"@id\":\"https:\\\/\\\/www.bellunopress.it\\\/2026\\\/05\\\/12\\\/soccorsa-escursionista-bloccata-dalla-neve\\\/#primaryimage\"},\"thumbnailUrl\":\"https:\\\/\\\/www.bellunopress.it\\\/wp-content\\\/uploads\\\/2019\\\/11\\\/soccorso-alpino.jpg\",\"articleSection\":[\"Cronaca\\\/Politica\"],\"inLanguage\":\"fr-FR\"},{\"@type\":\"WebPage\",\"@id\":\"https:\\\/\\\/www.bellunopress.it\\\/2026\\\/05\\\/12\\\/soccorsa-escursionista-bloccata-dalla-neve\\\/\",\"url\":\"https:\\\/\\\/www.bellunopress.it\\\/2026\\\/05\\\/12\\\/soccorsa-escursionista-bloccata-dalla-neve\\\/\",\"name\":\"Soccorsa escursionista bloccata dalla neve - Bellunopress - Dolomiti\",\"isPartOf\":{\"@id\":\"https:\\\/\\\/www.bellunopress.it\\\/#website\"},\"primaryImageOfPage\":{\"@id\":\"https:\\\/\\\/www.bellunopress.it\\\/2026\\\/05\\\/12\\\/soccorsa-escursionista-bloccata-dalla-neve\\\/#primaryimage\"},\"image\":{\"@id\":\"https:\\\/\\\/www.bellunopress.it\\\/2026\\\/05\\\/12\\\/soccorsa-escursionista-bloccata-dalla-neve\\\/#primaryimage\"},\"thumbnailUrl\":\"https:\\\/\\\/www.bellunopress.it\\\/wp-content\\\/uploads\\\/2019\\\/11\\\/soccorso-alpino.jpg\",\"datePublished\":\"2026-05-12T17:17:20+00:00\",\"breadcrumb\":{\"@id\":\"https:\\\/\\\/www.bellunopress.it\\\/2026\\\/05\\\/12\\\/soccorsa-escursionista-bloccata-dalla-neve\\\/#breadcrumb\"},\"inLanguage\":\"fr-FR\",\"potentialAction\":[{\"@type\":\"ReadAction\",\"target\":[\"https:\\\/\\\/www.bellunopress.it\\\/2026\\\/05\\\/12\\\/soccorsa-escursionista-bloccata-dalla-neve\\\/\"]}]},{\"@type\":\"ImageObject\",\"inLanguage\":\"fr-FR\",\"@id\":\"https:\\\/\\\/www.bellunopress.it\\\/2026\\\/05\\\/12\\\/soccorsa-escursionista-bloccata-dalla-neve\\\/#primaryimage\",\"url\":\"https:\\\/\\\/www.bellunopress.it\\\/wp-content\\\/uploads\\\/2019\\\/11\\\/soccorso-alpino.jpg\",\"contentUrl\":\"https:\\\/\\\/www.bellunopress.it\\\/wp-content\\\/uploads\\\/2019\\\/11\\\/soccorso-alpino.jpg\",\"width\":274,\"height\":300},{\"@type\":\"BreadcrumbList\",\"@id\":\"https:\\\/\\\/www.bellunopress.it\\\/2026\\\/05\\\/12\\\/soccorsa-escursionista-bloccata-dalla-neve\\\/#breadcrumb\",\"itemListElement\":[{\"@type\":\"ListItem\",\"position\":1,\"name\":\"Home\",\"item\":\"https:\\\/\\\/www.bellunopress.it\\\/\"},{\"@type\":\"ListItem\",\"position\":2,\"name\":\"Soccorsa escursionista bloccata dalla neve\"}]},{\"@type\":\"WebSite\",\"@id\":\"https:\\\/\\\/www.bellunopress.it\\\/#website\",\"url\":\"https:\\\/\\\/www.bellunopress.it\\\/\",\"name\":\"Bellunopress - Dolomiti\",\"description\":\"e-mail: redazione@bellunopress.it\",\"publisher\":{\"@id\":\"https:\\\/\\\/www.bellunopress.it\\\/#organization\"},\"potentialAction\":[{\"@type\":\"SearchAction\",\"target\":{\"@type\":\"EntryPoint\",\"urlTemplate\":\"https:\\\/\\\/www.bellunopress.it\\\/?s={search_term_string}\"},\"query-input\":{\"@type\":\"PropertyValueSpecification\",\"valueRequired\":true,\"valueName\":\"search_term_string\"}}],\"inLanguage\":\"fr-FR\"},{\"@type\":\"Organization\",\"@id\":\"https:\\\/\\\/www.bellunopress.it\\\/#organization\",\"name\":\"Bellunopress\",\"url\":\"https:\\\/\\\/www.bellunopress.it\\\/\",\"logo\":{\"@type\":\"ImageObject\",\"inLanguage\":\"fr-FR\",\"@id\":\"https:\\\/\\\/www.bellunopress.it\\\/#\\\/schema\\\/logo\\\/image\\\/\",\"url\":\"https:\\\/\\\/www.bellunopress.it\\\/wp-content\\\/uploads\\\/2011\\\/05\\\/cropped-logo-bellunopress-.jpg\",\"contentUrl\":\"https:\\\/\\\/www.bellunopress.it\\\/wp-content\\\/uploads\\\/2011\\\/05\\\/cropped-logo-bellunopress-.jpg\",\"width\":512,\"height\":512,\"caption\":\"Bellunopress\"},\"image\":{\"@id\":\"https:\\\/\\\/www.bellunopress.it\\\/#\\\/schema\\\/logo\\\/image\\\/\"},\"sameAs\":[\"https:\\\/\\\/www.facebook.com\\\/profile.php?id=100008943462799\",\"https:\\\/\\\/x.com\\\/bellunopress\",\"https:\\\/\\\/www.linkedin.com\\\/hp\\\/?dnr=JBzUWaJfMUw8vbXJJ2tVW5-I3jZKvC4wsoxE&amp;amp;amp;amp;amp;amp;trk=nav_responsive_tab_home\",\"https:\\\/\\\/www.youtube.com\\\/channel\\\/UCxL0wu1uN0_3_7hGG0306cw\"]},{\"@type\":\"Person\",\"@id\":\"https:\\\/\\\/www.bellunopress.it\\\/#\\\/schema\\\/person\\\/79bb06722b37ece1c03d3e94beb30d73\",\"name\":\"redazione\",\"image\":{\"@type\":\"ImageObject\",\"inLanguage\":\"fr-FR\",\"@id\":\"https:\\\/\\\/secure.gravatar.com\\\/avatar\\\/37d968a2e67a6fd04c169c4bdef102d0bc5d31b2546345219e348575eb80e9a0?s=96&d=mm&r=g\",\"url\":\"https:\\\/\\\/secure.gravatar.com\\\/avatar\\\/37d968a2e67a6fd04c169c4bdef102d0bc5d31b2546345219e348575eb80e9a0?s=96&d=mm&r=g\",\"contentUrl\":\"https:\\\/\\\/secure.gravatar.com\\\/avatar\\\/37d968a2e67a6fd04c169c4bdef102d0bc5d31b2546345219e348575eb80e9a0?s=96&d=mm&r=g\",\"caption\":\"redazione\"},\"sameAs\":[\"http:\\\/\\\/www.bellunopress.it\",\"https:\\\/\\\/x.com\\\/bellunopress\"],\"url\":\"https:\\\/\\\/www.bellunopress.it\\\/fr\\\/author\\\/redazione\\\/\"}]}<\/script>\n<!-- \/ Yoast SEO plugin. -->","yoast_head_json":{"title":"Soccorsa escursionista bloccata dalla neve - Bellunopress - Dolomiti","robots":{"index":"index","follow":"follow","max-snippet":"max-snippet:-1","max-image-preview":"max-image-preview:large","max-video-preview":"max-video-preview:-1"},"canonical":"https:\/\/www.bellunopress.it\/fr\/2026\/05\/12\/soccorsa-escursionista-bloccata-dalla-neve\/","og_locale":"fr_FR","og_type":"article","og_title":"Soccorsa escursionista bloccata dalla neve - Bellunopress - Dolomiti","og_description":"Alleghe (BL), 12 &#8211; 05 &#8211; 2026\u00a0 \u00a0Attorno alle 13.40 la Centrale del 118 \u00e8 stata contattata da un&#8217;escursionista in difficolt\u00e0 lungo il sentiero 570 che sale al Lago del Coldai. La trentenne tedesca, senza abbigliamento e calzature adeguate, percorrendo il sentiero di Ru de Porta aveva superato due lingue di neve ed era arrivata [&hellip;]","og_url":"https:\/\/www.bellunopress.it\/fr\/2026\/05\/12\/soccorsa-escursionista-bloccata-dalla-neve\/","og_site_name":"Bellunopress - Dolomiti","article_publisher":"https:\/\/www.facebook.com\/profile.php?id=100008943462799","article_published_time":"2026-05-12T17:17:20+00:00","og_image":[{"width":274,"height":300,"url":"https:\/\/www.bellunopress.it\/wp-content\/uploads\/2019\/11\/soccorso-alpino.jpg","type":"image\/jpeg"}],"author":"redazione","twitter_card":"summary_large_image","twitter_creator":"@bellunopress","twitter_site":"@bellunopress","twitter_misc":{"\u00c9crit par":"redazione","Dur\u00e9e de lecture estim\u00e9e":"2 minutes"},"schema":{"@context":"https:\/\/schema.org","@graph":[{"@type":"Article","@id":"https:\/\/www.bellunopress.it\/2026\/05\/12\/soccorsa-escursionista-bloccata-dalla-neve\/#article","isPartOf":{"@id":"https:\/\/www.bellunopress.it\/2026\/05\/12\/soccorsa-escursionista-bloccata-dalla-neve\/"},"author":{"name":"redazione","@id":"https:\/\/www.bellunopress.it\/#\/schema\/person\/79bb06722b37ece1c03d3e94beb30d73"},"headline":"Soccorsa escursionista bloccata dalla neve","datePublished":"2026-05-12T17:17:20+00:00","mainEntityOfPage":{"@id":"https:\/\/www.bellunopress.it\/2026\/05\/12\/soccorsa-escursionista-bloccata-dalla-neve\/"},"wordCount":166,"publisher":{"@id":"https:\/\/www.bellunopress.it\/#organization"},"image":{"@id":"https:\/\/www.bellunopress.it\/2026\/05\/12\/soccorsa-escursionista-bloccata-dalla-neve\/#primaryimage"},"thumbnailUrl":"https:\/\/www.bellunopress.it\/wp-content\/uploads\/2019\/11\/soccorso-alpino.jpg","articleSection":["Cronaca\/Politica"],"inLanguage":"fr-FR"},{"@type":"WebPage","@id":"https:\/\/www.bellunopress.it\/2026\/05\/12\/soccorsa-escursionista-bloccata-dalla-neve\/","url":"https:\/\/www.bellunopress.it\/2026\/05\/12\/soccorsa-escursionista-bloccata-dalla-neve\/","name":"Soccorsa escursionista bloccata dalla neve - Bellunopress - Dolomiti","isPartOf":{"@id":"https:\/\/www.bellunopress.it\/#website"},"primaryImageOfPage":{"@id":"https:\/\/www.bellunopress.it\/2026\/05\/12\/soccorsa-escursionista-bloccata-dalla-neve\/#primaryimage"},"image":{"@id":"https:\/\/www.bellunopress.it\/2026\/05\/12\/soccorsa-escursionista-bloccata-dalla-neve\/#primaryimage"},"thumbnailUrl":"https:\/\/www.bellunopress.it\/wp-content\/uploads\/2019\/11\/soccorso-alpino.jpg","datePublished":"2026-05-12T17:17:20+00:00","breadcrumb":{"@id":"https:\/\/www.bellunopress.it\/2026\/05\/12\/soccorsa-escursionista-bloccata-dalla-neve\/#breadcrumb"},"inLanguage":"fr-FR","potentialAction":[{"@type":"ReadAction","target":["https:\/\/www.bellunopress.it\/2026\/05\/12\/soccorsa-escursionista-bloccata-dalla-neve\/"]}]},{"@type":"ImageObject","inLanguage":"fr-FR","@id":"https:\/\/www.bellunopress.it\/2026\/05\/12\/soccorsa-escursionista-bloccata-dalla-neve\/#primaryimage","url":"https:\/\/www.bellunopress.it\/wp-content\/uploads\/2019\/11\/soccorso-alpino.jpg","contentUrl":"https:\/\/www.bellunopress.it\/wp-content\/uploads\/2019\/11\/soccorso-alpino.jpg","width":274,"height":300},{"@type":"BreadcrumbList","@id":"https:\/\/www.bellunopress.it\/2026\/05\/12\/soccorsa-escursionista-bloccata-dalla-neve\/#breadcrumb","itemListElement":[{"@type":"ListItem","position":1,"name":"Home","item":"https:\/\/www.bellunopress.it\/"},{"@type":"ListItem","position":2,"name":"Soccorsa escursionista bloccata dalla neve"}]},{"@type":"WebSite","@id":"https:\/\/www.bellunopress.it\/#website","url":"https:\/\/www.bellunopress.it\/","name":"Bellunopress - Dolomiti","description":"e-mail: redazione@bellunopress.it","publisher":{"@id":"https:\/\/www.bellunopress.it\/#organization"},"potentialAction":[{"@type":"SearchAction","target":{"@type":"EntryPoint","urlTemplate":"https:\/\/www.bellunopress.it\/?s={search_term_string}"},"query-input":{"@type":"PropertyValueSpecification","valueRequired":true,"valueName":"search_term_string"}}],"inLanguage":"fr-FR"},{"@type":"Organization","@id":"https:\/\/www.bellunopress.it\/#organization","name":"Bellunopress","url":"https:\/\/www.bellunopress.it\/","logo":{"@type":"ImageObject","inLanguage":"fr-FR","@id":"https:\/\/www.bellunopress.it\/#\/schema\/logo\/image\/","url":"https:\/\/www.bellunopress.it\/wp-content\/uploads\/2011\/05\/cropped-logo-bellunopress-.jpg","contentUrl":"https:\/\/www.bellunopress.it\/wp-content\/uploads\/2011\/05\/cropped-logo-bellunopress-.jpg","width":512,"height":512,"caption":"Bellunopress"},"image":{"@id":"https:\/\/www.bellunopress.it\/#\/schema\/logo\/image\/"},"sameAs":["https:\/\/www.facebook.com\/profile.php?id=100008943462799","https:\/\/x.com\/bellunopress","https:\/\/www.linkedin.com\/hp\/?dnr=JBzUWaJfMUw8vbXJJ2tVW5-I3jZKvC4wsoxE&amp;amp;amp;amp;amp;amp;trk=nav_responsive_tab_home","https:\/\/www.youtube.com\/channel\/UCxL0wu1uN0_3_7hGG0306cw"]},{"@type":"Person","@id":"https:\/\/www.bellunopress.it\/#\/schema\/person\/79bb06722b37ece1c03d3e94beb30d73","name":"r\u00e9daction","image":{"@type":"ImageObject","inLanguage":"fr-FR","@id":"https:\/\/secure.gravatar.com\/avatar\/37d968a2e67a6fd04c169c4bdef102d0bc5d31b2546345219e348575eb80e9a0?s=96&d=mm&r=g","url":"https:\/\/secure.gravatar.com\/avatar\/37d968a2e67a6fd04c169c4bdef102d0bc5d31b2546345219e348575eb80e9a0?s=96&d=mm&r=g","contentUrl":"https:\/\/secure.gravatar.com\/avatar\/37d968a2e67a6fd04c169c4bdef102d0bc5d31b2546345219e348575eb80e9a0?s=96&d=mm&r=g","caption":"redazione"},"sameAs":["http:\/\/www.bellunopress.it","https:\/\/x.com\/bellunopress"],"url":"https:\/\/www.bellunopress.it\/fr\/author\/redazione\/"}]}},"_links":{"self":[{"href":"https:\/\/www.bellunopress.it\/fr\/wp-json\/wp\/v2\/posts\/170058","targetHints":{"allow":["GET"]}}],"collection":[{"href":"https:\/\/www.bellunopress.it\/fr\/wp-json\/wp\/v2\/posts"}],"about":[{"href":"https:\/\/www.bellunopress.it\/fr\/wp-json\/wp\/v2\/types\/post"}],"author":[{"embeddable":true,"href":"https:\/\/www.bellunopress.it\/fr\/wp-json\/wp\/v2\/users\/2"}],"replies":[{"embeddable":true,"href":"https:\/\/www.bellunopress.it\/fr\/wp-json\/wp\/v2\/comments?post=170058"}],"version-history":[{"count":1,"href":"https:\/\/www.bellunopress.it\/fr\/wp-json\/wp\/v2\/posts\/170058\/revisions"}],"predecessor-version":[{"id":170059,"href":"https:\/\/www.bellunopress.it\/fr\/wp-json\/wp\/v2\/posts\/170058\/revisions\/170059"}],"wp:featuredmedia":[{"embeddable":true,"href":"https:\/\/www.bellunopress.it\/fr\/wp-json\/wp\/v2\/media\/109276"}],"wp:attachment":[{"href":"https:\/\/www.bellunopress.it\/fr\/wp-json\/wp\/v2\/media?parent=170058"}],"wp:term":[{"taxonomy":"category","embeddable":true,"href":"https:\/\/www.bellunopress.it\/fr\/wp-json\/wp\/v2\/categories?post=170058"},{"taxonomy":"post_tag","embeddable":true,"href":"https:\/\/www.bellunopress.it\/fr\/wp-json\/wp\/v2\/tags?post=170058"}],"curies":[{"name":"wp","href":"https:\/\/api.w.org\/{rel}","templated":true}]}}