{"id":170053,"date":"2026-05-12T15:59:54","date_gmt":"2026-05-12T13:59:54","guid":{"rendered":"https:\/\/www.bellunopress.it\/?p=170053"},"modified":"2026-05-12T15:59:54","modified_gmt":"2026-05-12T13:59:54","slug":"maltempo-in-veneto-venturini-fenomeni-intensi-e-anomali-per-il-periodo-fondamentale-rafforzare-monitoraggio-e-prevenzione","status":"publish","type":"post","link":"https:\/\/www.bellunopress.it\/fr\/2026\/05\/12\/maltempo-in-veneto-venturini-fenomeni-intensi-e-anomali-per-il-periodo-fondamentale-rafforzare-monitoraggio-e-prevenzione\/","title":{"rendered":"Maltempo in Veneto, Venturini: &#8220;Fenomeni intensi e anomali per il periodo, fondamentale rafforzare monitoraggio e prevenzione&#8221;"},"content":{"rendered":"<p>Venezia, 12 maggio 2026 &#8211;\u00a0&#8220;Quello registrato nel pomeriggio e nella serata di luned\u00ec 11 maggio \u00e8 stato il primo importante episodio temporalesco della stagione primaverile-estiva 2026 e ha presentato caratteristiche di forte intensit\u00e0 e in parte anomale per questo periodo dell&#8217;anno&#8221;. Lo dichiara l&#8217;assessore regionale all&#8217;Ambiente e al clima del Veneto Elisa Venturini commentando il resoconto elaborato dai sistemi di monitoraggio di ARPAV sui fenomeni che hanno interessato gran parte del territorio regionale tra la Pedemontana e la pianura centrale.<\/p>\n<p>Le aree maggiormente colpite sono risultate la fascia pedemontana e l&#8217;alta pianura veronese, il Trevigiano e l&#8217;alto Veneziano, dove tra le 16 e le 19 si sono sviluppate celle temporalesche particolarmente intense, in alcuni casi classificabili come supercelle, accompagnate da forti raffiche di vento, grandinate anche di grosse dimensioni e rovesci concentrati in tempi molto brevi.<\/p>\n<p>&#8220;I dati raccolti evidenziano precipitazioni generalmente comprese tra 10 e 30 millimetri, ma con picchi localmente superiori lungo la fascia pedemontana. A colpire maggiormente sono state soprattutto le raffiche di vento, che hanno raggiunto valori molto elevati: 116 km\/h a Salizzole, 84 km\/h a Sorg\u00e0 e 81 km\/h a Lonigo. \u00c8 inoltre probabile che in alcune aree si siano registrate raffiche ancora superiori rispetto a quelle rilevate dalla rete di monitoraggio&#8221;, sottolinea Venturini.<\/p>\n<p>Numerose anche le segnalazioni di grandinate, con chicchi generalmente inferiori ai due centimetri ma in alcuni casi compresi tra i 2 e i 5 centimetri, caratterizzati da forme irregolari tipiche dei sistemi temporaleschi pi\u00f9 organizzati e violenti.<\/p>\n<p>&#8220;L&#8217;aspetto pi\u00f9 significativo di questo evento \u2013 prosegue l&#8217;assessore \u2013 \u00e8 rappresentato dall&#8217;anomalia delle condizioni in cui si \u00e8 sviluppato. Pur in presenza di un quadro atmosferico instabile, mancavano diversi elementi che normalmente favoriscono fenomeni cos\u00ec intensi, a partire dalle temperature al suolo, che nel pomeriggio erano comprese tra i 22 e i 24 gradi. Si tratta quindi di un episodio che conferma quanto gli eventi meteorologici stiano diventando sempre pi\u00f9 imprevedibili e concentrati&#8221;.<\/p>\n<p>Venturini evidenzia infine il ruolo fondamentale del sistema regionale di monitoraggio e della prevenzione: &#8220;Il bollettino Meteo Veneto aveva gi\u00e0 segnalato la possibilit\u00e0 di fenomeni localmente intensi. Continueremo a investire nel monitoraggio meteorologico, nella prevenzione e nel coordinamento con il sistema di protezione civile, perch\u00e9 la rapidit\u00e0 con cui si sviluppano questi eventi richiede strumenti sempre pi\u00f9 efficaci e una costante attenzione alla sicurezza del territorio e dei cittadini&#8221;.<\/p>\n<p>&nbsp;<\/p>","protected":false},"excerpt":{"rendered":"<p>Venezia, 12 maggio 2026 &#8211;\u00a0&#8220;Quello registrato nel pomeriggio e nella serata di luned\u00ec 11 maggio \u00e8 stato il primo importante episodio temporalesco della stagione primaverile-estiva 2026 e ha presentato caratteristiche di forte intensit\u00e0 e in parte anomale per questo periodo dell&#8217;anno&#8221;. Lo dichiara l&#8217;assessore regionale all&#8217;Ambiente e al clima del Veneto Elisa Venturini commentando il [&hellip;]<\/p>\n","protected":false},"author":2,"featured_media":129332,"comment_status":"closed","ping_status":"open","sticky":false,"template":"","format":"standard","meta":{"footnotes":""},"categories":[5,38],"tags":[],"class_list":["post-170053","post","type-post","status-publish","format-standard","has-post-thumbnail","category-cronaca","category-natura-ambiente"],"yoast_head":"<!-- This site is optimized with the Yoast SEO plugin v28.4 - https:\/\/yoast.com\/product\/yoast-seo-wordpress\/ -->\n<title>Maltempo in Veneto, Venturini: &quot;Fenomeni intensi e anomali per il periodo, fondamentale rafforzare monitoraggio e prevenzione&quot; - Bellunopress - Dolomiti<\/title>\n<meta name=\"robots\" content=\"index, follow, max-snippet:-1, max-image-preview:large, max-video-preview:-1\" \/>\n<link rel=\"canonical\" href=\"https:\/\/www.bellunopress.it\/fr\/2026\/05\/12\/maltempo-in-veneto-venturini-fenomeni-intensi-e-anomali-per-il-periodo-fondamentale-rafforzare-monitoraggio-e-prevenzione\/\" \/>\n<meta property=\"og:locale\" content=\"fr_FR\" \/>\n<meta property=\"og:type\" content=\"article\" \/>\n<meta property=\"og:title\" content=\"Maltempo in Veneto, Venturini: &quot;Fenomeni intensi e anomali per il periodo, fondamentale rafforzare monitoraggio e prevenzione&quot; - Bellunopress - Dolomiti\" \/>\n<meta property=\"og:description\" content=\"Venezia, 12 maggio 2026 &#8211;\u00a0&#8220;Quello registrato nel pomeriggio e nella serata di luned\u00ec 11 maggio \u00e8 stato il primo importante episodio temporalesco della stagione primaverile-estiva 2026 e ha presentato caratteristiche di forte intensit\u00e0 e in parte anomale per questo periodo dell&#8217;anno&#8221;. Lo dichiara l&#8217;assessore regionale all&#8217;Ambiente e al clima del Veneto Elisa Venturini commentando il [&hellip;]\" \/>\n<meta property=\"og:url\" content=\"https:\/\/www.bellunopress.it\/fr\/2026\/05\/12\/maltempo-in-veneto-venturini-fenomeni-intensi-e-anomali-per-il-periodo-fondamentale-rafforzare-monitoraggio-e-prevenzione\/\" \/>\n<meta property=\"og:site_name\" content=\"Bellunopress - Dolomiti\" \/>\n<meta property=\"article:publisher\" content=\"https:\/\/www.facebook.com\/profile.php?id=100008943462799\" \/>\n<meta property=\"article:published_time\" content=\"2026-05-12T13:59:54+00:00\" \/>\n<meta property=\"og:image\" content=\"https:\/\/www.bellunopress.it\/wp-content\/uploads\/2021\/11\/Elisa-Venturini_edited.jpg\" \/>\n\t<meta property=\"og:image:width\" content=\"413\" \/>\n\t<meta property=\"og:image:height\" content=\"598\" \/>\n\t<meta property=\"og:image:type\" content=\"image\/jpeg\" \/>\n<meta name=\"author\" content=\"redazione\" \/>\n<meta name=\"twitter:card\" content=\"summary_large_image\" \/>\n<meta name=\"twitter:creator\" content=\"@bellunopress\" \/>\n<meta name=\"twitter:site\" content=\"@bellunopress\" \/>\n<meta name=\"twitter:label1\" content=\"Written by\" \/>\n\t<meta name=\"twitter:data1\" content=\"redazione\" \/>\n\t<meta name=\"twitter:label2\" content=\"Est. reading time\" \/>\n\t<meta name=\"twitter:data2\" content=\"3 minutes\" \/>\n<script type=\"application\/ld+json\" class=\"yoast-schema-graph\">{\"@context\":\"https:\\\/\\\/schema.org\",\"@graph\":[{\"@type\":\"Article\",\"@id\":\"https:\\\/\\\/www.bellunopress.it\\\/2026\\\/05\\\/12\\\/maltempo-in-veneto-venturini-fenomeni-intensi-e-anomali-per-il-periodo-fondamentale-rafforzare-monitoraggio-e-prevenzione\\\/#article\",\"isPartOf\":{\"@id\":\"https:\\\/\\\/www.bellunopress.it\\\/2026\\\/05\\\/12\\\/maltempo-in-veneto-venturini-fenomeni-intensi-e-anomali-per-il-periodo-fondamentale-rafforzare-monitoraggio-e-prevenzione\\\/\"},\"author\":{\"name\":\"redazione\",\"@id\":\"https:\\\/\\\/www.bellunopress.it\\\/#\\\/schema\\\/person\\\/79bb06722b37ece1c03d3e94beb30d73\"},\"headline\":\"Maltempo in Veneto, Venturini: &#8220;Fenomeni intensi e anomali per il periodo, fondamentale rafforzare monitoraggio e prevenzione&#8221;\",\"datePublished\":\"2026-05-12T13:59:54+00:00\",\"mainEntityOfPage\":{\"@id\":\"https:\\\/\\\/www.bellunopress.it\\\/2026\\\/05\\\/12\\\/maltempo-in-veneto-venturini-fenomeni-intensi-e-anomali-per-il-periodo-fondamentale-rafforzare-monitoraggio-e-prevenzione\\\/\"},\"wordCount\":397,\"publisher\":{\"@id\":\"https:\\\/\\\/www.bellunopress.it\\\/#organization\"},\"image\":{\"@id\":\"https:\\\/\\\/www.bellunopress.it\\\/2026\\\/05\\\/12\\\/maltempo-in-veneto-venturini-fenomeni-intensi-e-anomali-per-il-periodo-fondamentale-rafforzare-monitoraggio-e-prevenzione\\\/#primaryimage\"},\"thumbnailUrl\":\"https:\\\/\\\/www.bellunopress.it\\\/wp-content\\\/uploads\\\/2021\\\/11\\\/Elisa-Venturini_edited.jpg\",\"articleSection\":[\"Cronaca\\\/Politica\",\"Meteo, natura, ambiente, animali\"],\"inLanguage\":\"fr-FR\"},{\"@type\":\"WebPage\",\"@id\":\"https:\\\/\\\/www.bellunopress.it\\\/2026\\\/05\\\/12\\\/maltempo-in-veneto-venturini-fenomeni-intensi-e-anomali-per-il-periodo-fondamentale-rafforzare-monitoraggio-e-prevenzione\\\/\",\"url\":\"https:\\\/\\\/www.bellunopress.it\\\/2026\\\/05\\\/12\\\/maltempo-in-veneto-venturini-fenomeni-intensi-e-anomali-per-il-periodo-fondamentale-rafforzare-monitoraggio-e-prevenzione\\\/\",\"name\":\"Maltempo in Veneto, Venturini: \\\"Fenomeni intensi e anomali per il periodo, fondamentale rafforzare monitoraggio e prevenzione\\\" - Bellunopress - Dolomiti\",\"isPartOf\":{\"@id\":\"https:\\\/\\\/www.bellunopress.it\\\/#website\"},\"primaryImageOfPage\":{\"@id\":\"https:\\\/\\\/www.bellunopress.it\\\/2026\\\/05\\\/12\\\/maltempo-in-veneto-venturini-fenomeni-intensi-e-anomali-per-il-periodo-fondamentale-rafforzare-monitoraggio-e-prevenzione\\\/#primaryimage\"},\"image\":{\"@id\":\"https:\\\/\\\/www.bellunopress.it\\\/2026\\\/05\\\/12\\\/maltempo-in-veneto-venturini-fenomeni-intensi-e-anomali-per-il-periodo-fondamentale-rafforzare-monitoraggio-e-prevenzione\\\/#primaryimage\"},\"thumbnailUrl\":\"https:\\\/\\\/www.bellunopress.it\\\/wp-content\\\/uploads\\\/2021\\\/11\\\/Elisa-Venturini_edited.jpg\",\"datePublished\":\"2026-05-12T13:59:54+00:00\",\"breadcrumb\":{\"@id\":\"https:\\\/\\\/www.bellunopress.it\\\/2026\\\/05\\\/12\\\/maltempo-in-veneto-venturini-fenomeni-intensi-e-anomali-per-il-periodo-fondamentale-rafforzare-monitoraggio-e-prevenzione\\\/#breadcrumb\"},\"inLanguage\":\"fr-FR\",\"potentialAction\":[{\"@type\":\"ReadAction\",\"target\":[\"https:\\\/\\\/www.bellunopress.it\\\/2026\\\/05\\\/12\\\/maltempo-in-veneto-venturini-fenomeni-intensi-e-anomali-per-il-periodo-fondamentale-rafforzare-monitoraggio-e-prevenzione\\\/\"]}]},{\"@type\":\"ImageObject\",\"inLanguage\":\"fr-FR\",\"@id\":\"https:\\\/\\\/www.bellunopress.it\\\/2026\\\/05\\\/12\\\/maltempo-in-veneto-venturini-fenomeni-intensi-e-anomali-per-il-periodo-fondamentale-rafforzare-monitoraggio-e-prevenzione\\\/#primaryimage\",\"url\":\"https:\\\/\\\/www.bellunopress.it\\\/wp-content\\\/uploads\\\/2021\\\/11\\\/Elisa-Venturini_edited.jpg\",\"contentUrl\":\"https:\\\/\\\/www.bellunopress.it\\\/wp-content\\\/uploads\\\/2021\\\/11\\\/Elisa-Venturini_edited.jpg\",\"width\":413,\"height\":598,\"caption\":\"Elisa Venturini - Assessore regionale all'Ambiente e alla Protezione Civile\"},{\"@type\":\"BreadcrumbList\",\"@id\":\"https:\\\/\\\/www.bellunopress.it\\\/2026\\\/05\\\/12\\\/maltempo-in-veneto-venturini-fenomeni-intensi-e-anomali-per-il-periodo-fondamentale-rafforzare-monitoraggio-e-prevenzione\\\/#breadcrumb\",\"itemListElement\":[{\"@type\":\"ListItem\",\"position\":1,\"name\":\"Home\",\"item\":\"https:\\\/\\\/www.bellunopress.it\\\/\"},{\"@type\":\"ListItem\",\"position\":2,\"name\":\"Maltempo in Veneto, Venturini: &#8220;Fenomeni intensi e anomali per il periodo, fondamentale rafforzare monitoraggio e prevenzione&#8221;\"}]},{\"@type\":\"WebSite\",\"@id\":\"https:\\\/\\\/www.bellunopress.it\\\/#website\",\"url\":\"https:\\\/\\\/www.bellunopress.it\\\/\",\"name\":\"Bellunopress - Dolomiti\",\"description\":\"e-mail: redazione@bellunopress.it\",\"publisher\":{\"@id\":\"https:\\\/\\\/www.bellunopress.it\\\/#organization\"},\"potentialAction\":[{\"@type\":\"SearchAction\",\"target\":{\"@type\":\"EntryPoint\",\"urlTemplate\":\"https:\\\/\\\/www.bellunopress.it\\\/?s={search_term_string}\"},\"query-input\":{\"@type\":\"PropertyValueSpecification\",\"valueRequired\":true,\"valueName\":\"search_term_string\"}}],\"inLanguage\":\"fr-FR\"},{\"@type\":\"Organization\",\"@id\":\"https:\\\/\\\/www.bellunopress.it\\\/#organization\",\"name\":\"Bellunopress\",\"url\":\"https:\\\/\\\/www.bellunopress.it\\\/\",\"logo\":{\"@type\":\"ImageObject\",\"inLanguage\":\"fr-FR\",\"@id\":\"https:\\\/\\\/www.bellunopress.it\\\/#\\\/schema\\\/logo\\\/image\\\/\",\"url\":\"https:\\\/\\\/www.bellunopress.it\\\/wp-content\\\/uploads\\\/2011\\\/05\\\/cropped-logo-bellunopress-.jpg\",\"contentUrl\":\"https:\\\/\\\/www.bellunopress.it\\\/wp-content\\\/uploads\\\/2011\\\/05\\\/cropped-logo-bellunopress-.jpg\",\"width\":512,\"height\":512,\"caption\":\"Bellunopress\"},\"image\":{\"@id\":\"https:\\\/\\\/www.bellunopress.it\\\/#\\\/schema\\\/logo\\\/image\\\/\"},\"sameAs\":[\"https:\\\/\\\/www.facebook.com\\\/profile.php?id=100008943462799\",\"https:\\\/\\\/x.com\\\/bellunopress\",\"https:\\\/\\\/www.linkedin.com\\\/hp\\\/?dnr=JBzUWaJfMUw8vbXJJ2tVW5-I3jZKvC4wsoxE&amp;amp;amp;amp;amp;amp;trk=nav_responsive_tab_home\",\"https:\\\/\\\/www.youtube.com\\\/channel\\\/UCxL0wu1uN0_3_7hGG0306cw\"]},{\"@type\":\"Person\",\"@id\":\"https:\\\/\\\/www.bellunopress.it\\\/#\\\/schema\\\/person\\\/79bb06722b37ece1c03d3e94beb30d73\",\"name\":\"redazione\",\"image\":{\"@type\":\"ImageObject\",\"inLanguage\":\"fr-FR\",\"@id\":\"https:\\\/\\\/secure.gravatar.com\\\/avatar\\\/37d968a2e67a6fd04c169c4bdef102d0bc5d31b2546345219e348575eb80e9a0?s=96&d=mm&r=g\",\"url\":\"https:\\\/\\\/secure.gravatar.com\\\/avatar\\\/37d968a2e67a6fd04c169c4bdef102d0bc5d31b2546345219e348575eb80e9a0?s=96&d=mm&r=g\",\"contentUrl\":\"https:\\\/\\\/secure.gravatar.com\\\/avatar\\\/37d968a2e67a6fd04c169c4bdef102d0bc5d31b2546345219e348575eb80e9a0?s=96&d=mm&r=g\",\"caption\":\"redazione\"},\"sameAs\":[\"http:\\\/\\\/www.bellunopress.it\",\"https:\\\/\\\/x.com\\\/bellunopress\"],\"url\":\"https:\\\/\\\/www.bellunopress.it\\\/fr\\\/author\\\/redazione\\\/\"}]}<\/script>\n<!-- \/ Yoast SEO plugin. -->","yoast_head_json":{"title":"Maltempo in Veneto, Venturini: \"Fenomeni intensi e anomali per il periodo, fondamentale rafforzare monitoraggio e prevenzione\" - Bellunopress - Dolomiti","robots":{"index":"index","follow":"follow","max-snippet":"max-snippet:-1","max-image-preview":"max-image-preview:large","max-video-preview":"max-video-preview:-1"},"canonical":"https:\/\/www.bellunopress.it\/fr\/2026\/05\/12\/maltempo-in-veneto-venturini-fenomeni-intensi-e-anomali-per-il-periodo-fondamentale-rafforzare-monitoraggio-e-prevenzione\/","og_locale":"fr_FR","og_type":"article","og_title":"Maltempo in Veneto, Venturini: \"Fenomeni intensi e anomali per il periodo, fondamentale rafforzare monitoraggio e prevenzione\" - Bellunopress - Dolomiti","og_description":"Venezia, 12 maggio 2026 &#8211;\u00a0&#8220;Quello registrato nel pomeriggio e nella serata di luned\u00ec 11 maggio \u00e8 stato il primo importante episodio temporalesco della stagione primaverile-estiva 2026 e ha presentato caratteristiche di forte intensit\u00e0 e in parte anomale per questo periodo dell&#8217;anno&#8221;. Lo dichiara l&#8217;assessore regionale all&#8217;Ambiente e al clima del Veneto Elisa Venturini commentando il [&hellip;]","og_url":"https:\/\/www.bellunopress.it\/fr\/2026\/05\/12\/maltempo-in-veneto-venturini-fenomeni-intensi-e-anomali-per-il-periodo-fondamentale-rafforzare-monitoraggio-e-prevenzione\/","og_site_name":"Bellunopress - Dolomiti","article_publisher":"https:\/\/www.facebook.com\/profile.php?id=100008943462799","article_published_time":"2026-05-12T13:59:54+00:00","og_image":[{"width":413,"height":598,"url":"https:\/\/www.bellunopress.it\/wp-content\/uploads\/2021\/11\/Elisa-Venturini_edited.jpg","type":"image\/jpeg"}],"author":"redazione","twitter_card":"summary_large_image","twitter_creator":"@bellunopress","twitter_site":"@bellunopress","twitter_misc":{"Written by":"redazione","Est. reading time":"3 minutes"},"schema":{"@context":"https:\/\/schema.org","@graph":[{"@type":"Article","@id":"https:\/\/www.bellunopress.it\/2026\/05\/12\/maltempo-in-veneto-venturini-fenomeni-intensi-e-anomali-per-il-periodo-fondamentale-rafforzare-monitoraggio-e-prevenzione\/#article","isPartOf":{"@id":"https:\/\/www.bellunopress.it\/2026\/05\/12\/maltempo-in-veneto-venturini-fenomeni-intensi-e-anomali-per-il-periodo-fondamentale-rafforzare-monitoraggio-e-prevenzione\/"},"author":{"name":"redazione","@id":"https:\/\/www.bellunopress.it\/#\/schema\/person\/79bb06722b37ece1c03d3e94beb30d73"},"headline":"Maltempo in Veneto, Venturini: &#8220;Fenomeni intensi e anomali per il periodo, fondamentale rafforzare monitoraggio e prevenzione&#8221;","datePublished":"2026-05-12T13:59:54+00:00","mainEntityOfPage":{"@id":"https:\/\/www.bellunopress.it\/2026\/05\/12\/maltempo-in-veneto-venturini-fenomeni-intensi-e-anomali-per-il-periodo-fondamentale-rafforzare-monitoraggio-e-prevenzione\/"},"wordCount":397,"publisher":{"@id":"https:\/\/www.bellunopress.it\/#organization"},"image":{"@id":"https:\/\/www.bellunopress.it\/2026\/05\/12\/maltempo-in-veneto-venturini-fenomeni-intensi-e-anomali-per-il-periodo-fondamentale-rafforzare-monitoraggio-e-prevenzione\/#primaryimage"},"thumbnailUrl":"https:\/\/www.bellunopress.it\/wp-content\/uploads\/2021\/11\/Elisa-Venturini_edited.jpg","articleSection":["Cronaca\/Politica","Meteo, natura, ambiente, animali"],"inLanguage":"fr-FR"},{"@type":"WebPage","@id":"https:\/\/www.bellunopress.it\/2026\/05\/12\/maltempo-in-veneto-venturini-fenomeni-intensi-e-anomali-per-il-periodo-fondamentale-rafforzare-monitoraggio-e-prevenzione\/","url":"https:\/\/www.bellunopress.it\/2026\/05\/12\/maltempo-in-veneto-venturini-fenomeni-intensi-e-anomali-per-il-periodo-fondamentale-rafforzare-monitoraggio-e-prevenzione\/","name":"Maltempo in Veneto, Venturini: \"Fenomeni intensi e anomali per il periodo, fondamentale rafforzare monitoraggio e prevenzione\" - Bellunopress - Dolomiti","isPartOf":{"@id":"https:\/\/www.bellunopress.it\/#website"},"primaryImageOfPage":{"@id":"https:\/\/www.bellunopress.it\/2026\/05\/12\/maltempo-in-veneto-venturini-fenomeni-intensi-e-anomali-per-il-periodo-fondamentale-rafforzare-monitoraggio-e-prevenzione\/#primaryimage"},"image":{"@id":"https:\/\/www.bellunopress.it\/2026\/05\/12\/maltempo-in-veneto-venturini-fenomeni-intensi-e-anomali-per-il-periodo-fondamentale-rafforzare-monitoraggio-e-prevenzione\/#primaryimage"},"thumbnailUrl":"https:\/\/www.bellunopress.it\/wp-content\/uploads\/2021\/11\/Elisa-Venturini_edited.jpg","datePublished":"2026-05-12T13:59:54+00:00","breadcrumb":{"@id":"https:\/\/www.bellunopress.it\/2026\/05\/12\/maltempo-in-veneto-venturini-fenomeni-intensi-e-anomali-per-il-periodo-fondamentale-rafforzare-monitoraggio-e-prevenzione\/#breadcrumb"},"inLanguage":"fr-FR","potentialAction":[{"@type":"ReadAction","target":["https:\/\/www.bellunopress.it\/2026\/05\/12\/maltempo-in-veneto-venturini-fenomeni-intensi-e-anomali-per-il-periodo-fondamentale-rafforzare-monitoraggio-e-prevenzione\/"]}]},{"@type":"ImageObject","inLanguage":"fr-FR","@id":"https:\/\/www.bellunopress.it\/2026\/05\/12\/maltempo-in-veneto-venturini-fenomeni-intensi-e-anomali-per-il-periodo-fondamentale-rafforzare-monitoraggio-e-prevenzione\/#primaryimage","url":"https:\/\/www.bellunopress.it\/wp-content\/uploads\/2021\/11\/Elisa-Venturini_edited.jpg","contentUrl":"https:\/\/www.bellunopress.it\/wp-content\/uploads\/2021\/11\/Elisa-Venturini_edited.jpg","width":413,"height":598,"caption":"Elisa Venturini - Assessore regionale all'Ambiente e alla Protezione Civile"},{"@type":"BreadcrumbList","@id":"https:\/\/www.bellunopress.it\/2026\/05\/12\/maltempo-in-veneto-venturini-fenomeni-intensi-e-anomali-per-il-periodo-fondamentale-rafforzare-monitoraggio-e-prevenzione\/#breadcrumb","itemListElement":[{"@type":"ListItem","position":1,"name":"Home","item":"https:\/\/www.bellunopress.it\/"},{"@type":"ListItem","position":2,"name":"Maltempo in Veneto, Venturini: &#8220;Fenomeni intensi e anomali per il periodo, fondamentale rafforzare monitoraggio e prevenzione&#8221;"}]},{"@type":"WebSite","@id":"https:\/\/www.bellunopress.it\/#website","url":"https:\/\/www.bellunopress.it\/","name":"Bellunopress - Dolomiti","description":"e-mail: redazione@bellunopress.it","publisher":{"@id":"https:\/\/www.bellunopress.it\/#organization"},"potentialAction":[{"@type":"SearchAction","target":{"@type":"EntryPoint","urlTemplate":"https:\/\/www.bellunopress.it\/?s={search_term_string}"},"query-input":{"@type":"PropertyValueSpecification","valueRequired":true,"valueName":"search_term_string"}}],"inLanguage":"fr-FR"},{"@type":"Organization","@id":"https:\/\/www.bellunopress.it\/#organization","name":"Bellunopress","url":"https:\/\/www.bellunopress.it\/","logo":{"@type":"ImageObject","inLanguage":"fr-FR","@id":"https:\/\/www.bellunopress.it\/#\/schema\/logo\/image\/","url":"https:\/\/www.bellunopress.it\/wp-content\/uploads\/2011\/05\/cropped-logo-bellunopress-.jpg","contentUrl":"https:\/\/www.bellunopress.it\/wp-content\/uploads\/2011\/05\/cropped-logo-bellunopress-.jpg","width":512,"height":512,"caption":"Bellunopress"},"image":{"@id":"https:\/\/www.bellunopress.it\/#\/schema\/logo\/image\/"},"sameAs":["https:\/\/www.facebook.com\/profile.php?id=100008943462799","https:\/\/x.com\/bellunopress","https:\/\/www.linkedin.com\/hp\/?dnr=JBzUWaJfMUw8vbXJJ2tVW5-I3jZKvC4wsoxE&amp;amp;amp;amp;amp;amp;trk=nav_responsive_tab_home","https:\/\/www.youtube.com\/channel\/UCxL0wu1uN0_3_7hGG0306cw"]},{"@type":"Person","@id":"https:\/\/www.bellunopress.it\/#\/schema\/person\/79bb06722b37ece1c03d3e94beb30d73","name":"r\u00e9daction","image":{"@type":"ImageObject","inLanguage":"fr-FR","@id":"https:\/\/secure.gravatar.com\/avatar\/37d968a2e67a6fd04c169c4bdef102d0bc5d31b2546345219e348575eb80e9a0?s=96&d=mm&r=g","url":"https:\/\/secure.gravatar.com\/avatar\/37d968a2e67a6fd04c169c4bdef102d0bc5d31b2546345219e348575eb80e9a0?s=96&d=mm&r=g","contentUrl":"https:\/\/secure.gravatar.com\/avatar\/37d968a2e67a6fd04c169c4bdef102d0bc5d31b2546345219e348575eb80e9a0?s=96&d=mm&r=g","caption":"redazione"},"sameAs":["http:\/\/www.bellunopress.it","https:\/\/x.com\/bellunopress"],"url":"https:\/\/www.bellunopress.it\/fr\/author\/redazione\/"}]}},"_links":{"self":[{"href":"https:\/\/www.bellunopress.it\/fr\/wp-json\/wp\/v2\/posts\/170053","targetHints":{"allow":["GET"]}}],"collection":[{"href":"https:\/\/www.bellunopress.it\/fr\/wp-json\/wp\/v2\/posts"}],"about":[{"href":"https:\/\/www.bellunopress.it\/fr\/wp-json\/wp\/v2\/types\/post"}],"author":[{"embeddable":true,"href":"https:\/\/www.bellunopress.it\/fr\/wp-json\/wp\/v2\/users\/2"}],"replies":[{"embeddable":true,"href":"https:\/\/www.bellunopress.it\/fr\/wp-json\/wp\/v2\/comments?post=170053"}],"version-history":[{"count":1,"href":"https:\/\/www.bellunopress.it\/fr\/wp-json\/wp\/v2\/posts\/170053\/revisions"}],"predecessor-version":[{"id":170054,"href":"https:\/\/www.bellunopress.it\/fr\/wp-json\/wp\/v2\/posts\/170053\/revisions\/170054"}],"wp:featuredmedia":[{"embeddable":true,"href":"https:\/\/www.bellunopress.it\/fr\/wp-json\/wp\/v2\/media\/129332"}],"wp:attachment":[{"href":"https:\/\/www.bellunopress.it\/fr\/wp-json\/wp\/v2\/media?parent=170053"}],"wp:term":[{"taxonomy":"category","embeddable":true,"href":"https:\/\/www.bellunopress.it\/fr\/wp-json\/wp\/v2\/categories?post=170053"},{"taxonomy":"post_tag","embeddable":true,"href":"https:\/\/www.bellunopress.it\/fr\/wp-json\/wp\/v2\/tags?post=170053"}],"curies":[{"name":"wp","href":"https:\/\/api.w.org\/{rel}","templated":true}]}}