{"id":170050,"date":"2026-05-12T15:32:10","date_gmt":"2026-05-12T13:32:10","guid":{"rendered":"https:\/\/www.bellunopress.it\/?p=170050"},"modified":"2026-05-12T15:32:10","modified_gmt":"2026-05-12T13:32:10","slug":"luiss-business-school-si-insedia-a-belluno-il-nuovo-advisory-board-per-lhub-veneto","status":"publish","type":"post","link":"https:\/\/www.bellunopress.it\/fr\/2026\/05\/12\/luiss-business-school-si-insedia-a-belluno-il-nuovo-advisory-board-per-lhub-veneto\/","title":{"rendered":"Luiss Business School: si insedia a Belluno il nuovo Advisory Board per l&#8217;Hub Veneto"},"content":{"rendered":"<p data-path-to-node=\"2\">Belluno, 12\/05\/2026\u00a0 &#8211;\u00a0 \u00c8 stato presentato ufficialmente oggi a Palazzo Bembo il nuovo Corporate Advisory Board della Luiss Business School per l\u2019Hub Veneto delle Dolomiti. L\u2019organismo ha l\u2019obiettivo di raccordare l\u2019offerta formativa della scuola con le esigenze dirette del sistema produttivo del Nordest, in un contesto economico segnato dalle transizioni tecnologiche e dalle dinamiche post-olimpiche.<\/p>\n<p data-path-to-node=\"4\">Alla presentazione della squadra hanno partecipato Lorraine Berton, Presidente di Confindustria Belluno Dolomiti, Luigi Abete, Presidente di Luiss Business School, e il Dean Raffaele Oriani.<\/p>\n<p data-path-to-node=\"5\">La composizione del board Il nuovo gruppo di consulenza strategica, oltre alla stessa Lorraine Berton, vede il coinvolgimento di figure di primo piano del mondo imprenditoriale: Alberto Baban (Presidente VeNetWork), Michela Cecotti (Presidente Sultan), Mario De Vivo (CEO di DEVIVO Brand Links), Piero Garbellotto (AD Garbellotto SpA) e Alessandro Lunelli (Vicepresidente Ferrari Trento).<\/p>\n<p data-path-to-node=\"6\"><b data-path-to-node=\"6\" data-index-in-node=\"0\">Gli obiettivi strategici<\/b> Il compito principale della cabina di regia sar\u00e0 mappare i fabbisogni delle imprese locali per definire percorsi formativi mirati. Tra le priorit\u00e0 identificate figurano l\u2019integrazione dell\u2019intelligenza artificiale nei processi manifatturieri, la gestione della competitivit\u00e0 in scenari geopolitici instabili e il mantenimento delle competenze sul territorio.<\/p>\n<p data-path-to-node=\"7\">&#8220;La manifattura del Nordest richiede una formazione capace di anticipare i temi del mercato&#8221;, ha dichiarato Lorraine Berton durante l&#8217;incontro. &#8220;L\u2019obiettivo \u00e8 creare percorsi di qualit\u00e0 che permettano di attrarre e trattenere le giovani generazioni, coniugando le sfide globali con le specificit\u00e0 dei distretti locali, dall\u2019occhialeria allo sportsystem&#8221;.<\/p>\n<p data-path-to-node=\"8\"><b data-path-to-node=\"8\" data-index-in-node=\"0\">Formazione e territorio<\/b> Un punto centrale del dibattito ha riguardato la gestione della &#8220;legacy&#8221; delle Olimpiadi di Milano Cortina 2026. Secondo i vertici della scuola, l&#8217;impatto dell&#8217;evento va massimizzato attraverso il consolidamento di competenze specifiche che rimangano a disposizione del territorio anche dopo la conclusione della manifestazione sportiva.<\/p>\n<p data-path-to-node=\"9\">Il Presidente Luigi Abete ha sottolineato come il modello &#8220;multi-hub&#8221; della Luiss Business School \u2013 che collega Belluno a sedi come Roma, Milano, Amsterdam e Dubai \u2013 intenda valorizzare le filiere produttive italiane. &#8220;Il board&#8221;, ha spiegato Abete, &#8220;rappresenta un cardine per sviluppare programmi formativi capaci di rispondere in modo rapido alle esigenze delle imprese, supportandole nelle sfide del mercato globale&#8221;.<\/p>\n<p data-path-to-node=\"10\">La sede di Belluno si conferma cos\u00ec uno snodo per l&#8217;ecosistema formativo della scuola, che punta sul dialogo tra accademia e impresa per sostenere la competitivit\u00e0 della manifattura veneta e friulana.<\/p>","protected":false},"excerpt":{"rendered":"<p>Belluno, 12\/05\/2026\u00a0 &#8211;\u00a0 \u00c8 stato presentato ufficialmente oggi a Palazzo Bembo il nuovo Corporate Advisory Board della Luiss Business School per l\u2019Hub Veneto delle Dolomiti. L\u2019organismo ha l\u2019obiettivo di raccordare l\u2019offerta formativa della scuola con le esigenze dirette del sistema produttivo del Nordest, in un contesto economico segnato dalle transizioni tecnologiche e dalle dinamiche post-olimpiche. [&hellip;]<\/p>\n","protected":false},"author":2,"featured_media":170051,"comment_status":"closed","ping_status":"open","sticky":false,"template":"","format":"standard","meta":{"footnotes":""},"categories":[36,26,15],"tags":[],"class_list":["post-170050","post","type-post","status-publish","format-standard","has-post-thumbnail","category-lavoro-economia","category-prima-pagina","category-scuola"],"yoast_head":"<!-- This site is optimized with the Yoast SEO plugin v28.4 - https:\/\/yoast.com\/product\/yoast-seo-wordpress\/ -->\n<title>Luiss Business School: si insedia a Belluno il nuovo Advisory Board per l&#039;Hub Veneto - Bellunopress - Dolomiti<\/title>\n<meta name=\"robots\" content=\"index, follow, max-snippet:-1, max-image-preview:large, max-video-preview:-1\" \/>\n<link rel=\"canonical\" href=\"https:\/\/www.bellunopress.it\/fr\/2026\/05\/12\/luiss-business-school-si-insedia-a-belluno-il-nuovo-advisory-board-per-lhub-veneto\/\" \/>\n<meta property=\"og:locale\" content=\"fr_FR\" \/>\n<meta property=\"og:type\" content=\"article\" \/>\n<meta property=\"og:title\" content=\"Luiss Business School: si insedia a Belluno il nuovo Advisory Board per l&#039;Hub Veneto - Bellunopress - Dolomiti\" \/>\n<meta property=\"og:description\" content=\"Belluno, 12\/05\/2026\u00a0 &#8211;\u00a0 \u00c8 stato presentato ufficialmente oggi a Palazzo Bembo il nuovo Corporate Advisory Board della Luiss Business School per l\u2019Hub Veneto delle Dolomiti. L\u2019organismo ha l\u2019obiettivo di raccordare l\u2019offerta formativa della scuola con le esigenze dirette del sistema produttivo del Nordest, in un contesto economico segnato dalle transizioni tecnologiche e dalle dinamiche post-olimpiche. [&hellip;]\" \/>\n<meta property=\"og:url\" content=\"https:\/\/www.bellunopress.it\/fr\/2026\/05\/12\/luiss-business-school-si-insedia-a-belluno-il-nuovo-advisory-board-per-lhub-veneto\/\" \/>\n<meta property=\"og:site_name\" content=\"Bellunopress - Dolomiti\" \/>\n<meta property=\"article:publisher\" content=\"https:\/\/www.facebook.com\/profile.php?id=100008943462799\" \/>\n<meta property=\"article:published_time\" content=\"2026-05-12T13:32:10+00:00\" \/>\n<meta property=\"og:image\" content=\"https:\/\/www.bellunopress.it\/wp-content\/uploads\/2026\/05\/Luiss-Business-School-Belluno.jpg\" \/>\n\t<meta property=\"og:image:width\" content=\"500\" \/>\n\t<meta property=\"og:image:height\" content=\"351\" \/>\n\t<meta property=\"og:image:type\" content=\"image\/jpeg\" \/>\n<meta name=\"author\" content=\"redazione\" \/>\n<meta name=\"twitter:card\" content=\"summary_large_image\" \/>\n<meta name=\"twitter:creator\" content=\"@bellunopress\" \/>\n<meta name=\"twitter:site\" content=\"@bellunopress\" \/>\n<meta name=\"twitter:label1\" content=\"\u00c9crit par\" \/>\n\t<meta name=\"twitter:data1\" content=\"redazione\" \/>\n\t<meta name=\"twitter:label2\" content=\"Dur\u00e9e de lecture estim\u00e9e\" \/>\n\t<meta name=\"twitter:data2\" content=\"3 minutes\" \/>\n<script type=\"application\/ld+json\" class=\"yoast-schema-graph\">{\"@context\":\"https:\\\/\\\/schema.org\",\"@graph\":[{\"@type\":\"Article\",\"@id\":\"https:\\\/\\\/www.bellunopress.it\\\/2026\\\/05\\\/12\\\/luiss-business-school-si-insedia-a-belluno-il-nuovo-advisory-board-per-lhub-veneto\\\/#article\",\"isPartOf\":{\"@id\":\"https:\\\/\\\/www.bellunopress.it\\\/2026\\\/05\\\/12\\\/luiss-business-school-si-insedia-a-belluno-il-nuovo-advisory-board-per-lhub-veneto\\\/\"},\"author\":{\"name\":\"redazione\",\"@id\":\"https:\\\/\\\/www.bellunopress.it\\\/#\\\/schema\\\/person\\\/79bb06722b37ece1c03d3e94beb30d73\"},\"headline\":\"Luiss Business School: si insedia a Belluno il nuovo Advisory Board per l&#8217;Hub Veneto\",\"datePublished\":\"2026-05-12T13:32:10+00:00\",\"mainEntityOfPage\":{\"@id\":\"https:\\\/\\\/www.bellunopress.it\\\/2026\\\/05\\\/12\\\/luiss-business-school-si-insedia-a-belluno-il-nuovo-advisory-board-per-lhub-veneto\\\/\"},\"wordCount\":390,\"publisher\":{\"@id\":\"https:\\\/\\\/www.bellunopress.it\\\/#organization\"},\"image\":{\"@id\":\"https:\\\/\\\/www.bellunopress.it\\\/2026\\\/05\\\/12\\\/luiss-business-school-si-insedia-a-belluno-il-nuovo-advisory-board-per-lhub-veneto\\\/#primaryimage\"},\"thumbnailUrl\":\"https:\\\/\\\/www.bellunopress.it\\\/wp-content\\\/uploads\\\/2026\\\/05\\\/Luiss-Business-School-Belluno.jpg\",\"articleSection\":[\"Lavoro, Economia, Turismo\",\"Prima Pagina\",\"Scuola\"],\"inLanguage\":\"fr-FR\"},{\"@type\":\"WebPage\",\"@id\":\"https:\\\/\\\/www.bellunopress.it\\\/2026\\\/05\\\/12\\\/luiss-business-school-si-insedia-a-belluno-il-nuovo-advisory-board-per-lhub-veneto\\\/\",\"url\":\"https:\\\/\\\/www.bellunopress.it\\\/2026\\\/05\\\/12\\\/luiss-business-school-si-insedia-a-belluno-il-nuovo-advisory-board-per-lhub-veneto\\\/\",\"name\":\"Luiss Business School: si insedia a Belluno il nuovo Advisory Board per l'Hub Veneto - Bellunopress - Dolomiti\",\"isPartOf\":{\"@id\":\"https:\\\/\\\/www.bellunopress.it\\\/#website\"},\"primaryImageOfPage\":{\"@id\":\"https:\\\/\\\/www.bellunopress.it\\\/2026\\\/05\\\/12\\\/luiss-business-school-si-insedia-a-belluno-il-nuovo-advisory-board-per-lhub-veneto\\\/#primaryimage\"},\"image\":{\"@id\":\"https:\\\/\\\/www.bellunopress.it\\\/2026\\\/05\\\/12\\\/luiss-business-school-si-insedia-a-belluno-il-nuovo-advisory-board-per-lhub-veneto\\\/#primaryimage\"},\"thumbnailUrl\":\"https:\\\/\\\/www.bellunopress.it\\\/wp-content\\\/uploads\\\/2026\\\/05\\\/Luiss-Business-School-Belluno.jpg\",\"datePublished\":\"2026-05-12T13:32:10+00:00\",\"breadcrumb\":{\"@id\":\"https:\\\/\\\/www.bellunopress.it\\\/2026\\\/05\\\/12\\\/luiss-business-school-si-insedia-a-belluno-il-nuovo-advisory-board-per-lhub-veneto\\\/#breadcrumb\"},\"inLanguage\":\"fr-FR\",\"potentialAction\":[{\"@type\":\"ReadAction\",\"target\":[\"https:\\\/\\\/www.bellunopress.it\\\/2026\\\/05\\\/12\\\/luiss-business-school-si-insedia-a-belluno-il-nuovo-advisory-board-per-lhub-veneto\\\/\"]}]},{\"@type\":\"ImageObject\",\"inLanguage\":\"fr-FR\",\"@id\":\"https:\\\/\\\/www.bellunopress.it\\\/2026\\\/05\\\/12\\\/luiss-business-school-si-insedia-a-belluno-il-nuovo-advisory-board-per-lhub-veneto\\\/#primaryimage\",\"url\":\"https:\\\/\\\/www.bellunopress.it\\\/wp-content\\\/uploads\\\/2026\\\/05\\\/Luiss-Business-School-Belluno.jpg\",\"contentUrl\":\"https:\\\/\\\/www.bellunopress.it\\\/wp-content\\\/uploads\\\/2026\\\/05\\\/Luiss-Business-School-Belluno.jpg\",\"width\":500,\"height\":351},{\"@type\":\"BreadcrumbList\",\"@id\":\"https:\\\/\\\/www.bellunopress.it\\\/2026\\\/05\\\/12\\\/luiss-business-school-si-insedia-a-belluno-il-nuovo-advisory-board-per-lhub-veneto\\\/#breadcrumb\",\"itemListElement\":[{\"@type\":\"ListItem\",\"position\":1,\"name\":\"Home\",\"item\":\"https:\\\/\\\/www.bellunopress.it\\\/\"},{\"@type\":\"ListItem\",\"position\":2,\"name\":\"Luiss Business School: si insedia a Belluno il nuovo Advisory Board per l&#8217;Hub Veneto\"}]},{\"@type\":\"WebSite\",\"@id\":\"https:\\\/\\\/www.bellunopress.it\\\/#website\",\"url\":\"https:\\\/\\\/www.bellunopress.it\\\/\",\"name\":\"Bellunopress - Dolomiti\",\"description\":\"e-mail: redazione@bellunopress.it\",\"publisher\":{\"@id\":\"https:\\\/\\\/www.bellunopress.it\\\/#organization\"},\"potentialAction\":[{\"@type\":\"SearchAction\",\"target\":{\"@type\":\"EntryPoint\",\"urlTemplate\":\"https:\\\/\\\/www.bellunopress.it\\\/?s={search_term_string}\"},\"query-input\":{\"@type\":\"PropertyValueSpecification\",\"valueRequired\":true,\"valueName\":\"search_term_string\"}}],\"inLanguage\":\"fr-FR\"},{\"@type\":\"Organization\",\"@id\":\"https:\\\/\\\/www.bellunopress.it\\\/#organization\",\"name\":\"Bellunopress\",\"url\":\"https:\\\/\\\/www.bellunopress.it\\\/\",\"logo\":{\"@type\":\"ImageObject\",\"inLanguage\":\"fr-FR\",\"@id\":\"https:\\\/\\\/www.bellunopress.it\\\/#\\\/schema\\\/logo\\\/image\\\/\",\"url\":\"https:\\\/\\\/www.bellunopress.it\\\/wp-content\\\/uploads\\\/2011\\\/05\\\/cropped-logo-bellunopress-.jpg\",\"contentUrl\":\"https:\\\/\\\/www.bellunopress.it\\\/wp-content\\\/uploads\\\/2011\\\/05\\\/cropped-logo-bellunopress-.jpg\",\"width\":512,\"height\":512,\"caption\":\"Bellunopress\"},\"image\":{\"@id\":\"https:\\\/\\\/www.bellunopress.it\\\/#\\\/schema\\\/logo\\\/image\\\/\"},\"sameAs\":[\"https:\\\/\\\/www.facebook.com\\\/profile.php?id=100008943462799\",\"https:\\\/\\\/x.com\\\/bellunopress\",\"https:\\\/\\\/www.linkedin.com\\\/hp\\\/?dnr=JBzUWaJfMUw8vbXJJ2tVW5-I3jZKvC4wsoxE&amp;amp;amp;amp;amp;amp;trk=nav_responsive_tab_home\",\"https:\\\/\\\/www.youtube.com\\\/channel\\\/UCxL0wu1uN0_3_7hGG0306cw\"]},{\"@type\":\"Person\",\"@id\":\"https:\\\/\\\/www.bellunopress.it\\\/#\\\/schema\\\/person\\\/79bb06722b37ece1c03d3e94beb30d73\",\"name\":\"redazione\",\"image\":{\"@type\":\"ImageObject\",\"inLanguage\":\"fr-FR\",\"@id\":\"https:\\\/\\\/secure.gravatar.com\\\/avatar\\\/37d968a2e67a6fd04c169c4bdef102d0bc5d31b2546345219e348575eb80e9a0?s=96&d=mm&r=g\",\"url\":\"https:\\\/\\\/secure.gravatar.com\\\/avatar\\\/37d968a2e67a6fd04c169c4bdef102d0bc5d31b2546345219e348575eb80e9a0?s=96&d=mm&r=g\",\"contentUrl\":\"https:\\\/\\\/secure.gravatar.com\\\/avatar\\\/37d968a2e67a6fd04c169c4bdef102d0bc5d31b2546345219e348575eb80e9a0?s=96&d=mm&r=g\",\"caption\":\"redazione\"},\"sameAs\":[\"http:\\\/\\\/www.bellunopress.it\",\"https:\\\/\\\/x.com\\\/bellunopress\"],\"url\":\"https:\\\/\\\/www.bellunopress.it\\\/fr\\\/author\\\/redazione\\\/\"}]}<\/script>\n<!-- \/ Yoast SEO plugin. -->","yoast_head_json":{"title":"Luiss Business School: si insedia a Belluno il nuovo Advisory Board per l'Hub Veneto - Bellunopress - Dolomiti","robots":{"index":"index","follow":"follow","max-snippet":"max-snippet:-1","max-image-preview":"max-image-preview:large","max-video-preview":"max-video-preview:-1"},"canonical":"https:\/\/www.bellunopress.it\/fr\/2026\/05\/12\/luiss-business-school-si-insedia-a-belluno-il-nuovo-advisory-board-per-lhub-veneto\/","og_locale":"fr_FR","og_type":"article","og_title":"Luiss Business School: si insedia a Belluno il nuovo Advisory Board per l'Hub Veneto - Bellunopress - Dolomiti","og_description":"Belluno, 12\/05\/2026\u00a0 &#8211;\u00a0 \u00c8 stato presentato ufficialmente oggi a Palazzo Bembo il nuovo Corporate Advisory Board della Luiss Business School per l\u2019Hub Veneto delle Dolomiti. L\u2019organismo ha l\u2019obiettivo di raccordare l\u2019offerta formativa della scuola con le esigenze dirette del sistema produttivo del Nordest, in un contesto economico segnato dalle transizioni tecnologiche e dalle dinamiche post-olimpiche. [&hellip;]","og_url":"https:\/\/www.bellunopress.it\/fr\/2026\/05\/12\/luiss-business-school-si-insedia-a-belluno-il-nuovo-advisory-board-per-lhub-veneto\/","og_site_name":"Bellunopress - Dolomiti","article_publisher":"https:\/\/www.facebook.com\/profile.php?id=100008943462799","article_published_time":"2026-05-12T13:32:10+00:00","og_image":[{"width":500,"height":351,"url":"https:\/\/www.bellunopress.it\/wp-content\/uploads\/2026\/05\/Luiss-Business-School-Belluno.jpg","type":"image\/jpeg"}],"author":"redazione","twitter_card":"summary_large_image","twitter_creator":"@bellunopress","twitter_site":"@bellunopress","twitter_misc":{"\u00c9crit par":"redazione","Dur\u00e9e de lecture estim\u00e9e":"3 minutes"},"schema":{"@context":"https:\/\/schema.org","@graph":[{"@type":"Article","@id":"https:\/\/www.bellunopress.it\/2026\/05\/12\/luiss-business-school-si-insedia-a-belluno-il-nuovo-advisory-board-per-lhub-veneto\/#article","isPartOf":{"@id":"https:\/\/www.bellunopress.it\/2026\/05\/12\/luiss-business-school-si-insedia-a-belluno-il-nuovo-advisory-board-per-lhub-veneto\/"},"author":{"name":"redazione","@id":"https:\/\/www.bellunopress.it\/#\/schema\/person\/79bb06722b37ece1c03d3e94beb30d73"},"headline":"Luiss Business School: si insedia a Belluno il nuovo Advisory Board per l&#8217;Hub Veneto","datePublished":"2026-05-12T13:32:10+00:00","mainEntityOfPage":{"@id":"https:\/\/www.bellunopress.it\/2026\/05\/12\/luiss-business-school-si-insedia-a-belluno-il-nuovo-advisory-board-per-lhub-veneto\/"},"wordCount":390,"publisher":{"@id":"https:\/\/www.bellunopress.it\/#organization"},"image":{"@id":"https:\/\/www.bellunopress.it\/2026\/05\/12\/luiss-business-school-si-insedia-a-belluno-il-nuovo-advisory-board-per-lhub-veneto\/#primaryimage"},"thumbnailUrl":"https:\/\/www.bellunopress.it\/wp-content\/uploads\/2026\/05\/Luiss-Business-School-Belluno.jpg","articleSection":["Lavoro, Economia, Turismo","Prima Pagina","Scuola"],"inLanguage":"fr-FR"},{"@type":"WebPage","@id":"https:\/\/www.bellunopress.it\/2026\/05\/12\/luiss-business-school-si-insedia-a-belluno-il-nuovo-advisory-board-per-lhub-veneto\/","url":"https:\/\/www.bellunopress.it\/2026\/05\/12\/luiss-business-school-si-insedia-a-belluno-il-nuovo-advisory-board-per-lhub-veneto\/","name":"Luiss Business School: si insedia a Belluno il nuovo Advisory Board per l'Hub Veneto - Bellunopress - Dolomiti","isPartOf":{"@id":"https:\/\/www.bellunopress.it\/#website"},"primaryImageOfPage":{"@id":"https:\/\/www.bellunopress.it\/2026\/05\/12\/luiss-business-school-si-insedia-a-belluno-il-nuovo-advisory-board-per-lhub-veneto\/#primaryimage"},"image":{"@id":"https:\/\/www.bellunopress.it\/2026\/05\/12\/luiss-business-school-si-insedia-a-belluno-il-nuovo-advisory-board-per-lhub-veneto\/#primaryimage"},"thumbnailUrl":"https:\/\/www.bellunopress.it\/wp-content\/uploads\/2026\/05\/Luiss-Business-School-Belluno.jpg","datePublished":"2026-05-12T13:32:10+00:00","breadcrumb":{"@id":"https:\/\/www.bellunopress.it\/2026\/05\/12\/luiss-business-school-si-insedia-a-belluno-il-nuovo-advisory-board-per-lhub-veneto\/#breadcrumb"},"inLanguage":"fr-FR","potentialAction":[{"@type":"ReadAction","target":["https:\/\/www.bellunopress.it\/2026\/05\/12\/luiss-business-school-si-insedia-a-belluno-il-nuovo-advisory-board-per-lhub-veneto\/"]}]},{"@type":"ImageObject","inLanguage":"fr-FR","@id":"https:\/\/www.bellunopress.it\/2026\/05\/12\/luiss-business-school-si-insedia-a-belluno-il-nuovo-advisory-board-per-lhub-veneto\/#primaryimage","url":"https:\/\/www.bellunopress.it\/wp-content\/uploads\/2026\/05\/Luiss-Business-School-Belluno.jpg","contentUrl":"https:\/\/www.bellunopress.it\/wp-content\/uploads\/2026\/05\/Luiss-Business-School-Belluno.jpg","width":500,"height":351},{"@type":"BreadcrumbList","@id":"https:\/\/www.bellunopress.it\/2026\/05\/12\/luiss-business-school-si-insedia-a-belluno-il-nuovo-advisory-board-per-lhub-veneto\/#breadcrumb","itemListElement":[{"@type":"ListItem","position":1,"name":"Home","item":"https:\/\/www.bellunopress.it\/"},{"@type":"ListItem","position":2,"name":"Luiss Business School: si insedia a Belluno il nuovo Advisory Board per l&#8217;Hub Veneto"}]},{"@type":"WebSite","@id":"https:\/\/www.bellunopress.it\/#website","url":"https:\/\/www.bellunopress.it\/","name":"Bellunopress - Dolomiti","description":"e-mail: redazione@bellunopress.it","publisher":{"@id":"https:\/\/www.bellunopress.it\/#organization"},"potentialAction":[{"@type":"SearchAction","target":{"@type":"EntryPoint","urlTemplate":"https:\/\/www.bellunopress.it\/?s={search_term_string}"},"query-input":{"@type":"PropertyValueSpecification","valueRequired":true,"valueName":"search_term_string"}}],"inLanguage":"fr-FR"},{"@type":"Organization","@id":"https:\/\/www.bellunopress.it\/#organization","name":"Bellunopress","url":"https:\/\/www.bellunopress.it\/","logo":{"@type":"ImageObject","inLanguage":"fr-FR","@id":"https:\/\/www.bellunopress.it\/#\/schema\/logo\/image\/","url":"https:\/\/www.bellunopress.it\/wp-content\/uploads\/2011\/05\/cropped-logo-bellunopress-.jpg","contentUrl":"https:\/\/www.bellunopress.it\/wp-content\/uploads\/2011\/05\/cropped-logo-bellunopress-.jpg","width":512,"height":512,"caption":"Bellunopress"},"image":{"@id":"https:\/\/www.bellunopress.it\/#\/schema\/logo\/image\/"},"sameAs":["https:\/\/www.facebook.com\/profile.php?id=100008943462799","https:\/\/x.com\/bellunopress","https:\/\/www.linkedin.com\/hp\/?dnr=JBzUWaJfMUw8vbXJJ2tVW5-I3jZKvC4wsoxE&amp;amp;amp;amp;amp;amp;trk=nav_responsive_tab_home","https:\/\/www.youtube.com\/channel\/UCxL0wu1uN0_3_7hGG0306cw"]},{"@type":"Person","@id":"https:\/\/www.bellunopress.it\/#\/schema\/person\/79bb06722b37ece1c03d3e94beb30d73","name":"r\u00e9daction","image":{"@type":"ImageObject","inLanguage":"fr-FR","@id":"https:\/\/secure.gravatar.com\/avatar\/37d968a2e67a6fd04c169c4bdef102d0bc5d31b2546345219e348575eb80e9a0?s=96&d=mm&r=g","url":"https:\/\/secure.gravatar.com\/avatar\/37d968a2e67a6fd04c169c4bdef102d0bc5d31b2546345219e348575eb80e9a0?s=96&d=mm&r=g","contentUrl":"https:\/\/secure.gravatar.com\/avatar\/37d968a2e67a6fd04c169c4bdef102d0bc5d31b2546345219e348575eb80e9a0?s=96&d=mm&r=g","caption":"redazione"},"sameAs":["http:\/\/www.bellunopress.it","https:\/\/x.com\/bellunopress"],"url":"https:\/\/www.bellunopress.it\/fr\/author\/redazione\/"}]}},"_links":{"self":[{"href":"https:\/\/www.bellunopress.it\/fr\/wp-json\/wp\/v2\/posts\/170050","targetHints":{"allow":["GET"]}}],"collection":[{"href":"https:\/\/www.bellunopress.it\/fr\/wp-json\/wp\/v2\/posts"}],"about":[{"href":"https:\/\/www.bellunopress.it\/fr\/wp-json\/wp\/v2\/types\/post"}],"author":[{"embeddable":true,"href":"https:\/\/www.bellunopress.it\/fr\/wp-json\/wp\/v2\/users\/2"}],"replies":[{"embeddable":true,"href":"https:\/\/www.bellunopress.it\/fr\/wp-json\/wp\/v2\/comments?post=170050"}],"version-history":[{"count":1,"href":"https:\/\/www.bellunopress.it\/fr\/wp-json\/wp\/v2\/posts\/170050\/revisions"}],"predecessor-version":[{"id":170052,"href":"https:\/\/www.bellunopress.it\/fr\/wp-json\/wp\/v2\/posts\/170050\/revisions\/170052"}],"wp:featuredmedia":[{"embeddable":true,"href":"https:\/\/www.bellunopress.it\/fr\/wp-json\/wp\/v2\/media\/170051"}],"wp:attachment":[{"href":"https:\/\/www.bellunopress.it\/fr\/wp-json\/wp\/v2\/media?parent=170050"}],"wp:term":[{"taxonomy":"category","embeddable":true,"href":"https:\/\/www.bellunopress.it\/fr\/wp-json\/wp\/v2\/categories?post=170050"},{"taxonomy":"post_tag","embeddable":true,"href":"https:\/\/www.bellunopress.it\/fr\/wp-json\/wp\/v2\/tags?post=170050"}],"curies":[{"name":"wp","href":"https:\/\/api.w.org\/{rel}","templated":true}]}}