{"id":170043,"date":"2026-05-17T10:08:42","date_gmt":"2026-05-17T08:08:42","guid":{"rendered":"https:\/\/www.bellunopress.it\/?p=170043"},"modified":"2026-05-17T19:00:30","modified_gmt":"2026-05-17T17:00:30","slug":"apertura-serale-e-visita-guidata-alla-mostra-la-situla-di-pieve-dalpago","status":"publish","type":"post","link":"https:\/\/www.bellunopress.it\/fr\/2026\/05\/17\/apertura-serale-e-visita-guidata-alla-mostra-la-situla-di-pieve-dalpago\/","title":{"rendered":"Apertura serale e visita guidata alla mostra La Situla di Pieve d\u2019Alpago"},"content":{"rendered":"<p>Alpago, 12 maggio 2026\u00a0 &#8211;\u00a0 Il Comune di Alpago organizza un\u2019apertura serale straordinaria della mostra temporanea \u201cLa Situla di Pieve d\u2019Alpago \u2013 Un dialogo tra Storia e Comunit\u00e0\u201d in concomitanza della Notte Europea dei Musei. Il giorno 23 maggio dalle ore 20:00 alle ore 22:30 la mostra, allestita presso la sede municipale di Pieve d\u2019Alpago, sar\u00e0 aperta al pubblico con la possibilit\u00e0 di partecipare ad una visita guidata in programma alle ore 21:00.<\/p>\n<figure id=\"attachment_134374\" aria-describedby=\"caption-attachment-134374\" style=\"width: 1000px\" class=\"wp-caption aligncenter\"><img loading=\"lazy\" decoding=\"async\" class=\"size-full wp-image-134374\" src=\"https:\/\/www.bellunopress.it\/wp-content\/uploads\/2022\/06\/situla-alpago-originale_edited.jpg\" alt=\"\" width=\"1000\" height=\"573\" srcset=\"https:\/\/www.bellunopress.it\/wp-content\/uploads\/2022\/06\/situla-alpago-originale_edited.jpg 1000w, https:\/\/www.bellunopress.it\/wp-content\/uploads\/2022\/06\/situla-alpago-originale_edited-500x287.jpg 500w, https:\/\/www.bellunopress.it\/wp-content\/uploads\/2022\/06\/situla-alpago-originale_edited-696x399.jpg 696w, https:\/\/www.bellunopress.it\/wp-content\/uploads\/2022\/06\/situla-alpago-originale_edited-733x420.jpg 733w\" sizes=\"auto, (max-width: 1000px) 100vw, 1000px\" \/><figcaption id=\"caption-attachment-134374\" class=\"wp-caption-text\">Situla originale<\/figcaption><\/figure>\n<p>L\u2019evento, organizzato dal Comune di Alpago e dalla Biblioteca Civica di Pieve d\u2019Alpago, viene proposto per l\u2019appunto in occasione della Notte Europea dei Musei, un\u2019iniziativa promossa a livello europeo con l\u2019obiettivo di avvicinare cittadini e visitatori al patrimonio culturale attraverso aperture straordinarie, eventi serali e attivit\u00e0 dedicate. L\u2019iniziativa, che quest\u2019anno si terr\u00e0 il 23 maggio, coinvolge ogni anno migliaia di musei e luoghi della cultura in tutta Europa, favorendo la partecipazione del pubblico e la valorizzazione del patrimonio storico, artistico e archeologico.<\/p>\n<p>Durante la serata saranno inoltre disponibili gratuitamente materiali divulgativi sull\u2019Unione Europea, in virt\u00f9 dell\u2019adesione del Comune di Alpago dal 2022 alla rete EULC (European Local Councillors Network &#8211; Rete dei Consiglieri Locali dell&#8217;UE). Questa iniziativa della Commissione Europea riunisce amministratori locali e regionali con l\u2019obiettivo di promuovere il dialogo con i cittadini sui temi europei e sulle attivit\u00e0 delle istituzioni dell\u2019UE, favorendo una comunicazione pi\u00f9 vicina ai territori e alle comunit\u00e0 locali.<\/p>\n<p>La mostra, inaugurata lo scorso 28 marzo sar\u00e0 aperta al pubblico fino al 27 settembre e sar\u00e0 visitabile negli orari di apertura: da luned\u00ec a venerd\u00ec 10.00-12.00, marted\u00ec e gioved\u00ec dalle 15.00-17.00, sabato 09.00-12.00 e domenica e festivi dalle 16.00 alle 18.00 oppure durante il programma di visite guidate aperte alla cittadinanza, le cui date verranno comunicate nel corso dell\u2019estate sui canali informativi dell\u2019Ente.<\/p>\n<p>L\u2019ingresso all\u2019evento \u00e8 libero senza prenotazione. Per ulteriori informazioni \u00e8 possibile contattare l\u2019Ufficio Cultura del Comune di Alpago: Tel. 0437\/478086 int. 1, e-mail: anagrafe@comune.alpago.bl.<\/p>","protected":false},"excerpt":{"rendered":"<p>Alpago, 12 maggio 2026\u00a0 &#8211;\u00a0 Il Comune di Alpago organizza un\u2019apertura serale straordinaria della mostra temporanea \u201cLa Situla di Pieve d\u2019Alpago \u2013 Un dialogo tra Storia e Comunit\u00e0\u201d in concomitanza della Notte Europea dei Musei. Il giorno 23 maggio dalle ore 20:00 alle ore 22:30 la mostra, allestita presso la sede municipale di Pieve d\u2019Alpago, [&hellip;]<\/p>\n","protected":false},"author":2,"featured_media":134373,"comment_status":"closed","ping_status":"open","sticky":false,"template":"","format":"standard","meta":{"footnotes":""},"categories":[27,3,25],"tags":[],"class_list":["post-170043","post","type-post","status-publish","format-standard","has-post-thumbnail","category-appuntamenti","category-arte-cultura-spettacoli-scienza-archivi","category-pausa-caffe"],"yoast_head":"<!-- This site is optimized with the Yoast SEO plugin v28.4 - https:\/\/yoast.com\/product\/yoast-seo-wordpress\/ -->\n<title>Apertura serale e visita guidata alla mostra La Situla di Pieve d\u2019Alpago - Bellunopress - Dolomiti<\/title>\n<meta name=\"robots\" content=\"index, follow, max-snippet:-1, max-image-preview:large, max-video-preview:-1\" \/>\n<link rel=\"canonical\" href=\"https:\/\/www.bellunopress.it\/fr\/2026\/05\/17\/apertura-serale-e-visita-guidata-alla-mostra-la-situla-di-pieve-dalpago\/\" \/>\n<meta property=\"og:locale\" content=\"fr_FR\" \/>\n<meta property=\"og:type\" content=\"article\" \/>\n<meta property=\"og:title\" content=\"Apertura serale e visita guidata alla mostra La Situla di Pieve d\u2019Alpago - Bellunopress - Dolomiti\" \/>\n<meta property=\"og:description\" content=\"Alpago, 12 maggio 2026\u00a0 &#8211;\u00a0 Il Comune di Alpago organizza un\u2019apertura serale straordinaria della mostra temporanea \u201cLa Situla di Pieve d\u2019Alpago \u2013 Un dialogo tra Storia e Comunit\u00e0\u201d in concomitanza della Notte Europea dei Musei. Il giorno 23 maggio dalle ore 20:00 alle ore 22:30 la mostra, allestita presso la sede municipale di Pieve d\u2019Alpago, [&hellip;]\" \/>\n<meta property=\"og:url\" content=\"https:\/\/www.bellunopress.it\/fr\/2026\/05\/17\/apertura-serale-e-visita-guidata-alla-mostra-la-situla-di-pieve-dalpago\/\" \/>\n<meta property=\"og:site_name\" content=\"Bellunopress - Dolomiti\" \/>\n<meta property=\"article:publisher\" content=\"https:\/\/www.facebook.com\/profile.php?id=100008943462799\" \/>\n<meta property=\"article:published_time\" content=\"2026-05-17T08:08:42+00:00\" \/>\n<meta property=\"article:modified_time\" content=\"2026-05-17T17:00:30+00:00\" \/>\n<meta property=\"og:image\" content=\"https:\/\/www.bellunopress.it\/wp-content\/uploads\/2022\/06\/situla-ricostruita_edited.jpg\" \/>\n\t<meta property=\"og:image:width\" content=\"841\" \/>\n\t<meta property=\"og:image:height\" content=\"1000\" \/>\n\t<meta property=\"og:image:type\" content=\"image\/jpeg\" \/>\n<meta name=\"author\" content=\"redazione\" \/>\n<meta name=\"twitter:card\" content=\"summary_large_image\" \/>\n<meta name=\"twitter:creator\" content=\"@bellunopress\" \/>\n<meta name=\"twitter:site\" content=\"@bellunopress\" \/>\n<meta name=\"twitter:label1\" content=\"\u00c9crit par\" \/>\n\t<meta name=\"twitter:data1\" content=\"redazione\" \/>\n\t<meta name=\"twitter:label2\" content=\"Dur\u00e9e de lecture estim\u00e9e\" \/>\n\t<meta name=\"twitter:data2\" content=\"3 minutes\" \/>\n<script type=\"application\/ld+json\" class=\"yoast-schema-graph\">{\"@context\":\"https:\\\/\\\/schema.org\",\"@graph\":[{\"@type\":\"Article\",\"@id\":\"https:\\\/\\\/www.bellunopress.it\\\/2026\\\/05\\\/17\\\/apertura-serale-e-visita-guidata-alla-mostra-la-situla-di-pieve-dalpago\\\/#article\",\"isPartOf\":{\"@id\":\"https:\\\/\\\/www.bellunopress.it\\\/2026\\\/05\\\/17\\\/apertura-serale-e-visita-guidata-alla-mostra-la-situla-di-pieve-dalpago\\\/\"},\"author\":{\"name\":\"redazione\",\"@id\":\"https:\\\/\\\/www.bellunopress.it\\\/#\\\/schema\\\/person\\\/79bb06722b37ece1c03d3e94beb30d73\"},\"headline\":\"Apertura serale e visita guidata alla mostra La Situla di Pieve d\u2019Alpago\",\"datePublished\":\"2026-05-17T08:08:42+00:00\",\"dateModified\":\"2026-05-17T17:00:30+00:00\",\"mainEntityOfPage\":{\"@id\":\"https:\\\/\\\/www.bellunopress.it\\\/2026\\\/05\\\/17\\\/apertura-serale-e-visita-guidata-alla-mostra-la-situla-di-pieve-dalpago\\\/\"},\"wordCount\":343,\"publisher\":{\"@id\":\"https:\\\/\\\/www.bellunopress.it\\\/#organization\"},\"image\":{\"@id\":\"https:\\\/\\\/www.bellunopress.it\\\/2026\\\/05\\\/17\\\/apertura-serale-e-visita-guidata-alla-mostra-la-situla-di-pieve-dalpago\\\/#primaryimage\"},\"thumbnailUrl\":\"https:\\\/\\\/www.bellunopress.it\\\/wp-content\\\/uploads\\\/2022\\\/06\\\/situla-ricostruita_edited.jpg\",\"articleSection\":[\"Appuntamenti, Eventi\",\"Arte, Cultura, Spettacoli, Scienza\",\"Pausa Caff\u00e8\"],\"inLanguage\":\"fr-FR\"},{\"@type\":\"WebPage\",\"@id\":\"https:\\\/\\\/www.bellunopress.it\\\/2026\\\/05\\\/17\\\/apertura-serale-e-visita-guidata-alla-mostra-la-situla-di-pieve-dalpago\\\/\",\"url\":\"https:\\\/\\\/www.bellunopress.it\\\/2026\\\/05\\\/17\\\/apertura-serale-e-visita-guidata-alla-mostra-la-situla-di-pieve-dalpago\\\/\",\"name\":\"Apertura serale e visita guidata alla mostra La Situla di Pieve d\u2019Alpago - Bellunopress - Dolomiti\",\"isPartOf\":{\"@id\":\"https:\\\/\\\/www.bellunopress.it\\\/#website\"},\"primaryImageOfPage\":{\"@id\":\"https:\\\/\\\/www.bellunopress.it\\\/2026\\\/05\\\/17\\\/apertura-serale-e-visita-guidata-alla-mostra-la-situla-di-pieve-dalpago\\\/#primaryimage\"},\"image\":{\"@id\":\"https:\\\/\\\/www.bellunopress.it\\\/2026\\\/05\\\/17\\\/apertura-serale-e-visita-guidata-alla-mostra-la-situla-di-pieve-dalpago\\\/#primaryimage\"},\"thumbnailUrl\":\"https:\\\/\\\/www.bellunopress.it\\\/wp-content\\\/uploads\\\/2022\\\/06\\\/situla-ricostruita_edited.jpg\",\"datePublished\":\"2026-05-17T08:08:42+00:00\",\"dateModified\":\"2026-05-17T17:00:30+00:00\",\"breadcrumb\":{\"@id\":\"https:\\\/\\\/www.bellunopress.it\\\/2026\\\/05\\\/17\\\/apertura-serale-e-visita-guidata-alla-mostra-la-situla-di-pieve-dalpago\\\/#breadcrumb\"},\"inLanguage\":\"fr-FR\",\"potentialAction\":[{\"@type\":\"ReadAction\",\"target\":[\"https:\\\/\\\/www.bellunopress.it\\\/2026\\\/05\\\/17\\\/apertura-serale-e-visita-guidata-alla-mostra-la-situla-di-pieve-dalpago\\\/\"]}]},{\"@type\":\"ImageObject\",\"inLanguage\":\"fr-FR\",\"@id\":\"https:\\\/\\\/www.bellunopress.it\\\/2026\\\/05\\\/17\\\/apertura-serale-e-visita-guidata-alla-mostra-la-situla-di-pieve-dalpago\\\/#primaryimage\",\"url\":\"https:\\\/\\\/www.bellunopress.it\\\/wp-content\\\/uploads\\\/2022\\\/06\\\/situla-ricostruita_edited.jpg\",\"contentUrl\":\"https:\\\/\\\/www.bellunopress.it\\\/wp-content\\\/uploads\\\/2022\\\/06\\\/situla-ricostruita_edited.jpg\",\"width\":841,\"height\":1000,\"caption\":\"Situla ricostruita\"},{\"@type\":\"BreadcrumbList\",\"@id\":\"https:\\\/\\\/www.bellunopress.it\\\/2026\\\/05\\\/17\\\/apertura-serale-e-visita-guidata-alla-mostra-la-situla-di-pieve-dalpago\\\/#breadcrumb\",\"itemListElement\":[{\"@type\":\"ListItem\",\"position\":1,\"name\":\"Home\",\"item\":\"https:\\\/\\\/www.bellunopress.it\\\/\"},{\"@type\":\"ListItem\",\"position\":2,\"name\":\"Apertura serale e visita guidata alla mostra La Situla di Pieve d\u2019Alpago\"}]},{\"@type\":\"WebSite\",\"@id\":\"https:\\\/\\\/www.bellunopress.it\\\/#website\",\"url\":\"https:\\\/\\\/www.bellunopress.it\\\/\",\"name\":\"Bellunopress - Dolomiti\",\"description\":\"e-mail: redazione@bellunopress.it\",\"publisher\":{\"@id\":\"https:\\\/\\\/www.bellunopress.it\\\/#organization\"},\"potentialAction\":[{\"@type\":\"SearchAction\",\"target\":{\"@type\":\"EntryPoint\",\"urlTemplate\":\"https:\\\/\\\/www.bellunopress.it\\\/?s={search_term_string}\"},\"query-input\":{\"@type\":\"PropertyValueSpecification\",\"valueRequired\":true,\"valueName\":\"search_term_string\"}}],\"inLanguage\":\"fr-FR\"},{\"@type\":\"Organization\",\"@id\":\"https:\\\/\\\/www.bellunopress.it\\\/#organization\",\"name\":\"Bellunopress\",\"url\":\"https:\\\/\\\/www.bellunopress.it\\\/\",\"logo\":{\"@type\":\"ImageObject\",\"inLanguage\":\"fr-FR\",\"@id\":\"https:\\\/\\\/www.bellunopress.it\\\/#\\\/schema\\\/logo\\\/image\\\/\",\"url\":\"https:\\\/\\\/www.bellunopress.it\\\/wp-content\\\/uploads\\\/2011\\\/05\\\/cropped-logo-bellunopress-.jpg\",\"contentUrl\":\"https:\\\/\\\/www.bellunopress.it\\\/wp-content\\\/uploads\\\/2011\\\/05\\\/cropped-logo-bellunopress-.jpg\",\"width\":512,\"height\":512,\"caption\":\"Bellunopress\"},\"image\":{\"@id\":\"https:\\\/\\\/www.bellunopress.it\\\/#\\\/schema\\\/logo\\\/image\\\/\"},\"sameAs\":[\"https:\\\/\\\/www.facebook.com\\\/profile.php?id=100008943462799\",\"https:\\\/\\\/x.com\\\/bellunopress\",\"https:\\\/\\\/www.linkedin.com\\\/hp\\\/?dnr=JBzUWaJfMUw8vbXJJ2tVW5-I3jZKvC4wsoxE&amp;amp;amp;amp;amp;amp;trk=nav_responsive_tab_home\",\"https:\\\/\\\/www.youtube.com\\\/channel\\\/UCxL0wu1uN0_3_7hGG0306cw\"]},{\"@type\":\"Person\",\"@id\":\"https:\\\/\\\/www.bellunopress.it\\\/#\\\/schema\\\/person\\\/79bb06722b37ece1c03d3e94beb30d73\",\"name\":\"redazione\",\"image\":{\"@type\":\"ImageObject\",\"inLanguage\":\"fr-FR\",\"@id\":\"https:\\\/\\\/secure.gravatar.com\\\/avatar\\\/37d968a2e67a6fd04c169c4bdef102d0bc5d31b2546345219e348575eb80e9a0?s=96&d=mm&r=g\",\"url\":\"https:\\\/\\\/secure.gravatar.com\\\/avatar\\\/37d968a2e67a6fd04c169c4bdef102d0bc5d31b2546345219e348575eb80e9a0?s=96&d=mm&r=g\",\"contentUrl\":\"https:\\\/\\\/secure.gravatar.com\\\/avatar\\\/37d968a2e67a6fd04c169c4bdef102d0bc5d31b2546345219e348575eb80e9a0?s=96&d=mm&r=g\",\"caption\":\"redazione\"},\"sameAs\":[\"http:\\\/\\\/www.bellunopress.it\",\"https:\\\/\\\/x.com\\\/bellunopress\"],\"url\":\"https:\\\/\\\/www.bellunopress.it\\\/fr\\\/author\\\/redazione\\\/\"}]}<\/script>\n<!-- \/ Yoast SEO plugin. -->","yoast_head_json":{"title":"Apertura serale e visita guidata alla mostra La Situla di Pieve d\u2019Alpago - Bellunopress - Dolomiti","robots":{"index":"index","follow":"follow","max-snippet":"max-snippet:-1","max-image-preview":"max-image-preview:large","max-video-preview":"max-video-preview:-1"},"canonical":"https:\/\/www.bellunopress.it\/fr\/2026\/05\/17\/apertura-serale-e-visita-guidata-alla-mostra-la-situla-di-pieve-dalpago\/","og_locale":"fr_FR","og_type":"article","og_title":"Apertura serale e visita guidata alla mostra La Situla di Pieve d\u2019Alpago - Bellunopress - Dolomiti","og_description":"Alpago, 12 maggio 2026\u00a0 &#8211;\u00a0 Il Comune di Alpago organizza un\u2019apertura serale straordinaria della mostra temporanea \u201cLa Situla di Pieve d\u2019Alpago \u2013 Un dialogo tra Storia e Comunit\u00e0\u201d in concomitanza della Notte Europea dei Musei. Il giorno 23 maggio dalle ore 20:00 alle ore 22:30 la mostra, allestita presso la sede municipale di Pieve d\u2019Alpago, [&hellip;]","og_url":"https:\/\/www.bellunopress.it\/fr\/2026\/05\/17\/apertura-serale-e-visita-guidata-alla-mostra-la-situla-di-pieve-dalpago\/","og_site_name":"Bellunopress - Dolomiti","article_publisher":"https:\/\/www.facebook.com\/profile.php?id=100008943462799","article_published_time":"2026-05-17T08:08:42+00:00","article_modified_time":"2026-05-17T17:00:30+00:00","og_image":[{"width":841,"height":1000,"url":"https:\/\/www.bellunopress.it\/wp-content\/uploads\/2022\/06\/situla-ricostruita_edited.jpg","type":"image\/jpeg"}],"author":"redazione","twitter_card":"summary_large_image","twitter_creator":"@bellunopress","twitter_site":"@bellunopress","twitter_misc":{"\u00c9crit par":"redazione","Dur\u00e9e de lecture estim\u00e9e":"3 minutes"},"schema":{"@context":"https:\/\/schema.org","@graph":[{"@type":"Article","@id":"https:\/\/www.bellunopress.it\/2026\/05\/17\/apertura-serale-e-visita-guidata-alla-mostra-la-situla-di-pieve-dalpago\/#article","isPartOf":{"@id":"https:\/\/www.bellunopress.it\/2026\/05\/17\/apertura-serale-e-visita-guidata-alla-mostra-la-situla-di-pieve-dalpago\/"},"author":{"name":"redazione","@id":"https:\/\/www.bellunopress.it\/#\/schema\/person\/79bb06722b37ece1c03d3e94beb30d73"},"headline":"Apertura serale e visita guidata alla mostra La Situla di Pieve d\u2019Alpago","datePublished":"2026-05-17T08:08:42+00:00","dateModified":"2026-05-17T17:00:30+00:00","mainEntityOfPage":{"@id":"https:\/\/www.bellunopress.it\/2026\/05\/17\/apertura-serale-e-visita-guidata-alla-mostra-la-situla-di-pieve-dalpago\/"},"wordCount":343,"publisher":{"@id":"https:\/\/www.bellunopress.it\/#organization"},"image":{"@id":"https:\/\/www.bellunopress.it\/2026\/05\/17\/apertura-serale-e-visita-guidata-alla-mostra-la-situla-di-pieve-dalpago\/#primaryimage"},"thumbnailUrl":"https:\/\/www.bellunopress.it\/wp-content\/uploads\/2022\/06\/situla-ricostruita_edited.jpg","articleSection":["Appuntamenti, Eventi","Arte, Cultura, Spettacoli, Scienza","Pausa Caff\u00e8"],"inLanguage":"fr-FR"},{"@type":"WebPage","@id":"https:\/\/www.bellunopress.it\/2026\/05\/17\/apertura-serale-e-visita-guidata-alla-mostra-la-situla-di-pieve-dalpago\/","url":"https:\/\/www.bellunopress.it\/2026\/05\/17\/apertura-serale-e-visita-guidata-alla-mostra-la-situla-di-pieve-dalpago\/","name":"Apertura serale e visita guidata alla mostra La Situla di Pieve d\u2019Alpago - Bellunopress - Dolomiti","isPartOf":{"@id":"https:\/\/www.bellunopress.it\/#website"},"primaryImageOfPage":{"@id":"https:\/\/www.bellunopress.it\/2026\/05\/17\/apertura-serale-e-visita-guidata-alla-mostra-la-situla-di-pieve-dalpago\/#primaryimage"},"image":{"@id":"https:\/\/www.bellunopress.it\/2026\/05\/17\/apertura-serale-e-visita-guidata-alla-mostra-la-situla-di-pieve-dalpago\/#primaryimage"},"thumbnailUrl":"https:\/\/www.bellunopress.it\/wp-content\/uploads\/2022\/06\/situla-ricostruita_edited.jpg","datePublished":"2026-05-17T08:08:42+00:00","dateModified":"2026-05-17T17:00:30+00:00","breadcrumb":{"@id":"https:\/\/www.bellunopress.it\/2026\/05\/17\/apertura-serale-e-visita-guidata-alla-mostra-la-situla-di-pieve-dalpago\/#breadcrumb"},"inLanguage":"fr-FR","potentialAction":[{"@type":"ReadAction","target":["https:\/\/www.bellunopress.it\/2026\/05\/17\/apertura-serale-e-visita-guidata-alla-mostra-la-situla-di-pieve-dalpago\/"]}]},{"@type":"ImageObject","inLanguage":"fr-FR","@id":"https:\/\/www.bellunopress.it\/2026\/05\/17\/apertura-serale-e-visita-guidata-alla-mostra-la-situla-di-pieve-dalpago\/#primaryimage","url":"https:\/\/www.bellunopress.it\/wp-content\/uploads\/2022\/06\/situla-ricostruita_edited.jpg","contentUrl":"https:\/\/www.bellunopress.it\/wp-content\/uploads\/2022\/06\/situla-ricostruita_edited.jpg","width":841,"height":1000,"caption":"Situla ricostruita"},{"@type":"BreadcrumbList","@id":"https:\/\/www.bellunopress.it\/2026\/05\/17\/apertura-serale-e-visita-guidata-alla-mostra-la-situla-di-pieve-dalpago\/#breadcrumb","itemListElement":[{"@type":"ListItem","position":1,"name":"Home","item":"https:\/\/www.bellunopress.it\/"},{"@type":"ListItem","position":2,"name":"Apertura serale e visita guidata alla mostra La Situla di Pieve d\u2019Alpago"}]},{"@type":"WebSite","@id":"https:\/\/www.bellunopress.it\/#website","url":"https:\/\/www.bellunopress.it\/","name":"Bellunopress - Dolomiti","description":"e-mail: redazione@bellunopress.it","publisher":{"@id":"https:\/\/www.bellunopress.it\/#organization"},"potentialAction":[{"@type":"SearchAction","target":{"@type":"EntryPoint","urlTemplate":"https:\/\/www.bellunopress.it\/?s={search_term_string}"},"query-input":{"@type":"PropertyValueSpecification","valueRequired":true,"valueName":"search_term_string"}}],"inLanguage":"fr-FR"},{"@type":"Organization","@id":"https:\/\/www.bellunopress.it\/#organization","name":"Bellunopress","url":"https:\/\/www.bellunopress.it\/","logo":{"@type":"ImageObject","inLanguage":"fr-FR","@id":"https:\/\/www.bellunopress.it\/#\/schema\/logo\/image\/","url":"https:\/\/www.bellunopress.it\/wp-content\/uploads\/2011\/05\/cropped-logo-bellunopress-.jpg","contentUrl":"https:\/\/www.bellunopress.it\/wp-content\/uploads\/2011\/05\/cropped-logo-bellunopress-.jpg","width":512,"height":512,"caption":"Bellunopress"},"image":{"@id":"https:\/\/www.bellunopress.it\/#\/schema\/logo\/image\/"},"sameAs":["https:\/\/www.facebook.com\/profile.php?id=100008943462799","https:\/\/x.com\/bellunopress","https:\/\/www.linkedin.com\/hp\/?dnr=JBzUWaJfMUw8vbXJJ2tVW5-I3jZKvC4wsoxE&amp;amp;amp;amp;amp;amp;trk=nav_responsive_tab_home","https:\/\/www.youtube.com\/channel\/UCxL0wu1uN0_3_7hGG0306cw"]},{"@type":"Person","@id":"https:\/\/www.bellunopress.it\/#\/schema\/person\/79bb06722b37ece1c03d3e94beb30d73","name":"r\u00e9daction","image":{"@type":"ImageObject","inLanguage":"fr-FR","@id":"https:\/\/secure.gravatar.com\/avatar\/37d968a2e67a6fd04c169c4bdef102d0bc5d31b2546345219e348575eb80e9a0?s=96&d=mm&r=g","url":"https:\/\/secure.gravatar.com\/avatar\/37d968a2e67a6fd04c169c4bdef102d0bc5d31b2546345219e348575eb80e9a0?s=96&d=mm&r=g","contentUrl":"https:\/\/secure.gravatar.com\/avatar\/37d968a2e67a6fd04c169c4bdef102d0bc5d31b2546345219e348575eb80e9a0?s=96&d=mm&r=g","caption":"redazione"},"sameAs":["http:\/\/www.bellunopress.it","https:\/\/x.com\/bellunopress"],"url":"https:\/\/www.bellunopress.it\/fr\/author\/redazione\/"}]}},"_links":{"self":[{"href":"https:\/\/www.bellunopress.it\/fr\/wp-json\/wp\/v2\/posts\/170043","targetHints":{"allow":["GET"]}}],"collection":[{"href":"https:\/\/www.bellunopress.it\/fr\/wp-json\/wp\/v2\/posts"}],"about":[{"href":"https:\/\/www.bellunopress.it\/fr\/wp-json\/wp\/v2\/types\/post"}],"author":[{"embeddable":true,"href":"https:\/\/www.bellunopress.it\/fr\/wp-json\/wp\/v2\/users\/2"}],"replies":[{"embeddable":true,"href":"https:\/\/www.bellunopress.it\/fr\/wp-json\/wp\/v2\/comments?post=170043"}],"version-history":[{"count":1,"href":"https:\/\/www.bellunopress.it\/fr\/wp-json\/wp\/v2\/posts\/170043\/revisions"}],"predecessor-version":[{"id":170044,"href":"https:\/\/www.bellunopress.it\/fr\/wp-json\/wp\/v2\/posts\/170043\/revisions\/170044"}],"wp:featuredmedia":[{"embeddable":true,"href":"https:\/\/www.bellunopress.it\/fr\/wp-json\/wp\/v2\/media\/134373"}],"wp:attachment":[{"href":"https:\/\/www.bellunopress.it\/fr\/wp-json\/wp\/v2\/media?parent=170043"}],"wp:term":[{"taxonomy":"category","embeddable":true,"href":"https:\/\/www.bellunopress.it\/fr\/wp-json\/wp\/v2\/categories?post=170043"},{"taxonomy":"post_tag","embeddable":true,"href":"https:\/\/www.bellunopress.it\/fr\/wp-json\/wp\/v2\/tags?post=170043"}],"curies":[{"name":"wp","href":"https:\/\/api.w.org\/{rel}","templated":true}]}}