{"id":170038,"date":"2026-05-12T09:46:25","date_gmt":"2026-05-12T07:46:25","guid":{"rendered":"https:\/\/www.bellunopress.it\/?p=170038"},"modified":"2026-05-12T09:46:25","modified_gmt":"2026-05-12T07:46:25","slug":"ondablu-a-trieste-e-a-san-marino","status":"publish","type":"post","link":"https:\/\/www.bellunopress.it\/fr\/2026\/05\/12\/ondablu-a-trieste-e-a-san-marino\/","title":{"rendered":"Ondablu a Trieste e a San Marino"},"content":{"rendered":"<p><strong>Trofeo internazionale Calligaris di Trieste. Ottimo il medagliere di Ondablu: 14 le medaglie conquistate. Mattia Colla conquista due ori e due argenti, due argenti e due bronzi per Rachele Reato, argento e bronzo per Davide Dal Pan e Jacopo Marin, bronzo per Mathias D&#8217;Inc\u00e0 e Sara Vettorel.<\/strong><\/p>\n<p>Pi\u00f9 che positiva la partecipazione dell&#8217;Ondablu al Trofeo Internazionale Calligaris in vasca olimpica di Trieste giunto alla 21^ edizione. La societ\u00e0 di Pedavena e Santa Giustina si porta a casa 14 medaglie e conquista il 9 posto assoluto di societ\u00e0 su ben 26 societ\u00e0 provenienti da diverse regioni e anche dalla Croazia, Slovenia, Spagna e Ungheria.<\/p>\n<p>Mattia Colla (ragazzi) conquista l&#8217;oro sia nei 50 rana (31.27) sia nei 50 farfalla (26.19), l&#8217;argento sia nei 50 stile (25.53)e nei 100 rana (1.09.55), mentre si piazza appena gi\u00f9 dal podio nei 100 stile (55.41) e nei 50 dorso (30.13).<\/p>\n<p>Rachele Reato (ragazzi) \u00e8 argento sia nei 100 rana (1.16.37) sia nei 200 rana (2.42.93), mentre \u00e8 bronzo nei 50 rana (35.85) e nei 200 misti (2.30.60), nei 400 misti \u00e8 arrivata invece 4^ con 5.31.58.<\/p>\n<p>Argento nei 200 farfalla (2.09.17), bronzo nei 200 misti (2.16.22), un 4\u00b0 posto nei 200 dorso (2.19.10), un 6\u00b0 nei 100 farfalla (58.14) ed un 9\u00b0 nei 20 stile (2.02.07 sono i risultati ottenuti da Davide Dal Pan (cadetti).<\/p>\n<p>Jacopo Marin (juniores) \u00e8 argento nei 50 stile (24.25) e bronzo nei 50 dorso (28.34), mentre si classifica 4\u00b0 nei 100 stile (53.51), 6\u00b0 nei 50 farfalla (26.86), 7\u00b0 ni 50 rana (31.57) e 12\u00b0 nei 100 farfalla (1.02.80).<\/p>\n<p>A medaglia anche Mathias D&#8217;Inc\u00e0 (juniores), terzo nei 50 farfalla (26.43), mentre \u00e8 4\u00b0 nei 100 farfalla (59.31), 7\u00b0 nei 100 stile (54.36), 8\u00b0 nei 200 farfalla (2.21.89) e 10\u00b0 nei 50 stile (24.86).<\/p>\n<p>Sara Vettorel (juniores) \u00e8 bronzo nei 200 rana (2.52.45), 4^ nei 100 rana (1.15.19), 8^ nei 50 rana (35.59)12^ nei 200 misti (2.36.88) e 33^ nei 50 stile.<\/p>\n<p>Molto buoni i risultati di Margherita Marin (ragazzi) che \u00e8 5^ nei 50 stile (28.30), 6^ sia nei 400 stile (4.42.36) sia nei 100 dorso (1.08.72) e di Oleksandra Kolodchak (cadetti), 5^ nei 50 stile (27.65), 6^ nei 100 stile (59.58), 9^ nei 50 farfalla (29.91), 12^ nei 100 farfalla e 14^ nei 100 dorso.<\/p>\n<p>Alessandro Soriente \u00e8 5\u00b0 nei 40 misti (5.01.26), ottavo nei 200 dorso 2.21.38), 10\u00b0 nei 200 misti (2.20.57),<\/p>\n<p>Mykola Romaniv (ragazzi) \u00e8 6\u00b0 nei 200 farfalla (2.19.4), mentre ottiene buoni risultati nelle altre quattro gare a cui ha partecipato.<\/p>\n<p>Davide Boccuzzi (juniores) ai \u00e8 piazzato 8\u00b0 nei 200 rana (2.47.58), 9\u00b0 nei 200 misti (2.20.13), piazzandosi bene nei 50 stile, 100 rana e 50 farfalla. Martin D&#8217;Inc\u00e0 (ragazzi) \u00e8 8\u00b0 nei 200 rana (2.44.55), mentre si piazza dopo il 10\u00b0 posto nei 100 rana, nei 200 misti, 400 stile e 50 stile. Buoni i risultati anche di Gioele Zannolla.<\/p>\n<p>Molto positiva la partecipazione dei propri atleti da parte della allenatrice Mara Grelloni e del tecnico Alessio Todesco, che hanno visto un miglioramento dei propri personali in molti degli atleti che hanno affrontato le gare con la giusta grinta.<\/p>\n<p>Rachele Reato firma il pass per gli italiani di Roma nei 100 e nei 200 rana.<\/p>\n<p>&nbsp;<\/p>\n<p><strong>L\u2019Ondablu Masters a San Marino al 19\u00b0 Trofeo San Marino Master 09\/05\/2026<\/strong><\/p>\n<p>Sabato 9 maggio due atleti della societ\u00e0 Ondablu di Pedavena e Santa Giustina raggiungono il mega impianto Multieventi Sport Domus a Serravalle nella Repubblica di San Marino.<\/p>\n<p>Evento inserito comunque dalla Federazione Italiana di Nuoto, quindi del nostro circuito nazionale.<\/p>\n<p>E in vasca olimpionica Gianluigi Tres riesce ad agguantare il podio, salendo sul terzo gradino nei 50 farfalla categoria master 45, mentre nella sua seconda gara, i 200 stile libero arriva 5\u00b0.<\/p>\n<p>Il suo compagno Bruno Carissimi Boff nella sua categoria, m. 30, si posiziona appena gi\u00f9 dal podio nei 50 farfalla e 9\u00b0 nei 50 dorso.<\/p>\n<p><strong>\u00a0<\/strong><\/p>\n<p>&nbsp;<\/p>","protected":false},"excerpt":{"rendered":"<p>Trofeo internazionale Calligaris di Trieste. Ottimo il medagliere di Ondablu: 14 le medaglie conquistate. Mattia Colla conquista due ori e due argenti, due argenti e due bronzi per Rachele Reato, argento e bronzo per Davide Dal Pan e Jacopo Marin, bronzo per Mathias D&#8217;Inc\u00e0 e Sara Vettorel. Pi\u00f9 che positiva la partecipazione dell&#8217;Ondablu al Trofeo [&hellip;]<\/p>\n","protected":false},"author":2,"featured_media":170039,"comment_status":"closed","ping_status":"open","sticky":false,"template":"","format":"standard","meta":{"footnotes":""},"categories":[4],"tags":[],"class_list":["post-170038","post","type-post","status-publish","format-standard","has-post-thumbnail","category-sport"],"yoast_head":"<!-- This site is optimized with the Yoast SEO plugin v28.4 - https:\/\/yoast.com\/product\/yoast-seo-wordpress\/ -->\n<title>Ondablu a Trieste e a San Marino - Bellunopress - Dolomiti<\/title>\n<meta name=\"robots\" content=\"index, follow, max-snippet:-1, max-image-preview:large, max-video-preview:-1\" \/>\n<link rel=\"canonical\" href=\"https:\/\/www.bellunopress.it\/fr\/2026\/05\/12\/ondablu-a-trieste-e-a-san-marino\/\" \/>\n<meta property=\"og:locale\" content=\"fr_FR\" \/>\n<meta property=\"og:type\" content=\"article\" \/>\n<meta property=\"og:title\" content=\"Ondablu a Trieste e a San Marino - Bellunopress - Dolomiti\" \/>\n<meta property=\"og:description\" content=\"Trofeo internazionale Calligaris di Trieste. Ottimo il medagliere di Ondablu: 14 le medaglie conquistate. Mattia Colla conquista due ori e due argenti, due argenti e due bronzi per Rachele Reato, argento e bronzo per Davide Dal Pan e Jacopo Marin, bronzo per Mathias D&#8217;Inc\u00e0 e Sara Vettorel. Pi\u00f9 che positiva la partecipazione dell&#8217;Ondablu al Trofeo [&hellip;]\" \/>\n<meta property=\"og:url\" content=\"https:\/\/www.bellunopress.it\/fr\/2026\/05\/12\/ondablu-a-trieste-e-a-san-marino\/\" \/>\n<meta property=\"og:site_name\" content=\"Bellunopress - Dolomiti\" \/>\n<meta property=\"article:publisher\" content=\"https:\/\/www.facebook.com\/profile.php?id=100008943462799\" \/>\n<meta property=\"article:published_time\" content=\"2026-05-12T07:46:25+00:00\" \/>\n<meta property=\"og:image\" content=\"https:\/\/www.bellunopress.it\/wp-content\/uploads\/2026\/05\/Ondablu-a-Trieste.jpg\" \/>\n\t<meta property=\"og:image:width\" content=\"448\" \/>\n\t<meta property=\"og:image:height\" content=\"500\" \/>\n\t<meta property=\"og:image:type\" content=\"image\/jpeg\" \/>\n<meta name=\"author\" content=\"redazione\" \/>\n<meta name=\"twitter:card\" content=\"summary_large_image\" \/>\n<meta name=\"twitter:creator\" content=\"@bellunopress\" \/>\n<meta name=\"twitter:site\" content=\"@bellunopress\" \/>\n<meta name=\"twitter:label1\" content=\"\u00c9crit par\" \/>\n\t<meta name=\"twitter:data1\" content=\"redazione\" \/>\n\t<meta name=\"twitter:label2\" content=\"Dur\u00e9e de lecture estim\u00e9e\" \/>\n\t<meta name=\"twitter:data2\" content=\"4 minutes\" \/>\n<script type=\"application\/ld+json\" class=\"yoast-schema-graph\">{\"@context\":\"https:\\\/\\\/schema.org\",\"@graph\":[{\"@type\":\"Article\",\"@id\":\"https:\\\/\\\/www.bellunopress.it\\\/2026\\\/05\\\/12\\\/ondablu-a-trieste-e-a-san-marino\\\/#article\",\"isPartOf\":{\"@id\":\"https:\\\/\\\/www.bellunopress.it\\\/2026\\\/05\\\/12\\\/ondablu-a-trieste-e-a-san-marino\\\/\"},\"author\":{\"name\":\"redazione\",\"@id\":\"https:\\\/\\\/www.bellunopress.it\\\/#\\\/schema\\\/person\\\/79bb06722b37ece1c03d3e94beb30d73\"},\"headline\":\"Ondablu a Trieste e a San Marino\",\"datePublished\":\"2026-05-12T07:46:25+00:00\",\"mainEntityOfPage\":{\"@id\":\"https:\\\/\\\/www.bellunopress.it\\\/2026\\\/05\\\/12\\\/ondablu-a-trieste-e-a-san-marino\\\/\"},\"wordCount\":499,\"publisher\":{\"@id\":\"https:\\\/\\\/www.bellunopress.it\\\/#organization\"},\"image\":{\"@id\":\"https:\\\/\\\/www.bellunopress.it\\\/2026\\\/05\\\/12\\\/ondablu-a-trieste-e-a-san-marino\\\/#primaryimage\"},\"thumbnailUrl\":\"https:\\\/\\\/www.bellunopress.it\\\/wp-content\\\/uploads\\\/2026\\\/05\\\/Ondablu-a-Trieste.jpg\",\"articleSection\":[\"Sport, tempo libero\"],\"inLanguage\":\"fr-FR\"},{\"@type\":\"WebPage\",\"@id\":\"https:\\\/\\\/www.bellunopress.it\\\/2026\\\/05\\\/12\\\/ondablu-a-trieste-e-a-san-marino\\\/\",\"url\":\"https:\\\/\\\/www.bellunopress.it\\\/2026\\\/05\\\/12\\\/ondablu-a-trieste-e-a-san-marino\\\/\",\"name\":\"Ondablu a Trieste e a San Marino - Bellunopress - Dolomiti\",\"isPartOf\":{\"@id\":\"https:\\\/\\\/www.bellunopress.it\\\/#website\"},\"primaryImageOfPage\":{\"@id\":\"https:\\\/\\\/www.bellunopress.it\\\/2026\\\/05\\\/12\\\/ondablu-a-trieste-e-a-san-marino\\\/#primaryimage\"},\"image\":{\"@id\":\"https:\\\/\\\/www.bellunopress.it\\\/2026\\\/05\\\/12\\\/ondablu-a-trieste-e-a-san-marino\\\/#primaryimage\"},\"thumbnailUrl\":\"https:\\\/\\\/www.bellunopress.it\\\/wp-content\\\/uploads\\\/2026\\\/05\\\/Ondablu-a-Trieste.jpg\",\"datePublished\":\"2026-05-12T07:46:25+00:00\",\"breadcrumb\":{\"@id\":\"https:\\\/\\\/www.bellunopress.it\\\/2026\\\/05\\\/12\\\/ondablu-a-trieste-e-a-san-marino\\\/#breadcrumb\"},\"inLanguage\":\"fr-FR\",\"potentialAction\":[{\"@type\":\"ReadAction\",\"target\":[\"https:\\\/\\\/www.bellunopress.it\\\/2026\\\/05\\\/12\\\/ondablu-a-trieste-e-a-san-marino\\\/\"]}]},{\"@type\":\"ImageObject\",\"inLanguage\":\"fr-FR\",\"@id\":\"https:\\\/\\\/www.bellunopress.it\\\/2026\\\/05\\\/12\\\/ondablu-a-trieste-e-a-san-marino\\\/#primaryimage\",\"url\":\"https:\\\/\\\/www.bellunopress.it\\\/wp-content\\\/uploads\\\/2026\\\/05\\\/Ondablu-a-Trieste.jpg\",\"contentUrl\":\"https:\\\/\\\/www.bellunopress.it\\\/wp-content\\\/uploads\\\/2026\\\/05\\\/Ondablu-a-Trieste.jpg\",\"width\":448,\"height\":500,\"caption\":\"Trofeo Calligaris di Trieste\"},{\"@type\":\"BreadcrumbList\",\"@id\":\"https:\\\/\\\/www.bellunopress.it\\\/2026\\\/05\\\/12\\\/ondablu-a-trieste-e-a-san-marino\\\/#breadcrumb\",\"itemListElement\":[{\"@type\":\"ListItem\",\"position\":1,\"name\":\"Home\",\"item\":\"https:\\\/\\\/www.bellunopress.it\\\/\"},{\"@type\":\"ListItem\",\"position\":2,\"name\":\"Ondablu a Trieste e a San Marino\"}]},{\"@type\":\"WebSite\",\"@id\":\"https:\\\/\\\/www.bellunopress.it\\\/#website\",\"url\":\"https:\\\/\\\/www.bellunopress.it\\\/\",\"name\":\"Bellunopress - Dolomiti\",\"description\":\"e-mail: redazione@bellunopress.it\",\"publisher\":{\"@id\":\"https:\\\/\\\/www.bellunopress.it\\\/#organization\"},\"potentialAction\":[{\"@type\":\"SearchAction\",\"target\":{\"@type\":\"EntryPoint\",\"urlTemplate\":\"https:\\\/\\\/www.bellunopress.it\\\/?s={search_term_string}\"},\"query-input\":{\"@type\":\"PropertyValueSpecification\",\"valueRequired\":true,\"valueName\":\"search_term_string\"}}],\"inLanguage\":\"fr-FR\"},{\"@type\":\"Organization\",\"@id\":\"https:\\\/\\\/www.bellunopress.it\\\/#organization\",\"name\":\"Bellunopress\",\"url\":\"https:\\\/\\\/www.bellunopress.it\\\/\",\"logo\":{\"@type\":\"ImageObject\",\"inLanguage\":\"fr-FR\",\"@id\":\"https:\\\/\\\/www.bellunopress.it\\\/#\\\/schema\\\/logo\\\/image\\\/\",\"url\":\"https:\\\/\\\/www.bellunopress.it\\\/wp-content\\\/uploads\\\/2011\\\/05\\\/cropped-logo-bellunopress-.jpg\",\"contentUrl\":\"https:\\\/\\\/www.bellunopress.it\\\/wp-content\\\/uploads\\\/2011\\\/05\\\/cropped-logo-bellunopress-.jpg\",\"width\":512,\"height\":512,\"caption\":\"Bellunopress\"},\"image\":{\"@id\":\"https:\\\/\\\/www.bellunopress.it\\\/#\\\/schema\\\/logo\\\/image\\\/\"},\"sameAs\":[\"https:\\\/\\\/www.facebook.com\\\/profile.php?id=100008943462799\",\"https:\\\/\\\/x.com\\\/bellunopress\",\"https:\\\/\\\/www.linkedin.com\\\/hp\\\/?dnr=JBzUWaJfMUw8vbXJJ2tVW5-I3jZKvC4wsoxE&amp;amp;amp;amp;amp;amp;trk=nav_responsive_tab_home\",\"https:\\\/\\\/www.youtube.com\\\/channel\\\/UCxL0wu1uN0_3_7hGG0306cw\"]},{\"@type\":\"Person\",\"@id\":\"https:\\\/\\\/www.bellunopress.it\\\/#\\\/schema\\\/person\\\/79bb06722b37ece1c03d3e94beb30d73\",\"name\":\"redazione\",\"image\":{\"@type\":\"ImageObject\",\"inLanguage\":\"fr-FR\",\"@id\":\"https:\\\/\\\/secure.gravatar.com\\\/avatar\\\/37d968a2e67a6fd04c169c4bdef102d0bc5d31b2546345219e348575eb80e9a0?s=96&d=mm&r=g\",\"url\":\"https:\\\/\\\/secure.gravatar.com\\\/avatar\\\/37d968a2e67a6fd04c169c4bdef102d0bc5d31b2546345219e348575eb80e9a0?s=96&d=mm&r=g\",\"contentUrl\":\"https:\\\/\\\/secure.gravatar.com\\\/avatar\\\/37d968a2e67a6fd04c169c4bdef102d0bc5d31b2546345219e348575eb80e9a0?s=96&d=mm&r=g\",\"caption\":\"redazione\"},\"sameAs\":[\"http:\\\/\\\/www.bellunopress.it\",\"https:\\\/\\\/x.com\\\/bellunopress\"],\"url\":\"https:\\\/\\\/www.bellunopress.it\\\/fr\\\/author\\\/redazione\\\/\"}]}<\/script>\n<!-- \/ Yoast SEO plugin. -->","yoast_head_json":{"title":"Ondablu a Trieste e a San Marino - Bellunopress - Dolomiti","robots":{"index":"index","follow":"follow","max-snippet":"max-snippet:-1","max-image-preview":"max-image-preview:large","max-video-preview":"max-video-preview:-1"},"canonical":"https:\/\/www.bellunopress.it\/fr\/2026\/05\/12\/ondablu-a-trieste-e-a-san-marino\/","og_locale":"fr_FR","og_type":"article","og_title":"Ondablu a Trieste e a San Marino - Bellunopress - Dolomiti","og_description":"Trofeo internazionale Calligaris di Trieste. Ottimo il medagliere di Ondablu: 14 le medaglie conquistate. Mattia Colla conquista due ori e due argenti, due argenti e due bronzi per Rachele Reato, argento e bronzo per Davide Dal Pan e Jacopo Marin, bronzo per Mathias D&#8217;Inc\u00e0 e Sara Vettorel. Pi\u00f9 che positiva la partecipazione dell&#8217;Ondablu al Trofeo [&hellip;]","og_url":"https:\/\/www.bellunopress.it\/fr\/2026\/05\/12\/ondablu-a-trieste-e-a-san-marino\/","og_site_name":"Bellunopress - Dolomiti","article_publisher":"https:\/\/www.facebook.com\/profile.php?id=100008943462799","article_published_time":"2026-05-12T07:46:25+00:00","og_image":[{"width":448,"height":500,"url":"https:\/\/www.bellunopress.it\/wp-content\/uploads\/2026\/05\/Ondablu-a-Trieste.jpg","type":"image\/jpeg"}],"author":"redazione","twitter_card":"summary_large_image","twitter_creator":"@bellunopress","twitter_site":"@bellunopress","twitter_misc":{"\u00c9crit par":"redazione","Dur\u00e9e de lecture estim\u00e9e":"4 minutes"},"schema":{"@context":"https:\/\/schema.org","@graph":[{"@type":"Article","@id":"https:\/\/www.bellunopress.it\/2026\/05\/12\/ondablu-a-trieste-e-a-san-marino\/#article","isPartOf":{"@id":"https:\/\/www.bellunopress.it\/2026\/05\/12\/ondablu-a-trieste-e-a-san-marino\/"},"author":{"name":"redazione","@id":"https:\/\/www.bellunopress.it\/#\/schema\/person\/79bb06722b37ece1c03d3e94beb30d73"},"headline":"Ondablu a Trieste e a San Marino","datePublished":"2026-05-12T07:46:25+00:00","mainEntityOfPage":{"@id":"https:\/\/www.bellunopress.it\/2026\/05\/12\/ondablu-a-trieste-e-a-san-marino\/"},"wordCount":499,"publisher":{"@id":"https:\/\/www.bellunopress.it\/#organization"},"image":{"@id":"https:\/\/www.bellunopress.it\/2026\/05\/12\/ondablu-a-trieste-e-a-san-marino\/#primaryimage"},"thumbnailUrl":"https:\/\/www.bellunopress.it\/wp-content\/uploads\/2026\/05\/Ondablu-a-Trieste.jpg","articleSection":["Sport, tempo libero"],"inLanguage":"fr-FR"},{"@type":"WebPage","@id":"https:\/\/www.bellunopress.it\/2026\/05\/12\/ondablu-a-trieste-e-a-san-marino\/","url":"https:\/\/www.bellunopress.it\/2026\/05\/12\/ondablu-a-trieste-e-a-san-marino\/","name":"Ondablu a Trieste e a San Marino - Bellunopress - Dolomiti","isPartOf":{"@id":"https:\/\/www.bellunopress.it\/#website"},"primaryImageOfPage":{"@id":"https:\/\/www.bellunopress.it\/2026\/05\/12\/ondablu-a-trieste-e-a-san-marino\/#primaryimage"},"image":{"@id":"https:\/\/www.bellunopress.it\/2026\/05\/12\/ondablu-a-trieste-e-a-san-marino\/#primaryimage"},"thumbnailUrl":"https:\/\/www.bellunopress.it\/wp-content\/uploads\/2026\/05\/Ondablu-a-Trieste.jpg","datePublished":"2026-05-12T07:46:25+00:00","breadcrumb":{"@id":"https:\/\/www.bellunopress.it\/2026\/05\/12\/ondablu-a-trieste-e-a-san-marino\/#breadcrumb"},"inLanguage":"fr-FR","potentialAction":[{"@type":"ReadAction","target":["https:\/\/www.bellunopress.it\/2026\/05\/12\/ondablu-a-trieste-e-a-san-marino\/"]}]},{"@type":"ImageObject","inLanguage":"fr-FR","@id":"https:\/\/www.bellunopress.it\/2026\/05\/12\/ondablu-a-trieste-e-a-san-marino\/#primaryimage","url":"https:\/\/www.bellunopress.it\/wp-content\/uploads\/2026\/05\/Ondablu-a-Trieste.jpg","contentUrl":"https:\/\/www.bellunopress.it\/wp-content\/uploads\/2026\/05\/Ondablu-a-Trieste.jpg","width":448,"height":500,"caption":"Trofeo Calligaris di Trieste"},{"@type":"BreadcrumbList","@id":"https:\/\/www.bellunopress.it\/2026\/05\/12\/ondablu-a-trieste-e-a-san-marino\/#breadcrumb","itemListElement":[{"@type":"ListItem","position":1,"name":"Home","item":"https:\/\/www.bellunopress.it\/"},{"@type":"ListItem","position":2,"name":"Ondablu a Trieste e a San Marino"}]},{"@type":"WebSite","@id":"https:\/\/www.bellunopress.it\/#website","url":"https:\/\/www.bellunopress.it\/","name":"Bellunopress - Dolomiti","description":"e-mail: redazione@bellunopress.it","publisher":{"@id":"https:\/\/www.bellunopress.it\/#organization"},"potentialAction":[{"@type":"SearchAction","target":{"@type":"EntryPoint","urlTemplate":"https:\/\/www.bellunopress.it\/?s={search_term_string}"},"query-input":{"@type":"PropertyValueSpecification","valueRequired":true,"valueName":"search_term_string"}}],"inLanguage":"fr-FR"},{"@type":"Organization","@id":"https:\/\/www.bellunopress.it\/#organization","name":"Bellunopress","url":"https:\/\/www.bellunopress.it\/","logo":{"@type":"ImageObject","inLanguage":"fr-FR","@id":"https:\/\/www.bellunopress.it\/#\/schema\/logo\/image\/","url":"https:\/\/www.bellunopress.it\/wp-content\/uploads\/2011\/05\/cropped-logo-bellunopress-.jpg","contentUrl":"https:\/\/www.bellunopress.it\/wp-content\/uploads\/2011\/05\/cropped-logo-bellunopress-.jpg","width":512,"height":512,"caption":"Bellunopress"},"image":{"@id":"https:\/\/www.bellunopress.it\/#\/schema\/logo\/image\/"},"sameAs":["https:\/\/www.facebook.com\/profile.php?id=100008943462799","https:\/\/x.com\/bellunopress","https:\/\/www.linkedin.com\/hp\/?dnr=JBzUWaJfMUw8vbXJJ2tVW5-I3jZKvC4wsoxE&amp;amp;amp;amp;amp;amp;trk=nav_responsive_tab_home","https:\/\/www.youtube.com\/channel\/UCxL0wu1uN0_3_7hGG0306cw"]},{"@type":"Person","@id":"https:\/\/www.bellunopress.it\/#\/schema\/person\/79bb06722b37ece1c03d3e94beb30d73","name":"r\u00e9daction","image":{"@type":"ImageObject","inLanguage":"fr-FR","@id":"https:\/\/secure.gravatar.com\/avatar\/37d968a2e67a6fd04c169c4bdef102d0bc5d31b2546345219e348575eb80e9a0?s=96&d=mm&r=g","url":"https:\/\/secure.gravatar.com\/avatar\/37d968a2e67a6fd04c169c4bdef102d0bc5d31b2546345219e348575eb80e9a0?s=96&d=mm&r=g","contentUrl":"https:\/\/secure.gravatar.com\/avatar\/37d968a2e67a6fd04c169c4bdef102d0bc5d31b2546345219e348575eb80e9a0?s=96&d=mm&r=g","caption":"redazione"},"sameAs":["http:\/\/www.bellunopress.it","https:\/\/x.com\/bellunopress"],"url":"https:\/\/www.bellunopress.it\/fr\/author\/redazione\/"}]}},"_links":{"self":[{"href":"https:\/\/www.bellunopress.it\/fr\/wp-json\/wp\/v2\/posts\/170038","targetHints":{"allow":["GET"]}}],"collection":[{"href":"https:\/\/www.bellunopress.it\/fr\/wp-json\/wp\/v2\/posts"}],"about":[{"href":"https:\/\/www.bellunopress.it\/fr\/wp-json\/wp\/v2\/types\/post"}],"author":[{"embeddable":true,"href":"https:\/\/www.bellunopress.it\/fr\/wp-json\/wp\/v2\/users\/2"}],"replies":[{"embeddable":true,"href":"https:\/\/www.bellunopress.it\/fr\/wp-json\/wp\/v2\/comments?post=170038"}],"version-history":[{"count":1,"href":"https:\/\/www.bellunopress.it\/fr\/wp-json\/wp\/v2\/posts\/170038\/revisions"}],"predecessor-version":[{"id":170040,"href":"https:\/\/www.bellunopress.it\/fr\/wp-json\/wp\/v2\/posts\/170038\/revisions\/170040"}],"wp:featuredmedia":[{"embeddable":true,"href":"https:\/\/www.bellunopress.it\/fr\/wp-json\/wp\/v2\/media\/170039"}],"wp:attachment":[{"href":"https:\/\/www.bellunopress.it\/fr\/wp-json\/wp\/v2\/media?parent=170038"}],"wp:term":[{"taxonomy":"category","embeddable":true,"href":"https:\/\/www.bellunopress.it\/fr\/wp-json\/wp\/v2\/categories?post=170038"},{"taxonomy":"post_tag","embeddable":true,"href":"https:\/\/www.bellunopress.it\/fr\/wp-json\/wp\/v2\/tags?post=170038"}],"curies":[{"name":"wp","href":"https:\/\/api.w.org\/{rel}","templated":true}]}}