{"id":170032,"date":"2026-05-12T00:00:58","date_gmt":"2026-05-11T22:00:58","guid":{"rendered":"https:\/\/www.bellunopress.it\/?p=170032"},"modified":"2026-05-12T17:06:11","modified_gmt":"2026-05-12T15:06:11","slug":"colletto-bianco-presentazione-del-romanzo-di-paola-toscani-sabato-a-castellavazzo","status":"publish","type":"post","link":"https:\/\/www.bellunopress.it\/fr\/2026\/05\/12\/colletto-bianco-presentazione-del-romanzo-di-paola-toscani-sabato-a-castellavazzo\/","title":{"rendered":"&#8220;Colletto bianco&#8221;, presentazione del romanzo di Paola Toscani sabato a Castellavazzo"},"content":{"rendered":"<p>Un nuovo evento al Museo della Pietra e degli Scalpellini di Castellavazzo. Sabato 16 maggio alle 17.00 si terr\u00e0 la presentazione del romanzo storico di Paola Toscani dal titolo &#8220;Colletto bianco&#8221;.<\/p>\n<p>Presenta Claudia Campanella con accompagnamento musicale di Angelo Martin<\/p>\n<p>Il romanzo, ambientato ad Auronzo di Cadore alla fine dell&#8217;Ottocento, narra le vicende delle &#8220;spalliere&#8221;, donne coraggiose che attraversavano il confine per contrabbando, una comunit\u00e0 ritratta come una rete di supporto reciproco e sacrificio, simbolo di resistenza. La trama intreccia le storie personali di diversi personaggi con le sfide della vita comunitaria: una testimonianza di una vita dura, ma vera, tra le nostre montagne.<\/p>","protected":false},"excerpt":{"rendered":"<p>Un nuovo evento al Museo della Pietra e degli Scalpellini di Castellavazzo. Sabato 16 maggio alle 17.00 si terr\u00e0 la presentazione del romanzo storico di Paola Toscani dal titolo &#8220;Colletto bianco&#8221;. Presenta Claudia Campanella con accompagnamento musicale di Angelo Martin Il romanzo, ambientato ad Auronzo di Cadore alla fine dell&#8217;Ottocento, narra le vicende delle &#8220;spalliere&#8221;, [&hellip;]<\/p>\n","protected":false},"author":2,"featured_media":153544,"comment_status":"closed","ping_status":"open","sticky":false,"template":"","format":"standard","meta":{"footnotes":""},"categories":[27,25],"tags":[],"class_list":["post-170032","post","type-post","status-publish","format-standard","has-post-thumbnail","category-appuntamenti","category-pausa-caffe"],"yoast_head":"<!-- This site is optimized with the Yoast SEO plugin v28.4 - https:\/\/yoast.com\/product\/yoast-seo-wordpress\/ -->\n<title>&quot;Colletto bianco&quot;, presentazione del romanzo di Paola Toscani sabato a Castellavazzo - Bellunopress - Dolomiti<\/title>\n<meta name=\"robots\" content=\"index, follow, max-snippet:-1, max-image-preview:large, max-video-preview:-1\" \/>\n<link rel=\"canonical\" href=\"https:\/\/www.bellunopress.it\/fr\/2026\/05\/12\/colletto-bianco-presentazione-del-romanzo-di-paola-toscani-sabato-a-castellavazzo\/\" \/>\n<meta property=\"og:locale\" content=\"fr_FR\" \/>\n<meta property=\"og:type\" content=\"article\" \/>\n<meta property=\"og:title\" content=\"&quot;Colletto bianco&quot;, presentazione del romanzo di Paola Toscani sabato a Castellavazzo - Bellunopress - Dolomiti\" \/>\n<meta property=\"og:description\" content=\"Un nuovo evento al Museo della Pietra e degli Scalpellini di Castellavazzo. Sabato 16 maggio alle 17.00 si terr\u00e0 la presentazione del romanzo storico di Paola Toscani dal titolo &#8220;Colletto bianco&#8221;. Presenta Claudia Campanella con accompagnamento musicale di Angelo Martin Il romanzo, ambientato ad Auronzo di Cadore alla fine dell&#8217;Ottocento, narra le vicende delle &#8220;spalliere&#8221;, [&hellip;]\" \/>\n<meta property=\"og:url\" content=\"https:\/\/www.bellunopress.it\/fr\/2026\/05\/12\/colletto-bianco-presentazione-del-romanzo-di-paola-toscani-sabato-a-castellavazzo\/\" \/>\n<meta property=\"og:site_name\" content=\"Bellunopress - Dolomiti\" \/>\n<meta property=\"article:publisher\" content=\"https:\/\/www.facebook.com\/profile.php?id=100008943462799\" \/>\n<meta property=\"article:published_time\" content=\"2026-05-11T22:00:58+00:00\" \/>\n<meta property=\"article:modified_time\" content=\"2026-05-12T15:06:11+00:00\" \/>\n<meta property=\"og:image\" content=\"https:\/\/www.bellunopress.it\/wp-content\/uploads\/2024\/08\/Museo-della-pietra-e-degli-scalpellini-Castellavazzo.jpg\" \/>\n\t<meta property=\"og:image:width\" content=\"518\" \/>\n\t<meta property=\"og:image:height\" content=\"350\" \/>\n\t<meta property=\"og:image:type\" content=\"image\/jpeg\" \/>\n<meta name=\"author\" content=\"redazione\" \/>\n<meta name=\"twitter:card\" content=\"summary_large_image\" \/>\n<meta name=\"twitter:creator\" content=\"@bellunopress\" \/>\n<meta name=\"twitter:site\" content=\"@bellunopress\" \/>\n<meta name=\"twitter:label1\" content=\"\u00c9crit par\" \/>\n\t<meta name=\"twitter:data1\" content=\"redazione\" \/>\n\t<meta name=\"twitter:label2\" content=\"Dur\u00e9e de lecture estim\u00e9e\" \/>\n\t<meta name=\"twitter:data2\" content=\"1 minute\" \/>\n<script type=\"application\/ld+json\" class=\"yoast-schema-graph\">{\"@context\":\"https:\\\/\\\/schema.org\",\"@graph\":[{\"@type\":\"Article\",\"@id\":\"https:\\\/\\\/www.bellunopress.it\\\/2026\\\/05\\\/12\\\/colletto-bianco-presentazione-del-romanzo-di-paola-toscani-sabato-a-castellavazzo\\\/#article\",\"isPartOf\":{\"@id\":\"https:\\\/\\\/www.bellunopress.it\\\/2026\\\/05\\\/12\\\/colletto-bianco-presentazione-del-romanzo-di-paola-toscani-sabato-a-castellavazzo\\\/\"},\"author\":{\"name\":\"redazione\",\"@id\":\"https:\\\/\\\/www.bellunopress.it\\\/#\\\/schema\\\/person\\\/79bb06722b37ece1c03d3e94beb30d73\"},\"headline\":\"&#8220;Colletto bianco&#8221;, presentazione del romanzo di Paola Toscani sabato a Castellavazzo\",\"datePublished\":\"2026-05-11T22:00:58+00:00\",\"dateModified\":\"2026-05-12T15:06:11+00:00\",\"mainEntityOfPage\":{\"@id\":\"https:\\\/\\\/www.bellunopress.it\\\/2026\\\/05\\\/12\\\/colletto-bianco-presentazione-del-romanzo-di-paola-toscani-sabato-a-castellavazzo\\\/\"},\"wordCount\":114,\"publisher\":{\"@id\":\"https:\\\/\\\/www.bellunopress.it\\\/#organization\"},\"image\":{\"@id\":\"https:\\\/\\\/www.bellunopress.it\\\/2026\\\/05\\\/12\\\/colletto-bianco-presentazione-del-romanzo-di-paola-toscani-sabato-a-castellavazzo\\\/#primaryimage\"},\"thumbnailUrl\":\"https:\\\/\\\/www.bellunopress.it\\\/wp-content\\\/uploads\\\/2024\\\/08\\\/Museo-della-pietra-e-degli-scalpellini-Castellavazzo.jpg\",\"articleSection\":[\"Appuntamenti, Eventi\",\"Pausa Caff\u00e8\"],\"inLanguage\":\"fr-FR\"},{\"@type\":\"WebPage\",\"@id\":\"https:\\\/\\\/www.bellunopress.it\\\/2026\\\/05\\\/12\\\/colletto-bianco-presentazione-del-romanzo-di-paola-toscani-sabato-a-castellavazzo\\\/\",\"url\":\"https:\\\/\\\/www.bellunopress.it\\\/2026\\\/05\\\/12\\\/colletto-bianco-presentazione-del-romanzo-di-paola-toscani-sabato-a-castellavazzo\\\/\",\"name\":\"\\\"Colletto bianco\\\", presentazione del romanzo di Paola Toscani sabato a Castellavazzo - Bellunopress - Dolomiti\",\"isPartOf\":{\"@id\":\"https:\\\/\\\/www.bellunopress.it\\\/#website\"},\"primaryImageOfPage\":{\"@id\":\"https:\\\/\\\/www.bellunopress.it\\\/2026\\\/05\\\/12\\\/colletto-bianco-presentazione-del-romanzo-di-paola-toscani-sabato-a-castellavazzo\\\/#primaryimage\"},\"image\":{\"@id\":\"https:\\\/\\\/www.bellunopress.it\\\/2026\\\/05\\\/12\\\/colletto-bianco-presentazione-del-romanzo-di-paola-toscani-sabato-a-castellavazzo\\\/#primaryimage\"},\"thumbnailUrl\":\"https:\\\/\\\/www.bellunopress.it\\\/wp-content\\\/uploads\\\/2024\\\/08\\\/Museo-della-pietra-e-degli-scalpellini-Castellavazzo.jpg\",\"datePublished\":\"2026-05-11T22:00:58+00:00\",\"dateModified\":\"2026-05-12T15:06:11+00:00\",\"breadcrumb\":{\"@id\":\"https:\\\/\\\/www.bellunopress.it\\\/2026\\\/05\\\/12\\\/colletto-bianco-presentazione-del-romanzo-di-paola-toscani-sabato-a-castellavazzo\\\/#breadcrumb\"},\"inLanguage\":\"fr-FR\",\"potentialAction\":[{\"@type\":\"ReadAction\",\"target\":[\"https:\\\/\\\/www.bellunopress.it\\\/2026\\\/05\\\/12\\\/colletto-bianco-presentazione-del-romanzo-di-paola-toscani-sabato-a-castellavazzo\\\/\"]}]},{\"@type\":\"ImageObject\",\"inLanguage\":\"fr-FR\",\"@id\":\"https:\\\/\\\/www.bellunopress.it\\\/2026\\\/05\\\/12\\\/colletto-bianco-presentazione-del-romanzo-di-paola-toscani-sabato-a-castellavazzo\\\/#primaryimage\",\"url\":\"https:\\\/\\\/www.bellunopress.it\\\/wp-content\\\/uploads\\\/2024\\\/08\\\/Museo-della-pietra-e-degli-scalpellini-Castellavazzo.jpg\",\"contentUrl\":\"https:\\\/\\\/www.bellunopress.it\\\/wp-content\\\/uploads\\\/2024\\\/08\\\/Museo-della-pietra-e-degli-scalpellini-Castellavazzo.jpg\",\"width\":518,\"height\":350},{\"@type\":\"BreadcrumbList\",\"@id\":\"https:\\\/\\\/www.bellunopress.it\\\/2026\\\/05\\\/12\\\/colletto-bianco-presentazione-del-romanzo-di-paola-toscani-sabato-a-castellavazzo\\\/#breadcrumb\",\"itemListElement\":[{\"@type\":\"ListItem\",\"position\":1,\"name\":\"Home\",\"item\":\"https:\\\/\\\/www.bellunopress.it\\\/\"},{\"@type\":\"ListItem\",\"position\":2,\"name\":\"&#8220;Colletto bianco&#8221;, presentazione del romanzo di Paola Toscani sabato a Castellavazzo\"}]},{\"@type\":\"WebSite\",\"@id\":\"https:\\\/\\\/www.bellunopress.it\\\/#website\",\"url\":\"https:\\\/\\\/www.bellunopress.it\\\/\",\"name\":\"Bellunopress - Dolomiti\",\"description\":\"e-mail: redazione@bellunopress.it\",\"publisher\":{\"@id\":\"https:\\\/\\\/www.bellunopress.it\\\/#organization\"},\"potentialAction\":[{\"@type\":\"SearchAction\",\"target\":{\"@type\":\"EntryPoint\",\"urlTemplate\":\"https:\\\/\\\/www.bellunopress.it\\\/?s={search_term_string}\"},\"query-input\":{\"@type\":\"PropertyValueSpecification\",\"valueRequired\":true,\"valueName\":\"search_term_string\"}}],\"inLanguage\":\"fr-FR\"},{\"@type\":\"Organization\",\"@id\":\"https:\\\/\\\/www.bellunopress.it\\\/#organization\",\"name\":\"Bellunopress\",\"url\":\"https:\\\/\\\/www.bellunopress.it\\\/\",\"logo\":{\"@type\":\"ImageObject\",\"inLanguage\":\"fr-FR\",\"@id\":\"https:\\\/\\\/www.bellunopress.it\\\/#\\\/schema\\\/logo\\\/image\\\/\",\"url\":\"https:\\\/\\\/www.bellunopress.it\\\/wp-content\\\/uploads\\\/2011\\\/05\\\/cropped-logo-bellunopress-.jpg\",\"contentUrl\":\"https:\\\/\\\/www.bellunopress.it\\\/wp-content\\\/uploads\\\/2011\\\/05\\\/cropped-logo-bellunopress-.jpg\",\"width\":512,\"height\":512,\"caption\":\"Bellunopress\"},\"image\":{\"@id\":\"https:\\\/\\\/www.bellunopress.it\\\/#\\\/schema\\\/logo\\\/image\\\/\"},\"sameAs\":[\"https:\\\/\\\/www.facebook.com\\\/profile.php?id=100008943462799\",\"https:\\\/\\\/x.com\\\/bellunopress\",\"https:\\\/\\\/www.linkedin.com\\\/hp\\\/?dnr=JBzUWaJfMUw8vbXJJ2tVW5-I3jZKvC4wsoxE&amp;amp;amp;amp;amp;amp;trk=nav_responsive_tab_home\",\"https:\\\/\\\/www.youtube.com\\\/channel\\\/UCxL0wu1uN0_3_7hGG0306cw\"]},{\"@type\":\"Person\",\"@id\":\"https:\\\/\\\/www.bellunopress.it\\\/#\\\/schema\\\/person\\\/79bb06722b37ece1c03d3e94beb30d73\",\"name\":\"redazione\",\"image\":{\"@type\":\"ImageObject\",\"inLanguage\":\"fr-FR\",\"@id\":\"https:\\\/\\\/secure.gravatar.com\\\/avatar\\\/37d968a2e67a6fd04c169c4bdef102d0bc5d31b2546345219e348575eb80e9a0?s=96&d=mm&r=g\",\"url\":\"https:\\\/\\\/secure.gravatar.com\\\/avatar\\\/37d968a2e67a6fd04c169c4bdef102d0bc5d31b2546345219e348575eb80e9a0?s=96&d=mm&r=g\",\"contentUrl\":\"https:\\\/\\\/secure.gravatar.com\\\/avatar\\\/37d968a2e67a6fd04c169c4bdef102d0bc5d31b2546345219e348575eb80e9a0?s=96&d=mm&r=g\",\"caption\":\"redazione\"},\"sameAs\":[\"http:\\\/\\\/www.bellunopress.it\",\"https:\\\/\\\/x.com\\\/bellunopress\"],\"url\":\"https:\\\/\\\/www.bellunopress.it\\\/fr\\\/author\\\/redazione\\\/\"}]}<\/script>\n<!-- \/ Yoast SEO plugin. -->","yoast_head_json":{"title":"\"Colletto bianco\", presentazione del romanzo di Paola Toscani sabato a Castellavazzo - Bellunopress - Dolomiti","robots":{"index":"index","follow":"follow","max-snippet":"max-snippet:-1","max-image-preview":"max-image-preview:large","max-video-preview":"max-video-preview:-1"},"canonical":"https:\/\/www.bellunopress.it\/fr\/2026\/05\/12\/colletto-bianco-presentazione-del-romanzo-di-paola-toscani-sabato-a-castellavazzo\/","og_locale":"fr_FR","og_type":"article","og_title":"\"Colletto bianco\", presentazione del romanzo di Paola Toscani sabato a Castellavazzo - Bellunopress - Dolomiti","og_description":"Un nuovo evento al Museo della Pietra e degli Scalpellini di Castellavazzo. Sabato 16 maggio alle 17.00 si terr\u00e0 la presentazione del romanzo storico di Paola Toscani dal titolo &#8220;Colletto bianco&#8221;. Presenta Claudia Campanella con accompagnamento musicale di Angelo Martin Il romanzo, ambientato ad Auronzo di Cadore alla fine dell&#8217;Ottocento, narra le vicende delle &#8220;spalliere&#8221;, [&hellip;]","og_url":"https:\/\/www.bellunopress.it\/fr\/2026\/05\/12\/colletto-bianco-presentazione-del-romanzo-di-paola-toscani-sabato-a-castellavazzo\/","og_site_name":"Bellunopress - Dolomiti","article_publisher":"https:\/\/www.facebook.com\/profile.php?id=100008943462799","article_published_time":"2026-05-11T22:00:58+00:00","article_modified_time":"2026-05-12T15:06:11+00:00","og_image":[{"width":518,"height":350,"url":"https:\/\/www.bellunopress.it\/wp-content\/uploads\/2024\/08\/Museo-della-pietra-e-degli-scalpellini-Castellavazzo.jpg","type":"image\/jpeg"}],"author":"redazione","twitter_card":"summary_large_image","twitter_creator":"@bellunopress","twitter_site":"@bellunopress","twitter_misc":{"\u00c9crit par":"redazione","Dur\u00e9e de lecture estim\u00e9e":"1 minute"},"schema":{"@context":"https:\/\/schema.org","@graph":[{"@type":"Article","@id":"https:\/\/www.bellunopress.it\/2026\/05\/12\/colletto-bianco-presentazione-del-romanzo-di-paola-toscani-sabato-a-castellavazzo\/#article","isPartOf":{"@id":"https:\/\/www.bellunopress.it\/2026\/05\/12\/colletto-bianco-presentazione-del-romanzo-di-paola-toscani-sabato-a-castellavazzo\/"},"author":{"name":"redazione","@id":"https:\/\/www.bellunopress.it\/#\/schema\/person\/79bb06722b37ece1c03d3e94beb30d73"},"headline":"&#8220;Colletto bianco&#8221;, presentazione del romanzo di Paola Toscani sabato a Castellavazzo","datePublished":"2026-05-11T22:00:58+00:00","dateModified":"2026-05-12T15:06:11+00:00","mainEntityOfPage":{"@id":"https:\/\/www.bellunopress.it\/2026\/05\/12\/colletto-bianco-presentazione-del-romanzo-di-paola-toscani-sabato-a-castellavazzo\/"},"wordCount":114,"publisher":{"@id":"https:\/\/www.bellunopress.it\/#organization"},"image":{"@id":"https:\/\/www.bellunopress.it\/2026\/05\/12\/colletto-bianco-presentazione-del-romanzo-di-paola-toscani-sabato-a-castellavazzo\/#primaryimage"},"thumbnailUrl":"https:\/\/www.bellunopress.it\/wp-content\/uploads\/2024\/08\/Museo-della-pietra-e-degli-scalpellini-Castellavazzo.jpg","articleSection":["Appuntamenti, Eventi","Pausa Caff\u00e8"],"inLanguage":"fr-FR"},{"@type":"WebPage","@id":"https:\/\/www.bellunopress.it\/2026\/05\/12\/colletto-bianco-presentazione-del-romanzo-di-paola-toscani-sabato-a-castellavazzo\/","url":"https:\/\/www.bellunopress.it\/2026\/05\/12\/colletto-bianco-presentazione-del-romanzo-di-paola-toscani-sabato-a-castellavazzo\/","name":"\"Colletto bianco\", presentazione del romanzo di Paola Toscani sabato a Castellavazzo - Bellunopress - Dolomiti","isPartOf":{"@id":"https:\/\/www.bellunopress.it\/#website"},"primaryImageOfPage":{"@id":"https:\/\/www.bellunopress.it\/2026\/05\/12\/colletto-bianco-presentazione-del-romanzo-di-paola-toscani-sabato-a-castellavazzo\/#primaryimage"},"image":{"@id":"https:\/\/www.bellunopress.it\/2026\/05\/12\/colletto-bianco-presentazione-del-romanzo-di-paola-toscani-sabato-a-castellavazzo\/#primaryimage"},"thumbnailUrl":"https:\/\/www.bellunopress.it\/wp-content\/uploads\/2024\/08\/Museo-della-pietra-e-degli-scalpellini-Castellavazzo.jpg","datePublished":"2026-05-11T22:00:58+00:00","dateModified":"2026-05-12T15:06:11+00:00","breadcrumb":{"@id":"https:\/\/www.bellunopress.it\/2026\/05\/12\/colletto-bianco-presentazione-del-romanzo-di-paola-toscani-sabato-a-castellavazzo\/#breadcrumb"},"inLanguage":"fr-FR","potentialAction":[{"@type":"ReadAction","target":["https:\/\/www.bellunopress.it\/2026\/05\/12\/colletto-bianco-presentazione-del-romanzo-di-paola-toscani-sabato-a-castellavazzo\/"]}]},{"@type":"ImageObject","inLanguage":"fr-FR","@id":"https:\/\/www.bellunopress.it\/2026\/05\/12\/colletto-bianco-presentazione-del-romanzo-di-paola-toscani-sabato-a-castellavazzo\/#primaryimage","url":"https:\/\/www.bellunopress.it\/wp-content\/uploads\/2024\/08\/Museo-della-pietra-e-degli-scalpellini-Castellavazzo.jpg","contentUrl":"https:\/\/www.bellunopress.it\/wp-content\/uploads\/2024\/08\/Museo-della-pietra-e-degli-scalpellini-Castellavazzo.jpg","width":518,"height":350},{"@type":"BreadcrumbList","@id":"https:\/\/www.bellunopress.it\/2026\/05\/12\/colletto-bianco-presentazione-del-romanzo-di-paola-toscani-sabato-a-castellavazzo\/#breadcrumb","itemListElement":[{"@type":"ListItem","position":1,"name":"Home","item":"https:\/\/www.bellunopress.it\/"},{"@type":"ListItem","position":2,"name":"&#8220;Colletto bianco&#8221;, presentazione del romanzo di Paola Toscani sabato a Castellavazzo"}]},{"@type":"WebSite","@id":"https:\/\/www.bellunopress.it\/#website","url":"https:\/\/www.bellunopress.it\/","name":"Bellunopress - Dolomiti","description":"e-mail: redazione@bellunopress.it","publisher":{"@id":"https:\/\/www.bellunopress.it\/#organization"},"potentialAction":[{"@type":"SearchAction","target":{"@type":"EntryPoint","urlTemplate":"https:\/\/www.bellunopress.it\/?s={search_term_string}"},"query-input":{"@type":"PropertyValueSpecification","valueRequired":true,"valueName":"search_term_string"}}],"inLanguage":"fr-FR"},{"@type":"Organization","@id":"https:\/\/www.bellunopress.it\/#organization","name":"Bellunopress","url":"https:\/\/www.bellunopress.it\/","logo":{"@type":"ImageObject","inLanguage":"fr-FR","@id":"https:\/\/www.bellunopress.it\/#\/schema\/logo\/image\/","url":"https:\/\/www.bellunopress.it\/wp-content\/uploads\/2011\/05\/cropped-logo-bellunopress-.jpg","contentUrl":"https:\/\/www.bellunopress.it\/wp-content\/uploads\/2011\/05\/cropped-logo-bellunopress-.jpg","width":512,"height":512,"caption":"Bellunopress"},"image":{"@id":"https:\/\/www.bellunopress.it\/#\/schema\/logo\/image\/"},"sameAs":["https:\/\/www.facebook.com\/profile.php?id=100008943462799","https:\/\/x.com\/bellunopress","https:\/\/www.linkedin.com\/hp\/?dnr=JBzUWaJfMUw8vbXJJ2tVW5-I3jZKvC4wsoxE&amp;amp;amp;amp;amp;amp;trk=nav_responsive_tab_home","https:\/\/www.youtube.com\/channel\/UCxL0wu1uN0_3_7hGG0306cw"]},{"@type":"Person","@id":"https:\/\/www.bellunopress.it\/#\/schema\/person\/79bb06722b37ece1c03d3e94beb30d73","name":"r\u00e9daction","image":{"@type":"ImageObject","inLanguage":"fr-FR","@id":"https:\/\/secure.gravatar.com\/avatar\/37d968a2e67a6fd04c169c4bdef102d0bc5d31b2546345219e348575eb80e9a0?s=96&d=mm&r=g","url":"https:\/\/secure.gravatar.com\/avatar\/37d968a2e67a6fd04c169c4bdef102d0bc5d31b2546345219e348575eb80e9a0?s=96&d=mm&r=g","contentUrl":"https:\/\/secure.gravatar.com\/avatar\/37d968a2e67a6fd04c169c4bdef102d0bc5d31b2546345219e348575eb80e9a0?s=96&d=mm&r=g","caption":"redazione"},"sameAs":["http:\/\/www.bellunopress.it","https:\/\/x.com\/bellunopress"],"url":"https:\/\/www.bellunopress.it\/fr\/author\/redazione\/"}]}},"_links":{"self":[{"href":"https:\/\/www.bellunopress.it\/fr\/wp-json\/wp\/v2\/posts\/170032","targetHints":{"allow":["GET"]}}],"collection":[{"href":"https:\/\/www.bellunopress.it\/fr\/wp-json\/wp\/v2\/posts"}],"about":[{"href":"https:\/\/www.bellunopress.it\/fr\/wp-json\/wp\/v2\/types\/post"}],"author":[{"embeddable":true,"href":"https:\/\/www.bellunopress.it\/fr\/wp-json\/wp\/v2\/users\/2"}],"replies":[{"embeddable":true,"href":"https:\/\/www.bellunopress.it\/fr\/wp-json\/wp\/v2\/comments?post=170032"}],"version-history":[{"count":1,"href":"https:\/\/www.bellunopress.it\/fr\/wp-json\/wp\/v2\/posts\/170032\/revisions"}],"predecessor-version":[{"id":170033,"href":"https:\/\/www.bellunopress.it\/fr\/wp-json\/wp\/v2\/posts\/170032\/revisions\/170033"}],"wp:featuredmedia":[{"embeddable":true,"href":"https:\/\/www.bellunopress.it\/fr\/wp-json\/wp\/v2\/media\/153544"}],"wp:attachment":[{"href":"https:\/\/www.bellunopress.it\/fr\/wp-json\/wp\/v2\/media?parent=170032"}],"wp:term":[{"taxonomy":"category","embeddable":true,"href":"https:\/\/www.bellunopress.it\/fr\/wp-json\/wp\/v2\/categories?post=170032"},{"taxonomy":"post_tag","embeddable":true,"href":"https:\/\/www.bellunopress.it\/fr\/wp-json\/wp\/v2\/tags?post=170032"}],"curies":[{"name":"wp","href":"https:\/\/api.w.org\/{rel}","templated":true}]}}