{"id":170018,"date":"2026-05-11T15:36:03","date_gmt":"2026-05-11T13:36:03","guid":{"rendered":"https:\/\/www.bellunopress.it\/?p=170018"},"modified":"2026-05-11T15:36:03","modified_gmt":"2026-05-11T13:36:03","slug":"addio-ai-vecchi-capannoni-rinasce-larea-ex-faena-marmi-in-via-vittorio-veneto","status":"publish","type":"post","link":"https:\/\/www.bellunopress.it\/fr\/2026\/05\/11\/addio-ai-vecchi-capannoni-rinasce-larea-ex-faena-marmi-in-via-vittorio-veneto\/","title":{"rendered":"Addio ai vecchi capannoni: rinasce l\u2019area ex Faena Marmi in via Vittorio Veneto"},"content":{"rendered":"<p data-path-to-node=\"3\"><b data-path-to-node=\"3\" data-index-in-node=\"0\">Il Comune di Belluno adotta la variante per il piano \u201cBelluno 2\u201d. Il progetto prevede la riqualificazione del comparto industriale tra la Lidl e Veneggia con un mix di commerciale e residenziale.<\/b><\/p>\n<p data-path-to-node=\"4\">Belluno, 11 maggio 2026\u00a0\u2013 Un altro tassello della trasformazione urbana di via Vittorio Veneto va al suo posto. La Giunta comunale, con la delibera n. 69 dello scorso 23 aprile, ha ufficialmente adottato la variante al Piano Urbanistico Attuativo (PUA) che interessa il complesso un tempo occupato dalla storica azienda Faena Marmi.<\/p>\n<p data-path-to-node=\"5\">L\u2019area, identificata catastalmente al foglio 59 (mappale 234), si prepara a cambiare definitivamente volto. Il progetto, presentato dalla societ\u00e0 Belluno 2 S.r.l., riguarda una zona strategica di circa diecimila metri quadrati situata sul lato destro della statale procedendo verso Ponte nelle Alpi, incastonata tra il recente insediamento della Lidl e l\u2019imbocco del quartiere di Veneggia.<\/p>\n<p data-path-to-node=\"7\">La variante adottata (Stralcio 1 Variante 2) segna il passaggio definitivo da area artigianale-industriale a zona C.RT (Residenziale-Terziaria). Secondo le linee del piano, l&#8217;intervento prevede la demolizione delle vecchie strutture produttive per fare spazio a un complesso polifunzionale:<\/p>\n<ul data-path-to-node=\"8\">\n<li>\n<p data-path-to-node=\"8,0,0\">Il polo commerciale: La riqualificazione dovrebbe ospitare nuove superfici di vendita (voci insistenti parlano del trasferimento dell\u2019Eurospin in una posizione pi\u00f9 visibile fronte strada).<\/p>\n<\/li>\n<li>\n<p data-path-to-node=\"8,1,0\">Il comparto residenziale: Sono previsti nuovi volumi abitativi nelle zone pi\u00f9 interne, verso via dei Dendrolebi, per garantire una &#8220;ricucitura&#8221; con il tessuto residenziale circostante.<\/p>\n<\/li>\n<li>\n<p data-path-to-node=\"8,2,0\">Viabilit\u00e0 e standard: La variante \u00e8 fondamentale per ridefinire gli accessi su via Vittorio Veneto, uno dei nodi pi\u00f9 trafficati della citt\u00e0, con la previsione di nuovi parcheggi a uso pubblico e aree verdi.<\/p>\n<\/li>\n<\/ul>\n<p data-path-to-node=\"10\">L\u2019iter urbanistico entra ora nella fase del confronto pubblico. Da oggi, 11 maggio, e fino al 21 maggio 2026, tutti i cittadini possono consultare gli elaborati tecnici e i rendering del progetto sul sito ufficiale del Comune (<code data-path-to-node=\"10\" data-index-in-node=\"227\">edilizia.comune.belluno.it<\/code>).<\/p>\n<p data-path-to-node=\"11\">Per chi volesse intervenire formalmente, il calendario \u00e8 il seguente:<\/p>\n<ul data-path-to-node=\"12\">\n<li>\n<p data-path-to-node=\"12,0,0\">Entro il 10 giugno 2026: \u00c8 possibile presentare osservazioni o opposizioni. Le istanze possono essere inviate tramite <b data-path-to-node=\"12,0,0\" data-index-in-node=\"118\">PEC<\/b> (<code data-path-to-node=\"12,0,0\" data-index-in-node=\"123\">belluno.bl@cert.ip-veneto.net<\/code>), per posta raccomandata o consegnate a mano all&#8217;Ufficio Protocollo di Piazza Duomo.<\/p>\n<\/li>\n<\/ul>\n<p data-path-to-node=\"13\">L&#8217;operazione &#8220;Belluno 2&#8221; non \u00e8 solo un intervento edilizio, ma rappresenta la rimozione di una delle ultime aree industriali dismesse lungo l&#8217;asse commerciale della citt\u00e0, segnando un nuovo capitolo per l&#8217;estetica e la vivibilit\u00e0 della zona est di Belluno.<\/p>","protected":false},"excerpt":{"rendered":"<p>Il Comune di Belluno adotta la variante per il piano \u201cBelluno 2\u201d. Il progetto prevede la riqualificazione del comparto industriale tra la Lidl e Veneggia con un mix di commerciale e residenziale. Belluno, 11 maggio 2026\u00a0\u2013 Un altro tassello della trasformazione urbana di via Vittorio Veneto va al suo posto. La Giunta comunale, con la [&hellip;]<\/p>\n","protected":false},"author":2,"featured_media":170019,"comment_status":"closed","ping_status":"open","sticky":false,"template":"","format":"standard","meta":{"footnotes":""},"categories":[26,8],"tags":[],"class_list":["post-170018","post","type-post","status-publish","format-standard","has-post-thumbnail","category-prima-pagina","category-societa-istituzioni"],"yoast_head":"<!-- This site is optimized with the Yoast SEO plugin v28.4 - https:\/\/yoast.com\/product\/yoast-seo-wordpress\/ -->\n<title>Addio ai vecchi capannoni: rinasce l\u2019area ex Faena Marmi in via Vittorio Veneto - Bellunopress - Dolomiti<\/title>\n<meta name=\"robots\" content=\"index, follow, max-snippet:-1, max-image-preview:large, max-video-preview:-1\" \/>\n<link rel=\"canonical\" href=\"https:\/\/www.bellunopress.it\/fr\/2026\/05\/11\/addio-ai-vecchi-capannoni-rinasce-larea-ex-faena-marmi-in-via-vittorio-veneto\/\" \/>\n<meta property=\"og:locale\" content=\"fr_FR\" \/>\n<meta property=\"og:type\" content=\"article\" \/>\n<meta property=\"og:title\" content=\"Addio ai vecchi capannoni: rinasce l\u2019area ex Faena Marmi in via Vittorio Veneto - Bellunopress - Dolomiti\" \/>\n<meta property=\"og:description\" content=\"Il Comune di Belluno adotta la variante per il piano \u201cBelluno 2\u201d. Il progetto prevede la riqualificazione del comparto industriale tra la Lidl e Veneggia con un mix di commerciale e residenziale. Belluno, 11 maggio 2026\u00a0\u2013 Un altro tassello della trasformazione urbana di via Vittorio Veneto va al suo posto. La Giunta comunale, con la [&hellip;]\" \/>\n<meta property=\"og:url\" content=\"https:\/\/www.bellunopress.it\/fr\/2026\/05\/11\/addio-ai-vecchi-capannoni-rinasce-larea-ex-faena-marmi-in-via-vittorio-veneto\/\" \/>\n<meta property=\"og:site_name\" content=\"Bellunopress - Dolomiti\" \/>\n<meta property=\"article:publisher\" content=\"https:\/\/www.facebook.com\/profile.php?id=100008943462799\" \/>\n<meta property=\"article:published_time\" content=\"2026-05-11T13:36:03+00:00\" \/>\n<meta property=\"og:image\" content=\"https:\/\/www.bellunopress.it\/wp-content\/uploads\/2026\/05\/Belluno-ex-faena-marmi-via-v-veneto.jpg\" \/>\n\t<meta property=\"og:image:width\" content=\"600\" \/>\n\t<meta property=\"og:image:height\" content=\"450\" \/>\n\t<meta property=\"og:image:type\" content=\"image\/jpeg\" \/>\n<meta name=\"author\" content=\"redazione\" \/>\n<meta name=\"twitter:card\" content=\"summary_large_image\" \/>\n<meta name=\"twitter:creator\" content=\"@bellunopress\" \/>\n<meta name=\"twitter:site\" content=\"@bellunopress\" \/>\n<meta name=\"twitter:label1\" content=\"\u00c9crit par\" \/>\n\t<meta name=\"twitter:data1\" content=\"redazione\" \/>\n\t<meta name=\"twitter:label2\" content=\"Dur\u00e9e de lecture estim\u00e9e\" \/>\n\t<meta name=\"twitter:data2\" content=\"3 minutes\" \/>\n<script type=\"application\/ld+json\" class=\"yoast-schema-graph\">{\"@context\":\"https:\\\/\\\/schema.org\",\"@graph\":[{\"@type\":\"Article\",\"@id\":\"https:\\\/\\\/www.bellunopress.it\\\/2026\\\/05\\\/11\\\/addio-ai-vecchi-capannoni-rinasce-larea-ex-faena-marmi-in-via-vittorio-veneto\\\/#article\",\"isPartOf\":{\"@id\":\"https:\\\/\\\/www.bellunopress.it\\\/2026\\\/05\\\/11\\\/addio-ai-vecchi-capannoni-rinasce-larea-ex-faena-marmi-in-via-vittorio-veneto\\\/\"},\"author\":{\"name\":\"redazione\",\"@id\":\"https:\\\/\\\/www.bellunopress.it\\\/#\\\/schema\\\/person\\\/79bb06722b37ece1c03d3e94beb30d73\"},\"headline\":\"Addio ai vecchi capannoni: rinasce l\u2019area ex Faena Marmi in via Vittorio Veneto\",\"datePublished\":\"2026-05-11T13:36:03+00:00\",\"mainEntityOfPage\":{\"@id\":\"https:\\\/\\\/www.bellunopress.it\\\/2026\\\/05\\\/11\\\/addio-ai-vecchi-capannoni-rinasce-larea-ex-faena-marmi-in-via-vittorio-veneto\\\/\"},\"wordCount\":382,\"publisher\":{\"@id\":\"https:\\\/\\\/www.bellunopress.it\\\/#organization\"},\"image\":{\"@id\":\"https:\\\/\\\/www.bellunopress.it\\\/2026\\\/05\\\/11\\\/addio-ai-vecchi-capannoni-rinasce-larea-ex-faena-marmi-in-via-vittorio-veneto\\\/#primaryimage\"},\"thumbnailUrl\":\"https:\\\/\\\/www.bellunopress.it\\\/wp-content\\\/uploads\\\/2026\\\/05\\\/Belluno-ex-faena-marmi-via-v-veneto.jpg\",\"articleSection\":[\"Prima Pagina\",\"Societ\u00e0, Associazioni, Istituzioni\"],\"inLanguage\":\"fr-FR\"},{\"@type\":\"WebPage\",\"@id\":\"https:\\\/\\\/www.bellunopress.it\\\/2026\\\/05\\\/11\\\/addio-ai-vecchi-capannoni-rinasce-larea-ex-faena-marmi-in-via-vittorio-veneto\\\/\",\"url\":\"https:\\\/\\\/www.bellunopress.it\\\/2026\\\/05\\\/11\\\/addio-ai-vecchi-capannoni-rinasce-larea-ex-faena-marmi-in-via-vittorio-veneto\\\/\",\"name\":\"Addio ai vecchi capannoni: rinasce l\u2019area ex Faena Marmi in via Vittorio Veneto - Bellunopress - Dolomiti\",\"isPartOf\":{\"@id\":\"https:\\\/\\\/www.bellunopress.it\\\/#website\"},\"primaryImageOfPage\":{\"@id\":\"https:\\\/\\\/www.bellunopress.it\\\/2026\\\/05\\\/11\\\/addio-ai-vecchi-capannoni-rinasce-larea-ex-faena-marmi-in-via-vittorio-veneto\\\/#primaryimage\"},\"image\":{\"@id\":\"https:\\\/\\\/www.bellunopress.it\\\/2026\\\/05\\\/11\\\/addio-ai-vecchi-capannoni-rinasce-larea-ex-faena-marmi-in-via-vittorio-veneto\\\/#primaryimage\"},\"thumbnailUrl\":\"https:\\\/\\\/www.bellunopress.it\\\/wp-content\\\/uploads\\\/2026\\\/05\\\/Belluno-ex-faena-marmi-via-v-veneto.jpg\",\"datePublished\":\"2026-05-11T13:36:03+00:00\",\"breadcrumb\":{\"@id\":\"https:\\\/\\\/www.bellunopress.it\\\/2026\\\/05\\\/11\\\/addio-ai-vecchi-capannoni-rinasce-larea-ex-faena-marmi-in-via-vittorio-veneto\\\/#breadcrumb\"},\"inLanguage\":\"fr-FR\",\"potentialAction\":[{\"@type\":\"ReadAction\",\"target\":[\"https:\\\/\\\/www.bellunopress.it\\\/2026\\\/05\\\/11\\\/addio-ai-vecchi-capannoni-rinasce-larea-ex-faena-marmi-in-via-vittorio-veneto\\\/\"]}]},{\"@type\":\"ImageObject\",\"inLanguage\":\"fr-FR\",\"@id\":\"https:\\\/\\\/www.bellunopress.it\\\/2026\\\/05\\\/11\\\/addio-ai-vecchi-capannoni-rinasce-larea-ex-faena-marmi-in-via-vittorio-veneto\\\/#primaryimage\",\"url\":\"https:\\\/\\\/www.bellunopress.it\\\/wp-content\\\/uploads\\\/2026\\\/05\\\/Belluno-ex-faena-marmi-via-v-veneto.jpg\",\"contentUrl\":\"https:\\\/\\\/www.bellunopress.it\\\/wp-content\\\/uploads\\\/2026\\\/05\\\/Belluno-ex-faena-marmi-via-v-veneto.jpg\",\"width\":600,\"height\":450},{\"@type\":\"BreadcrumbList\",\"@id\":\"https:\\\/\\\/www.bellunopress.it\\\/2026\\\/05\\\/11\\\/addio-ai-vecchi-capannoni-rinasce-larea-ex-faena-marmi-in-via-vittorio-veneto\\\/#breadcrumb\",\"itemListElement\":[{\"@type\":\"ListItem\",\"position\":1,\"name\":\"Home\",\"item\":\"https:\\\/\\\/www.bellunopress.it\\\/\"},{\"@type\":\"ListItem\",\"position\":2,\"name\":\"Addio ai vecchi capannoni: rinasce l\u2019area ex Faena Marmi in via Vittorio Veneto\"}]},{\"@type\":\"WebSite\",\"@id\":\"https:\\\/\\\/www.bellunopress.it\\\/#website\",\"url\":\"https:\\\/\\\/www.bellunopress.it\\\/\",\"name\":\"Bellunopress - Dolomiti\",\"description\":\"e-mail: redazione@bellunopress.it\",\"publisher\":{\"@id\":\"https:\\\/\\\/www.bellunopress.it\\\/#organization\"},\"potentialAction\":[{\"@type\":\"SearchAction\",\"target\":{\"@type\":\"EntryPoint\",\"urlTemplate\":\"https:\\\/\\\/www.bellunopress.it\\\/?s={search_term_string}\"},\"query-input\":{\"@type\":\"PropertyValueSpecification\",\"valueRequired\":true,\"valueName\":\"search_term_string\"}}],\"inLanguage\":\"fr-FR\"},{\"@type\":\"Organization\",\"@id\":\"https:\\\/\\\/www.bellunopress.it\\\/#organization\",\"name\":\"Bellunopress\",\"url\":\"https:\\\/\\\/www.bellunopress.it\\\/\",\"logo\":{\"@type\":\"ImageObject\",\"inLanguage\":\"fr-FR\",\"@id\":\"https:\\\/\\\/www.bellunopress.it\\\/#\\\/schema\\\/logo\\\/image\\\/\",\"url\":\"https:\\\/\\\/www.bellunopress.it\\\/wp-content\\\/uploads\\\/2011\\\/05\\\/cropped-logo-bellunopress-.jpg\",\"contentUrl\":\"https:\\\/\\\/www.bellunopress.it\\\/wp-content\\\/uploads\\\/2011\\\/05\\\/cropped-logo-bellunopress-.jpg\",\"width\":512,\"height\":512,\"caption\":\"Bellunopress\"},\"image\":{\"@id\":\"https:\\\/\\\/www.bellunopress.it\\\/#\\\/schema\\\/logo\\\/image\\\/\"},\"sameAs\":[\"https:\\\/\\\/www.facebook.com\\\/profile.php?id=100008943462799\",\"https:\\\/\\\/x.com\\\/bellunopress\",\"https:\\\/\\\/www.linkedin.com\\\/hp\\\/?dnr=JBzUWaJfMUw8vbXJJ2tVW5-I3jZKvC4wsoxE&amp;amp;amp;amp;amp;amp;trk=nav_responsive_tab_home\",\"https:\\\/\\\/www.youtube.com\\\/channel\\\/UCxL0wu1uN0_3_7hGG0306cw\"]},{\"@type\":\"Person\",\"@id\":\"https:\\\/\\\/www.bellunopress.it\\\/#\\\/schema\\\/person\\\/79bb06722b37ece1c03d3e94beb30d73\",\"name\":\"redazione\",\"image\":{\"@type\":\"ImageObject\",\"inLanguage\":\"fr-FR\",\"@id\":\"https:\\\/\\\/secure.gravatar.com\\\/avatar\\\/37d968a2e67a6fd04c169c4bdef102d0bc5d31b2546345219e348575eb80e9a0?s=96&d=mm&r=g\",\"url\":\"https:\\\/\\\/secure.gravatar.com\\\/avatar\\\/37d968a2e67a6fd04c169c4bdef102d0bc5d31b2546345219e348575eb80e9a0?s=96&d=mm&r=g\",\"contentUrl\":\"https:\\\/\\\/secure.gravatar.com\\\/avatar\\\/37d968a2e67a6fd04c169c4bdef102d0bc5d31b2546345219e348575eb80e9a0?s=96&d=mm&r=g\",\"caption\":\"redazione\"},\"sameAs\":[\"http:\\\/\\\/www.bellunopress.it\",\"https:\\\/\\\/x.com\\\/bellunopress\"],\"url\":\"https:\\\/\\\/www.bellunopress.it\\\/fr\\\/author\\\/redazione\\\/\"}]}<\/script>\n<!-- \/ Yoast SEO plugin. -->","yoast_head_json":{"title":"Addio ai vecchi capannoni: rinasce l\u2019area ex Faena Marmi in via Vittorio Veneto - Bellunopress - Dolomiti","robots":{"index":"index","follow":"follow","max-snippet":"max-snippet:-1","max-image-preview":"max-image-preview:large","max-video-preview":"max-video-preview:-1"},"canonical":"https:\/\/www.bellunopress.it\/fr\/2026\/05\/11\/addio-ai-vecchi-capannoni-rinasce-larea-ex-faena-marmi-in-via-vittorio-veneto\/","og_locale":"fr_FR","og_type":"article","og_title":"Addio ai vecchi capannoni: rinasce l\u2019area ex Faena Marmi in via Vittorio Veneto - Bellunopress - Dolomiti","og_description":"Il Comune di Belluno adotta la variante per il piano \u201cBelluno 2\u201d. Il progetto prevede la riqualificazione del comparto industriale tra la Lidl e Veneggia con un mix di commerciale e residenziale. Belluno, 11 maggio 2026\u00a0\u2013 Un altro tassello della trasformazione urbana di via Vittorio Veneto va al suo posto. La Giunta comunale, con la [&hellip;]","og_url":"https:\/\/www.bellunopress.it\/fr\/2026\/05\/11\/addio-ai-vecchi-capannoni-rinasce-larea-ex-faena-marmi-in-via-vittorio-veneto\/","og_site_name":"Bellunopress - Dolomiti","article_publisher":"https:\/\/www.facebook.com\/profile.php?id=100008943462799","article_published_time":"2026-05-11T13:36:03+00:00","og_image":[{"width":600,"height":450,"url":"https:\/\/www.bellunopress.it\/wp-content\/uploads\/2026\/05\/Belluno-ex-faena-marmi-via-v-veneto.jpg","type":"image\/jpeg"}],"author":"redazione","twitter_card":"summary_large_image","twitter_creator":"@bellunopress","twitter_site":"@bellunopress","twitter_misc":{"\u00c9crit par":"redazione","Dur\u00e9e de lecture estim\u00e9e":"3 minutes"},"schema":{"@context":"https:\/\/schema.org","@graph":[{"@type":"Article","@id":"https:\/\/www.bellunopress.it\/2026\/05\/11\/addio-ai-vecchi-capannoni-rinasce-larea-ex-faena-marmi-in-via-vittorio-veneto\/#article","isPartOf":{"@id":"https:\/\/www.bellunopress.it\/2026\/05\/11\/addio-ai-vecchi-capannoni-rinasce-larea-ex-faena-marmi-in-via-vittorio-veneto\/"},"author":{"name":"redazione","@id":"https:\/\/www.bellunopress.it\/#\/schema\/person\/79bb06722b37ece1c03d3e94beb30d73"},"headline":"Addio ai vecchi capannoni: rinasce l\u2019area ex Faena Marmi in via Vittorio Veneto","datePublished":"2026-05-11T13:36:03+00:00","mainEntityOfPage":{"@id":"https:\/\/www.bellunopress.it\/2026\/05\/11\/addio-ai-vecchi-capannoni-rinasce-larea-ex-faena-marmi-in-via-vittorio-veneto\/"},"wordCount":382,"publisher":{"@id":"https:\/\/www.bellunopress.it\/#organization"},"image":{"@id":"https:\/\/www.bellunopress.it\/2026\/05\/11\/addio-ai-vecchi-capannoni-rinasce-larea-ex-faena-marmi-in-via-vittorio-veneto\/#primaryimage"},"thumbnailUrl":"https:\/\/www.bellunopress.it\/wp-content\/uploads\/2026\/05\/Belluno-ex-faena-marmi-via-v-veneto.jpg","articleSection":["Prima Pagina","Societ\u00e0, Associazioni, Istituzioni"],"inLanguage":"fr-FR"},{"@type":"WebPage","@id":"https:\/\/www.bellunopress.it\/2026\/05\/11\/addio-ai-vecchi-capannoni-rinasce-larea-ex-faena-marmi-in-via-vittorio-veneto\/","url":"https:\/\/www.bellunopress.it\/2026\/05\/11\/addio-ai-vecchi-capannoni-rinasce-larea-ex-faena-marmi-in-via-vittorio-veneto\/","name":"Addio ai vecchi capannoni: rinasce l\u2019area ex Faena Marmi in via Vittorio Veneto - Bellunopress - Dolomiti","isPartOf":{"@id":"https:\/\/www.bellunopress.it\/#website"},"primaryImageOfPage":{"@id":"https:\/\/www.bellunopress.it\/2026\/05\/11\/addio-ai-vecchi-capannoni-rinasce-larea-ex-faena-marmi-in-via-vittorio-veneto\/#primaryimage"},"image":{"@id":"https:\/\/www.bellunopress.it\/2026\/05\/11\/addio-ai-vecchi-capannoni-rinasce-larea-ex-faena-marmi-in-via-vittorio-veneto\/#primaryimage"},"thumbnailUrl":"https:\/\/www.bellunopress.it\/wp-content\/uploads\/2026\/05\/Belluno-ex-faena-marmi-via-v-veneto.jpg","datePublished":"2026-05-11T13:36:03+00:00","breadcrumb":{"@id":"https:\/\/www.bellunopress.it\/2026\/05\/11\/addio-ai-vecchi-capannoni-rinasce-larea-ex-faena-marmi-in-via-vittorio-veneto\/#breadcrumb"},"inLanguage":"fr-FR","potentialAction":[{"@type":"ReadAction","target":["https:\/\/www.bellunopress.it\/2026\/05\/11\/addio-ai-vecchi-capannoni-rinasce-larea-ex-faena-marmi-in-via-vittorio-veneto\/"]}]},{"@type":"ImageObject","inLanguage":"fr-FR","@id":"https:\/\/www.bellunopress.it\/2026\/05\/11\/addio-ai-vecchi-capannoni-rinasce-larea-ex-faena-marmi-in-via-vittorio-veneto\/#primaryimage","url":"https:\/\/www.bellunopress.it\/wp-content\/uploads\/2026\/05\/Belluno-ex-faena-marmi-via-v-veneto.jpg","contentUrl":"https:\/\/www.bellunopress.it\/wp-content\/uploads\/2026\/05\/Belluno-ex-faena-marmi-via-v-veneto.jpg","width":600,"height":450},{"@type":"BreadcrumbList","@id":"https:\/\/www.bellunopress.it\/2026\/05\/11\/addio-ai-vecchi-capannoni-rinasce-larea-ex-faena-marmi-in-via-vittorio-veneto\/#breadcrumb","itemListElement":[{"@type":"ListItem","position":1,"name":"Home","item":"https:\/\/www.bellunopress.it\/"},{"@type":"ListItem","position":2,"name":"Addio ai vecchi capannoni: rinasce l\u2019area ex Faena Marmi in via Vittorio Veneto"}]},{"@type":"WebSite","@id":"https:\/\/www.bellunopress.it\/#website","url":"https:\/\/www.bellunopress.it\/","name":"Bellunopress - Dolomiti","description":"e-mail: redazione@bellunopress.it","publisher":{"@id":"https:\/\/www.bellunopress.it\/#organization"},"potentialAction":[{"@type":"SearchAction","target":{"@type":"EntryPoint","urlTemplate":"https:\/\/www.bellunopress.it\/?s={search_term_string}"},"query-input":{"@type":"PropertyValueSpecification","valueRequired":true,"valueName":"search_term_string"}}],"inLanguage":"fr-FR"},{"@type":"Organization","@id":"https:\/\/www.bellunopress.it\/#organization","name":"Bellunopress","url":"https:\/\/www.bellunopress.it\/","logo":{"@type":"ImageObject","inLanguage":"fr-FR","@id":"https:\/\/www.bellunopress.it\/#\/schema\/logo\/image\/","url":"https:\/\/www.bellunopress.it\/wp-content\/uploads\/2011\/05\/cropped-logo-bellunopress-.jpg","contentUrl":"https:\/\/www.bellunopress.it\/wp-content\/uploads\/2011\/05\/cropped-logo-bellunopress-.jpg","width":512,"height":512,"caption":"Bellunopress"},"image":{"@id":"https:\/\/www.bellunopress.it\/#\/schema\/logo\/image\/"},"sameAs":["https:\/\/www.facebook.com\/profile.php?id=100008943462799","https:\/\/x.com\/bellunopress","https:\/\/www.linkedin.com\/hp\/?dnr=JBzUWaJfMUw8vbXJJ2tVW5-I3jZKvC4wsoxE&amp;amp;amp;amp;amp;amp;trk=nav_responsive_tab_home","https:\/\/www.youtube.com\/channel\/UCxL0wu1uN0_3_7hGG0306cw"]},{"@type":"Person","@id":"https:\/\/www.bellunopress.it\/#\/schema\/person\/79bb06722b37ece1c03d3e94beb30d73","name":"r\u00e9daction","image":{"@type":"ImageObject","inLanguage":"fr-FR","@id":"https:\/\/secure.gravatar.com\/avatar\/37d968a2e67a6fd04c169c4bdef102d0bc5d31b2546345219e348575eb80e9a0?s=96&d=mm&r=g","url":"https:\/\/secure.gravatar.com\/avatar\/37d968a2e67a6fd04c169c4bdef102d0bc5d31b2546345219e348575eb80e9a0?s=96&d=mm&r=g","contentUrl":"https:\/\/secure.gravatar.com\/avatar\/37d968a2e67a6fd04c169c4bdef102d0bc5d31b2546345219e348575eb80e9a0?s=96&d=mm&r=g","caption":"redazione"},"sameAs":["http:\/\/www.bellunopress.it","https:\/\/x.com\/bellunopress"],"url":"https:\/\/www.bellunopress.it\/fr\/author\/redazione\/"}]}},"_links":{"self":[{"href":"https:\/\/www.bellunopress.it\/fr\/wp-json\/wp\/v2\/posts\/170018","targetHints":{"allow":["GET"]}}],"collection":[{"href":"https:\/\/www.bellunopress.it\/fr\/wp-json\/wp\/v2\/posts"}],"about":[{"href":"https:\/\/www.bellunopress.it\/fr\/wp-json\/wp\/v2\/types\/post"}],"author":[{"embeddable":true,"href":"https:\/\/www.bellunopress.it\/fr\/wp-json\/wp\/v2\/users\/2"}],"replies":[{"embeddable":true,"href":"https:\/\/www.bellunopress.it\/fr\/wp-json\/wp\/v2\/comments?post=170018"}],"version-history":[{"count":1,"href":"https:\/\/www.bellunopress.it\/fr\/wp-json\/wp\/v2\/posts\/170018\/revisions"}],"predecessor-version":[{"id":170020,"href":"https:\/\/www.bellunopress.it\/fr\/wp-json\/wp\/v2\/posts\/170018\/revisions\/170020"}],"wp:featuredmedia":[{"embeddable":true,"href":"https:\/\/www.bellunopress.it\/fr\/wp-json\/wp\/v2\/media\/170019"}],"wp:attachment":[{"href":"https:\/\/www.bellunopress.it\/fr\/wp-json\/wp\/v2\/media?parent=170018"}],"wp:term":[{"taxonomy":"category","embeddable":true,"href":"https:\/\/www.bellunopress.it\/fr\/wp-json\/wp\/v2\/categories?post=170018"},{"taxonomy":"post_tag","embeddable":true,"href":"https:\/\/www.bellunopress.it\/fr\/wp-json\/wp\/v2\/tags?post=170018"}],"curies":[{"name":"wp","href":"https:\/\/api.w.org\/{rel}","templated":true}]}}