{"id":170003,"date":"2026-05-11T09:47:44","date_gmt":"2026-05-11T07:47:44","guid":{"rendered":"https:\/\/www.bellunopress.it\/?p=170003"},"modified":"2026-05-11T09:47:44","modified_gmt":"2026-05-11T07:47:44","slug":"la-commissione-europea-richiama-litalia-sulla-riforma-della-caccia-waldrappteam-chiede-una-maggiore-tutela-per-gli-uccelli-migratori","status":"publish","type":"post","link":"https:\/\/www.bellunopress.it\/fr\/2026\/05\/11\/la-commissione-europea-richiama-litalia-sulla-riforma-della-caccia-waldrappteam-chiede-una-maggiore-tutela-per-gli-uccelli-migratori\/","title":{"rendered":"La Commissione europea richiama l&#8217;Italia sulla riforma della caccia: Waldrappteam chiede una maggiore tutela per gli uccelli migratori"},"content":{"rendered":"<p>Waldrappteam Conservation and Research, impegnata nel progetto LIFE per la reintroduzione dell&#8217;Ibis eremita (LIFE20 NAT\/AT\/000049|LIFE NBI), esprime profonda preoccupazione a seguito della pubblicazione di una lettera ufficiale della Commissione Europea in cui si avverte che alcune disposizioni chiave del disegno di legge n. 1552 \u2014 la riforma della caccia attualmente in discussione al Senato \u2014 potrebbero violare la normativa ambientale europea.<\/p>\n<p>La Commissione critica in particolare la proposta di liberalizzazione dei richiami vivi e l&#8217;indebolimento dei meccanismi di controllo, avvertendo che tali misure potrebbero aumentare il bracconaggio e il traffico illegale di fauna selvatica.<\/p>\n<p>L&#8217;Ibis eremita \u00e8 una delle specie di uccelli migratori pi\u00f9 rare d&#8217;Europa ed \u00e8 stato salvato dall&#8217;estinzione in Europa centrale grazie a decenni di lavoro coordinato di conservazione a livello internazionale. Ogni singolo esemplare \u00e8 dotato di dispositivi di monitoraggio GPS, che consentono ai ricercatori di documentare le rotte migratorie e le cause di mortalit\u00e0 con eccezionale precisione. I dati forniscono una visione unica e scientificamente solida della reale portata della caccia illegale che colpisce gli uccelli migratori in Italia.<\/p>\n<p>Per Waldrappteam, le critiche della Commissione sono molto fondate. Grazie a un monitoraggio a distanza esteso, l&#8217;Ibis eremita \u00e8 diventato un&#8217;importante specie indicatrice della pressione venatoria illegale lungo le rotte migratorie. I dati di monitoraggio mostrano che circa il 30% di tutte le perdite di Ibis eremita in Italia \u00e8 causato dal bracconaggio, principalmente da parte di cacciatori autorizzati. In nessun altro luogo all&#8217;interno dell&#8217;areale della specie la caccia ha un impatto cos\u00ec grave.<\/p>\n<p>&#8220;Il nostro monitoraggio dimostra chiaramente il drammatico impatto che la caccia illegale ha ancora in Italia&#8221;, ha affermato Johannes Fritz, direttore di Waldrappteam. &#8220;Waldrappteam sta investendo notevoli sforzi per ridurre queste perdite e garantire un futuro sostenibile alla specie. Siamo quindi profondamente preoccupati che la legislazione proposta possa aumentare ulteriormente la pressione del bracconaggio e minacciare seriamente la sopravvivenza dell&#8217;Ibis eremita. Si deve presumere che questa situazione sia rappresentativa per molte specie di uccelli migratori in Italia&#8221;.<\/p>\n<p>L&#8217;insolito intervento della Commissione europea prima ancora che la legge sia stata adottata sottolinea la gravit\u00e0 della questione. Waldrappteam invita quindi il Governo e il Parlamento italiani a rivedere la proposta di legge in linea con le osservazioni della Commissione e a rafforzare \u2014 non indebolire \u2014 la protezione degli uccelli migratori.<\/p>","protected":false},"excerpt":{"rendered":"<p>Waldrappteam Conservation and Research, impegnata nel progetto LIFE per la reintroduzione dell&#8217;Ibis eremita (LIFE20 NAT\/AT\/000049|LIFE NBI), esprime profonda preoccupazione a seguito della pubblicazione di una lettera ufficiale della Commissione Europea in cui si avverte che alcune disposizioni chiave del disegno di legge n. 1552 \u2014 la riforma della caccia attualmente in discussione al Senato \u2014 [&hellip;]<\/p>\n","protected":false},"author":2,"featured_media":169291,"comment_status":"closed","ping_status":"open","sticky":false,"template":"","format":"standard","meta":{"footnotes":""},"categories":[5,38],"tags":[],"class_list":["post-170003","post","type-post","status-publish","format-standard","has-post-thumbnail","category-cronaca","category-natura-ambiente"],"yoast_head":"<!-- This site is optimized with the Yoast SEO plugin v28.4 - https:\/\/yoast.com\/product\/yoast-seo-wordpress\/ -->\n<title>La Commissione europea richiama l&#039;Italia sulla riforma della caccia: Waldrappteam chiede una maggiore tutela per gli uccelli migratori - Bellunopress - Dolomiti<\/title>\n<meta name=\"robots\" content=\"index, follow, max-snippet:-1, max-image-preview:large, max-video-preview:-1\" \/>\n<link rel=\"canonical\" href=\"https:\/\/www.bellunopress.it\/fr\/2026\/05\/11\/la-commissione-europea-richiama-litalia-sulla-riforma-della-caccia-waldrappteam-chiede-una-maggiore-tutela-per-gli-uccelli-migratori\/\" \/>\n<meta property=\"og:locale\" content=\"fr_FR\" \/>\n<meta property=\"og:type\" content=\"article\" \/>\n<meta property=\"og:title\" content=\"La Commissione europea richiama l&#039;Italia sulla riforma della caccia: Waldrappteam chiede una maggiore tutela per gli uccelli migratori - Bellunopress - Dolomiti\" \/>\n<meta property=\"og:description\" content=\"Waldrappteam Conservation and Research, impegnata nel progetto LIFE per la reintroduzione dell&#8217;Ibis eremita (LIFE20 NAT\/AT\/000049|LIFE NBI), esprime profonda preoccupazione a seguito della pubblicazione di una lettera ufficiale della Commissione Europea in cui si avverte che alcune disposizioni chiave del disegno di legge n. 1552 \u2014 la riforma della caccia attualmente in discussione al Senato \u2014 [&hellip;]\" \/>\n<meta property=\"og:url\" content=\"https:\/\/www.bellunopress.it\/fr\/2026\/05\/11\/la-commissione-europea-richiama-litalia-sulla-riforma-della-caccia-waldrappteam-chiede-una-maggiore-tutela-per-gli-uccelli-migratori\/\" \/>\n<meta property=\"og:site_name\" content=\"Bellunopress - Dolomiti\" \/>\n<meta property=\"article:publisher\" content=\"https:\/\/www.facebook.com\/profile.php?id=100008943462799\" \/>\n<meta property=\"article:published_time\" content=\"2026-05-11T07:47:44+00:00\" \/>\n<meta property=\"og:image\" content=\"https:\/\/www.bellunopress.it\/wp-content\/uploads\/2026\/04\/Ibis-uccello-migratore.jpg\" \/>\n\t<meta property=\"og:image:width\" content=\"600\" \/>\n\t<meta property=\"og:image:height\" content=\"550\" \/>\n\t<meta property=\"og:image:type\" content=\"image\/jpeg\" \/>\n<meta name=\"author\" content=\"redazione\" \/>\n<meta name=\"twitter:card\" content=\"summary_large_image\" \/>\n<meta name=\"twitter:creator\" content=\"@bellunopress\" \/>\n<meta name=\"twitter:site\" content=\"@bellunopress\" \/>\n<meta name=\"twitter:label1\" content=\"\u00c9crit par\" \/>\n\t<meta name=\"twitter:data1\" content=\"redazione\" \/>\n\t<meta name=\"twitter:label2\" content=\"Dur\u00e9e de lecture estim\u00e9e\" \/>\n\t<meta name=\"twitter:data2\" content=\"3 minutes\" \/>\n<script type=\"application\/ld+json\" class=\"yoast-schema-graph\">{\"@context\":\"https:\\\/\\\/schema.org\",\"@graph\":[{\"@type\":\"Article\",\"@id\":\"https:\\\/\\\/www.bellunopress.it\\\/2026\\\/05\\\/11\\\/la-commissione-europea-richiama-litalia-sulla-riforma-della-caccia-waldrappteam-chiede-una-maggiore-tutela-per-gli-uccelli-migratori\\\/#article\",\"isPartOf\":{\"@id\":\"https:\\\/\\\/www.bellunopress.it\\\/2026\\\/05\\\/11\\\/la-commissione-europea-richiama-litalia-sulla-riforma-della-caccia-waldrappteam-chiede-una-maggiore-tutela-per-gli-uccelli-migratori\\\/\"},\"author\":{\"name\":\"redazione\",\"@id\":\"https:\\\/\\\/www.bellunopress.it\\\/#\\\/schema\\\/person\\\/79bb06722b37ece1c03d3e94beb30d73\"},\"headline\":\"La Commissione europea richiama l&#8217;Italia sulla riforma della caccia: Waldrappteam chiede una maggiore tutela per gli uccelli migratori\",\"datePublished\":\"2026-05-11T07:47:44+00:00\",\"mainEntityOfPage\":{\"@id\":\"https:\\\/\\\/www.bellunopress.it\\\/2026\\\/05\\\/11\\\/la-commissione-europea-richiama-litalia-sulla-riforma-della-caccia-waldrappteam-chiede-una-maggiore-tutela-per-gli-uccelli-migratori\\\/\"},\"wordCount\":398,\"publisher\":{\"@id\":\"https:\\\/\\\/www.bellunopress.it\\\/#organization\"},\"image\":{\"@id\":\"https:\\\/\\\/www.bellunopress.it\\\/2026\\\/05\\\/11\\\/la-commissione-europea-richiama-litalia-sulla-riforma-della-caccia-waldrappteam-chiede-una-maggiore-tutela-per-gli-uccelli-migratori\\\/#primaryimage\"},\"thumbnailUrl\":\"https:\\\/\\\/www.bellunopress.it\\\/wp-content\\\/uploads\\\/2026\\\/04\\\/Ibis-uccello-migratore.jpg\",\"articleSection\":[\"Cronaca\\\/Politica\",\"Meteo, natura, ambiente, animali\"],\"inLanguage\":\"fr-FR\"},{\"@type\":\"WebPage\",\"@id\":\"https:\\\/\\\/www.bellunopress.it\\\/2026\\\/05\\\/11\\\/la-commissione-europea-richiama-litalia-sulla-riforma-della-caccia-waldrappteam-chiede-una-maggiore-tutela-per-gli-uccelli-migratori\\\/\",\"url\":\"https:\\\/\\\/www.bellunopress.it\\\/2026\\\/05\\\/11\\\/la-commissione-europea-richiama-litalia-sulla-riforma-della-caccia-waldrappteam-chiede-una-maggiore-tutela-per-gli-uccelli-migratori\\\/\",\"name\":\"La Commissione europea richiama l'Italia sulla riforma della caccia: Waldrappteam chiede una maggiore tutela per gli uccelli migratori - Bellunopress - Dolomiti\",\"isPartOf\":{\"@id\":\"https:\\\/\\\/www.bellunopress.it\\\/#website\"},\"primaryImageOfPage\":{\"@id\":\"https:\\\/\\\/www.bellunopress.it\\\/2026\\\/05\\\/11\\\/la-commissione-europea-richiama-litalia-sulla-riforma-della-caccia-waldrappteam-chiede-una-maggiore-tutela-per-gli-uccelli-migratori\\\/#primaryimage\"},\"image\":{\"@id\":\"https:\\\/\\\/www.bellunopress.it\\\/2026\\\/05\\\/11\\\/la-commissione-europea-richiama-litalia-sulla-riforma-della-caccia-waldrappteam-chiede-una-maggiore-tutela-per-gli-uccelli-migratori\\\/#primaryimage\"},\"thumbnailUrl\":\"https:\\\/\\\/www.bellunopress.it\\\/wp-content\\\/uploads\\\/2026\\\/04\\\/Ibis-uccello-migratore.jpg\",\"datePublished\":\"2026-05-11T07:47:44+00:00\",\"breadcrumb\":{\"@id\":\"https:\\\/\\\/www.bellunopress.it\\\/2026\\\/05\\\/11\\\/la-commissione-europea-richiama-litalia-sulla-riforma-della-caccia-waldrappteam-chiede-una-maggiore-tutela-per-gli-uccelli-migratori\\\/#breadcrumb\"},\"inLanguage\":\"fr-FR\",\"potentialAction\":[{\"@type\":\"ReadAction\",\"target\":[\"https:\\\/\\\/www.bellunopress.it\\\/2026\\\/05\\\/11\\\/la-commissione-europea-richiama-litalia-sulla-riforma-della-caccia-waldrappteam-chiede-una-maggiore-tutela-per-gli-uccelli-migratori\\\/\"]}]},{\"@type\":\"ImageObject\",\"inLanguage\":\"fr-FR\",\"@id\":\"https:\\\/\\\/www.bellunopress.it\\\/2026\\\/05\\\/11\\\/la-commissione-europea-richiama-litalia-sulla-riforma-della-caccia-waldrappteam-chiede-una-maggiore-tutela-per-gli-uccelli-migratori\\\/#primaryimage\",\"url\":\"https:\\\/\\\/www.bellunopress.it\\\/wp-content\\\/uploads\\\/2026\\\/04\\\/Ibis-uccello-migratore.jpg\",\"contentUrl\":\"https:\\\/\\\/www.bellunopress.it\\\/wp-content\\\/uploads\\\/2026\\\/04\\\/Ibis-uccello-migratore.jpg\",\"width\":600,\"height\":550,\"caption\":\"Ibis\"},{\"@type\":\"BreadcrumbList\",\"@id\":\"https:\\\/\\\/www.bellunopress.it\\\/2026\\\/05\\\/11\\\/la-commissione-europea-richiama-litalia-sulla-riforma-della-caccia-waldrappteam-chiede-una-maggiore-tutela-per-gli-uccelli-migratori\\\/#breadcrumb\",\"itemListElement\":[{\"@type\":\"ListItem\",\"position\":1,\"name\":\"Home\",\"item\":\"https:\\\/\\\/www.bellunopress.it\\\/\"},{\"@type\":\"ListItem\",\"position\":2,\"name\":\"La Commissione europea richiama l&#8217;Italia sulla riforma della caccia: Waldrappteam chiede una maggiore tutela per gli uccelli migratori\"}]},{\"@type\":\"WebSite\",\"@id\":\"https:\\\/\\\/www.bellunopress.it\\\/#website\",\"url\":\"https:\\\/\\\/www.bellunopress.it\\\/\",\"name\":\"Bellunopress - Dolomiti\",\"description\":\"e-mail: redazione@bellunopress.it\",\"publisher\":{\"@id\":\"https:\\\/\\\/www.bellunopress.it\\\/#organization\"},\"potentialAction\":[{\"@type\":\"SearchAction\",\"target\":{\"@type\":\"EntryPoint\",\"urlTemplate\":\"https:\\\/\\\/www.bellunopress.it\\\/?s={search_term_string}\"},\"query-input\":{\"@type\":\"PropertyValueSpecification\",\"valueRequired\":true,\"valueName\":\"search_term_string\"}}],\"inLanguage\":\"fr-FR\"},{\"@type\":\"Organization\",\"@id\":\"https:\\\/\\\/www.bellunopress.it\\\/#organization\",\"name\":\"Bellunopress\",\"url\":\"https:\\\/\\\/www.bellunopress.it\\\/\",\"logo\":{\"@type\":\"ImageObject\",\"inLanguage\":\"fr-FR\",\"@id\":\"https:\\\/\\\/www.bellunopress.it\\\/#\\\/schema\\\/logo\\\/image\\\/\",\"url\":\"https:\\\/\\\/www.bellunopress.it\\\/wp-content\\\/uploads\\\/2011\\\/05\\\/cropped-logo-bellunopress-.jpg\",\"contentUrl\":\"https:\\\/\\\/www.bellunopress.it\\\/wp-content\\\/uploads\\\/2011\\\/05\\\/cropped-logo-bellunopress-.jpg\",\"width\":512,\"height\":512,\"caption\":\"Bellunopress\"},\"image\":{\"@id\":\"https:\\\/\\\/www.bellunopress.it\\\/#\\\/schema\\\/logo\\\/image\\\/\"},\"sameAs\":[\"https:\\\/\\\/www.facebook.com\\\/profile.php?id=100008943462799\",\"https:\\\/\\\/x.com\\\/bellunopress\",\"https:\\\/\\\/www.linkedin.com\\\/hp\\\/?dnr=JBzUWaJfMUw8vbXJJ2tVW5-I3jZKvC4wsoxE&amp;amp;amp;amp;amp;amp;trk=nav_responsive_tab_home\",\"https:\\\/\\\/www.youtube.com\\\/channel\\\/UCxL0wu1uN0_3_7hGG0306cw\"]},{\"@type\":\"Person\",\"@id\":\"https:\\\/\\\/www.bellunopress.it\\\/#\\\/schema\\\/person\\\/79bb06722b37ece1c03d3e94beb30d73\",\"name\":\"redazione\",\"image\":{\"@type\":\"ImageObject\",\"inLanguage\":\"fr-FR\",\"@id\":\"https:\\\/\\\/secure.gravatar.com\\\/avatar\\\/37d968a2e67a6fd04c169c4bdef102d0bc5d31b2546345219e348575eb80e9a0?s=96&d=mm&r=g\",\"url\":\"https:\\\/\\\/secure.gravatar.com\\\/avatar\\\/37d968a2e67a6fd04c169c4bdef102d0bc5d31b2546345219e348575eb80e9a0?s=96&d=mm&r=g\",\"contentUrl\":\"https:\\\/\\\/secure.gravatar.com\\\/avatar\\\/37d968a2e67a6fd04c169c4bdef102d0bc5d31b2546345219e348575eb80e9a0?s=96&d=mm&r=g\",\"caption\":\"redazione\"},\"sameAs\":[\"http:\\\/\\\/www.bellunopress.it\",\"https:\\\/\\\/x.com\\\/bellunopress\"],\"url\":\"https:\\\/\\\/www.bellunopress.it\\\/fr\\\/author\\\/redazione\\\/\"}]}<\/script>\n<!-- \/ Yoast SEO plugin. -->","yoast_head_json":{"title":"La Commissione europea richiama l'Italia sulla riforma della caccia: Waldrappteam chiede una maggiore tutela per gli uccelli migratori - Bellunopress - Dolomiti","robots":{"index":"index","follow":"follow","max-snippet":"max-snippet:-1","max-image-preview":"max-image-preview:large","max-video-preview":"max-video-preview:-1"},"canonical":"https:\/\/www.bellunopress.it\/fr\/2026\/05\/11\/la-commissione-europea-richiama-litalia-sulla-riforma-della-caccia-waldrappteam-chiede-una-maggiore-tutela-per-gli-uccelli-migratori\/","og_locale":"fr_FR","og_type":"article","og_title":"La Commissione europea richiama l'Italia sulla riforma della caccia: Waldrappteam chiede una maggiore tutela per gli uccelli migratori - Bellunopress - Dolomiti","og_description":"Waldrappteam Conservation and Research, impegnata nel progetto LIFE per la reintroduzione dell&#8217;Ibis eremita (LIFE20 NAT\/AT\/000049|LIFE NBI), esprime profonda preoccupazione a seguito della pubblicazione di una lettera ufficiale della Commissione Europea in cui si avverte che alcune disposizioni chiave del disegno di legge n. 1552 \u2014 la riforma della caccia attualmente in discussione al Senato \u2014 [&hellip;]","og_url":"https:\/\/www.bellunopress.it\/fr\/2026\/05\/11\/la-commissione-europea-richiama-litalia-sulla-riforma-della-caccia-waldrappteam-chiede-una-maggiore-tutela-per-gli-uccelli-migratori\/","og_site_name":"Bellunopress - Dolomiti","article_publisher":"https:\/\/www.facebook.com\/profile.php?id=100008943462799","article_published_time":"2026-05-11T07:47:44+00:00","og_image":[{"width":600,"height":550,"url":"https:\/\/www.bellunopress.it\/wp-content\/uploads\/2026\/04\/Ibis-uccello-migratore.jpg","type":"image\/jpeg"}],"author":"redazione","twitter_card":"summary_large_image","twitter_creator":"@bellunopress","twitter_site":"@bellunopress","twitter_misc":{"\u00c9crit par":"redazione","Dur\u00e9e de lecture estim\u00e9e":"3 minutes"},"schema":{"@context":"https:\/\/schema.org","@graph":[{"@type":"Article","@id":"https:\/\/www.bellunopress.it\/2026\/05\/11\/la-commissione-europea-richiama-litalia-sulla-riforma-della-caccia-waldrappteam-chiede-una-maggiore-tutela-per-gli-uccelli-migratori\/#article","isPartOf":{"@id":"https:\/\/www.bellunopress.it\/2026\/05\/11\/la-commissione-europea-richiama-litalia-sulla-riforma-della-caccia-waldrappteam-chiede-una-maggiore-tutela-per-gli-uccelli-migratori\/"},"author":{"name":"redazione","@id":"https:\/\/www.bellunopress.it\/#\/schema\/person\/79bb06722b37ece1c03d3e94beb30d73"},"headline":"La Commissione europea richiama l&#8217;Italia sulla riforma della caccia: Waldrappteam chiede una maggiore tutela per gli uccelli migratori","datePublished":"2026-05-11T07:47:44+00:00","mainEntityOfPage":{"@id":"https:\/\/www.bellunopress.it\/2026\/05\/11\/la-commissione-europea-richiama-litalia-sulla-riforma-della-caccia-waldrappteam-chiede-una-maggiore-tutela-per-gli-uccelli-migratori\/"},"wordCount":398,"publisher":{"@id":"https:\/\/www.bellunopress.it\/#organization"},"image":{"@id":"https:\/\/www.bellunopress.it\/2026\/05\/11\/la-commissione-europea-richiama-litalia-sulla-riforma-della-caccia-waldrappteam-chiede-una-maggiore-tutela-per-gli-uccelli-migratori\/#primaryimage"},"thumbnailUrl":"https:\/\/www.bellunopress.it\/wp-content\/uploads\/2026\/04\/Ibis-uccello-migratore.jpg","articleSection":["Cronaca\/Politica","Meteo, natura, ambiente, animali"],"inLanguage":"fr-FR"},{"@type":"WebPage","@id":"https:\/\/www.bellunopress.it\/2026\/05\/11\/la-commissione-europea-richiama-litalia-sulla-riforma-della-caccia-waldrappteam-chiede-una-maggiore-tutela-per-gli-uccelli-migratori\/","url":"https:\/\/www.bellunopress.it\/2026\/05\/11\/la-commissione-europea-richiama-litalia-sulla-riforma-della-caccia-waldrappteam-chiede-una-maggiore-tutela-per-gli-uccelli-migratori\/","name":"La Commissione europea richiama l'Italia sulla riforma della caccia: Waldrappteam chiede una maggiore tutela per gli uccelli migratori - Bellunopress - Dolomiti","isPartOf":{"@id":"https:\/\/www.bellunopress.it\/#website"},"primaryImageOfPage":{"@id":"https:\/\/www.bellunopress.it\/2026\/05\/11\/la-commissione-europea-richiama-litalia-sulla-riforma-della-caccia-waldrappteam-chiede-una-maggiore-tutela-per-gli-uccelli-migratori\/#primaryimage"},"image":{"@id":"https:\/\/www.bellunopress.it\/2026\/05\/11\/la-commissione-europea-richiama-litalia-sulla-riforma-della-caccia-waldrappteam-chiede-una-maggiore-tutela-per-gli-uccelli-migratori\/#primaryimage"},"thumbnailUrl":"https:\/\/www.bellunopress.it\/wp-content\/uploads\/2026\/04\/Ibis-uccello-migratore.jpg","datePublished":"2026-05-11T07:47:44+00:00","breadcrumb":{"@id":"https:\/\/www.bellunopress.it\/2026\/05\/11\/la-commissione-europea-richiama-litalia-sulla-riforma-della-caccia-waldrappteam-chiede-una-maggiore-tutela-per-gli-uccelli-migratori\/#breadcrumb"},"inLanguage":"fr-FR","potentialAction":[{"@type":"ReadAction","target":["https:\/\/www.bellunopress.it\/2026\/05\/11\/la-commissione-europea-richiama-litalia-sulla-riforma-della-caccia-waldrappteam-chiede-una-maggiore-tutela-per-gli-uccelli-migratori\/"]}]},{"@type":"ImageObject","inLanguage":"fr-FR","@id":"https:\/\/www.bellunopress.it\/2026\/05\/11\/la-commissione-europea-richiama-litalia-sulla-riforma-della-caccia-waldrappteam-chiede-una-maggiore-tutela-per-gli-uccelli-migratori\/#primaryimage","url":"https:\/\/www.bellunopress.it\/wp-content\/uploads\/2026\/04\/Ibis-uccello-migratore.jpg","contentUrl":"https:\/\/www.bellunopress.it\/wp-content\/uploads\/2026\/04\/Ibis-uccello-migratore.jpg","width":600,"height":550,"caption":"Ibis"},{"@type":"BreadcrumbList","@id":"https:\/\/www.bellunopress.it\/2026\/05\/11\/la-commissione-europea-richiama-litalia-sulla-riforma-della-caccia-waldrappteam-chiede-una-maggiore-tutela-per-gli-uccelli-migratori\/#breadcrumb","itemListElement":[{"@type":"ListItem","position":1,"name":"Home","item":"https:\/\/www.bellunopress.it\/"},{"@type":"ListItem","position":2,"name":"La Commissione europea richiama l&#8217;Italia sulla riforma della caccia: Waldrappteam chiede una maggiore tutela per gli uccelli migratori"}]},{"@type":"WebSite","@id":"https:\/\/www.bellunopress.it\/#website","url":"https:\/\/www.bellunopress.it\/","name":"Bellunopress - Dolomiti","description":"e-mail: redazione@bellunopress.it","publisher":{"@id":"https:\/\/www.bellunopress.it\/#organization"},"potentialAction":[{"@type":"SearchAction","target":{"@type":"EntryPoint","urlTemplate":"https:\/\/www.bellunopress.it\/?s={search_term_string}"},"query-input":{"@type":"PropertyValueSpecification","valueRequired":true,"valueName":"search_term_string"}}],"inLanguage":"fr-FR"},{"@type":"Organization","@id":"https:\/\/www.bellunopress.it\/#organization","name":"Bellunopress","url":"https:\/\/www.bellunopress.it\/","logo":{"@type":"ImageObject","inLanguage":"fr-FR","@id":"https:\/\/www.bellunopress.it\/#\/schema\/logo\/image\/","url":"https:\/\/www.bellunopress.it\/wp-content\/uploads\/2011\/05\/cropped-logo-bellunopress-.jpg","contentUrl":"https:\/\/www.bellunopress.it\/wp-content\/uploads\/2011\/05\/cropped-logo-bellunopress-.jpg","width":512,"height":512,"caption":"Bellunopress"},"image":{"@id":"https:\/\/www.bellunopress.it\/#\/schema\/logo\/image\/"},"sameAs":["https:\/\/www.facebook.com\/profile.php?id=100008943462799","https:\/\/x.com\/bellunopress","https:\/\/www.linkedin.com\/hp\/?dnr=JBzUWaJfMUw8vbXJJ2tVW5-I3jZKvC4wsoxE&amp;amp;amp;amp;amp;amp;trk=nav_responsive_tab_home","https:\/\/www.youtube.com\/channel\/UCxL0wu1uN0_3_7hGG0306cw"]},{"@type":"Person","@id":"https:\/\/www.bellunopress.it\/#\/schema\/person\/79bb06722b37ece1c03d3e94beb30d73","name":"r\u00e9daction","image":{"@type":"ImageObject","inLanguage":"fr-FR","@id":"https:\/\/secure.gravatar.com\/avatar\/37d968a2e67a6fd04c169c4bdef102d0bc5d31b2546345219e348575eb80e9a0?s=96&d=mm&r=g","url":"https:\/\/secure.gravatar.com\/avatar\/37d968a2e67a6fd04c169c4bdef102d0bc5d31b2546345219e348575eb80e9a0?s=96&d=mm&r=g","contentUrl":"https:\/\/secure.gravatar.com\/avatar\/37d968a2e67a6fd04c169c4bdef102d0bc5d31b2546345219e348575eb80e9a0?s=96&d=mm&r=g","caption":"redazione"},"sameAs":["http:\/\/www.bellunopress.it","https:\/\/x.com\/bellunopress"],"url":"https:\/\/www.bellunopress.it\/fr\/author\/redazione\/"}]}},"_links":{"self":[{"href":"https:\/\/www.bellunopress.it\/fr\/wp-json\/wp\/v2\/posts\/170003","targetHints":{"allow":["GET"]}}],"collection":[{"href":"https:\/\/www.bellunopress.it\/fr\/wp-json\/wp\/v2\/posts"}],"about":[{"href":"https:\/\/www.bellunopress.it\/fr\/wp-json\/wp\/v2\/types\/post"}],"author":[{"embeddable":true,"href":"https:\/\/www.bellunopress.it\/fr\/wp-json\/wp\/v2\/users\/2"}],"replies":[{"embeddable":true,"href":"https:\/\/www.bellunopress.it\/fr\/wp-json\/wp\/v2\/comments?post=170003"}],"version-history":[{"count":1,"href":"https:\/\/www.bellunopress.it\/fr\/wp-json\/wp\/v2\/posts\/170003\/revisions"}],"predecessor-version":[{"id":170004,"href":"https:\/\/www.bellunopress.it\/fr\/wp-json\/wp\/v2\/posts\/170003\/revisions\/170004"}],"wp:featuredmedia":[{"embeddable":true,"href":"https:\/\/www.bellunopress.it\/fr\/wp-json\/wp\/v2\/media\/169291"}],"wp:attachment":[{"href":"https:\/\/www.bellunopress.it\/fr\/wp-json\/wp\/v2\/media?parent=170003"}],"wp:term":[{"taxonomy":"category","embeddable":true,"href":"https:\/\/www.bellunopress.it\/fr\/wp-json\/wp\/v2\/categories?post=170003"},{"taxonomy":"post_tag","embeddable":true,"href":"https:\/\/www.bellunopress.it\/fr\/wp-json\/wp\/v2\/tags?post=170003"}],"curies":[{"name":"wp","href":"https:\/\/api.w.org\/{rel}","templated":true}]}}