{"id":169967,"date":"2026-05-10T19:45:00","date_gmt":"2026-05-10T17:45:00","guid":{"rendered":"https:\/\/www.bellunopress.it\/?p=169967"},"modified":"2026-06-03T19:02:39","modified_gmt":"2026-06-03T17:02:39","slug":"la-via-retta-per-feltre-lode-del-professor-emilio-da-rold","status":"publish","type":"post","link":"https:\/\/www.bellunopress.it\/fr\/2026\/05\/10\/la-via-retta-per-feltre-lode-del-professor-emilio-da-rold\/","title":{"rendered":"La via retta per Feltre: l\u2019ode del professor Emilio Da Rold"},"content":{"rendered":"<p><strong>Torniamo sul <em>caso via Feltre<\/em> e questa volta lo facciamo in versi<\/strong><\/p>\n<p>Belluno, 10 maggio 2026 &#8211; Ricordiamo innanzitutto che il progetto di riqualificazione di via Feltre \u00e8 ora pendente dinanzi al Tar Tribunale amministrativo regionale, a seguito del ricorso avanzato da Italia Nostra e Onda Veneto per la questione dell\u2019abbattimento dei tigli.<\/p>\n<p>Ma oggi diamo voce al componimento poetico in 180 versi e 30 sestine di Emilio Da Rold, docente di lettere.<\/p>\n<p>Nell&#8217;ode dal titolo &#8220;La via retta per Feltre&#8221;, il professor Emilio Da Rold affronta il tema della riqualificazione di via Feltre a Belluno bilanciando pragmatismo e sensibilit\u00e0 estetica.<\/p>\n<p><em>L&#8217;estetica e la &#8220;Patria&#8221;<\/em>. L&#8217;autore sottolinea come la bellezza del paesaggio urbano sia un bene comune che appartiene a tutti, dai residenti ai commercianti. Via Feltre \u00e8 descritta come una strada &#8220;orfanella e smarrita&#8221; che merita di essere riportata a un nuovo splendore.<\/p>\n<p><em>Il problema dei tigli e dei marciapiedi<\/em>. Da Rold riconosce lo stato di degrado attuale: i marciapiedi sono &#8220;sconvolti&#8221; dalle radici giganti degli alberi.\u00a0 Pur non essendo un tab\u00f9 l&#8217;idea di abbattere le piante, l&#8217;autore si chiede se una &#8220;savia potatura&#8221; e interventi specialistici non possano salvare i filari, citando come esempio i cedri di Piazza dei Martiri.<\/p>\n<p><em>Necessit\u00e0 del verde<\/em>. In ogni caso, l\u2019autore pretende che la via mantenga la sua &#8220;verde frescura&#8221;, chiedendo che ci sia &#8220;uguale o pi\u00f9&#8221; verde rinfrescante rispetto a prima.<\/p>\n<p><em>La gestione del progetto e il donatore benefattore<\/em>. Viene celebrata la generosit\u00e0 del privato (definito &#8220;Everg\u00e8te&#8221;) che finanzia l&#8217;opera per amore della citt\u00e0.<\/p>\n<p><em>Metodo e dialogo<\/em>. L&#8217;autore critica la mancanza di un dibattito pubblico ampio e aperto. Sostiene che il progetto debba nascere da un &#8220;dialogo costante&#8221; con chi abita e vive la via.<\/p>\n<p><em>Equilibrio degli spazi<\/em>. Da Rold auspica una ridistribuzione corretta: pi\u00f9 spazio per pedoni e biciclette e meno per le auto.<\/p>\n<p><em>La visione per il futuro<\/em>. Il professore\/poeta invita a non temere il cambiamento e a saper superare gli scontri e le &#8220;tesi opposte&#8221; per giungere a &#8220;bei patti&#8221;. L&#8217;obiettivo finale deve essere un&#8217;opera &#8220;ben fatta&#8221; che duri secoli e non mesi, rifuggendo la fretta in favore di una lunga riflessione.<\/p>\n<p>Prima di lasciarvi alla poesia, ricordiamo alcune circostanze segnalate e sostenute dai residenti e rappresentate nei seguenti 5 punti dal capofrazione Maurizio Vettorel, con l\u2019auspicio che la generosa donazione del benefattore per la realizzazione del progetto vada a buon fine in tempi ragionevoli:<\/p>\n<p>&#8211;\u00a0\u00a0\u00a0\u00a0\u00a0\u00a0\u00a0\u00a0\u00a0\u00a0\u00a0\u00a0 Sistemazione marciapiedi con rimozione delle barriere architettoniche<\/p>\n<p>&#8211;\u00a0\u00a0\u00a0\u00a0\u00a0\u00a0\u00a0\u00a0\u00a0\u00a0\u00a0\u00a0 Nuovi alberi dislocati in modo razionale, integrati al nuovo progetto<\/p>\n<p>&#8211;\u00a0\u00a0\u00a0\u00a0\u00a0\u00a0\u00a0\u00a0\u00a0\u00a0\u00a0\u00a0 Sistemazione degli impianti di smaltimento delle acque pluviali, causa di allagamenti. E della rete idrica e fognaria<\/p>\n<p>&#8211;\u00a0\u00a0\u00a0\u00a0\u00a0\u00a0\u00a0\u00a0\u00a0\u00a0\u00a0\u00a0 Traffico e sicurezza: limiti di velocit\u00e0 a 30 Km\/h e illuminazione degli attraversamenti pedonali<\/p>\n<p>&#8211;\u00a0\u00a0\u00a0\u00a0\u00a0\u00a0\u00a0\u00a0\u00a0\u00a0\u00a0\u00a0 Pista ciclopedonale a doppio senso, l\u2019unica possibile per poter salvaguardare i parcheggi<\/p>\n<p>&nbsp;<\/p>\n<p><strong>La via retta per Feltre\u00a0\u00a0 * di Emilio Da Rold<\/strong><\/p>\n<p>&nbsp;<\/p>\n<p>Ah, come ad alto invita<\/p>\n<p>La via F\u00e8ltre di tigli<\/p>\n<p>Orfanella e smarrita,<\/p>\n<p>Lume a pi\u00f9 bei consigli<\/p>\n<p>Levando il rozzo e il tetro,<\/p>\n<p>Me, in desueto metro!<\/p>\n<p>&nbsp;<\/p>\n<p>Dal sito che abitiamo<\/p>\n<p>Giro di famigliari<\/p>\n<p>Bellezze ci godiamo,<\/p>\n<p>Se ai monti senza pari<\/p>\n<p>Pur la vista consente<\/p>\n<p>Un clima delinquente.<\/p>\n<p>&nbsp;<\/p>\n<p>\u00c8 quel che in buona lingua<\/p>\n<p>Chiamano patria: a ognuno<\/p>\n<p>Rincresce che si estingua,<\/p>\n<p>Sia il Giappone o Belluno,<\/p>\n<p>Briciola che sentisse<\/p>\n<p>Di belt\u00e0, fra cui visse.<\/p>\n<p>&nbsp;<\/p>\n<p>E questo val per tutti,<\/p>\n<p>Ch\u00e9 giovevole piace,<\/p>\n<p>Bassi alti e belli o brutti<\/p>\n<p>Verde frescura e pace,<\/p>\n<p>Siano di contemplanti<\/p>\n<p>Gli animi, o botteganti.<\/p>\n<p>&nbsp;<\/p>\n<p>Marciapiedi sconvolti<\/p>\n<p>Dai ceppi giganteschi<\/p>\n<p>D\u2019alberi che han sepolti<\/p>\n<p>E in chioma gli arabeschi,<\/p>\n<p>Ricordo, Buenos Aires,<\/p>\n<p><em>\u00a1donaires tus desaires! <\/em>(1)<\/p>\n<p>&nbsp;<\/p>\n<p>S\u00ec che non mi ci spiacquero<\/p>\n<p>Arie, cred\u2019io, non male:<\/p>\n<p>Vento ne spazza le acque<\/p>\n<p>E l\u2019astro scende o sale<\/p>\n<p>Sovente in puro cielo,<\/p>\n<p>D\u2019urbane selve al velo.<\/p>\n<p>&nbsp;<\/p>\n<p>Qui poi chi m\u2019assicura,<\/p>\n<p>Che a bravi giardinieri<\/p>\n<p>Con savia aggiustatura<\/p>\n<p>Buoni non dian sentieri<\/p>\n<p>Radici, come razza<\/p>\n<p>Di gran cedri alla Piazza?<\/p>\n<p>&nbsp;<\/p>\n<p>Piazza a cui, se non muoia<\/p>\n<p>Di quei martiri il nome<\/p>\n<p>Che cinse al collo un boia,<\/p>\n<p>Diamo a reimparar come<\/p>\n<p>Sia riposato e bello<\/p>\n<p>Vivere, il Campitello (2).<\/p>\n<p>&nbsp;<\/p>\n<p>La questione mi \u00e8 chiara:<\/p>\n<p>Generoso un signore<\/p>\n<p>Suoi denari prepara<\/p>\n<p>Perch\u00e9 a nuovo lindore<\/p>\n<p>Rinasca quella via<\/p>\n<p>Onde a F\u00e8ltre \u00e8 la via.<\/p>\n<p>&nbsp;<\/p>\n<p>\u00c8 gi\u00e0 quasi abitudine<\/p>\n<p>Che nomi colui meriti<\/p>\n<p>Belli e per gratitudine<\/p>\n<p>Cos\u00ec lo si rimeriti:<\/p>\n<p>All\u2019ospedale e a un parco<\/p>\n<p>Largheggi\u00f2, e non fu parco.<\/p>\n<p>&nbsp;<\/p>\n<p>Benefattore adesso<\/p>\n<p>Ma col greco<em> Everg\u00e8te<\/em><\/p>\n<p>Si viene a dir lo stesso:<\/p>\n<p>Che in orecchie discrete<\/p>\n<p>Suona quasi perenne,<\/p>\n<p>E aulico, e solenne.<\/p>\n<p>&nbsp;<\/p>\n<p>Ma un munifico vanto<\/p>\n<p>Aggiunse nella storia<\/p>\n<p>Chi, e propriamente quanto<\/p>\n<p>Propiziasse per gloria<\/p>\n<p>Di contrade o citt\u00e0<\/p>\n<p>Vera felicit\u00e0.<\/p>\n<p>&nbsp;<\/p>\n<p><em>\u00a0VTILITAS VENVSTAS<\/em><\/p>\n<p><em>FIRMITAS<\/em> \u2013 ecco i punti<\/p>\n<p>Che Vitruvio <em>AD RES IVSTAS <\/em><\/p>\n<p>Prescrive come assunti:<\/p>\n<p>E quell\u2019uomo ebbe in traccia<\/p>\n<p>Leonardo, a quattro braccia.<\/p>\n<p>&nbsp;<\/p>\n<p>E chi soltanto cura<\/p>\n<p>L\u2019utile breve breve,<\/p>\n<p>E belt\u00e0 duratura<\/p>\n<p>Schifa, schifarsi deve<\/p>\n<p>Come spregiano i savi<\/p>\n<p>Un sentire da schiavi.<\/p>\n<p>&nbsp;<\/p>\n<p>Ma questo \u00e8 poco e certo,<\/p>\n<p>Non vi fu generale<\/p>\n<p>Dibattere, ampio, aperto;<\/p>\n<p>Che col dono speciale<\/p>\n<p>Ben si addiceva ai fini,<\/p>\n<p>Bene di cittadini.<\/p>\n<p>&nbsp;<\/p>\n<p>Perch\u00e9 a molti compete<\/p>\n<p>In dialogo costante<\/p>\n<p>Che si faccian pi\u00f9 liete<\/p>\n<p>Le vie: per l\u2019abitante,<\/p>\n<p>Per chi si ferma o passa<\/p>\n<p>E ozia, o smercia e incassa.<\/p>\n<p>&nbsp;<\/p>\n<p>A ognuno la sua arte:<\/p>\n<p>L\u2019abitatore dica,<\/p>\n<p>Scernendo a parte a parte<\/p>\n<p>Quel che a un borgo si addica:<\/p>\n<p>N\u00e9 poi contrada trista<\/p>\n<p>Gli far\u00e0 un urbanista.<\/p>\n<p>&nbsp;<\/p>\n<p>Ma il Pubblico, se incassi<\/p>\n<p>Povert\u00e0 miserande?<\/p>\n<p>Ringrazi n\u00e9 si abbassi<\/p>\n<p>Col minore, il pi\u00f9 grande:<\/p>\n<p>Pur mancia ben accetta<\/p>\n<p>Chiare forme rispetta.<\/p>\n<p>&nbsp;<\/p>\n<p>E ciascuno abbia il giusto:<\/p>\n<p>Gente e bici pi\u00f9 spazio,<\/p>\n<p>Le auto, penso, pi\u00f9 angusto<\/p>\n<p>N\u00e9 gli alberi altro strazio,<\/p>\n<p>Pi\u00f9 voce gli abitanti<\/p>\n<p>E almo Everg\u00e8te, i vanti.<\/p>\n<p>&nbsp;<\/p>\n<p>Che se pazzo \u00e8 il tab\u00f9<\/p>\n<p>D\u2019atterrare le piante,<\/p>\n<p>Non meno: uguale o pi\u00f9<\/p>\n<p>Di verde rinfrescante<\/p>\n<p>Ci voglio perch\u00e9 anch\u2019io<\/p>\n<p>Passo, e spendo del mio.<\/p>\n<p>&nbsp;<\/p>\n<p>Dice un parlare esperto,<\/p>\n<p>\u201cRegalare taluno<\/p>\n<p>Di bella cosa\u201d, e certo<\/p>\n<p>Senza eccettuar Belluno:<\/p>\n<p>Dono ben ispirato,<\/p>\n<p>E illustre il regalato.<\/p>\n<p>&nbsp;<\/p>\n<p>Ma come parli o scriva<\/p>\n<p>Ciascuno, orecchie attente:<\/p>\n<p>Per gergo va a deriva<\/p>\n<p>Sempre, immancabilmente,<\/p>\n<p>Chi altrui parole un giorno<\/p>\n<p>Accatt\u00f2, con suo scorno.<\/p>\n<p>&nbsp;<\/p>\n<p>Shtecc\u00f3ld\u00e8r b\u00e0ttoln\u00e8c<\/p>\n<p>Aup\u00f9t \u00e1ttenzionare<\/p>\n<p>R\u00e9stail\u00ecin col f\u00edtb\u00e8ec (3);<\/p>\n<p>Ahi gerghi e voci bare!<\/p>\n<p>Chi scatarra il suo piatto<\/p>\n<p>Servo e barbaro \u00e8 fatto.<\/p>\n<p>&nbsp;<\/p>\n<p>Lingua sozza e molesta!<\/p>\n<p>Si dica pur che quando<\/p>\n<p>Una via mi entr\u00f2 in testa<\/p>\n<p>D\u2019allietar verseggiando,<\/p>\n<p>Presi a scacciar liquame<\/p>\n<p>Tetro, e sbrattai letame.<\/p>\n<p>&nbsp;<\/p>\n<p>Via F\u00e8ltre a fuga sporge<\/p>\n<p>Fra due citt\u00e0 rivali<\/p>\n<p>Che auspica quasi, e scorge(4)<\/p>\n<p>Pi\u00f9 in alto a batter le ali:<\/p>\n<p>Come per scontri fatti,<\/p>\n<p>Tesi opposte, e bei patti.<\/p>\n<p>&nbsp;<\/p>\n<p>Cos\u00ec giova e non dura<\/p>\n<p>Rombo d\u2019animi inquieti:<\/p>\n<p>Se lo scontro procura<\/p>\n<p>Conversari pi\u00f9 lieti.<\/p>\n<p>L\u2019Urbe antica ebbe sane<\/p>\n<p>Paci e liti, e romane.<\/p>\n<p>&nbsp;<\/p>\n<p>Non \u00e8 perder la faccia<\/p>\n<p>N\u00e9 un calare i calzoni,<\/p>\n<p>Chi soppesando scaccia<\/p>\n<p>Vecchie per nuove opzioni:<\/p>\n<p>Passi v\u00f2lti al ritorno<\/p>\n<p>Tutti diedero un giorno.<\/p>\n<p>&nbsp;<\/p>\n<p>Nasca opera ben fatta!<\/p>\n<p>In tal chiostra di monti<\/p>\n<p>L\u2019averci \u00e8 roba matta<\/p>\n<p>I viali brutti, e pronti:<\/p>\n<p>A secoli, non mesi,<\/p>\n<p>Siano i collaudi estesi.<\/p>\n<p>&nbsp;<\/p>\n<p>Ch\u00e9 la fretta ha gi\u00e0 dato,<\/p>\n<p>Su altre latitudini,<\/p>\n<p>Avviso mal pensato<\/p>\n<p>Con rozze improntitudini:<\/p>\n<p>N\u00e9 lunga riflessione,<\/p>\n<p>N\u00e9 svelta esecuzione (5).<\/p>\n<p>&nbsp;<\/p>\n<p>E Belluno futura<\/p>\n<p>Per solleone o neve<\/p>\n<p>Udr\u00e0, se avemmo cura<\/p>\n<p>Che all\u2019alto in fuga, lieve<\/p>\n<p>Carezzasse una via<\/p>\n<p>Ala di Poesia.<\/p>\n<p>&nbsp;<\/p>\n<p>Belluno, Maggio \u201926<br \/>\n<strong>Emilio Da R\u00f2lt Ete\u00f2nimo<\/strong><\/p>\n<p>NOTE<\/p>\n<p>(1) Potrebbe tradursi con \u201cgarbi i tuoi sgarbi, leggiadrie le tue villanie\u201d.<br \/>\n(2) L\u2019antica e oggi a Belluno centralissima piazza Campitello, e nel dialetto Camped\u00e8l, mut\u00f2 il nome in Piazza dei Martiri a onorare i quattro giovani patrioti che il 17 Marzo del \u201945 v\u2019impicc\u00f2 l\u2019invasore tedesco.<br \/>\n(3) I primi tre versi della strofa contengono cinque forestierismi o barbarismi oggi parecchio alla moda, chi si conformi alle mode, ma presentan giusta acconciatura d&#8217;accenti e d&#8217;altro per una savia lettura italiana. E sono intesi per essere recitati con calata rispettivamente partenopea il primo verso, meneghina, o milanese, il secondo, e trevisan-padovana il terzo.<\/p>\n<p>(4) Scorgere anche significa guidare, scortare.<br \/>\n(5) \u00c8 quel che fra i Romani nostri progenitori pot\u00e9 esprimersi con il celebre diu deliberato, cito facito.<\/p>\n<p>&nbsp;<\/p>\n<p data-path-to-node=\"37\"><strong>L&#8217;autore<\/strong><\/p>\n<p data-path-to-node=\"37\">Emilio Da Rold vive a Belluno, dov&#8217;\u00e8 nato. Ha insegnato Lettere, Latino e Storia in vari licei e scuole, a Belluno e altrove. Ha pubblicato racconti, saggi e conferenze di storia contemporanea, sulla scuola e sull&#8217;istruzione, e traduzioni di poesia. Ha tenuto concerti, e spettacoli fra musica, letteratura e storia, anche all&#8217;Istituto di cultura italiano di Amburgo. E&#8217; stato inoltre professore per sei anni in un Liceo scientifico italiano di Buenos Aires, per il Ministero degli Esteri.<\/p>","protected":false},"excerpt":{"rendered":"<p>Torniamo sul caso via Feltre e questa volta lo facciamo in versi Belluno, 10 maggio 2026 &#8211; Ricordiamo innanzitutto che il progetto di riqualificazione di via Feltre \u00e8 ora pendente dinanzi al Tar Tribunale amministrativo regionale, a seguito del ricorso avanzato da Italia Nostra e Onda Veneto per la questione dell\u2019abbattimento dei tigli. Ma oggi [&hellip;]<\/p>\n","protected":false},"author":2,"featured_media":169969,"comment_status":"closed","ping_status":"open","sticky":false,"template":"","format":"standard","meta":{"footnotes":""},"categories":[3,3446,25],"tags":[],"class_list":["post-169967","post","type-post","status-publish","format-standard","has-post-thumbnail","category-arte-cultura-spettacoli-scienza-archivi","category-featured","category-pausa-caffe"],"yoast_head":"<!-- This site is optimized with the Yoast SEO plugin v28.4 - https:\/\/yoast.com\/product\/yoast-seo-wordpress\/ -->\n<title>La via retta per Feltre: l\u2019ode del professor Emilio Da Rold - Bellunopress - Dolomiti<\/title>\n<meta name=\"robots\" content=\"index, follow, max-snippet:-1, max-image-preview:large, max-video-preview:-1\" \/>\n<link rel=\"canonical\" href=\"https:\/\/www.bellunopress.it\/fr\/2026\/05\/10\/la-via-retta-per-feltre-lode-del-professor-emilio-da-rold\/\" \/>\n<meta property=\"og:locale\" content=\"fr_FR\" \/>\n<meta property=\"og:type\" content=\"article\" \/>\n<meta property=\"og:title\" content=\"La via retta per Feltre: l\u2019ode del professor Emilio Da Rold - Bellunopress - Dolomiti\" \/>\n<meta property=\"og:description\" content=\"Torniamo sul caso via Feltre e questa volta lo facciamo in versi Belluno, 10 maggio 2026 &#8211; Ricordiamo innanzitutto che il progetto di riqualificazione di via Feltre \u00e8 ora pendente dinanzi al Tar Tribunale amministrativo regionale, a seguito del ricorso avanzato da Italia Nostra e Onda Veneto per la questione dell\u2019abbattimento dei tigli. Ma oggi [&hellip;]\" \/>\n<meta property=\"og:url\" content=\"https:\/\/www.bellunopress.it\/fr\/2026\/05\/10\/la-via-retta-per-feltre-lode-del-professor-emilio-da-rold\/\" \/>\n<meta property=\"og:site_name\" content=\"Bellunopress - Dolomiti\" \/>\n<meta property=\"article:publisher\" content=\"https:\/\/www.facebook.com\/profile.php?id=100008943462799\" \/>\n<meta property=\"article:published_time\" content=\"2026-05-10T17:45:00+00:00\" \/>\n<meta property=\"article:modified_time\" content=\"2026-06-03T17:02:39+00:00\" \/>\n<meta property=\"og:image\" content=\"https:\/\/www.bellunopress.it\/wp-content\/uploads\/2026\/05\/Emilio-Da-Rold-professore.jpg\" \/>\n\t<meta property=\"og:image:width\" content=\"529\" \/>\n\t<meta property=\"og:image:height\" content=\"600\" \/>\n\t<meta property=\"og:image:type\" content=\"image\/jpeg\" \/>\n<meta name=\"author\" content=\"redazione\" \/>\n<meta name=\"twitter:card\" content=\"summary_large_image\" \/>\n<meta name=\"twitter:creator\" content=\"@bellunopress\" \/>\n<meta name=\"twitter:site\" content=\"@bellunopress\" \/>\n<meta name=\"twitter:label1\" content=\"\u00c9crit par\" \/>\n\t<meta name=\"twitter:data1\" content=\"redazione\" \/>\n\t<meta name=\"twitter:label2\" content=\"Dur\u00e9e de lecture estim\u00e9e\" \/>\n\t<meta name=\"twitter:data2\" content=\"8 minutes\" \/>\n<script type=\"application\/ld+json\" class=\"yoast-schema-graph\">{\"@context\":\"https:\\\/\\\/schema.org\",\"@graph\":[{\"@type\":\"Article\",\"@id\":\"https:\\\/\\\/www.bellunopress.it\\\/2026\\\/05\\\/10\\\/la-via-retta-per-feltre-lode-del-professor-emilio-da-rold\\\/#article\",\"isPartOf\":{\"@id\":\"https:\\\/\\\/www.bellunopress.it\\\/2026\\\/05\\\/10\\\/la-via-retta-per-feltre-lode-del-professor-emilio-da-rold\\\/\"},\"author\":{\"name\":\"redazione\",\"@id\":\"https:\\\/\\\/www.bellunopress.it\\\/#\\\/schema\\\/person\\\/79bb06722b37ece1c03d3e94beb30d73\"},\"headline\":\"La via retta per Feltre: l\u2019ode del professor Emilio Da Rold\",\"datePublished\":\"2026-05-10T17:45:00+00:00\",\"dateModified\":\"2026-06-03T17:02:39+00:00\",\"mainEntityOfPage\":{\"@id\":\"https:\\\/\\\/www.bellunopress.it\\\/2026\\\/05\\\/10\\\/la-via-retta-per-feltre-lode-del-professor-emilio-da-rold\\\/\"},\"wordCount\":1497,\"publisher\":{\"@id\":\"https:\\\/\\\/www.bellunopress.it\\\/#organization\"},\"image\":{\"@id\":\"https:\\\/\\\/www.bellunopress.it\\\/2026\\\/05\\\/10\\\/la-via-retta-per-feltre-lode-del-professor-emilio-da-rold\\\/#primaryimage\"},\"thumbnailUrl\":\"https:\\\/\\\/www.bellunopress.it\\\/wp-content\\\/uploads\\\/2026\\\/05\\\/Emilio-Da-Rold-professore.jpg\",\"articleSection\":[\"Arte, Cultura, Spettacoli, Scienza\",\"Featured\",\"Pausa Caff\u00e8\"],\"inLanguage\":\"fr-FR\"},{\"@type\":\"WebPage\",\"@id\":\"https:\\\/\\\/www.bellunopress.it\\\/2026\\\/05\\\/10\\\/la-via-retta-per-feltre-lode-del-professor-emilio-da-rold\\\/\",\"url\":\"https:\\\/\\\/www.bellunopress.it\\\/2026\\\/05\\\/10\\\/la-via-retta-per-feltre-lode-del-professor-emilio-da-rold\\\/\",\"name\":\"La via retta per Feltre: l\u2019ode del professor Emilio Da Rold - Bellunopress - Dolomiti\",\"isPartOf\":{\"@id\":\"https:\\\/\\\/www.bellunopress.it\\\/#website\"},\"primaryImageOfPage\":{\"@id\":\"https:\\\/\\\/www.bellunopress.it\\\/2026\\\/05\\\/10\\\/la-via-retta-per-feltre-lode-del-professor-emilio-da-rold\\\/#primaryimage\"},\"image\":{\"@id\":\"https:\\\/\\\/www.bellunopress.it\\\/2026\\\/05\\\/10\\\/la-via-retta-per-feltre-lode-del-professor-emilio-da-rold\\\/#primaryimage\"},\"thumbnailUrl\":\"https:\\\/\\\/www.bellunopress.it\\\/wp-content\\\/uploads\\\/2026\\\/05\\\/Emilio-Da-Rold-professore.jpg\",\"datePublished\":\"2026-05-10T17:45:00+00:00\",\"dateModified\":\"2026-06-03T17:02:39+00:00\",\"breadcrumb\":{\"@id\":\"https:\\\/\\\/www.bellunopress.it\\\/2026\\\/05\\\/10\\\/la-via-retta-per-feltre-lode-del-professor-emilio-da-rold\\\/#breadcrumb\"},\"inLanguage\":\"fr-FR\",\"potentialAction\":[{\"@type\":\"ReadAction\",\"target\":[\"https:\\\/\\\/www.bellunopress.it\\\/2026\\\/05\\\/10\\\/la-via-retta-per-feltre-lode-del-professor-emilio-da-rold\\\/\"]}]},{\"@type\":\"ImageObject\",\"inLanguage\":\"fr-FR\",\"@id\":\"https:\\\/\\\/www.bellunopress.it\\\/2026\\\/05\\\/10\\\/la-via-retta-per-feltre-lode-del-professor-emilio-da-rold\\\/#primaryimage\",\"url\":\"https:\\\/\\\/www.bellunopress.it\\\/wp-content\\\/uploads\\\/2026\\\/05\\\/Emilio-Da-Rold-professore.jpg\",\"contentUrl\":\"https:\\\/\\\/www.bellunopress.it\\\/wp-content\\\/uploads\\\/2026\\\/05\\\/Emilio-Da-Rold-professore.jpg\",\"width\":529,\"height\":600,\"caption\":\"Professor Emilio Da Rold\"},{\"@type\":\"BreadcrumbList\",\"@id\":\"https:\\\/\\\/www.bellunopress.it\\\/2026\\\/05\\\/10\\\/la-via-retta-per-feltre-lode-del-professor-emilio-da-rold\\\/#breadcrumb\",\"itemListElement\":[{\"@type\":\"ListItem\",\"position\":1,\"name\":\"Home\",\"item\":\"https:\\\/\\\/www.bellunopress.it\\\/\"},{\"@type\":\"ListItem\",\"position\":2,\"name\":\"La via retta per Feltre: l\u2019ode del professor Emilio Da Rold\"}]},{\"@type\":\"WebSite\",\"@id\":\"https:\\\/\\\/www.bellunopress.it\\\/#website\",\"url\":\"https:\\\/\\\/www.bellunopress.it\\\/\",\"name\":\"Bellunopress - Dolomiti\",\"description\":\"e-mail: redazione@bellunopress.it\",\"publisher\":{\"@id\":\"https:\\\/\\\/www.bellunopress.it\\\/#organization\"},\"potentialAction\":[{\"@type\":\"SearchAction\",\"target\":{\"@type\":\"EntryPoint\",\"urlTemplate\":\"https:\\\/\\\/www.bellunopress.it\\\/?s={search_term_string}\"},\"query-input\":{\"@type\":\"PropertyValueSpecification\",\"valueRequired\":true,\"valueName\":\"search_term_string\"}}],\"inLanguage\":\"fr-FR\"},{\"@type\":\"Organization\",\"@id\":\"https:\\\/\\\/www.bellunopress.it\\\/#organization\",\"name\":\"Bellunopress\",\"url\":\"https:\\\/\\\/www.bellunopress.it\\\/\",\"logo\":{\"@type\":\"ImageObject\",\"inLanguage\":\"fr-FR\",\"@id\":\"https:\\\/\\\/www.bellunopress.it\\\/#\\\/schema\\\/logo\\\/image\\\/\",\"url\":\"https:\\\/\\\/www.bellunopress.it\\\/wp-content\\\/uploads\\\/2011\\\/05\\\/cropped-logo-bellunopress-.jpg\",\"contentUrl\":\"https:\\\/\\\/www.bellunopress.it\\\/wp-content\\\/uploads\\\/2011\\\/05\\\/cropped-logo-bellunopress-.jpg\",\"width\":512,\"height\":512,\"caption\":\"Bellunopress\"},\"image\":{\"@id\":\"https:\\\/\\\/www.bellunopress.it\\\/#\\\/schema\\\/logo\\\/image\\\/\"},\"sameAs\":[\"https:\\\/\\\/www.facebook.com\\\/profile.php?id=100008943462799\",\"https:\\\/\\\/x.com\\\/bellunopress\",\"https:\\\/\\\/www.linkedin.com\\\/hp\\\/?dnr=JBzUWaJfMUw8vbXJJ2tVW5-I3jZKvC4wsoxE&amp;amp;amp;amp;amp;amp;trk=nav_responsive_tab_home\",\"https:\\\/\\\/www.youtube.com\\\/channel\\\/UCxL0wu1uN0_3_7hGG0306cw\"]},{\"@type\":\"Person\",\"@id\":\"https:\\\/\\\/www.bellunopress.it\\\/#\\\/schema\\\/person\\\/79bb06722b37ece1c03d3e94beb30d73\",\"name\":\"redazione\",\"image\":{\"@type\":\"ImageObject\",\"inLanguage\":\"fr-FR\",\"@id\":\"https:\\\/\\\/secure.gravatar.com\\\/avatar\\\/37d968a2e67a6fd04c169c4bdef102d0bc5d31b2546345219e348575eb80e9a0?s=96&d=mm&r=g\",\"url\":\"https:\\\/\\\/secure.gravatar.com\\\/avatar\\\/37d968a2e67a6fd04c169c4bdef102d0bc5d31b2546345219e348575eb80e9a0?s=96&d=mm&r=g\",\"contentUrl\":\"https:\\\/\\\/secure.gravatar.com\\\/avatar\\\/37d968a2e67a6fd04c169c4bdef102d0bc5d31b2546345219e348575eb80e9a0?s=96&d=mm&r=g\",\"caption\":\"redazione\"},\"sameAs\":[\"http:\\\/\\\/www.bellunopress.it\",\"https:\\\/\\\/x.com\\\/bellunopress\"],\"url\":\"https:\\\/\\\/www.bellunopress.it\\\/fr\\\/author\\\/redazione\\\/\"}]}<\/script>\n<!-- \/ Yoast SEO plugin. -->","yoast_head_json":{"title":"La via retta per Feltre: l\u2019ode del professor Emilio Da Rold - Bellunopress - Dolomiti","robots":{"index":"index","follow":"follow","max-snippet":"max-snippet:-1","max-image-preview":"max-image-preview:large","max-video-preview":"max-video-preview:-1"},"canonical":"https:\/\/www.bellunopress.it\/fr\/2026\/05\/10\/la-via-retta-per-feltre-lode-del-professor-emilio-da-rold\/","og_locale":"fr_FR","og_type":"article","og_title":"La via retta per Feltre: l\u2019ode del professor Emilio Da Rold - Bellunopress - Dolomiti","og_description":"Torniamo sul caso via Feltre e questa volta lo facciamo in versi Belluno, 10 maggio 2026 &#8211; Ricordiamo innanzitutto che il progetto di riqualificazione di via Feltre \u00e8 ora pendente dinanzi al Tar Tribunale amministrativo regionale, a seguito del ricorso avanzato da Italia Nostra e Onda Veneto per la questione dell\u2019abbattimento dei tigli. Ma oggi [&hellip;]","og_url":"https:\/\/www.bellunopress.it\/fr\/2026\/05\/10\/la-via-retta-per-feltre-lode-del-professor-emilio-da-rold\/","og_site_name":"Bellunopress - Dolomiti","article_publisher":"https:\/\/www.facebook.com\/profile.php?id=100008943462799","article_published_time":"2026-05-10T17:45:00+00:00","article_modified_time":"2026-06-03T17:02:39+00:00","og_image":[{"width":529,"height":600,"url":"https:\/\/www.bellunopress.it\/wp-content\/uploads\/2026\/05\/Emilio-Da-Rold-professore.jpg","type":"image\/jpeg"}],"author":"redazione","twitter_card":"summary_large_image","twitter_creator":"@bellunopress","twitter_site":"@bellunopress","twitter_misc":{"\u00c9crit par":"redazione","Dur\u00e9e de lecture estim\u00e9e":"8 minutes"},"schema":{"@context":"https:\/\/schema.org","@graph":[{"@type":"Article","@id":"https:\/\/www.bellunopress.it\/2026\/05\/10\/la-via-retta-per-feltre-lode-del-professor-emilio-da-rold\/#article","isPartOf":{"@id":"https:\/\/www.bellunopress.it\/2026\/05\/10\/la-via-retta-per-feltre-lode-del-professor-emilio-da-rold\/"},"author":{"name":"redazione","@id":"https:\/\/www.bellunopress.it\/#\/schema\/person\/79bb06722b37ece1c03d3e94beb30d73"},"headline":"La via retta per Feltre: l\u2019ode del professor Emilio Da Rold","datePublished":"2026-05-10T17:45:00+00:00","dateModified":"2026-06-03T17:02:39+00:00","mainEntityOfPage":{"@id":"https:\/\/www.bellunopress.it\/2026\/05\/10\/la-via-retta-per-feltre-lode-del-professor-emilio-da-rold\/"},"wordCount":1497,"publisher":{"@id":"https:\/\/www.bellunopress.it\/#organization"},"image":{"@id":"https:\/\/www.bellunopress.it\/2026\/05\/10\/la-via-retta-per-feltre-lode-del-professor-emilio-da-rold\/#primaryimage"},"thumbnailUrl":"https:\/\/www.bellunopress.it\/wp-content\/uploads\/2026\/05\/Emilio-Da-Rold-professore.jpg","articleSection":["Arte, Cultura, Spettacoli, Scienza","Featured","Pausa Caff\u00e8"],"inLanguage":"fr-FR"},{"@type":"WebPage","@id":"https:\/\/www.bellunopress.it\/2026\/05\/10\/la-via-retta-per-feltre-lode-del-professor-emilio-da-rold\/","url":"https:\/\/www.bellunopress.it\/2026\/05\/10\/la-via-retta-per-feltre-lode-del-professor-emilio-da-rold\/","name":"La via retta per Feltre: l\u2019ode del professor Emilio Da Rold - Bellunopress - Dolomiti","isPartOf":{"@id":"https:\/\/www.bellunopress.it\/#website"},"primaryImageOfPage":{"@id":"https:\/\/www.bellunopress.it\/2026\/05\/10\/la-via-retta-per-feltre-lode-del-professor-emilio-da-rold\/#primaryimage"},"image":{"@id":"https:\/\/www.bellunopress.it\/2026\/05\/10\/la-via-retta-per-feltre-lode-del-professor-emilio-da-rold\/#primaryimage"},"thumbnailUrl":"https:\/\/www.bellunopress.it\/wp-content\/uploads\/2026\/05\/Emilio-Da-Rold-professore.jpg","datePublished":"2026-05-10T17:45:00+00:00","dateModified":"2026-06-03T17:02:39+00:00","breadcrumb":{"@id":"https:\/\/www.bellunopress.it\/2026\/05\/10\/la-via-retta-per-feltre-lode-del-professor-emilio-da-rold\/#breadcrumb"},"inLanguage":"fr-FR","potentialAction":[{"@type":"ReadAction","target":["https:\/\/www.bellunopress.it\/2026\/05\/10\/la-via-retta-per-feltre-lode-del-professor-emilio-da-rold\/"]}]},{"@type":"ImageObject","inLanguage":"fr-FR","@id":"https:\/\/www.bellunopress.it\/2026\/05\/10\/la-via-retta-per-feltre-lode-del-professor-emilio-da-rold\/#primaryimage","url":"https:\/\/www.bellunopress.it\/wp-content\/uploads\/2026\/05\/Emilio-Da-Rold-professore.jpg","contentUrl":"https:\/\/www.bellunopress.it\/wp-content\/uploads\/2026\/05\/Emilio-Da-Rold-professore.jpg","width":529,"height":600,"caption":"Professor Emilio Da Rold"},{"@type":"BreadcrumbList","@id":"https:\/\/www.bellunopress.it\/2026\/05\/10\/la-via-retta-per-feltre-lode-del-professor-emilio-da-rold\/#breadcrumb","itemListElement":[{"@type":"ListItem","position":1,"name":"Home","item":"https:\/\/www.bellunopress.it\/"},{"@type":"ListItem","position":2,"name":"La via retta per Feltre: l\u2019ode del professor Emilio Da Rold"}]},{"@type":"WebSite","@id":"https:\/\/www.bellunopress.it\/#website","url":"https:\/\/www.bellunopress.it\/","name":"Bellunopress - Dolomiti","description":"e-mail: redazione@bellunopress.it","publisher":{"@id":"https:\/\/www.bellunopress.it\/#organization"},"potentialAction":[{"@type":"SearchAction","target":{"@type":"EntryPoint","urlTemplate":"https:\/\/www.bellunopress.it\/?s={search_term_string}"},"query-input":{"@type":"PropertyValueSpecification","valueRequired":true,"valueName":"search_term_string"}}],"inLanguage":"fr-FR"},{"@type":"Organization","@id":"https:\/\/www.bellunopress.it\/#organization","name":"Bellunopress","url":"https:\/\/www.bellunopress.it\/","logo":{"@type":"ImageObject","inLanguage":"fr-FR","@id":"https:\/\/www.bellunopress.it\/#\/schema\/logo\/image\/","url":"https:\/\/www.bellunopress.it\/wp-content\/uploads\/2011\/05\/cropped-logo-bellunopress-.jpg","contentUrl":"https:\/\/www.bellunopress.it\/wp-content\/uploads\/2011\/05\/cropped-logo-bellunopress-.jpg","width":512,"height":512,"caption":"Bellunopress"},"image":{"@id":"https:\/\/www.bellunopress.it\/#\/schema\/logo\/image\/"},"sameAs":["https:\/\/www.facebook.com\/profile.php?id=100008943462799","https:\/\/x.com\/bellunopress","https:\/\/www.linkedin.com\/hp\/?dnr=JBzUWaJfMUw8vbXJJ2tVW5-I3jZKvC4wsoxE&amp;amp;amp;amp;amp;amp;trk=nav_responsive_tab_home","https:\/\/www.youtube.com\/channel\/UCxL0wu1uN0_3_7hGG0306cw"]},{"@type":"Person","@id":"https:\/\/www.bellunopress.it\/#\/schema\/person\/79bb06722b37ece1c03d3e94beb30d73","name":"r\u00e9daction","image":{"@type":"ImageObject","inLanguage":"fr-FR","@id":"https:\/\/secure.gravatar.com\/avatar\/37d968a2e67a6fd04c169c4bdef102d0bc5d31b2546345219e348575eb80e9a0?s=96&d=mm&r=g","url":"https:\/\/secure.gravatar.com\/avatar\/37d968a2e67a6fd04c169c4bdef102d0bc5d31b2546345219e348575eb80e9a0?s=96&d=mm&r=g","contentUrl":"https:\/\/secure.gravatar.com\/avatar\/37d968a2e67a6fd04c169c4bdef102d0bc5d31b2546345219e348575eb80e9a0?s=96&d=mm&r=g","caption":"redazione"},"sameAs":["http:\/\/www.bellunopress.it","https:\/\/x.com\/bellunopress"],"url":"https:\/\/www.bellunopress.it\/fr\/author\/redazione\/"}]}},"_links":{"self":[{"href":"https:\/\/www.bellunopress.it\/fr\/wp-json\/wp\/v2\/posts\/169967","targetHints":{"allow":["GET"]}}],"collection":[{"href":"https:\/\/www.bellunopress.it\/fr\/wp-json\/wp\/v2\/posts"}],"about":[{"href":"https:\/\/www.bellunopress.it\/fr\/wp-json\/wp\/v2\/types\/post"}],"author":[{"embeddable":true,"href":"https:\/\/www.bellunopress.it\/fr\/wp-json\/wp\/v2\/users\/2"}],"replies":[{"embeddable":true,"href":"https:\/\/www.bellunopress.it\/fr\/wp-json\/wp\/v2\/comments?post=169967"}],"version-history":[{"count":7,"href":"https:\/\/www.bellunopress.it\/fr\/wp-json\/wp\/v2\/posts\/169967\/revisions"}],"predecessor-version":[{"id":170708,"href":"https:\/\/www.bellunopress.it\/fr\/wp-json\/wp\/v2\/posts\/169967\/revisions\/170708"}],"wp:featuredmedia":[{"embeddable":true,"href":"https:\/\/www.bellunopress.it\/fr\/wp-json\/wp\/v2\/media\/169969"}],"wp:attachment":[{"href":"https:\/\/www.bellunopress.it\/fr\/wp-json\/wp\/v2\/media?parent=169967"}],"wp:term":[{"taxonomy":"category","embeddable":true,"href":"https:\/\/www.bellunopress.it\/fr\/wp-json\/wp\/v2\/categories?post=169967"},{"taxonomy":"post_tag","embeddable":true,"href":"https:\/\/www.bellunopress.it\/fr\/wp-json\/wp\/v2\/tags?post=169967"}],"curies":[{"name":"wp","href":"https:\/\/api.w.org\/{rel}","templated":true}]}}