{"id":169963,"date":"2026-05-10T15:30:21","date_gmt":"2026-05-10T13:30:21","guid":{"rendered":"https:\/\/www.bellunopress.it\/?p=169963"},"modified":"2026-05-10T15:30:21","modified_gmt":"2026-05-10T13:30:21","slug":"un-campione-per-amico-giovedi-a-belluno-adriano-panatta-andrea-lucchetta-martin-castrogiovanni-e-francesco-graziani-in-dialogo-con-i-ragazzi","status":"publish","type":"post","link":"https:\/\/www.bellunopress.it\/fr\/2026\/05\/10\/un-campione-per-amico-giovedi-a-belluno-adriano-panatta-andrea-lucchetta-martin-castrogiovanni-e-francesco-graziani-in-dialogo-con-i-ragazzi\/","title":{"rendered":"Un campione per amico. Gioved\u00ec a Belluno, Adriano Panatta, Andrea Lucchetta, Martin Castrogiovanni e Francesco Graziani in dialogo con i ragazzi"},"content":{"rendered":"<p>Un Campione per Amico fa tappa a Belluno: gioved\u00ec 14 maggio gli studenti delle scuole primarie di primo e di secondo grado della Citt\u00e0 vivranno una giornata speciale, in compagnia di quattro atleti che hanno contribuito a scrivere la storia delle loro discipline. Il Tour Itinerante \u201cBanca Generali Un Campione per Amico\u201d prevede infatti di toccare tredici Citt\u00e0 italiane e una di queste sar\u00e0 proprio Belluno, sempre di pi\u00f9 Citt\u00e0 dello sport; qui sono attesi Adriano Panatta, Martin Castrogiovanni, Francesco Graziani e Andrea Lucchetta per trascorrere con bambini, ragazzi e societ\u00e0 sportive un\u2019intera giornata all\u2019insegna dello sport.<\/p>\n<p><strong>LA MANIFESTAZIONE<\/strong><br \/>\nPiazza dei Martiri diventer\u00e0 una grande palestra all\u2019aperto. Qui saranno infatti allestiti 4 campi, da rugby, calcio, tennis e pallavolo dove i giovani partecipanti potranno divertirsi con vere e proprie lezioni di educazione fisica accompagnati e guidati dai grandi campioni. Panatta, Castrogiovanni, Graziani e Lucchetta infatti condivideranno la loro esperienza, scenderanno in campo e parleranno di regole, disciplina, sana competizione e crescita.<br \/>\nCome in ogni tappa del tour, anche a Belluno lo sport sar\u00e0 davvero inclusivo grazie al coinvolgimento del Comitato paralimpico italiano.<br \/>\nLe attivit\u00e0 del mattino saranno dedicate alle scuole, mentre dalle 15 alle 18 la manifestazione si aprir\u00e0 alle societ\u00e0 sportive e sar\u00e0 possibile per tutti partecipare come pubblico.<\/p>\n<p>\u201cBelluno si prepara a diventare una grande palestra a cielo aperto! &#8211; dichiara l\u2019assessore allo sport, Monica Mazzoccoli -. Siamo felicissimi di ospitare una tappa del tour Un Campione per Amico, una giornata in cui il divertimento incontra i grandi campioni del passato. Vogliamo che i nostri ragazzi portino a casa non solo un autografo, ma soprattutto l&#8217;ispirazione e la passione che questi grandi atleti sanno trasmettere. Ringrazio l\u2019organizzazione per aver scelto Belluno: vince la voglia di stare insieme, di muoversi e di sognare in grande. Ragazzi, scendete in piazza e godetevi questa giornata indimenticabile!&#8221;<\/p>\n<p>\u201cBelluno sta dimostrando sempre di pi\u00f9 di essere una citt\u00e0 che vive lo sport in tutte le sue forme \u2013 dichiara il sindaco, Oscar De Pellegrin \u2013. Non solo attraverso gli eventi importanti che ospitiamo, ma anche grazie alla capacit\u00e0 di coinvolgere i giovani, le famiglie, le scuole e le societ\u00e0 sportive in occasioni di incontro e partecipazione come questa. \u2018Un Campione per Amico\u2019 porta sul territorio grandi atleti, ma soprattutto esempi positivi, storie ed esperienze che possono lasciare qualcosa ai ragazzi, non dico per la loro attivit\u00e0 sportiva ma per la vita\u201d.<\/p>\n<p>Per l\u2019occasione, Piazza dei Martiri sar\u00e0 chiusa al traffico nelle giornate del 13 e del 14 maggio. In particolare sar\u00e0 istituito il divieto di circolazione veicolare, eccetto i mezzi di Polizia, di soccorso, di emergenza e quelli a servizio della manifestazione resi riconoscibili dall\u2019organizzazione, in piazza dei Martiri nella traversa centrale (area pedonale), nel periodo dalle ore 9:00 del 13 maggio 2026 alle ore 3:00 del 15 maggio.<\/p>","protected":false},"excerpt":{"rendered":"<p>Un Campione per Amico fa tappa a Belluno: gioved\u00ec 14 maggio gli studenti delle scuole primarie di primo e di secondo grado della Citt\u00e0 vivranno una giornata speciale, in compagnia di quattro atleti che hanno contribuito a scrivere la storia delle loro discipline. Il Tour Itinerante \u201cBanca Generali Un Campione per Amico\u201d prevede infatti di [&hellip;]<\/p>\n","protected":false},"author":2,"featured_media":143335,"comment_status":"closed","ping_status":"open","sticky":false,"template":"","format":"standard","meta":{"footnotes":""},"categories":[25,4],"tags":[],"class_list":["post-169963","post","type-post","status-publish","format-standard","has-post-thumbnail","category-pausa-caffe","category-sport"],"yoast_head":"<!-- This site is optimized with the Yoast SEO plugin v28.4 - https:\/\/yoast.com\/product\/yoast-seo-wordpress\/ -->\n<title>Un campione per amico. Gioved\u00ec a Belluno, Adriano Panatta, Andrea Lucchetta, Martin Castrogiovanni e Francesco Graziani in dialogo con i ragazzi - Bellunopress - Dolomiti<\/title>\n<meta name=\"robots\" content=\"index, follow, max-snippet:-1, max-image-preview:large, max-video-preview:-1\" \/>\n<link rel=\"canonical\" href=\"https:\/\/www.bellunopress.it\/fr\/2026\/05\/10\/un-campione-per-amico-giovedi-a-belluno-adriano-panatta-andrea-lucchetta-martin-castrogiovanni-e-francesco-graziani-in-dialogo-con-i-ragazzi\/\" \/>\n<meta property=\"og:locale\" content=\"fr_FR\" \/>\n<meta property=\"og:type\" content=\"article\" \/>\n<meta property=\"og:title\" content=\"Un campione per amico. Gioved\u00ec a Belluno, Adriano Panatta, Andrea Lucchetta, Martin Castrogiovanni e Francesco Graziani in dialogo con i ragazzi - Bellunopress - Dolomiti\" \/>\n<meta property=\"og:description\" content=\"Un Campione per Amico fa tappa a Belluno: gioved\u00ec 14 maggio gli studenti delle scuole primarie di primo e di secondo grado della Citt\u00e0 vivranno una giornata speciale, in compagnia di quattro atleti che hanno contribuito a scrivere la storia delle loro discipline. Il Tour Itinerante \u201cBanca Generali Un Campione per Amico\u201d prevede infatti di [&hellip;]\" \/>\n<meta property=\"og:url\" content=\"https:\/\/www.bellunopress.it\/fr\/2026\/05\/10\/un-campione-per-amico-giovedi-a-belluno-adriano-panatta-andrea-lucchetta-martin-castrogiovanni-e-francesco-graziani-in-dialogo-con-i-ragazzi\/\" \/>\n<meta property=\"og:site_name\" content=\"Bellunopress - Dolomiti\" \/>\n<meta property=\"article:publisher\" content=\"https:\/\/www.facebook.com\/profile.php?id=100008943462799\" \/>\n<meta property=\"article:published_time\" content=\"2026-05-10T13:30:21+00:00\" \/>\n<meta property=\"og:image\" content=\"https:\/\/www.bellunopress.it\/wp-content\/uploads\/2023\/08\/Monica-Mazzoccoli_edited.jpg\" \/>\n\t<meta property=\"og:image:width\" content=\"750\" \/>\n\t<meta property=\"og:image:height\" content=\"824\" \/>\n\t<meta property=\"og:image:type\" content=\"image\/jpeg\" \/>\n<meta name=\"author\" content=\"redazione\" \/>\n<meta name=\"twitter:card\" content=\"summary_large_image\" \/>\n<meta name=\"twitter:creator\" content=\"@bellunopress\" \/>\n<meta name=\"twitter:site\" content=\"@bellunopress\" \/>\n<meta name=\"twitter:label1\" content=\"\u00c9crit par\" \/>\n\t<meta name=\"twitter:data1\" content=\"redazione\" \/>\n\t<meta name=\"twitter:label2\" content=\"Dur\u00e9e de lecture estim\u00e9e\" \/>\n\t<meta name=\"twitter:data2\" content=\"3 minutes\" \/>\n<script type=\"application\/ld+json\" class=\"yoast-schema-graph\">{\"@context\":\"https:\\\/\\\/schema.org\",\"@graph\":[{\"@type\":\"Article\",\"@id\":\"https:\\\/\\\/www.bellunopress.it\\\/2026\\\/05\\\/10\\\/un-campione-per-amico-giovedi-a-belluno-adriano-panatta-andrea-lucchetta-martin-castrogiovanni-e-francesco-graziani-in-dialogo-con-i-ragazzi\\\/#article\",\"isPartOf\":{\"@id\":\"https:\\\/\\\/www.bellunopress.it\\\/2026\\\/05\\\/10\\\/un-campione-per-amico-giovedi-a-belluno-adriano-panatta-andrea-lucchetta-martin-castrogiovanni-e-francesco-graziani-in-dialogo-con-i-ragazzi\\\/\"},\"author\":{\"name\":\"redazione\",\"@id\":\"https:\\\/\\\/www.bellunopress.it\\\/#\\\/schema\\\/person\\\/79bb06722b37ece1c03d3e94beb30d73\"},\"headline\":\"Un campione per amico. Gioved\u00ec a Belluno, Adriano Panatta, Andrea Lucchetta, Martin Castrogiovanni e Francesco Graziani in dialogo con i ragazzi\",\"datePublished\":\"2026-05-10T13:30:21+00:00\",\"mainEntityOfPage\":{\"@id\":\"https:\\\/\\\/www.bellunopress.it\\\/2026\\\/05\\\/10\\\/un-campione-per-amico-giovedi-a-belluno-adriano-panatta-andrea-lucchetta-martin-castrogiovanni-e-francesco-graziani-in-dialogo-con-i-ragazzi\\\/\"},\"wordCount\":482,\"publisher\":{\"@id\":\"https:\\\/\\\/www.bellunopress.it\\\/#organization\"},\"image\":{\"@id\":\"https:\\\/\\\/www.bellunopress.it\\\/2026\\\/05\\\/10\\\/un-campione-per-amico-giovedi-a-belluno-adriano-panatta-andrea-lucchetta-martin-castrogiovanni-e-francesco-graziani-in-dialogo-con-i-ragazzi\\\/#primaryimage\"},\"thumbnailUrl\":\"https:\\\/\\\/www.bellunopress.it\\\/wp-content\\\/uploads\\\/2023\\\/08\\\/Monica-Mazzoccoli_edited.jpg\",\"articleSection\":[\"Pausa Caff\u00e8\",\"Sport, tempo libero\"],\"inLanguage\":\"fr-FR\"},{\"@type\":\"WebPage\",\"@id\":\"https:\\\/\\\/www.bellunopress.it\\\/2026\\\/05\\\/10\\\/un-campione-per-amico-giovedi-a-belluno-adriano-panatta-andrea-lucchetta-martin-castrogiovanni-e-francesco-graziani-in-dialogo-con-i-ragazzi\\\/\",\"url\":\"https:\\\/\\\/www.bellunopress.it\\\/2026\\\/05\\\/10\\\/un-campione-per-amico-giovedi-a-belluno-adriano-panatta-andrea-lucchetta-martin-castrogiovanni-e-francesco-graziani-in-dialogo-con-i-ragazzi\\\/\",\"name\":\"Un campione per amico. Gioved\u00ec a Belluno, Adriano Panatta, Andrea Lucchetta, Martin Castrogiovanni e Francesco Graziani in dialogo con i ragazzi - Bellunopress - Dolomiti\",\"isPartOf\":{\"@id\":\"https:\\\/\\\/www.bellunopress.it\\\/#website\"},\"primaryImageOfPage\":{\"@id\":\"https:\\\/\\\/www.bellunopress.it\\\/2026\\\/05\\\/10\\\/un-campione-per-amico-giovedi-a-belluno-adriano-panatta-andrea-lucchetta-martin-castrogiovanni-e-francesco-graziani-in-dialogo-con-i-ragazzi\\\/#primaryimage\"},\"image\":{\"@id\":\"https:\\\/\\\/www.bellunopress.it\\\/2026\\\/05\\\/10\\\/un-campione-per-amico-giovedi-a-belluno-adriano-panatta-andrea-lucchetta-martin-castrogiovanni-e-francesco-graziani-in-dialogo-con-i-ragazzi\\\/#primaryimage\"},\"thumbnailUrl\":\"https:\\\/\\\/www.bellunopress.it\\\/wp-content\\\/uploads\\\/2023\\\/08\\\/Monica-Mazzoccoli_edited.jpg\",\"datePublished\":\"2026-05-10T13:30:21+00:00\",\"breadcrumb\":{\"@id\":\"https:\\\/\\\/www.bellunopress.it\\\/2026\\\/05\\\/10\\\/un-campione-per-amico-giovedi-a-belluno-adriano-panatta-andrea-lucchetta-martin-castrogiovanni-e-francesco-graziani-in-dialogo-con-i-ragazzi\\\/#breadcrumb\"},\"inLanguage\":\"fr-FR\",\"potentialAction\":[{\"@type\":\"ReadAction\",\"target\":[\"https:\\\/\\\/www.bellunopress.it\\\/2026\\\/05\\\/10\\\/un-campione-per-amico-giovedi-a-belluno-adriano-panatta-andrea-lucchetta-martin-castrogiovanni-e-francesco-graziani-in-dialogo-con-i-ragazzi\\\/\"]}]},{\"@type\":\"ImageObject\",\"inLanguage\":\"fr-FR\",\"@id\":\"https:\\\/\\\/www.bellunopress.it\\\/2026\\\/05\\\/10\\\/un-campione-per-amico-giovedi-a-belluno-adriano-panatta-andrea-lucchetta-martin-castrogiovanni-e-francesco-graziani-in-dialogo-con-i-ragazzi\\\/#primaryimage\",\"url\":\"https:\\\/\\\/www.bellunopress.it\\\/wp-content\\\/uploads\\\/2023\\\/08\\\/Monica-Mazzoccoli_edited.jpg\",\"contentUrl\":\"https:\\\/\\\/www.bellunopress.it\\\/wp-content\\\/uploads\\\/2023\\\/08\\\/Monica-Mazzoccoli_edited.jpg\",\"width\":750,\"height\":824,\"caption\":\"Monica Mazzoccoli, assessora allo Sport del Comune di Belluno\"},{\"@type\":\"BreadcrumbList\",\"@id\":\"https:\\\/\\\/www.bellunopress.it\\\/2026\\\/05\\\/10\\\/un-campione-per-amico-giovedi-a-belluno-adriano-panatta-andrea-lucchetta-martin-castrogiovanni-e-francesco-graziani-in-dialogo-con-i-ragazzi\\\/#breadcrumb\",\"itemListElement\":[{\"@type\":\"ListItem\",\"position\":1,\"name\":\"Home\",\"item\":\"https:\\\/\\\/www.bellunopress.it\\\/\"},{\"@type\":\"ListItem\",\"position\":2,\"name\":\"Un campione per amico. Gioved\u00ec a Belluno, Adriano Panatta, Andrea Lucchetta, Martin Castrogiovanni e Francesco Graziani in dialogo con i ragazzi\"}]},{\"@type\":\"WebSite\",\"@id\":\"https:\\\/\\\/www.bellunopress.it\\\/#website\",\"url\":\"https:\\\/\\\/www.bellunopress.it\\\/\",\"name\":\"Bellunopress - Dolomiti\",\"description\":\"e-mail: redazione@bellunopress.it\",\"publisher\":{\"@id\":\"https:\\\/\\\/www.bellunopress.it\\\/#organization\"},\"potentialAction\":[{\"@type\":\"SearchAction\",\"target\":{\"@type\":\"EntryPoint\",\"urlTemplate\":\"https:\\\/\\\/www.bellunopress.it\\\/?s={search_term_string}\"},\"query-input\":{\"@type\":\"PropertyValueSpecification\",\"valueRequired\":true,\"valueName\":\"search_term_string\"}}],\"inLanguage\":\"fr-FR\"},{\"@type\":\"Organization\",\"@id\":\"https:\\\/\\\/www.bellunopress.it\\\/#organization\",\"name\":\"Bellunopress\",\"url\":\"https:\\\/\\\/www.bellunopress.it\\\/\",\"logo\":{\"@type\":\"ImageObject\",\"inLanguage\":\"fr-FR\",\"@id\":\"https:\\\/\\\/www.bellunopress.it\\\/#\\\/schema\\\/logo\\\/image\\\/\",\"url\":\"https:\\\/\\\/www.bellunopress.it\\\/wp-content\\\/uploads\\\/2011\\\/05\\\/cropped-logo-bellunopress-.jpg\",\"contentUrl\":\"https:\\\/\\\/www.bellunopress.it\\\/wp-content\\\/uploads\\\/2011\\\/05\\\/cropped-logo-bellunopress-.jpg\",\"width\":512,\"height\":512,\"caption\":\"Bellunopress\"},\"image\":{\"@id\":\"https:\\\/\\\/www.bellunopress.it\\\/#\\\/schema\\\/logo\\\/image\\\/\"},\"sameAs\":[\"https:\\\/\\\/www.facebook.com\\\/profile.php?id=100008943462799\",\"https:\\\/\\\/x.com\\\/bellunopress\",\"https:\\\/\\\/www.linkedin.com\\\/hp\\\/?dnr=JBzUWaJfMUw8vbXJJ2tVW5-I3jZKvC4wsoxE&amp;amp;amp;amp;amp;amp;trk=nav_responsive_tab_home\",\"https:\\\/\\\/www.youtube.com\\\/channel\\\/UCxL0wu1uN0_3_7hGG0306cw\"]},{\"@type\":\"Person\",\"@id\":\"https:\\\/\\\/www.bellunopress.it\\\/#\\\/schema\\\/person\\\/79bb06722b37ece1c03d3e94beb30d73\",\"name\":\"redazione\",\"image\":{\"@type\":\"ImageObject\",\"inLanguage\":\"fr-FR\",\"@id\":\"https:\\\/\\\/secure.gravatar.com\\\/avatar\\\/37d968a2e67a6fd04c169c4bdef102d0bc5d31b2546345219e348575eb80e9a0?s=96&d=mm&r=g\",\"url\":\"https:\\\/\\\/secure.gravatar.com\\\/avatar\\\/37d968a2e67a6fd04c169c4bdef102d0bc5d31b2546345219e348575eb80e9a0?s=96&d=mm&r=g\",\"contentUrl\":\"https:\\\/\\\/secure.gravatar.com\\\/avatar\\\/37d968a2e67a6fd04c169c4bdef102d0bc5d31b2546345219e348575eb80e9a0?s=96&d=mm&r=g\",\"caption\":\"redazione\"},\"sameAs\":[\"http:\\\/\\\/www.bellunopress.it\",\"https:\\\/\\\/x.com\\\/bellunopress\"],\"url\":\"https:\\\/\\\/www.bellunopress.it\\\/fr\\\/author\\\/redazione\\\/\"}]}<\/script>\n<!-- \/ Yoast SEO plugin. -->","yoast_head_json":{"title":"Un campione per amico. Gioved\u00ec a Belluno, Adriano Panatta, Andrea Lucchetta, Martin Castrogiovanni e Francesco Graziani in dialogo con i ragazzi - Bellunopress - Dolomiti","robots":{"index":"index","follow":"follow","max-snippet":"max-snippet:-1","max-image-preview":"max-image-preview:large","max-video-preview":"max-video-preview:-1"},"canonical":"https:\/\/www.bellunopress.it\/fr\/2026\/05\/10\/un-campione-per-amico-giovedi-a-belluno-adriano-panatta-andrea-lucchetta-martin-castrogiovanni-e-francesco-graziani-in-dialogo-con-i-ragazzi\/","og_locale":"fr_FR","og_type":"article","og_title":"Un campione per amico. Gioved\u00ec a Belluno, Adriano Panatta, Andrea Lucchetta, Martin Castrogiovanni e Francesco Graziani in dialogo con i ragazzi - Bellunopress - Dolomiti","og_description":"Un Campione per Amico fa tappa a Belluno: gioved\u00ec 14 maggio gli studenti delle scuole primarie di primo e di secondo grado della Citt\u00e0 vivranno una giornata speciale, in compagnia di quattro atleti che hanno contribuito a scrivere la storia delle loro discipline. Il Tour Itinerante \u201cBanca Generali Un Campione per Amico\u201d prevede infatti di [&hellip;]","og_url":"https:\/\/www.bellunopress.it\/fr\/2026\/05\/10\/un-campione-per-amico-giovedi-a-belluno-adriano-panatta-andrea-lucchetta-martin-castrogiovanni-e-francesco-graziani-in-dialogo-con-i-ragazzi\/","og_site_name":"Bellunopress - Dolomiti","article_publisher":"https:\/\/www.facebook.com\/profile.php?id=100008943462799","article_published_time":"2026-05-10T13:30:21+00:00","og_image":[{"width":750,"height":824,"url":"https:\/\/www.bellunopress.it\/wp-content\/uploads\/2023\/08\/Monica-Mazzoccoli_edited.jpg","type":"image\/jpeg"}],"author":"redazione","twitter_card":"summary_large_image","twitter_creator":"@bellunopress","twitter_site":"@bellunopress","twitter_misc":{"\u00c9crit par":"redazione","Dur\u00e9e de lecture estim\u00e9e":"3 minutes"},"schema":{"@context":"https:\/\/schema.org","@graph":[{"@type":"Article","@id":"https:\/\/www.bellunopress.it\/2026\/05\/10\/un-campione-per-amico-giovedi-a-belluno-adriano-panatta-andrea-lucchetta-martin-castrogiovanni-e-francesco-graziani-in-dialogo-con-i-ragazzi\/#article","isPartOf":{"@id":"https:\/\/www.bellunopress.it\/2026\/05\/10\/un-campione-per-amico-giovedi-a-belluno-adriano-panatta-andrea-lucchetta-martin-castrogiovanni-e-francesco-graziani-in-dialogo-con-i-ragazzi\/"},"author":{"name":"redazione","@id":"https:\/\/www.bellunopress.it\/#\/schema\/person\/79bb06722b37ece1c03d3e94beb30d73"},"headline":"Un campione per amico. Gioved\u00ec a Belluno, Adriano Panatta, Andrea Lucchetta, Martin Castrogiovanni e Francesco Graziani in dialogo con i ragazzi","datePublished":"2026-05-10T13:30:21+00:00","mainEntityOfPage":{"@id":"https:\/\/www.bellunopress.it\/2026\/05\/10\/un-campione-per-amico-giovedi-a-belluno-adriano-panatta-andrea-lucchetta-martin-castrogiovanni-e-francesco-graziani-in-dialogo-con-i-ragazzi\/"},"wordCount":482,"publisher":{"@id":"https:\/\/www.bellunopress.it\/#organization"},"image":{"@id":"https:\/\/www.bellunopress.it\/2026\/05\/10\/un-campione-per-amico-giovedi-a-belluno-adriano-panatta-andrea-lucchetta-martin-castrogiovanni-e-francesco-graziani-in-dialogo-con-i-ragazzi\/#primaryimage"},"thumbnailUrl":"https:\/\/www.bellunopress.it\/wp-content\/uploads\/2023\/08\/Monica-Mazzoccoli_edited.jpg","articleSection":["Pausa Caff\u00e8","Sport, tempo libero"],"inLanguage":"fr-FR"},{"@type":"WebPage","@id":"https:\/\/www.bellunopress.it\/2026\/05\/10\/un-campione-per-amico-giovedi-a-belluno-adriano-panatta-andrea-lucchetta-martin-castrogiovanni-e-francesco-graziani-in-dialogo-con-i-ragazzi\/","url":"https:\/\/www.bellunopress.it\/2026\/05\/10\/un-campione-per-amico-giovedi-a-belluno-adriano-panatta-andrea-lucchetta-martin-castrogiovanni-e-francesco-graziani-in-dialogo-con-i-ragazzi\/","name":"Un campione per amico. Gioved\u00ec a Belluno, Adriano Panatta, Andrea Lucchetta, Martin Castrogiovanni e Francesco Graziani in dialogo con i ragazzi - Bellunopress - Dolomiti","isPartOf":{"@id":"https:\/\/www.bellunopress.it\/#website"},"primaryImageOfPage":{"@id":"https:\/\/www.bellunopress.it\/2026\/05\/10\/un-campione-per-amico-giovedi-a-belluno-adriano-panatta-andrea-lucchetta-martin-castrogiovanni-e-francesco-graziani-in-dialogo-con-i-ragazzi\/#primaryimage"},"image":{"@id":"https:\/\/www.bellunopress.it\/2026\/05\/10\/un-campione-per-amico-giovedi-a-belluno-adriano-panatta-andrea-lucchetta-martin-castrogiovanni-e-francesco-graziani-in-dialogo-con-i-ragazzi\/#primaryimage"},"thumbnailUrl":"https:\/\/www.bellunopress.it\/wp-content\/uploads\/2023\/08\/Monica-Mazzoccoli_edited.jpg","datePublished":"2026-05-10T13:30:21+00:00","breadcrumb":{"@id":"https:\/\/www.bellunopress.it\/2026\/05\/10\/un-campione-per-amico-giovedi-a-belluno-adriano-panatta-andrea-lucchetta-martin-castrogiovanni-e-francesco-graziani-in-dialogo-con-i-ragazzi\/#breadcrumb"},"inLanguage":"fr-FR","potentialAction":[{"@type":"ReadAction","target":["https:\/\/www.bellunopress.it\/2026\/05\/10\/un-campione-per-amico-giovedi-a-belluno-adriano-panatta-andrea-lucchetta-martin-castrogiovanni-e-francesco-graziani-in-dialogo-con-i-ragazzi\/"]}]},{"@type":"ImageObject","inLanguage":"fr-FR","@id":"https:\/\/www.bellunopress.it\/2026\/05\/10\/un-campione-per-amico-giovedi-a-belluno-adriano-panatta-andrea-lucchetta-martin-castrogiovanni-e-francesco-graziani-in-dialogo-con-i-ragazzi\/#primaryimage","url":"https:\/\/www.bellunopress.it\/wp-content\/uploads\/2023\/08\/Monica-Mazzoccoli_edited.jpg","contentUrl":"https:\/\/www.bellunopress.it\/wp-content\/uploads\/2023\/08\/Monica-Mazzoccoli_edited.jpg","width":750,"height":824,"caption":"Monica Mazzoccoli, assessora allo Sport del Comune di Belluno"},{"@type":"BreadcrumbList","@id":"https:\/\/www.bellunopress.it\/2026\/05\/10\/un-campione-per-amico-giovedi-a-belluno-adriano-panatta-andrea-lucchetta-martin-castrogiovanni-e-francesco-graziani-in-dialogo-con-i-ragazzi\/#breadcrumb","itemListElement":[{"@type":"ListItem","position":1,"name":"Home","item":"https:\/\/www.bellunopress.it\/"},{"@type":"ListItem","position":2,"name":"Un campione per amico. Gioved\u00ec a Belluno, Adriano Panatta, Andrea Lucchetta, Martin Castrogiovanni e Francesco Graziani in dialogo con i ragazzi"}]},{"@type":"WebSite","@id":"https:\/\/www.bellunopress.it\/#website","url":"https:\/\/www.bellunopress.it\/","name":"Bellunopress - Dolomiti","description":"e-mail: redazione@bellunopress.it","publisher":{"@id":"https:\/\/www.bellunopress.it\/#organization"},"potentialAction":[{"@type":"SearchAction","target":{"@type":"EntryPoint","urlTemplate":"https:\/\/www.bellunopress.it\/?s={search_term_string}"},"query-input":{"@type":"PropertyValueSpecification","valueRequired":true,"valueName":"search_term_string"}}],"inLanguage":"fr-FR"},{"@type":"Organization","@id":"https:\/\/www.bellunopress.it\/#organization","name":"Bellunopress","url":"https:\/\/www.bellunopress.it\/","logo":{"@type":"ImageObject","inLanguage":"fr-FR","@id":"https:\/\/www.bellunopress.it\/#\/schema\/logo\/image\/","url":"https:\/\/www.bellunopress.it\/wp-content\/uploads\/2011\/05\/cropped-logo-bellunopress-.jpg","contentUrl":"https:\/\/www.bellunopress.it\/wp-content\/uploads\/2011\/05\/cropped-logo-bellunopress-.jpg","width":512,"height":512,"caption":"Bellunopress"},"image":{"@id":"https:\/\/www.bellunopress.it\/#\/schema\/logo\/image\/"},"sameAs":["https:\/\/www.facebook.com\/profile.php?id=100008943462799","https:\/\/x.com\/bellunopress","https:\/\/www.linkedin.com\/hp\/?dnr=JBzUWaJfMUw8vbXJJ2tVW5-I3jZKvC4wsoxE&amp;amp;amp;amp;amp;amp;trk=nav_responsive_tab_home","https:\/\/www.youtube.com\/channel\/UCxL0wu1uN0_3_7hGG0306cw"]},{"@type":"Person","@id":"https:\/\/www.bellunopress.it\/#\/schema\/person\/79bb06722b37ece1c03d3e94beb30d73","name":"r\u00e9daction","image":{"@type":"ImageObject","inLanguage":"fr-FR","@id":"https:\/\/secure.gravatar.com\/avatar\/37d968a2e67a6fd04c169c4bdef102d0bc5d31b2546345219e348575eb80e9a0?s=96&d=mm&r=g","url":"https:\/\/secure.gravatar.com\/avatar\/37d968a2e67a6fd04c169c4bdef102d0bc5d31b2546345219e348575eb80e9a0?s=96&d=mm&r=g","contentUrl":"https:\/\/secure.gravatar.com\/avatar\/37d968a2e67a6fd04c169c4bdef102d0bc5d31b2546345219e348575eb80e9a0?s=96&d=mm&r=g","caption":"redazione"},"sameAs":["http:\/\/www.bellunopress.it","https:\/\/x.com\/bellunopress"],"url":"https:\/\/www.bellunopress.it\/fr\/author\/redazione\/"}]}},"_links":{"self":[{"href":"https:\/\/www.bellunopress.it\/fr\/wp-json\/wp\/v2\/posts\/169963","targetHints":{"allow":["GET"]}}],"collection":[{"href":"https:\/\/www.bellunopress.it\/fr\/wp-json\/wp\/v2\/posts"}],"about":[{"href":"https:\/\/www.bellunopress.it\/fr\/wp-json\/wp\/v2\/types\/post"}],"author":[{"embeddable":true,"href":"https:\/\/www.bellunopress.it\/fr\/wp-json\/wp\/v2\/users\/2"}],"replies":[{"embeddable":true,"href":"https:\/\/www.bellunopress.it\/fr\/wp-json\/wp\/v2\/comments?post=169963"}],"version-history":[{"count":1,"href":"https:\/\/www.bellunopress.it\/fr\/wp-json\/wp\/v2\/posts\/169963\/revisions"}],"predecessor-version":[{"id":169964,"href":"https:\/\/www.bellunopress.it\/fr\/wp-json\/wp\/v2\/posts\/169963\/revisions\/169964"}],"wp:featuredmedia":[{"embeddable":true,"href":"https:\/\/www.bellunopress.it\/fr\/wp-json\/wp\/v2\/media\/143335"}],"wp:attachment":[{"href":"https:\/\/www.bellunopress.it\/fr\/wp-json\/wp\/v2\/media?parent=169963"}],"wp:term":[{"taxonomy":"category","embeddable":true,"href":"https:\/\/www.bellunopress.it\/fr\/wp-json\/wp\/v2\/categories?post=169963"},{"taxonomy":"post_tag","embeddable":true,"href":"https:\/\/www.bellunopress.it\/fr\/wp-json\/wp\/v2\/tags?post=169963"}],"curies":[{"name":"wp","href":"https:\/\/api.w.org\/{rel}","templated":true}]}}