{"id":169959,"date":"2026-05-10T12:54:36","date_gmt":"2026-05-10T10:54:36","guid":{"rendered":"https:\/\/www.bellunopress.it\/?p=169959"},"modified":"2026-05-10T12:54:36","modified_gmt":"2026-05-10T10:54:36","slug":"palio-di-feltre-marinella-senatore-lartista-del-drappo-di-questanno","status":"publish","type":"post","link":"https:\/\/www.bellunopress.it\/fr\/2026\/05\/10\/palio-di-feltre-marinella-senatore-lartista-del-drappo-di-questanno\/","title":{"rendered":"Palio di Feltre. Marinella Senatore l&#8217;artista del drappo di quest&#8217;anno"},"content":{"rendered":"<p>Feltre, 10 maggio 2026 &#8211; Sar\u00e0 Marinella Senatore l\u2019artista incaricata di realizzare il drappo che andr\u00e0 in premio al Quartiere vincitore del Palio 2026. Un nome prestigioso e di rilievo internazionale. Si tratta infatti di una delle artiste italiane pi\u00f9 note e apprezzate sulla scena artistica mondiale.<\/p>\n<p>La comunicazione \u00e8 stata data dal presidente Eugenio Tamburrino nel corso della manifestazione che si \u00e8 tenuta domenica 10 maggio, all&#8217;interno della splendida cornice di un Santuario dei Santi Vittore e Corona stipato di persone, che ha segnato anche l&#8217;apertura dell&#8217;anno del Palio, che avr\u00e0 il suo culmine nella 47ma edizione.<br \/>\nIl momento rappresenta innanzitutto l&#8217;omaggio del mondo del Palio ai Santi patroni della Citt\u00e0, la cui festa ricorre tra pochi giorni. Il corteo degli sbandieratori e tamburini dei quattro Quartieri e del Gruppo Sbandieratori Citt\u00e0 di Feltre ha preso avvio dalla chiesa di Anz\u00f9 ed \u00e8 poi giunto al Santuario, per la Messa celebrata da don Francesco De Luca e allietata dal Coro Femminile Vocincanto.<br \/>\nPresente il Direttivo dell&#8217;Associazione Palio Citt\u00e0 di Feltre e, in rappresentanza dell&#8217;Amministrazione Comunale, il nuovo Assessore delegato al Palio, Matteo Titton.<\/p>\n<p>Al termine della celebrazione il presidente Tamburrino ha rimarcato l&#8217;importanza della manifestazione non solo per Feltre ma per l&#8217;intero territorio provinciale, sottolineandone il valore comunitario. \u201cProprio da questo deriva il tema che anche quest&#8217;anno il Palio si \u00e8 dato: \u2018Passione e Comunit\u00e0\u2019. Il binomio sottolinea due aspetti fondamentali del Palio, ma anche quanto la passione che anima la manifestazione sia fondamentale per costruire comunit\u00e0, un aspetto sempre pi\u00f9 cruciale nel mondo di oggi.<br \/>\nStrettamente connessa a questa impostazione \u00e8 la scelta dell&#8217;artista incaricata di realizzare il drappo che andr\u00e0 in premio al Quartiere vincitore del Palio 2026. Dopo i successi della prima conferenza del ciclo &#8216;Aspettando il Palio&#8217; e il pieno di partecipanti alla Caccia al Tesoro di sabato pomeriggio, il fatto che anche la Messa di San Vittore abbia registrato una ampissima partecipazione, anche al di l\u00e0 dei contradaioli, testimonia quanto il nostro territorio sia affamato di Palio. Il tema scelto per quest&#8217;anno, Passione e Comunit\u00e0, bene riassume due delle caratteristiche della nostra manifestazione, ma si presta anche a declinare le differenti relazioni tra queste due parole. In questo senso, la scelta di Marinella Senatore ci rende felici e orgogliosi: ancora una volta il Palio di Feltre si conferma capace di portare in citt\u00e0 la grande arte internazionale, ma &#8211; soprattutto &#8211; un&#8217;artista che, attraverso la sua opera, sottolinea, promuove e stimola quell&#8217;attenzione ai processi comunitari e alle espressioni della societ\u00e0 che per il Palio sono nel dna pi\u00f9 profondo&#8221;.<\/p>\n<p>In merito alla realizzazione della propria opera Marinella Senatore ha specificato: \u201cL\u2019arazzo \u00e8 una forma di memoria collettiva: intreccia gesto, tempo e comunit\u00e0, trasformando la tradizione in un linguaggio profondamente contemporaneo. La collaborazione per il drappo del Palio di Feltre 2026 nasce dal desiderio di restituire alla tradizione una voce viva, capace di parlare al presente attraverso l&#8217;arte. Mi interessa lavorare sui simboli popolari come dispositivi attuali: il tessile diventa spazio poetico e partecipativo, dove storia e immaginazione si incontrano\u201d.<\/p>\n<p>Nata a Cava de&#8217; Tirreni nel 1977, Marinella Senatore \u00e8 attualmente impegnata in molte esposizioni, tra cui quella nella prestigiosa sede delle Procuratie Nuove, nell&#8217;ambito della 61ma Biennale di Venezia. Da sempre attenta alle espressioni della comunit\u00e0, l\u2019artista pone le connessioni sociali alla base del suo lavoro e concentra la sua ricerca sull&#8217;attivazione, sottolineando il potere dell&#8217;arte di avviare un processo di emancipazione individuale e collettiva.<br \/>\nE&#8217; stata inoltre nominata artista dell&#8217;anno per il 2026 dalla Galleria Nazionale d&#8217;Arte Moderna e Contemporanea (GNAMC) di Roma, la pi\u00f9 autorevole istituzione italiana nell&#8217;ambito dell&#8217;arte contemporanea.<\/p>\n<p>&nbsp;<\/p>","protected":false},"excerpt":{"rendered":"<p>Feltre, 10 maggio 2026 &#8211; Sar\u00e0 Marinella Senatore l\u2019artista incaricata di realizzare il drappo che andr\u00e0 in premio al Quartiere vincitore del Palio 2026. Un nome prestigioso e di rilievo internazionale. Si tratta infatti di una delle artiste italiane pi\u00f9 note e apprezzate sulla scena artistica mondiale. La comunicazione \u00e8 stata data dal presidente Eugenio [&hellip;]<\/p>\n","protected":false},"author":2,"featured_media":169960,"comment_status":"closed","ping_status":"open","sticky":false,"template":"","format":"standard","meta":{"footnotes":""},"categories":[3,26,8],"tags":[],"class_list":["post-169959","post","type-post","status-publish","format-standard","has-post-thumbnail","category-arte-cultura-spettacoli-scienza-archivi","category-prima-pagina","category-societa-istituzioni"],"yoast_head":"<!-- This site is optimized with the Yoast SEO plugin v28.4 - https:\/\/yoast.com\/product\/yoast-seo-wordpress\/ -->\n<title>Palio di Feltre. Marinella Senatore l&#039;artista del drappo di quest&#039;anno - Bellunopress - Dolomiti<\/title>\n<meta name=\"robots\" content=\"index, follow, max-snippet:-1, max-image-preview:large, max-video-preview:-1\" \/>\n<link rel=\"canonical\" href=\"https:\/\/www.bellunopress.it\/fr\/2026\/05\/10\/palio-di-feltre-marinella-senatore-lartista-del-drappo-di-questanno\/\" \/>\n<meta property=\"og:locale\" content=\"fr_FR\" \/>\n<meta property=\"og:type\" content=\"article\" \/>\n<meta property=\"og:title\" content=\"Palio di Feltre. Marinella Senatore l&#039;artista del drappo di quest&#039;anno - Bellunopress - Dolomiti\" \/>\n<meta property=\"og:description\" content=\"Feltre, 10 maggio 2026 &#8211; Sar\u00e0 Marinella Senatore l\u2019artista incaricata di realizzare il drappo che andr\u00e0 in premio al Quartiere vincitore del Palio 2026. Un nome prestigioso e di rilievo internazionale. Si tratta infatti di una delle artiste italiane pi\u00f9 note e apprezzate sulla scena artistica mondiale. La comunicazione \u00e8 stata data dal presidente Eugenio [&hellip;]\" \/>\n<meta property=\"og:url\" content=\"https:\/\/www.bellunopress.it\/fr\/2026\/05\/10\/palio-di-feltre-marinella-senatore-lartista-del-drappo-di-questanno\/\" \/>\n<meta property=\"og:site_name\" content=\"Bellunopress - Dolomiti\" \/>\n<meta property=\"article:publisher\" content=\"https:\/\/www.facebook.com\/profile.php?id=100008943462799\" \/>\n<meta property=\"article:published_time\" content=\"2026-05-10T10:54:36+00:00\" \/>\n<meta property=\"og:image\" content=\"https:\/\/www.bellunopress.it\/wp-content\/uploads\/2026\/05\/Marinella-Senatore-The-Human-Safety-Net-Venic-2026.jpg\" \/>\n\t<meta property=\"og:image:width\" content=\"500\" \/>\n\t<meta property=\"og:image:height\" content=\"333\" \/>\n\t<meta property=\"og:image:type\" content=\"image\/jpeg\" \/>\n<meta name=\"author\" content=\"redazione\" \/>\n<meta name=\"twitter:card\" content=\"summary_large_image\" \/>\n<meta name=\"twitter:creator\" content=\"@bellunopress\" \/>\n<meta name=\"twitter:site\" content=\"@bellunopress\" \/>\n<meta name=\"twitter:label1\" content=\"Written by\" \/>\n\t<meta name=\"twitter:data1\" content=\"redazione\" \/>\n\t<meta name=\"twitter:label2\" content=\"Est. reading time\" \/>\n\t<meta name=\"twitter:data2\" content=\"4 minutes\" \/>\n<script type=\"application\/ld+json\" class=\"yoast-schema-graph\">{\"@context\":\"https:\\\/\\\/schema.org\",\"@graph\":[{\"@type\":\"Article\",\"@id\":\"https:\\\/\\\/www.bellunopress.it\\\/2026\\\/05\\\/10\\\/palio-di-feltre-marinella-senatore-lartista-del-drappo-di-questanno\\\/#article\",\"isPartOf\":{\"@id\":\"https:\\\/\\\/www.bellunopress.it\\\/2026\\\/05\\\/10\\\/palio-di-feltre-marinella-senatore-lartista-del-drappo-di-questanno\\\/\"},\"author\":{\"name\":\"redazione\",\"@id\":\"https:\\\/\\\/www.bellunopress.it\\\/#\\\/schema\\\/person\\\/79bb06722b37ece1c03d3e94beb30d73\"},\"headline\":\"Palio di Feltre. Marinella Senatore l&#8217;artista del drappo di quest&#8217;anno\",\"datePublished\":\"2026-05-10T10:54:36+00:00\",\"mainEntityOfPage\":{\"@id\":\"https:\\\/\\\/www.bellunopress.it\\\/2026\\\/05\\\/10\\\/palio-di-feltre-marinella-senatore-lartista-del-drappo-di-questanno\\\/\"},\"wordCount\":620,\"publisher\":{\"@id\":\"https:\\\/\\\/www.bellunopress.it\\\/#organization\"},\"image\":{\"@id\":\"https:\\\/\\\/www.bellunopress.it\\\/2026\\\/05\\\/10\\\/palio-di-feltre-marinella-senatore-lartista-del-drappo-di-questanno\\\/#primaryimage\"},\"thumbnailUrl\":\"https:\\\/\\\/www.bellunopress.it\\\/wp-content\\\/uploads\\\/2026\\\/05\\\/Marinella-Senatore-The-Human-Safety-Net-Venic-2026.jpg\",\"articleSection\":[\"Arte, Cultura, Spettacoli, Scienza\",\"Prima Pagina\",\"Societ\u00e0, Associazioni, Istituzioni\"],\"inLanguage\":\"fr-FR\"},{\"@type\":\"WebPage\",\"@id\":\"https:\\\/\\\/www.bellunopress.it\\\/2026\\\/05\\\/10\\\/palio-di-feltre-marinella-senatore-lartista-del-drappo-di-questanno\\\/\",\"url\":\"https:\\\/\\\/www.bellunopress.it\\\/2026\\\/05\\\/10\\\/palio-di-feltre-marinella-senatore-lartista-del-drappo-di-questanno\\\/\",\"name\":\"Palio di Feltre. Marinella Senatore l'artista del drappo di quest'anno - Bellunopress - Dolomiti\",\"isPartOf\":{\"@id\":\"https:\\\/\\\/www.bellunopress.it\\\/#website\"},\"primaryImageOfPage\":{\"@id\":\"https:\\\/\\\/www.bellunopress.it\\\/2026\\\/05\\\/10\\\/palio-di-feltre-marinella-senatore-lartista-del-drappo-di-questanno\\\/#primaryimage\"},\"image\":{\"@id\":\"https:\\\/\\\/www.bellunopress.it\\\/2026\\\/05\\\/10\\\/palio-di-feltre-marinella-senatore-lartista-del-drappo-di-questanno\\\/#primaryimage\"},\"thumbnailUrl\":\"https:\\\/\\\/www.bellunopress.it\\\/wp-content\\\/uploads\\\/2026\\\/05\\\/Marinella-Senatore-The-Human-Safety-Net-Venic-2026.jpg\",\"datePublished\":\"2026-05-10T10:54:36+00:00\",\"breadcrumb\":{\"@id\":\"https:\\\/\\\/www.bellunopress.it\\\/2026\\\/05\\\/10\\\/palio-di-feltre-marinella-senatore-lartista-del-drappo-di-questanno\\\/#breadcrumb\"},\"inLanguage\":\"fr-FR\",\"potentialAction\":[{\"@type\":\"ReadAction\",\"target\":[\"https:\\\/\\\/www.bellunopress.it\\\/2026\\\/05\\\/10\\\/palio-di-feltre-marinella-senatore-lartista-del-drappo-di-questanno\\\/\"]}]},{\"@type\":\"ImageObject\",\"inLanguage\":\"fr-FR\",\"@id\":\"https:\\\/\\\/www.bellunopress.it\\\/2026\\\/05\\\/10\\\/palio-di-feltre-marinella-senatore-lartista-del-drappo-di-questanno\\\/#primaryimage\",\"url\":\"https:\\\/\\\/www.bellunopress.it\\\/wp-content\\\/uploads\\\/2026\\\/05\\\/Marinella-Senatore-The-Human-Safety-Net-Venic-2026.jpg\",\"contentUrl\":\"https:\\\/\\\/www.bellunopress.it\\\/wp-content\\\/uploads\\\/2026\\\/05\\\/Marinella-Senatore-The-Human-Safety-Net-Venic-2026.jpg\",\"width\":500,\"height\":333,\"caption\":\"Inauguration. Exhibition of Marinella Senatore with the Human Safety Net foundation of Generali Assicurazioni, Venezia. 2026, May 7. Italy. Photography by Mazen Jannoun\"},{\"@type\":\"BreadcrumbList\",\"@id\":\"https:\\\/\\\/www.bellunopress.it\\\/2026\\\/05\\\/10\\\/palio-di-feltre-marinella-senatore-lartista-del-drappo-di-questanno\\\/#breadcrumb\",\"itemListElement\":[{\"@type\":\"ListItem\",\"position\":1,\"name\":\"Home\",\"item\":\"https:\\\/\\\/www.bellunopress.it\\\/\"},{\"@type\":\"ListItem\",\"position\":2,\"name\":\"Palio di Feltre. Marinella Senatore l&#8217;artista del drappo di quest&#8217;anno\"}]},{\"@type\":\"WebSite\",\"@id\":\"https:\\\/\\\/www.bellunopress.it\\\/#website\",\"url\":\"https:\\\/\\\/www.bellunopress.it\\\/\",\"name\":\"Bellunopress - Dolomiti\",\"description\":\"e-mail: redazione@bellunopress.it\",\"publisher\":{\"@id\":\"https:\\\/\\\/www.bellunopress.it\\\/#organization\"},\"potentialAction\":[{\"@type\":\"SearchAction\",\"target\":{\"@type\":\"EntryPoint\",\"urlTemplate\":\"https:\\\/\\\/www.bellunopress.it\\\/?s={search_term_string}\"},\"query-input\":{\"@type\":\"PropertyValueSpecification\",\"valueRequired\":true,\"valueName\":\"search_term_string\"}}],\"inLanguage\":\"fr-FR\"},{\"@type\":\"Organization\",\"@id\":\"https:\\\/\\\/www.bellunopress.it\\\/#organization\",\"name\":\"Bellunopress\",\"url\":\"https:\\\/\\\/www.bellunopress.it\\\/\",\"logo\":{\"@type\":\"ImageObject\",\"inLanguage\":\"fr-FR\",\"@id\":\"https:\\\/\\\/www.bellunopress.it\\\/#\\\/schema\\\/logo\\\/image\\\/\",\"url\":\"https:\\\/\\\/www.bellunopress.it\\\/wp-content\\\/uploads\\\/2011\\\/05\\\/cropped-logo-bellunopress-.jpg\",\"contentUrl\":\"https:\\\/\\\/www.bellunopress.it\\\/wp-content\\\/uploads\\\/2011\\\/05\\\/cropped-logo-bellunopress-.jpg\",\"width\":512,\"height\":512,\"caption\":\"Bellunopress\"},\"image\":{\"@id\":\"https:\\\/\\\/www.bellunopress.it\\\/#\\\/schema\\\/logo\\\/image\\\/\"},\"sameAs\":[\"https:\\\/\\\/www.facebook.com\\\/profile.php?id=100008943462799\",\"https:\\\/\\\/x.com\\\/bellunopress\",\"https:\\\/\\\/www.linkedin.com\\\/hp\\\/?dnr=JBzUWaJfMUw8vbXJJ2tVW5-I3jZKvC4wsoxE&amp;amp;amp;amp;amp;amp;trk=nav_responsive_tab_home\",\"https:\\\/\\\/www.youtube.com\\\/channel\\\/UCxL0wu1uN0_3_7hGG0306cw\"]},{\"@type\":\"Person\",\"@id\":\"https:\\\/\\\/www.bellunopress.it\\\/#\\\/schema\\\/person\\\/79bb06722b37ece1c03d3e94beb30d73\",\"name\":\"redazione\",\"image\":{\"@type\":\"ImageObject\",\"inLanguage\":\"fr-FR\",\"@id\":\"https:\\\/\\\/secure.gravatar.com\\\/avatar\\\/37d968a2e67a6fd04c169c4bdef102d0bc5d31b2546345219e348575eb80e9a0?s=96&d=mm&r=g\",\"url\":\"https:\\\/\\\/secure.gravatar.com\\\/avatar\\\/37d968a2e67a6fd04c169c4bdef102d0bc5d31b2546345219e348575eb80e9a0?s=96&d=mm&r=g\",\"contentUrl\":\"https:\\\/\\\/secure.gravatar.com\\\/avatar\\\/37d968a2e67a6fd04c169c4bdef102d0bc5d31b2546345219e348575eb80e9a0?s=96&d=mm&r=g\",\"caption\":\"redazione\"},\"sameAs\":[\"http:\\\/\\\/www.bellunopress.it\",\"https:\\\/\\\/x.com\\\/bellunopress\"],\"url\":\"https:\\\/\\\/www.bellunopress.it\\\/fr\\\/author\\\/redazione\\\/\"}]}<\/script>\n<!-- \/ Yoast SEO plugin. -->","yoast_head_json":{"title":"Palio di Feltre. Marinella Senatore l'artista del drappo di quest'anno - Bellunopress - Dolomiti","robots":{"index":"index","follow":"follow","max-snippet":"max-snippet:-1","max-image-preview":"max-image-preview:large","max-video-preview":"max-video-preview:-1"},"canonical":"https:\/\/www.bellunopress.it\/fr\/2026\/05\/10\/palio-di-feltre-marinella-senatore-lartista-del-drappo-di-questanno\/","og_locale":"fr_FR","og_type":"article","og_title":"Palio di Feltre. Marinella Senatore l'artista del drappo di quest'anno - Bellunopress - Dolomiti","og_description":"Feltre, 10 maggio 2026 &#8211; Sar\u00e0 Marinella Senatore l\u2019artista incaricata di realizzare il drappo che andr\u00e0 in premio al Quartiere vincitore del Palio 2026. Un nome prestigioso e di rilievo internazionale. Si tratta infatti di una delle artiste italiane pi\u00f9 note e apprezzate sulla scena artistica mondiale. La comunicazione \u00e8 stata data dal presidente Eugenio [&hellip;]","og_url":"https:\/\/www.bellunopress.it\/fr\/2026\/05\/10\/palio-di-feltre-marinella-senatore-lartista-del-drappo-di-questanno\/","og_site_name":"Bellunopress - Dolomiti","article_publisher":"https:\/\/www.facebook.com\/profile.php?id=100008943462799","article_published_time":"2026-05-10T10:54:36+00:00","og_image":[{"width":500,"height":333,"url":"https:\/\/www.bellunopress.it\/wp-content\/uploads\/2026\/05\/Marinella-Senatore-The-Human-Safety-Net-Venic-2026.jpg","type":"image\/jpeg"}],"author":"redazione","twitter_card":"summary_large_image","twitter_creator":"@bellunopress","twitter_site":"@bellunopress","twitter_misc":{"Written by":"redazione","Est. reading time":"4 minutes"},"schema":{"@context":"https:\/\/schema.org","@graph":[{"@type":"Article","@id":"https:\/\/www.bellunopress.it\/2026\/05\/10\/palio-di-feltre-marinella-senatore-lartista-del-drappo-di-questanno\/#article","isPartOf":{"@id":"https:\/\/www.bellunopress.it\/2026\/05\/10\/palio-di-feltre-marinella-senatore-lartista-del-drappo-di-questanno\/"},"author":{"name":"redazione","@id":"https:\/\/www.bellunopress.it\/#\/schema\/person\/79bb06722b37ece1c03d3e94beb30d73"},"headline":"Palio di Feltre. Marinella Senatore l&#8217;artista del drappo di quest&#8217;anno","datePublished":"2026-05-10T10:54:36+00:00","mainEntityOfPage":{"@id":"https:\/\/www.bellunopress.it\/2026\/05\/10\/palio-di-feltre-marinella-senatore-lartista-del-drappo-di-questanno\/"},"wordCount":620,"publisher":{"@id":"https:\/\/www.bellunopress.it\/#organization"},"image":{"@id":"https:\/\/www.bellunopress.it\/2026\/05\/10\/palio-di-feltre-marinella-senatore-lartista-del-drappo-di-questanno\/#primaryimage"},"thumbnailUrl":"https:\/\/www.bellunopress.it\/wp-content\/uploads\/2026\/05\/Marinella-Senatore-The-Human-Safety-Net-Venic-2026.jpg","articleSection":["Arte, Cultura, Spettacoli, Scienza","Prima Pagina","Societ\u00e0, Associazioni, Istituzioni"],"inLanguage":"fr-FR"},{"@type":"WebPage","@id":"https:\/\/www.bellunopress.it\/2026\/05\/10\/palio-di-feltre-marinella-senatore-lartista-del-drappo-di-questanno\/","url":"https:\/\/www.bellunopress.it\/2026\/05\/10\/palio-di-feltre-marinella-senatore-lartista-del-drappo-di-questanno\/","name":"Palio di Feltre. Marinella Senatore l'artista del drappo di quest'anno - Bellunopress - Dolomiti","isPartOf":{"@id":"https:\/\/www.bellunopress.it\/#website"},"primaryImageOfPage":{"@id":"https:\/\/www.bellunopress.it\/2026\/05\/10\/palio-di-feltre-marinella-senatore-lartista-del-drappo-di-questanno\/#primaryimage"},"image":{"@id":"https:\/\/www.bellunopress.it\/2026\/05\/10\/palio-di-feltre-marinella-senatore-lartista-del-drappo-di-questanno\/#primaryimage"},"thumbnailUrl":"https:\/\/www.bellunopress.it\/wp-content\/uploads\/2026\/05\/Marinella-Senatore-The-Human-Safety-Net-Venic-2026.jpg","datePublished":"2026-05-10T10:54:36+00:00","breadcrumb":{"@id":"https:\/\/www.bellunopress.it\/2026\/05\/10\/palio-di-feltre-marinella-senatore-lartista-del-drappo-di-questanno\/#breadcrumb"},"inLanguage":"fr-FR","potentialAction":[{"@type":"ReadAction","target":["https:\/\/www.bellunopress.it\/2026\/05\/10\/palio-di-feltre-marinella-senatore-lartista-del-drappo-di-questanno\/"]}]},{"@type":"ImageObject","inLanguage":"fr-FR","@id":"https:\/\/www.bellunopress.it\/2026\/05\/10\/palio-di-feltre-marinella-senatore-lartista-del-drappo-di-questanno\/#primaryimage","url":"https:\/\/www.bellunopress.it\/wp-content\/uploads\/2026\/05\/Marinella-Senatore-The-Human-Safety-Net-Venic-2026.jpg","contentUrl":"https:\/\/www.bellunopress.it\/wp-content\/uploads\/2026\/05\/Marinella-Senatore-The-Human-Safety-Net-Venic-2026.jpg","width":500,"height":333,"caption":"Inauguration. Exhibition of Marinella Senatore with the Human Safety Net foundation of Generali Assicurazioni, Venezia. 2026, May 7. Italy. Photography by Mazen Jannoun"},{"@type":"BreadcrumbList","@id":"https:\/\/www.bellunopress.it\/2026\/05\/10\/palio-di-feltre-marinella-senatore-lartista-del-drappo-di-questanno\/#breadcrumb","itemListElement":[{"@type":"ListItem","position":1,"name":"Home","item":"https:\/\/www.bellunopress.it\/"},{"@type":"ListItem","position":2,"name":"Palio di Feltre. Marinella Senatore l&#8217;artista del drappo di quest&#8217;anno"}]},{"@type":"WebSite","@id":"https:\/\/www.bellunopress.it\/#website","url":"https:\/\/www.bellunopress.it\/","name":"Bellunopress - Dolomiti","description":"e-mail: redazione@bellunopress.it","publisher":{"@id":"https:\/\/www.bellunopress.it\/#organization"},"potentialAction":[{"@type":"SearchAction","target":{"@type":"EntryPoint","urlTemplate":"https:\/\/www.bellunopress.it\/?s={search_term_string}"},"query-input":{"@type":"PropertyValueSpecification","valueRequired":true,"valueName":"search_term_string"}}],"inLanguage":"fr-FR"},{"@type":"Organization","@id":"https:\/\/www.bellunopress.it\/#organization","name":"Bellunopress","url":"https:\/\/www.bellunopress.it\/","logo":{"@type":"ImageObject","inLanguage":"fr-FR","@id":"https:\/\/www.bellunopress.it\/#\/schema\/logo\/image\/","url":"https:\/\/www.bellunopress.it\/wp-content\/uploads\/2011\/05\/cropped-logo-bellunopress-.jpg","contentUrl":"https:\/\/www.bellunopress.it\/wp-content\/uploads\/2011\/05\/cropped-logo-bellunopress-.jpg","width":512,"height":512,"caption":"Bellunopress"},"image":{"@id":"https:\/\/www.bellunopress.it\/#\/schema\/logo\/image\/"},"sameAs":["https:\/\/www.facebook.com\/profile.php?id=100008943462799","https:\/\/x.com\/bellunopress","https:\/\/www.linkedin.com\/hp\/?dnr=JBzUWaJfMUw8vbXJJ2tVW5-I3jZKvC4wsoxE&amp;amp;amp;amp;amp;amp;trk=nav_responsive_tab_home","https:\/\/www.youtube.com\/channel\/UCxL0wu1uN0_3_7hGG0306cw"]},{"@type":"Person","@id":"https:\/\/www.bellunopress.it\/#\/schema\/person\/79bb06722b37ece1c03d3e94beb30d73","name":"r\u00e9daction","image":{"@type":"ImageObject","inLanguage":"fr-FR","@id":"https:\/\/secure.gravatar.com\/avatar\/37d968a2e67a6fd04c169c4bdef102d0bc5d31b2546345219e348575eb80e9a0?s=96&d=mm&r=g","url":"https:\/\/secure.gravatar.com\/avatar\/37d968a2e67a6fd04c169c4bdef102d0bc5d31b2546345219e348575eb80e9a0?s=96&d=mm&r=g","contentUrl":"https:\/\/secure.gravatar.com\/avatar\/37d968a2e67a6fd04c169c4bdef102d0bc5d31b2546345219e348575eb80e9a0?s=96&d=mm&r=g","caption":"redazione"},"sameAs":["http:\/\/www.bellunopress.it","https:\/\/x.com\/bellunopress"],"url":"https:\/\/www.bellunopress.it\/fr\/author\/redazione\/"}]}},"_links":{"self":[{"href":"https:\/\/www.bellunopress.it\/fr\/wp-json\/wp\/v2\/posts\/169959","targetHints":{"allow":["GET"]}}],"collection":[{"href":"https:\/\/www.bellunopress.it\/fr\/wp-json\/wp\/v2\/posts"}],"about":[{"href":"https:\/\/www.bellunopress.it\/fr\/wp-json\/wp\/v2\/types\/post"}],"author":[{"embeddable":true,"href":"https:\/\/www.bellunopress.it\/fr\/wp-json\/wp\/v2\/users\/2"}],"replies":[{"embeddable":true,"href":"https:\/\/www.bellunopress.it\/fr\/wp-json\/wp\/v2\/comments?post=169959"}],"version-history":[{"count":1,"href":"https:\/\/www.bellunopress.it\/fr\/wp-json\/wp\/v2\/posts\/169959\/revisions"}],"predecessor-version":[{"id":169961,"href":"https:\/\/www.bellunopress.it\/fr\/wp-json\/wp\/v2\/posts\/169959\/revisions\/169961"}],"wp:featuredmedia":[{"embeddable":true,"href":"https:\/\/www.bellunopress.it\/fr\/wp-json\/wp\/v2\/media\/169960"}],"wp:attachment":[{"href":"https:\/\/www.bellunopress.it\/fr\/wp-json\/wp\/v2\/media?parent=169959"}],"wp:term":[{"taxonomy":"category","embeddable":true,"href":"https:\/\/www.bellunopress.it\/fr\/wp-json\/wp\/v2\/categories?post=169959"},{"taxonomy":"post_tag","embeddable":true,"href":"https:\/\/www.bellunopress.it\/fr\/wp-json\/wp\/v2\/tags?post=169959"}],"curies":[{"name":"wp","href":"https:\/\/api.w.org\/{rel}","templated":true}]}}