{"id":169957,"date":"2026-05-10T09:24:43","date_gmt":"2026-05-10T07:24:43","guid":{"rendered":"https:\/\/www.bellunopress.it\/?p=169957"},"modified":"2026-05-10T09:24:43","modified_gmt":"2026-05-10T07:24:43","slug":"oltre-il-camice-il-lascito-morale-di-franco-basaglia-a-un-secolo-dalla-nascita","status":"publish","type":"post","link":"https:\/\/www.bellunopress.it\/fr\/2026\/05\/10\/oltre-il-camice-il-lascito-morale-di-franco-basaglia-a-un-secolo-dalla-nascita\/","title":{"rendered":"Oltre il camice: il lascito morale di Franco Basaglia a un secolo dalla nascita"},"content":{"rendered":"<p><strong>La medicina del volto umano: il ricordo dello psichiatra che scelse il paziente<\/strong><\/p>\n<p>Circa 100 anni fa nasceva a Venezia Franco Basaglia.<\/p>\n<p>La sua vita molto breve (mor\u00ec a soli 56 anni) ma molto intensa dobbiamo ricordarla come esempio o come paradigma della buona medicina. Infatti \u00e8 stata improntata dalla necessit\u00e0 e dalla volont\u00e0 di rispettare i principi ippocratici nei confronti del Paziente, delle sue esigenze e del suo interesse, per una vita dignitosa e confortevole.<\/p>\n<p>In questi tempi ci invita ad una riflessione profonda sulla missione stessa della medicina. Ricordare la nascita di un medico come Franco Basaglia significa riconoscere che, sebbene la tecnologia e la scienza medica abbiano fatto passi da gigante dal 1924 a oggi, il cuore etico della professione rimane ancorato a quegli stessi valori che lui ha incarnato.<\/p>\n<p>Il suo approccio non era solo una pratica clinica, ma una vera e propria filosofia di cura che oggi definiremmo &#8220;umanizzazione della medicina&#8221;. Infatti si muoveva su tre concetti fondamentali che ancora oggi rappresentano la dottrina per ogni operatore sanitario:<\/p>\n<p>Non esistono &#8220;malattie&#8221;, ma solo &#8220;persone malate&#8221; La cura del Paziente significa valutarlo oltre il sintomo, nella sua interezza.<\/p>\n<p>La sofferenza non \u00e8 mai solo organica, ma coinvolge l&#8217;identit\u00e0 del soggetto che non \u00e8 mai solamente un cliente<\/p>\n<p>La cura non deve mai cessare, neppure quando la guarigione non \u00e8 possibile. Il comfort e la dignit\u00e0 vanno comunque rispettati<\/p>\n<p>In un&#8217;epoca in cui il Giuramento di Ippocrate rischia di diventare una formalit\u00e0 burocratica, la figura di Franco Basaglia ci ricorda che l&#8217;ascolto e l&#8217;empatia sono strumenti diagnostici potenti quanto uno stetoscopio o una risonanza magnetica.<\/p>\n<p>A breve distanza dalla esperienza del Covid possiamo dire che nella Medicina di oggi domina l&#8217;industria farmaceutica e cio\u00e8 il primato del denaro a discapito del primato della Persona<\/p>\n<p>La transizione da Paziente a Cliente \u00e8 un fenomeno che avrebbe certamente inorridito Franco Basaglia, cos\u00ec come ha inorridito molti medici definiti no-vax, costretti ad abbandonare lavoro e professione ad opera di medici, presidenti degli Ordini dei Medici, che hanno accettato di ignorare o escludere la deontologia professionale di ispirazione ippocratica.<\/p>\n<p>La medicina industriale non \u00e8 un fenomeno di poco conto: In un sistema mercatizzato, \u00e8 pi\u00f9 efficiente curare l&#8217;organo malato che la persona intera. Il Paziente viene &#8220;smontato&#8221; in sintomi e analisi cliniche, perdendo quell&#8217;unit\u00e0 psico-fisica che Basaglia difendeva.<\/p>\n<p>Se da un lato i protocolli garantiscono standard di sicurezza, dall&#8217;altro vengono spesso usati per massimizzare la velocit\u00e0 (e quindi il profitto) o per proteggere le strutture legalmente, riducendo il tempo dedicato all&#8217;ascolto, che non \u00e8 fatturabile ma \u00e8 terapeutico.<\/p>\n<p>La ricerca e lo sviluppo sono oggi quasi totalmente in mano alle industrie private. Vedi Big Pharma Questo sposta l&#8217;attenzione sulle patologie redditizie croniche, che richiedono farmaci a vita (vedi malattie autoimmuni) a scapito della prevenzione<\/p>\n<p>Rilevare questa realt\u00e0 deve portare il mondo medico ad una Etica della Resistenza. Qualcuno ha detto che figure come Franco Basaglia ci ricordano che il medico non \u00e8 un distributore di molecole, ma un custode della dignit\u00e0 umana.<\/p>\n<p>Filiberto Dal Molin<\/p>","protected":false},"excerpt":{"rendered":"<p>La medicina del volto umano: il ricordo dello psichiatra che scelse il paziente Circa 100 anni fa nasceva a Venezia Franco Basaglia. La sua vita molto breve (mor\u00ec a soli 56 anni) ma molto intensa dobbiamo ricordarla come esempio o come paradigma della buona medicina. Infatti \u00e8 stata improntata dalla necessit\u00e0 e dalla volont\u00e0 di [&hellip;]<\/p>\n","protected":false},"author":2,"featured_media":118506,"comment_status":"closed","ping_status":"open","sticky":false,"template":"","format":"standard","meta":{"footnotes":""},"categories":[3614],"tags":[],"class_list":["post-169957","post","type-post","status-publish","format-standard","has-post-thumbnail","category-controcorrente"],"yoast_head":"<!-- This site is optimized with the Yoast SEO plugin v28.4 - https:\/\/yoast.com\/product\/yoast-seo-wordpress\/ -->\n<title>Oltre il camice: il lascito morale di Franco Basaglia a un secolo dalla nascita - Bellunopress - Dolomiti<\/title>\n<meta name=\"robots\" content=\"index, follow, max-snippet:-1, max-image-preview:large, max-video-preview:-1\" \/>\n<link rel=\"canonical\" href=\"https:\/\/www.bellunopress.it\/fr\/2026\/05\/10\/oltre-il-camice-il-lascito-morale-di-franco-basaglia-a-un-secolo-dalla-nascita\/\" \/>\n<meta property=\"og:locale\" content=\"fr_FR\" \/>\n<meta property=\"og:type\" content=\"article\" \/>\n<meta property=\"og:title\" content=\"Oltre il camice: il lascito morale di Franco Basaglia a un secolo dalla nascita - Bellunopress - Dolomiti\" \/>\n<meta property=\"og:description\" content=\"La medicina del volto umano: il ricordo dello psichiatra che scelse il paziente Circa 100 anni fa nasceva a Venezia Franco Basaglia. La sua vita molto breve (mor\u00ec a soli 56 anni) ma molto intensa dobbiamo ricordarla come esempio o come paradigma della buona medicina. Infatti \u00e8 stata improntata dalla necessit\u00e0 e dalla volont\u00e0 di [&hellip;]\" \/>\n<meta property=\"og:url\" content=\"https:\/\/www.bellunopress.it\/fr\/2026\/05\/10\/oltre-il-camice-il-lascito-morale-di-franco-basaglia-a-un-secolo-dalla-nascita\/\" \/>\n<meta property=\"og:site_name\" content=\"Bellunopress - Dolomiti\" \/>\n<meta property=\"article:publisher\" content=\"https:\/\/www.facebook.com\/profile.php?id=100008943462799\" \/>\n<meta property=\"article:published_time\" content=\"2026-05-10T07:24:43+00:00\" \/>\n<meta property=\"og:image\" content=\"https:\/\/www.bellunopress.it\/wp-content\/uploads\/2020\/10\/Villa-Montalban-Belluno_edited.jpg\" \/>\n\t<meta property=\"og:image:width\" content=\"800\" \/>\n\t<meta property=\"og:image:height\" content=\"609\" \/>\n\t<meta property=\"og:image:type\" content=\"image\/jpeg\" \/>\n<meta name=\"author\" content=\"redazione\" \/>\n<meta name=\"twitter:card\" content=\"summary_large_image\" \/>\n<meta name=\"twitter:creator\" content=\"@bellunopress\" \/>\n<meta name=\"twitter:site\" content=\"@bellunopress\" \/>\n<meta name=\"twitter:label1\" content=\"Written by\" \/>\n\t<meta name=\"twitter:data1\" content=\"redazione\" \/>\n\t<meta name=\"twitter:label2\" content=\"Est. reading time\" \/>\n\t<meta name=\"twitter:data2\" content=\"3 minutes\" \/>\n<script type=\"application\/ld+json\" class=\"yoast-schema-graph\">{\"@context\":\"https:\\\/\\\/schema.org\",\"@graph\":[{\"@type\":\"Article\",\"@id\":\"https:\\\/\\\/www.bellunopress.it\\\/2026\\\/05\\\/10\\\/oltre-il-camice-il-lascito-morale-di-franco-basaglia-a-un-secolo-dalla-nascita\\\/#article\",\"isPartOf\":{\"@id\":\"https:\\\/\\\/www.bellunopress.it\\\/2026\\\/05\\\/10\\\/oltre-il-camice-il-lascito-morale-di-franco-basaglia-a-un-secolo-dalla-nascita\\\/\"},\"author\":{\"name\":\"redazione\",\"@id\":\"https:\\\/\\\/www.bellunopress.it\\\/#\\\/schema\\\/person\\\/79bb06722b37ece1c03d3e94beb30d73\"},\"headline\":\"Oltre il camice: il lascito morale di Franco Basaglia a un secolo dalla nascita\",\"datePublished\":\"2026-05-10T07:24:43+00:00\",\"mainEntityOfPage\":{\"@id\":\"https:\\\/\\\/www.bellunopress.it\\\/2026\\\/05\\\/10\\\/oltre-il-camice-il-lascito-morale-di-franco-basaglia-a-un-secolo-dalla-nascita\\\/\"},\"wordCount\":515,\"publisher\":{\"@id\":\"https:\\\/\\\/www.bellunopress.it\\\/#organization\"},\"image\":{\"@id\":\"https:\\\/\\\/www.bellunopress.it\\\/2026\\\/05\\\/10\\\/oltre-il-camice-il-lascito-morale-di-franco-basaglia-a-un-secolo-dalla-nascita\\\/#primaryimage\"},\"thumbnailUrl\":\"https:\\\/\\\/www.bellunopress.it\\\/wp-content\\\/uploads\\\/2020\\\/10\\\/Villa-Montalban-Belluno_edited.jpg\",\"articleSection\":[\"Controcorrente Dr Filiberto Dal Molin\"],\"inLanguage\":\"fr-FR\"},{\"@type\":\"WebPage\",\"@id\":\"https:\\\/\\\/www.bellunopress.it\\\/2026\\\/05\\\/10\\\/oltre-il-camice-il-lascito-morale-di-franco-basaglia-a-un-secolo-dalla-nascita\\\/\",\"url\":\"https:\\\/\\\/www.bellunopress.it\\\/2026\\\/05\\\/10\\\/oltre-il-camice-il-lascito-morale-di-franco-basaglia-a-un-secolo-dalla-nascita\\\/\",\"name\":\"Oltre il camice: il lascito morale di Franco Basaglia a un secolo dalla nascita - Bellunopress - Dolomiti\",\"isPartOf\":{\"@id\":\"https:\\\/\\\/www.bellunopress.it\\\/#website\"},\"primaryImageOfPage\":{\"@id\":\"https:\\\/\\\/www.bellunopress.it\\\/2026\\\/05\\\/10\\\/oltre-il-camice-il-lascito-morale-di-franco-basaglia-a-un-secolo-dalla-nascita\\\/#primaryimage\"},\"image\":{\"@id\":\"https:\\\/\\\/www.bellunopress.it\\\/2026\\\/05\\\/10\\\/oltre-il-camice-il-lascito-morale-di-franco-basaglia-a-un-secolo-dalla-nascita\\\/#primaryimage\"},\"thumbnailUrl\":\"https:\\\/\\\/www.bellunopress.it\\\/wp-content\\\/uploads\\\/2020\\\/10\\\/Villa-Montalban-Belluno_edited.jpg\",\"datePublished\":\"2026-05-10T07:24:43+00:00\",\"breadcrumb\":{\"@id\":\"https:\\\/\\\/www.bellunopress.it\\\/2026\\\/05\\\/10\\\/oltre-il-camice-il-lascito-morale-di-franco-basaglia-a-un-secolo-dalla-nascita\\\/#breadcrumb\"},\"inLanguage\":\"fr-FR\",\"potentialAction\":[{\"@type\":\"ReadAction\",\"target\":[\"https:\\\/\\\/www.bellunopress.it\\\/2026\\\/05\\\/10\\\/oltre-il-camice-il-lascito-morale-di-franco-basaglia-a-un-secolo-dalla-nascita\\\/\"]}]},{\"@type\":\"ImageObject\",\"inLanguage\":\"fr-FR\",\"@id\":\"https:\\\/\\\/www.bellunopress.it\\\/2026\\\/05\\\/10\\\/oltre-il-camice-il-lascito-morale-di-franco-basaglia-a-un-secolo-dalla-nascita\\\/#primaryimage\",\"url\":\"https:\\\/\\\/www.bellunopress.it\\\/wp-content\\\/uploads\\\/2020\\\/10\\\/Villa-Montalban-Belluno_edited.jpg\",\"contentUrl\":\"https:\\\/\\\/www.bellunopress.it\\\/wp-content\\\/uploads\\\/2020\\\/10\\\/Villa-Montalban-Belluno_edited.jpg\",\"width\":800,\"height\":609,\"caption\":\"Villa Montalban (Belluno) dove il dottor Basaglia e la sue equipe nel 1975 speriment\u00f2 i nuovi metodi che anticiparono la chiusura definitiva dei manicomi (legge 180 del 1978)\"},{\"@type\":\"BreadcrumbList\",\"@id\":\"https:\\\/\\\/www.bellunopress.it\\\/2026\\\/05\\\/10\\\/oltre-il-camice-il-lascito-morale-di-franco-basaglia-a-un-secolo-dalla-nascita\\\/#breadcrumb\",\"itemListElement\":[{\"@type\":\"ListItem\",\"position\":1,\"name\":\"Home\",\"item\":\"https:\\\/\\\/www.bellunopress.it\\\/\"},{\"@type\":\"ListItem\",\"position\":2,\"name\":\"Oltre il camice: il lascito morale di Franco Basaglia a un secolo dalla nascita\"}]},{\"@type\":\"WebSite\",\"@id\":\"https:\\\/\\\/www.bellunopress.it\\\/#website\",\"url\":\"https:\\\/\\\/www.bellunopress.it\\\/\",\"name\":\"Bellunopress - Dolomiti\",\"description\":\"e-mail: redazione@bellunopress.it\",\"publisher\":{\"@id\":\"https:\\\/\\\/www.bellunopress.it\\\/#organization\"},\"potentialAction\":[{\"@type\":\"SearchAction\",\"target\":{\"@type\":\"EntryPoint\",\"urlTemplate\":\"https:\\\/\\\/www.bellunopress.it\\\/?s={search_term_string}\"},\"query-input\":{\"@type\":\"PropertyValueSpecification\",\"valueRequired\":true,\"valueName\":\"search_term_string\"}}],\"inLanguage\":\"fr-FR\"},{\"@type\":\"Organization\",\"@id\":\"https:\\\/\\\/www.bellunopress.it\\\/#organization\",\"name\":\"Bellunopress\",\"url\":\"https:\\\/\\\/www.bellunopress.it\\\/\",\"logo\":{\"@type\":\"ImageObject\",\"inLanguage\":\"fr-FR\",\"@id\":\"https:\\\/\\\/www.bellunopress.it\\\/#\\\/schema\\\/logo\\\/image\\\/\",\"url\":\"https:\\\/\\\/www.bellunopress.it\\\/wp-content\\\/uploads\\\/2011\\\/05\\\/cropped-logo-bellunopress-.jpg\",\"contentUrl\":\"https:\\\/\\\/www.bellunopress.it\\\/wp-content\\\/uploads\\\/2011\\\/05\\\/cropped-logo-bellunopress-.jpg\",\"width\":512,\"height\":512,\"caption\":\"Bellunopress\"},\"image\":{\"@id\":\"https:\\\/\\\/www.bellunopress.it\\\/#\\\/schema\\\/logo\\\/image\\\/\"},\"sameAs\":[\"https:\\\/\\\/www.facebook.com\\\/profile.php?id=100008943462799\",\"https:\\\/\\\/x.com\\\/bellunopress\",\"https:\\\/\\\/www.linkedin.com\\\/hp\\\/?dnr=JBzUWaJfMUw8vbXJJ2tVW5-I3jZKvC4wsoxE&amp;amp;amp;amp;amp;amp;trk=nav_responsive_tab_home\",\"https:\\\/\\\/www.youtube.com\\\/channel\\\/UCxL0wu1uN0_3_7hGG0306cw\"]},{\"@type\":\"Person\",\"@id\":\"https:\\\/\\\/www.bellunopress.it\\\/#\\\/schema\\\/person\\\/79bb06722b37ece1c03d3e94beb30d73\",\"name\":\"redazione\",\"image\":{\"@type\":\"ImageObject\",\"inLanguage\":\"fr-FR\",\"@id\":\"https:\\\/\\\/secure.gravatar.com\\\/avatar\\\/37d968a2e67a6fd04c169c4bdef102d0bc5d31b2546345219e348575eb80e9a0?s=96&d=mm&r=g\",\"url\":\"https:\\\/\\\/secure.gravatar.com\\\/avatar\\\/37d968a2e67a6fd04c169c4bdef102d0bc5d31b2546345219e348575eb80e9a0?s=96&d=mm&r=g\",\"contentUrl\":\"https:\\\/\\\/secure.gravatar.com\\\/avatar\\\/37d968a2e67a6fd04c169c4bdef102d0bc5d31b2546345219e348575eb80e9a0?s=96&d=mm&r=g\",\"caption\":\"redazione\"},\"sameAs\":[\"http:\\\/\\\/www.bellunopress.it\",\"https:\\\/\\\/x.com\\\/bellunopress\"],\"url\":\"https:\\\/\\\/www.bellunopress.it\\\/fr\\\/author\\\/redazione\\\/\"}]}<\/script>\n<!-- \/ Yoast SEO plugin. -->","yoast_head_json":{"title":"Oltre il camice: il lascito morale di Franco Basaglia a un secolo dalla nascita - Bellunopress - Dolomiti","robots":{"index":"index","follow":"follow","max-snippet":"max-snippet:-1","max-image-preview":"max-image-preview:large","max-video-preview":"max-video-preview:-1"},"canonical":"https:\/\/www.bellunopress.it\/fr\/2026\/05\/10\/oltre-il-camice-il-lascito-morale-di-franco-basaglia-a-un-secolo-dalla-nascita\/","og_locale":"fr_FR","og_type":"article","og_title":"Oltre il camice: il lascito morale di Franco Basaglia a un secolo dalla nascita - Bellunopress - Dolomiti","og_description":"La medicina del volto umano: il ricordo dello psichiatra che scelse il paziente Circa 100 anni fa nasceva a Venezia Franco Basaglia. La sua vita molto breve (mor\u00ec a soli 56 anni) ma molto intensa dobbiamo ricordarla come esempio o come paradigma della buona medicina. Infatti \u00e8 stata improntata dalla necessit\u00e0 e dalla volont\u00e0 di [&hellip;]","og_url":"https:\/\/www.bellunopress.it\/fr\/2026\/05\/10\/oltre-il-camice-il-lascito-morale-di-franco-basaglia-a-un-secolo-dalla-nascita\/","og_site_name":"Bellunopress - Dolomiti","article_publisher":"https:\/\/www.facebook.com\/profile.php?id=100008943462799","article_published_time":"2026-05-10T07:24:43+00:00","og_image":[{"width":800,"height":609,"url":"https:\/\/www.bellunopress.it\/wp-content\/uploads\/2020\/10\/Villa-Montalban-Belluno_edited.jpg","type":"image\/jpeg"}],"author":"redazione","twitter_card":"summary_large_image","twitter_creator":"@bellunopress","twitter_site":"@bellunopress","twitter_misc":{"Written by":"redazione","Est. reading time":"3 minutes"},"schema":{"@context":"https:\/\/schema.org","@graph":[{"@type":"Article","@id":"https:\/\/www.bellunopress.it\/2026\/05\/10\/oltre-il-camice-il-lascito-morale-di-franco-basaglia-a-un-secolo-dalla-nascita\/#article","isPartOf":{"@id":"https:\/\/www.bellunopress.it\/2026\/05\/10\/oltre-il-camice-il-lascito-morale-di-franco-basaglia-a-un-secolo-dalla-nascita\/"},"author":{"name":"redazione","@id":"https:\/\/www.bellunopress.it\/#\/schema\/person\/79bb06722b37ece1c03d3e94beb30d73"},"headline":"Oltre il camice: il lascito morale di Franco Basaglia a un secolo dalla nascita","datePublished":"2026-05-10T07:24:43+00:00","mainEntityOfPage":{"@id":"https:\/\/www.bellunopress.it\/2026\/05\/10\/oltre-il-camice-il-lascito-morale-di-franco-basaglia-a-un-secolo-dalla-nascita\/"},"wordCount":515,"publisher":{"@id":"https:\/\/www.bellunopress.it\/#organization"},"image":{"@id":"https:\/\/www.bellunopress.it\/2026\/05\/10\/oltre-il-camice-il-lascito-morale-di-franco-basaglia-a-un-secolo-dalla-nascita\/#primaryimage"},"thumbnailUrl":"https:\/\/www.bellunopress.it\/wp-content\/uploads\/2020\/10\/Villa-Montalban-Belluno_edited.jpg","articleSection":["Controcorrente Dr Filiberto Dal Molin"],"inLanguage":"fr-FR"},{"@type":"WebPage","@id":"https:\/\/www.bellunopress.it\/2026\/05\/10\/oltre-il-camice-il-lascito-morale-di-franco-basaglia-a-un-secolo-dalla-nascita\/","url":"https:\/\/www.bellunopress.it\/2026\/05\/10\/oltre-il-camice-il-lascito-morale-di-franco-basaglia-a-un-secolo-dalla-nascita\/","name":"Oltre il camice: il lascito morale di Franco Basaglia a un secolo dalla nascita - Bellunopress - Dolomiti","isPartOf":{"@id":"https:\/\/www.bellunopress.it\/#website"},"primaryImageOfPage":{"@id":"https:\/\/www.bellunopress.it\/2026\/05\/10\/oltre-il-camice-il-lascito-morale-di-franco-basaglia-a-un-secolo-dalla-nascita\/#primaryimage"},"image":{"@id":"https:\/\/www.bellunopress.it\/2026\/05\/10\/oltre-il-camice-il-lascito-morale-di-franco-basaglia-a-un-secolo-dalla-nascita\/#primaryimage"},"thumbnailUrl":"https:\/\/www.bellunopress.it\/wp-content\/uploads\/2020\/10\/Villa-Montalban-Belluno_edited.jpg","datePublished":"2026-05-10T07:24:43+00:00","breadcrumb":{"@id":"https:\/\/www.bellunopress.it\/2026\/05\/10\/oltre-il-camice-il-lascito-morale-di-franco-basaglia-a-un-secolo-dalla-nascita\/#breadcrumb"},"inLanguage":"fr-FR","potentialAction":[{"@type":"ReadAction","target":["https:\/\/www.bellunopress.it\/2026\/05\/10\/oltre-il-camice-il-lascito-morale-di-franco-basaglia-a-un-secolo-dalla-nascita\/"]}]},{"@type":"ImageObject","inLanguage":"fr-FR","@id":"https:\/\/www.bellunopress.it\/2026\/05\/10\/oltre-il-camice-il-lascito-morale-di-franco-basaglia-a-un-secolo-dalla-nascita\/#primaryimage","url":"https:\/\/www.bellunopress.it\/wp-content\/uploads\/2020\/10\/Villa-Montalban-Belluno_edited.jpg","contentUrl":"https:\/\/www.bellunopress.it\/wp-content\/uploads\/2020\/10\/Villa-Montalban-Belluno_edited.jpg","width":800,"height":609,"caption":"Villa Montalban (Belluno) dove il dottor Basaglia e la sue equipe nel 1975 speriment\u00f2 i nuovi metodi che anticiparono la chiusura definitiva dei manicomi (legge 180 del 1978)"},{"@type":"BreadcrumbList","@id":"https:\/\/www.bellunopress.it\/2026\/05\/10\/oltre-il-camice-il-lascito-morale-di-franco-basaglia-a-un-secolo-dalla-nascita\/#breadcrumb","itemListElement":[{"@type":"ListItem","position":1,"name":"Home","item":"https:\/\/www.bellunopress.it\/"},{"@type":"ListItem","position":2,"name":"Oltre il camice: il lascito morale di Franco Basaglia a un secolo dalla nascita"}]},{"@type":"WebSite","@id":"https:\/\/www.bellunopress.it\/#website","url":"https:\/\/www.bellunopress.it\/","name":"Bellunopress - Dolomiti","description":"e-mail: redazione@bellunopress.it","publisher":{"@id":"https:\/\/www.bellunopress.it\/#organization"},"potentialAction":[{"@type":"SearchAction","target":{"@type":"EntryPoint","urlTemplate":"https:\/\/www.bellunopress.it\/?s={search_term_string}"},"query-input":{"@type":"PropertyValueSpecification","valueRequired":true,"valueName":"search_term_string"}}],"inLanguage":"fr-FR"},{"@type":"Organization","@id":"https:\/\/www.bellunopress.it\/#organization","name":"Bellunopress","url":"https:\/\/www.bellunopress.it\/","logo":{"@type":"ImageObject","inLanguage":"fr-FR","@id":"https:\/\/www.bellunopress.it\/#\/schema\/logo\/image\/","url":"https:\/\/www.bellunopress.it\/wp-content\/uploads\/2011\/05\/cropped-logo-bellunopress-.jpg","contentUrl":"https:\/\/www.bellunopress.it\/wp-content\/uploads\/2011\/05\/cropped-logo-bellunopress-.jpg","width":512,"height":512,"caption":"Bellunopress"},"image":{"@id":"https:\/\/www.bellunopress.it\/#\/schema\/logo\/image\/"},"sameAs":["https:\/\/www.facebook.com\/profile.php?id=100008943462799","https:\/\/x.com\/bellunopress","https:\/\/www.linkedin.com\/hp\/?dnr=JBzUWaJfMUw8vbXJJ2tVW5-I3jZKvC4wsoxE&amp;amp;amp;amp;amp;amp;trk=nav_responsive_tab_home","https:\/\/www.youtube.com\/channel\/UCxL0wu1uN0_3_7hGG0306cw"]},{"@type":"Person","@id":"https:\/\/www.bellunopress.it\/#\/schema\/person\/79bb06722b37ece1c03d3e94beb30d73","name":"r\u00e9daction","image":{"@type":"ImageObject","inLanguage":"fr-FR","@id":"https:\/\/secure.gravatar.com\/avatar\/37d968a2e67a6fd04c169c4bdef102d0bc5d31b2546345219e348575eb80e9a0?s=96&d=mm&r=g","url":"https:\/\/secure.gravatar.com\/avatar\/37d968a2e67a6fd04c169c4bdef102d0bc5d31b2546345219e348575eb80e9a0?s=96&d=mm&r=g","contentUrl":"https:\/\/secure.gravatar.com\/avatar\/37d968a2e67a6fd04c169c4bdef102d0bc5d31b2546345219e348575eb80e9a0?s=96&d=mm&r=g","caption":"redazione"},"sameAs":["http:\/\/www.bellunopress.it","https:\/\/x.com\/bellunopress"],"url":"https:\/\/www.bellunopress.it\/fr\/author\/redazione\/"}]}},"_links":{"self":[{"href":"https:\/\/www.bellunopress.it\/fr\/wp-json\/wp\/v2\/posts\/169957","targetHints":{"allow":["GET"]}}],"collection":[{"href":"https:\/\/www.bellunopress.it\/fr\/wp-json\/wp\/v2\/posts"}],"about":[{"href":"https:\/\/www.bellunopress.it\/fr\/wp-json\/wp\/v2\/types\/post"}],"author":[{"embeddable":true,"href":"https:\/\/www.bellunopress.it\/fr\/wp-json\/wp\/v2\/users\/2"}],"replies":[{"embeddable":true,"href":"https:\/\/www.bellunopress.it\/fr\/wp-json\/wp\/v2\/comments?post=169957"}],"version-history":[{"count":1,"href":"https:\/\/www.bellunopress.it\/fr\/wp-json\/wp\/v2\/posts\/169957\/revisions"}],"predecessor-version":[{"id":169958,"href":"https:\/\/www.bellunopress.it\/fr\/wp-json\/wp\/v2\/posts\/169957\/revisions\/169958"}],"wp:featuredmedia":[{"embeddable":true,"href":"https:\/\/www.bellunopress.it\/fr\/wp-json\/wp\/v2\/media\/118506"}],"wp:attachment":[{"href":"https:\/\/www.bellunopress.it\/fr\/wp-json\/wp\/v2\/media?parent=169957"}],"wp:term":[{"taxonomy":"category","embeddable":true,"href":"https:\/\/www.bellunopress.it\/fr\/wp-json\/wp\/v2\/categories?post=169957"},{"taxonomy":"post_tag","embeddable":true,"href":"https:\/\/www.bellunopress.it\/fr\/wp-json\/wp\/v2\/tags?post=169957"}],"curies":[{"name":"wp","href":"https:\/\/api.w.org\/{rel}","templated":true}]}}