{"id":169952,"date":"2026-05-09T20:40:44","date_gmt":"2026-05-09T18:40:44","guid":{"rendered":"https:\/\/www.bellunopress.it\/?p=169952"},"modified":"2026-05-09T20:40:44","modified_gmt":"2026-05-09T18:40:44","slug":"cambiamento-climatico-belluno-e-la-torre-dellacqua-del-veneto","status":"publish","type":"post","link":"https:\/\/www.bellunopress.it\/fr\/2026\/05\/09\/cambiamento-climatico-belluno-e-la-torre-dellacqua-del-veneto\/","title":{"rendered":"Cambiamento climatico. Belluno \u00e8 la \u2018torre dell\u2019acqua\u2019 del Veneto"},"content":{"rendered":"<p><strong>Dal riscaldamento alle siccit\u00e0, il convegno del Centro Studi Bellunese mette in relazione dati scientifici e ricadute su energia, acqua potabile e turismo<\/strong><\/p>\n<p>Belluno, 09 maggio 2026\u00a0 &#8211;\u00a0\u00a0Il cambiamento climatico sta modificando in modo misurabile il ciclo dell\u2019acqua in territorio montano, con effetti che vanno dalla disponibilit\u00e0 della risorsa idrica alla sicurezza idrogeologica e alla produzione energetica. La programmazione degli interventi indicata da pi\u00f9 fonti come uno degli strumenti pi\u00f9 efficaci per mitigarne gli effetti. \u00c8 il quadro emerso dal convegno \u2018Il cambiamento climatico e l\u2019impatto sul ciclo dell\u2019acqua in territorio montano\u2019, promosso dal Centro Studi Bellunese e ospitato nella sala degli Stemmi del Municipio di Feltre.<\/p>\n<p>Ad aprire i lavori \u00e8 stato il presidente del Centro Studi Bellunese Giovanni Piccoli, che ha richiamato l\u2019obiettivo dell\u2019iniziativa: portare i dati scientifici e tecnici fuori da una dimensione specialistica e metterli in relazione con le scelte di programmazione che riguardano comunit\u00e0 montane, amministrazioni e gestori dei servizi. In sala erano presenti anche gli studenti dell\u2019Istituto agrario \u2018Della Lucia\u2019 e del Liceo delle Scienze umane di Feltre, a sottolineare l\u2019importanza di un lavoro di consapevolezza che riguarda la scuola e i cittadini di domani.<\/p>\n<p>Il tema, nel confronto avvenuto a Feltre, riguarda il passaggio dall\u2019azione a seguito di emergenze a una programmazione stabile delle misure di prevenzione e mitigazione, perch\u00e9 gli eventi estremi e le fasi di deficit idrico tendono a ripresentarsi con maggiore frequenza e intensit\u00e0 e mettono sotto stress infrastrutture, territori e servizi. Ecco perch\u00e9 la prevenzione non si limita al singolo intervento, ma sta piuttosto in un insieme coerente di scelte che partono dal monitoraggio e dall\u2019analisi dei dati, traducono gli scenari in priorit\u00e0 operative e orientano nel tempo investimenti e manutenzioni, riducendo le vulnerabilit\u00e0 prima che diventino danni. La programmazione permette anche di rendere complementari le azioni, dal rafforzamento delle opere strutturali alla gestione del rischio siccit\u00e0 e alla qualit\u00e0 del servizio idrico, mantenendo continuit\u00e0 tra pianificazione, gestione e capacit\u00e0 di risposta.<\/p>\n<p>\u00abIl cambiamento climatico non \u00e8 qualcosa di astratto\u00bb, ha affermato l\u2019assessore regionale all\u2019Ambiente, Elisa Venturini. \u00abOgni ambito della nostra vita risente delle conseguenze legate all\u2019aumento delle temperature\u00bb. Sul fronte degli interventi, ha assicurato l\u2019assessore, \u00absar\u00e0 portata in Consiglio regionale la strategia regionale di adattamento al cambiamento climatico che permette una pianificazione nei vari ambiti di intervento della Regione\u00bb. La strategia prevede l\u2019investimento di \u00abrisorse che tengono conto della fragilit\u00e0 di questo territorio. Pensiamo alle frane e all&#8217;attivit\u00e0 di monitoraggio che viene svolta al riguardo. Pensiamo alla gestione delle acque, anche qui in collaborazione con i gestori\u00bb. La prevenzione, ha concluso Venturini, \u00ab diventa fondamentale in ogni ambito perch\u00e9 prevenire significa evitare poi dei costi legati ai danni che si possono verificare\u00bb.<\/p>\n<p><strong>GLI INTERVENTI<\/strong><\/p>\n<p>Il quadro regionale, presentato da Stefano Micheletti di ARPAV, descrive un riscaldamento in accelerazione. Nel trentennio 1996-2025 il trend lineare delle temperature medie annue in Veneto risulta positivo e statisticamente significativo, pari a +0,6 \u00b0C ogni dieci anni. Nel contesto che rende possibile questa dinamica, viene richiamata anche la crescita della CO\u2082 in atmosfera, con valori indicati a 433,59 ppm a marzo 2026 (432,41 ppm a marzo 2025).<\/p>\n<p>Sulle evidenze specifiche in provincia di Belluno \u00e8 intervenuto Francesco Domenichini, sempre di Arpav., la cui analisi dei dati nivometrici segnala una riduzione della precipitazione nevosa e un quadro di trasformazione che si accompagna al ritiro dei ghiacciai e a una maggiore esposizione a fenomeni intensi. Nel materiale presentato \u00e8 stata inoltre sottolineata la crescente frequenza di casi estremi di precipitazione su intervalli brevi, con una quota rilevante concentrata negli ultimi anni.<\/p>\n<p>Dal punto di vista idrologico, l\u2019ingegnere Sara Pavan di ARPAV ha richiamato gli strumenti di monitoraggio e lettura delle tendenze, a partire dal Rapporto mensile sulla risorsa idrica in Veneto, attivo dal 2007, e dagli indicatori che descrivono deficit o surplus di precipitazione su scale temporali diverse. Nel periodo recente, l\u2019analisi evidenzia una situazione articolata: segnali di siccit\u00e0 a breve scala su molte aree regionali, e un quadro di maggiore normalit\u00e0 su orizzonti pi\u00f9 lunghi, a seconda dell\u2019indicatore considerato.<\/p>\n<p>Un passaggio specifico ha riguardato l\u2019attuale stagione e la rapidit\u00e0 con cui la riserva solida si esaurisce quando si combinano scarsa neve e temperature miti. Da ottobre a fine aprile, il deficit di precipitazione nevosa risulta pari al 30 per cento nelle Dolomiti e al 25 per cento nelle Prealpi; a fine aprile lo spessore medio del manto nevoso nelle Dolomiti \u00e8 indicato in 13 cm a fronte di una norma 33-97 cm, mentre nelle Prealpi risulta 0 cm rispetto a una norma 5-24 cm. Viene inoltre segnalato che aprile 2026 \u00e8 stato un mese mite, tra i pi\u00f9 caldi della serie recente, e che le condizioni termiche hanno favorito una fusione accelerata del manto nevoso anche a quote elevate.<\/p>\n<p>Nel quadro degli impatti, Enrico Lorenzetti della direzione Difesa del suolo della Regione ha definito Belluno come una \u2018torre dell\u2019acqua\u2019 strategica, richiamando la centralit\u00e0 della risorsa montana per l\u2019intero sistema regionale. Nei materiali presentati si sottolinea, tra l\u2019altro, la forte dipendenza da acqua di sorgente e l\u2019effetto a catena su energia idroelettrica, turismo e disponibilit\u00e0 idrica per usi potabili e agricoli. In questa lettura, eventi estremi recenti diventano anche un banco di prova della capacit\u00e0 di prevenzione e gestione.<\/p>\n<p>Il tema della programmazione \u00e8 stato affrontato dal punto di vista del Servizio idrico integrato con una relazione dell\u2019ingegnere Giuseppe Romanello direttore del Consiglio di Bacino Dolomiti Bellunesi. Nel territorio delle Dolomiti Bellunesi, la dimensione infrastrutturale del sistema conta 593 opere di presa, 229 impianti di filtrazione\/disinfezione, 705 serbatoi, 96 stazioni di pompaggio, e, sul fronte fognatura e depurazione, 65 stazioni di sollevamento e 309 impianti di depurazione, insieme alle estensioni di rete indicate per acquedotto e fognatura. Romanello ha sollecitato la necessit\u00e0 di orientare gli investimenti in chiave di adattamento, dalla riduzione delle perdite e dalle interconnessioni fino alla capacit\u00e0 di invaso e al riuso delle acque reflue, in coerenza con gli obiettivi dell\u2019Unione europea di mitigazione e adattamento.<\/p>","protected":false},"excerpt":{"rendered":"<p>Dal riscaldamento alle siccit\u00e0, il convegno del Centro Studi Bellunese mette in relazione dati scientifici e ricadute su energia, acqua potabile e turismo Belluno, 09 maggio 2026\u00a0 &#8211;\u00a0\u00a0Il cambiamento climatico sta modificando in modo misurabile il ciclo dell\u2019acqua in territorio montano, con effetti che vanno dalla disponibilit\u00e0 della risorsa idrica alla sicurezza idrogeologica e alla [&hellip;]<\/p>\n","protected":false},"author":2,"featured_media":131909,"comment_status":"closed","ping_status":"open","sticky":false,"template":"","format":"standard","meta":{"footnotes":""},"categories":[36,26],"tags":[],"class_list":["post-169952","post","type-post","status-publish","format-standard","has-post-thumbnail","category-lavoro-economia","category-prima-pagina"],"yoast_head":"<!-- This site is optimized with the Yoast SEO plugin v28.4 - https:\/\/yoast.com\/product\/yoast-seo-wordpress\/ -->\n<title>Cambiamento climatico. Belluno \u00e8 la \u2018torre dell\u2019acqua\u2019 del Veneto - Bellunopress - Dolomiti<\/title>\n<meta name=\"robots\" content=\"index, follow, max-snippet:-1, max-image-preview:large, max-video-preview:-1\" \/>\n<link rel=\"canonical\" href=\"https:\/\/www.bellunopress.it\/fr\/2026\/05\/09\/cambiamento-climatico-belluno-e-la-torre-dellacqua-del-veneto\/\" \/>\n<meta property=\"og:locale\" content=\"fr_FR\" \/>\n<meta property=\"og:type\" content=\"article\" \/>\n<meta property=\"og:title\" content=\"Cambiamento climatico. Belluno \u00e8 la \u2018torre dell\u2019acqua\u2019 del Veneto - Bellunopress - Dolomiti\" \/>\n<meta property=\"og:description\" content=\"Dal riscaldamento alle siccit\u00e0, il convegno del Centro Studi Bellunese mette in relazione dati scientifici e ricadute su energia, acqua potabile e turismo Belluno, 09 maggio 2026\u00a0 &#8211;\u00a0\u00a0Il cambiamento climatico sta modificando in modo misurabile il ciclo dell\u2019acqua in territorio montano, con effetti che vanno dalla disponibilit\u00e0 della risorsa idrica alla sicurezza idrogeologica e alla [&hellip;]\" \/>\n<meta property=\"og:url\" content=\"https:\/\/www.bellunopress.it\/fr\/2026\/05\/09\/cambiamento-climatico-belluno-e-la-torre-dellacqua-del-veneto\/\" \/>\n<meta property=\"og:site_name\" content=\"Bellunopress - Dolomiti\" \/>\n<meta property=\"article:publisher\" content=\"https:\/\/www.facebook.com\/profile.php?id=100008943462799\" \/>\n<meta property=\"article:published_time\" content=\"2026-05-09T18:40:44+00:00\" \/>\n<meta property=\"og:image\" content=\"https:\/\/www.bellunopress.it\/wp-content\/uploads\/2022\/03\/Centro-studi-bellunese_edited.jpg\" \/>\n\t<meta property=\"og:image:width\" content=\"1000\" \/>\n\t<meta property=\"og:image:height\" content=\"450\" \/>\n\t<meta property=\"og:image:type\" content=\"image\/jpeg\" \/>\n<meta name=\"author\" content=\"redazione\" \/>\n<meta name=\"twitter:card\" content=\"summary_large_image\" \/>\n<meta name=\"twitter:creator\" content=\"@bellunopress\" \/>\n<meta name=\"twitter:site\" content=\"@bellunopress\" \/>\n<meta name=\"twitter:label1\" content=\"Written by\" \/>\n\t<meta name=\"twitter:data1\" content=\"redazione\" \/>\n\t<meta name=\"twitter:label2\" content=\"Est. reading time\" \/>\n\t<meta name=\"twitter:data2\" content=\"6 minutes\" \/>\n<script type=\"application\/ld+json\" class=\"yoast-schema-graph\">{\"@context\":\"https:\\\/\\\/schema.org\",\"@graph\":[{\"@type\":\"Article\",\"@id\":\"https:\\\/\\\/www.bellunopress.it\\\/2026\\\/05\\\/09\\\/cambiamento-climatico-belluno-e-la-torre-dellacqua-del-veneto\\\/#article\",\"isPartOf\":{\"@id\":\"https:\\\/\\\/www.bellunopress.it\\\/2026\\\/05\\\/09\\\/cambiamento-climatico-belluno-e-la-torre-dellacqua-del-veneto\\\/\"},\"author\":{\"name\":\"redazione\",\"@id\":\"https:\\\/\\\/www.bellunopress.it\\\/#\\\/schema\\\/person\\\/79bb06722b37ece1c03d3e94beb30d73\"},\"headline\":\"Cambiamento climatico. Belluno \u00e8 la \u2018torre dell\u2019acqua\u2019 del Veneto\",\"datePublished\":\"2026-05-09T18:40:44+00:00\",\"mainEntityOfPage\":{\"@id\":\"https:\\\/\\\/www.bellunopress.it\\\/2026\\\/05\\\/09\\\/cambiamento-climatico-belluno-e-la-torre-dellacqua-del-veneto\\\/\"},\"wordCount\":992,\"publisher\":{\"@id\":\"https:\\\/\\\/www.bellunopress.it\\\/#organization\"},\"image\":{\"@id\":\"https:\\\/\\\/www.bellunopress.it\\\/2026\\\/05\\\/09\\\/cambiamento-climatico-belluno-e-la-torre-dellacqua-del-veneto\\\/#primaryimage\"},\"thumbnailUrl\":\"https:\\\/\\\/www.bellunopress.it\\\/wp-content\\\/uploads\\\/2022\\\/03\\\/Centro-studi-bellunese_edited.jpg\",\"articleSection\":[\"Lavoro, Economia, Turismo\",\"Prima Pagina\"],\"inLanguage\":\"fr-FR\"},{\"@type\":\"WebPage\",\"@id\":\"https:\\\/\\\/www.bellunopress.it\\\/2026\\\/05\\\/09\\\/cambiamento-climatico-belluno-e-la-torre-dellacqua-del-veneto\\\/\",\"url\":\"https:\\\/\\\/www.bellunopress.it\\\/2026\\\/05\\\/09\\\/cambiamento-climatico-belluno-e-la-torre-dellacqua-del-veneto\\\/\",\"name\":\"Cambiamento climatico. Belluno \u00e8 la \u2018torre dell\u2019acqua\u2019 del Veneto - Bellunopress - Dolomiti\",\"isPartOf\":{\"@id\":\"https:\\\/\\\/www.bellunopress.it\\\/#website\"},\"primaryImageOfPage\":{\"@id\":\"https:\\\/\\\/www.bellunopress.it\\\/2026\\\/05\\\/09\\\/cambiamento-climatico-belluno-e-la-torre-dellacqua-del-veneto\\\/#primaryimage\"},\"image\":{\"@id\":\"https:\\\/\\\/www.bellunopress.it\\\/2026\\\/05\\\/09\\\/cambiamento-climatico-belluno-e-la-torre-dellacqua-del-veneto\\\/#primaryimage\"},\"thumbnailUrl\":\"https:\\\/\\\/www.bellunopress.it\\\/wp-content\\\/uploads\\\/2022\\\/03\\\/Centro-studi-bellunese_edited.jpg\",\"datePublished\":\"2026-05-09T18:40:44+00:00\",\"breadcrumb\":{\"@id\":\"https:\\\/\\\/www.bellunopress.it\\\/2026\\\/05\\\/09\\\/cambiamento-climatico-belluno-e-la-torre-dellacqua-del-veneto\\\/#breadcrumb\"},\"inLanguage\":\"fr-FR\",\"potentialAction\":[{\"@type\":\"ReadAction\",\"target\":[\"https:\\\/\\\/www.bellunopress.it\\\/2026\\\/05\\\/09\\\/cambiamento-climatico-belluno-e-la-torre-dellacqua-del-veneto\\\/\"]}]},{\"@type\":\"ImageObject\",\"inLanguage\":\"fr-FR\",\"@id\":\"https:\\\/\\\/www.bellunopress.it\\\/2026\\\/05\\\/09\\\/cambiamento-climatico-belluno-e-la-torre-dellacqua-del-veneto\\\/#primaryimage\",\"url\":\"https:\\\/\\\/www.bellunopress.it\\\/wp-content\\\/uploads\\\/2022\\\/03\\\/Centro-studi-bellunese_edited.jpg\",\"contentUrl\":\"https:\\\/\\\/www.bellunopress.it\\\/wp-content\\\/uploads\\\/2022\\\/03\\\/Centro-studi-bellunese_edited.jpg\",\"width\":1000,\"height\":450},{\"@type\":\"BreadcrumbList\",\"@id\":\"https:\\\/\\\/www.bellunopress.it\\\/2026\\\/05\\\/09\\\/cambiamento-climatico-belluno-e-la-torre-dellacqua-del-veneto\\\/#breadcrumb\",\"itemListElement\":[{\"@type\":\"ListItem\",\"position\":1,\"name\":\"Home\",\"item\":\"https:\\\/\\\/www.bellunopress.it\\\/\"},{\"@type\":\"ListItem\",\"position\":2,\"name\":\"Cambiamento climatico. Belluno \u00e8 la \u2018torre dell\u2019acqua\u2019 del Veneto\"}]},{\"@type\":\"WebSite\",\"@id\":\"https:\\\/\\\/www.bellunopress.it\\\/#website\",\"url\":\"https:\\\/\\\/www.bellunopress.it\\\/\",\"name\":\"Bellunopress - Dolomiti\",\"description\":\"e-mail: redazione@bellunopress.it\",\"publisher\":{\"@id\":\"https:\\\/\\\/www.bellunopress.it\\\/#organization\"},\"potentialAction\":[{\"@type\":\"SearchAction\",\"target\":{\"@type\":\"EntryPoint\",\"urlTemplate\":\"https:\\\/\\\/www.bellunopress.it\\\/?s={search_term_string}\"},\"query-input\":{\"@type\":\"PropertyValueSpecification\",\"valueRequired\":true,\"valueName\":\"search_term_string\"}}],\"inLanguage\":\"fr-FR\"},{\"@type\":\"Organization\",\"@id\":\"https:\\\/\\\/www.bellunopress.it\\\/#organization\",\"name\":\"Bellunopress\",\"url\":\"https:\\\/\\\/www.bellunopress.it\\\/\",\"logo\":{\"@type\":\"ImageObject\",\"inLanguage\":\"fr-FR\",\"@id\":\"https:\\\/\\\/www.bellunopress.it\\\/#\\\/schema\\\/logo\\\/image\\\/\",\"url\":\"https:\\\/\\\/www.bellunopress.it\\\/wp-content\\\/uploads\\\/2011\\\/05\\\/cropped-logo-bellunopress-.jpg\",\"contentUrl\":\"https:\\\/\\\/www.bellunopress.it\\\/wp-content\\\/uploads\\\/2011\\\/05\\\/cropped-logo-bellunopress-.jpg\",\"width\":512,\"height\":512,\"caption\":\"Bellunopress\"},\"image\":{\"@id\":\"https:\\\/\\\/www.bellunopress.it\\\/#\\\/schema\\\/logo\\\/image\\\/\"},\"sameAs\":[\"https:\\\/\\\/www.facebook.com\\\/profile.php?id=100008943462799\",\"https:\\\/\\\/x.com\\\/bellunopress\",\"https:\\\/\\\/www.linkedin.com\\\/hp\\\/?dnr=JBzUWaJfMUw8vbXJJ2tVW5-I3jZKvC4wsoxE&amp;amp;amp;amp;amp;amp;trk=nav_responsive_tab_home\",\"https:\\\/\\\/www.youtube.com\\\/channel\\\/UCxL0wu1uN0_3_7hGG0306cw\"]},{\"@type\":\"Person\",\"@id\":\"https:\\\/\\\/www.bellunopress.it\\\/#\\\/schema\\\/person\\\/79bb06722b37ece1c03d3e94beb30d73\",\"name\":\"redazione\",\"image\":{\"@type\":\"ImageObject\",\"inLanguage\":\"fr-FR\",\"@id\":\"https:\\\/\\\/secure.gravatar.com\\\/avatar\\\/37d968a2e67a6fd04c169c4bdef102d0bc5d31b2546345219e348575eb80e9a0?s=96&d=mm&r=g\",\"url\":\"https:\\\/\\\/secure.gravatar.com\\\/avatar\\\/37d968a2e67a6fd04c169c4bdef102d0bc5d31b2546345219e348575eb80e9a0?s=96&d=mm&r=g\",\"contentUrl\":\"https:\\\/\\\/secure.gravatar.com\\\/avatar\\\/37d968a2e67a6fd04c169c4bdef102d0bc5d31b2546345219e348575eb80e9a0?s=96&d=mm&r=g\",\"caption\":\"redazione\"},\"sameAs\":[\"http:\\\/\\\/www.bellunopress.it\",\"https:\\\/\\\/x.com\\\/bellunopress\"],\"url\":\"https:\\\/\\\/www.bellunopress.it\\\/fr\\\/author\\\/redazione\\\/\"}]}<\/script>\n<!-- \/ Yoast SEO plugin. -->","yoast_head_json":{"title":"Cambiamento climatico. Belluno \u00e8 la \u2018torre dell\u2019acqua\u2019 del Veneto - Bellunopress - Dolomiti","robots":{"index":"index","follow":"follow","max-snippet":"max-snippet:-1","max-image-preview":"max-image-preview:large","max-video-preview":"max-video-preview:-1"},"canonical":"https:\/\/www.bellunopress.it\/fr\/2026\/05\/09\/cambiamento-climatico-belluno-e-la-torre-dellacqua-del-veneto\/","og_locale":"fr_FR","og_type":"article","og_title":"Cambiamento climatico. Belluno \u00e8 la \u2018torre dell\u2019acqua\u2019 del Veneto - Bellunopress - Dolomiti","og_description":"Dal riscaldamento alle siccit\u00e0, il convegno del Centro Studi Bellunese mette in relazione dati scientifici e ricadute su energia, acqua potabile e turismo Belluno, 09 maggio 2026\u00a0 &#8211;\u00a0\u00a0Il cambiamento climatico sta modificando in modo misurabile il ciclo dell\u2019acqua in territorio montano, con effetti che vanno dalla disponibilit\u00e0 della risorsa idrica alla sicurezza idrogeologica e alla [&hellip;]","og_url":"https:\/\/www.bellunopress.it\/fr\/2026\/05\/09\/cambiamento-climatico-belluno-e-la-torre-dellacqua-del-veneto\/","og_site_name":"Bellunopress - Dolomiti","article_publisher":"https:\/\/www.facebook.com\/profile.php?id=100008943462799","article_published_time":"2026-05-09T18:40:44+00:00","og_image":[{"width":1000,"height":450,"url":"https:\/\/www.bellunopress.it\/wp-content\/uploads\/2022\/03\/Centro-studi-bellunese_edited.jpg","type":"image\/jpeg"}],"author":"redazione","twitter_card":"summary_large_image","twitter_creator":"@bellunopress","twitter_site":"@bellunopress","twitter_misc":{"Written by":"redazione","Est. reading time":"6 minutes"},"schema":{"@context":"https:\/\/schema.org","@graph":[{"@type":"Article","@id":"https:\/\/www.bellunopress.it\/2026\/05\/09\/cambiamento-climatico-belluno-e-la-torre-dellacqua-del-veneto\/#article","isPartOf":{"@id":"https:\/\/www.bellunopress.it\/2026\/05\/09\/cambiamento-climatico-belluno-e-la-torre-dellacqua-del-veneto\/"},"author":{"name":"redazione","@id":"https:\/\/www.bellunopress.it\/#\/schema\/person\/79bb06722b37ece1c03d3e94beb30d73"},"headline":"Cambiamento climatico. Belluno \u00e8 la \u2018torre dell\u2019acqua\u2019 del Veneto","datePublished":"2026-05-09T18:40:44+00:00","mainEntityOfPage":{"@id":"https:\/\/www.bellunopress.it\/2026\/05\/09\/cambiamento-climatico-belluno-e-la-torre-dellacqua-del-veneto\/"},"wordCount":992,"publisher":{"@id":"https:\/\/www.bellunopress.it\/#organization"},"image":{"@id":"https:\/\/www.bellunopress.it\/2026\/05\/09\/cambiamento-climatico-belluno-e-la-torre-dellacqua-del-veneto\/#primaryimage"},"thumbnailUrl":"https:\/\/www.bellunopress.it\/wp-content\/uploads\/2022\/03\/Centro-studi-bellunese_edited.jpg","articleSection":["Lavoro, Economia, Turismo","Prima Pagina"],"inLanguage":"fr-FR"},{"@type":"WebPage","@id":"https:\/\/www.bellunopress.it\/2026\/05\/09\/cambiamento-climatico-belluno-e-la-torre-dellacqua-del-veneto\/","url":"https:\/\/www.bellunopress.it\/2026\/05\/09\/cambiamento-climatico-belluno-e-la-torre-dellacqua-del-veneto\/","name":"Cambiamento climatico. Belluno \u00e8 la \u2018torre dell\u2019acqua\u2019 del Veneto - Bellunopress - Dolomiti","isPartOf":{"@id":"https:\/\/www.bellunopress.it\/#website"},"primaryImageOfPage":{"@id":"https:\/\/www.bellunopress.it\/2026\/05\/09\/cambiamento-climatico-belluno-e-la-torre-dellacqua-del-veneto\/#primaryimage"},"image":{"@id":"https:\/\/www.bellunopress.it\/2026\/05\/09\/cambiamento-climatico-belluno-e-la-torre-dellacqua-del-veneto\/#primaryimage"},"thumbnailUrl":"https:\/\/www.bellunopress.it\/wp-content\/uploads\/2022\/03\/Centro-studi-bellunese_edited.jpg","datePublished":"2026-05-09T18:40:44+00:00","breadcrumb":{"@id":"https:\/\/www.bellunopress.it\/2026\/05\/09\/cambiamento-climatico-belluno-e-la-torre-dellacqua-del-veneto\/#breadcrumb"},"inLanguage":"fr-FR","potentialAction":[{"@type":"ReadAction","target":["https:\/\/www.bellunopress.it\/2026\/05\/09\/cambiamento-climatico-belluno-e-la-torre-dellacqua-del-veneto\/"]}]},{"@type":"ImageObject","inLanguage":"fr-FR","@id":"https:\/\/www.bellunopress.it\/2026\/05\/09\/cambiamento-climatico-belluno-e-la-torre-dellacqua-del-veneto\/#primaryimage","url":"https:\/\/www.bellunopress.it\/wp-content\/uploads\/2022\/03\/Centro-studi-bellunese_edited.jpg","contentUrl":"https:\/\/www.bellunopress.it\/wp-content\/uploads\/2022\/03\/Centro-studi-bellunese_edited.jpg","width":1000,"height":450},{"@type":"BreadcrumbList","@id":"https:\/\/www.bellunopress.it\/2026\/05\/09\/cambiamento-climatico-belluno-e-la-torre-dellacqua-del-veneto\/#breadcrumb","itemListElement":[{"@type":"ListItem","position":1,"name":"Home","item":"https:\/\/www.bellunopress.it\/"},{"@type":"ListItem","position":2,"name":"Cambiamento climatico. Belluno \u00e8 la \u2018torre dell\u2019acqua\u2019 del Veneto"}]},{"@type":"WebSite","@id":"https:\/\/www.bellunopress.it\/#website","url":"https:\/\/www.bellunopress.it\/","name":"Bellunopress - Dolomiti","description":"e-mail: redazione@bellunopress.it","publisher":{"@id":"https:\/\/www.bellunopress.it\/#organization"},"potentialAction":[{"@type":"SearchAction","target":{"@type":"EntryPoint","urlTemplate":"https:\/\/www.bellunopress.it\/?s={search_term_string}"},"query-input":{"@type":"PropertyValueSpecification","valueRequired":true,"valueName":"search_term_string"}}],"inLanguage":"fr-FR"},{"@type":"Organization","@id":"https:\/\/www.bellunopress.it\/#organization","name":"Bellunopress","url":"https:\/\/www.bellunopress.it\/","logo":{"@type":"ImageObject","inLanguage":"fr-FR","@id":"https:\/\/www.bellunopress.it\/#\/schema\/logo\/image\/","url":"https:\/\/www.bellunopress.it\/wp-content\/uploads\/2011\/05\/cropped-logo-bellunopress-.jpg","contentUrl":"https:\/\/www.bellunopress.it\/wp-content\/uploads\/2011\/05\/cropped-logo-bellunopress-.jpg","width":512,"height":512,"caption":"Bellunopress"},"image":{"@id":"https:\/\/www.bellunopress.it\/#\/schema\/logo\/image\/"},"sameAs":["https:\/\/www.facebook.com\/profile.php?id=100008943462799","https:\/\/x.com\/bellunopress","https:\/\/www.linkedin.com\/hp\/?dnr=JBzUWaJfMUw8vbXJJ2tVW5-I3jZKvC4wsoxE&amp;amp;amp;amp;amp;amp;trk=nav_responsive_tab_home","https:\/\/www.youtube.com\/channel\/UCxL0wu1uN0_3_7hGG0306cw"]},{"@type":"Person","@id":"https:\/\/www.bellunopress.it\/#\/schema\/person\/79bb06722b37ece1c03d3e94beb30d73","name":"r\u00e9daction","image":{"@type":"ImageObject","inLanguage":"fr-FR","@id":"https:\/\/secure.gravatar.com\/avatar\/37d968a2e67a6fd04c169c4bdef102d0bc5d31b2546345219e348575eb80e9a0?s=96&d=mm&r=g","url":"https:\/\/secure.gravatar.com\/avatar\/37d968a2e67a6fd04c169c4bdef102d0bc5d31b2546345219e348575eb80e9a0?s=96&d=mm&r=g","contentUrl":"https:\/\/secure.gravatar.com\/avatar\/37d968a2e67a6fd04c169c4bdef102d0bc5d31b2546345219e348575eb80e9a0?s=96&d=mm&r=g","caption":"redazione"},"sameAs":["http:\/\/www.bellunopress.it","https:\/\/x.com\/bellunopress"],"url":"https:\/\/www.bellunopress.it\/fr\/author\/redazione\/"}]}},"_links":{"self":[{"href":"https:\/\/www.bellunopress.it\/fr\/wp-json\/wp\/v2\/posts\/169952","targetHints":{"allow":["GET"]}}],"collection":[{"href":"https:\/\/www.bellunopress.it\/fr\/wp-json\/wp\/v2\/posts"}],"about":[{"href":"https:\/\/www.bellunopress.it\/fr\/wp-json\/wp\/v2\/types\/post"}],"author":[{"embeddable":true,"href":"https:\/\/www.bellunopress.it\/fr\/wp-json\/wp\/v2\/users\/2"}],"replies":[{"embeddable":true,"href":"https:\/\/www.bellunopress.it\/fr\/wp-json\/wp\/v2\/comments?post=169952"}],"version-history":[{"count":1,"href":"https:\/\/www.bellunopress.it\/fr\/wp-json\/wp\/v2\/posts\/169952\/revisions"}],"predecessor-version":[{"id":169953,"href":"https:\/\/www.bellunopress.it\/fr\/wp-json\/wp\/v2\/posts\/169952\/revisions\/169953"}],"wp:featuredmedia":[{"embeddable":true,"href":"https:\/\/www.bellunopress.it\/fr\/wp-json\/wp\/v2\/media\/131909"}],"wp:attachment":[{"href":"https:\/\/www.bellunopress.it\/fr\/wp-json\/wp\/v2\/media?parent=169952"}],"wp:term":[{"taxonomy":"category","embeddable":true,"href":"https:\/\/www.bellunopress.it\/fr\/wp-json\/wp\/v2\/categories?post=169952"},{"taxonomy":"post_tag","embeddable":true,"href":"https:\/\/www.bellunopress.it\/fr\/wp-json\/wp\/v2\/tags?post=169952"}],"curies":[{"name":"wp","href":"https:\/\/api.w.org\/{rel}","templated":true}]}}