{"id":169949,"date":"2026-05-09T20:21:36","date_gmt":"2026-05-09T18:21:36","guid":{"rendered":"https:\/\/www.bellunopress.it\/?p=169949"},"modified":"2026-05-09T20:21:36","modified_gmt":"2026-05-09T18:21:36","slug":"assemblea-dei-soci-di-fpb-cassa-di-fassa-primiero-e-belluno-oggi-al-palaluxottica-di-agordo","status":"publish","type":"post","link":"https:\/\/www.bellunopress.it\/fr\/2026\/05\/09\/assemblea-dei-soci-di-fpb-cassa-di-fassa-primiero-e-belluno-oggi-al-palaluxottica-di-agordo\/","title":{"rendered":"Assemblea dei soci di FPB Cassa di Fassa, Primiero e Belluno oggi al PalaLuxottica di Agordo"},"content":{"rendered":"<p><strong>Crescono i \u201cnumeri\u201d dell\u2019istituto, che conferma indicatori di massima solidit\u00e0. Soci oltre quota 9.000. <\/strong><br \/>\n<strong>Una nuova Fondazione gestir\u00e0 gli interventi con finalit\u00e0 sociali nel territorio.<\/strong><\/p>\n<p>Agordo, 9 maggio 2026\u00a0 &#8211;\u00a0\u00a0Si \u00e8 svolta oggi presso il PalaLuxottica di Agordo l\u2019annuale Assemblea dei Soci di FPB Cassa di Fassa, Primiero e Belluno. Un appuntamento di grande partecipazione, che ha confermato la vitalit\u00e0 e la solidit\u00e0 della Banca, protagonista di un trend di crescita costante e di nuove iniziative a beneficio delle comunit\u00e0 locali.<\/p>\n<p>Nel corso dei lavori, il Presidente Carlo Vadagnini ha presentato la nascita di un nuovo soggetto operativo: la Fondazione Monti Pallidi di Fassa Primiero Belluno, destinata a rafforzare ulteriormente l\u2019impegno della Cassa verso i propri territori di riferimento.<br \/>\n\u201cCon la Fondazione \u201cMonti Pallidi\u201d vogliamo dare un impulso ancora pi\u00f9 concreto al sostegno delle nostre valli \u2013 ha sottolineato il presidente Vadagnini \u2013 per continuare a investire in cultura, sport, scuola, sanit\u00e0 e socialit\u00e0, facendo crescere insieme le persone e le comunit\u00e0 che rappresentiamo.\u201d<br \/>\nIl Presidente ha inoltre ricordato come nel corso del 2025 siano state realizzate iniziative per 1 milione e 475 mila euro a favore dei territori, e come il numero dei soci abbia raggiunto il nuovo traguardo di 9.177, con una crescita di 200 soci nell\u2019anno.<br \/>\nIl Direttore Generale Ruggero Lucin ha quindi illustrato i dati di bilancio, che evidenziano un solido equilibrio complessivo, con credito a basso rischio, ottimi indicatori di liquidit\u00e0, forte patrimonializzazione e buona redditivit\u00e0.<br \/>\nLa raccolta complessiva da clientela si attesta a 1.650 milioni di euro, in aumento di 139 milioni rispetto all\u2019anno precedente; la raccolta diretta ammonta a 1.086 milioni, quella indiretta a 563 milioni. Gli impieghi alla clientela crescono del 6,7%, raggiungendo 632 milioni di euro.<br \/>\nI crediti deteriorati scendono ulteriormente da 25 a 20 milioni di euro, con coperture prudenziali prossime al 100%, mentre l\u2019utile d\u2019esercizio si attesta a 19,3 milioni di euro, confermando la capacit\u00e0 della Banca di sostenere Soci e clienti anche in scenari di mercato complessi. I fondi propri raggiungono 130,7 milioni di euro, con un CET 1 al 31,1%.<br \/>\n\u201cI risultati di bilancio dimostrano una solidit\u00e0 che ci permette di guardare al futuro con fiducia \u2013 ha commentato il direttore Lucin \u2013 e di continuare a offrire sostegno concreto a famiglie, imprese e territori, nel segno della cooperazione e della responsabilit\u00e0.\u201d<\/p>\n<p>L\u2019assemblea ha inoltre eletto il nuovo Consiglio di Amministrazione, che risulta cos\u00ec composto:<br \/>\n-zona di Fassa: Carlo Vadagnini, Norbert Bernard, Denise Pederiva, Stefania Riz;<br \/>\n-zona di Primiero: Maurizio Bonelli, Graziano Molon;<br \/>\n-area di Belluno: Gianfranco Murer, Alessandro Scopel, Francesca Soppelsa.<br \/>\n\u00c8 stata inoltre eletta Monica Pistoia come presidente del Collegio Sindacale, con Nicola Zanoner e Luca Micheluzzi come membri effettivi, Ivan Noal e Annalisa Marrone come membri supplenti. Tra le novit\u00e0, l\u2019ingresso di Denise Pederiva nel CdA per la Val di Fassa e di Luca Micheluzzi quale membro effettivo del Collegio Sindacale. Il nuovo Consiglio si riunir\u00e0 nei prossimi giorni per l\u2019elezione del Presidente.<\/p>\n<p>L\u2019evento odierno ha visto anche alcuni importanti momenti di intrattenimento e ispirazione, con la partecipazione del Vicepresidente del Gruppo Cassa Centrale, Carlo Antiga, un emozionante intermezzo musicale del pianista Costantino Carrara e l\u2019intervento delle campionesse di biathlon Dorothea Wierer e Lisa Vittozzi, intervistate dalla giornalista di Sky Rachele Sangiuliano.<\/p>\n<p>&nbsp;<\/p>","protected":false},"excerpt":{"rendered":"<p>Crescono i \u201cnumeri\u201d dell\u2019istituto, che conferma indicatori di massima solidit\u00e0. Soci oltre quota 9.000. Una nuova Fondazione gestir\u00e0 gli interventi con finalit\u00e0 sociali nel territorio. Agordo, 9 maggio 2026\u00a0 &#8211;\u00a0\u00a0Si \u00e8 svolta oggi presso il PalaLuxottica di Agordo l\u2019annuale Assemblea dei Soci di FPB Cassa di Fassa, Primiero e Belluno. Un appuntamento di grande partecipazione, [&hellip;]<\/p>\n","protected":false},"author":2,"featured_media":169950,"comment_status":"closed","ping_status":"open","sticky":false,"template":"","format":"standard","meta":{"footnotes":""},"categories":[26,8],"tags":[],"class_list":["post-169949","post","type-post","status-publish","format-standard","has-post-thumbnail","category-prima-pagina","category-societa-istituzioni"],"yoast_head":"<!-- This site is optimized with the Yoast SEO plugin v28.4 - https:\/\/yoast.com\/product\/yoast-seo-wordpress\/ -->\n<title>Assemblea dei soci di FPB Cassa di Fassa, Primiero e Belluno oggi al PalaLuxottica di Agordo - Bellunopress - Dolomiti<\/title>\n<meta name=\"robots\" content=\"index, follow, max-snippet:-1, max-image-preview:large, max-video-preview:-1\" \/>\n<link rel=\"canonical\" href=\"https:\/\/www.bellunopress.it\/fr\/2026\/05\/09\/assemblea-dei-soci-di-fpb-cassa-di-fassa-primiero-e-belluno-oggi-al-palaluxottica-di-agordo\/\" \/>\n<meta property=\"og:locale\" content=\"fr_FR\" \/>\n<meta property=\"og:type\" content=\"article\" \/>\n<meta property=\"og:title\" content=\"Assemblea dei soci di FPB Cassa di Fassa, Primiero e Belluno oggi al PalaLuxottica di Agordo - Bellunopress - Dolomiti\" \/>\n<meta property=\"og:description\" content=\"Crescono i \u201cnumeri\u201d dell\u2019istituto, che conferma indicatori di massima solidit\u00e0. Soci oltre quota 9.000. Una nuova Fondazione gestir\u00e0 gli interventi con finalit\u00e0 sociali nel territorio. Agordo, 9 maggio 2026\u00a0 &#8211;\u00a0\u00a0Si \u00e8 svolta oggi presso il PalaLuxottica di Agordo l\u2019annuale Assemblea dei Soci di FPB Cassa di Fassa, Primiero e Belluno. Un appuntamento di grande partecipazione, [&hellip;]\" \/>\n<meta property=\"og:url\" content=\"https:\/\/www.bellunopress.it\/fr\/2026\/05\/09\/assemblea-dei-soci-di-fpb-cassa-di-fassa-primiero-e-belluno-oggi-al-palaluxottica-di-agordo\/\" \/>\n<meta property=\"og:site_name\" content=\"Bellunopress - Dolomiti\" \/>\n<meta property=\"article:publisher\" content=\"https:\/\/www.facebook.com\/profile.php?id=100008943462799\" \/>\n<meta property=\"article:published_time\" content=\"2026-05-09T18:21:36+00:00\" \/>\n<meta property=\"og:image\" content=\"https:\/\/www.bellunopress.it\/wp-content\/uploads\/2026\/05\/Assemblea-FPB-CASSA-Agordo.jpg\" \/>\n\t<meta property=\"og:image:width\" content=\"500\" \/>\n\t<meta property=\"og:image:height\" content=\"255\" \/>\n\t<meta property=\"og:image:type\" content=\"image\/jpeg\" \/>\n<meta name=\"author\" content=\"redazione\" \/>\n<meta name=\"twitter:card\" content=\"summary_large_image\" \/>\n<meta name=\"twitter:creator\" content=\"@bellunopress\" \/>\n<meta name=\"twitter:site\" content=\"@bellunopress\" \/>\n<meta name=\"twitter:label1\" content=\"\u00c9crit par\" \/>\n\t<meta name=\"twitter:data1\" content=\"redazione\" \/>\n\t<meta name=\"twitter:label2\" content=\"Dur\u00e9e de lecture estim\u00e9e\" \/>\n\t<meta name=\"twitter:data2\" content=\"4 minutes\" \/>\n<script type=\"application\/ld+json\" class=\"yoast-schema-graph\">{\"@context\":\"https:\\\/\\\/schema.org\",\"@graph\":[{\"@type\":\"Article\",\"@id\":\"https:\\\/\\\/www.bellunopress.it\\\/2026\\\/05\\\/09\\\/assemblea-dei-soci-di-fpb-cassa-di-fassa-primiero-e-belluno-oggi-al-palaluxottica-di-agordo\\\/#article\",\"isPartOf\":{\"@id\":\"https:\\\/\\\/www.bellunopress.it\\\/2026\\\/05\\\/09\\\/assemblea-dei-soci-di-fpb-cassa-di-fassa-primiero-e-belluno-oggi-al-palaluxottica-di-agordo\\\/\"},\"author\":{\"name\":\"redazione\",\"@id\":\"https:\\\/\\\/www.bellunopress.it\\\/#\\\/schema\\\/person\\\/79bb06722b37ece1c03d3e94beb30d73\"},\"headline\":\"Assemblea dei soci di FPB Cassa di Fassa, Primiero e Belluno oggi al PalaLuxottica di Agordo\",\"datePublished\":\"2026-05-09T18:21:36+00:00\",\"mainEntityOfPage\":{\"@id\":\"https:\\\/\\\/www.bellunopress.it\\\/2026\\\/05\\\/09\\\/assemblea-dei-soci-di-fpb-cassa-di-fassa-primiero-e-belluno-oggi-al-palaluxottica-di-agordo\\\/\"},\"wordCount\":541,\"publisher\":{\"@id\":\"https:\\\/\\\/www.bellunopress.it\\\/#organization\"},\"image\":{\"@id\":\"https:\\\/\\\/www.bellunopress.it\\\/2026\\\/05\\\/09\\\/assemblea-dei-soci-di-fpb-cassa-di-fassa-primiero-e-belluno-oggi-al-palaluxottica-di-agordo\\\/#primaryimage\"},\"thumbnailUrl\":\"https:\\\/\\\/www.bellunopress.it\\\/wp-content\\\/uploads\\\/2026\\\/05\\\/Assemblea-FPB-CASSA-Agordo.jpg\",\"articleSection\":[\"Prima Pagina\",\"Societ\u00e0, Associazioni, Istituzioni\"],\"inLanguage\":\"fr-FR\"},{\"@type\":\"WebPage\",\"@id\":\"https:\\\/\\\/www.bellunopress.it\\\/2026\\\/05\\\/09\\\/assemblea-dei-soci-di-fpb-cassa-di-fassa-primiero-e-belluno-oggi-al-palaluxottica-di-agordo\\\/\",\"url\":\"https:\\\/\\\/www.bellunopress.it\\\/2026\\\/05\\\/09\\\/assemblea-dei-soci-di-fpb-cassa-di-fassa-primiero-e-belluno-oggi-al-palaluxottica-di-agordo\\\/\",\"name\":\"Assemblea dei soci di FPB Cassa di Fassa, Primiero e Belluno oggi al PalaLuxottica di Agordo - Bellunopress - Dolomiti\",\"isPartOf\":{\"@id\":\"https:\\\/\\\/www.bellunopress.it\\\/#website\"},\"primaryImageOfPage\":{\"@id\":\"https:\\\/\\\/www.bellunopress.it\\\/2026\\\/05\\\/09\\\/assemblea-dei-soci-di-fpb-cassa-di-fassa-primiero-e-belluno-oggi-al-palaluxottica-di-agordo\\\/#primaryimage\"},\"image\":{\"@id\":\"https:\\\/\\\/www.bellunopress.it\\\/2026\\\/05\\\/09\\\/assemblea-dei-soci-di-fpb-cassa-di-fassa-primiero-e-belluno-oggi-al-palaluxottica-di-agordo\\\/#primaryimage\"},\"thumbnailUrl\":\"https:\\\/\\\/www.bellunopress.it\\\/wp-content\\\/uploads\\\/2026\\\/05\\\/Assemblea-FPB-CASSA-Agordo.jpg\",\"datePublished\":\"2026-05-09T18:21:36+00:00\",\"breadcrumb\":{\"@id\":\"https:\\\/\\\/www.bellunopress.it\\\/2026\\\/05\\\/09\\\/assemblea-dei-soci-di-fpb-cassa-di-fassa-primiero-e-belluno-oggi-al-palaluxottica-di-agordo\\\/#breadcrumb\"},\"inLanguage\":\"fr-FR\",\"potentialAction\":[{\"@type\":\"ReadAction\",\"target\":[\"https:\\\/\\\/www.bellunopress.it\\\/2026\\\/05\\\/09\\\/assemblea-dei-soci-di-fpb-cassa-di-fassa-primiero-e-belluno-oggi-al-palaluxottica-di-agordo\\\/\"]}]},{\"@type\":\"ImageObject\",\"inLanguage\":\"fr-FR\",\"@id\":\"https:\\\/\\\/www.bellunopress.it\\\/2026\\\/05\\\/09\\\/assemblea-dei-soci-di-fpb-cassa-di-fassa-primiero-e-belluno-oggi-al-palaluxottica-di-agordo\\\/#primaryimage\",\"url\":\"https:\\\/\\\/www.bellunopress.it\\\/wp-content\\\/uploads\\\/2026\\\/05\\\/Assemblea-FPB-CASSA-Agordo.jpg\",\"contentUrl\":\"https:\\\/\\\/www.bellunopress.it\\\/wp-content\\\/uploads\\\/2026\\\/05\\\/Assemblea-FPB-CASSA-Agordo.jpg\",\"width\":500,\"height\":255},{\"@type\":\"BreadcrumbList\",\"@id\":\"https:\\\/\\\/www.bellunopress.it\\\/2026\\\/05\\\/09\\\/assemblea-dei-soci-di-fpb-cassa-di-fassa-primiero-e-belluno-oggi-al-palaluxottica-di-agordo\\\/#breadcrumb\",\"itemListElement\":[{\"@type\":\"ListItem\",\"position\":1,\"name\":\"Home\",\"item\":\"https:\\\/\\\/www.bellunopress.it\\\/\"},{\"@type\":\"ListItem\",\"position\":2,\"name\":\"Assemblea dei soci di FPB Cassa di Fassa, Primiero e Belluno oggi al PalaLuxottica di Agordo\"}]},{\"@type\":\"WebSite\",\"@id\":\"https:\\\/\\\/www.bellunopress.it\\\/#website\",\"url\":\"https:\\\/\\\/www.bellunopress.it\\\/\",\"name\":\"Bellunopress - Dolomiti\",\"description\":\"e-mail: redazione@bellunopress.it\",\"publisher\":{\"@id\":\"https:\\\/\\\/www.bellunopress.it\\\/#organization\"},\"potentialAction\":[{\"@type\":\"SearchAction\",\"target\":{\"@type\":\"EntryPoint\",\"urlTemplate\":\"https:\\\/\\\/www.bellunopress.it\\\/?s={search_term_string}\"},\"query-input\":{\"@type\":\"PropertyValueSpecification\",\"valueRequired\":true,\"valueName\":\"search_term_string\"}}],\"inLanguage\":\"fr-FR\"},{\"@type\":\"Organization\",\"@id\":\"https:\\\/\\\/www.bellunopress.it\\\/#organization\",\"name\":\"Bellunopress\",\"url\":\"https:\\\/\\\/www.bellunopress.it\\\/\",\"logo\":{\"@type\":\"ImageObject\",\"inLanguage\":\"fr-FR\",\"@id\":\"https:\\\/\\\/www.bellunopress.it\\\/#\\\/schema\\\/logo\\\/image\\\/\",\"url\":\"https:\\\/\\\/www.bellunopress.it\\\/wp-content\\\/uploads\\\/2011\\\/05\\\/cropped-logo-bellunopress-.jpg\",\"contentUrl\":\"https:\\\/\\\/www.bellunopress.it\\\/wp-content\\\/uploads\\\/2011\\\/05\\\/cropped-logo-bellunopress-.jpg\",\"width\":512,\"height\":512,\"caption\":\"Bellunopress\"},\"image\":{\"@id\":\"https:\\\/\\\/www.bellunopress.it\\\/#\\\/schema\\\/logo\\\/image\\\/\"},\"sameAs\":[\"https:\\\/\\\/www.facebook.com\\\/profile.php?id=100008943462799\",\"https:\\\/\\\/x.com\\\/bellunopress\",\"https:\\\/\\\/www.linkedin.com\\\/hp\\\/?dnr=JBzUWaJfMUw8vbXJJ2tVW5-I3jZKvC4wsoxE&amp;amp;amp;amp;amp;amp;trk=nav_responsive_tab_home\",\"https:\\\/\\\/www.youtube.com\\\/channel\\\/UCxL0wu1uN0_3_7hGG0306cw\"]},{\"@type\":\"Person\",\"@id\":\"https:\\\/\\\/www.bellunopress.it\\\/#\\\/schema\\\/person\\\/79bb06722b37ece1c03d3e94beb30d73\",\"name\":\"redazione\",\"image\":{\"@type\":\"ImageObject\",\"inLanguage\":\"fr-FR\",\"@id\":\"https:\\\/\\\/secure.gravatar.com\\\/avatar\\\/37d968a2e67a6fd04c169c4bdef102d0bc5d31b2546345219e348575eb80e9a0?s=96&d=mm&r=g\",\"url\":\"https:\\\/\\\/secure.gravatar.com\\\/avatar\\\/37d968a2e67a6fd04c169c4bdef102d0bc5d31b2546345219e348575eb80e9a0?s=96&d=mm&r=g\",\"contentUrl\":\"https:\\\/\\\/secure.gravatar.com\\\/avatar\\\/37d968a2e67a6fd04c169c4bdef102d0bc5d31b2546345219e348575eb80e9a0?s=96&d=mm&r=g\",\"caption\":\"redazione\"},\"sameAs\":[\"http:\\\/\\\/www.bellunopress.it\",\"https:\\\/\\\/x.com\\\/bellunopress\"],\"url\":\"https:\\\/\\\/www.bellunopress.it\\\/fr\\\/author\\\/redazione\\\/\"}]}<\/script>\n<!-- \/ Yoast SEO plugin. -->","yoast_head_json":{"title":"Assemblea dei soci di FPB Cassa di Fassa, Primiero e Belluno oggi al PalaLuxottica di Agordo - Bellunopress - Dolomiti","robots":{"index":"index","follow":"follow","max-snippet":"max-snippet:-1","max-image-preview":"max-image-preview:large","max-video-preview":"max-video-preview:-1"},"canonical":"https:\/\/www.bellunopress.it\/fr\/2026\/05\/09\/assemblea-dei-soci-di-fpb-cassa-di-fassa-primiero-e-belluno-oggi-al-palaluxottica-di-agordo\/","og_locale":"fr_FR","og_type":"article","og_title":"Assemblea dei soci di FPB Cassa di Fassa, Primiero e Belluno oggi al PalaLuxottica di Agordo - Bellunopress - Dolomiti","og_description":"Crescono i \u201cnumeri\u201d dell\u2019istituto, che conferma indicatori di massima solidit\u00e0. Soci oltre quota 9.000. Una nuova Fondazione gestir\u00e0 gli interventi con finalit\u00e0 sociali nel territorio. Agordo, 9 maggio 2026\u00a0 &#8211;\u00a0\u00a0Si \u00e8 svolta oggi presso il PalaLuxottica di Agordo l\u2019annuale Assemblea dei Soci di FPB Cassa di Fassa, Primiero e Belluno. Un appuntamento di grande partecipazione, [&hellip;]","og_url":"https:\/\/www.bellunopress.it\/fr\/2026\/05\/09\/assemblea-dei-soci-di-fpb-cassa-di-fassa-primiero-e-belluno-oggi-al-palaluxottica-di-agordo\/","og_site_name":"Bellunopress - Dolomiti","article_publisher":"https:\/\/www.facebook.com\/profile.php?id=100008943462799","article_published_time":"2026-05-09T18:21:36+00:00","og_image":[{"width":500,"height":255,"url":"https:\/\/www.bellunopress.it\/wp-content\/uploads\/2026\/05\/Assemblea-FPB-CASSA-Agordo.jpg","type":"image\/jpeg"}],"author":"redazione","twitter_card":"summary_large_image","twitter_creator":"@bellunopress","twitter_site":"@bellunopress","twitter_misc":{"\u00c9crit par":"redazione","Dur\u00e9e de lecture estim\u00e9e":"4 minutes"},"schema":{"@context":"https:\/\/schema.org","@graph":[{"@type":"Article","@id":"https:\/\/www.bellunopress.it\/2026\/05\/09\/assemblea-dei-soci-di-fpb-cassa-di-fassa-primiero-e-belluno-oggi-al-palaluxottica-di-agordo\/#article","isPartOf":{"@id":"https:\/\/www.bellunopress.it\/2026\/05\/09\/assemblea-dei-soci-di-fpb-cassa-di-fassa-primiero-e-belluno-oggi-al-palaluxottica-di-agordo\/"},"author":{"name":"redazione","@id":"https:\/\/www.bellunopress.it\/#\/schema\/person\/79bb06722b37ece1c03d3e94beb30d73"},"headline":"Assemblea dei soci di FPB Cassa di Fassa, Primiero e Belluno oggi al PalaLuxottica di Agordo","datePublished":"2026-05-09T18:21:36+00:00","mainEntityOfPage":{"@id":"https:\/\/www.bellunopress.it\/2026\/05\/09\/assemblea-dei-soci-di-fpb-cassa-di-fassa-primiero-e-belluno-oggi-al-palaluxottica-di-agordo\/"},"wordCount":541,"publisher":{"@id":"https:\/\/www.bellunopress.it\/#organization"},"image":{"@id":"https:\/\/www.bellunopress.it\/2026\/05\/09\/assemblea-dei-soci-di-fpb-cassa-di-fassa-primiero-e-belluno-oggi-al-palaluxottica-di-agordo\/#primaryimage"},"thumbnailUrl":"https:\/\/www.bellunopress.it\/wp-content\/uploads\/2026\/05\/Assemblea-FPB-CASSA-Agordo.jpg","articleSection":["Prima Pagina","Societ\u00e0, Associazioni, Istituzioni"],"inLanguage":"fr-FR"},{"@type":"WebPage","@id":"https:\/\/www.bellunopress.it\/2026\/05\/09\/assemblea-dei-soci-di-fpb-cassa-di-fassa-primiero-e-belluno-oggi-al-palaluxottica-di-agordo\/","url":"https:\/\/www.bellunopress.it\/2026\/05\/09\/assemblea-dei-soci-di-fpb-cassa-di-fassa-primiero-e-belluno-oggi-al-palaluxottica-di-agordo\/","name":"Assemblea dei soci di FPB Cassa di Fassa, Primiero e Belluno oggi al PalaLuxottica di Agordo - Bellunopress - Dolomiti","isPartOf":{"@id":"https:\/\/www.bellunopress.it\/#website"},"primaryImageOfPage":{"@id":"https:\/\/www.bellunopress.it\/2026\/05\/09\/assemblea-dei-soci-di-fpb-cassa-di-fassa-primiero-e-belluno-oggi-al-palaluxottica-di-agordo\/#primaryimage"},"image":{"@id":"https:\/\/www.bellunopress.it\/2026\/05\/09\/assemblea-dei-soci-di-fpb-cassa-di-fassa-primiero-e-belluno-oggi-al-palaluxottica-di-agordo\/#primaryimage"},"thumbnailUrl":"https:\/\/www.bellunopress.it\/wp-content\/uploads\/2026\/05\/Assemblea-FPB-CASSA-Agordo.jpg","datePublished":"2026-05-09T18:21:36+00:00","breadcrumb":{"@id":"https:\/\/www.bellunopress.it\/2026\/05\/09\/assemblea-dei-soci-di-fpb-cassa-di-fassa-primiero-e-belluno-oggi-al-palaluxottica-di-agordo\/#breadcrumb"},"inLanguage":"fr-FR","potentialAction":[{"@type":"ReadAction","target":["https:\/\/www.bellunopress.it\/2026\/05\/09\/assemblea-dei-soci-di-fpb-cassa-di-fassa-primiero-e-belluno-oggi-al-palaluxottica-di-agordo\/"]}]},{"@type":"ImageObject","inLanguage":"fr-FR","@id":"https:\/\/www.bellunopress.it\/2026\/05\/09\/assemblea-dei-soci-di-fpb-cassa-di-fassa-primiero-e-belluno-oggi-al-palaluxottica-di-agordo\/#primaryimage","url":"https:\/\/www.bellunopress.it\/wp-content\/uploads\/2026\/05\/Assemblea-FPB-CASSA-Agordo.jpg","contentUrl":"https:\/\/www.bellunopress.it\/wp-content\/uploads\/2026\/05\/Assemblea-FPB-CASSA-Agordo.jpg","width":500,"height":255},{"@type":"BreadcrumbList","@id":"https:\/\/www.bellunopress.it\/2026\/05\/09\/assemblea-dei-soci-di-fpb-cassa-di-fassa-primiero-e-belluno-oggi-al-palaluxottica-di-agordo\/#breadcrumb","itemListElement":[{"@type":"ListItem","position":1,"name":"Home","item":"https:\/\/www.bellunopress.it\/"},{"@type":"ListItem","position":2,"name":"Assemblea dei soci di FPB Cassa di Fassa, Primiero e Belluno oggi al PalaLuxottica di Agordo"}]},{"@type":"WebSite","@id":"https:\/\/www.bellunopress.it\/#website","url":"https:\/\/www.bellunopress.it\/","name":"Bellunopress - Dolomiti","description":"e-mail: redazione@bellunopress.it","publisher":{"@id":"https:\/\/www.bellunopress.it\/#organization"},"potentialAction":[{"@type":"SearchAction","target":{"@type":"EntryPoint","urlTemplate":"https:\/\/www.bellunopress.it\/?s={search_term_string}"},"query-input":{"@type":"PropertyValueSpecification","valueRequired":true,"valueName":"search_term_string"}}],"inLanguage":"fr-FR"},{"@type":"Organization","@id":"https:\/\/www.bellunopress.it\/#organization","name":"Bellunopress","url":"https:\/\/www.bellunopress.it\/","logo":{"@type":"ImageObject","inLanguage":"fr-FR","@id":"https:\/\/www.bellunopress.it\/#\/schema\/logo\/image\/","url":"https:\/\/www.bellunopress.it\/wp-content\/uploads\/2011\/05\/cropped-logo-bellunopress-.jpg","contentUrl":"https:\/\/www.bellunopress.it\/wp-content\/uploads\/2011\/05\/cropped-logo-bellunopress-.jpg","width":512,"height":512,"caption":"Bellunopress"},"image":{"@id":"https:\/\/www.bellunopress.it\/#\/schema\/logo\/image\/"},"sameAs":["https:\/\/www.facebook.com\/profile.php?id=100008943462799","https:\/\/x.com\/bellunopress","https:\/\/www.linkedin.com\/hp\/?dnr=JBzUWaJfMUw8vbXJJ2tVW5-I3jZKvC4wsoxE&amp;amp;amp;amp;amp;amp;trk=nav_responsive_tab_home","https:\/\/www.youtube.com\/channel\/UCxL0wu1uN0_3_7hGG0306cw"]},{"@type":"Person","@id":"https:\/\/www.bellunopress.it\/#\/schema\/person\/79bb06722b37ece1c03d3e94beb30d73","name":"r\u00e9daction","image":{"@type":"ImageObject","inLanguage":"fr-FR","@id":"https:\/\/secure.gravatar.com\/avatar\/37d968a2e67a6fd04c169c4bdef102d0bc5d31b2546345219e348575eb80e9a0?s=96&d=mm&r=g","url":"https:\/\/secure.gravatar.com\/avatar\/37d968a2e67a6fd04c169c4bdef102d0bc5d31b2546345219e348575eb80e9a0?s=96&d=mm&r=g","contentUrl":"https:\/\/secure.gravatar.com\/avatar\/37d968a2e67a6fd04c169c4bdef102d0bc5d31b2546345219e348575eb80e9a0?s=96&d=mm&r=g","caption":"redazione"},"sameAs":["http:\/\/www.bellunopress.it","https:\/\/x.com\/bellunopress"],"url":"https:\/\/www.bellunopress.it\/fr\/author\/redazione\/"}]}},"_links":{"self":[{"href":"https:\/\/www.bellunopress.it\/fr\/wp-json\/wp\/v2\/posts\/169949","targetHints":{"allow":["GET"]}}],"collection":[{"href":"https:\/\/www.bellunopress.it\/fr\/wp-json\/wp\/v2\/posts"}],"about":[{"href":"https:\/\/www.bellunopress.it\/fr\/wp-json\/wp\/v2\/types\/post"}],"author":[{"embeddable":true,"href":"https:\/\/www.bellunopress.it\/fr\/wp-json\/wp\/v2\/users\/2"}],"replies":[{"embeddable":true,"href":"https:\/\/www.bellunopress.it\/fr\/wp-json\/wp\/v2\/comments?post=169949"}],"version-history":[{"count":1,"href":"https:\/\/www.bellunopress.it\/fr\/wp-json\/wp\/v2\/posts\/169949\/revisions"}],"predecessor-version":[{"id":169951,"href":"https:\/\/www.bellunopress.it\/fr\/wp-json\/wp\/v2\/posts\/169949\/revisions\/169951"}],"wp:featuredmedia":[{"embeddable":true,"href":"https:\/\/www.bellunopress.it\/fr\/wp-json\/wp\/v2\/media\/169950"}],"wp:attachment":[{"href":"https:\/\/www.bellunopress.it\/fr\/wp-json\/wp\/v2\/media?parent=169949"}],"wp:term":[{"taxonomy":"category","embeddable":true,"href":"https:\/\/www.bellunopress.it\/fr\/wp-json\/wp\/v2\/categories?post=169949"},{"taxonomy":"post_tag","embeddable":true,"href":"https:\/\/www.bellunopress.it\/fr\/wp-json\/wp\/v2\/tags?post=169949"}],"curies":[{"name":"wp","href":"https:\/\/api.w.org\/{rel}","templated":true}]}}