{"id":169947,"date":"2026-05-09T14:56:12","date_gmt":"2026-05-09T12:56:12","guid":{"rendered":"https:\/\/www.bellunopress.it\/?p=169947"},"modified":"2026-05-09T14:56:12","modified_gmt":"2026-05-09T12:56:12","slug":"tornano-i-motori-in-alpago-al-via-il-6-trofeo-della-regolarita-classica","status":"publish","type":"post","link":"https:\/\/www.bellunopress.it\/fr\/2026\/05\/09\/tornano-i-motori-in-alpago-al-via-il-6-trofeo-della-regolarita-classica\/","title":{"rendered":"Tornano i motori in Alpago: al via il 6\u00b0 Trofeo della Regolarit\u00e0 Classica"},"content":{"rendered":"<p><strong>Un omaggio alla memoria di Alex Zanardi tra i panorami del Cansiglio e il cuore di Belluno<\/strong><\/p>\n<p>Belluno, 9 Maggio 2026 | Redazione Motori\u00a0 &#8211;\u00a0 L&#8217;attesa \u00e8 finita per gli appassionati di motorismo storico. Il prossimo 24 ottobre 2026, il territorio bellunese torner\u00e0 a essere il palcoscenico naturale del 6\u00b0 Trofeo Alpago, una manifestazione di regolarit\u00e0 classica dedicata sia alle auto d&#8217;epoca che alle vetture moderne. Quest&#8217;anno l&#8217;evento si ammanta di una valenza particolare, trasformandosi in una &#8220;classica&#8221; d&#8217;autunno che non solo celebra la bellezza meccanica, ma rende anche un commosso omaggio alla memoria del compianto Alex Zanardi, figura simbolo di resilienza e passione sportiva.<\/p>\n<p>Il percorso, di 150 chilometri, promette di regalare forti emozioni ai partecipanti e agli spettatori. I 52 equipaggi che lo scorso anno hanno solcato le strade della Conca dell&#8217;Alpago hanno ancora negli occhi i colori mozzafiato della Foresta del Cansiglio. Proprio per questo motivo, il passaggio attraverso i boschi centenari \u00e8 stato confermato come tappa obbligatoria, offrendo uno scenario cromatico unico nel cuore della stagione autunnale.<\/p>\n<p>La grande novit\u00e0 di questa sesta edizione riguarda l&#8217;interessamento diretto del capoluogo. Per la prima volta, la carovana delle &#8220;vecchie signore&#8221; far\u00e0 il suo ingresso trionfale nel centro storico di Belluno. La centralissima Piazza dei Martiri ospiter\u00e0 infatti una delle 35 prove cronometrate previste dal regolamento, oltre a un fondamentale controllo orario. Sar\u00e0 un&#8217;occasione imperdibile per la cittadinanza di ammirare da vicino autentici gioielli della storia dell&#8217;automobile in un contesto urbano di rara bellezza.<\/p>\n<p><strong>DETTAGLI DELLA MANIFESTAZIONE<\/strong><br \/>\n&#8211; Data: 24 Ottobre 2026<br \/>\n&#8211; Localit\u00e0 di partenza: Pieve d&#8217;Alpago (Belluno)<br \/>\n&#8211; Percorso: 150 km totali, 35 prove, 4 controlli orari<br \/>\n&#8211; Punti di interesse: Passaggio in Piazza dei Martiri (Belluno), Foresta del Cansiglio<br \/>\n&#8211; Dedica: Alla memoria di Alex Zanardi<\/p>\n<p>L&#8217;organizzazione ha previsto un programma serrato che mette a dura prova la precisione dei cronometristi e l&#8217;abilit\u00e0 dei piloti. Con 35 prove e 4 controlli orari totali, il Trofeo Alpago si conferma una gara tecnica oltre che paesaggistica. Il rombo dei motori inizier\u00e0 a Pieve d&#8217;Alpago, centro nevralgico della manifestazione, per poi snodarsi tra salite e tornanti che hanno fatto la storia del rallysmo e della regolarit\u00e0 locale.<\/p>\n<p>Per chi volesse ricevere maggiori informazioni o procedere con l&#8217;iscrizione, il comitato organizzatore ha messo a disposizione i seguenti contatti:<\/p>\n<p>Email: info@trofeoalpagoregolarita.com<br \/>\nTelefono: 0437 989111<\/p>\n<p>Belluno e l&#8217;Alpago si preparano dunque a vivere una giornata all&#8217;insegna dello sport e del ricordo, unendo l&#8217;eleganza delle auto d&#8217;epoca alla forza morale di un campione che ha lasciato un segno indelebile nel cuore di tutti gli sportivi.<\/p>","protected":false},"excerpt":{"rendered":"<p>Un omaggio alla memoria di Alex Zanardi tra i panorami del Cansiglio e il cuore di Belluno Belluno, 9 Maggio 2026 | Redazione Motori\u00a0 &#8211;\u00a0 L&#8217;attesa \u00e8 finita per gli appassionati di motorismo storico. Il prossimo 24 ottobre 2026, il territorio bellunese torner\u00e0 a essere il palcoscenico naturale del 6\u00b0 Trofeo Alpago, una manifestazione di [&hellip;]<\/p>\n","protected":false},"author":2,"featured_media":154002,"comment_status":"closed","ping_status":"open","sticky":false,"template":"","format":"standard","meta":{"footnotes":""},"categories":[26,4],"tags":[],"class_list":["post-169947","post","type-post","status-publish","format-standard","has-post-thumbnail","category-prima-pagina","category-sport"],"yoast_head":"<!-- This site is optimized with the Yoast SEO plugin v28.4 - https:\/\/yoast.com\/product\/yoast-seo-wordpress\/ -->\n<title>Tornano i motori in Alpago: al via il 6\u00b0 Trofeo della Regolarit\u00e0 Classica - Bellunopress - Dolomiti<\/title>\n<meta name=\"robots\" content=\"index, follow, max-snippet:-1, max-image-preview:large, max-video-preview:-1\" \/>\n<link rel=\"canonical\" href=\"https:\/\/www.bellunopress.it\/fr\/2026\/05\/09\/tornano-i-motori-in-alpago-al-via-il-6-trofeo-della-regolarita-classica\/\" \/>\n<meta property=\"og:locale\" content=\"fr_FR\" \/>\n<meta property=\"og:type\" content=\"article\" \/>\n<meta property=\"og:title\" content=\"Tornano i motori in Alpago: al via il 6\u00b0 Trofeo della Regolarit\u00e0 Classica - Bellunopress - Dolomiti\" \/>\n<meta property=\"og:description\" content=\"Un omaggio alla memoria di Alex Zanardi tra i panorami del Cansiglio e il cuore di Belluno Belluno, 9 Maggio 2026 | Redazione Motori\u00a0 &#8211;\u00a0 L&#8217;attesa \u00e8 finita per gli appassionati di motorismo storico. Il prossimo 24 ottobre 2026, il territorio bellunese torner\u00e0 a essere il palcoscenico naturale del 6\u00b0 Trofeo Alpago, una manifestazione di [&hellip;]\" \/>\n<meta property=\"og:url\" content=\"https:\/\/www.bellunopress.it\/fr\/2026\/05\/09\/tornano-i-motori-in-alpago-al-via-il-6-trofeo-della-regolarita-classica\/\" \/>\n<meta property=\"og:site_name\" content=\"Bellunopress - Dolomiti\" \/>\n<meta property=\"article:publisher\" content=\"https:\/\/www.facebook.com\/profile.php?id=100008943462799\" \/>\n<meta property=\"article:published_time\" content=\"2026-05-09T12:56:12+00:00\" \/>\n<meta property=\"og:image\" content=\"https:\/\/www.bellunopress.it\/wp-content\/uploads\/2024\/09\/Trofeo-Alpago_edited.jpg\" \/>\n\t<meta property=\"og:image:width\" content=\"804\" \/>\n\t<meta property=\"og:image:height\" content=\"476\" \/>\n\t<meta property=\"og:image:type\" content=\"image\/jpeg\" \/>\n<meta name=\"author\" content=\"redazione\" \/>\n<meta name=\"twitter:card\" content=\"summary_large_image\" \/>\n<meta name=\"twitter:creator\" content=\"@bellunopress\" \/>\n<meta name=\"twitter:site\" content=\"@bellunopress\" \/>\n<meta name=\"twitter:label1\" content=\"Written by\" \/>\n\t<meta name=\"twitter:data1\" content=\"redazione\" \/>\n\t<meta name=\"twitter:label2\" content=\"Est. reading time\" \/>\n\t<meta name=\"twitter:data2\" content=\"3 minutes\" \/>\n<script type=\"application\/ld+json\" class=\"yoast-schema-graph\">{\"@context\":\"https:\\\/\\\/schema.org\",\"@graph\":[{\"@type\":\"Article\",\"@id\":\"https:\\\/\\\/www.bellunopress.it\\\/2026\\\/05\\\/09\\\/tornano-i-motori-in-alpago-al-via-il-6-trofeo-della-regolarita-classica\\\/#article\",\"isPartOf\":{\"@id\":\"https:\\\/\\\/www.bellunopress.it\\\/2026\\\/05\\\/09\\\/tornano-i-motori-in-alpago-al-via-il-6-trofeo-della-regolarita-classica\\\/\"},\"author\":{\"name\":\"redazione\",\"@id\":\"https:\\\/\\\/www.bellunopress.it\\\/#\\\/schema\\\/person\\\/79bb06722b37ece1c03d3e94beb30d73\"},\"headline\":\"Tornano i motori in Alpago: al via il 6\u00b0 Trofeo della Regolarit\u00e0 Classica\",\"datePublished\":\"2026-05-09T12:56:12+00:00\",\"mainEntityOfPage\":{\"@id\":\"https:\\\/\\\/www.bellunopress.it\\\/2026\\\/05\\\/09\\\/tornano-i-motori-in-alpago-al-via-il-6-trofeo-della-regolarita-classica\\\/\"},\"wordCount\":434,\"publisher\":{\"@id\":\"https:\\\/\\\/www.bellunopress.it\\\/#organization\"},\"image\":{\"@id\":\"https:\\\/\\\/www.bellunopress.it\\\/2026\\\/05\\\/09\\\/tornano-i-motori-in-alpago-al-via-il-6-trofeo-della-regolarita-classica\\\/#primaryimage\"},\"thumbnailUrl\":\"https:\\\/\\\/www.bellunopress.it\\\/wp-content\\\/uploads\\\/2024\\\/09\\\/Trofeo-Alpago_edited.jpg\",\"articleSection\":[\"Prima Pagina\",\"Sport, tempo libero\"],\"inLanguage\":\"fr-FR\"},{\"@type\":\"WebPage\",\"@id\":\"https:\\\/\\\/www.bellunopress.it\\\/2026\\\/05\\\/09\\\/tornano-i-motori-in-alpago-al-via-il-6-trofeo-della-regolarita-classica\\\/\",\"url\":\"https:\\\/\\\/www.bellunopress.it\\\/2026\\\/05\\\/09\\\/tornano-i-motori-in-alpago-al-via-il-6-trofeo-della-regolarita-classica\\\/\",\"name\":\"Tornano i motori in Alpago: al via il 6\u00b0 Trofeo della Regolarit\u00e0 Classica - Bellunopress - Dolomiti\",\"isPartOf\":{\"@id\":\"https:\\\/\\\/www.bellunopress.it\\\/#website\"},\"primaryImageOfPage\":{\"@id\":\"https:\\\/\\\/www.bellunopress.it\\\/2026\\\/05\\\/09\\\/tornano-i-motori-in-alpago-al-via-il-6-trofeo-della-regolarita-classica\\\/#primaryimage\"},\"image\":{\"@id\":\"https:\\\/\\\/www.bellunopress.it\\\/2026\\\/05\\\/09\\\/tornano-i-motori-in-alpago-al-via-il-6-trofeo-della-regolarita-classica\\\/#primaryimage\"},\"thumbnailUrl\":\"https:\\\/\\\/www.bellunopress.it\\\/wp-content\\\/uploads\\\/2024\\\/09\\\/Trofeo-Alpago_edited.jpg\",\"datePublished\":\"2026-05-09T12:56:12+00:00\",\"breadcrumb\":{\"@id\":\"https:\\\/\\\/www.bellunopress.it\\\/2026\\\/05\\\/09\\\/tornano-i-motori-in-alpago-al-via-il-6-trofeo-della-regolarita-classica\\\/#breadcrumb\"},\"inLanguage\":\"fr-FR\",\"potentialAction\":[{\"@type\":\"ReadAction\",\"target\":[\"https:\\\/\\\/www.bellunopress.it\\\/2026\\\/05\\\/09\\\/tornano-i-motori-in-alpago-al-via-il-6-trofeo-della-regolarita-classica\\\/\"]}]},{\"@type\":\"ImageObject\",\"inLanguage\":\"fr-FR\",\"@id\":\"https:\\\/\\\/www.bellunopress.it\\\/2026\\\/05\\\/09\\\/tornano-i-motori-in-alpago-al-via-il-6-trofeo-della-regolarita-classica\\\/#primaryimage\",\"url\":\"https:\\\/\\\/www.bellunopress.it\\\/wp-content\\\/uploads\\\/2024\\\/09\\\/Trofeo-Alpago_edited.jpg\",\"contentUrl\":\"https:\\\/\\\/www.bellunopress.it\\\/wp-content\\\/uploads\\\/2024\\\/09\\\/Trofeo-Alpago_edited.jpg\",\"width\":804,\"height\":476,\"caption\":\"Trofeo Alpago Regolarit\u00e0 auto storiche e moderne 2024\"},{\"@type\":\"BreadcrumbList\",\"@id\":\"https:\\\/\\\/www.bellunopress.it\\\/2026\\\/05\\\/09\\\/tornano-i-motori-in-alpago-al-via-il-6-trofeo-della-regolarita-classica\\\/#breadcrumb\",\"itemListElement\":[{\"@type\":\"ListItem\",\"position\":1,\"name\":\"Home\",\"item\":\"https:\\\/\\\/www.bellunopress.it\\\/\"},{\"@type\":\"ListItem\",\"position\":2,\"name\":\"Tornano i motori in Alpago: al via il 6\u00b0 Trofeo della Regolarit\u00e0 Classica\"}]},{\"@type\":\"WebSite\",\"@id\":\"https:\\\/\\\/www.bellunopress.it\\\/#website\",\"url\":\"https:\\\/\\\/www.bellunopress.it\\\/\",\"name\":\"Bellunopress - Dolomiti\",\"description\":\"e-mail: redazione@bellunopress.it\",\"publisher\":{\"@id\":\"https:\\\/\\\/www.bellunopress.it\\\/#organization\"},\"potentialAction\":[{\"@type\":\"SearchAction\",\"target\":{\"@type\":\"EntryPoint\",\"urlTemplate\":\"https:\\\/\\\/www.bellunopress.it\\\/?s={search_term_string}\"},\"query-input\":{\"@type\":\"PropertyValueSpecification\",\"valueRequired\":true,\"valueName\":\"search_term_string\"}}],\"inLanguage\":\"fr-FR\"},{\"@type\":\"Organization\",\"@id\":\"https:\\\/\\\/www.bellunopress.it\\\/#organization\",\"name\":\"Bellunopress\",\"url\":\"https:\\\/\\\/www.bellunopress.it\\\/\",\"logo\":{\"@type\":\"ImageObject\",\"inLanguage\":\"fr-FR\",\"@id\":\"https:\\\/\\\/www.bellunopress.it\\\/#\\\/schema\\\/logo\\\/image\\\/\",\"url\":\"https:\\\/\\\/www.bellunopress.it\\\/wp-content\\\/uploads\\\/2011\\\/05\\\/cropped-logo-bellunopress-.jpg\",\"contentUrl\":\"https:\\\/\\\/www.bellunopress.it\\\/wp-content\\\/uploads\\\/2011\\\/05\\\/cropped-logo-bellunopress-.jpg\",\"width\":512,\"height\":512,\"caption\":\"Bellunopress\"},\"image\":{\"@id\":\"https:\\\/\\\/www.bellunopress.it\\\/#\\\/schema\\\/logo\\\/image\\\/\"},\"sameAs\":[\"https:\\\/\\\/www.facebook.com\\\/profile.php?id=100008943462799\",\"https:\\\/\\\/x.com\\\/bellunopress\",\"https:\\\/\\\/www.linkedin.com\\\/hp\\\/?dnr=JBzUWaJfMUw8vbXJJ2tVW5-I3jZKvC4wsoxE&amp;amp;amp;amp;amp;amp;trk=nav_responsive_tab_home\",\"https:\\\/\\\/www.youtube.com\\\/channel\\\/UCxL0wu1uN0_3_7hGG0306cw\"]},{\"@type\":\"Person\",\"@id\":\"https:\\\/\\\/www.bellunopress.it\\\/#\\\/schema\\\/person\\\/79bb06722b37ece1c03d3e94beb30d73\",\"name\":\"redazione\",\"image\":{\"@type\":\"ImageObject\",\"inLanguage\":\"fr-FR\",\"@id\":\"https:\\\/\\\/secure.gravatar.com\\\/avatar\\\/37d968a2e67a6fd04c169c4bdef102d0bc5d31b2546345219e348575eb80e9a0?s=96&d=mm&r=g\",\"url\":\"https:\\\/\\\/secure.gravatar.com\\\/avatar\\\/37d968a2e67a6fd04c169c4bdef102d0bc5d31b2546345219e348575eb80e9a0?s=96&d=mm&r=g\",\"contentUrl\":\"https:\\\/\\\/secure.gravatar.com\\\/avatar\\\/37d968a2e67a6fd04c169c4bdef102d0bc5d31b2546345219e348575eb80e9a0?s=96&d=mm&r=g\",\"caption\":\"redazione\"},\"sameAs\":[\"http:\\\/\\\/www.bellunopress.it\",\"https:\\\/\\\/x.com\\\/bellunopress\"],\"url\":\"https:\\\/\\\/www.bellunopress.it\\\/fr\\\/author\\\/redazione\\\/\"}]}<\/script>\n<!-- \/ Yoast SEO plugin. -->","yoast_head_json":{"title":"Tornano i motori in Alpago: al via il 6\u00b0 Trofeo della Regolarit\u00e0 Classica - Bellunopress - Dolomiti","robots":{"index":"index","follow":"follow","max-snippet":"max-snippet:-1","max-image-preview":"max-image-preview:large","max-video-preview":"max-video-preview:-1"},"canonical":"https:\/\/www.bellunopress.it\/fr\/2026\/05\/09\/tornano-i-motori-in-alpago-al-via-il-6-trofeo-della-regolarita-classica\/","og_locale":"fr_FR","og_type":"article","og_title":"Tornano i motori in Alpago: al via il 6\u00b0 Trofeo della Regolarit\u00e0 Classica - Bellunopress - Dolomiti","og_description":"Un omaggio alla memoria di Alex Zanardi tra i panorami del Cansiglio e il cuore di Belluno Belluno, 9 Maggio 2026 | Redazione Motori\u00a0 &#8211;\u00a0 L&#8217;attesa \u00e8 finita per gli appassionati di motorismo storico. Il prossimo 24 ottobre 2026, il territorio bellunese torner\u00e0 a essere il palcoscenico naturale del 6\u00b0 Trofeo Alpago, una manifestazione di [&hellip;]","og_url":"https:\/\/www.bellunopress.it\/fr\/2026\/05\/09\/tornano-i-motori-in-alpago-al-via-il-6-trofeo-della-regolarita-classica\/","og_site_name":"Bellunopress - Dolomiti","article_publisher":"https:\/\/www.facebook.com\/profile.php?id=100008943462799","article_published_time":"2026-05-09T12:56:12+00:00","og_image":[{"width":804,"height":476,"url":"https:\/\/www.bellunopress.it\/wp-content\/uploads\/2024\/09\/Trofeo-Alpago_edited.jpg","type":"image\/jpeg"}],"author":"redazione","twitter_card":"summary_large_image","twitter_creator":"@bellunopress","twitter_site":"@bellunopress","twitter_misc":{"Written by":"redazione","Est. reading time":"3 minutes"},"schema":{"@context":"https:\/\/schema.org","@graph":[{"@type":"Article","@id":"https:\/\/www.bellunopress.it\/2026\/05\/09\/tornano-i-motori-in-alpago-al-via-il-6-trofeo-della-regolarita-classica\/#article","isPartOf":{"@id":"https:\/\/www.bellunopress.it\/2026\/05\/09\/tornano-i-motori-in-alpago-al-via-il-6-trofeo-della-regolarita-classica\/"},"author":{"name":"redazione","@id":"https:\/\/www.bellunopress.it\/#\/schema\/person\/79bb06722b37ece1c03d3e94beb30d73"},"headline":"Tornano i motori in Alpago: al via il 6\u00b0 Trofeo della Regolarit\u00e0 Classica","datePublished":"2026-05-09T12:56:12+00:00","mainEntityOfPage":{"@id":"https:\/\/www.bellunopress.it\/2026\/05\/09\/tornano-i-motori-in-alpago-al-via-il-6-trofeo-della-regolarita-classica\/"},"wordCount":434,"publisher":{"@id":"https:\/\/www.bellunopress.it\/#organization"},"image":{"@id":"https:\/\/www.bellunopress.it\/2026\/05\/09\/tornano-i-motori-in-alpago-al-via-il-6-trofeo-della-regolarita-classica\/#primaryimage"},"thumbnailUrl":"https:\/\/www.bellunopress.it\/wp-content\/uploads\/2024\/09\/Trofeo-Alpago_edited.jpg","articleSection":["Prima Pagina","Sport, tempo libero"],"inLanguage":"fr-FR"},{"@type":"WebPage","@id":"https:\/\/www.bellunopress.it\/2026\/05\/09\/tornano-i-motori-in-alpago-al-via-il-6-trofeo-della-regolarita-classica\/","url":"https:\/\/www.bellunopress.it\/2026\/05\/09\/tornano-i-motori-in-alpago-al-via-il-6-trofeo-della-regolarita-classica\/","name":"Tornano i motori in Alpago: al via il 6\u00b0 Trofeo della Regolarit\u00e0 Classica - Bellunopress - Dolomiti","isPartOf":{"@id":"https:\/\/www.bellunopress.it\/#website"},"primaryImageOfPage":{"@id":"https:\/\/www.bellunopress.it\/2026\/05\/09\/tornano-i-motori-in-alpago-al-via-il-6-trofeo-della-regolarita-classica\/#primaryimage"},"image":{"@id":"https:\/\/www.bellunopress.it\/2026\/05\/09\/tornano-i-motori-in-alpago-al-via-il-6-trofeo-della-regolarita-classica\/#primaryimage"},"thumbnailUrl":"https:\/\/www.bellunopress.it\/wp-content\/uploads\/2024\/09\/Trofeo-Alpago_edited.jpg","datePublished":"2026-05-09T12:56:12+00:00","breadcrumb":{"@id":"https:\/\/www.bellunopress.it\/2026\/05\/09\/tornano-i-motori-in-alpago-al-via-il-6-trofeo-della-regolarita-classica\/#breadcrumb"},"inLanguage":"fr-FR","potentialAction":[{"@type":"ReadAction","target":["https:\/\/www.bellunopress.it\/2026\/05\/09\/tornano-i-motori-in-alpago-al-via-il-6-trofeo-della-regolarita-classica\/"]}]},{"@type":"ImageObject","inLanguage":"fr-FR","@id":"https:\/\/www.bellunopress.it\/2026\/05\/09\/tornano-i-motori-in-alpago-al-via-il-6-trofeo-della-regolarita-classica\/#primaryimage","url":"https:\/\/www.bellunopress.it\/wp-content\/uploads\/2024\/09\/Trofeo-Alpago_edited.jpg","contentUrl":"https:\/\/www.bellunopress.it\/wp-content\/uploads\/2024\/09\/Trofeo-Alpago_edited.jpg","width":804,"height":476,"caption":"Trofeo Alpago Regolarit\u00e0 auto storiche e moderne 2024"},{"@type":"BreadcrumbList","@id":"https:\/\/www.bellunopress.it\/2026\/05\/09\/tornano-i-motori-in-alpago-al-via-il-6-trofeo-della-regolarita-classica\/#breadcrumb","itemListElement":[{"@type":"ListItem","position":1,"name":"Home","item":"https:\/\/www.bellunopress.it\/"},{"@type":"ListItem","position":2,"name":"Tornano i motori in Alpago: al via il 6\u00b0 Trofeo della Regolarit\u00e0 Classica"}]},{"@type":"WebSite","@id":"https:\/\/www.bellunopress.it\/#website","url":"https:\/\/www.bellunopress.it\/","name":"Bellunopress - Dolomiti","description":"e-mail: redazione@bellunopress.it","publisher":{"@id":"https:\/\/www.bellunopress.it\/#organization"},"potentialAction":[{"@type":"SearchAction","target":{"@type":"EntryPoint","urlTemplate":"https:\/\/www.bellunopress.it\/?s={search_term_string}"},"query-input":{"@type":"PropertyValueSpecification","valueRequired":true,"valueName":"search_term_string"}}],"inLanguage":"fr-FR"},{"@type":"Organization","@id":"https:\/\/www.bellunopress.it\/#organization","name":"Bellunopress","url":"https:\/\/www.bellunopress.it\/","logo":{"@type":"ImageObject","inLanguage":"fr-FR","@id":"https:\/\/www.bellunopress.it\/#\/schema\/logo\/image\/","url":"https:\/\/www.bellunopress.it\/wp-content\/uploads\/2011\/05\/cropped-logo-bellunopress-.jpg","contentUrl":"https:\/\/www.bellunopress.it\/wp-content\/uploads\/2011\/05\/cropped-logo-bellunopress-.jpg","width":512,"height":512,"caption":"Bellunopress"},"image":{"@id":"https:\/\/www.bellunopress.it\/#\/schema\/logo\/image\/"},"sameAs":["https:\/\/www.facebook.com\/profile.php?id=100008943462799","https:\/\/x.com\/bellunopress","https:\/\/www.linkedin.com\/hp\/?dnr=JBzUWaJfMUw8vbXJJ2tVW5-I3jZKvC4wsoxE&amp;amp;amp;amp;amp;amp;trk=nav_responsive_tab_home","https:\/\/www.youtube.com\/channel\/UCxL0wu1uN0_3_7hGG0306cw"]},{"@type":"Person","@id":"https:\/\/www.bellunopress.it\/#\/schema\/person\/79bb06722b37ece1c03d3e94beb30d73","name":"r\u00e9daction","image":{"@type":"ImageObject","inLanguage":"fr-FR","@id":"https:\/\/secure.gravatar.com\/avatar\/37d968a2e67a6fd04c169c4bdef102d0bc5d31b2546345219e348575eb80e9a0?s=96&d=mm&r=g","url":"https:\/\/secure.gravatar.com\/avatar\/37d968a2e67a6fd04c169c4bdef102d0bc5d31b2546345219e348575eb80e9a0?s=96&d=mm&r=g","contentUrl":"https:\/\/secure.gravatar.com\/avatar\/37d968a2e67a6fd04c169c4bdef102d0bc5d31b2546345219e348575eb80e9a0?s=96&d=mm&r=g","caption":"redazione"},"sameAs":["http:\/\/www.bellunopress.it","https:\/\/x.com\/bellunopress"],"url":"https:\/\/www.bellunopress.it\/fr\/author\/redazione\/"}]}},"_links":{"self":[{"href":"https:\/\/www.bellunopress.it\/fr\/wp-json\/wp\/v2\/posts\/169947","targetHints":{"allow":["GET"]}}],"collection":[{"href":"https:\/\/www.bellunopress.it\/fr\/wp-json\/wp\/v2\/posts"}],"about":[{"href":"https:\/\/www.bellunopress.it\/fr\/wp-json\/wp\/v2\/types\/post"}],"author":[{"embeddable":true,"href":"https:\/\/www.bellunopress.it\/fr\/wp-json\/wp\/v2\/users\/2"}],"replies":[{"embeddable":true,"href":"https:\/\/www.bellunopress.it\/fr\/wp-json\/wp\/v2\/comments?post=169947"}],"version-history":[{"count":1,"href":"https:\/\/www.bellunopress.it\/fr\/wp-json\/wp\/v2\/posts\/169947\/revisions"}],"predecessor-version":[{"id":169948,"href":"https:\/\/www.bellunopress.it\/fr\/wp-json\/wp\/v2\/posts\/169947\/revisions\/169948"}],"wp:featuredmedia":[{"embeddable":true,"href":"https:\/\/www.bellunopress.it\/fr\/wp-json\/wp\/v2\/media\/154002"}],"wp:attachment":[{"href":"https:\/\/www.bellunopress.it\/fr\/wp-json\/wp\/v2\/media?parent=169947"}],"wp:term":[{"taxonomy":"category","embeddable":true,"href":"https:\/\/www.bellunopress.it\/fr\/wp-json\/wp\/v2\/categories?post=169947"},{"taxonomy":"post_tag","embeddable":true,"href":"https:\/\/www.bellunopress.it\/fr\/wp-json\/wp\/v2\/tags?post=169947"}],"curies":[{"name":"wp","href":"https:\/\/api.w.org\/{rel}","templated":true}]}}