{"id":169936,"date":"2026-05-09T09:47:55","date_gmt":"2026-05-09T07:47:55","guid":{"rendered":"https:\/\/www.bellunopress.it\/?p=169936"},"modified":"2026-05-09T09:47:55","modified_gmt":"2026-05-09T07:47:55","slug":"successo-dei-giovani-musicisti-della-scuola-media-di-sedico","status":"publish","type":"post","link":"https:\/\/www.bellunopress.it\/fr\/2026\/05\/09\/successo-dei-giovani-musicisti-della-scuola-media-di-sedico\/","title":{"rendered":"Successo dei giovani musicisti della scuola media di Sedico"},"content":{"rendered":"<p>Sedico, 09\/05\/2026 &#8211; Ottimi risultati per i pianisti Pietro Cima, Ilaria Caccaro, Marc Verdolini, Sefora Varriale e i due clarinettisti Samuele De Castro e Giorgia Del Prete, tutti iscritti all\u2019indirizzo musicale dell\u2019Istituto comprensivo di Sedico-Sospirolo.<\/p>\n<figure id=\"attachment_169937\" aria-describedby=\"caption-attachment-169937\" style=\"width: 471px\" class=\"wp-caption aligncenter\"><img loading=\"lazy\" decoding=\"async\" class=\"size-full wp-image-169937\" src=\"https:\/\/www.bellunopress.it\/wp-content\/uploads\/2026\/05\/Ilaria-Caccaro.jpeg\" alt=\"\" width=\"471\" height=\"500\" srcset=\"https:\/\/www.bellunopress.it\/wp-content\/uploads\/2026\/05\/Ilaria-Caccaro.jpeg 471w, https:\/\/www.bellunopress.it\/wp-content\/uploads\/2026\/05\/Ilaria-Caccaro-396x420.jpeg 396w, https:\/\/www.bellunopress.it\/wp-content\/uploads\/2026\/05\/Ilaria-Caccaro-150x159.jpeg 150w, https:\/\/www.bellunopress.it\/wp-content\/uploads\/2026\/05\/Ilaria-Caccaro-300x318.jpeg 300w\" sizes=\"auto, (max-width: 471px) 100vw, 471px\" \/><figcaption id=\"caption-attachment-169937\" class=\"wp-caption-text\">Ilaria Caccaro<\/figcaption><\/figure>\n<p>Cima e Caccaro si sono particolarmente distinti nel concorso internazionale Citt\u00e0 di Belluno, vincendo il primo premio assoluto rispettivamente con 100 punti su 100 e il primo premio con 97 su 100. Di pregio anche le menzioni di merito, corredate al diploma: per l\u2019accuratezza dell\u2019interpretazione, la differenziazione del suono in base al repertorio, l\u2019aderenza interpretativa. Insomma un gran successo che si coroner\u00e0 con la partecipazione dei due ragazzi al concerto dei vincitori il 9 maggio al Liceo \u201cRenier\u201d di Belluno.<\/p>\n<p>Al concorso Scuole in Musica di Verona, inoltre, Pietro Cima ha conseguito un altro primo posto e gli altri pianisti e clarinettisti lo hanno imitato (c\u2019\u00e8 stato anche un secondo posto) nelle diverse categorie (1^, 2^, 3^ media e musica d\u2019insieme).<\/p>\n<p>L\u2019anno non \u00e8 per\u00f2 ancora terminato. I ragazzi sedicensi parteciperanno a breve al concorso Il Tetracordo e poi, insieme a tutta l\u2019orchestra della locale scuola media, allo spettacolo finale il 5 giugno al Palaskating di Sedico.<\/p>\n<p>&nbsp;<\/p>","protected":false},"excerpt":{"rendered":"<p>Sedico, 09\/05\/2026 &#8211; Ottimi risultati per i pianisti Pietro Cima, Ilaria Caccaro, Marc Verdolini, Sefora Varriale e i due clarinettisti Samuele De Castro e Giorgia Del Prete, tutti iscritti all\u2019indirizzo musicale dell\u2019Istituto comprensivo di Sedico-Sospirolo. Cima e Caccaro si sono particolarmente distinti nel concorso internazionale Citt\u00e0 di Belluno, vincendo il primo premio assoluto rispettivamente con [&hellip;]<\/p>\n","protected":false},"author":2,"featured_media":169938,"comment_status":"closed","ping_status":"open","sticky":false,"template":"","format":"standard","meta":{"footnotes":""},"categories":[3,15],"tags":[],"class_list":["post-169936","post","type-post","status-publish","format-standard","has-post-thumbnail","category-arte-cultura-spettacoli-scienza-archivi","category-scuola"],"yoast_head":"<!-- This site is optimized with the Yoast SEO plugin v28.4 - https:\/\/yoast.com\/product\/yoast-seo-wordpress\/ -->\n<title>Successo dei giovani musicisti della scuola media di Sedico - Bellunopress - Dolomiti<\/title>\n<meta name=\"robots\" content=\"index, follow, max-snippet:-1, max-image-preview:large, max-video-preview:-1\" \/>\n<link rel=\"canonical\" href=\"https:\/\/www.bellunopress.it\/fr\/2026\/05\/09\/successo-dei-giovani-musicisti-della-scuola-media-di-sedico\/\" \/>\n<meta property=\"og:locale\" content=\"fr_FR\" \/>\n<meta property=\"og:type\" content=\"article\" \/>\n<meta property=\"og:title\" content=\"Successo dei giovani musicisti della scuola media di Sedico - Bellunopress - Dolomiti\" \/>\n<meta property=\"og:description\" content=\"Sedico, 09\/05\/2026 &#8211; Ottimi risultati per i pianisti Pietro Cima, Ilaria Caccaro, Marc Verdolini, Sefora Varriale e i due clarinettisti Samuele De Castro e Giorgia Del Prete, tutti iscritti all\u2019indirizzo musicale dell\u2019Istituto comprensivo di Sedico-Sospirolo. Cima e Caccaro si sono particolarmente distinti nel concorso internazionale Citt\u00e0 di Belluno, vincendo il primo premio assoluto rispettivamente con [&hellip;]\" \/>\n<meta property=\"og:url\" content=\"https:\/\/www.bellunopress.it\/fr\/2026\/05\/09\/successo-dei-giovani-musicisti-della-scuola-media-di-sedico\/\" \/>\n<meta property=\"og:site_name\" content=\"Bellunopress - Dolomiti\" \/>\n<meta property=\"article:publisher\" content=\"https:\/\/www.facebook.com\/profile.php?id=100008943462799\" \/>\n<meta property=\"article:published_time\" content=\"2026-05-09T07:47:55+00:00\" \/>\n<meta property=\"og:image\" content=\"https:\/\/www.bellunopress.it\/wp-content\/uploads\/2026\/05\/Pietro-Cima.jpeg\" \/>\n\t<meta property=\"og:image:width\" content=\"375\" \/>\n\t<meta property=\"og:image:height\" content=\"500\" \/>\n\t<meta property=\"og:image:type\" content=\"image\/jpeg\" \/>\n<meta name=\"author\" content=\"redazione\" \/>\n<meta name=\"twitter:card\" content=\"summary_large_image\" \/>\n<meta name=\"twitter:creator\" content=\"@bellunopress\" \/>\n<meta name=\"twitter:site\" content=\"@bellunopress\" \/>\n<meta name=\"twitter:label1\" content=\"\u00c9crit par\" \/>\n\t<meta name=\"twitter:data1\" content=\"redazione\" \/>\n\t<meta name=\"twitter:label2\" content=\"Dur\u00e9e de lecture estim\u00e9e\" \/>\n\t<meta name=\"twitter:data2\" content=\"2 minutes\" \/>\n<script type=\"application\/ld+json\" class=\"yoast-schema-graph\">{\"@context\":\"https:\\\/\\\/schema.org\",\"@graph\":[{\"@type\":\"Article\",\"@id\":\"https:\\\/\\\/www.bellunopress.it\\\/2026\\\/05\\\/09\\\/successo-dei-giovani-musicisti-della-scuola-media-di-sedico\\\/#article\",\"isPartOf\":{\"@id\":\"https:\\\/\\\/www.bellunopress.it\\\/2026\\\/05\\\/09\\\/successo-dei-giovani-musicisti-della-scuola-media-di-sedico\\\/\"},\"author\":{\"name\":\"redazione\",\"@id\":\"https:\\\/\\\/www.bellunopress.it\\\/#\\\/schema\\\/person\\\/79bb06722b37ece1c03d3e94beb30d73\"},\"headline\":\"Successo dei giovani musicisti della scuola media di Sedico\",\"datePublished\":\"2026-05-09T07:47:55+00:00\",\"mainEntityOfPage\":{\"@id\":\"https:\\\/\\\/www.bellunopress.it\\\/2026\\\/05\\\/09\\\/successo-dei-giovani-musicisti-della-scuola-media-di-sedico\\\/\"},\"wordCount\":208,\"publisher\":{\"@id\":\"https:\\\/\\\/www.bellunopress.it\\\/#organization\"},\"image\":{\"@id\":\"https:\\\/\\\/www.bellunopress.it\\\/2026\\\/05\\\/09\\\/successo-dei-giovani-musicisti-della-scuola-media-di-sedico\\\/#primaryimage\"},\"thumbnailUrl\":\"https:\\\/\\\/www.bellunopress.it\\\/wp-content\\\/uploads\\\/2026\\\/05\\\/Pietro-Cima.jpeg\",\"articleSection\":[\"Arte, Cultura, Spettacoli, Scienza\",\"Scuola\"],\"inLanguage\":\"fr-FR\"},{\"@type\":\"WebPage\",\"@id\":\"https:\\\/\\\/www.bellunopress.it\\\/2026\\\/05\\\/09\\\/successo-dei-giovani-musicisti-della-scuola-media-di-sedico\\\/\",\"url\":\"https:\\\/\\\/www.bellunopress.it\\\/2026\\\/05\\\/09\\\/successo-dei-giovani-musicisti-della-scuola-media-di-sedico\\\/\",\"name\":\"Successo dei giovani musicisti della scuola media di Sedico - Bellunopress - Dolomiti\",\"isPartOf\":{\"@id\":\"https:\\\/\\\/www.bellunopress.it\\\/#website\"},\"primaryImageOfPage\":{\"@id\":\"https:\\\/\\\/www.bellunopress.it\\\/2026\\\/05\\\/09\\\/successo-dei-giovani-musicisti-della-scuola-media-di-sedico\\\/#primaryimage\"},\"image\":{\"@id\":\"https:\\\/\\\/www.bellunopress.it\\\/2026\\\/05\\\/09\\\/successo-dei-giovani-musicisti-della-scuola-media-di-sedico\\\/#primaryimage\"},\"thumbnailUrl\":\"https:\\\/\\\/www.bellunopress.it\\\/wp-content\\\/uploads\\\/2026\\\/05\\\/Pietro-Cima.jpeg\",\"datePublished\":\"2026-05-09T07:47:55+00:00\",\"breadcrumb\":{\"@id\":\"https:\\\/\\\/www.bellunopress.it\\\/2026\\\/05\\\/09\\\/successo-dei-giovani-musicisti-della-scuola-media-di-sedico\\\/#breadcrumb\"},\"inLanguage\":\"fr-FR\",\"potentialAction\":[{\"@type\":\"ReadAction\",\"target\":[\"https:\\\/\\\/www.bellunopress.it\\\/2026\\\/05\\\/09\\\/successo-dei-giovani-musicisti-della-scuola-media-di-sedico\\\/\"]}]},{\"@type\":\"ImageObject\",\"inLanguage\":\"fr-FR\",\"@id\":\"https:\\\/\\\/www.bellunopress.it\\\/2026\\\/05\\\/09\\\/successo-dei-giovani-musicisti-della-scuola-media-di-sedico\\\/#primaryimage\",\"url\":\"https:\\\/\\\/www.bellunopress.it\\\/wp-content\\\/uploads\\\/2026\\\/05\\\/Pietro-Cima.jpeg\",\"contentUrl\":\"https:\\\/\\\/www.bellunopress.it\\\/wp-content\\\/uploads\\\/2026\\\/05\\\/Pietro-Cima.jpeg\",\"width\":375,\"height\":500,\"caption\":\"Pietro Cima\"},{\"@type\":\"BreadcrumbList\",\"@id\":\"https:\\\/\\\/www.bellunopress.it\\\/2026\\\/05\\\/09\\\/successo-dei-giovani-musicisti-della-scuola-media-di-sedico\\\/#breadcrumb\",\"itemListElement\":[{\"@type\":\"ListItem\",\"position\":1,\"name\":\"Home\",\"item\":\"https:\\\/\\\/www.bellunopress.it\\\/\"},{\"@type\":\"ListItem\",\"position\":2,\"name\":\"Successo dei giovani musicisti della scuola media di Sedico\"}]},{\"@type\":\"WebSite\",\"@id\":\"https:\\\/\\\/www.bellunopress.it\\\/#website\",\"url\":\"https:\\\/\\\/www.bellunopress.it\\\/\",\"name\":\"Bellunopress - Dolomiti\",\"description\":\"e-mail: redazione@bellunopress.it\",\"publisher\":{\"@id\":\"https:\\\/\\\/www.bellunopress.it\\\/#organization\"},\"potentialAction\":[{\"@type\":\"SearchAction\",\"target\":{\"@type\":\"EntryPoint\",\"urlTemplate\":\"https:\\\/\\\/www.bellunopress.it\\\/?s={search_term_string}\"},\"query-input\":{\"@type\":\"PropertyValueSpecification\",\"valueRequired\":true,\"valueName\":\"search_term_string\"}}],\"inLanguage\":\"fr-FR\"},{\"@type\":\"Organization\",\"@id\":\"https:\\\/\\\/www.bellunopress.it\\\/#organization\",\"name\":\"Bellunopress\",\"url\":\"https:\\\/\\\/www.bellunopress.it\\\/\",\"logo\":{\"@type\":\"ImageObject\",\"inLanguage\":\"fr-FR\",\"@id\":\"https:\\\/\\\/www.bellunopress.it\\\/#\\\/schema\\\/logo\\\/image\\\/\",\"url\":\"https:\\\/\\\/www.bellunopress.it\\\/wp-content\\\/uploads\\\/2011\\\/05\\\/cropped-logo-bellunopress-.jpg\",\"contentUrl\":\"https:\\\/\\\/www.bellunopress.it\\\/wp-content\\\/uploads\\\/2011\\\/05\\\/cropped-logo-bellunopress-.jpg\",\"width\":512,\"height\":512,\"caption\":\"Bellunopress\"},\"image\":{\"@id\":\"https:\\\/\\\/www.bellunopress.it\\\/#\\\/schema\\\/logo\\\/image\\\/\"},\"sameAs\":[\"https:\\\/\\\/www.facebook.com\\\/profile.php?id=100008943462799\",\"https:\\\/\\\/x.com\\\/bellunopress\",\"https:\\\/\\\/www.linkedin.com\\\/hp\\\/?dnr=JBzUWaJfMUw8vbXJJ2tVW5-I3jZKvC4wsoxE&amp;amp;amp;amp;amp;amp;trk=nav_responsive_tab_home\",\"https:\\\/\\\/www.youtube.com\\\/channel\\\/UCxL0wu1uN0_3_7hGG0306cw\"]},{\"@type\":\"Person\",\"@id\":\"https:\\\/\\\/www.bellunopress.it\\\/#\\\/schema\\\/person\\\/79bb06722b37ece1c03d3e94beb30d73\",\"name\":\"redazione\",\"image\":{\"@type\":\"ImageObject\",\"inLanguage\":\"fr-FR\",\"@id\":\"https:\\\/\\\/secure.gravatar.com\\\/avatar\\\/37d968a2e67a6fd04c169c4bdef102d0bc5d31b2546345219e348575eb80e9a0?s=96&d=mm&r=g\",\"url\":\"https:\\\/\\\/secure.gravatar.com\\\/avatar\\\/37d968a2e67a6fd04c169c4bdef102d0bc5d31b2546345219e348575eb80e9a0?s=96&d=mm&r=g\",\"contentUrl\":\"https:\\\/\\\/secure.gravatar.com\\\/avatar\\\/37d968a2e67a6fd04c169c4bdef102d0bc5d31b2546345219e348575eb80e9a0?s=96&d=mm&r=g\",\"caption\":\"redazione\"},\"sameAs\":[\"http:\\\/\\\/www.bellunopress.it\",\"https:\\\/\\\/x.com\\\/bellunopress\"],\"url\":\"https:\\\/\\\/www.bellunopress.it\\\/fr\\\/author\\\/redazione\\\/\"}]}<\/script>\n<!-- \/ Yoast SEO plugin. -->","yoast_head_json":{"title":"Successo dei giovani musicisti della scuola media di Sedico - Bellunopress - Dolomiti","robots":{"index":"index","follow":"follow","max-snippet":"max-snippet:-1","max-image-preview":"max-image-preview:large","max-video-preview":"max-video-preview:-1"},"canonical":"https:\/\/www.bellunopress.it\/fr\/2026\/05\/09\/successo-dei-giovani-musicisti-della-scuola-media-di-sedico\/","og_locale":"fr_FR","og_type":"article","og_title":"Successo dei giovani musicisti della scuola media di Sedico - Bellunopress - Dolomiti","og_description":"Sedico, 09\/05\/2026 &#8211; Ottimi risultati per i pianisti Pietro Cima, Ilaria Caccaro, Marc Verdolini, Sefora Varriale e i due clarinettisti Samuele De Castro e Giorgia Del Prete, tutti iscritti all\u2019indirizzo musicale dell\u2019Istituto comprensivo di Sedico-Sospirolo. Cima e Caccaro si sono particolarmente distinti nel concorso internazionale Citt\u00e0 di Belluno, vincendo il primo premio assoluto rispettivamente con [&hellip;]","og_url":"https:\/\/www.bellunopress.it\/fr\/2026\/05\/09\/successo-dei-giovani-musicisti-della-scuola-media-di-sedico\/","og_site_name":"Bellunopress - Dolomiti","article_publisher":"https:\/\/www.facebook.com\/profile.php?id=100008943462799","article_published_time":"2026-05-09T07:47:55+00:00","og_image":[{"width":375,"height":500,"url":"https:\/\/www.bellunopress.it\/wp-content\/uploads\/2026\/05\/Pietro-Cima.jpeg","type":"image\/jpeg"}],"author":"redazione","twitter_card":"summary_large_image","twitter_creator":"@bellunopress","twitter_site":"@bellunopress","twitter_misc":{"\u00c9crit par":"redazione","Dur\u00e9e de lecture estim\u00e9e":"2 minutes"},"schema":{"@context":"https:\/\/schema.org","@graph":[{"@type":"Article","@id":"https:\/\/www.bellunopress.it\/2026\/05\/09\/successo-dei-giovani-musicisti-della-scuola-media-di-sedico\/#article","isPartOf":{"@id":"https:\/\/www.bellunopress.it\/2026\/05\/09\/successo-dei-giovani-musicisti-della-scuola-media-di-sedico\/"},"author":{"name":"redazione","@id":"https:\/\/www.bellunopress.it\/#\/schema\/person\/79bb06722b37ece1c03d3e94beb30d73"},"headline":"Successo dei giovani musicisti della scuola media di Sedico","datePublished":"2026-05-09T07:47:55+00:00","mainEntityOfPage":{"@id":"https:\/\/www.bellunopress.it\/2026\/05\/09\/successo-dei-giovani-musicisti-della-scuola-media-di-sedico\/"},"wordCount":208,"publisher":{"@id":"https:\/\/www.bellunopress.it\/#organization"},"image":{"@id":"https:\/\/www.bellunopress.it\/2026\/05\/09\/successo-dei-giovani-musicisti-della-scuola-media-di-sedico\/#primaryimage"},"thumbnailUrl":"https:\/\/www.bellunopress.it\/wp-content\/uploads\/2026\/05\/Pietro-Cima.jpeg","articleSection":["Arte, Cultura, Spettacoli, Scienza","Scuola"],"inLanguage":"fr-FR"},{"@type":"WebPage","@id":"https:\/\/www.bellunopress.it\/2026\/05\/09\/successo-dei-giovani-musicisti-della-scuola-media-di-sedico\/","url":"https:\/\/www.bellunopress.it\/2026\/05\/09\/successo-dei-giovani-musicisti-della-scuola-media-di-sedico\/","name":"Successo dei giovani musicisti della scuola media di Sedico - Bellunopress - Dolomiti","isPartOf":{"@id":"https:\/\/www.bellunopress.it\/#website"},"primaryImageOfPage":{"@id":"https:\/\/www.bellunopress.it\/2026\/05\/09\/successo-dei-giovani-musicisti-della-scuola-media-di-sedico\/#primaryimage"},"image":{"@id":"https:\/\/www.bellunopress.it\/2026\/05\/09\/successo-dei-giovani-musicisti-della-scuola-media-di-sedico\/#primaryimage"},"thumbnailUrl":"https:\/\/www.bellunopress.it\/wp-content\/uploads\/2026\/05\/Pietro-Cima.jpeg","datePublished":"2026-05-09T07:47:55+00:00","breadcrumb":{"@id":"https:\/\/www.bellunopress.it\/2026\/05\/09\/successo-dei-giovani-musicisti-della-scuola-media-di-sedico\/#breadcrumb"},"inLanguage":"fr-FR","potentialAction":[{"@type":"ReadAction","target":["https:\/\/www.bellunopress.it\/2026\/05\/09\/successo-dei-giovani-musicisti-della-scuola-media-di-sedico\/"]}]},{"@type":"ImageObject","inLanguage":"fr-FR","@id":"https:\/\/www.bellunopress.it\/2026\/05\/09\/successo-dei-giovani-musicisti-della-scuola-media-di-sedico\/#primaryimage","url":"https:\/\/www.bellunopress.it\/wp-content\/uploads\/2026\/05\/Pietro-Cima.jpeg","contentUrl":"https:\/\/www.bellunopress.it\/wp-content\/uploads\/2026\/05\/Pietro-Cima.jpeg","width":375,"height":500,"caption":"Pietro Cima"},{"@type":"BreadcrumbList","@id":"https:\/\/www.bellunopress.it\/2026\/05\/09\/successo-dei-giovani-musicisti-della-scuola-media-di-sedico\/#breadcrumb","itemListElement":[{"@type":"ListItem","position":1,"name":"Home","item":"https:\/\/www.bellunopress.it\/"},{"@type":"ListItem","position":2,"name":"Successo dei giovani musicisti della scuola media di Sedico"}]},{"@type":"WebSite","@id":"https:\/\/www.bellunopress.it\/#website","url":"https:\/\/www.bellunopress.it\/","name":"Bellunopress - Dolomiti","description":"e-mail: redazione@bellunopress.it","publisher":{"@id":"https:\/\/www.bellunopress.it\/#organization"},"potentialAction":[{"@type":"SearchAction","target":{"@type":"EntryPoint","urlTemplate":"https:\/\/www.bellunopress.it\/?s={search_term_string}"},"query-input":{"@type":"PropertyValueSpecification","valueRequired":true,"valueName":"search_term_string"}}],"inLanguage":"fr-FR"},{"@type":"Organization","@id":"https:\/\/www.bellunopress.it\/#organization","name":"Bellunopress","url":"https:\/\/www.bellunopress.it\/","logo":{"@type":"ImageObject","inLanguage":"fr-FR","@id":"https:\/\/www.bellunopress.it\/#\/schema\/logo\/image\/","url":"https:\/\/www.bellunopress.it\/wp-content\/uploads\/2011\/05\/cropped-logo-bellunopress-.jpg","contentUrl":"https:\/\/www.bellunopress.it\/wp-content\/uploads\/2011\/05\/cropped-logo-bellunopress-.jpg","width":512,"height":512,"caption":"Bellunopress"},"image":{"@id":"https:\/\/www.bellunopress.it\/#\/schema\/logo\/image\/"},"sameAs":["https:\/\/www.facebook.com\/profile.php?id=100008943462799","https:\/\/x.com\/bellunopress","https:\/\/www.linkedin.com\/hp\/?dnr=JBzUWaJfMUw8vbXJJ2tVW5-I3jZKvC4wsoxE&amp;amp;amp;amp;amp;amp;trk=nav_responsive_tab_home","https:\/\/www.youtube.com\/channel\/UCxL0wu1uN0_3_7hGG0306cw"]},{"@type":"Person","@id":"https:\/\/www.bellunopress.it\/#\/schema\/person\/79bb06722b37ece1c03d3e94beb30d73","name":"r\u00e9daction","image":{"@type":"ImageObject","inLanguage":"fr-FR","@id":"https:\/\/secure.gravatar.com\/avatar\/37d968a2e67a6fd04c169c4bdef102d0bc5d31b2546345219e348575eb80e9a0?s=96&d=mm&r=g","url":"https:\/\/secure.gravatar.com\/avatar\/37d968a2e67a6fd04c169c4bdef102d0bc5d31b2546345219e348575eb80e9a0?s=96&d=mm&r=g","contentUrl":"https:\/\/secure.gravatar.com\/avatar\/37d968a2e67a6fd04c169c4bdef102d0bc5d31b2546345219e348575eb80e9a0?s=96&d=mm&r=g","caption":"redazione"},"sameAs":["http:\/\/www.bellunopress.it","https:\/\/x.com\/bellunopress"],"url":"https:\/\/www.bellunopress.it\/fr\/author\/redazione\/"}]}},"_links":{"self":[{"href":"https:\/\/www.bellunopress.it\/fr\/wp-json\/wp\/v2\/posts\/169936","targetHints":{"allow":["GET"]}}],"collection":[{"href":"https:\/\/www.bellunopress.it\/fr\/wp-json\/wp\/v2\/posts"}],"about":[{"href":"https:\/\/www.bellunopress.it\/fr\/wp-json\/wp\/v2\/types\/post"}],"author":[{"embeddable":true,"href":"https:\/\/www.bellunopress.it\/fr\/wp-json\/wp\/v2\/users\/2"}],"replies":[{"embeddable":true,"href":"https:\/\/www.bellunopress.it\/fr\/wp-json\/wp\/v2\/comments?post=169936"}],"version-history":[{"count":1,"href":"https:\/\/www.bellunopress.it\/fr\/wp-json\/wp\/v2\/posts\/169936\/revisions"}],"predecessor-version":[{"id":169939,"href":"https:\/\/www.bellunopress.it\/fr\/wp-json\/wp\/v2\/posts\/169936\/revisions\/169939"}],"wp:featuredmedia":[{"embeddable":true,"href":"https:\/\/www.bellunopress.it\/fr\/wp-json\/wp\/v2\/media\/169938"}],"wp:attachment":[{"href":"https:\/\/www.bellunopress.it\/fr\/wp-json\/wp\/v2\/media?parent=169936"}],"wp:term":[{"taxonomy":"category","embeddable":true,"href":"https:\/\/www.bellunopress.it\/fr\/wp-json\/wp\/v2\/categories?post=169936"},{"taxonomy":"post_tag","embeddable":true,"href":"https:\/\/www.bellunopress.it\/fr\/wp-json\/wp\/v2\/tags?post=169936"}],"curies":[{"name":"wp","href":"https:\/\/api.w.org\/{rel}","templated":true}]}}