{"id":169906,"date":"2026-05-08T13:28:01","date_gmt":"2026-05-08T11:28:01","guid":{"rendered":"https:\/\/www.bellunopress.it\/?p=169906"},"modified":"2026-05-08T13:28:01","modified_gmt":"2026-05-08T11:28:01","slug":"sabato-sera-lo-spettacolo-di-marco-paolini-al-teatro-comunale-di-belluno","status":"publish","type":"post","link":"https:\/\/www.bellunopress.it\/fr\/2026\/05\/08\/sabato-sera-lo-spettacolo-di-marco-paolini-al-teatro-comunale-di-belluno\/","title":{"rendered":"Sabato sera lo spettacolo di Marco Paolini al Teatro comunale di Belluno"},"content":{"rendered":"<p>Arriva a Belluno uno degli appuntamenti pi\u00f9 attesi: il 9 maggio 2026 alle ore 21.00 Marco Paolini presenta Bestiario Idrico al Teatro Comunale Dino Buzzati.<\/p>\n<p>Quarta tappa di Belluno Miraggi IX, si distingue come uno degli eventi di maggiore rilievo, anche grazie al legame storico e artistico che unisce Marco Paolini alla citt\u00e0 di Belluno.<br \/>\nNegli ultimi anni, il dialogo artistico di SlowMachine con Marco Paolini si \u00e8 consolidato attraverso importanti collaborazioni nei percorsi laboratoriali e territoriali, come Atlante delle Rive, fino alla recente esperienza di Fiumi Scomparsi, con la regia di Rajeev Badhan. L\u2019arrivo di Bestiario Idrico a Miraggi segna cos\u00ec un passaggio naturale e significativo all\u2019interno di un progetto che mira a rafforzare la consapevolezza del territorio.<br \/>\nLo spettacolo indaga il ruolo, spesso invisibile, delle opere idrauliche che nei secoli hanno modellato il paesaggio italiano: fiumi, canali, bonifiche e reti d\u2019acqua diventano protagonisti di un racconto che attraversa storia, ambiente e societ\u00e0. Ne emerge un affresco che evidenzia come la gestione delle risorse idriche abbia influenzato profondamente la vita agricola, urbana e collettiva.<br \/>\nIn un\u2019epoca segnata dal cambiamento climatico, Bestiario Idrico assume un valore ancora pi\u00f9 attuale, portando in scena il tema strategico dei bacini idrografici e dell\u2019equilibrio degli ecosistemi.<br \/>\nAttraverso storie umane e naturali, lo spettacolo racconta conflitti, alleanze e trasformazioni che hanno contribuito a definire il territorio.<br \/>\nLe opere idrauliche tendono a diventare invisibili, a confondersi con l&#8217;ambiente che le contiene.<br \/>\nSuccede agli argini di terra battuta, alle golene, ma anche alle stazioni di pompaggio, ai canali, ai serbatoi e perfino alle dighe.<br \/>\nIl paesaggio italiano diventa agricolo per stratificazioni di insediamenti durati secoli. Anche citta e paesi si insediano (e si spostano\u2026) per secoli. Le industrie solo da poco piu di un secolo. Le opere idrauliche accompagnano ognuno di questi passaggi; non solo gli acquedotti dai romani in poi, ma le deviazioni e le arginature a volte imponenti, le opere di bonifica, i serbatoi idroelettrici, le reti di smaltimento. Il paesaggio italiano e artificio ma la rete delle opere idrauliche sfugge alla nostra<br \/>\npercezione.<br \/>\nUn ponte e opera viaria o idraulica? Il wc o il rubinetto sono pezzi di edilizia civile o terminali di opere idrauliche? Quanto sarebbe diverso il paesaggio agricolo senza la circolazione di acqua di irrigazione e senza canali e pompe di smaltimento degli eccessi di pioggia?<br \/>\nNiente di tutto quello che vediamo \u00e8 definitivo. Il cambiamento climatico impone di prendere in considerazione radicali cambiamenti del paesaggio che ci e familiare: potremo subirli o deciderli. I fiumi in Italia sono piu di 6.000 molti di piu i corsi d&#8217;acqua che non hanno diritto a un nome, ma fanno parte dei bacini idrografici. L&#8217;Europa conta 110 bacini idrografici l&#8217;Italia ne ha 7. Ciascuno contiene centinaia di corsi d&#8217;acqua piu o meno importanti, ma ugualmente strategici, assieme<br \/>\nall\u2019acqua delle falde sotterranee, nel bilancio idrico nazionale.<br \/>\nBestiario idrico parla di fiumi e bestie d&#8217;ogni genere, narra storie di vita biologica e sociale legate ai fiumi. Narra dei conflitti e dei contratti che intorno all&#8217;acqua dei fiumi hanno dato forma a quel paesaggio che oggi riconosciamo come il nostro. Rende visibile il legame stretto tra le forme di governo dell&#8217;acqua e la qualita della vita sulle rive, non solo di una specie ma dell&#8217;intero ecosistema.<br \/>\nBestiario idrico e realizzato anche con il sostegno di Estate Teatrale Veronese \u2013 Comune di Verona e si inserisce nel progetto Atlante delle Rive dedicato alle acque, che Marco Paolini ha ideato per La Fabbrica del Mondo.\u00a0www.atlantedellerive.it<\/p>\n<p>Bestiario idrico, uno spettacolo di Marco Paolini scritto con Giulio Boccaletti, collaborazione alla drammaturgia Marta Dalla Via, Diego Dalla Via, Michela Signori con Marco Paolini e con Giuseppina Casarin, regia Fratelli Dalla Via, assistenza alla regia Teresa Vila, cura delle musiche Giuseppina Casarin, elementi scenici Mirko Artuso. direzione tecnica e fonica Piero Chinello. disegno luci e scene Michele Mescalchin luci Nicola Munerati, assistenza tecnica Citta Invisibile. grafica e foto di scena Gianluca Moretto<br \/>\nprodotto da Michela Signori. coproduzione Jolefilm e Teatro Stabile del Veneto \u2013 Teatro Nazionale<\/p>\n<p>INFORMAZIONI AL PUBBLICO<br \/>\nBiglietteria online su vivaticket<br \/>\nhttps:\/\/www.vivaticket.com\/it\/tour\/belluno-miraggi-ix\/3289<br \/>\nBiglietteria fisica<br \/>\nVia del Piave 4, Belluno<br \/>\nbiglietteria@slowmachine.org<br \/>\n3290898743<br \/>\n\u2022 Marted\u00ec Mercoled\u00ec e Venerd\u00ec 10.00 \u2013 13.00 previo appuntamento<br \/>\nGiorno dello spettacolo<br \/>\n\u2022 10.00 \u2013 13.00 presso lo Studio (Via del Piave 4)<br \/>\n\u2022 dalle 18.30 al botteghino del teatro<br \/>\nPrezzi<br \/>\nPlatea e Galleria Centrale: \u20ac 45,00<br \/>\nGalleria Laterale: \u20ac 40,00<br \/>\nPer la Stagione Belluno Miraggi \u00e8 possibile usufruire della Carta Cultura Giovani e della Carta del Docente scrivendo a biglietteria@slowmachine.org<\/p>","protected":false},"excerpt":{"rendered":"<p>Arriva a Belluno uno degli appuntamenti pi\u00f9 attesi: il 9 maggio 2026 alle ore 21.00 Marco Paolini presenta Bestiario Idrico al Teatro Comunale Dino Buzzati. Quarta tappa di Belluno Miraggi IX, si distingue come uno degli eventi di maggiore rilievo, anche grazie al legame storico e artistico che unisce Marco Paolini alla citt\u00e0 di Belluno. [&hellip;]<\/p>\n","protected":false},"author":2,"featured_media":169907,"comment_status":"closed","ping_status":"open","sticky":false,"template":"","format":"standard","meta":{"footnotes":""},"categories":[27,3,25],"tags":[],"class_list":["post-169906","post","type-post","status-publish","format-standard","has-post-thumbnail","category-appuntamenti","category-arte-cultura-spettacoli-scienza-archivi","category-pausa-caffe"],"yoast_head":"<!-- This site is optimized with the Yoast SEO plugin v28.4 - https:\/\/yoast.com\/product\/yoast-seo-wordpress\/ -->\n<title>Sabato sera lo spettacolo di Marco Paolini al Teatro comunale di Belluno - Bellunopress - Dolomiti<\/title>\n<meta name=\"robots\" content=\"index, follow, max-snippet:-1, max-image-preview:large, max-video-preview:-1\" \/>\n<link rel=\"canonical\" href=\"https:\/\/www.bellunopress.it\/fr\/2026\/05\/08\/sabato-sera-lo-spettacolo-di-marco-paolini-al-teatro-comunale-di-belluno\/\" \/>\n<meta property=\"og:locale\" content=\"fr_FR\" \/>\n<meta property=\"og:type\" content=\"article\" \/>\n<meta property=\"og:title\" content=\"Sabato sera lo spettacolo di Marco Paolini al Teatro comunale di Belluno - Bellunopress - Dolomiti\" \/>\n<meta property=\"og:description\" content=\"Arriva a Belluno uno degli appuntamenti pi\u00f9 attesi: il 9 maggio 2026 alle ore 21.00 Marco Paolini presenta Bestiario Idrico al Teatro Comunale Dino Buzzati. Quarta tappa di Belluno Miraggi IX, si distingue come uno degli eventi di maggiore rilievo, anche grazie al legame storico e artistico che unisce Marco Paolini alla citt\u00e0 di Belluno. [&hellip;]\" \/>\n<meta property=\"og:url\" content=\"https:\/\/www.bellunopress.it\/fr\/2026\/05\/08\/sabato-sera-lo-spettacolo-di-marco-paolini-al-teatro-comunale-di-belluno\/\" \/>\n<meta property=\"og:site_name\" content=\"Bellunopress - Dolomiti\" \/>\n<meta property=\"article:publisher\" content=\"https:\/\/www.facebook.com\/profile.php?id=100008943462799\" \/>\n<meta property=\"article:published_time\" content=\"2026-05-08T11:28:01+00:00\" \/>\n<meta property=\"og:image\" content=\"https:\/\/www.bellunopress.it\/wp-content\/uploads\/2026\/05\/bestiario-idrico-Marco-paolini-ft-Gianluca-Moretto.jpg\" \/>\n\t<meta property=\"og:image:width\" content=\"500\" \/>\n\t<meta property=\"og:image:height\" content=\"333\" \/>\n\t<meta property=\"og:image:type\" content=\"image\/jpeg\" \/>\n<meta name=\"author\" content=\"redazione\" \/>\n<meta name=\"twitter:card\" content=\"summary_large_image\" \/>\n<meta name=\"twitter:creator\" content=\"@bellunopress\" \/>\n<meta name=\"twitter:site\" content=\"@bellunopress\" \/>\n<meta name=\"twitter:label1\" content=\"\u00c9crit par\" \/>\n\t<meta name=\"twitter:data1\" content=\"redazione\" \/>\n\t<meta name=\"twitter:label2\" content=\"Dur\u00e9e de lecture estim\u00e9e\" \/>\n\t<meta name=\"twitter:data2\" content=\"5 minutes\" \/>\n<script type=\"application\/ld+json\" class=\"yoast-schema-graph\">{\"@context\":\"https:\\\/\\\/schema.org\",\"@graph\":[{\"@type\":\"Article\",\"@id\":\"https:\\\/\\\/www.bellunopress.it\\\/2026\\\/05\\\/08\\\/sabato-sera-lo-spettacolo-di-marco-paolini-al-teatro-comunale-di-belluno\\\/#article\",\"isPartOf\":{\"@id\":\"https:\\\/\\\/www.bellunopress.it\\\/2026\\\/05\\\/08\\\/sabato-sera-lo-spettacolo-di-marco-paolini-al-teatro-comunale-di-belluno\\\/\"},\"author\":{\"name\":\"redazione\",\"@id\":\"https:\\\/\\\/www.bellunopress.it\\\/#\\\/schema\\\/person\\\/79bb06722b37ece1c03d3e94beb30d73\"},\"headline\":\"Sabato sera lo spettacolo di Marco Paolini al Teatro comunale di Belluno\",\"datePublished\":\"2026-05-08T11:28:01+00:00\",\"mainEntityOfPage\":{\"@id\":\"https:\\\/\\\/www.bellunopress.it\\\/2026\\\/05\\\/08\\\/sabato-sera-lo-spettacolo-di-marco-paolini-al-teatro-comunale-di-belluno\\\/\"},\"wordCount\":754,\"publisher\":{\"@id\":\"https:\\\/\\\/www.bellunopress.it\\\/#organization\"},\"image\":{\"@id\":\"https:\\\/\\\/www.bellunopress.it\\\/2026\\\/05\\\/08\\\/sabato-sera-lo-spettacolo-di-marco-paolini-al-teatro-comunale-di-belluno\\\/#primaryimage\"},\"thumbnailUrl\":\"https:\\\/\\\/www.bellunopress.it\\\/wp-content\\\/uploads\\\/2026\\\/05\\\/bestiario-idrico-Marco-paolini-ft-Gianluca-Moretto.jpg\",\"articleSection\":[\"Appuntamenti, Eventi\",\"Arte, Cultura, Spettacoli, Scienza\",\"Pausa Caff\u00e8\"],\"inLanguage\":\"fr-FR\"},{\"@type\":\"WebPage\",\"@id\":\"https:\\\/\\\/www.bellunopress.it\\\/2026\\\/05\\\/08\\\/sabato-sera-lo-spettacolo-di-marco-paolini-al-teatro-comunale-di-belluno\\\/\",\"url\":\"https:\\\/\\\/www.bellunopress.it\\\/2026\\\/05\\\/08\\\/sabato-sera-lo-spettacolo-di-marco-paolini-al-teatro-comunale-di-belluno\\\/\",\"name\":\"Sabato sera lo spettacolo di Marco Paolini al Teatro comunale di Belluno - Bellunopress - Dolomiti\",\"isPartOf\":{\"@id\":\"https:\\\/\\\/www.bellunopress.it\\\/#website\"},\"primaryImageOfPage\":{\"@id\":\"https:\\\/\\\/www.bellunopress.it\\\/2026\\\/05\\\/08\\\/sabato-sera-lo-spettacolo-di-marco-paolini-al-teatro-comunale-di-belluno\\\/#primaryimage\"},\"image\":{\"@id\":\"https:\\\/\\\/www.bellunopress.it\\\/2026\\\/05\\\/08\\\/sabato-sera-lo-spettacolo-di-marco-paolini-al-teatro-comunale-di-belluno\\\/#primaryimage\"},\"thumbnailUrl\":\"https:\\\/\\\/www.bellunopress.it\\\/wp-content\\\/uploads\\\/2026\\\/05\\\/bestiario-idrico-Marco-paolini-ft-Gianluca-Moretto.jpg\",\"datePublished\":\"2026-05-08T11:28:01+00:00\",\"breadcrumb\":{\"@id\":\"https:\\\/\\\/www.bellunopress.it\\\/2026\\\/05\\\/08\\\/sabato-sera-lo-spettacolo-di-marco-paolini-al-teatro-comunale-di-belluno\\\/#breadcrumb\"},\"inLanguage\":\"fr-FR\",\"potentialAction\":[{\"@type\":\"ReadAction\",\"target\":[\"https:\\\/\\\/www.bellunopress.it\\\/2026\\\/05\\\/08\\\/sabato-sera-lo-spettacolo-di-marco-paolini-al-teatro-comunale-di-belluno\\\/\"]}]},{\"@type\":\"ImageObject\",\"inLanguage\":\"fr-FR\",\"@id\":\"https:\\\/\\\/www.bellunopress.it\\\/2026\\\/05\\\/08\\\/sabato-sera-lo-spettacolo-di-marco-paolini-al-teatro-comunale-di-belluno\\\/#primaryimage\",\"url\":\"https:\\\/\\\/www.bellunopress.it\\\/wp-content\\\/uploads\\\/2026\\\/05\\\/bestiario-idrico-Marco-paolini-ft-Gianluca-Moretto.jpg\",\"contentUrl\":\"https:\\\/\\\/www.bellunopress.it\\\/wp-content\\\/uploads\\\/2026\\\/05\\\/bestiario-idrico-Marco-paolini-ft-Gianluca-Moretto.jpg\",\"width\":500,\"height\":333},{\"@type\":\"BreadcrumbList\",\"@id\":\"https:\\\/\\\/www.bellunopress.it\\\/2026\\\/05\\\/08\\\/sabato-sera-lo-spettacolo-di-marco-paolini-al-teatro-comunale-di-belluno\\\/#breadcrumb\",\"itemListElement\":[{\"@type\":\"ListItem\",\"position\":1,\"name\":\"Home\",\"item\":\"https:\\\/\\\/www.bellunopress.it\\\/\"},{\"@type\":\"ListItem\",\"position\":2,\"name\":\"Sabato sera lo spettacolo di Marco Paolini al Teatro comunale di Belluno\"}]},{\"@type\":\"WebSite\",\"@id\":\"https:\\\/\\\/www.bellunopress.it\\\/#website\",\"url\":\"https:\\\/\\\/www.bellunopress.it\\\/\",\"name\":\"Bellunopress - Dolomiti\",\"description\":\"e-mail: redazione@bellunopress.it\",\"publisher\":{\"@id\":\"https:\\\/\\\/www.bellunopress.it\\\/#organization\"},\"potentialAction\":[{\"@type\":\"SearchAction\",\"target\":{\"@type\":\"EntryPoint\",\"urlTemplate\":\"https:\\\/\\\/www.bellunopress.it\\\/?s={search_term_string}\"},\"query-input\":{\"@type\":\"PropertyValueSpecification\",\"valueRequired\":true,\"valueName\":\"search_term_string\"}}],\"inLanguage\":\"fr-FR\"},{\"@type\":\"Organization\",\"@id\":\"https:\\\/\\\/www.bellunopress.it\\\/#organization\",\"name\":\"Bellunopress\",\"url\":\"https:\\\/\\\/www.bellunopress.it\\\/\",\"logo\":{\"@type\":\"ImageObject\",\"inLanguage\":\"fr-FR\",\"@id\":\"https:\\\/\\\/www.bellunopress.it\\\/#\\\/schema\\\/logo\\\/image\\\/\",\"url\":\"https:\\\/\\\/www.bellunopress.it\\\/wp-content\\\/uploads\\\/2011\\\/05\\\/cropped-logo-bellunopress-.jpg\",\"contentUrl\":\"https:\\\/\\\/www.bellunopress.it\\\/wp-content\\\/uploads\\\/2011\\\/05\\\/cropped-logo-bellunopress-.jpg\",\"width\":512,\"height\":512,\"caption\":\"Bellunopress\"},\"image\":{\"@id\":\"https:\\\/\\\/www.bellunopress.it\\\/#\\\/schema\\\/logo\\\/image\\\/\"},\"sameAs\":[\"https:\\\/\\\/www.facebook.com\\\/profile.php?id=100008943462799\",\"https:\\\/\\\/x.com\\\/bellunopress\",\"https:\\\/\\\/www.linkedin.com\\\/hp\\\/?dnr=JBzUWaJfMUw8vbXJJ2tVW5-I3jZKvC4wsoxE&amp;amp;amp;amp;amp;amp;trk=nav_responsive_tab_home\",\"https:\\\/\\\/www.youtube.com\\\/channel\\\/UCxL0wu1uN0_3_7hGG0306cw\"]},{\"@type\":\"Person\",\"@id\":\"https:\\\/\\\/www.bellunopress.it\\\/#\\\/schema\\\/person\\\/79bb06722b37ece1c03d3e94beb30d73\",\"name\":\"redazione\",\"image\":{\"@type\":\"ImageObject\",\"inLanguage\":\"fr-FR\",\"@id\":\"https:\\\/\\\/secure.gravatar.com\\\/avatar\\\/37d968a2e67a6fd04c169c4bdef102d0bc5d31b2546345219e348575eb80e9a0?s=96&d=mm&r=g\",\"url\":\"https:\\\/\\\/secure.gravatar.com\\\/avatar\\\/37d968a2e67a6fd04c169c4bdef102d0bc5d31b2546345219e348575eb80e9a0?s=96&d=mm&r=g\",\"contentUrl\":\"https:\\\/\\\/secure.gravatar.com\\\/avatar\\\/37d968a2e67a6fd04c169c4bdef102d0bc5d31b2546345219e348575eb80e9a0?s=96&d=mm&r=g\",\"caption\":\"redazione\"},\"sameAs\":[\"http:\\\/\\\/www.bellunopress.it\",\"https:\\\/\\\/x.com\\\/bellunopress\"],\"url\":\"https:\\\/\\\/www.bellunopress.it\\\/fr\\\/author\\\/redazione\\\/\"}]}<\/script>\n<!-- \/ Yoast SEO plugin. -->","yoast_head_json":{"title":"Sabato sera lo spettacolo di Marco Paolini al Teatro comunale di Belluno - Bellunopress - Dolomiti","robots":{"index":"index","follow":"follow","max-snippet":"max-snippet:-1","max-image-preview":"max-image-preview:large","max-video-preview":"max-video-preview:-1"},"canonical":"https:\/\/www.bellunopress.it\/fr\/2026\/05\/08\/sabato-sera-lo-spettacolo-di-marco-paolini-al-teatro-comunale-di-belluno\/","og_locale":"fr_FR","og_type":"article","og_title":"Sabato sera lo spettacolo di Marco Paolini al Teatro comunale di Belluno - Bellunopress - Dolomiti","og_description":"Arriva a Belluno uno degli appuntamenti pi\u00f9 attesi: il 9 maggio 2026 alle ore 21.00 Marco Paolini presenta Bestiario Idrico al Teatro Comunale Dino Buzzati. Quarta tappa di Belluno Miraggi IX, si distingue come uno degli eventi di maggiore rilievo, anche grazie al legame storico e artistico che unisce Marco Paolini alla citt\u00e0 di Belluno. [&hellip;]","og_url":"https:\/\/www.bellunopress.it\/fr\/2026\/05\/08\/sabato-sera-lo-spettacolo-di-marco-paolini-al-teatro-comunale-di-belluno\/","og_site_name":"Bellunopress - Dolomiti","article_publisher":"https:\/\/www.facebook.com\/profile.php?id=100008943462799","article_published_time":"2026-05-08T11:28:01+00:00","og_image":[{"width":500,"height":333,"url":"https:\/\/www.bellunopress.it\/wp-content\/uploads\/2026\/05\/bestiario-idrico-Marco-paolini-ft-Gianluca-Moretto.jpg","type":"image\/jpeg"}],"author":"redazione","twitter_card":"summary_large_image","twitter_creator":"@bellunopress","twitter_site":"@bellunopress","twitter_misc":{"\u00c9crit par":"redazione","Dur\u00e9e de lecture estim\u00e9e":"5 minutes"},"schema":{"@context":"https:\/\/schema.org","@graph":[{"@type":"Article","@id":"https:\/\/www.bellunopress.it\/2026\/05\/08\/sabato-sera-lo-spettacolo-di-marco-paolini-al-teatro-comunale-di-belluno\/#article","isPartOf":{"@id":"https:\/\/www.bellunopress.it\/2026\/05\/08\/sabato-sera-lo-spettacolo-di-marco-paolini-al-teatro-comunale-di-belluno\/"},"author":{"name":"redazione","@id":"https:\/\/www.bellunopress.it\/#\/schema\/person\/79bb06722b37ece1c03d3e94beb30d73"},"headline":"Sabato sera lo spettacolo di Marco Paolini al Teatro comunale di Belluno","datePublished":"2026-05-08T11:28:01+00:00","mainEntityOfPage":{"@id":"https:\/\/www.bellunopress.it\/2026\/05\/08\/sabato-sera-lo-spettacolo-di-marco-paolini-al-teatro-comunale-di-belluno\/"},"wordCount":754,"publisher":{"@id":"https:\/\/www.bellunopress.it\/#organization"},"image":{"@id":"https:\/\/www.bellunopress.it\/2026\/05\/08\/sabato-sera-lo-spettacolo-di-marco-paolini-al-teatro-comunale-di-belluno\/#primaryimage"},"thumbnailUrl":"https:\/\/www.bellunopress.it\/wp-content\/uploads\/2026\/05\/bestiario-idrico-Marco-paolini-ft-Gianluca-Moretto.jpg","articleSection":["Appuntamenti, Eventi","Arte, Cultura, Spettacoli, Scienza","Pausa Caff\u00e8"],"inLanguage":"fr-FR"},{"@type":"WebPage","@id":"https:\/\/www.bellunopress.it\/2026\/05\/08\/sabato-sera-lo-spettacolo-di-marco-paolini-al-teatro-comunale-di-belluno\/","url":"https:\/\/www.bellunopress.it\/2026\/05\/08\/sabato-sera-lo-spettacolo-di-marco-paolini-al-teatro-comunale-di-belluno\/","name":"Sabato sera lo spettacolo di Marco Paolini al Teatro comunale di Belluno - Bellunopress - Dolomiti","isPartOf":{"@id":"https:\/\/www.bellunopress.it\/#website"},"primaryImageOfPage":{"@id":"https:\/\/www.bellunopress.it\/2026\/05\/08\/sabato-sera-lo-spettacolo-di-marco-paolini-al-teatro-comunale-di-belluno\/#primaryimage"},"image":{"@id":"https:\/\/www.bellunopress.it\/2026\/05\/08\/sabato-sera-lo-spettacolo-di-marco-paolini-al-teatro-comunale-di-belluno\/#primaryimage"},"thumbnailUrl":"https:\/\/www.bellunopress.it\/wp-content\/uploads\/2026\/05\/bestiario-idrico-Marco-paolini-ft-Gianluca-Moretto.jpg","datePublished":"2026-05-08T11:28:01+00:00","breadcrumb":{"@id":"https:\/\/www.bellunopress.it\/2026\/05\/08\/sabato-sera-lo-spettacolo-di-marco-paolini-al-teatro-comunale-di-belluno\/#breadcrumb"},"inLanguage":"fr-FR","potentialAction":[{"@type":"ReadAction","target":["https:\/\/www.bellunopress.it\/2026\/05\/08\/sabato-sera-lo-spettacolo-di-marco-paolini-al-teatro-comunale-di-belluno\/"]}]},{"@type":"ImageObject","inLanguage":"fr-FR","@id":"https:\/\/www.bellunopress.it\/2026\/05\/08\/sabato-sera-lo-spettacolo-di-marco-paolini-al-teatro-comunale-di-belluno\/#primaryimage","url":"https:\/\/www.bellunopress.it\/wp-content\/uploads\/2026\/05\/bestiario-idrico-Marco-paolini-ft-Gianluca-Moretto.jpg","contentUrl":"https:\/\/www.bellunopress.it\/wp-content\/uploads\/2026\/05\/bestiario-idrico-Marco-paolini-ft-Gianluca-Moretto.jpg","width":500,"height":333},{"@type":"BreadcrumbList","@id":"https:\/\/www.bellunopress.it\/2026\/05\/08\/sabato-sera-lo-spettacolo-di-marco-paolini-al-teatro-comunale-di-belluno\/#breadcrumb","itemListElement":[{"@type":"ListItem","position":1,"name":"Home","item":"https:\/\/www.bellunopress.it\/"},{"@type":"ListItem","position":2,"name":"Sabato sera lo spettacolo di Marco Paolini al Teatro comunale di Belluno"}]},{"@type":"WebSite","@id":"https:\/\/www.bellunopress.it\/#website","url":"https:\/\/www.bellunopress.it\/","name":"Bellunopress - Dolomiti","description":"e-mail: redazione@bellunopress.it","publisher":{"@id":"https:\/\/www.bellunopress.it\/#organization"},"potentialAction":[{"@type":"SearchAction","target":{"@type":"EntryPoint","urlTemplate":"https:\/\/www.bellunopress.it\/?s={search_term_string}"},"query-input":{"@type":"PropertyValueSpecification","valueRequired":true,"valueName":"search_term_string"}}],"inLanguage":"fr-FR"},{"@type":"Organization","@id":"https:\/\/www.bellunopress.it\/#organization","name":"Bellunopress","url":"https:\/\/www.bellunopress.it\/","logo":{"@type":"ImageObject","inLanguage":"fr-FR","@id":"https:\/\/www.bellunopress.it\/#\/schema\/logo\/image\/","url":"https:\/\/www.bellunopress.it\/wp-content\/uploads\/2011\/05\/cropped-logo-bellunopress-.jpg","contentUrl":"https:\/\/www.bellunopress.it\/wp-content\/uploads\/2011\/05\/cropped-logo-bellunopress-.jpg","width":512,"height":512,"caption":"Bellunopress"},"image":{"@id":"https:\/\/www.bellunopress.it\/#\/schema\/logo\/image\/"},"sameAs":["https:\/\/www.facebook.com\/profile.php?id=100008943462799","https:\/\/x.com\/bellunopress","https:\/\/www.linkedin.com\/hp\/?dnr=JBzUWaJfMUw8vbXJJ2tVW5-I3jZKvC4wsoxE&amp;amp;amp;amp;amp;amp;trk=nav_responsive_tab_home","https:\/\/www.youtube.com\/channel\/UCxL0wu1uN0_3_7hGG0306cw"]},{"@type":"Person","@id":"https:\/\/www.bellunopress.it\/#\/schema\/person\/79bb06722b37ece1c03d3e94beb30d73","name":"r\u00e9daction","image":{"@type":"ImageObject","inLanguage":"fr-FR","@id":"https:\/\/secure.gravatar.com\/avatar\/37d968a2e67a6fd04c169c4bdef102d0bc5d31b2546345219e348575eb80e9a0?s=96&d=mm&r=g","url":"https:\/\/secure.gravatar.com\/avatar\/37d968a2e67a6fd04c169c4bdef102d0bc5d31b2546345219e348575eb80e9a0?s=96&d=mm&r=g","contentUrl":"https:\/\/secure.gravatar.com\/avatar\/37d968a2e67a6fd04c169c4bdef102d0bc5d31b2546345219e348575eb80e9a0?s=96&d=mm&r=g","caption":"redazione"},"sameAs":["http:\/\/www.bellunopress.it","https:\/\/x.com\/bellunopress"],"url":"https:\/\/www.bellunopress.it\/fr\/author\/redazione\/"}]}},"_links":{"self":[{"href":"https:\/\/www.bellunopress.it\/fr\/wp-json\/wp\/v2\/posts\/169906","targetHints":{"allow":["GET"]}}],"collection":[{"href":"https:\/\/www.bellunopress.it\/fr\/wp-json\/wp\/v2\/posts"}],"about":[{"href":"https:\/\/www.bellunopress.it\/fr\/wp-json\/wp\/v2\/types\/post"}],"author":[{"embeddable":true,"href":"https:\/\/www.bellunopress.it\/fr\/wp-json\/wp\/v2\/users\/2"}],"replies":[{"embeddable":true,"href":"https:\/\/www.bellunopress.it\/fr\/wp-json\/wp\/v2\/comments?post=169906"}],"version-history":[{"count":1,"href":"https:\/\/www.bellunopress.it\/fr\/wp-json\/wp\/v2\/posts\/169906\/revisions"}],"predecessor-version":[{"id":169908,"href":"https:\/\/www.bellunopress.it\/fr\/wp-json\/wp\/v2\/posts\/169906\/revisions\/169908"}],"wp:featuredmedia":[{"embeddable":true,"href":"https:\/\/www.bellunopress.it\/fr\/wp-json\/wp\/v2\/media\/169907"}],"wp:attachment":[{"href":"https:\/\/www.bellunopress.it\/fr\/wp-json\/wp\/v2\/media?parent=169906"}],"wp:term":[{"taxonomy":"category","embeddable":true,"href":"https:\/\/www.bellunopress.it\/fr\/wp-json\/wp\/v2\/categories?post=169906"},{"taxonomy":"post_tag","embeddable":true,"href":"https:\/\/www.bellunopress.it\/fr\/wp-json\/wp\/v2\/tags?post=169906"}],"curies":[{"name":"wp","href":"https:\/\/api.w.org\/{rel}","templated":true}]}}