{"id":169901,"date":"2026-05-08T09:23:33","date_gmt":"2026-05-08T07:23:33","guid":{"rendered":"https:\/\/www.bellunopress.it\/?p=169901"},"modified":"2026-05-14T22:35:03","modified_gmt":"2026-05-14T20:35:03","slug":"piana-del-cansiglio-marco-paolini-torna-in-campo-con-stravedo-il-nuovo-teatro-campestre-sullacqua-e-lagricoltura","status":"publish","type":"post","link":"https:\/\/www.bellunopress.it\/fr\/2026\/05\/08\/piana-del-cansiglio-marco-paolini-torna-in-campo-con-stravedo-il-nuovo-teatro-campestre-sullacqua-e-lagricoltura\/","title":{"rendered":"Piana del Cansiglio. Marco Paolini torna in campo con StraVedo, il nuovo teatro campestre sull&#8217;acqua e l&#8217;agricoltura"},"content":{"rendered":"<h2>Rinviata al 30 maggio a causa delle previsioni meteo avverse: luogo e orari restano invariati.<\/h2>\n<p>&nbsp;<\/p>\n<p><strong>Marco Paolini, Andrea Pennacchi e i Fratelli Dalla Via portano StraVedo nel paesaggio agricolo veneto: una giornata tra agricoltori, scienziati e artisti per guardare l&#8217;acqua che non si vede<\/strong><\/p>\n<p><strong>Marco Paolini torna in campo. Il 16 maggio porta StraVedo nella Piana del Cansiglio e il 19 settembre alla Chiusa di Ceraino sull&#8217;Adige: due giornate di teatro campestre in cui agricoltori, allevatori, scienziati e artisti si confrontano sul futuro del paesaggio veneto e dell&#8217;acqua che lo attraversa.<\/strong><\/p>\n<p>\u00abStraVedo &#8211; spiega Marco Paolini &#8211; \u00e8 uno sguardo lungo. Cerca di mettere il tempo dentro gli occhi. Tutti noi siamo un po&#8217; conservatori, tendiamo ad avere negli occhi la memoria del paesaggio che incontriamo quando nasciamo, ci siamo affezionati a quell&#8217;immagine e per questo facciamo fatica a percepire il movimento dello sfondo nel quale ci muoviamo. Percepiamo i cambiamenti delle montagne, dei fiumi, del clima, solo quando c&#8217;\u00e8 un trauma, qualcosa che si muove in modo brusco che possiamo segnare con una data. In realt\u00e0 il nostro paesaggio non \u00e8 mai fermo. Lo StraVedo serve a misurare il tempo breve e il tempo lungo insieme, \u00e8 un modo di raccontare il cambiamento di quello che ci sta intorno, come se fosse un personaggio\u00bb.<\/p>\n<p>StraVedo ibrida mondi che raramente si incontrano: quello della scienza, quello dell&#8217;esperienza sul campo e quello del teatro. \u00c8 una giornata nel paesaggio in cui agricoltori, allevatori e ricercatori portano la loro conoscenza diretta del territorio, mentre artisti come Marco Paolini, Andrea Pennacchi e i Fratelli Dalla Via ascoltano, elaborano e restituiscono, con gli strumenti del teatro, ci\u00f2 che la sola scienza non riesce a trasmettere. Non uno spettacolo, non un convegno: una forma nuova che Paolini e i collaboratori de La Fabbrica del Mondo hanno messo a punto dopo l&#8217;esperienza di Mar de Molada, il teatro campestre lungo il Piave che nel 2024 ha radunato ottomila spettatori in quattro date.<\/p>\n<p>La prima data, dal titolo \u00abIl richiamo dell&#8217;agro-foresta\u00bb, si svolger\u00e0 il 16 maggio nella Piana del Cansiglio, nel bellunese. Al centro della giornata c&#8217;\u00e8 una domanda concreta: come si coltiva l&#8217;acqua? Non quella dei fiumi, ma quella che resta, o non resta pi\u00f9, nei terreni, nell&#8217;humus, nel paesaggio agricolo. Un paesaggio che si \u00e8 trasformato profondamente negli ultimi decenni, perdendo con la semplificazione colturale la capacit\u00e0 di trattenere l&#8217;acqua e la fertilit\u00e0 del suolo. StraVedo prova a raccontare questo cambiamento partendo dalle esperienze di chi quel paesaggio lo abita e lo lavora ogni giorno.<\/p>\n<p>La mattina il pubblico si divide in tre percorsi nel paesaggio del Cansiglio e va ad ascoltare gli agricoltori sul loro terreno, a confronto con scienziati, esperti e giornalisti. Sei agricoltori e allevatori veneti &#8211; Marcello Martini, Alessandro Badio, Carla Past\u00f2, Matia Marchesi, Francesco Da Schio, Andrea Fasolo &#8211; raccontano la loro relazione con l&#8217;acqua a confronto con il naturalista Daniele Zovi, il fisico e direttore del Centro Euro-Mediterraneo sui Cambiamenti Climatici Giulio Boccaletti e il faunista Fabio Dartora. Nel pomeriggio ci si ritrova tutti: la sintesi critica dei giornalisti, le incursioni degli artisti, il teatro che prende la materia della giornata e la trasforma.<\/p>\n<p>Con Paolini ci sono Andrea Pennacchi e i Fratelli Dalla Via. Ascoltano insieme al pubblico le storie della mattina e poi le trasformano. \u00c8 quello che sa fare il teatro, quando funziona: prendere le parole di un allevatore o di un agronomo e restituirle in una forma che arriva dove i dati non arrivano. A tenere i fili del pomeriggio \u00e8 Massimo Cirri, storica voce di Caterpillar su Radio Due, insieme ai giornalisti Sergio Frigo, Francesca Boccaletto e Silvia Lazzaris.<\/p>\n<p>La giornata \u00e8 realizzata in collaborazione con Veneto Agricoltura e Regione del Veneto.<\/p>\n<p>L&#8217;ingresso \u00e8 gratuito con prenotazione obbligatoria sul sito www.fabbricadelmondo.org.<\/p>\n<p>&nbsp;<\/p>\n<p>Il 19 settembre StraVedo torna, ma cambia forma e luogo. Sar\u00e0 alla Chiusa di Ceraino a Dolc\u00e8, nel veronese, sul bordo dell&#8217;Adige, con protagonisti e modalit\u00e0 diverse.<\/p>\n<p>StraVedo fa parte di Atlante delle Rive, progetto triennale di Marco Paolini e La Fabbrica del Mondo che d\u00e0 voce alle storie dei fiumi italiani per ridare consapevolezza della geografia fisica del Paese e della gestione della risorsa idrica attraverso il teatro, gli incontri e la cittadinanza. Il progetto mobilita un cast eterogeneo &#8211; teatranti, ricercatori, scienziati, giornalisti, tecnici ed esperti &#8211; nella convinzione che solo una molteplicit\u00e0 di sguardi possa valorizzare uso e riuso delle acque e restituire la complessit\u00e0 del mondo dell&#8217;acqua in Italia.<\/p>\n<p>&nbsp;<\/p>","protected":false},"excerpt":{"rendered":"<p>Rinviata al 30 maggio a causa delle previsioni meteo avverse: luogo e orari restano invariati. &nbsp; Marco Paolini, Andrea Pennacchi e i Fratelli Dalla Via portano StraVedo nel paesaggio agricolo veneto: una giornata tra agricoltori, scienziati e artisti per guardare l&#8217;acqua che non si vede Marco Paolini torna in campo. Il 16 maggio porta StraVedo [&hellip;]<\/p>\n","protected":false},"author":2,"featured_media":169902,"comment_status":"closed","ping_status":"open","sticky":false,"template":"","format":"standard","meta":{"footnotes":""},"categories":[27,3,25],"tags":[],"class_list":["post-169901","post","type-post","status-publish","format-standard","has-post-thumbnail","category-appuntamenti","category-arte-cultura-spettacoli-scienza-archivi","category-pausa-caffe"],"yoast_head":"<!-- This site is optimized with the Yoast SEO plugin v28.4 - https:\/\/yoast.com\/product\/yoast-seo-wordpress\/ -->\n<title>Piana del Cansiglio. Marco Paolini torna in campo con StraVedo, il nuovo teatro campestre sull&#039;acqua e l&#039;agricoltura - Bellunopress - Dolomiti<\/title>\n<meta name=\"robots\" content=\"index, follow, max-snippet:-1, max-image-preview:large, max-video-preview:-1\" \/>\n<link rel=\"canonical\" href=\"https:\/\/www.bellunopress.it\/fr\/2026\/05\/08\/piana-del-cansiglio-marco-paolini-torna-in-campo-con-stravedo-il-nuovo-teatro-campestre-sullacqua-e-lagricoltura\/\" \/>\n<meta property=\"og:locale\" content=\"fr_FR\" \/>\n<meta property=\"og:type\" content=\"article\" \/>\n<meta property=\"og:title\" content=\"Piana del Cansiglio. Marco Paolini torna in campo con StraVedo, il nuovo teatro campestre sull&#039;acqua e l&#039;agricoltura - Bellunopress - Dolomiti\" \/>\n<meta property=\"og:description\" content=\"Rinviata al 30 maggio a causa delle previsioni meteo avverse: luogo e orari restano invariati. &nbsp; Marco Paolini, Andrea Pennacchi e i Fratelli Dalla Via portano StraVedo nel paesaggio agricolo veneto: una giornata tra agricoltori, scienziati e artisti per guardare l&#8217;acqua che non si vede Marco Paolini torna in campo. Il 16 maggio porta StraVedo [&hellip;]\" \/>\n<meta property=\"og:url\" content=\"https:\/\/www.bellunopress.it\/fr\/2026\/05\/08\/piana-del-cansiglio-marco-paolini-torna-in-campo-con-stravedo-il-nuovo-teatro-campestre-sullacqua-e-lagricoltura\/\" \/>\n<meta property=\"og:site_name\" content=\"Bellunopress - Dolomiti\" \/>\n<meta property=\"article:publisher\" content=\"https:\/\/www.facebook.com\/profile.php?id=100008943462799\" \/>\n<meta property=\"article:published_time\" content=\"2026-05-08T07:23:33+00:00\" \/>\n<meta property=\"article:modified_time\" content=\"2026-05-14T20:35:03+00:00\" \/>\n<meta property=\"og:image\" content=\"https:\/\/www.bellunopress.it\/wp-content\/uploads\/2026\/05\/Marco-Paolini-ph.-Gianluca-Moretto.jpeg\" \/>\n\t<meta property=\"og:image:width\" content=\"500\" \/>\n\t<meta property=\"og:image:height\" content=\"333\" \/>\n\t<meta property=\"og:image:type\" content=\"image\/jpeg\" \/>\n<meta name=\"author\" content=\"redazione\" \/>\n<meta name=\"twitter:card\" content=\"summary_large_image\" \/>\n<meta name=\"twitter:creator\" content=\"@bellunopress\" \/>\n<meta name=\"twitter:site\" content=\"@bellunopress\" \/>\n<meta name=\"twitter:label1\" content=\"\u00c9crit par\" \/>\n\t<meta name=\"twitter:data1\" content=\"redazione\" \/>\n\t<meta name=\"twitter:label2\" content=\"Dur\u00e9e de lecture estim\u00e9e\" \/>\n\t<meta name=\"twitter:data2\" content=\"5 minutes\" \/>\n<script type=\"application\/ld+json\" class=\"yoast-schema-graph\">{\"@context\":\"https:\\\/\\\/schema.org\",\"@graph\":[{\"@type\":\"Article\",\"@id\":\"https:\\\/\\\/www.bellunopress.it\\\/2026\\\/05\\\/08\\\/piana-del-cansiglio-marco-paolini-torna-in-campo-con-stravedo-il-nuovo-teatro-campestre-sullacqua-e-lagricoltura\\\/#article\",\"isPartOf\":{\"@id\":\"https:\\\/\\\/www.bellunopress.it\\\/2026\\\/05\\\/08\\\/piana-del-cansiglio-marco-paolini-torna-in-campo-con-stravedo-il-nuovo-teatro-campestre-sullacqua-e-lagricoltura\\\/\"},\"author\":{\"name\":\"redazione\",\"@id\":\"https:\\\/\\\/www.bellunopress.it\\\/#\\\/schema\\\/person\\\/79bb06722b37ece1c03d3e94beb30d73\"},\"headline\":\"Piana del Cansiglio. Marco Paolini torna in campo con StraVedo, il nuovo teatro campestre sull&#8217;acqua e l&#8217;agricoltura\",\"datePublished\":\"2026-05-08T07:23:33+00:00\",\"dateModified\":\"2026-05-14T20:35:03+00:00\",\"mainEntityOfPage\":{\"@id\":\"https:\\\/\\\/www.bellunopress.it\\\/2026\\\/05\\\/08\\\/piana-del-cansiglio-marco-paolini-torna-in-campo-con-stravedo-il-nuovo-teatro-campestre-sullacqua-e-lagricoltura\\\/\"},\"wordCount\":763,\"publisher\":{\"@id\":\"https:\\\/\\\/www.bellunopress.it\\\/#organization\"},\"image\":{\"@id\":\"https:\\\/\\\/www.bellunopress.it\\\/2026\\\/05\\\/08\\\/piana-del-cansiglio-marco-paolini-torna-in-campo-con-stravedo-il-nuovo-teatro-campestre-sullacqua-e-lagricoltura\\\/#primaryimage\"},\"thumbnailUrl\":\"https:\\\/\\\/www.bellunopress.it\\\/wp-content\\\/uploads\\\/2026\\\/05\\\/Marco-Paolini-ph.-Gianluca-Moretto.jpeg\",\"articleSection\":[\"Appuntamenti, Eventi\",\"Arte, Cultura, Spettacoli, Scienza\",\"Pausa Caff\u00e8\"],\"inLanguage\":\"fr-FR\"},{\"@type\":\"WebPage\",\"@id\":\"https:\\\/\\\/www.bellunopress.it\\\/2026\\\/05\\\/08\\\/piana-del-cansiglio-marco-paolini-torna-in-campo-con-stravedo-il-nuovo-teatro-campestre-sullacqua-e-lagricoltura\\\/\",\"url\":\"https:\\\/\\\/www.bellunopress.it\\\/2026\\\/05\\\/08\\\/piana-del-cansiglio-marco-paolini-torna-in-campo-con-stravedo-il-nuovo-teatro-campestre-sullacqua-e-lagricoltura\\\/\",\"name\":\"Piana del Cansiglio. Marco Paolini torna in campo con StraVedo, il nuovo teatro campestre sull'acqua e l'agricoltura - Bellunopress - Dolomiti\",\"isPartOf\":{\"@id\":\"https:\\\/\\\/www.bellunopress.it\\\/#website\"},\"primaryImageOfPage\":{\"@id\":\"https:\\\/\\\/www.bellunopress.it\\\/2026\\\/05\\\/08\\\/piana-del-cansiglio-marco-paolini-torna-in-campo-con-stravedo-il-nuovo-teatro-campestre-sullacqua-e-lagricoltura\\\/#primaryimage\"},\"image\":{\"@id\":\"https:\\\/\\\/www.bellunopress.it\\\/2026\\\/05\\\/08\\\/piana-del-cansiglio-marco-paolini-torna-in-campo-con-stravedo-il-nuovo-teatro-campestre-sullacqua-e-lagricoltura\\\/#primaryimage\"},\"thumbnailUrl\":\"https:\\\/\\\/www.bellunopress.it\\\/wp-content\\\/uploads\\\/2026\\\/05\\\/Marco-Paolini-ph.-Gianluca-Moretto.jpeg\",\"datePublished\":\"2026-05-08T07:23:33+00:00\",\"dateModified\":\"2026-05-14T20:35:03+00:00\",\"breadcrumb\":{\"@id\":\"https:\\\/\\\/www.bellunopress.it\\\/2026\\\/05\\\/08\\\/piana-del-cansiglio-marco-paolini-torna-in-campo-con-stravedo-il-nuovo-teatro-campestre-sullacqua-e-lagricoltura\\\/#breadcrumb\"},\"inLanguage\":\"fr-FR\",\"potentialAction\":[{\"@type\":\"ReadAction\",\"target\":[\"https:\\\/\\\/www.bellunopress.it\\\/2026\\\/05\\\/08\\\/piana-del-cansiglio-marco-paolini-torna-in-campo-con-stravedo-il-nuovo-teatro-campestre-sullacqua-e-lagricoltura\\\/\"]}]},{\"@type\":\"ImageObject\",\"inLanguage\":\"fr-FR\",\"@id\":\"https:\\\/\\\/www.bellunopress.it\\\/2026\\\/05\\\/08\\\/piana-del-cansiglio-marco-paolini-torna-in-campo-con-stravedo-il-nuovo-teatro-campestre-sullacqua-e-lagricoltura\\\/#primaryimage\",\"url\":\"https:\\\/\\\/www.bellunopress.it\\\/wp-content\\\/uploads\\\/2026\\\/05\\\/Marco-Paolini-ph.-Gianluca-Moretto.jpeg\",\"contentUrl\":\"https:\\\/\\\/www.bellunopress.it\\\/wp-content\\\/uploads\\\/2026\\\/05\\\/Marco-Paolini-ph.-Gianluca-Moretto.jpeg\",\"width\":500,\"height\":333},{\"@type\":\"BreadcrumbList\",\"@id\":\"https:\\\/\\\/www.bellunopress.it\\\/2026\\\/05\\\/08\\\/piana-del-cansiglio-marco-paolini-torna-in-campo-con-stravedo-il-nuovo-teatro-campestre-sullacqua-e-lagricoltura\\\/#breadcrumb\",\"itemListElement\":[{\"@type\":\"ListItem\",\"position\":1,\"name\":\"Home\",\"item\":\"https:\\\/\\\/www.bellunopress.it\\\/\"},{\"@type\":\"ListItem\",\"position\":2,\"name\":\"Piana del Cansiglio. Marco Paolini torna in campo con StraVedo, il nuovo teatro campestre sull&#8217;acqua e l&#8217;agricoltura\"}]},{\"@type\":\"WebSite\",\"@id\":\"https:\\\/\\\/www.bellunopress.it\\\/#website\",\"url\":\"https:\\\/\\\/www.bellunopress.it\\\/\",\"name\":\"Bellunopress - Dolomiti\",\"description\":\"e-mail: redazione@bellunopress.it\",\"publisher\":{\"@id\":\"https:\\\/\\\/www.bellunopress.it\\\/#organization\"},\"potentialAction\":[{\"@type\":\"SearchAction\",\"target\":{\"@type\":\"EntryPoint\",\"urlTemplate\":\"https:\\\/\\\/www.bellunopress.it\\\/?s={search_term_string}\"},\"query-input\":{\"@type\":\"PropertyValueSpecification\",\"valueRequired\":true,\"valueName\":\"search_term_string\"}}],\"inLanguage\":\"fr-FR\"},{\"@type\":\"Organization\",\"@id\":\"https:\\\/\\\/www.bellunopress.it\\\/#organization\",\"name\":\"Bellunopress\",\"url\":\"https:\\\/\\\/www.bellunopress.it\\\/\",\"logo\":{\"@type\":\"ImageObject\",\"inLanguage\":\"fr-FR\",\"@id\":\"https:\\\/\\\/www.bellunopress.it\\\/#\\\/schema\\\/logo\\\/image\\\/\",\"url\":\"https:\\\/\\\/www.bellunopress.it\\\/wp-content\\\/uploads\\\/2011\\\/05\\\/cropped-logo-bellunopress-.jpg\",\"contentUrl\":\"https:\\\/\\\/www.bellunopress.it\\\/wp-content\\\/uploads\\\/2011\\\/05\\\/cropped-logo-bellunopress-.jpg\",\"width\":512,\"height\":512,\"caption\":\"Bellunopress\"},\"image\":{\"@id\":\"https:\\\/\\\/www.bellunopress.it\\\/#\\\/schema\\\/logo\\\/image\\\/\"},\"sameAs\":[\"https:\\\/\\\/www.facebook.com\\\/profile.php?id=100008943462799\",\"https:\\\/\\\/x.com\\\/bellunopress\",\"https:\\\/\\\/www.linkedin.com\\\/hp\\\/?dnr=JBzUWaJfMUw8vbXJJ2tVW5-I3jZKvC4wsoxE&amp;amp;amp;amp;amp;amp;trk=nav_responsive_tab_home\",\"https:\\\/\\\/www.youtube.com\\\/channel\\\/UCxL0wu1uN0_3_7hGG0306cw\"]},{\"@type\":\"Person\",\"@id\":\"https:\\\/\\\/www.bellunopress.it\\\/#\\\/schema\\\/person\\\/79bb06722b37ece1c03d3e94beb30d73\",\"name\":\"redazione\",\"image\":{\"@type\":\"ImageObject\",\"inLanguage\":\"fr-FR\",\"@id\":\"https:\\\/\\\/secure.gravatar.com\\\/avatar\\\/37d968a2e67a6fd04c169c4bdef102d0bc5d31b2546345219e348575eb80e9a0?s=96&d=mm&r=g\",\"url\":\"https:\\\/\\\/secure.gravatar.com\\\/avatar\\\/37d968a2e67a6fd04c169c4bdef102d0bc5d31b2546345219e348575eb80e9a0?s=96&d=mm&r=g\",\"contentUrl\":\"https:\\\/\\\/secure.gravatar.com\\\/avatar\\\/37d968a2e67a6fd04c169c4bdef102d0bc5d31b2546345219e348575eb80e9a0?s=96&d=mm&r=g\",\"caption\":\"redazione\"},\"sameAs\":[\"http:\\\/\\\/www.bellunopress.it\",\"https:\\\/\\\/x.com\\\/bellunopress\"],\"url\":\"https:\\\/\\\/www.bellunopress.it\\\/fr\\\/author\\\/redazione\\\/\"}]}<\/script>\n<!-- \/ Yoast SEO plugin. -->","yoast_head_json":{"title":"Piana del Cansiglio. Marco Paolini torna in campo con StraVedo, il nuovo teatro campestre sull'acqua e l'agricoltura - Bellunopress - Dolomiti","robots":{"index":"index","follow":"follow","max-snippet":"max-snippet:-1","max-image-preview":"max-image-preview:large","max-video-preview":"max-video-preview:-1"},"canonical":"https:\/\/www.bellunopress.it\/fr\/2026\/05\/08\/piana-del-cansiglio-marco-paolini-torna-in-campo-con-stravedo-il-nuovo-teatro-campestre-sullacqua-e-lagricoltura\/","og_locale":"fr_FR","og_type":"article","og_title":"Piana del Cansiglio. Marco Paolini torna in campo con StraVedo, il nuovo teatro campestre sull'acqua e l'agricoltura - Bellunopress - Dolomiti","og_description":"Rinviata al 30 maggio a causa delle previsioni meteo avverse: luogo e orari restano invariati. &nbsp; Marco Paolini, Andrea Pennacchi e i Fratelli Dalla Via portano StraVedo nel paesaggio agricolo veneto: una giornata tra agricoltori, scienziati e artisti per guardare l&#8217;acqua che non si vede Marco Paolini torna in campo. Il 16 maggio porta StraVedo [&hellip;]","og_url":"https:\/\/www.bellunopress.it\/fr\/2026\/05\/08\/piana-del-cansiglio-marco-paolini-torna-in-campo-con-stravedo-il-nuovo-teatro-campestre-sullacqua-e-lagricoltura\/","og_site_name":"Bellunopress - Dolomiti","article_publisher":"https:\/\/www.facebook.com\/profile.php?id=100008943462799","article_published_time":"2026-05-08T07:23:33+00:00","article_modified_time":"2026-05-14T20:35:03+00:00","og_image":[{"width":500,"height":333,"url":"https:\/\/www.bellunopress.it\/wp-content\/uploads\/2026\/05\/Marco-Paolini-ph.-Gianluca-Moretto.jpeg","type":"image\/jpeg"}],"author":"redazione","twitter_card":"summary_large_image","twitter_creator":"@bellunopress","twitter_site":"@bellunopress","twitter_misc":{"\u00c9crit par":"redazione","Dur\u00e9e de lecture estim\u00e9e":"5 minutes"},"schema":{"@context":"https:\/\/schema.org","@graph":[{"@type":"Article","@id":"https:\/\/www.bellunopress.it\/2026\/05\/08\/piana-del-cansiglio-marco-paolini-torna-in-campo-con-stravedo-il-nuovo-teatro-campestre-sullacqua-e-lagricoltura\/#article","isPartOf":{"@id":"https:\/\/www.bellunopress.it\/2026\/05\/08\/piana-del-cansiglio-marco-paolini-torna-in-campo-con-stravedo-il-nuovo-teatro-campestre-sullacqua-e-lagricoltura\/"},"author":{"name":"redazione","@id":"https:\/\/www.bellunopress.it\/#\/schema\/person\/79bb06722b37ece1c03d3e94beb30d73"},"headline":"Piana del Cansiglio. Marco Paolini torna in campo con StraVedo, il nuovo teatro campestre sull&#8217;acqua e l&#8217;agricoltura","datePublished":"2026-05-08T07:23:33+00:00","dateModified":"2026-05-14T20:35:03+00:00","mainEntityOfPage":{"@id":"https:\/\/www.bellunopress.it\/2026\/05\/08\/piana-del-cansiglio-marco-paolini-torna-in-campo-con-stravedo-il-nuovo-teatro-campestre-sullacqua-e-lagricoltura\/"},"wordCount":763,"publisher":{"@id":"https:\/\/www.bellunopress.it\/#organization"},"image":{"@id":"https:\/\/www.bellunopress.it\/2026\/05\/08\/piana-del-cansiglio-marco-paolini-torna-in-campo-con-stravedo-il-nuovo-teatro-campestre-sullacqua-e-lagricoltura\/#primaryimage"},"thumbnailUrl":"https:\/\/www.bellunopress.it\/wp-content\/uploads\/2026\/05\/Marco-Paolini-ph.-Gianluca-Moretto.jpeg","articleSection":["Appuntamenti, Eventi","Arte, Cultura, Spettacoli, Scienza","Pausa Caff\u00e8"],"inLanguage":"fr-FR"},{"@type":"WebPage","@id":"https:\/\/www.bellunopress.it\/2026\/05\/08\/piana-del-cansiglio-marco-paolini-torna-in-campo-con-stravedo-il-nuovo-teatro-campestre-sullacqua-e-lagricoltura\/","url":"https:\/\/www.bellunopress.it\/2026\/05\/08\/piana-del-cansiglio-marco-paolini-torna-in-campo-con-stravedo-il-nuovo-teatro-campestre-sullacqua-e-lagricoltura\/","name":"Piana del Cansiglio. Marco Paolini torna in campo con StraVedo, il nuovo teatro campestre sull'acqua e l'agricoltura - Bellunopress - Dolomiti","isPartOf":{"@id":"https:\/\/www.bellunopress.it\/#website"},"primaryImageOfPage":{"@id":"https:\/\/www.bellunopress.it\/2026\/05\/08\/piana-del-cansiglio-marco-paolini-torna-in-campo-con-stravedo-il-nuovo-teatro-campestre-sullacqua-e-lagricoltura\/#primaryimage"},"image":{"@id":"https:\/\/www.bellunopress.it\/2026\/05\/08\/piana-del-cansiglio-marco-paolini-torna-in-campo-con-stravedo-il-nuovo-teatro-campestre-sullacqua-e-lagricoltura\/#primaryimage"},"thumbnailUrl":"https:\/\/www.bellunopress.it\/wp-content\/uploads\/2026\/05\/Marco-Paolini-ph.-Gianluca-Moretto.jpeg","datePublished":"2026-05-08T07:23:33+00:00","dateModified":"2026-05-14T20:35:03+00:00","breadcrumb":{"@id":"https:\/\/www.bellunopress.it\/2026\/05\/08\/piana-del-cansiglio-marco-paolini-torna-in-campo-con-stravedo-il-nuovo-teatro-campestre-sullacqua-e-lagricoltura\/#breadcrumb"},"inLanguage":"fr-FR","potentialAction":[{"@type":"ReadAction","target":["https:\/\/www.bellunopress.it\/2026\/05\/08\/piana-del-cansiglio-marco-paolini-torna-in-campo-con-stravedo-il-nuovo-teatro-campestre-sullacqua-e-lagricoltura\/"]}]},{"@type":"ImageObject","inLanguage":"fr-FR","@id":"https:\/\/www.bellunopress.it\/2026\/05\/08\/piana-del-cansiglio-marco-paolini-torna-in-campo-con-stravedo-il-nuovo-teatro-campestre-sullacqua-e-lagricoltura\/#primaryimage","url":"https:\/\/www.bellunopress.it\/wp-content\/uploads\/2026\/05\/Marco-Paolini-ph.-Gianluca-Moretto.jpeg","contentUrl":"https:\/\/www.bellunopress.it\/wp-content\/uploads\/2026\/05\/Marco-Paolini-ph.-Gianluca-Moretto.jpeg","width":500,"height":333},{"@type":"BreadcrumbList","@id":"https:\/\/www.bellunopress.it\/2026\/05\/08\/piana-del-cansiglio-marco-paolini-torna-in-campo-con-stravedo-il-nuovo-teatro-campestre-sullacqua-e-lagricoltura\/#breadcrumb","itemListElement":[{"@type":"ListItem","position":1,"name":"Home","item":"https:\/\/www.bellunopress.it\/"},{"@type":"ListItem","position":2,"name":"Piana del Cansiglio. Marco Paolini torna in campo con StraVedo, il nuovo teatro campestre sull&#8217;acqua e l&#8217;agricoltura"}]},{"@type":"WebSite","@id":"https:\/\/www.bellunopress.it\/#website","url":"https:\/\/www.bellunopress.it\/","name":"Bellunopress - Dolomiti","description":"e-mail: redazione@bellunopress.it","publisher":{"@id":"https:\/\/www.bellunopress.it\/#organization"},"potentialAction":[{"@type":"SearchAction","target":{"@type":"EntryPoint","urlTemplate":"https:\/\/www.bellunopress.it\/?s={search_term_string}"},"query-input":{"@type":"PropertyValueSpecification","valueRequired":true,"valueName":"search_term_string"}}],"inLanguage":"fr-FR"},{"@type":"Organization","@id":"https:\/\/www.bellunopress.it\/#organization","name":"Bellunopress","url":"https:\/\/www.bellunopress.it\/","logo":{"@type":"ImageObject","inLanguage":"fr-FR","@id":"https:\/\/www.bellunopress.it\/#\/schema\/logo\/image\/","url":"https:\/\/www.bellunopress.it\/wp-content\/uploads\/2011\/05\/cropped-logo-bellunopress-.jpg","contentUrl":"https:\/\/www.bellunopress.it\/wp-content\/uploads\/2011\/05\/cropped-logo-bellunopress-.jpg","width":512,"height":512,"caption":"Bellunopress"},"image":{"@id":"https:\/\/www.bellunopress.it\/#\/schema\/logo\/image\/"},"sameAs":["https:\/\/www.facebook.com\/profile.php?id=100008943462799","https:\/\/x.com\/bellunopress","https:\/\/www.linkedin.com\/hp\/?dnr=JBzUWaJfMUw8vbXJJ2tVW5-I3jZKvC4wsoxE&amp;amp;amp;amp;amp;amp;trk=nav_responsive_tab_home","https:\/\/www.youtube.com\/channel\/UCxL0wu1uN0_3_7hGG0306cw"]},{"@type":"Person","@id":"https:\/\/www.bellunopress.it\/#\/schema\/person\/79bb06722b37ece1c03d3e94beb30d73","name":"r\u00e9daction","image":{"@type":"ImageObject","inLanguage":"fr-FR","@id":"https:\/\/secure.gravatar.com\/avatar\/37d968a2e67a6fd04c169c4bdef102d0bc5d31b2546345219e348575eb80e9a0?s=96&d=mm&r=g","url":"https:\/\/secure.gravatar.com\/avatar\/37d968a2e67a6fd04c169c4bdef102d0bc5d31b2546345219e348575eb80e9a0?s=96&d=mm&r=g","contentUrl":"https:\/\/secure.gravatar.com\/avatar\/37d968a2e67a6fd04c169c4bdef102d0bc5d31b2546345219e348575eb80e9a0?s=96&d=mm&r=g","caption":"redazione"},"sameAs":["http:\/\/www.bellunopress.it","https:\/\/x.com\/bellunopress"],"url":"https:\/\/www.bellunopress.it\/fr\/author\/redazione\/"}]}},"_links":{"self":[{"href":"https:\/\/www.bellunopress.it\/fr\/wp-json\/wp\/v2\/posts\/169901","targetHints":{"allow":["GET"]}}],"collection":[{"href":"https:\/\/www.bellunopress.it\/fr\/wp-json\/wp\/v2\/posts"}],"about":[{"href":"https:\/\/www.bellunopress.it\/fr\/wp-json\/wp\/v2\/types\/post"}],"author":[{"embeddable":true,"href":"https:\/\/www.bellunopress.it\/fr\/wp-json\/wp\/v2\/users\/2"}],"replies":[{"embeddable":true,"href":"https:\/\/www.bellunopress.it\/fr\/wp-json\/wp\/v2\/comments?post=169901"}],"version-history":[{"count":3,"href":"https:\/\/www.bellunopress.it\/fr\/wp-json\/wp\/v2\/posts\/169901\/revisions"}],"predecessor-version":[{"id":170131,"href":"https:\/\/www.bellunopress.it\/fr\/wp-json\/wp\/v2\/posts\/169901\/revisions\/170131"}],"wp:featuredmedia":[{"embeddable":true,"href":"https:\/\/www.bellunopress.it\/fr\/wp-json\/wp\/v2\/media\/169902"}],"wp:attachment":[{"href":"https:\/\/www.bellunopress.it\/fr\/wp-json\/wp\/v2\/media?parent=169901"}],"wp:term":[{"taxonomy":"category","embeddable":true,"href":"https:\/\/www.bellunopress.it\/fr\/wp-json\/wp\/v2\/categories?post=169901"},{"taxonomy":"post_tag","embeddable":true,"href":"https:\/\/www.bellunopress.it\/fr\/wp-json\/wp\/v2\/tags?post=169901"}],"curies":[{"name":"wp","href":"https:\/\/api.w.org\/{rel}","templated":true}]}}