{"id":169879,"date":"2026-05-07T13:45:05","date_gmt":"2026-05-07T11:45:05","guid":{"rendered":"https:\/\/www.bellunopress.it\/?p=169879"},"modified":"2026-05-07T13:45:05","modified_gmt":"2026-05-07T11:45:05","slug":"morti-sul-lavoro-in-veneto-a-marzo-2026-21-vittime-come-nel-2025","status":"publish","type":"post","link":"https:\/\/www.bellunopress.it\/fr\/2026\/05\/07\/morti-sul-lavoro-in-veneto-a-marzo-2026-21-vittime-come-nel-2025\/","title":{"rendered":"Morti sul lavoro in Veneto a marzo 2026: 21 vittime, come nel 2025"},"content":{"rendered":"<p><strong>Dopo il calo di gennaio-febbraio il Veneto entra in zona rossa, seconda solo alla Lombardia per decessi<\/strong><\/p>\n<p><strong>A Padova la maglia nera per numero di vittime totali, seguita da Verona, Treviso e Vicenza. In zona rossa Belluno, Padova e Verona. Quasi la met\u00e0 sono vittime straniere. Stabile il numero degli infortuni: quasi 18 mila.<\/strong><\/p>\n<p>&#8220;Dopo un primo bimestre in cui le vittime sul lavoro in Veneto erano quasi dimezzate rispetto al 2025, il bilancio dei primi tre mesi del 2026 si chiude con numeri invariati, rispetto allo scorso anno, interrompendo il segnale positivo finora registrato. I decessi totali, infatti, sono 21, come nel 2025. Di questi, 16 sono avvenuti in occasione di lavoro e 5 in itinere. Un quadro che riporta il Veneto in zona rossa, dopo il precedente posizionamento in zona gialla, e che conferma la necessit\u00e0 di mantenere alta l&#8217;attenzione sul fronte della formazione e dei controlli&#8221;. L&#8217;Ing. Mauro Rossato, alla guida dell&#8217;Osservatorio Sicurezza sul Lavoro e Ambiente Vega di Mestre, commenta con queste parole i risultati dell&#8217;ultimo monitoraggio condotto dal suo gruppo di specialisti.<\/p>\n<p>Per individuare le aree pi\u00f9 fragili dell&#8217;Italia e del Veneto sul fronte della sicurezza sul lavoro, l&#8217;Osservatorio mestrino elabora una mappatura del rischio rispetto all&#8217;incidenza di mortalit\u00e0.<br \/>\nLa zona rossa, nella quale si colloca attualmente il Veneto, raggruppa le regioni con l&#8217;incidenza di mortalit\u00e0 sul lavoro al di sopra della media nazionale.<\/p>\n<p>A fine marzo 2026, il rischio di infortunio mortale in Veneto (7,3 morti per milione di occupati) risulta ben superiore rispetto alla media del Paese, pari a 5,7. Belluno fa rilevare il dato pi\u00f9 alto della regione (indice di 22,7) e si colloca in zona rossa insieme a Padova (11,4) e a Verona (7,1). Venezia \u00e8 in zona gialla (5,3), insieme a Vicenza (5,2) e a Treviso (5,0). Solo Rovigo in zona bianca (con indice pari a 0,0).<\/p>\n<p>Sono 21 i decessi rilevati a fine marzo 2026 (come nel 2025), 16 dei quali registrati in occasione di lavoro (3 in pi\u00f9 dello scorso anno). Si contano 6 vittime in provincia di Padova. Seguono: Verona (4), Vicenza e Treviso (3), Belluno e Venezia (2), Rovigo (1).<\/p>\n<p>Alla fine di marzo 2026 le denunce di infortunio totali risultano in lieve aumento rispetto al 2025: erano 17.219 e ora sono 17.749.<\/p>\n<p>La provincia di Verona registra il numero pi\u00f9 elevato di denunce totali di infortunio (3.477), seguita da: Padova (3.463), Vicenza (3.347), Treviso (3.292), Venezia (2.855), Belluno (811) e Rovigo (504).<\/p>\n<p>Sono 6.207 le denunce di infortunio delle donne lavoratrici (4.960 in occasione di lavoro) e 11.542 quelle degli uomini (10.244 in occasione di lavoro).<\/p>\n<p>Le denunce dei lavoratori stranieri ammontano a 4.419, delle quali 3.707 si sono verificate in occasione di lavoro. Tra i lavoratori deceduti in regione, le vittime straniere sono 8.<\/p>\n<p>\u200bAlla fine di marzo 2026 le Attivit\u00e0 Manifatturiere si confermano al primo posto per numero di denunce di infortunio in occasione di lavoro (2.944). Seguono i settori: Costruzioni (1.035), Commercio (873), Trasporto e Magazzinaggio (773) e Sanit\u00e0 (772).<\/p>\n<p>L&#8217;incidenza degli infortuni mortali indica il numero di lavoratori deceduti durante l&#8217;attivit\u00e0 lavorativa in una data area (regione o provincia) ogni milione di occupati presenti nella stessa. Questo indice consente di confrontare il fenomeno infortunistico tra le diverse regioni, pur caratterizzate da una popolazione lavorativa differente.<\/p>\n<p>La zonizzazione utilizzata dall&#8217;Osservatorio Sicurezza e Ambiente Vega Engineering dipinge il rischio infortunistico nelle regioni italiane secondo la seguente scala di colori:<\/p>\n<p>Bianco: regioni con un&#8217;incidenza infortunistica inferiore al 75% dell&#8217;incidenza media nazionale<br \/>\nGiallo: regioni con un&#8217;incidenza infortunistica compresa tra il 75% dell&#8217;incidenza media nazionale e il valore medio nazionale<br \/>\nArancione: regioni con un&#8217;incidenza infortunistica compresa tra il valore medio nazionale e il 125% dell&#8217;incidenza media nazionale<br \/>\nRosso: regioni con un&#8217;incidenza infortunistica superiore al 125% dell&#8217;incidenza media nazionale<\/p>","protected":false},"excerpt":{"rendered":"<p>Dopo il calo di gennaio-febbraio il Veneto entra in zona rossa, seconda solo alla Lombardia per decessi A Padova la maglia nera per numero di vittime totali, seguita da Verona, Treviso e Vicenza. In zona rossa Belluno, Padova e Verona. Quasi la met\u00e0 sono vittime straniere. Stabile il numero degli infortuni: quasi 18 mila. &#8220;Dopo [&hellip;]<\/p>\n","protected":false},"author":2,"featured_media":112979,"comment_status":"closed","ping_status":"open","sticky":false,"template":"","format":"standard","meta":{"footnotes":""},"categories":[36],"tags":[],"class_list":["post-169879","post","type-post","status-publish","format-standard","has-post-thumbnail","category-lavoro-economia"],"yoast_head":"<!-- This site is optimized with the Yoast SEO plugin v28.4 - https:\/\/yoast.com\/product\/yoast-seo-wordpress\/ -->\n<title>Morti sul lavoro in Veneto a marzo 2026: 21 vittime, come nel 2025 - Bellunopress - Dolomiti<\/title>\n<meta name=\"robots\" content=\"index, follow, max-snippet:-1, max-image-preview:large, max-video-preview:-1\" \/>\n<link rel=\"canonical\" href=\"https:\/\/www.bellunopress.it\/fr\/2026\/05\/07\/morti-sul-lavoro-in-veneto-a-marzo-2026-21-vittime-come-nel-2025\/\" \/>\n<meta property=\"og:locale\" content=\"fr_FR\" \/>\n<meta property=\"og:type\" content=\"article\" \/>\n<meta property=\"og:title\" content=\"Morti sul lavoro in Veneto a marzo 2026: 21 vittime, come nel 2025 - Bellunopress - Dolomiti\" \/>\n<meta property=\"og:description\" content=\"Dopo il calo di gennaio-febbraio il Veneto entra in zona rossa, seconda solo alla Lombardia per decessi A Padova la maglia nera per numero di vittime totali, seguita da Verona, Treviso e Vicenza. In zona rossa Belluno, Padova e Verona. Quasi la met\u00e0 sono vittime straniere. Stabile il numero degli infortuni: quasi 18 mila. &#8220;Dopo [&hellip;]\" \/>\n<meta property=\"og:url\" content=\"https:\/\/www.bellunopress.it\/fr\/2026\/05\/07\/morti-sul-lavoro-in-veneto-a-marzo-2026-21-vittime-come-nel-2025\/\" \/>\n<meta property=\"og:site_name\" content=\"Bellunopress - Dolomiti\" \/>\n<meta property=\"article:publisher\" content=\"https:\/\/www.facebook.com\/profile.php?id=100008943462799\" \/>\n<meta property=\"article:published_time\" content=\"2026-05-07T11:45:05+00:00\" \/>\n<meta property=\"og:image\" content=\"https:\/\/www.bellunopress.it\/wp-content\/uploads\/2020\/03\/lavoro.jpg\" \/>\n\t<meta property=\"og:image:width\" content=\"524\" \/>\n\t<meta property=\"og:image:height\" content=\"720\" \/>\n\t<meta property=\"og:image:type\" content=\"image\/jpeg\" \/>\n<meta name=\"author\" content=\"redazione\" \/>\n<meta name=\"twitter:card\" content=\"summary_large_image\" \/>\n<meta name=\"twitter:creator\" content=\"@bellunopress\" \/>\n<meta name=\"twitter:site\" content=\"@bellunopress\" \/>\n<meta name=\"twitter:label1\" content=\"\u00c9crit par\" \/>\n\t<meta name=\"twitter:data1\" content=\"redazione\" \/>\n\t<meta name=\"twitter:label2\" content=\"Dur\u00e9e de lecture estim\u00e9e\" \/>\n\t<meta name=\"twitter:data2\" content=\"4 minutes\" \/>\n<script type=\"application\/ld+json\" class=\"yoast-schema-graph\">{\"@context\":\"https:\\\/\\\/schema.org\",\"@graph\":[{\"@type\":\"Article\",\"@id\":\"https:\\\/\\\/www.bellunopress.it\\\/2026\\\/05\\\/07\\\/morti-sul-lavoro-in-veneto-a-marzo-2026-21-vittime-come-nel-2025\\\/#article\",\"isPartOf\":{\"@id\":\"https:\\\/\\\/www.bellunopress.it\\\/2026\\\/05\\\/07\\\/morti-sul-lavoro-in-veneto-a-marzo-2026-21-vittime-come-nel-2025\\\/\"},\"author\":{\"name\":\"redazione\",\"@id\":\"https:\\\/\\\/www.bellunopress.it\\\/#\\\/schema\\\/person\\\/79bb06722b37ece1c03d3e94beb30d73\"},\"headline\":\"Morti sul lavoro in Veneto a marzo 2026: 21 vittime, come nel 2025\",\"datePublished\":\"2026-05-07T11:45:05+00:00\",\"mainEntityOfPage\":{\"@id\":\"https:\\\/\\\/www.bellunopress.it\\\/2026\\\/05\\\/07\\\/morti-sul-lavoro-in-veneto-a-marzo-2026-21-vittime-come-nel-2025\\\/\"},\"wordCount\":595,\"publisher\":{\"@id\":\"https:\\\/\\\/www.bellunopress.it\\\/#organization\"},\"image\":{\"@id\":\"https:\\\/\\\/www.bellunopress.it\\\/2026\\\/05\\\/07\\\/morti-sul-lavoro-in-veneto-a-marzo-2026-21-vittime-come-nel-2025\\\/#primaryimage\"},\"thumbnailUrl\":\"https:\\\/\\\/www.bellunopress.it\\\/wp-content\\\/uploads\\\/2020\\\/03\\\/lavoro.jpg\",\"articleSection\":[\"Lavoro, Economia, Turismo\"],\"inLanguage\":\"fr-FR\"},{\"@type\":\"WebPage\",\"@id\":\"https:\\\/\\\/www.bellunopress.it\\\/2026\\\/05\\\/07\\\/morti-sul-lavoro-in-veneto-a-marzo-2026-21-vittime-come-nel-2025\\\/\",\"url\":\"https:\\\/\\\/www.bellunopress.it\\\/2026\\\/05\\\/07\\\/morti-sul-lavoro-in-veneto-a-marzo-2026-21-vittime-come-nel-2025\\\/\",\"name\":\"Morti sul lavoro in Veneto a marzo 2026: 21 vittime, come nel 2025 - Bellunopress - Dolomiti\",\"isPartOf\":{\"@id\":\"https:\\\/\\\/www.bellunopress.it\\\/#website\"},\"primaryImageOfPage\":{\"@id\":\"https:\\\/\\\/www.bellunopress.it\\\/2026\\\/05\\\/07\\\/morti-sul-lavoro-in-veneto-a-marzo-2026-21-vittime-come-nel-2025\\\/#primaryimage\"},\"image\":{\"@id\":\"https:\\\/\\\/www.bellunopress.it\\\/2026\\\/05\\\/07\\\/morti-sul-lavoro-in-veneto-a-marzo-2026-21-vittime-come-nel-2025\\\/#primaryimage\"},\"thumbnailUrl\":\"https:\\\/\\\/www.bellunopress.it\\\/wp-content\\\/uploads\\\/2020\\\/03\\\/lavoro.jpg\",\"datePublished\":\"2026-05-07T11:45:05+00:00\",\"breadcrumb\":{\"@id\":\"https:\\\/\\\/www.bellunopress.it\\\/2026\\\/05\\\/07\\\/morti-sul-lavoro-in-veneto-a-marzo-2026-21-vittime-come-nel-2025\\\/#breadcrumb\"},\"inLanguage\":\"fr-FR\",\"potentialAction\":[{\"@type\":\"ReadAction\",\"target\":[\"https:\\\/\\\/www.bellunopress.it\\\/2026\\\/05\\\/07\\\/morti-sul-lavoro-in-veneto-a-marzo-2026-21-vittime-come-nel-2025\\\/\"]}]},{\"@type\":\"ImageObject\",\"inLanguage\":\"fr-FR\",\"@id\":\"https:\\\/\\\/www.bellunopress.it\\\/2026\\\/05\\\/07\\\/morti-sul-lavoro-in-veneto-a-marzo-2026-21-vittime-come-nel-2025\\\/#primaryimage\",\"url\":\"https:\\\/\\\/www.bellunopress.it\\\/wp-content\\\/uploads\\\/2020\\\/03\\\/lavoro.jpg\",\"contentUrl\":\"https:\\\/\\\/www.bellunopress.it\\\/wp-content\\\/uploads\\\/2020\\\/03\\\/lavoro.jpg\",\"width\":524,\"height\":720},{\"@type\":\"BreadcrumbList\",\"@id\":\"https:\\\/\\\/www.bellunopress.it\\\/2026\\\/05\\\/07\\\/morti-sul-lavoro-in-veneto-a-marzo-2026-21-vittime-come-nel-2025\\\/#breadcrumb\",\"itemListElement\":[{\"@type\":\"ListItem\",\"position\":1,\"name\":\"Home\",\"item\":\"https:\\\/\\\/www.bellunopress.it\\\/\"},{\"@type\":\"ListItem\",\"position\":2,\"name\":\"Morti sul lavoro in Veneto a marzo 2026: 21 vittime, come nel 2025\"}]},{\"@type\":\"WebSite\",\"@id\":\"https:\\\/\\\/www.bellunopress.it\\\/#website\",\"url\":\"https:\\\/\\\/www.bellunopress.it\\\/\",\"name\":\"Bellunopress - Dolomiti\",\"description\":\"e-mail: redazione@bellunopress.it\",\"publisher\":{\"@id\":\"https:\\\/\\\/www.bellunopress.it\\\/#organization\"},\"potentialAction\":[{\"@type\":\"SearchAction\",\"target\":{\"@type\":\"EntryPoint\",\"urlTemplate\":\"https:\\\/\\\/www.bellunopress.it\\\/?s={search_term_string}\"},\"query-input\":{\"@type\":\"PropertyValueSpecification\",\"valueRequired\":true,\"valueName\":\"search_term_string\"}}],\"inLanguage\":\"fr-FR\"},{\"@type\":\"Organization\",\"@id\":\"https:\\\/\\\/www.bellunopress.it\\\/#organization\",\"name\":\"Bellunopress\",\"url\":\"https:\\\/\\\/www.bellunopress.it\\\/\",\"logo\":{\"@type\":\"ImageObject\",\"inLanguage\":\"fr-FR\",\"@id\":\"https:\\\/\\\/www.bellunopress.it\\\/#\\\/schema\\\/logo\\\/image\\\/\",\"url\":\"https:\\\/\\\/www.bellunopress.it\\\/wp-content\\\/uploads\\\/2011\\\/05\\\/cropped-logo-bellunopress-.jpg\",\"contentUrl\":\"https:\\\/\\\/www.bellunopress.it\\\/wp-content\\\/uploads\\\/2011\\\/05\\\/cropped-logo-bellunopress-.jpg\",\"width\":512,\"height\":512,\"caption\":\"Bellunopress\"},\"image\":{\"@id\":\"https:\\\/\\\/www.bellunopress.it\\\/#\\\/schema\\\/logo\\\/image\\\/\"},\"sameAs\":[\"https:\\\/\\\/www.facebook.com\\\/profile.php?id=100008943462799\",\"https:\\\/\\\/x.com\\\/bellunopress\",\"https:\\\/\\\/www.linkedin.com\\\/hp\\\/?dnr=JBzUWaJfMUw8vbXJJ2tVW5-I3jZKvC4wsoxE&amp;amp;amp;amp;amp;amp;trk=nav_responsive_tab_home\",\"https:\\\/\\\/www.youtube.com\\\/channel\\\/UCxL0wu1uN0_3_7hGG0306cw\"]},{\"@type\":\"Person\",\"@id\":\"https:\\\/\\\/www.bellunopress.it\\\/#\\\/schema\\\/person\\\/79bb06722b37ece1c03d3e94beb30d73\",\"name\":\"redazione\",\"image\":{\"@type\":\"ImageObject\",\"inLanguage\":\"fr-FR\",\"@id\":\"https:\\\/\\\/secure.gravatar.com\\\/avatar\\\/37d968a2e67a6fd04c169c4bdef102d0bc5d31b2546345219e348575eb80e9a0?s=96&d=mm&r=g\",\"url\":\"https:\\\/\\\/secure.gravatar.com\\\/avatar\\\/37d968a2e67a6fd04c169c4bdef102d0bc5d31b2546345219e348575eb80e9a0?s=96&d=mm&r=g\",\"contentUrl\":\"https:\\\/\\\/secure.gravatar.com\\\/avatar\\\/37d968a2e67a6fd04c169c4bdef102d0bc5d31b2546345219e348575eb80e9a0?s=96&d=mm&r=g\",\"caption\":\"redazione\"},\"sameAs\":[\"http:\\\/\\\/www.bellunopress.it\",\"https:\\\/\\\/x.com\\\/bellunopress\"],\"url\":\"https:\\\/\\\/www.bellunopress.it\\\/fr\\\/author\\\/redazione\\\/\"}]}<\/script>\n<!-- \/ Yoast SEO plugin. -->","yoast_head_json":{"title":"Morti sul lavoro in Veneto a marzo 2026: 21 vittime, come nel 2025 - Bellunopress - Dolomiti","robots":{"index":"index","follow":"follow","max-snippet":"max-snippet:-1","max-image-preview":"max-image-preview:large","max-video-preview":"max-video-preview:-1"},"canonical":"https:\/\/www.bellunopress.it\/fr\/2026\/05\/07\/morti-sul-lavoro-in-veneto-a-marzo-2026-21-vittime-come-nel-2025\/","og_locale":"fr_FR","og_type":"article","og_title":"Morti sul lavoro in Veneto a marzo 2026: 21 vittime, come nel 2025 - Bellunopress - Dolomiti","og_description":"Dopo il calo di gennaio-febbraio il Veneto entra in zona rossa, seconda solo alla Lombardia per decessi A Padova la maglia nera per numero di vittime totali, seguita da Verona, Treviso e Vicenza. In zona rossa Belluno, Padova e Verona. Quasi la met\u00e0 sono vittime straniere. Stabile il numero degli infortuni: quasi 18 mila. &#8220;Dopo [&hellip;]","og_url":"https:\/\/www.bellunopress.it\/fr\/2026\/05\/07\/morti-sul-lavoro-in-veneto-a-marzo-2026-21-vittime-come-nel-2025\/","og_site_name":"Bellunopress - Dolomiti","article_publisher":"https:\/\/www.facebook.com\/profile.php?id=100008943462799","article_published_time":"2026-05-07T11:45:05+00:00","og_image":[{"width":524,"height":720,"url":"https:\/\/www.bellunopress.it\/wp-content\/uploads\/2020\/03\/lavoro.jpg","type":"image\/jpeg"}],"author":"redazione","twitter_card":"summary_large_image","twitter_creator":"@bellunopress","twitter_site":"@bellunopress","twitter_misc":{"\u00c9crit par":"redazione","Dur\u00e9e de lecture estim\u00e9e":"4 minutes"},"schema":{"@context":"https:\/\/schema.org","@graph":[{"@type":"Article","@id":"https:\/\/www.bellunopress.it\/2026\/05\/07\/morti-sul-lavoro-in-veneto-a-marzo-2026-21-vittime-come-nel-2025\/#article","isPartOf":{"@id":"https:\/\/www.bellunopress.it\/2026\/05\/07\/morti-sul-lavoro-in-veneto-a-marzo-2026-21-vittime-come-nel-2025\/"},"author":{"name":"redazione","@id":"https:\/\/www.bellunopress.it\/#\/schema\/person\/79bb06722b37ece1c03d3e94beb30d73"},"headline":"Morti sul lavoro in Veneto a marzo 2026: 21 vittime, come nel 2025","datePublished":"2026-05-07T11:45:05+00:00","mainEntityOfPage":{"@id":"https:\/\/www.bellunopress.it\/2026\/05\/07\/morti-sul-lavoro-in-veneto-a-marzo-2026-21-vittime-come-nel-2025\/"},"wordCount":595,"publisher":{"@id":"https:\/\/www.bellunopress.it\/#organization"},"image":{"@id":"https:\/\/www.bellunopress.it\/2026\/05\/07\/morti-sul-lavoro-in-veneto-a-marzo-2026-21-vittime-come-nel-2025\/#primaryimage"},"thumbnailUrl":"https:\/\/www.bellunopress.it\/wp-content\/uploads\/2020\/03\/lavoro.jpg","articleSection":["Lavoro, Economia, Turismo"],"inLanguage":"fr-FR"},{"@type":"WebPage","@id":"https:\/\/www.bellunopress.it\/2026\/05\/07\/morti-sul-lavoro-in-veneto-a-marzo-2026-21-vittime-come-nel-2025\/","url":"https:\/\/www.bellunopress.it\/2026\/05\/07\/morti-sul-lavoro-in-veneto-a-marzo-2026-21-vittime-come-nel-2025\/","name":"Morti sul lavoro in Veneto a marzo 2026: 21 vittime, come nel 2025 - Bellunopress - Dolomiti","isPartOf":{"@id":"https:\/\/www.bellunopress.it\/#website"},"primaryImageOfPage":{"@id":"https:\/\/www.bellunopress.it\/2026\/05\/07\/morti-sul-lavoro-in-veneto-a-marzo-2026-21-vittime-come-nel-2025\/#primaryimage"},"image":{"@id":"https:\/\/www.bellunopress.it\/2026\/05\/07\/morti-sul-lavoro-in-veneto-a-marzo-2026-21-vittime-come-nel-2025\/#primaryimage"},"thumbnailUrl":"https:\/\/www.bellunopress.it\/wp-content\/uploads\/2020\/03\/lavoro.jpg","datePublished":"2026-05-07T11:45:05+00:00","breadcrumb":{"@id":"https:\/\/www.bellunopress.it\/2026\/05\/07\/morti-sul-lavoro-in-veneto-a-marzo-2026-21-vittime-come-nel-2025\/#breadcrumb"},"inLanguage":"fr-FR","potentialAction":[{"@type":"ReadAction","target":["https:\/\/www.bellunopress.it\/2026\/05\/07\/morti-sul-lavoro-in-veneto-a-marzo-2026-21-vittime-come-nel-2025\/"]}]},{"@type":"ImageObject","inLanguage":"fr-FR","@id":"https:\/\/www.bellunopress.it\/2026\/05\/07\/morti-sul-lavoro-in-veneto-a-marzo-2026-21-vittime-come-nel-2025\/#primaryimage","url":"https:\/\/www.bellunopress.it\/wp-content\/uploads\/2020\/03\/lavoro.jpg","contentUrl":"https:\/\/www.bellunopress.it\/wp-content\/uploads\/2020\/03\/lavoro.jpg","width":524,"height":720},{"@type":"BreadcrumbList","@id":"https:\/\/www.bellunopress.it\/2026\/05\/07\/morti-sul-lavoro-in-veneto-a-marzo-2026-21-vittime-come-nel-2025\/#breadcrumb","itemListElement":[{"@type":"ListItem","position":1,"name":"Home","item":"https:\/\/www.bellunopress.it\/"},{"@type":"ListItem","position":2,"name":"Morti sul lavoro in Veneto a marzo 2026: 21 vittime, come nel 2025"}]},{"@type":"WebSite","@id":"https:\/\/www.bellunopress.it\/#website","url":"https:\/\/www.bellunopress.it\/","name":"Bellunopress - Dolomiti","description":"e-mail: redazione@bellunopress.it","publisher":{"@id":"https:\/\/www.bellunopress.it\/#organization"},"potentialAction":[{"@type":"SearchAction","target":{"@type":"EntryPoint","urlTemplate":"https:\/\/www.bellunopress.it\/?s={search_term_string}"},"query-input":{"@type":"PropertyValueSpecification","valueRequired":true,"valueName":"search_term_string"}}],"inLanguage":"fr-FR"},{"@type":"Organization","@id":"https:\/\/www.bellunopress.it\/#organization","name":"Bellunopress","url":"https:\/\/www.bellunopress.it\/","logo":{"@type":"ImageObject","inLanguage":"fr-FR","@id":"https:\/\/www.bellunopress.it\/#\/schema\/logo\/image\/","url":"https:\/\/www.bellunopress.it\/wp-content\/uploads\/2011\/05\/cropped-logo-bellunopress-.jpg","contentUrl":"https:\/\/www.bellunopress.it\/wp-content\/uploads\/2011\/05\/cropped-logo-bellunopress-.jpg","width":512,"height":512,"caption":"Bellunopress"},"image":{"@id":"https:\/\/www.bellunopress.it\/#\/schema\/logo\/image\/"},"sameAs":["https:\/\/www.facebook.com\/profile.php?id=100008943462799","https:\/\/x.com\/bellunopress","https:\/\/www.linkedin.com\/hp\/?dnr=JBzUWaJfMUw8vbXJJ2tVW5-I3jZKvC4wsoxE&amp;amp;amp;amp;amp;amp;trk=nav_responsive_tab_home","https:\/\/www.youtube.com\/channel\/UCxL0wu1uN0_3_7hGG0306cw"]},{"@type":"Person","@id":"https:\/\/www.bellunopress.it\/#\/schema\/person\/79bb06722b37ece1c03d3e94beb30d73","name":"r\u00e9daction","image":{"@type":"ImageObject","inLanguage":"fr-FR","@id":"https:\/\/secure.gravatar.com\/avatar\/37d968a2e67a6fd04c169c4bdef102d0bc5d31b2546345219e348575eb80e9a0?s=96&d=mm&r=g","url":"https:\/\/secure.gravatar.com\/avatar\/37d968a2e67a6fd04c169c4bdef102d0bc5d31b2546345219e348575eb80e9a0?s=96&d=mm&r=g","contentUrl":"https:\/\/secure.gravatar.com\/avatar\/37d968a2e67a6fd04c169c4bdef102d0bc5d31b2546345219e348575eb80e9a0?s=96&d=mm&r=g","caption":"redazione"},"sameAs":["http:\/\/www.bellunopress.it","https:\/\/x.com\/bellunopress"],"url":"https:\/\/www.bellunopress.it\/fr\/author\/redazione\/"}]}},"_links":{"self":[{"href":"https:\/\/www.bellunopress.it\/fr\/wp-json\/wp\/v2\/posts\/169879","targetHints":{"allow":["GET"]}}],"collection":[{"href":"https:\/\/www.bellunopress.it\/fr\/wp-json\/wp\/v2\/posts"}],"about":[{"href":"https:\/\/www.bellunopress.it\/fr\/wp-json\/wp\/v2\/types\/post"}],"author":[{"embeddable":true,"href":"https:\/\/www.bellunopress.it\/fr\/wp-json\/wp\/v2\/users\/2"}],"replies":[{"embeddable":true,"href":"https:\/\/www.bellunopress.it\/fr\/wp-json\/wp\/v2\/comments?post=169879"}],"version-history":[{"count":1,"href":"https:\/\/www.bellunopress.it\/fr\/wp-json\/wp\/v2\/posts\/169879\/revisions"}],"predecessor-version":[{"id":169880,"href":"https:\/\/www.bellunopress.it\/fr\/wp-json\/wp\/v2\/posts\/169879\/revisions\/169880"}],"wp:featuredmedia":[{"embeddable":true,"href":"https:\/\/www.bellunopress.it\/fr\/wp-json\/wp\/v2\/media\/112979"}],"wp:attachment":[{"href":"https:\/\/www.bellunopress.it\/fr\/wp-json\/wp\/v2\/media?parent=169879"}],"wp:term":[{"taxonomy":"category","embeddable":true,"href":"https:\/\/www.bellunopress.it\/fr\/wp-json\/wp\/v2\/categories?post=169879"},{"taxonomy":"post_tag","embeddable":true,"href":"https:\/\/www.bellunopress.it\/fr\/wp-json\/wp\/v2\/tags?post=169879"}],"curies":[{"name":"wp","href":"https:\/\/api.w.org\/{rel}","templated":true}]}}