{"id":169872,"date":"2026-05-07T10:08:19","date_gmt":"2026-05-07T08:08:19","guid":{"rendered":"https:\/\/www.bellunopress.it\/?p=169872"},"modified":"2026-05-07T10:09:11","modified_gmt":"2026-05-07T08:09:11","slug":"quando-lincidente-finisce-in-tribunale-nasce-il-perito-delle-guide-alpine","status":"publish","type":"post","link":"https:\/\/www.bellunopress.it\/fr\/2026\/05\/07\/quando-lincidente-finisce-in-tribunale-nasce-il-perito-delle-guide-alpine\/","title":{"rendered":"Quando l&#8217;incidente finisce in tribunale. Nasce il perito delle Guide Alpine"},"content":{"rendered":"<p>Quando si verificano incidenti in montagna, ricostruire i fatti \u00e8 spesso complesso: condizioni ambientali estreme, scelte tecniche e variabili impreviste rendono difficile l&#8217;accertamento di eventuali responsabilit\u00e0. In questo contesto nasce una nuova specializzazione per le Guide Alpine Italiane, pensata per formare esperti in grado di mettere a disposizione della giustizia competenze specifiche e aggiornate sull&#8217;ambiente montano. Lo spiega Edy Grange,\u00a0Guida Alpina della Valle d&#8217;Aosta e consulente tecnico in ambito giudiziario con esperienza internazionale.<\/p>\n<p>Negli ultimi anni la frequentazione della montagna \u00e8 profondamente cambiata: aumentano i numeri, si diversificano le attivit\u00e0 e cresce l&#8217;attenzione su eventuali incidenti dei quali a volte bisogna accertare le responsabilit\u00e0 in sede giudiziaria.<\/p>\n<p>&#8220;La principale criticit\u00e0 nei procedimenti giudiziari legati a incidenti in montagna \u2013 sottolinea Grange \u2013 \u00e8 che i consulenti tecnici nominati dai tribunali non sempre possiedono competenze specifiche sull&#8217;ambiente alpino. Questo pu\u00f2 portare a valutazioni non adeguate o non uniformi, con conseguenze rilevanti sia per l&#8217;accertamento delle responsabilit\u00e0 sia per la tutela dei professionisti coinvolti. Si pensi che in altri ambiti, come quello medico, sono i professionisti stessi a valutare i colleghi: in montagna questo non accade ancora in modo strutturato&#8221;.<\/p>\n<p>La crescente esigenza, da parte dei tribunali, di perizie pi\u00f9 rigorose, strutturate e comparabili, insieme alla riforma Cartabia, che ha introdotto nuovi criteri per l&#8217;iscrizione e la formazione dei consulenti tecnici in sede giudiziaria, hanno portato alla nascita della nuova specializzazione per consulenti tecnici d&#8217;ufficio (CTU) e periti penali nell&#8217;ambito degli incidenti in montagna, promossa dal Collegio Nazionale delle Guide Alpine Italiane.<\/p>\n<p>&#8220;Questa figura specializzata nasce con l&#8217;obiettivo di migliorare la qualit\u00e0 delle perizie garantendone qualit\u00e0, uniformit\u00e0 e credibilit\u00e0 &#8211; precisa Grange &#8211; con un proprio percorso formativo dedicato&#8221;.<\/p>\n<p>Il primo corso di specializzazione, in partenza il 25 maggio, \u00e8 riservato alle Guide Alpine e prevede un percorso che unisce formazione giuridica e tecnica, sviluppato in collaborazione con l&#8217;Universit\u00e0 di Trento: da un lato si affrontano le norme, la responsabilit\u00e0 del consulente tecnico e le modalit\u00e0 corrette di redazione di una perizia. Dall&#8217;altro si approfondiscono aspetti concreti legati all&#8217;ambiente montano come incidenti in valanga, gestione del rischio, crolli in roccia, ghiacciai, seracchi e permafrost. Una parte importante sar\u00e0 dedicata anche agli aspetti giuridici, con il contributo di avvocati penalisti che spiegheranno alle guide come tradurre una valutazione tecnica in un linguaggio utilizzabile in tribunale. Il percorso si concluder\u00e0 a dicembre con una simulazione completa di perizia e processo, uno degli elementi pi\u00f9 innovativi e qualificanti della formazione.<\/p>\n<p>&#8220;Non \u00e8 solo il numero crescente di incidenti ad aver inciso su questa evoluzione, \u00e8 cambiato il modo di frequentare la montagna e sono aumentate le attivit\u00e0, soprattutto invernali. Allo stesso tempo \u00e8 cambiato anche l&#8217;approccio della giustizia, che oggi tende sempre di pi\u00f9 a individuare responsabilit\u00e0 precise&#8221; spiega Grange, che segue questo tema da anni per il Conagai e ha partecipato a diversi tavoli di lavoro e videoconferenze, anche a livello internazionale, dove si discute di metodologie e scale di valutazione del rischio e della loro applicazione nei contesti giudiziari.<\/p>\n<p>&#8220;L&#8217;obiettivo finale \u00e8 arrivare alla creazione di un elenco nazionale di professionisti qualificati da mettere a disposizione dei tribunali &#8211; conclude la Guida Alpina -, insieme a linee guida condivise per la valutazione degli incidenti. Un riconoscimento formale che garantisca la preparazione degli esperti chiamati a operare in questo ambito&#8221;.<\/p>","protected":false},"excerpt":{"rendered":"<p>Quando si verificano incidenti in montagna, ricostruire i fatti \u00e8 spesso complesso: condizioni ambientali estreme, scelte tecniche e variabili impreviste rendono difficile l&#8217;accertamento di eventuali responsabilit\u00e0. In questo contesto nasce una nuova specializzazione per le Guide Alpine Italiane, pensata per formare esperti in grado di mettere a disposizione della giustizia competenze specifiche e aggiornate sull&#8217;ambiente [&hellip;]<\/p>\n","protected":false},"author":2,"featured_media":169873,"comment_status":"closed","ping_status":"open","sticky":false,"template":"","format":"standard","meta":{"footnotes":""},"categories":[36],"tags":[],"class_list":["post-169872","post","type-post","status-publish","format-standard","has-post-thumbnail","category-lavoro-economia"],"yoast_head":"<!-- This site is optimized with the Yoast SEO plugin v28.4 - https:\/\/yoast.com\/product\/yoast-seo-wordpress\/ -->\n<title>Quando l&#039;incidente finisce in tribunale. Nasce il perito delle Guide Alpine - Bellunopress - Dolomiti<\/title>\n<meta name=\"robots\" content=\"index, follow, max-snippet:-1, max-image-preview:large, max-video-preview:-1\" \/>\n<link rel=\"canonical\" href=\"https:\/\/www.bellunopress.it\/fr\/2026\/05\/07\/quando-lincidente-finisce-in-tribunale-nasce-il-perito-delle-guide-alpine\/\" \/>\n<meta property=\"og:locale\" content=\"fr_FR\" \/>\n<meta property=\"og:type\" content=\"article\" \/>\n<meta property=\"og:title\" content=\"Quando l&#039;incidente finisce in tribunale. Nasce il perito delle Guide Alpine - Bellunopress - Dolomiti\" \/>\n<meta property=\"og:description\" content=\"Quando si verificano incidenti in montagna, ricostruire i fatti \u00e8 spesso complesso: condizioni ambientali estreme, scelte tecniche e variabili impreviste rendono difficile l&#8217;accertamento di eventuali responsabilit\u00e0. In questo contesto nasce una nuova specializzazione per le Guide Alpine Italiane, pensata per formare esperti in grado di mettere a disposizione della giustizia competenze specifiche e aggiornate sull&#8217;ambiente [&hellip;]\" \/>\n<meta property=\"og:url\" content=\"https:\/\/www.bellunopress.it\/fr\/2026\/05\/07\/quando-lincidente-finisce-in-tribunale-nasce-il-perito-delle-guide-alpine\/\" \/>\n<meta property=\"og:site_name\" content=\"Bellunopress - Dolomiti\" \/>\n<meta property=\"article:publisher\" content=\"https:\/\/www.facebook.com\/profile.php?id=100008943462799\" \/>\n<meta property=\"article:published_time\" content=\"2026-05-07T08:08:19+00:00\" \/>\n<meta property=\"article:modified_time\" content=\"2026-05-07T08:09:11+00:00\" \/>\n<meta property=\"og:image\" content=\"https:\/\/www.bellunopress.it\/wp-content\/uploads\/2026\/05\/Edy-Grange-foto-Marco-Spataro.jpeg\" \/>\n\t<meta property=\"og:image:width\" content=\"500\" \/>\n\t<meta property=\"og:image:height\" content=\"454\" \/>\n\t<meta property=\"og:image:type\" content=\"image\/jpeg\" \/>\n<meta name=\"author\" content=\"redazione\" \/>\n<meta name=\"twitter:card\" content=\"summary_large_image\" \/>\n<meta name=\"twitter:creator\" content=\"@bellunopress\" \/>\n<meta name=\"twitter:site\" content=\"@bellunopress\" \/>\n<meta name=\"twitter:label1\" content=\"\u00c9crit par\" \/>\n\t<meta name=\"twitter:data1\" content=\"redazione\" \/>\n\t<meta name=\"twitter:label2\" content=\"Dur\u00e9e de lecture estim\u00e9e\" \/>\n\t<meta name=\"twitter:data2\" content=\"4 minutes\" \/>\n<script type=\"application\/ld+json\" class=\"yoast-schema-graph\">{\"@context\":\"https:\\\/\\\/schema.org\",\"@graph\":[{\"@type\":\"Article\",\"@id\":\"https:\\\/\\\/www.bellunopress.it\\\/2026\\\/05\\\/07\\\/quando-lincidente-finisce-in-tribunale-nasce-il-perito-delle-guide-alpine\\\/#article\",\"isPartOf\":{\"@id\":\"https:\\\/\\\/www.bellunopress.it\\\/2026\\\/05\\\/07\\\/quando-lincidente-finisce-in-tribunale-nasce-il-perito-delle-guide-alpine\\\/\"},\"author\":{\"name\":\"redazione\",\"@id\":\"https:\\\/\\\/www.bellunopress.it\\\/#\\\/schema\\\/person\\\/79bb06722b37ece1c03d3e94beb30d73\"},\"headline\":\"Quando l&#8217;incidente finisce in tribunale. Nasce il perito delle Guide Alpine\",\"datePublished\":\"2026-05-07T08:08:19+00:00\",\"dateModified\":\"2026-05-07T08:09:11+00:00\",\"mainEntityOfPage\":{\"@id\":\"https:\\\/\\\/www.bellunopress.it\\\/2026\\\/05\\\/07\\\/quando-lincidente-finisce-in-tribunale-nasce-il-perito-delle-guide-alpine\\\/\"},\"wordCount\":563,\"publisher\":{\"@id\":\"https:\\\/\\\/www.bellunopress.it\\\/#organization\"},\"image\":{\"@id\":\"https:\\\/\\\/www.bellunopress.it\\\/2026\\\/05\\\/07\\\/quando-lincidente-finisce-in-tribunale-nasce-il-perito-delle-guide-alpine\\\/#primaryimage\"},\"thumbnailUrl\":\"https:\\\/\\\/www.bellunopress.it\\\/wp-content\\\/uploads\\\/2026\\\/05\\\/Edy-Grange-foto-Marco-Spataro.jpeg\",\"articleSection\":[\"Lavoro, Economia, Turismo\"],\"inLanguage\":\"fr-FR\"},{\"@type\":\"WebPage\",\"@id\":\"https:\\\/\\\/www.bellunopress.it\\\/2026\\\/05\\\/07\\\/quando-lincidente-finisce-in-tribunale-nasce-il-perito-delle-guide-alpine\\\/\",\"url\":\"https:\\\/\\\/www.bellunopress.it\\\/2026\\\/05\\\/07\\\/quando-lincidente-finisce-in-tribunale-nasce-il-perito-delle-guide-alpine\\\/\",\"name\":\"Quando l'incidente finisce in tribunale. Nasce il perito delle Guide Alpine - Bellunopress - Dolomiti\",\"isPartOf\":{\"@id\":\"https:\\\/\\\/www.bellunopress.it\\\/#website\"},\"primaryImageOfPage\":{\"@id\":\"https:\\\/\\\/www.bellunopress.it\\\/2026\\\/05\\\/07\\\/quando-lincidente-finisce-in-tribunale-nasce-il-perito-delle-guide-alpine\\\/#primaryimage\"},\"image\":{\"@id\":\"https:\\\/\\\/www.bellunopress.it\\\/2026\\\/05\\\/07\\\/quando-lincidente-finisce-in-tribunale-nasce-il-perito-delle-guide-alpine\\\/#primaryimage\"},\"thumbnailUrl\":\"https:\\\/\\\/www.bellunopress.it\\\/wp-content\\\/uploads\\\/2026\\\/05\\\/Edy-Grange-foto-Marco-Spataro.jpeg\",\"datePublished\":\"2026-05-07T08:08:19+00:00\",\"dateModified\":\"2026-05-07T08:09:11+00:00\",\"breadcrumb\":{\"@id\":\"https:\\\/\\\/www.bellunopress.it\\\/2026\\\/05\\\/07\\\/quando-lincidente-finisce-in-tribunale-nasce-il-perito-delle-guide-alpine\\\/#breadcrumb\"},\"inLanguage\":\"fr-FR\",\"potentialAction\":[{\"@type\":\"ReadAction\",\"target\":[\"https:\\\/\\\/www.bellunopress.it\\\/2026\\\/05\\\/07\\\/quando-lincidente-finisce-in-tribunale-nasce-il-perito-delle-guide-alpine\\\/\"]}]},{\"@type\":\"ImageObject\",\"inLanguage\":\"fr-FR\",\"@id\":\"https:\\\/\\\/www.bellunopress.it\\\/2026\\\/05\\\/07\\\/quando-lincidente-finisce-in-tribunale-nasce-il-perito-delle-guide-alpine\\\/#primaryimage\",\"url\":\"https:\\\/\\\/www.bellunopress.it\\\/wp-content\\\/uploads\\\/2026\\\/05\\\/Edy-Grange-foto-Marco-Spataro.jpeg\",\"contentUrl\":\"https:\\\/\\\/www.bellunopress.it\\\/wp-content\\\/uploads\\\/2026\\\/05\\\/Edy-Grange-foto-Marco-Spataro.jpeg\",\"width\":500,\"height\":454,\"caption\":\"Edy Grange -\u00a0Guida Alpina della Valle d'Aosta e consulente tecnico in ambito giudiziario (Foto: Marco Spataro)\"},{\"@type\":\"BreadcrumbList\",\"@id\":\"https:\\\/\\\/www.bellunopress.it\\\/2026\\\/05\\\/07\\\/quando-lincidente-finisce-in-tribunale-nasce-il-perito-delle-guide-alpine\\\/#breadcrumb\",\"itemListElement\":[{\"@type\":\"ListItem\",\"position\":1,\"name\":\"Home\",\"item\":\"https:\\\/\\\/www.bellunopress.it\\\/\"},{\"@type\":\"ListItem\",\"position\":2,\"name\":\"Quando l&#8217;incidente finisce in tribunale. Nasce il perito delle Guide Alpine\"}]},{\"@type\":\"WebSite\",\"@id\":\"https:\\\/\\\/www.bellunopress.it\\\/#website\",\"url\":\"https:\\\/\\\/www.bellunopress.it\\\/\",\"name\":\"Bellunopress - Dolomiti\",\"description\":\"e-mail: redazione@bellunopress.it\",\"publisher\":{\"@id\":\"https:\\\/\\\/www.bellunopress.it\\\/#organization\"},\"potentialAction\":[{\"@type\":\"SearchAction\",\"target\":{\"@type\":\"EntryPoint\",\"urlTemplate\":\"https:\\\/\\\/www.bellunopress.it\\\/?s={search_term_string}\"},\"query-input\":{\"@type\":\"PropertyValueSpecification\",\"valueRequired\":true,\"valueName\":\"search_term_string\"}}],\"inLanguage\":\"fr-FR\"},{\"@type\":\"Organization\",\"@id\":\"https:\\\/\\\/www.bellunopress.it\\\/#organization\",\"name\":\"Bellunopress\",\"url\":\"https:\\\/\\\/www.bellunopress.it\\\/\",\"logo\":{\"@type\":\"ImageObject\",\"inLanguage\":\"fr-FR\",\"@id\":\"https:\\\/\\\/www.bellunopress.it\\\/#\\\/schema\\\/logo\\\/image\\\/\",\"url\":\"https:\\\/\\\/www.bellunopress.it\\\/wp-content\\\/uploads\\\/2011\\\/05\\\/cropped-logo-bellunopress-.jpg\",\"contentUrl\":\"https:\\\/\\\/www.bellunopress.it\\\/wp-content\\\/uploads\\\/2011\\\/05\\\/cropped-logo-bellunopress-.jpg\",\"width\":512,\"height\":512,\"caption\":\"Bellunopress\"},\"image\":{\"@id\":\"https:\\\/\\\/www.bellunopress.it\\\/#\\\/schema\\\/logo\\\/image\\\/\"},\"sameAs\":[\"https:\\\/\\\/www.facebook.com\\\/profile.php?id=100008943462799\",\"https:\\\/\\\/x.com\\\/bellunopress\",\"https:\\\/\\\/www.linkedin.com\\\/hp\\\/?dnr=JBzUWaJfMUw8vbXJJ2tVW5-I3jZKvC4wsoxE&amp;amp;amp;amp;amp;amp;trk=nav_responsive_tab_home\",\"https:\\\/\\\/www.youtube.com\\\/channel\\\/UCxL0wu1uN0_3_7hGG0306cw\"]},{\"@type\":\"Person\",\"@id\":\"https:\\\/\\\/www.bellunopress.it\\\/#\\\/schema\\\/person\\\/79bb06722b37ece1c03d3e94beb30d73\",\"name\":\"redazione\",\"image\":{\"@type\":\"ImageObject\",\"inLanguage\":\"fr-FR\",\"@id\":\"https:\\\/\\\/secure.gravatar.com\\\/avatar\\\/37d968a2e67a6fd04c169c4bdef102d0bc5d31b2546345219e348575eb80e9a0?s=96&d=mm&r=g\",\"url\":\"https:\\\/\\\/secure.gravatar.com\\\/avatar\\\/37d968a2e67a6fd04c169c4bdef102d0bc5d31b2546345219e348575eb80e9a0?s=96&d=mm&r=g\",\"contentUrl\":\"https:\\\/\\\/secure.gravatar.com\\\/avatar\\\/37d968a2e67a6fd04c169c4bdef102d0bc5d31b2546345219e348575eb80e9a0?s=96&d=mm&r=g\",\"caption\":\"redazione\"},\"sameAs\":[\"http:\\\/\\\/www.bellunopress.it\",\"https:\\\/\\\/x.com\\\/bellunopress\"],\"url\":\"https:\\\/\\\/www.bellunopress.it\\\/fr\\\/author\\\/redazione\\\/\"}]}<\/script>\n<!-- \/ Yoast SEO plugin. -->","yoast_head_json":{"title":"Quando l'incidente finisce in tribunale. Nasce il perito delle Guide Alpine - Bellunopress - Dolomiti","robots":{"index":"index","follow":"follow","max-snippet":"max-snippet:-1","max-image-preview":"max-image-preview:large","max-video-preview":"max-video-preview:-1"},"canonical":"https:\/\/www.bellunopress.it\/fr\/2026\/05\/07\/quando-lincidente-finisce-in-tribunale-nasce-il-perito-delle-guide-alpine\/","og_locale":"fr_FR","og_type":"article","og_title":"Quando l'incidente finisce in tribunale. Nasce il perito delle Guide Alpine - Bellunopress - Dolomiti","og_description":"Quando si verificano incidenti in montagna, ricostruire i fatti \u00e8 spesso complesso: condizioni ambientali estreme, scelte tecniche e variabili impreviste rendono difficile l&#8217;accertamento di eventuali responsabilit\u00e0. In questo contesto nasce una nuova specializzazione per le Guide Alpine Italiane, pensata per formare esperti in grado di mettere a disposizione della giustizia competenze specifiche e aggiornate sull&#8217;ambiente [&hellip;]","og_url":"https:\/\/www.bellunopress.it\/fr\/2026\/05\/07\/quando-lincidente-finisce-in-tribunale-nasce-il-perito-delle-guide-alpine\/","og_site_name":"Bellunopress - Dolomiti","article_publisher":"https:\/\/www.facebook.com\/profile.php?id=100008943462799","article_published_time":"2026-05-07T08:08:19+00:00","article_modified_time":"2026-05-07T08:09:11+00:00","og_image":[{"width":500,"height":454,"url":"https:\/\/www.bellunopress.it\/wp-content\/uploads\/2026\/05\/Edy-Grange-foto-Marco-Spataro.jpeg","type":"image\/jpeg"}],"author":"redazione","twitter_card":"summary_large_image","twitter_creator":"@bellunopress","twitter_site":"@bellunopress","twitter_misc":{"\u00c9crit par":"redazione","Dur\u00e9e de lecture estim\u00e9e":"4 minutes"},"schema":{"@context":"https:\/\/schema.org","@graph":[{"@type":"Article","@id":"https:\/\/www.bellunopress.it\/2026\/05\/07\/quando-lincidente-finisce-in-tribunale-nasce-il-perito-delle-guide-alpine\/#article","isPartOf":{"@id":"https:\/\/www.bellunopress.it\/2026\/05\/07\/quando-lincidente-finisce-in-tribunale-nasce-il-perito-delle-guide-alpine\/"},"author":{"name":"redazione","@id":"https:\/\/www.bellunopress.it\/#\/schema\/person\/79bb06722b37ece1c03d3e94beb30d73"},"headline":"Quando l&#8217;incidente finisce in tribunale. Nasce il perito delle Guide Alpine","datePublished":"2026-05-07T08:08:19+00:00","dateModified":"2026-05-07T08:09:11+00:00","mainEntityOfPage":{"@id":"https:\/\/www.bellunopress.it\/2026\/05\/07\/quando-lincidente-finisce-in-tribunale-nasce-il-perito-delle-guide-alpine\/"},"wordCount":563,"publisher":{"@id":"https:\/\/www.bellunopress.it\/#organization"},"image":{"@id":"https:\/\/www.bellunopress.it\/2026\/05\/07\/quando-lincidente-finisce-in-tribunale-nasce-il-perito-delle-guide-alpine\/#primaryimage"},"thumbnailUrl":"https:\/\/www.bellunopress.it\/wp-content\/uploads\/2026\/05\/Edy-Grange-foto-Marco-Spataro.jpeg","articleSection":["Lavoro, Economia, Turismo"],"inLanguage":"fr-FR"},{"@type":"WebPage","@id":"https:\/\/www.bellunopress.it\/2026\/05\/07\/quando-lincidente-finisce-in-tribunale-nasce-il-perito-delle-guide-alpine\/","url":"https:\/\/www.bellunopress.it\/2026\/05\/07\/quando-lincidente-finisce-in-tribunale-nasce-il-perito-delle-guide-alpine\/","name":"Quando l'incidente finisce in tribunale. Nasce il perito delle Guide Alpine - Bellunopress - Dolomiti","isPartOf":{"@id":"https:\/\/www.bellunopress.it\/#website"},"primaryImageOfPage":{"@id":"https:\/\/www.bellunopress.it\/2026\/05\/07\/quando-lincidente-finisce-in-tribunale-nasce-il-perito-delle-guide-alpine\/#primaryimage"},"image":{"@id":"https:\/\/www.bellunopress.it\/2026\/05\/07\/quando-lincidente-finisce-in-tribunale-nasce-il-perito-delle-guide-alpine\/#primaryimage"},"thumbnailUrl":"https:\/\/www.bellunopress.it\/wp-content\/uploads\/2026\/05\/Edy-Grange-foto-Marco-Spataro.jpeg","datePublished":"2026-05-07T08:08:19+00:00","dateModified":"2026-05-07T08:09:11+00:00","breadcrumb":{"@id":"https:\/\/www.bellunopress.it\/2026\/05\/07\/quando-lincidente-finisce-in-tribunale-nasce-il-perito-delle-guide-alpine\/#breadcrumb"},"inLanguage":"fr-FR","potentialAction":[{"@type":"ReadAction","target":["https:\/\/www.bellunopress.it\/2026\/05\/07\/quando-lincidente-finisce-in-tribunale-nasce-il-perito-delle-guide-alpine\/"]}]},{"@type":"ImageObject","inLanguage":"fr-FR","@id":"https:\/\/www.bellunopress.it\/2026\/05\/07\/quando-lincidente-finisce-in-tribunale-nasce-il-perito-delle-guide-alpine\/#primaryimage","url":"https:\/\/www.bellunopress.it\/wp-content\/uploads\/2026\/05\/Edy-Grange-foto-Marco-Spataro.jpeg","contentUrl":"https:\/\/www.bellunopress.it\/wp-content\/uploads\/2026\/05\/Edy-Grange-foto-Marco-Spataro.jpeg","width":500,"height":454,"caption":"Edy Grange -\u00a0Guida Alpina della Valle d'Aosta e consulente tecnico in ambito giudiziario (Foto: Marco Spataro)"},{"@type":"BreadcrumbList","@id":"https:\/\/www.bellunopress.it\/2026\/05\/07\/quando-lincidente-finisce-in-tribunale-nasce-il-perito-delle-guide-alpine\/#breadcrumb","itemListElement":[{"@type":"ListItem","position":1,"name":"Home","item":"https:\/\/www.bellunopress.it\/"},{"@type":"ListItem","position":2,"name":"Quando l&#8217;incidente finisce in tribunale. Nasce il perito delle Guide Alpine"}]},{"@type":"WebSite","@id":"https:\/\/www.bellunopress.it\/#website","url":"https:\/\/www.bellunopress.it\/","name":"Bellunopress - Dolomiti","description":"e-mail: redazione@bellunopress.it","publisher":{"@id":"https:\/\/www.bellunopress.it\/#organization"},"potentialAction":[{"@type":"SearchAction","target":{"@type":"EntryPoint","urlTemplate":"https:\/\/www.bellunopress.it\/?s={search_term_string}"},"query-input":{"@type":"PropertyValueSpecification","valueRequired":true,"valueName":"search_term_string"}}],"inLanguage":"fr-FR"},{"@type":"Organization","@id":"https:\/\/www.bellunopress.it\/#organization","name":"Bellunopress","url":"https:\/\/www.bellunopress.it\/","logo":{"@type":"ImageObject","inLanguage":"fr-FR","@id":"https:\/\/www.bellunopress.it\/#\/schema\/logo\/image\/","url":"https:\/\/www.bellunopress.it\/wp-content\/uploads\/2011\/05\/cropped-logo-bellunopress-.jpg","contentUrl":"https:\/\/www.bellunopress.it\/wp-content\/uploads\/2011\/05\/cropped-logo-bellunopress-.jpg","width":512,"height":512,"caption":"Bellunopress"},"image":{"@id":"https:\/\/www.bellunopress.it\/#\/schema\/logo\/image\/"},"sameAs":["https:\/\/www.facebook.com\/profile.php?id=100008943462799","https:\/\/x.com\/bellunopress","https:\/\/www.linkedin.com\/hp\/?dnr=JBzUWaJfMUw8vbXJJ2tVW5-I3jZKvC4wsoxE&amp;amp;amp;amp;amp;amp;trk=nav_responsive_tab_home","https:\/\/www.youtube.com\/channel\/UCxL0wu1uN0_3_7hGG0306cw"]},{"@type":"Person","@id":"https:\/\/www.bellunopress.it\/#\/schema\/person\/79bb06722b37ece1c03d3e94beb30d73","name":"r\u00e9daction","image":{"@type":"ImageObject","inLanguage":"fr-FR","@id":"https:\/\/secure.gravatar.com\/avatar\/37d968a2e67a6fd04c169c4bdef102d0bc5d31b2546345219e348575eb80e9a0?s=96&d=mm&r=g","url":"https:\/\/secure.gravatar.com\/avatar\/37d968a2e67a6fd04c169c4bdef102d0bc5d31b2546345219e348575eb80e9a0?s=96&d=mm&r=g","contentUrl":"https:\/\/secure.gravatar.com\/avatar\/37d968a2e67a6fd04c169c4bdef102d0bc5d31b2546345219e348575eb80e9a0?s=96&d=mm&r=g","caption":"redazione"},"sameAs":["http:\/\/www.bellunopress.it","https:\/\/x.com\/bellunopress"],"url":"https:\/\/www.bellunopress.it\/fr\/author\/redazione\/"}]}},"_links":{"self":[{"href":"https:\/\/www.bellunopress.it\/fr\/wp-json\/wp\/v2\/posts\/169872","targetHints":{"allow":["GET"]}}],"collection":[{"href":"https:\/\/www.bellunopress.it\/fr\/wp-json\/wp\/v2\/posts"}],"about":[{"href":"https:\/\/www.bellunopress.it\/fr\/wp-json\/wp\/v2\/types\/post"}],"author":[{"embeddable":true,"href":"https:\/\/www.bellunopress.it\/fr\/wp-json\/wp\/v2\/users\/2"}],"replies":[{"embeddable":true,"href":"https:\/\/www.bellunopress.it\/fr\/wp-json\/wp\/v2\/comments?post=169872"}],"version-history":[{"count":2,"href":"https:\/\/www.bellunopress.it\/fr\/wp-json\/wp\/v2\/posts\/169872\/revisions"}],"predecessor-version":[{"id":169875,"href":"https:\/\/www.bellunopress.it\/fr\/wp-json\/wp\/v2\/posts\/169872\/revisions\/169875"}],"wp:featuredmedia":[{"embeddable":true,"href":"https:\/\/www.bellunopress.it\/fr\/wp-json\/wp\/v2\/media\/169873"}],"wp:attachment":[{"href":"https:\/\/www.bellunopress.it\/fr\/wp-json\/wp\/v2\/media?parent=169872"}],"wp:term":[{"taxonomy":"category","embeddable":true,"href":"https:\/\/www.bellunopress.it\/fr\/wp-json\/wp\/v2\/categories?post=169872"},{"taxonomy":"post_tag","embeddable":true,"href":"https:\/\/www.bellunopress.it\/fr\/wp-json\/wp\/v2\/tags?post=169872"}],"curies":[{"name":"wp","href":"https:\/\/api.w.org\/{rel}","templated":true}]}}