{"id":16986,"date":"2010-07-06T23:03:12","date_gmt":"2010-07-06T22:03:12","guid":{"rendered":"http:\/\/www.bellunopress.it\/?p=16986"},"modified":"2010-07-06T23:03:12","modified_gmt":"2010-07-06T22:03:12","slug":"ozono-andamento-e-previsioni-dellarpav","status":"publish","type":"post","link":"https:\/\/www.bellunopress.it\/fr\/2010\/07\/06\/ozono-andamento-e-previsioni-dellarpav\/","title":{"rendered":"Ozono, andamento e previsioni dell&#8217;Arpav"},"content":{"rendered":"<p><a href=\"http:\/\/www.bellunopress.it\/wp-content\/uploads\/2009\/09\/arpav.gif\"><img loading=\"lazy\" decoding=\"async\" class=\"alignleft size-medium wp-image-8327\" title=\"arpav\" src=\"http:\/\/www.bellunopress.it\/wp-content\/uploads\/2009\/09\/arpav.gif\" alt=\"\" width=\"190\" height=\"40\" \/><\/a>L\u2019inizio dell\u2019estate ha portato con s\u00e9 tutte le condizioni favorevoli alla formazione di accumulo di ozono. Dai primi giorni di luglio il cielo sereno, le scarse precipitazioni unite a temperature elevate e alla debole ventilazione hanno determinato elevate concentrazioni di ozono, che nelle ore pi\u00f9 calde della giornata, dalle 13 alle 18, hanno raggiunto i valori pi\u00f9 elevati per poi diminuire durante le ore notturne.<br \/>\nLe stazioni di monitoraggio della qualit\u00e0 dell\u2019aria del Veneto hanno registrato valori di ozono superiori a 180 microgrammi per metro cubo, livello oltre il quale vi \u00e8 un rischio per la salute umana in caso per alcuni gruppi particolarmente sensibili della popolazione ad esempio anziani e bambini. Sono risultate critiche soprattutto le giornate del 2 e 3 luglio, in cui si sono verificati anche valori massimi di concentrazione prossimi ma non ancora eccedenti la soglia di allarme di 240 microgrammi per metro cubo, definita come il livello oltre il quale vi \u00e8 un rischio per la salute umana in caso di esposizione di breve durata.<br \/>\nIn Veneto la zona pi\u00f9 interessata dall\u2019inquinamento da ozono corrisponde alla pianura interna in particolare le province di Verona e Vicenza. Le province di Padova e Treviso sono caratterizzate da una situazione intermedia di inquinamento da ozono, anche se nella stazione di Treviso-Via Lancieri sono stati registrati valori prossimi alla soglia di allarme il giorno 3 luglio. La situazione \u00e8 migliore nella fascia litoranea che interessa le province di Rovigo e Venezia, oltre che nella provincia di Belluno dove si registra il numero minimo di superamenti della soglia di informazione.<br \/>\nLa situazione \u00e8 migliorata domenica 4 luglio ed \u00e8 rientrata nella normalit\u00e0 il 5 luglio, grazie al tempo variabile a tratti instabile e ad un aumento della ventilazione che hanno determinato una minor formazione di ozono e contribuito alla dispersione. La tendenza meteorologica per i prossimi giorni prevede una ripresa del tempo stabile con conseguente nuovo peggioramento della qualit\u00e0 dell\u2019aria a partire da gioved\u00ec 8 luglio.<br \/>\nPer maggiori informazioni i dati in tempo reale sull\u2019ozono si possono consultare su <a href=\"http:\/\/www.arpa.veneto.it\/bollettini\/htm\/rete_ozono.asp\">http:\/\/www.arpa.veneto.it\/bollettini\/htm\/rete_ozono.asp<\/a>. E\u2019 inoltre attivo un servizio automatico di informazione via e-mail, diretto a tutti i Comuni e le AUSSL del Veneto, che comunica l\u2019avvenuto superamento delle soglie di informazione ed allarme per la protezione della salute umana.<\/p>","protected":false},"excerpt":{"rendered":"<p>L\u2019inizio dell\u2019estate ha portato con s\u00e9 tutte le condizioni favorevoli alla formazione di accumulo di ozono. Dai primi giorni di luglio il cielo sereno, le scarse precipitazioni unite a temperature elevate e alla debole ventilazione hanno determinato elevate concentrazioni di ozono, che nelle ore pi\u00f9 calde della giornata, dalle 13 alle 18, hanno raggiunto i [&hellip;]<\/p>\n","protected":false},"author":2,"featured_media":0,"comment_status":"closed","ping_status":"open","sticky":false,"template":"","format":"standard","meta":{"footnotes":""},"categories":[26,17],"tags":[235,1956],"class_list":["post-16986","post","type-post","status-publish","format-standard","category-prima-pagina","category-sanita","tag-arpav","tag-ozono"],"yoast_head":"<!-- This site is optimized with the Yoast SEO plugin v28.4 - https:\/\/yoast.com\/product\/yoast-seo-wordpress\/ -->\n<title>Ozono, andamento e previsioni dell&#039;Arpav - Bellunopress - Dolomiti<\/title>\n<meta name=\"robots\" content=\"index, follow, max-snippet:-1, max-image-preview:large, max-video-preview:-1\" \/>\n<link rel=\"canonical\" href=\"https:\/\/www.bellunopress.it\/fr\/2010\/07\/06\/ozono-andamento-e-previsioni-dellarpav\/\" \/>\n<meta property=\"og:locale\" content=\"fr_FR\" \/>\n<meta property=\"og:type\" content=\"article\" \/>\n<meta property=\"og:title\" content=\"Ozono, andamento e previsioni dell&#039;Arpav - Bellunopress - Dolomiti\" \/>\n<meta property=\"og:description\" content=\"L\u2019inizio dell\u2019estate ha portato con s\u00e9 tutte le condizioni favorevoli alla formazione di accumulo di ozono. Dai primi giorni di luglio il cielo sereno, le scarse precipitazioni unite a temperature elevate e alla debole ventilazione hanno determinato elevate concentrazioni di ozono, che nelle ore pi\u00f9 calde della giornata, dalle 13 alle 18, hanno raggiunto i [&hellip;]\" \/>\n<meta property=\"og:url\" content=\"https:\/\/www.bellunopress.it\/fr\/2010\/07\/06\/ozono-andamento-e-previsioni-dellarpav\/\" \/>\n<meta property=\"og:site_name\" content=\"Bellunopress - Dolomiti\" \/>\n<meta property=\"article:publisher\" content=\"https:\/\/www.facebook.com\/profile.php?id=100008943462799\" \/>\n<meta property=\"article:published_time\" content=\"2010-07-06T22:03:12+00:00\" \/>\n<meta property=\"og:image\" content=\"http:\/\/www.bellunopress.it\/wp-content\/uploads\/2009\/09\/arpav.gif\" \/>\n<meta name=\"author\" content=\"redazione\" \/>\n<meta name=\"twitter:card\" content=\"summary_large_image\" \/>\n<meta name=\"twitter:creator\" content=\"@bellunopress\" \/>\n<meta name=\"twitter:site\" content=\"@bellunopress\" \/>\n<meta name=\"twitter:label1\" content=\"\u00c9crit par\" \/>\n\t<meta name=\"twitter:data1\" content=\"redazione\" \/>\n\t<meta name=\"twitter:label2\" content=\"Dur\u00e9e de lecture estim\u00e9e\" \/>\n\t<meta name=\"twitter:data2\" content=\"2 minutes\" \/>\n<script type=\"application\/ld+json\" class=\"yoast-schema-graph\">{\"@context\":\"https:\\\/\\\/schema.org\",\"@graph\":[{\"@type\":\"Article\",\"@id\":\"https:\\\/\\\/www.bellunopress.it\\\/2010\\\/07\\\/06\\\/ozono-andamento-e-previsioni-dellarpav\\\/#article\",\"isPartOf\":{\"@id\":\"https:\\\/\\\/www.bellunopress.it\\\/2010\\\/07\\\/06\\\/ozono-andamento-e-previsioni-dellarpav\\\/\"},\"author\":{\"name\":\"redazione\",\"@id\":\"https:\\\/\\\/www.bellunopress.it\\\/#\\\/schema\\\/person\\\/79bb06722b37ece1c03d3e94beb30d73\"},\"headline\":\"Ozono, andamento e previsioni dell&#8217;Arpav\",\"datePublished\":\"2010-07-06T22:03:12+00:00\",\"mainEntityOfPage\":{\"@id\":\"https:\\\/\\\/www.bellunopress.it\\\/2010\\\/07\\\/06\\\/ozono-andamento-e-previsioni-dellarpav\\\/\"},\"wordCount\":383,\"publisher\":{\"@id\":\"https:\\\/\\\/www.bellunopress.it\\\/#organization\"},\"image\":{\"@id\":\"https:\\\/\\\/www.bellunopress.it\\\/2010\\\/07\\\/06\\\/ozono-andamento-e-previsioni-dellarpav\\\/#primaryimage\"},\"thumbnailUrl\":\"http:\\\/\\\/www.bellunopress.it\\\/wp-content\\\/uploads\\\/2009\\\/09\\\/arpav.gif\",\"keywords\":[\"Arpav\",\"ozono\"],\"articleSection\":[\"Prima Pagina\",\"Sanit\u00e0 Medicina\"],\"inLanguage\":\"fr-FR\"},{\"@type\":\"WebPage\",\"@id\":\"https:\\\/\\\/www.bellunopress.it\\\/2010\\\/07\\\/06\\\/ozono-andamento-e-previsioni-dellarpav\\\/\",\"url\":\"https:\\\/\\\/www.bellunopress.it\\\/2010\\\/07\\\/06\\\/ozono-andamento-e-previsioni-dellarpav\\\/\",\"name\":\"Ozono, andamento e previsioni dell'Arpav - Bellunopress - Dolomiti\",\"isPartOf\":{\"@id\":\"https:\\\/\\\/www.bellunopress.it\\\/#website\"},\"primaryImageOfPage\":{\"@id\":\"https:\\\/\\\/www.bellunopress.it\\\/2010\\\/07\\\/06\\\/ozono-andamento-e-previsioni-dellarpav\\\/#primaryimage\"},\"image\":{\"@id\":\"https:\\\/\\\/www.bellunopress.it\\\/2010\\\/07\\\/06\\\/ozono-andamento-e-previsioni-dellarpav\\\/#primaryimage\"},\"thumbnailUrl\":\"http:\\\/\\\/www.bellunopress.it\\\/wp-content\\\/uploads\\\/2009\\\/09\\\/arpav.gif\",\"datePublished\":\"2010-07-06T22:03:12+00:00\",\"breadcrumb\":{\"@id\":\"https:\\\/\\\/www.bellunopress.it\\\/2010\\\/07\\\/06\\\/ozono-andamento-e-previsioni-dellarpav\\\/#breadcrumb\"},\"inLanguage\":\"fr-FR\",\"potentialAction\":[{\"@type\":\"ReadAction\",\"target\":[\"https:\\\/\\\/www.bellunopress.it\\\/2010\\\/07\\\/06\\\/ozono-andamento-e-previsioni-dellarpav\\\/\"]}]},{\"@type\":\"ImageObject\",\"inLanguage\":\"fr-FR\",\"@id\":\"https:\\\/\\\/www.bellunopress.it\\\/2010\\\/07\\\/06\\\/ozono-andamento-e-previsioni-dellarpav\\\/#primaryimage\",\"url\":\"http:\\\/\\\/www.bellunopress.it\\\/wp-content\\\/uploads\\\/2009\\\/09\\\/arpav.gif\",\"contentUrl\":\"http:\\\/\\\/www.bellunopress.it\\\/wp-content\\\/uploads\\\/2009\\\/09\\\/arpav.gif\"},{\"@type\":\"BreadcrumbList\",\"@id\":\"https:\\\/\\\/www.bellunopress.it\\\/2010\\\/07\\\/06\\\/ozono-andamento-e-previsioni-dellarpav\\\/#breadcrumb\",\"itemListElement\":[{\"@type\":\"ListItem\",\"position\":1,\"name\":\"Home\",\"item\":\"https:\\\/\\\/www.bellunopress.it\\\/\"},{\"@type\":\"ListItem\",\"position\":2,\"name\":\"Ozono, andamento e previsioni dell&#8217;Arpav\"}]},{\"@type\":\"WebSite\",\"@id\":\"https:\\\/\\\/www.bellunopress.it\\\/#website\",\"url\":\"https:\\\/\\\/www.bellunopress.it\\\/\",\"name\":\"Bellunopress - Dolomiti\",\"description\":\"e-mail: redazione@bellunopress.it\",\"publisher\":{\"@id\":\"https:\\\/\\\/www.bellunopress.it\\\/#organization\"},\"potentialAction\":[{\"@type\":\"SearchAction\",\"target\":{\"@type\":\"EntryPoint\",\"urlTemplate\":\"https:\\\/\\\/www.bellunopress.it\\\/?s={search_term_string}\"},\"query-input\":{\"@type\":\"PropertyValueSpecification\",\"valueRequired\":true,\"valueName\":\"search_term_string\"}}],\"inLanguage\":\"fr-FR\"},{\"@type\":\"Organization\",\"@id\":\"https:\\\/\\\/www.bellunopress.it\\\/#organization\",\"name\":\"Bellunopress\",\"url\":\"https:\\\/\\\/www.bellunopress.it\\\/\",\"logo\":{\"@type\":\"ImageObject\",\"inLanguage\":\"fr-FR\",\"@id\":\"https:\\\/\\\/www.bellunopress.it\\\/#\\\/schema\\\/logo\\\/image\\\/\",\"url\":\"https:\\\/\\\/www.bellunopress.it\\\/wp-content\\\/uploads\\\/2011\\\/05\\\/cropped-logo-bellunopress-.jpg\",\"contentUrl\":\"https:\\\/\\\/www.bellunopress.it\\\/wp-content\\\/uploads\\\/2011\\\/05\\\/cropped-logo-bellunopress-.jpg\",\"width\":512,\"height\":512,\"caption\":\"Bellunopress\"},\"image\":{\"@id\":\"https:\\\/\\\/www.bellunopress.it\\\/#\\\/schema\\\/logo\\\/image\\\/\"},\"sameAs\":[\"https:\\\/\\\/www.facebook.com\\\/profile.php?id=100008943462799\",\"https:\\\/\\\/x.com\\\/bellunopress\",\"https:\\\/\\\/www.linkedin.com\\\/hp\\\/?dnr=JBzUWaJfMUw8vbXJJ2tVW5-I3jZKvC4wsoxE&amp;amp;amp;amp;amp;amp;trk=nav_responsive_tab_home\",\"https:\\\/\\\/www.youtube.com\\\/channel\\\/UCxL0wu1uN0_3_7hGG0306cw\"]},{\"@type\":\"Person\",\"@id\":\"https:\\\/\\\/www.bellunopress.it\\\/#\\\/schema\\\/person\\\/79bb06722b37ece1c03d3e94beb30d73\",\"name\":\"redazione\",\"image\":{\"@type\":\"ImageObject\",\"inLanguage\":\"fr-FR\",\"@id\":\"https:\\\/\\\/secure.gravatar.com\\\/avatar\\\/37d968a2e67a6fd04c169c4bdef102d0bc5d31b2546345219e348575eb80e9a0?s=96&d=mm&r=g\",\"url\":\"https:\\\/\\\/secure.gravatar.com\\\/avatar\\\/37d968a2e67a6fd04c169c4bdef102d0bc5d31b2546345219e348575eb80e9a0?s=96&d=mm&r=g\",\"contentUrl\":\"https:\\\/\\\/secure.gravatar.com\\\/avatar\\\/37d968a2e67a6fd04c169c4bdef102d0bc5d31b2546345219e348575eb80e9a0?s=96&d=mm&r=g\",\"caption\":\"redazione\"},\"sameAs\":[\"http:\\\/\\\/www.bellunopress.it\",\"https:\\\/\\\/x.com\\\/bellunopress\"],\"url\":\"https:\\\/\\\/www.bellunopress.it\\\/fr\\\/author\\\/redazione\\\/\"}]}<\/script>\n<!-- \/ Yoast SEO plugin. -->","yoast_head_json":{"title":"Ozono, andamento e previsioni dell'Arpav - Bellunopress - Dolomiti","robots":{"index":"index","follow":"follow","max-snippet":"max-snippet:-1","max-image-preview":"max-image-preview:large","max-video-preview":"max-video-preview:-1"},"canonical":"https:\/\/www.bellunopress.it\/fr\/2010\/07\/06\/ozono-andamento-e-previsioni-dellarpav\/","og_locale":"fr_FR","og_type":"article","og_title":"Ozono, andamento e previsioni dell'Arpav - Bellunopress - Dolomiti","og_description":"L\u2019inizio dell\u2019estate ha portato con s\u00e9 tutte le condizioni favorevoli alla formazione di accumulo di ozono. Dai primi giorni di luglio il cielo sereno, le scarse precipitazioni unite a temperature elevate e alla debole ventilazione hanno determinato elevate concentrazioni di ozono, che nelle ore pi\u00f9 calde della giornata, dalle 13 alle 18, hanno raggiunto i [&hellip;]","og_url":"https:\/\/www.bellunopress.it\/fr\/2010\/07\/06\/ozono-andamento-e-previsioni-dellarpav\/","og_site_name":"Bellunopress - Dolomiti","article_publisher":"https:\/\/www.facebook.com\/profile.php?id=100008943462799","article_published_time":"2010-07-06T22:03:12+00:00","og_image":[{"url":"http:\/\/www.bellunopress.it\/wp-content\/uploads\/2009\/09\/arpav.gif","type":"","width":"","height":""}],"author":"redazione","twitter_card":"summary_large_image","twitter_creator":"@bellunopress","twitter_site":"@bellunopress","twitter_misc":{"\u00c9crit par":"redazione","Dur\u00e9e de lecture estim\u00e9e":"2 minutes"},"schema":{"@context":"https:\/\/schema.org","@graph":[{"@type":"Article","@id":"https:\/\/www.bellunopress.it\/2010\/07\/06\/ozono-andamento-e-previsioni-dellarpav\/#article","isPartOf":{"@id":"https:\/\/www.bellunopress.it\/2010\/07\/06\/ozono-andamento-e-previsioni-dellarpav\/"},"author":{"name":"redazione","@id":"https:\/\/www.bellunopress.it\/#\/schema\/person\/79bb06722b37ece1c03d3e94beb30d73"},"headline":"Ozono, andamento e previsioni dell&#8217;Arpav","datePublished":"2010-07-06T22:03:12+00:00","mainEntityOfPage":{"@id":"https:\/\/www.bellunopress.it\/2010\/07\/06\/ozono-andamento-e-previsioni-dellarpav\/"},"wordCount":383,"publisher":{"@id":"https:\/\/www.bellunopress.it\/#organization"},"image":{"@id":"https:\/\/www.bellunopress.it\/2010\/07\/06\/ozono-andamento-e-previsioni-dellarpav\/#primaryimage"},"thumbnailUrl":"http:\/\/www.bellunopress.it\/wp-content\/uploads\/2009\/09\/arpav.gif","keywords":["Arpav","ozono"],"articleSection":["Prima Pagina","Sanit\u00e0 Medicina"],"inLanguage":"fr-FR"},{"@type":"WebPage","@id":"https:\/\/www.bellunopress.it\/2010\/07\/06\/ozono-andamento-e-previsioni-dellarpav\/","url":"https:\/\/www.bellunopress.it\/2010\/07\/06\/ozono-andamento-e-previsioni-dellarpav\/","name":"Ozono, andamento e previsioni dell'Arpav - Bellunopress - Dolomiti","isPartOf":{"@id":"https:\/\/www.bellunopress.it\/#website"},"primaryImageOfPage":{"@id":"https:\/\/www.bellunopress.it\/2010\/07\/06\/ozono-andamento-e-previsioni-dellarpav\/#primaryimage"},"image":{"@id":"https:\/\/www.bellunopress.it\/2010\/07\/06\/ozono-andamento-e-previsioni-dellarpav\/#primaryimage"},"thumbnailUrl":"http:\/\/www.bellunopress.it\/wp-content\/uploads\/2009\/09\/arpav.gif","datePublished":"2010-07-06T22:03:12+00:00","breadcrumb":{"@id":"https:\/\/www.bellunopress.it\/2010\/07\/06\/ozono-andamento-e-previsioni-dellarpav\/#breadcrumb"},"inLanguage":"fr-FR","potentialAction":[{"@type":"ReadAction","target":["https:\/\/www.bellunopress.it\/2010\/07\/06\/ozono-andamento-e-previsioni-dellarpav\/"]}]},{"@type":"ImageObject","inLanguage":"fr-FR","@id":"https:\/\/www.bellunopress.it\/2010\/07\/06\/ozono-andamento-e-previsioni-dellarpav\/#primaryimage","url":"http:\/\/www.bellunopress.it\/wp-content\/uploads\/2009\/09\/arpav.gif","contentUrl":"http:\/\/www.bellunopress.it\/wp-content\/uploads\/2009\/09\/arpav.gif"},{"@type":"BreadcrumbList","@id":"https:\/\/www.bellunopress.it\/2010\/07\/06\/ozono-andamento-e-previsioni-dellarpav\/#breadcrumb","itemListElement":[{"@type":"ListItem","position":1,"name":"Home","item":"https:\/\/www.bellunopress.it\/"},{"@type":"ListItem","position":2,"name":"Ozono, andamento e previsioni dell&#8217;Arpav"}]},{"@type":"WebSite","@id":"https:\/\/www.bellunopress.it\/#website","url":"https:\/\/www.bellunopress.it\/","name":"Bellunopress - Dolomiti","description":"e-mail: redazione@bellunopress.it","publisher":{"@id":"https:\/\/www.bellunopress.it\/#organization"},"potentialAction":[{"@type":"SearchAction","target":{"@type":"EntryPoint","urlTemplate":"https:\/\/www.bellunopress.it\/?s={search_term_string}"},"query-input":{"@type":"PropertyValueSpecification","valueRequired":true,"valueName":"search_term_string"}}],"inLanguage":"fr-FR"},{"@type":"Organization","@id":"https:\/\/www.bellunopress.it\/#organization","name":"Bellunopress","url":"https:\/\/www.bellunopress.it\/","logo":{"@type":"ImageObject","inLanguage":"fr-FR","@id":"https:\/\/www.bellunopress.it\/#\/schema\/logo\/image\/","url":"https:\/\/www.bellunopress.it\/wp-content\/uploads\/2011\/05\/cropped-logo-bellunopress-.jpg","contentUrl":"https:\/\/www.bellunopress.it\/wp-content\/uploads\/2011\/05\/cropped-logo-bellunopress-.jpg","width":512,"height":512,"caption":"Bellunopress"},"image":{"@id":"https:\/\/www.bellunopress.it\/#\/schema\/logo\/image\/"},"sameAs":["https:\/\/www.facebook.com\/profile.php?id=100008943462799","https:\/\/x.com\/bellunopress","https:\/\/www.linkedin.com\/hp\/?dnr=JBzUWaJfMUw8vbXJJ2tVW5-I3jZKvC4wsoxE&amp;amp;amp;amp;amp;amp;trk=nav_responsive_tab_home","https:\/\/www.youtube.com\/channel\/UCxL0wu1uN0_3_7hGG0306cw"]},{"@type":"Person","@id":"https:\/\/www.bellunopress.it\/#\/schema\/person\/79bb06722b37ece1c03d3e94beb30d73","name":"r\u00e9daction","image":{"@type":"ImageObject","inLanguage":"fr-FR","@id":"https:\/\/secure.gravatar.com\/avatar\/37d968a2e67a6fd04c169c4bdef102d0bc5d31b2546345219e348575eb80e9a0?s=96&d=mm&r=g","url":"https:\/\/secure.gravatar.com\/avatar\/37d968a2e67a6fd04c169c4bdef102d0bc5d31b2546345219e348575eb80e9a0?s=96&d=mm&r=g","contentUrl":"https:\/\/secure.gravatar.com\/avatar\/37d968a2e67a6fd04c169c4bdef102d0bc5d31b2546345219e348575eb80e9a0?s=96&d=mm&r=g","caption":"redazione"},"sameAs":["http:\/\/www.bellunopress.it","https:\/\/x.com\/bellunopress"],"url":"https:\/\/www.bellunopress.it\/fr\/author\/redazione\/"}]}},"_links":{"self":[{"href":"https:\/\/www.bellunopress.it\/fr\/wp-json\/wp\/v2\/posts\/16986","targetHints":{"allow":["GET"]}}],"collection":[{"href":"https:\/\/www.bellunopress.it\/fr\/wp-json\/wp\/v2\/posts"}],"about":[{"href":"https:\/\/www.bellunopress.it\/fr\/wp-json\/wp\/v2\/types\/post"}],"author":[{"embeddable":true,"href":"https:\/\/www.bellunopress.it\/fr\/wp-json\/wp\/v2\/users\/2"}],"replies":[{"embeddable":true,"href":"https:\/\/www.bellunopress.it\/fr\/wp-json\/wp\/v2\/comments?post=16986"}],"version-history":[{"count":1,"href":"https:\/\/www.bellunopress.it\/fr\/wp-json\/wp\/v2\/posts\/16986\/revisions"}],"predecessor-version":[{"id":16987,"href":"https:\/\/www.bellunopress.it\/fr\/wp-json\/wp\/v2\/posts\/16986\/revisions\/16987"}],"wp:attachment":[{"href":"https:\/\/www.bellunopress.it\/fr\/wp-json\/wp\/v2\/media?parent=16986"}],"wp:term":[{"taxonomy":"category","embeddable":true,"href":"https:\/\/www.bellunopress.it\/fr\/wp-json\/wp\/v2\/categories?post=16986"},{"taxonomy":"post_tag","embeddable":true,"href":"https:\/\/www.bellunopress.it\/fr\/wp-json\/wp\/v2\/tags?post=16986"}],"curies":[{"name":"wp","href":"https:\/\/api.w.org\/{rel}","templated":true}]}}