{"id":169835,"date":"2026-05-06T17:44:21","date_gmt":"2026-05-06T15:44:21","guid":{"rendered":"https:\/\/www.bellunopress.it\/?p=169835"},"modified":"2026-05-06T17:44:21","modified_gmt":"2026-05-06T15:44:21","slug":"al-via-da-lamon-la-strada-del-giro-primo-appuntamento-venerdi-8-maggio","status":"publish","type":"post","link":"https:\/\/www.bellunopress.it\/fr\/2026\/05\/06\/al-via-da-lamon-la-strada-del-giro-primo-appuntamento-venerdi-8-maggio\/","title":{"rendered":"Al via da Lamon \u201cLa Strada del Giro\u201d: primo appuntamento venerd\u00ec 8 maggio"},"content":{"rendered":"<p><em>Feltre, 6 maggio 2026 <\/em>&#8211; Prende il via venerd\u00ec 8 maggio a Lamon il ciclo di eventi \u201cLa Strada del Giro\u201d, il programma di iniziative che accompagner\u00e0 il territorio verso l\u2019arrivo della Corsa Rosa, attesa il prossimo 29 maggio con la partenza da Feltre e l\u2019arrivo ai Piani di Pezz\u00e8 di Alleghe.<\/p>\n<p>Anche Lamon, pur non essendo direttamente toccato dal percorso di tappa, partecipa con entusiasmo al calendario diffuso che valorizza l\u2019intero territorio Feltrino. L\u2019appuntamento \u00e8 fissato alle ore 20 presso il Centro A.M.O. di Lamon con l\u2019incontro dal titolo \u201cOltre il Giro d\u2019Italia, il cicloturismo in Valbelluna\u201d, una serata dedicata alle opportunit\u00e0 del turismo lento e su due ruote.<\/p>\n<p>Interverranno la Fondazione DMO Dolomiti Bellunesi e il Consorzio Dolomiti Prealpi, con il contributo di <em>Fiorenza Favero<\/em>, che presenter\u00e0 le potenzialit\u00e0 dell\u2019app Komoot per la pianificazione di itinerari outdoor. Spazio anche alle esperienze locali con il racconto del Ciclo Palio di Feltre, a cura di <em>Manuel Moz<\/em> e<em> Manuel Sacchet<\/em>, ideatore dell\u2019iniziativa e membro del direttivo dell\u2019Ente Palio.<\/p>\n<p>\u00abSiamo felici di questa iniziativa &#8211; sottolinea Ruben Faoro, presidente della Pro Loco di Lamon &#8211; e collaboriamo con entusiasmo nell\u2019ambito della tappa. Il Giro d\u2019Italia \u00e8 un evento importante per tutto il territorio e anche Lamon c\u2019\u00e8. Il cicloturismo in Valbelluna \u00e8 una realt\u00e0 in forte crescita: il nostro ambiente, tra natura incontaminata, sentieri e strade, si presta perfettamente a questo tipo di turismo. Nelle prossime settimane ospiteremo anche la staffetta in bici della Via Claudia Augusta, ulteriore conferma della vocazione del territorio\u00bb. \u201cLa Strada del Giro\u201d proseguir\u00e0 nelle settimane successive con nuovi appuntamenti diffusi, coinvolgendo comunit\u00e0 e realt\u00e0 locali in vista del grande evento di fine maggio.<\/p>\n<p>&nbsp;<\/p>","protected":false},"excerpt":{"rendered":"<p>Feltre, 6 maggio 2026 &#8211; Prende il via venerd\u00ec 8 maggio a Lamon il ciclo di eventi \u201cLa Strada del Giro\u201d, il programma di iniziative che accompagner\u00e0 il territorio verso l\u2019arrivo della Corsa Rosa, attesa il prossimo 29 maggio con la partenza da Feltre e l\u2019arrivo ai Piani di Pezz\u00e8 di Alleghe. Anche Lamon, pur [&hellip;]<\/p>\n","protected":false},"author":2,"featured_media":169836,"comment_status":"closed","ping_status":"open","sticky":false,"template":"","format":"standard","meta":{"footnotes":""},"categories":[27,4],"tags":[],"class_list":["post-169835","post","type-post","status-publish","format-standard","has-post-thumbnail","category-appuntamenti","category-sport"],"yoast_head":"<!-- This site is optimized with the Yoast SEO plugin v28.4 - https:\/\/yoast.com\/product\/yoast-seo-wordpress\/ -->\n<title>Al via da Lamon \u201cLa Strada del Giro\u201d: primo appuntamento venerd\u00ec 8 maggio - Bellunopress - Dolomiti<\/title>\n<meta name=\"robots\" content=\"index, follow, max-snippet:-1, max-image-preview:large, max-video-preview:-1\" \/>\n<link rel=\"canonical\" href=\"https:\/\/www.bellunopress.it\/fr\/2026\/05\/06\/al-via-da-lamon-la-strada-del-giro-primo-appuntamento-venerdi-8-maggio\/\" \/>\n<meta property=\"og:locale\" content=\"fr_FR\" \/>\n<meta property=\"og:type\" content=\"article\" \/>\n<meta property=\"og:title\" content=\"Al via da Lamon \u201cLa Strada del Giro\u201d: primo appuntamento venerd\u00ec 8 maggio - Bellunopress - Dolomiti\" \/>\n<meta property=\"og:description\" content=\"Feltre, 6 maggio 2026 &#8211; Prende il via venerd\u00ec 8 maggio a Lamon il ciclo di eventi \u201cLa Strada del Giro\u201d, il programma di iniziative che accompagner\u00e0 il territorio verso l\u2019arrivo della Corsa Rosa, attesa il prossimo 29 maggio con la partenza da Feltre e l\u2019arrivo ai Piani di Pezz\u00e8 di Alleghe. Anche Lamon, pur [&hellip;]\" \/>\n<meta property=\"og:url\" content=\"https:\/\/www.bellunopress.it\/fr\/2026\/05\/06\/al-via-da-lamon-la-strada-del-giro-primo-appuntamento-venerdi-8-maggio\/\" \/>\n<meta property=\"og:site_name\" content=\"Bellunopress - Dolomiti\" \/>\n<meta property=\"article:publisher\" content=\"https:\/\/www.facebook.com\/profile.php?id=100008943462799\" \/>\n<meta property=\"article:published_time\" content=\"2026-05-06T15:44:21+00:00\" \/>\n<meta property=\"og:image\" content=\"https:\/\/www.bellunopress.it\/wp-content\/uploads\/2026\/05\/La-strada-del-Giro.jpg\" \/>\n\t<meta property=\"og:image:width\" content=\"434\" \/>\n\t<meta property=\"og:image:height\" content=\"600\" \/>\n\t<meta property=\"og:image:type\" content=\"image\/jpeg\" \/>\n<meta name=\"author\" content=\"redazione\" \/>\n<meta name=\"twitter:card\" content=\"summary_large_image\" \/>\n<meta name=\"twitter:creator\" content=\"@bellunopress\" \/>\n<meta name=\"twitter:site\" content=\"@bellunopress\" \/>\n<meta name=\"twitter:label1\" content=\"Written by\" \/>\n\t<meta name=\"twitter:data1\" content=\"redazione\" \/>\n\t<meta name=\"twitter:label2\" content=\"Est. reading time\" \/>\n\t<meta name=\"twitter:data2\" content=\"2 minutes\" \/>\n<script type=\"application\/ld+json\" class=\"yoast-schema-graph\">{\"@context\":\"https:\\\/\\\/schema.org\",\"@graph\":[{\"@type\":\"Article\",\"@id\":\"https:\\\/\\\/www.bellunopress.it\\\/2026\\\/05\\\/06\\\/al-via-da-lamon-la-strada-del-giro-primo-appuntamento-venerdi-8-maggio\\\/#article\",\"isPartOf\":{\"@id\":\"https:\\\/\\\/www.bellunopress.it\\\/2026\\\/05\\\/06\\\/al-via-da-lamon-la-strada-del-giro-primo-appuntamento-venerdi-8-maggio\\\/\"},\"author\":{\"name\":\"redazione\",\"@id\":\"https:\\\/\\\/www.bellunopress.it\\\/#\\\/schema\\\/person\\\/79bb06722b37ece1c03d3e94beb30d73\"},\"headline\":\"Al via da Lamon \u201cLa Strada del Giro\u201d: primo appuntamento venerd\u00ec 8 maggio\",\"datePublished\":\"2026-05-06T15:44:21+00:00\",\"mainEntityOfPage\":{\"@id\":\"https:\\\/\\\/www.bellunopress.it\\\/2026\\\/05\\\/06\\\/al-via-da-lamon-la-strada-del-giro-primo-appuntamento-venerdi-8-maggio\\\/\"},\"wordCount\":295,\"publisher\":{\"@id\":\"https:\\\/\\\/www.bellunopress.it\\\/#organization\"},\"image\":{\"@id\":\"https:\\\/\\\/www.bellunopress.it\\\/2026\\\/05\\\/06\\\/al-via-da-lamon-la-strada-del-giro-primo-appuntamento-venerdi-8-maggio\\\/#primaryimage\"},\"thumbnailUrl\":\"https:\\\/\\\/www.bellunopress.it\\\/wp-content\\\/uploads\\\/2026\\\/05\\\/La-strada-del-Giro.jpg\",\"articleSection\":[\"Appuntamenti, Eventi\",\"Sport, tempo libero\"],\"inLanguage\":\"fr-FR\"},{\"@type\":\"WebPage\",\"@id\":\"https:\\\/\\\/www.bellunopress.it\\\/2026\\\/05\\\/06\\\/al-via-da-lamon-la-strada-del-giro-primo-appuntamento-venerdi-8-maggio\\\/\",\"url\":\"https:\\\/\\\/www.bellunopress.it\\\/2026\\\/05\\\/06\\\/al-via-da-lamon-la-strada-del-giro-primo-appuntamento-venerdi-8-maggio\\\/\",\"name\":\"Al via da Lamon \u201cLa Strada del Giro\u201d: primo appuntamento venerd\u00ec 8 maggio - Bellunopress - Dolomiti\",\"isPartOf\":{\"@id\":\"https:\\\/\\\/www.bellunopress.it\\\/#website\"},\"primaryImageOfPage\":{\"@id\":\"https:\\\/\\\/www.bellunopress.it\\\/2026\\\/05\\\/06\\\/al-via-da-lamon-la-strada-del-giro-primo-appuntamento-venerdi-8-maggio\\\/#primaryimage\"},\"image\":{\"@id\":\"https:\\\/\\\/www.bellunopress.it\\\/2026\\\/05\\\/06\\\/al-via-da-lamon-la-strada-del-giro-primo-appuntamento-venerdi-8-maggio\\\/#primaryimage\"},\"thumbnailUrl\":\"https:\\\/\\\/www.bellunopress.it\\\/wp-content\\\/uploads\\\/2026\\\/05\\\/La-strada-del-Giro.jpg\",\"datePublished\":\"2026-05-06T15:44:21+00:00\",\"breadcrumb\":{\"@id\":\"https:\\\/\\\/www.bellunopress.it\\\/2026\\\/05\\\/06\\\/al-via-da-lamon-la-strada-del-giro-primo-appuntamento-venerdi-8-maggio\\\/#breadcrumb\"},\"inLanguage\":\"fr-FR\",\"potentialAction\":[{\"@type\":\"ReadAction\",\"target\":[\"https:\\\/\\\/www.bellunopress.it\\\/2026\\\/05\\\/06\\\/al-via-da-lamon-la-strada-del-giro-primo-appuntamento-venerdi-8-maggio\\\/\"]}]},{\"@type\":\"ImageObject\",\"inLanguage\":\"fr-FR\",\"@id\":\"https:\\\/\\\/www.bellunopress.it\\\/2026\\\/05\\\/06\\\/al-via-da-lamon-la-strada-del-giro-primo-appuntamento-venerdi-8-maggio\\\/#primaryimage\",\"url\":\"https:\\\/\\\/www.bellunopress.it\\\/wp-content\\\/uploads\\\/2026\\\/05\\\/La-strada-del-Giro.jpg\",\"contentUrl\":\"https:\\\/\\\/www.bellunopress.it\\\/wp-content\\\/uploads\\\/2026\\\/05\\\/La-strada-del-Giro.jpg\",\"width\":434,\"height\":600},{\"@type\":\"BreadcrumbList\",\"@id\":\"https:\\\/\\\/www.bellunopress.it\\\/2026\\\/05\\\/06\\\/al-via-da-lamon-la-strada-del-giro-primo-appuntamento-venerdi-8-maggio\\\/#breadcrumb\",\"itemListElement\":[{\"@type\":\"ListItem\",\"position\":1,\"name\":\"Home\",\"item\":\"https:\\\/\\\/www.bellunopress.it\\\/\"},{\"@type\":\"ListItem\",\"position\":2,\"name\":\"Al via da Lamon \u201cLa Strada del Giro\u201d: primo appuntamento venerd\u00ec 8 maggio\"}]},{\"@type\":\"WebSite\",\"@id\":\"https:\\\/\\\/www.bellunopress.it\\\/#website\",\"url\":\"https:\\\/\\\/www.bellunopress.it\\\/\",\"name\":\"Bellunopress - Dolomiti\",\"description\":\"e-mail: redazione@bellunopress.it\",\"publisher\":{\"@id\":\"https:\\\/\\\/www.bellunopress.it\\\/#organization\"},\"potentialAction\":[{\"@type\":\"SearchAction\",\"target\":{\"@type\":\"EntryPoint\",\"urlTemplate\":\"https:\\\/\\\/www.bellunopress.it\\\/?s={search_term_string}\"},\"query-input\":{\"@type\":\"PropertyValueSpecification\",\"valueRequired\":true,\"valueName\":\"search_term_string\"}}],\"inLanguage\":\"fr-FR\"},{\"@type\":\"Organization\",\"@id\":\"https:\\\/\\\/www.bellunopress.it\\\/#organization\",\"name\":\"Bellunopress\",\"url\":\"https:\\\/\\\/www.bellunopress.it\\\/\",\"logo\":{\"@type\":\"ImageObject\",\"inLanguage\":\"fr-FR\",\"@id\":\"https:\\\/\\\/www.bellunopress.it\\\/#\\\/schema\\\/logo\\\/image\\\/\",\"url\":\"https:\\\/\\\/www.bellunopress.it\\\/wp-content\\\/uploads\\\/2011\\\/05\\\/cropped-logo-bellunopress-.jpg\",\"contentUrl\":\"https:\\\/\\\/www.bellunopress.it\\\/wp-content\\\/uploads\\\/2011\\\/05\\\/cropped-logo-bellunopress-.jpg\",\"width\":512,\"height\":512,\"caption\":\"Bellunopress\"},\"image\":{\"@id\":\"https:\\\/\\\/www.bellunopress.it\\\/#\\\/schema\\\/logo\\\/image\\\/\"},\"sameAs\":[\"https:\\\/\\\/www.facebook.com\\\/profile.php?id=100008943462799\",\"https:\\\/\\\/x.com\\\/bellunopress\",\"https:\\\/\\\/www.linkedin.com\\\/hp\\\/?dnr=JBzUWaJfMUw8vbXJJ2tVW5-I3jZKvC4wsoxE&amp;amp;amp;amp;amp;amp;trk=nav_responsive_tab_home\",\"https:\\\/\\\/www.youtube.com\\\/channel\\\/UCxL0wu1uN0_3_7hGG0306cw\"]},{\"@type\":\"Person\",\"@id\":\"https:\\\/\\\/www.bellunopress.it\\\/#\\\/schema\\\/person\\\/79bb06722b37ece1c03d3e94beb30d73\",\"name\":\"redazione\",\"image\":{\"@type\":\"ImageObject\",\"inLanguage\":\"fr-FR\",\"@id\":\"https:\\\/\\\/secure.gravatar.com\\\/avatar\\\/37d968a2e67a6fd04c169c4bdef102d0bc5d31b2546345219e348575eb80e9a0?s=96&d=mm&r=g\",\"url\":\"https:\\\/\\\/secure.gravatar.com\\\/avatar\\\/37d968a2e67a6fd04c169c4bdef102d0bc5d31b2546345219e348575eb80e9a0?s=96&d=mm&r=g\",\"contentUrl\":\"https:\\\/\\\/secure.gravatar.com\\\/avatar\\\/37d968a2e67a6fd04c169c4bdef102d0bc5d31b2546345219e348575eb80e9a0?s=96&d=mm&r=g\",\"caption\":\"redazione\"},\"sameAs\":[\"http:\\\/\\\/www.bellunopress.it\",\"https:\\\/\\\/x.com\\\/bellunopress\"],\"url\":\"https:\\\/\\\/www.bellunopress.it\\\/fr\\\/author\\\/redazione\\\/\"}]}<\/script>\n<!-- \/ Yoast SEO plugin. -->","yoast_head_json":{"title":"Al via da Lamon \u201cLa Strada del Giro\u201d: primo appuntamento venerd\u00ec 8 maggio - Bellunopress - Dolomiti","robots":{"index":"index","follow":"follow","max-snippet":"max-snippet:-1","max-image-preview":"max-image-preview:large","max-video-preview":"max-video-preview:-1"},"canonical":"https:\/\/www.bellunopress.it\/fr\/2026\/05\/06\/al-via-da-lamon-la-strada-del-giro-primo-appuntamento-venerdi-8-maggio\/","og_locale":"fr_FR","og_type":"article","og_title":"Al via da Lamon \u201cLa Strada del Giro\u201d: primo appuntamento venerd\u00ec 8 maggio - Bellunopress - Dolomiti","og_description":"Feltre, 6 maggio 2026 &#8211; Prende il via venerd\u00ec 8 maggio a Lamon il ciclo di eventi \u201cLa Strada del Giro\u201d, il programma di iniziative che accompagner\u00e0 il territorio verso l\u2019arrivo della Corsa Rosa, attesa il prossimo 29 maggio con la partenza da Feltre e l\u2019arrivo ai Piani di Pezz\u00e8 di Alleghe. Anche Lamon, pur [&hellip;]","og_url":"https:\/\/www.bellunopress.it\/fr\/2026\/05\/06\/al-via-da-lamon-la-strada-del-giro-primo-appuntamento-venerdi-8-maggio\/","og_site_name":"Bellunopress - Dolomiti","article_publisher":"https:\/\/www.facebook.com\/profile.php?id=100008943462799","article_published_time":"2026-05-06T15:44:21+00:00","og_image":[{"width":434,"height":600,"url":"https:\/\/www.bellunopress.it\/wp-content\/uploads\/2026\/05\/La-strada-del-Giro.jpg","type":"image\/jpeg"}],"author":"redazione","twitter_card":"summary_large_image","twitter_creator":"@bellunopress","twitter_site":"@bellunopress","twitter_misc":{"Written by":"redazione","Est. reading time":"2 minutes"},"schema":{"@context":"https:\/\/schema.org","@graph":[{"@type":"Article","@id":"https:\/\/www.bellunopress.it\/2026\/05\/06\/al-via-da-lamon-la-strada-del-giro-primo-appuntamento-venerdi-8-maggio\/#article","isPartOf":{"@id":"https:\/\/www.bellunopress.it\/2026\/05\/06\/al-via-da-lamon-la-strada-del-giro-primo-appuntamento-venerdi-8-maggio\/"},"author":{"name":"redazione","@id":"https:\/\/www.bellunopress.it\/#\/schema\/person\/79bb06722b37ece1c03d3e94beb30d73"},"headline":"Al via da Lamon \u201cLa Strada del Giro\u201d: primo appuntamento venerd\u00ec 8 maggio","datePublished":"2026-05-06T15:44:21+00:00","mainEntityOfPage":{"@id":"https:\/\/www.bellunopress.it\/2026\/05\/06\/al-via-da-lamon-la-strada-del-giro-primo-appuntamento-venerdi-8-maggio\/"},"wordCount":295,"publisher":{"@id":"https:\/\/www.bellunopress.it\/#organization"},"image":{"@id":"https:\/\/www.bellunopress.it\/2026\/05\/06\/al-via-da-lamon-la-strada-del-giro-primo-appuntamento-venerdi-8-maggio\/#primaryimage"},"thumbnailUrl":"https:\/\/www.bellunopress.it\/wp-content\/uploads\/2026\/05\/La-strada-del-Giro.jpg","articleSection":["Appuntamenti, Eventi","Sport, tempo libero"],"inLanguage":"fr-FR"},{"@type":"WebPage","@id":"https:\/\/www.bellunopress.it\/2026\/05\/06\/al-via-da-lamon-la-strada-del-giro-primo-appuntamento-venerdi-8-maggio\/","url":"https:\/\/www.bellunopress.it\/2026\/05\/06\/al-via-da-lamon-la-strada-del-giro-primo-appuntamento-venerdi-8-maggio\/","name":"Al via da Lamon \u201cLa Strada del Giro\u201d: primo appuntamento venerd\u00ec 8 maggio - Bellunopress - Dolomiti","isPartOf":{"@id":"https:\/\/www.bellunopress.it\/#website"},"primaryImageOfPage":{"@id":"https:\/\/www.bellunopress.it\/2026\/05\/06\/al-via-da-lamon-la-strada-del-giro-primo-appuntamento-venerdi-8-maggio\/#primaryimage"},"image":{"@id":"https:\/\/www.bellunopress.it\/2026\/05\/06\/al-via-da-lamon-la-strada-del-giro-primo-appuntamento-venerdi-8-maggio\/#primaryimage"},"thumbnailUrl":"https:\/\/www.bellunopress.it\/wp-content\/uploads\/2026\/05\/La-strada-del-Giro.jpg","datePublished":"2026-05-06T15:44:21+00:00","breadcrumb":{"@id":"https:\/\/www.bellunopress.it\/2026\/05\/06\/al-via-da-lamon-la-strada-del-giro-primo-appuntamento-venerdi-8-maggio\/#breadcrumb"},"inLanguage":"fr-FR","potentialAction":[{"@type":"ReadAction","target":["https:\/\/www.bellunopress.it\/2026\/05\/06\/al-via-da-lamon-la-strada-del-giro-primo-appuntamento-venerdi-8-maggio\/"]}]},{"@type":"ImageObject","inLanguage":"fr-FR","@id":"https:\/\/www.bellunopress.it\/2026\/05\/06\/al-via-da-lamon-la-strada-del-giro-primo-appuntamento-venerdi-8-maggio\/#primaryimage","url":"https:\/\/www.bellunopress.it\/wp-content\/uploads\/2026\/05\/La-strada-del-Giro.jpg","contentUrl":"https:\/\/www.bellunopress.it\/wp-content\/uploads\/2026\/05\/La-strada-del-Giro.jpg","width":434,"height":600},{"@type":"BreadcrumbList","@id":"https:\/\/www.bellunopress.it\/2026\/05\/06\/al-via-da-lamon-la-strada-del-giro-primo-appuntamento-venerdi-8-maggio\/#breadcrumb","itemListElement":[{"@type":"ListItem","position":1,"name":"Home","item":"https:\/\/www.bellunopress.it\/"},{"@type":"ListItem","position":2,"name":"Al via da Lamon \u201cLa Strada del Giro\u201d: primo appuntamento venerd\u00ec 8 maggio"}]},{"@type":"WebSite","@id":"https:\/\/www.bellunopress.it\/#website","url":"https:\/\/www.bellunopress.it\/","name":"Bellunopress - Dolomiti","description":"e-mail: redazione@bellunopress.it","publisher":{"@id":"https:\/\/www.bellunopress.it\/#organization"},"potentialAction":[{"@type":"SearchAction","target":{"@type":"EntryPoint","urlTemplate":"https:\/\/www.bellunopress.it\/?s={search_term_string}"},"query-input":{"@type":"PropertyValueSpecification","valueRequired":true,"valueName":"search_term_string"}}],"inLanguage":"fr-FR"},{"@type":"Organization","@id":"https:\/\/www.bellunopress.it\/#organization","name":"Bellunopress","url":"https:\/\/www.bellunopress.it\/","logo":{"@type":"ImageObject","inLanguage":"fr-FR","@id":"https:\/\/www.bellunopress.it\/#\/schema\/logo\/image\/","url":"https:\/\/www.bellunopress.it\/wp-content\/uploads\/2011\/05\/cropped-logo-bellunopress-.jpg","contentUrl":"https:\/\/www.bellunopress.it\/wp-content\/uploads\/2011\/05\/cropped-logo-bellunopress-.jpg","width":512,"height":512,"caption":"Bellunopress"},"image":{"@id":"https:\/\/www.bellunopress.it\/#\/schema\/logo\/image\/"},"sameAs":["https:\/\/www.facebook.com\/profile.php?id=100008943462799","https:\/\/x.com\/bellunopress","https:\/\/www.linkedin.com\/hp\/?dnr=JBzUWaJfMUw8vbXJJ2tVW5-I3jZKvC4wsoxE&amp;amp;amp;amp;amp;amp;trk=nav_responsive_tab_home","https:\/\/www.youtube.com\/channel\/UCxL0wu1uN0_3_7hGG0306cw"]},{"@type":"Person","@id":"https:\/\/www.bellunopress.it\/#\/schema\/person\/79bb06722b37ece1c03d3e94beb30d73","name":"r\u00e9daction","image":{"@type":"ImageObject","inLanguage":"fr-FR","@id":"https:\/\/secure.gravatar.com\/avatar\/37d968a2e67a6fd04c169c4bdef102d0bc5d31b2546345219e348575eb80e9a0?s=96&d=mm&r=g","url":"https:\/\/secure.gravatar.com\/avatar\/37d968a2e67a6fd04c169c4bdef102d0bc5d31b2546345219e348575eb80e9a0?s=96&d=mm&r=g","contentUrl":"https:\/\/secure.gravatar.com\/avatar\/37d968a2e67a6fd04c169c4bdef102d0bc5d31b2546345219e348575eb80e9a0?s=96&d=mm&r=g","caption":"redazione"},"sameAs":["http:\/\/www.bellunopress.it","https:\/\/x.com\/bellunopress"],"url":"https:\/\/www.bellunopress.it\/fr\/author\/redazione\/"}]}},"_links":{"self":[{"href":"https:\/\/www.bellunopress.it\/fr\/wp-json\/wp\/v2\/posts\/169835","targetHints":{"allow":["GET"]}}],"collection":[{"href":"https:\/\/www.bellunopress.it\/fr\/wp-json\/wp\/v2\/posts"}],"about":[{"href":"https:\/\/www.bellunopress.it\/fr\/wp-json\/wp\/v2\/types\/post"}],"author":[{"embeddable":true,"href":"https:\/\/www.bellunopress.it\/fr\/wp-json\/wp\/v2\/users\/2"}],"replies":[{"embeddable":true,"href":"https:\/\/www.bellunopress.it\/fr\/wp-json\/wp\/v2\/comments?post=169835"}],"version-history":[{"count":1,"href":"https:\/\/www.bellunopress.it\/fr\/wp-json\/wp\/v2\/posts\/169835\/revisions"}],"predecessor-version":[{"id":169837,"href":"https:\/\/www.bellunopress.it\/fr\/wp-json\/wp\/v2\/posts\/169835\/revisions\/169837"}],"wp:featuredmedia":[{"embeddable":true,"href":"https:\/\/www.bellunopress.it\/fr\/wp-json\/wp\/v2\/media\/169836"}],"wp:attachment":[{"href":"https:\/\/www.bellunopress.it\/fr\/wp-json\/wp\/v2\/media?parent=169835"}],"wp:term":[{"taxonomy":"category","embeddable":true,"href":"https:\/\/www.bellunopress.it\/fr\/wp-json\/wp\/v2\/categories?post=169835"},{"taxonomy":"post_tag","embeddable":true,"href":"https:\/\/www.bellunopress.it\/fr\/wp-json\/wp\/v2\/tags?post=169835"}],"curies":[{"name":"wp","href":"https:\/\/api.w.org\/{rel}","templated":true}]}}