{"id":169832,"date":"2026-05-06T17:22:15","date_gmt":"2026-05-06T15:22:15","guid":{"rendered":"https:\/\/www.bellunopress.it\/?p=169832"},"modified":"2026-05-06T17:22:15","modified_gmt":"2026-05-06T15:22:15","slug":"inaugurata-la-nuova-casa-da-parto-al-reparto-ostetricia-di-feltre","status":"publish","type":"post","link":"https:\/\/www.bellunopress.it\/fr\/2026\/05\/06\/inaugurata-la-nuova-casa-da-parto-al-reparto-ostetricia-di-feltre\/","title":{"rendered":"Inaugurata la nuova &#8220;Casa da Parto&#8221; al Reparto Ostetricia di Feltre"},"content":{"rendered":"<p><strong>Un modello di umanizzazione e sicurezza nel percorso nascita<\/strong><\/p>\n<p>Feltre, 6 maggio 2026 &#8211; Oggi \u00e8 stata ufficialmente attivata la Casa da Parto all&#8217;interno dell&#8217;U.O.C. di Ostetricia e Ginecologia di Feltre. Pi\u00f9 che un locale fisico, la casa da parto \u00e8 un modello organizzativo che prevede la gestione della gravidanza a basso rischio da parte delle ostetriche, preservando la naturalit\u00e0 del percorso nascita, ma con la sicurezza dell&#8217;ambito ospedaliero.<\/p>\n<p>Il modello si regge su tre pilastri fondamentali: l&#8217;umanizzazione dell&#8217;evento nascita, il rispetto della fisiologia e una continuit\u00e0 assistenziale che non lascia mai sola la donna. L&#8217;obiettivo \u00e8 offrire un&#8217;esperienza trasformativa che restituisca centralit\u00e0 alla famiglia, integrando il calore di un ambiente domestico con la protezione della struttura ospedaliera ospedaliera.<\/p>\n<p><strong>IL MODELLO ASSISTENZIALE: AUTONOMIA OSTETRICA E SICUREZZA INTEGRATA<\/strong><\/p>\n<p>La Casa da Parto \u00e8 un&#8217;Area Funzionale BRO (Basso Rischio Ostetrico) gestita in autonomia da un team di ostetriche, selezionate per la loro esperienza quinquennale e con formazione continua nella gestione delle urgenze. Le caratteristiche distintive del servizio includono:<\/p>\n<p>Autonomia Professionale: Gestione ostetrica completa e personalizzata del ciclo della gravidanza, del parto e del puerperio.<br \/>\nSicurezza e Supervisione: La struttura opera sotto supervisione specialistica ed \u00e8 situata in immediata contiguit\u00e0 con il punto nascita tradizionale. Questa vicinanza garantisce un &#8220;paracadute&#8221; clinico per trasferimenti immediati e interventi medici rapidi in caso di deviazioni dalla fisiologia.<br \/>\nEquit\u00e0 e Accesso: Coerentemente con i valori del Servizio Sanitario Nazionale, l&#8217;assistenza \u00e8 interamente gratuita e accessibile a tutte le donne che rientrano nei criteri di basso rischio.<\/p>\n<p><strong>GLI SPAZI: IL CALORE DOMESTICO E LA FILOSOFIA &#8220;ZERO SEPARATION&#8221;<\/strong><\/p>\n<p>Gli ambienti della Casa da Parto sono stati progettati non come reparti, ma come luoghi di accoglienza pensati per favorire il benessere della triade (mamma-pap\u00e0-bimbo). La struttura offre:<\/p>\n<p>Una moderna vasca per il travaglio e il parto in acqua, per favorire il contenimento naturale del dolore e il rilassamento profondo.<br \/>\nLa &#8220;Family Room&#8221;, dove l&#8217;atmosfera domestica \u00e8 rafforzata dalla presenza di un letto dedicato al partner, per non interrompere mai il sostegno affettivo e dotata di metodi naturali di gestione del dolore, con suoni, odori e colori.<br \/>\nL&#8217;impegno verso la &#8220;Zero Separation&#8221;: una filosofia assistenziale che tutela il legame familiare fin dal primo secondo di vita, garantendo che il neonato resti costantemente a contatto con i genitori<\/p>\n<p><strong>IL PERCORSO DELLA DONNA: UN VIAGGIO ACCOMPAGNATO<\/strong><\/p>\n<p>L&#8217;assistenza \u00e8 strutturata come un viaggio dinamico, dove la sicurezza \u00e8 garantita da protocolli di screening rigorosi:<\/p>\n<p>7\u00aa Settimana: Ingresso nel percorso BRO e presa in carico globale.<br \/>\nBilanci Mensili: Controlli regolari di salute condotti dall&#8217;ostetrica di riferimento.<br \/>\n34\u00aa Settimana: Rivalutazione dinamica del rischio. Questo passaggio rappresenta il principale baluardo di sicurezza, confermando attraverso check-list condivise che solo le gravidanze pienamente fisiologiche proseguano nella Casa da Parto.<br \/>\nRicovero: Assistenza continua 1:1 durante il travaglio e il parto (una mamma seguita da una ostetrica dedicata)<br \/>\nPuerperio: Continuit\u00e0 assistenziale post-parto per sostenere la nuova famiglia nel ritorno a casa.<br \/>\nPer informazioni le mamme possono scrivere a ostetriciaginecologia.fe@aulss1.veneto.it<\/p>","protected":false},"excerpt":{"rendered":"<p>Un modello di umanizzazione e sicurezza nel percorso nascita Feltre, 6 maggio 2026 &#8211; Oggi \u00e8 stata ufficialmente attivata la Casa da Parto all&#8217;interno dell&#8217;U.O.C. di Ostetricia e Ginecologia di Feltre. Pi\u00f9 che un locale fisico, la casa da parto \u00e8 un modello organizzativo che prevede la gestione della gravidanza a basso rischio da parte [&hellip;]<\/p>\n","protected":false},"author":2,"featured_media":169833,"comment_status":"closed","ping_status":"open","sticky":false,"template":"","format":"standard","meta":{"footnotes":""},"categories":[26,17],"tags":[],"class_list":["post-169832","post","type-post","status-publish","format-standard","has-post-thumbnail","category-prima-pagina","category-sanita"],"yoast_head":"<!-- This site is optimized with the Yoast SEO plugin v28.4 - https:\/\/yoast.com\/product\/yoast-seo-wordpress\/ -->\n<title>Inaugurata la nuova &quot;Casa da Parto&quot; al Reparto Ostetricia di Feltre - Bellunopress - Dolomiti<\/title>\n<meta name=\"robots\" content=\"index, follow, max-snippet:-1, max-image-preview:large, max-video-preview:-1\" \/>\n<link rel=\"canonical\" href=\"https:\/\/www.bellunopress.it\/fr\/2026\/05\/06\/inaugurata-la-nuova-casa-da-parto-al-reparto-ostetricia-di-feltre\/\" \/>\n<meta property=\"og:locale\" content=\"fr_FR\" \/>\n<meta property=\"og:type\" content=\"article\" \/>\n<meta property=\"og:title\" content=\"Inaugurata la nuova &quot;Casa da Parto&quot; al Reparto Ostetricia di Feltre - Bellunopress - Dolomiti\" \/>\n<meta property=\"og:description\" content=\"Un modello di umanizzazione e sicurezza nel percorso nascita Feltre, 6 maggio 2026 &#8211; Oggi \u00e8 stata ufficialmente attivata la Casa da Parto all&#8217;interno dell&#8217;U.O.C. di Ostetricia e Ginecologia di Feltre. Pi\u00f9 che un locale fisico, la casa da parto \u00e8 un modello organizzativo che prevede la gestione della gravidanza a basso rischio da parte [&hellip;]\" \/>\n<meta property=\"og:url\" content=\"https:\/\/www.bellunopress.it\/fr\/2026\/05\/06\/inaugurata-la-nuova-casa-da-parto-al-reparto-ostetricia-di-feltre\/\" \/>\n<meta property=\"og:site_name\" content=\"Bellunopress - Dolomiti\" \/>\n<meta property=\"article:publisher\" content=\"https:\/\/www.facebook.com\/profile.php?id=100008943462799\" \/>\n<meta property=\"article:published_time\" content=\"2026-05-06T15:22:15+00:00\" \/>\n<meta property=\"og:image\" content=\"https:\/\/www.bellunopress.it\/wp-content\/uploads\/2026\/05\/La-casa-del-parto-Ostetricia-Feltre.jpeg\" \/>\n\t<meta property=\"og:image:width\" content=\"500\" \/>\n\t<meta property=\"og:image:height\" content=\"375\" \/>\n\t<meta property=\"og:image:type\" content=\"image\/jpeg\" \/>\n<meta name=\"author\" content=\"redazione\" \/>\n<meta name=\"twitter:card\" content=\"summary_large_image\" \/>\n<meta name=\"twitter:creator\" content=\"@bellunopress\" \/>\n<meta name=\"twitter:site\" content=\"@bellunopress\" \/>\n<meta name=\"twitter:label1\" content=\"Written by\" \/>\n\t<meta name=\"twitter:data1\" content=\"redazione\" \/>\n\t<meta name=\"twitter:label2\" content=\"Est. reading time\" \/>\n\t<meta name=\"twitter:data2\" content=\"3 minutes\" \/>\n<script type=\"application\/ld+json\" class=\"yoast-schema-graph\">{\"@context\":\"https:\\\/\\\/schema.org\",\"@graph\":[{\"@type\":\"Article\",\"@id\":\"https:\\\/\\\/www.bellunopress.it\\\/2026\\\/05\\\/06\\\/inaugurata-la-nuova-casa-da-parto-al-reparto-ostetricia-di-feltre\\\/#article\",\"isPartOf\":{\"@id\":\"https:\\\/\\\/www.bellunopress.it\\\/2026\\\/05\\\/06\\\/inaugurata-la-nuova-casa-da-parto-al-reparto-ostetricia-di-feltre\\\/\"},\"author\":{\"name\":\"redazione\",\"@id\":\"https:\\\/\\\/www.bellunopress.it\\\/#\\\/schema\\\/person\\\/79bb06722b37ece1c03d3e94beb30d73\"},\"headline\":\"Inaugurata la nuova &#8220;Casa da Parto&#8221; al Reparto Ostetricia di Feltre\",\"datePublished\":\"2026-05-06T15:22:15+00:00\",\"mainEntityOfPage\":{\"@id\":\"https:\\\/\\\/www.bellunopress.it\\\/2026\\\/05\\\/06\\\/inaugurata-la-nuova-casa-da-parto-al-reparto-ostetricia-di-feltre\\\/\"},\"wordCount\":505,\"publisher\":{\"@id\":\"https:\\\/\\\/www.bellunopress.it\\\/#organization\"},\"image\":{\"@id\":\"https:\\\/\\\/www.bellunopress.it\\\/2026\\\/05\\\/06\\\/inaugurata-la-nuova-casa-da-parto-al-reparto-ostetricia-di-feltre\\\/#primaryimage\"},\"thumbnailUrl\":\"https:\\\/\\\/www.bellunopress.it\\\/wp-content\\\/uploads\\\/2026\\\/05\\\/La-casa-del-parto-Ostetricia-Feltre.jpeg\",\"articleSection\":[\"Prima Pagina\",\"Sanit\u00e0 Medicina\"],\"inLanguage\":\"fr-FR\"},{\"@type\":\"WebPage\",\"@id\":\"https:\\\/\\\/www.bellunopress.it\\\/2026\\\/05\\\/06\\\/inaugurata-la-nuova-casa-da-parto-al-reparto-ostetricia-di-feltre\\\/\",\"url\":\"https:\\\/\\\/www.bellunopress.it\\\/2026\\\/05\\\/06\\\/inaugurata-la-nuova-casa-da-parto-al-reparto-ostetricia-di-feltre\\\/\",\"name\":\"Inaugurata la nuova \\\"Casa da Parto\\\" al Reparto Ostetricia di Feltre - Bellunopress - Dolomiti\",\"isPartOf\":{\"@id\":\"https:\\\/\\\/www.bellunopress.it\\\/#website\"},\"primaryImageOfPage\":{\"@id\":\"https:\\\/\\\/www.bellunopress.it\\\/2026\\\/05\\\/06\\\/inaugurata-la-nuova-casa-da-parto-al-reparto-ostetricia-di-feltre\\\/#primaryimage\"},\"image\":{\"@id\":\"https:\\\/\\\/www.bellunopress.it\\\/2026\\\/05\\\/06\\\/inaugurata-la-nuova-casa-da-parto-al-reparto-ostetricia-di-feltre\\\/#primaryimage\"},\"thumbnailUrl\":\"https:\\\/\\\/www.bellunopress.it\\\/wp-content\\\/uploads\\\/2026\\\/05\\\/La-casa-del-parto-Ostetricia-Feltre.jpeg\",\"datePublished\":\"2026-05-06T15:22:15+00:00\",\"breadcrumb\":{\"@id\":\"https:\\\/\\\/www.bellunopress.it\\\/2026\\\/05\\\/06\\\/inaugurata-la-nuova-casa-da-parto-al-reparto-ostetricia-di-feltre\\\/#breadcrumb\"},\"inLanguage\":\"fr-FR\",\"potentialAction\":[{\"@type\":\"ReadAction\",\"target\":[\"https:\\\/\\\/www.bellunopress.it\\\/2026\\\/05\\\/06\\\/inaugurata-la-nuova-casa-da-parto-al-reparto-ostetricia-di-feltre\\\/\"]}]},{\"@type\":\"ImageObject\",\"inLanguage\":\"fr-FR\",\"@id\":\"https:\\\/\\\/www.bellunopress.it\\\/2026\\\/05\\\/06\\\/inaugurata-la-nuova-casa-da-parto-al-reparto-ostetricia-di-feltre\\\/#primaryimage\",\"url\":\"https:\\\/\\\/www.bellunopress.it\\\/wp-content\\\/uploads\\\/2026\\\/05\\\/La-casa-del-parto-Ostetricia-Feltre.jpeg\",\"contentUrl\":\"https:\\\/\\\/www.bellunopress.it\\\/wp-content\\\/uploads\\\/2026\\\/05\\\/La-casa-del-parto-Ostetricia-Feltre.jpeg\",\"width\":500,\"height\":375,\"caption\":\"La Casa del parto, Reparto Ostetricia dell'Ospedale di Feltre\"},{\"@type\":\"BreadcrumbList\",\"@id\":\"https:\\\/\\\/www.bellunopress.it\\\/2026\\\/05\\\/06\\\/inaugurata-la-nuova-casa-da-parto-al-reparto-ostetricia-di-feltre\\\/#breadcrumb\",\"itemListElement\":[{\"@type\":\"ListItem\",\"position\":1,\"name\":\"Home\",\"item\":\"https:\\\/\\\/www.bellunopress.it\\\/\"},{\"@type\":\"ListItem\",\"position\":2,\"name\":\"Inaugurata la nuova &#8220;Casa da Parto&#8221; al Reparto Ostetricia di Feltre\"}]},{\"@type\":\"WebSite\",\"@id\":\"https:\\\/\\\/www.bellunopress.it\\\/#website\",\"url\":\"https:\\\/\\\/www.bellunopress.it\\\/\",\"name\":\"Bellunopress - Dolomiti\",\"description\":\"e-mail: redazione@bellunopress.it\",\"publisher\":{\"@id\":\"https:\\\/\\\/www.bellunopress.it\\\/#organization\"},\"potentialAction\":[{\"@type\":\"SearchAction\",\"target\":{\"@type\":\"EntryPoint\",\"urlTemplate\":\"https:\\\/\\\/www.bellunopress.it\\\/?s={search_term_string}\"},\"query-input\":{\"@type\":\"PropertyValueSpecification\",\"valueRequired\":true,\"valueName\":\"search_term_string\"}}],\"inLanguage\":\"fr-FR\"},{\"@type\":\"Organization\",\"@id\":\"https:\\\/\\\/www.bellunopress.it\\\/#organization\",\"name\":\"Bellunopress\",\"url\":\"https:\\\/\\\/www.bellunopress.it\\\/\",\"logo\":{\"@type\":\"ImageObject\",\"inLanguage\":\"fr-FR\",\"@id\":\"https:\\\/\\\/www.bellunopress.it\\\/#\\\/schema\\\/logo\\\/image\\\/\",\"url\":\"https:\\\/\\\/www.bellunopress.it\\\/wp-content\\\/uploads\\\/2011\\\/05\\\/cropped-logo-bellunopress-.jpg\",\"contentUrl\":\"https:\\\/\\\/www.bellunopress.it\\\/wp-content\\\/uploads\\\/2011\\\/05\\\/cropped-logo-bellunopress-.jpg\",\"width\":512,\"height\":512,\"caption\":\"Bellunopress\"},\"image\":{\"@id\":\"https:\\\/\\\/www.bellunopress.it\\\/#\\\/schema\\\/logo\\\/image\\\/\"},\"sameAs\":[\"https:\\\/\\\/www.facebook.com\\\/profile.php?id=100008943462799\",\"https:\\\/\\\/x.com\\\/bellunopress\",\"https:\\\/\\\/www.linkedin.com\\\/hp\\\/?dnr=JBzUWaJfMUw8vbXJJ2tVW5-I3jZKvC4wsoxE&amp;amp;amp;amp;amp;amp;trk=nav_responsive_tab_home\",\"https:\\\/\\\/www.youtube.com\\\/channel\\\/UCxL0wu1uN0_3_7hGG0306cw\"]},{\"@type\":\"Person\",\"@id\":\"https:\\\/\\\/www.bellunopress.it\\\/#\\\/schema\\\/person\\\/79bb06722b37ece1c03d3e94beb30d73\",\"name\":\"redazione\",\"image\":{\"@type\":\"ImageObject\",\"inLanguage\":\"fr-FR\",\"@id\":\"https:\\\/\\\/secure.gravatar.com\\\/avatar\\\/37d968a2e67a6fd04c169c4bdef102d0bc5d31b2546345219e348575eb80e9a0?s=96&d=mm&r=g\",\"url\":\"https:\\\/\\\/secure.gravatar.com\\\/avatar\\\/37d968a2e67a6fd04c169c4bdef102d0bc5d31b2546345219e348575eb80e9a0?s=96&d=mm&r=g\",\"contentUrl\":\"https:\\\/\\\/secure.gravatar.com\\\/avatar\\\/37d968a2e67a6fd04c169c4bdef102d0bc5d31b2546345219e348575eb80e9a0?s=96&d=mm&r=g\",\"caption\":\"redazione\"},\"sameAs\":[\"http:\\\/\\\/www.bellunopress.it\",\"https:\\\/\\\/x.com\\\/bellunopress\"],\"url\":\"https:\\\/\\\/www.bellunopress.it\\\/fr\\\/author\\\/redazione\\\/\"}]}<\/script>\n<!-- \/ Yoast SEO plugin. -->","yoast_head_json":{"title":"Inaugurata la nuova \"Casa da Parto\" al Reparto Ostetricia di Feltre - Bellunopress - Dolomiti","robots":{"index":"index","follow":"follow","max-snippet":"max-snippet:-1","max-image-preview":"max-image-preview:large","max-video-preview":"max-video-preview:-1"},"canonical":"https:\/\/www.bellunopress.it\/fr\/2026\/05\/06\/inaugurata-la-nuova-casa-da-parto-al-reparto-ostetricia-di-feltre\/","og_locale":"fr_FR","og_type":"article","og_title":"Inaugurata la nuova \"Casa da Parto\" al Reparto Ostetricia di Feltre - Bellunopress - Dolomiti","og_description":"Un modello di umanizzazione e sicurezza nel percorso nascita Feltre, 6 maggio 2026 &#8211; Oggi \u00e8 stata ufficialmente attivata la Casa da Parto all&#8217;interno dell&#8217;U.O.C. di Ostetricia e Ginecologia di Feltre. Pi\u00f9 che un locale fisico, la casa da parto \u00e8 un modello organizzativo che prevede la gestione della gravidanza a basso rischio da parte [&hellip;]","og_url":"https:\/\/www.bellunopress.it\/fr\/2026\/05\/06\/inaugurata-la-nuova-casa-da-parto-al-reparto-ostetricia-di-feltre\/","og_site_name":"Bellunopress - Dolomiti","article_publisher":"https:\/\/www.facebook.com\/profile.php?id=100008943462799","article_published_time":"2026-05-06T15:22:15+00:00","og_image":[{"width":500,"height":375,"url":"https:\/\/www.bellunopress.it\/wp-content\/uploads\/2026\/05\/La-casa-del-parto-Ostetricia-Feltre.jpeg","type":"image\/jpeg"}],"author":"redazione","twitter_card":"summary_large_image","twitter_creator":"@bellunopress","twitter_site":"@bellunopress","twitter_misc":{"Written by":"redazione","Est. reading time":"3 minutes"},"schema":{"@context":"https:\/\/schema.org","@graph":[{"@type":"Article","@id":"https:\/\/www.bellunopress.it\/2026\/05\/06\/inaugurata-la-nuova-casa-da-parto-al-reparto-ostetricia-di-feltre\/#article","isPartOf":{"@id":"https:\/\/www.bellunopress.it\/2026\/05\/06\/inaugurata-la-nuova-casa-da-parto-al-reparto-ostetricia-di-feltre\/"},"author":{"name":"redazione","@id":"https:\/\/www.bellunopress.it\/#\/schema\/person\/79bb06722b37ece1c03d3e94beb30d73"},"headline":"Inaugurata la nuova &#8220;Casa da Parto&#8221; al Reparto Ostetricia di Feltre","datePublished":"2026-05-06T15:22:15+00:00","mainEntityOfPage":{"@id":"https:\/\/www.bellunopress.it\/2026\/05\/06\/inaugurata-la-nuova-casa-da-parto-al-reparto-ostetricia-di-feltre\/"},"wordCount":505,"publisher":{"@id":"https:\/\/www.bellunopress.it\/#organization"},"image":{"@id":"https:\/\/www.bellunopress.it\/2026\/05\/06\/inaugurata-la-nuova-casa-da-parto-al-reparto-ostetricia-di-feltre\/#primaryimage"},"thumbnailUrl":"https:\/\/www.bellunopress.it\/wp-content\/uploads\/2026\/05\/La-casa-del-parto-Ostetricia-Feltre.jpeg","articleSection":["Prima Pagina","Sanit\u00e0 Medicina"],"inLanguage":"fr-FR"},{"@type":"WebPage","@id":"https:\/\/www.bellunopress.it\/2026\/05\/06\/inaugurata-la-nuova-casa-da-parto-al-reparto-ostetricia-di-feltre\/","url":"https:\/\/www.bellunopress.it\/2026\/05\/06\/inaugurata-la-nuova-casa-da-parto-al-reparto-ostetricia-di-feltre\/","name":"Inaugurata la nuova \"Casa da Parto\" al Reparto Ostetricia di Feltre - Bellunopress - Dolomiti","isPartOf":{"@id":"https:\/\/www.bellunopress.it\/#website"},"primaryImageOfPage":{"@id":"https:\/\/www.bellunopress.it\/2026\/05\/06\/inaugurata-la-nuova-casa-da-parto-al-reparto-ostetricia-di-feltre\/#primaryimage"},"image":{"@id":"https:\/\/www.bellunopress.it\/2026\/05\/06\/inaugurata-la-nuova-casa-da-parto-al-reparto-ostetricia-di-feltre\/#primaryimage"},"thumbnailUrl":"https:\/\/www.bellunopress.it\/wp-content\/uploads\/2026\/05\/La-casa-del-parto-Ostetricia-Feltre.jpeg","datePublished":"2026-05-06T15:22:15+00:00","breadcrumb":{"@id":"https:\/\/www.bellunopress.it\/2026\/05\/06\/inaugurata-la-nuova-casa-da-parto-al-reparto-ostetricia-di-feltre\/#breadcrumb"},"inLanguage":"fr-FR","potentialAction":[{"@type":"ReadAction","target":["https:\/\/www.bellunopress.it\/2026\/05\/06\/inaugurata-la-nuova-casa-da-parto-al-reparto-ostetricia-di-feltre\/"]}]},{"@type":"ImageObject","inLanguage":"fr-FR","@id":"https:\/\/www.bellunopress.it\/2026\/05\/06\/inaugurata-la-nuova-casa-da-parto-al-reparto-ostetricia-di-feltre\/#primaryimage","url":"https:\/\/www.bellunopress.it\/wp-content\/uploads\/2026\/05\/La-casa-del-parto-Ostetricia-Feltre.jpeg","contentUrl":"https:\/\/www.bellunopress.it\/wp-content\/uploads\/2026\/05\/La-casa-del-parto-Ostetricia-Feltre.jpeg","width":500,"height":375,"caption":"La Casa del parto, Reparto Ostetricia dell'Ospedale di Feltre"},{"@type":"BreadcrumbList","@id":"https:\/\/www.bellunopress.it\/2026\/05\/06\/inaugurata-la-nuova-casa-da-parto-al-reparto-ostetricia-di-feltre\/#breadcrumb","itemListElement":[{"@type":"ListItem","position":1,"name":"Home","item":"https:\/\/www.bellunopress.it\/"},{"@type":"ListItem","position":2,"name":"Inaugurata la nuova &#8220;Casa da Parto&#8221; al Reparto Ostetricia di Feltre"}]},{"@type":"WebSite","@id":"https:\/\/www.bellunopress.it\/#website","url":"https:\/\/www.bellunopress.it\/","name":"Bellunopress - Dolomiti","description":"e-mail: redazione@bellunopress.it","publisher":{"@id":"https:\/\/www.bellunopress.it\/#organization"},"potentialAction":[{"@type":"SearchAction","target":{"@type":"EntryPoint","urlTemplate":"https:\/\/www.bellunopress.it\/?s={search_term_string}"},"query-input":{"@type":"PropertyValueSpecification","valueRequired":true,"valueName":"search_term_string"}}],"inLanguage":"fr-FR"},{"@type":"Organization","@id":"https:\/\/www.bellunopress.it\/#organization","name":"Bellunopress","url":"https:\/\/www.bellunopress.it\/","logo":{"@type":"ImageObject","inLanguage":"fr-FR","@id":"https:\/\/www.bellunopress.it\/#\/schema\/logo\/image\/","url":"https:\/\/www.bellunopress.it\/wp-content\/uploads\/2011\/05\/cropped-logo-bellunopress-.jpg","contentUrl":"https:\/\/www.bellunopress.it\/wp-content\/uploads\/2011\/05\/cropped-logo-bellunopress-.jpg","width":512,"height":512,"caption":"Bellunopress"},"image":{"@id":"https:\/\/www.bellunopress.it\/#\/schema\/logo\/image\/"},"sameAs":["https:\/\/www.facebook.com\/profile.php?id=100008943462799","https:\/\/x.com\/bellunopress","https:\/\/www.linkedin.com\/hp\/?dnr=JBzUWaJfMUw8vbXJJ2tVW5-I3jZKvC4wsoxE&amp;amp;amp;amp;amp;amp;trk=nav_responsive_tab_home","https:\/\/www.youtube.com\/channel\/UCxL0wu1uN0_3_7hGG0306cw"]},{"@type":"Person","@id":"https:\/\/www.bellunopress.it\/#\/schema\/person\/79bb06722b37ece1c03d3e94beb30d73","name":"r\u00e9daction","image":{"@type":"ImageObject","inLanguage":"fr-FR","@id":"https:\/\/secure.gravatar.com\/avatar\/37d968a2e67a6fd04c169c4bdef102d0bc5d31b2546345219e348575eb80e9a0?s=96&d=mm&r=g","url":"https:\/\/secure.gravatar.com\/avatar\/37d968a2e67a6fd04c169c4bdef102d0bc5d31b2546345219e348575eb80e9a0?s=96&d=mm&r=g","contentUrl":"https:\/\/secure.gravatar.com\/avatar\/37d968a2e67a6fd04c169c4bdef102d0bc5d31b2546345219e348575eb80e9a0?s=96&d=mm&r=g","caption":"redazione"},"sameAs":["http:\/\/www.bellunopress.it","https:\/\/x.com\/bellunopress"],"url":"https:\/\/www.bellunopress.it\/fr\/author\/redazione\/"}]}},"_links":{"self":[{"href":"https:\/\/www.bellunopress.it\/fr\/wp-json\/wp\/v2\/posts\/169832","targetHints":{"allow":["GET"]}}],"collection":[{"href":"https:\/\/www.bellunopress.it\/fr\/wp-json\/wp\/v2\/posts"}],"about":[{"href":"https:\/\/www.bellunopress.it\/fr\/wp-json\/wp\/v2\/types\/post"}],"author":[{"embeddable":true,"href":"https:\/\/www.bellunopress.it\/fr\/wp-json\/wp\/v2\/users\/2"}],"replies":[{"embeddable":true,"href":"https:\/\/www.bellunopress.it\/fr\/wp-json\/wp\/v2\/comments?post=169832"}],"version-history":[{"count":1,"href":"https:\/\/www.bellunopress.it\/fr\/wp-json\/wp\/v2\/posts\/169832\/revisions"}],"predecessor-version":[{"id":169834,"href":"https:\/\/www.bellunopress.it\/fr\/wp-json\/wp\/v2\/posts\/169832\/revisions\/169834"}],"wp:featuredmedia":[{"embeddable":true,"href":"https:\/\/www.bellunopress.it\/fr\/wp-json\/wp\/v2\/media\/169833"}],"wp:attachment":[{"href":"https:\/\/www.bellunopress.it\/fr\/wp-json\/wp\/v2\/media?parent=169832"}],"wp:term":[{"taxonomy":"category","embeddable":true,"href":"https:\/\/www.bellunopress.it\/fr\/wp-json\/wp\/v2\/categories?post=169832"},{"taxonomy":"post_tag","embeddable":true,"href":"https:\/\/www.bellunopress.it\/fr\/wp-json\/wp\/v2\/tags?post=169832"}],"curies":[{"name":"wp","href":"https:\/\/api.w.org\/{rel}","templated":true}]}}